{"id":22460,"date":"2023-02-08T15:34:26","date_gmt":"2023-02-08T15:34:26","guid":{"rendered":"https:\/\/cvinoticias.com\/v3\/?p=22460"},"modified":"2023-02-08T15:34:26","modified_gmt":"2023-02-08T15:34:26","slug":"la-foto-que-recorre-el-mundo-una-nena-sostuvo-la-cabeza-de-su-hermano-por-17-horas-bajo-los-escombros-en-turquia","status":"publish","type":"post","link":"https:\/\/cvinoticias.com\/v3\/la-foto-que-recorre-el-mundo-una-nena-sostuvo-la-cabeza-de-su-hermano-por-17-horas-bajo-los-escombros-en-turquia\/","title":{"rendered":"La foto que recorre el mundo: una nena sostuvo la cabeza de su hermano por 17 horas bajo los escombros en Turqu\u00eda"},"content":{"rendered":"\n<p><strong><em>Los dos ni\u00f1os permanecieron bajo los restos edilicios\u00a0de su casa casi por un d\u00eda.\u00a0El n\u00famero de muertos por el terremoto super\u00f3 los 11 mil<\/em><\/strong><\/p>\n\n\n\n<p>Tras el movimiento s\u00edsmico en Turqu\u00eda y Siria que dej\u00f3 hasta ahora m\u00e1s de 11 mil muertos y cerca de 50 mil personas heridas, las fotos y videos de las zonas m\u00e1s afectadas recorren el mundo. En las \u00faltimas horas, la imagen de una nena que sostiene la cabeza de su hermano menor atrapados entre los escombros se volvi\u00f3 tema de conversaci\u00f3n y conmocion\u00f3 a todos.&nbsp;<\/p>\n\n\n\n<p>Es que los dos terremotos \u2014de 7,8 y 7,5 grados Ritcher\u2014 que azotaron a los pa\u00edses de Medio Oriente, dejaron a varias ciudades completamente destrozadas y desde el lunes se realiza un fuerte operativo de b\u00fasqueda y rescate.&nbsp;<\/p>\n\n\n\n<p>La imagen fue compartida en Twitter por el representante de Naciones Unidas Mohamad Safa. Los dos ni\u00f1os permanecieron bajo los restos edilicios&nbsp;de su casa durante 17 horas hasta que pudieron ser rescatados.<\/p>\n\n\n\n<p>\u00abLa ni\u00f1a de 7 a\u00f1os que mantuvo su mano sobre la cabeza de su hermano peque\u00f1o para protegerlo mientras estuvieron bajo los escombros durante 17 horas ha logrado salir a salvo. Veo que nadie comparte. \u00a1Si ella estuviera muerta, todos compartir\u00edan! Comparte positividad.\u00bb, tuite\u00f3 el funcionario de la ONU.&nbsp;<\/p>\n\n\n\n<p>Horas despu\u00e9s de la viralizaci\u00f3n de la foto de los dos hermanos turcos, autoridades compartieron otra luego de ser rescatados para llevar\u00a0tranquilidad\u00a0y aseguraron que en medio del fr\u00edo, la devastaci\u00f3n y el susto, se encuentran bien.\u00a0<\/p>\n\n\n\n<figure class=\"wp-block-image size-large\"><a href=\"https:\/\/cvinoticias.com\/wp-content\/uploads\/2023\/02\/Screenshot_20230208-122516_Facebook.jpg\"><img decoding=\"async\" width=\"772\" height=\"1024\" data-src=\"https:\/\/cvinoticias.com\/wp-content\/uploads\/2023\/02\/Screenshot_20230208-122516_Facebook-772x1024.jpg\" alt=\"\" class=\"wp-image-22461 lazyload\" data-srcset=\"https:\/\/cvinoticias.com\/wp-content\/uploads\/2023\/02\/Screenshot_20230208-122516_Facebook-772x1024.jpg 772w, https:\/\/cvinoticias.com\/wp-content\/uploads\/2023\/02\/Screenshot_20230208-122516_Facebook-226x300.jpg 226w, https:\/\/cvinoticias.com\/wp-content\/uploads\/2023\/02\/Screenshot_20230208-122516_Facebook-768x1019.jpg 768w, https:\/\/cvinoticias.com\/wp-content\/uploads\/2023\/02\/Screenshot_20230208-122516_Facebook.jpg 982w\" data-sizes=\"(max-width: 772px) 100vw, 772px\" src=\"data:image\/svg+xml;base64,PHN2ZyB3aWR0aD0iMSIgaGVpZ2h0PSIxIiB4bWxucz0iaHR0cDovL3d3dy53My5vcmcvMjAwMC9zdmciPjwvc3ZnPg==\" style=\"--smush-placeholder-width: 772px; --smush-placeholder-aspect-ratio: 772\/1024;\" \/><\/a><\/figure>\n","protected":false},"excerpt":{"rendered":"<p>Los dos ni\u00f1os permanecieron bajo los restos edilicios\u00a0de su casa casi por un d\u00eda.\u00a0El n\u00famero de muertos por el terremoto super\u00f3 los 11 mil Tras el movimiento s\u00edsmico en Turqu\u00eda y Siria que dej\u00f3 hasta ahora m\u00e1s de 11 mil muertos y cerca de 50 mil personas heridas, las fotos y videos de las zonas [&hellip;]<\/p>\n","protected":false},"author":2,"featured_media":22462,"comment_status":"open","ping_status":"open","sticky":false,"template":"","format":"standard","meta":{"footnotes":""},"categories":[430],"tags":[],"class_list":["post-22460","post","type-post","status-publish","format-standard","has-post-thumbnail","hentry","category-mundo"],"yoast_head":"<!-- This site is optimized with the Yoast SEO plugin v27.4 - https:\/\/yoast.com\/product\/yoast-seo-wordpress\/ -->\n<title>La foto que recorre el mundo: una nena sostuvo la cabeza de su hermano por 17 horas bajo los escombros en Turqu\u00eda | CVI NOTICIAS<\/title>\n<meta name=\"robots\" content=\"index, follow, max-snippet:-1, max-image-preview:large, max-video-preview:-1\" \/>\n<link rel=\"canonical\" href=\"https:\/\/cvinoticias.com\/v3\/la-foto-que-recorre-el-mundo-una-nena-sostuvo-la-cabeza-de-su-hermano-por-17-horas-bajo-los-escombros-en-turquia\/\" \/>\n<meta property=\"og:locale\" content=\"es_ES\" \/>\n<meta property=\"og:type\" content=\"article\" \/>\n<meta property=\"og:title\" content=\"La foto que recorre el mundo: una nena sostuvo la cabeza de su hermano por 17 horas bajo los escombros en Turqu\u00eda | CVI NOTICIAS\" \/>\n<meta property=\"og:description\" content=\"Los dos ni\u00f1os permanecieron bajo los restos edilicios\u00a0de su casa casi por un d\u00eda.\u00a0El n\u00famero de muertos por el terremoto super\u00f3 los 11 mil Tras el movimiento s\u00edsmico en Turqu\u00eda y Siria que dej\u00f3 hasta ahora m\u00e1s de 11 mil muertos y cerca de 50 mil personas heridas, las fotos y videos de las zonas [&hellip;]\" \/>\n<meta property=\"og:url\" content=\"https:\/\/cvinoticias.com\/v3\/la-foto-que-recorre-el-mundo-una-nena-sostuvo-la-cabeza-de-su-hermano-por-17-horas-bajo-los-escombros-en-turquia\/\" \/>\n<meta property=\"og:site_name\" content=\"CVI NOTICIAS\" \/>\n<meta property=\"article:publisher\" content=\"https:\/\/www.facebook.com\/cvinoticias\" \/>\n<meta property=\"article:published_time\" content=\"2023-02-08T15:34:26+00:00\" \/>\n<meta property=\"og:image\" content=\"https:\/\/cvinoticias.com\/wp-content\/uploads\/2023\/02\/27a0e5335bc6a1ff8b35c4312f989fa67cf35676w_2_crop1675860416105.jpg_1756841869.jpg\" \/>\n\t<meta property=\"og:image:width\" content=\"800\" \/>\n\t<meta property=\"og:image:height\" content=\"450\" \/>\n\t<meta property=\"og:image:type\" content=\"image\/jpeg\" \/>\n<meta name=\"author\" content=\"f1000024\" \/>\n<meta name=\"twitter:card\" content=\"summary_large_image\" \/>\n<meta name=\"twitter:label1\" content=\"Escrito por\" \/>\n\t<meta name=\"twitter:data1\" content=\"f1000024\" \/>\n\t<meta name=\"twitter:label2\" content=\"Tiempo de lectura\" \/>\n\t<meta name=\"twitter:data2\" content=\"1 minuto\" \/>\n<script type=\"application\/ld+json\" class=\"yoast-schema-graph\">{\"@context\":\"https:\\\/\\\/schema.org\",\"@graph\":[{\"@type\":\"Article\",\"@id\":\"https:\\\/\\\/cvinoticias.com\\\/v3\\\/la-foto-que-recorre-el-mundo-una-nena-sostuvo-la-cabeza-de-su-hermano-por-17-horas-bajo-los-escombros-en-turquia\\\/#article\",\"isPartOf\":{\"@id\":\"https:\\\/\\\/cvinoticias.com\\\/v3\\\/la-foto-que-recorre-el-mundo-una-nena-sostuvo-la-cabeza-de-su-hermano-por-17-horas-bajo-los-escombros-en-turquia\\\/\"},\"author\":{\"name\":\"f1000024\",\"@id\":\"https:\\\/\\\/cvinoticias.com\\\/v3\\\/#\\\/schema\\\/person\\\/2db77e3c6bc03c538495d7b2b8be9b66\"},\"headline\":\"La foto que recorre el mundo: una nena sostuvo la cabeza de su hermano por 17 horas bajo los escombros en Turqu\u00eda\",\"datePublished\":\"2023-02-08T15:34:26+00:00\",\"mainEntityOfPage\":{\"@id\":\"https:\\\/\\\/cvinoticias.com\\\/v3\\\/la-foto-que-recorre-el-mundo-una-nena-sostuvo-la-cabeza-de-su-hermano-por-17-horas-bajo-los-escombros-en-turquia\\\/\"},\"wordCount\":287,\"commentCount\":0,\"publisher\":{\"@id\":\"https:\\\/\\\/cvinoticias.com\\\/v3\\\/#organization\"},\"image\":{\"@id\":\"https:\\\/\\\/cvinoticias.com\\\/v3\\\/la-foto-que-recorre-el-mundo-una-nena-sostuvo-la-cabeza-de-su-hermano-por-17-horas-bajo-los-escombros-en-turquia\\\/#primaryimage\"},\"thumbnailUrl\":\"https:\\\/\\\/cvinoticias.com\\\/wp-content\\\/uploads\\\/2023\\\/02\\\/27a0e5335bc6a1ff8b35c4312f989fa67cf35676w_2_crop1675860416105.jpg_1756841869.jpg\",\"articleSection\":[\"Mundo\"],\"inLanguage\":\"es\",\"potentialAction\":[{\"@type\":\"CommentAction\",\"name\":\"Comment\",\"target\":[\"https:\\\/\\\/cvinoticias.com\\\/v3\\\/la-foto-que-recorre-el-mundo-una-nena-sostuvo-la-cabeza-de-su-hermano-por-17-horas-bajo-los-escombros-en-turquia\\\/#respond\"]}]},{\"@type\":\"WebPage\",\"@id\":\"https:\\\/\\\/cvinoticias.com\\\/v3\\\/la-foto-que-recorre-el-mundo-una-nena-sostuvo-la-cabeza-de-su-hermano-por-17-horas-bajo-los-escombros-en-turquia\\\/\",\"url\":\"https:\\\/\\\/cvinoticias.com\\\/v3\\\/la-foto-que-recorre-el-mundo-una-nena-sostuvo-la-cabeza-de-su-hermano-por-17-horas-bajo-los-escombros-en-turquia\\\/\",\"name\":\"La foto que recorre el mundo: una nena sostuvo la cabeza de su hermano por 17 horas bajo los escombros en Turqu\u00eda | CVI NOTICIAS\",\"isPartOf\":{\"@id\":\"https:\\\/\\\/cvinoticias.com\\\/v3\\\/#website\"},\"primaryImageOfPage\":{\"@id\":\"https:\\\/\\\/cvinoticias.com\\\/v3\\\/la-foto-que-recorre-el-mundo-una-nena-sostuvo-la-cabeza-de-su-hermano-por-17-horas-bajo-los-escombros-en-turquia\\\/#primaryimage\"},\"image\":{\"@id\":\"https:\\\/\\\/cvinoticias.com\\\/v3\\\/la-foto-que-recorre-el-mundo-una-nena-sostuvo-la-cabeza-de-su-hermano-por-17-horas-bajo-los-escombros-en-turquia\\\/#primaryimage\"},\"thumbnailUrl\":\"https:\\\/\\\/cvinoticias.com\\\/wp-content\\\/uploads\\\/2023\\\/02\\\/27a0e5335bc6a1ff8b35c4312f989fa67cf35676w_2_crop1675860416105.jpg_1756841869.jpg\",\"datePublished\":\"2023-02-08T15:34:26+00:00\",\"breadcrumb\":{\"@id\":\"https:\\\/\\\/cvinoticias.com\\\/v3\\\/la-foto-que-recorre-el-mundo-una-nena-sostuvo-la-cabeza-de-su-hermano-por-17-horas-bajo-los-escombros-en-turquia\\\/#breadcrumb\"},\"inLanguage\":\"es\",\"potentialAction\":[{\"@type\":\"ReadAction\",\"target\":[\"https:\\\/\\\/cvinoticias.com\\\/v3\\\/la-foto-que-recorre-el-mundo-una-nena-sostuvo-la-cabeza-de-su-hermano-por-17-horas-bajo-los-escombros-en-turquia\\\/\"]}]},{\"@type\":\"ImageObject\",\"inLanguage\":\"es\",\"@id\":\"https:\\\/\\\/cvinoticias.com\\\/v3\\\/la-foto-que-recorre-el-mundo-una-nena-sostuvo-la-cabeza-de-su-hermano-por-17-horas-bajo-los-escombros-en-turquia\\\/#primaryimage\",\"url\":\"https:\\\/\\\/cvinoticias.com\\\/wp-content\\\/uploads\\\/2023\\\/02\\\/27a0e5335bc6a1ff8b35c4312f989fa67cf35676w_2_crop1675860416105.jpg_1756841869.jpg\",\"contentUrl\":\"https:\\\/\\\/cvinoticias.com\\\/wp-content\\\/uploads\\\/2023\\\/02\\\/27a0e5335bc6a1ff8b35c4312f989fa67cf35676w_2_crop1675860416105.jpg_1756841869.jpg\",\"width\":800,\"height\":450},{\"@type\":\"BreadcrumbList\",\"@id\":\"https:\\\/\\\/cvinoticias.com\\\/v3\\\/la-foto-que-recorre-el-mundo-una-nena-sostuvo-la-cabeza-de-su-hermano-por-17-horas-bajo-los-escombros-en-turquia\\\/#breadcrumb\",\"itemListElement\":[{\"@type\":\"ListItem\",\"position\":1,\"name\":\"Portada\",\"item\":\"https:\\\/\\\/cvinoticias.com\\\/v3\\\/\"},{\"@type\":\"ListItem\",\"position\":2,\"name\":\"La foto que recorre el mundo: una nena sostuvo la cabeza de su hermano por 17 horas bajo los escombros en Turqu\u00eda\"}]},{\"@type\":\"WebSite\",\"@id\":\"https:\\\/\\\/cvinoticias.com\\\/v3\\\/#website\",\"url\":\"https:\\\/\\\/cvinoticias.com\\\/v3\\\/\",\"name\":\"CVI NOTICIAS\",\"description\":\"\",\"publisher\":{\"@id\":\"https:\\\/\\\/cvinoticias.com\\\/v3\\\/#organization\"},\"alternateName\":\"CVI\",\"potentialAction\":[{\"@type\":\"SearchAction\",\"target\":{\"@type\":\"EntryPoint\",\"urlTemplate\":\"https:\\\/\\\/cvinoticias.com\\\/v3\\\/?s={search_term_string}\"},\"query-input\":{\"@type\":\"PropertyValueSpecification\",\"valueRequired\":true,\"valueName\":\"search_term_string\"}}],\"inLanguage\":\"es\"},{\"@type\":\"Organization\",\"@id\":\"https:\\\/\\\/cvinoticias.com\\\/v3\\\/#organization\",\"name\":\"CVI NOTICIAS\",\"url\":\"https:\\\/\\\/cvinoticias.com\\\/v3\\\/\",\"logo\":{\"@type\":\"ImageObject\",\"inLanguage\":\"es\",\"@id\":\"https:\\\/\\\/cvinoticias.com\\\/v3\\\/#\\\/schema\\\/logo\\\/image\\\/\",\"url\":\"https:\\\/\\\/cvinoticias.com\\\/wp-content\\\/uploads\\\/2023\\\/04\\\/cropped-cropped-cropped-cropped-cropped-3-1.png\",\"contentUrl\":\"https:\\\/\\\/cvinoticias.com\\\/wp-content\\\/uploads\\\/2023\\\/04\\\/cropped-cropped-cropped-cropped-cropped-3-1.png\",\"width\":95,\"height\":122,\"caption\":\"CVI NOTICIAS\"},\"image\":{\"@id\":\"https:\\\/\\\/cvinoticias.com\\\/v3\\\/#\\\/schema\\\/logo\\\/image\\\/\"},\"sameAs\":[\"https:\\\/\\\/www.facebook.com\\\/cvinoticias\",\"https:\\\/\\\/www.instagram.com\\\/cvinoticias\\\/\",\"https:\\\/\\\/www.youtube.com\\\/@CVINOTICIAS\"]},{\"@type\":\"Person\",\"@id\":\"https:\\\/\\\/cvinoticias.com\\\/v3\\\/#\\\/schema\\\/person\\\/2db77e3c6bc03c538495d7b2b8be9b66\",\"name\":\"f1000024\",\"image\":{\"@type\":\"ImageObject\",\"inLanguage\":\"es\",\"@id\":\"https:\\\/\\\/secure.gravatar.com\\\/avatar\\\/d4fe7459cfc51ff5129ce1a732bbef5928568b8092d412ef95611616376bbeed?s=96&d=mm&r=g\",\"url\":\"https:\\\/\\\/secure.gravatar.com\\\/avatar\\\/d4fe7459cfc51ff5129ce1a732bbef5928568b8092d412ef95611616376bbeed?s=96&d=mm&r=g\",\"contentUrl\":\"https:\\\/\\\/secure.gravatar.com\\\/avatar\\\/d4fe7459cfc51ff5129ce1a732bbef5928568b8092d412ef95611616376bbeed?s=96&d=mm&r=g\",\"caption\":\"f1000024\"},\"url\":\"https:\\\/\\\/cvinoticias.com\\\/v3\\\/author\\\/f1000024\\\/\"}]}<\/script>\n<!-- \/ Yoast SEO plugin. -->","yoast_head_json":{"title":"La foto que recorre el mundo: una nena sostuvo la cabeza de su hermano por 17 horas bajo los escombros en Turqu\u00eda | CVI NOTICIAS","robots":{"index":"index","follow":"follow","max-snippet":"max-snippet:-1","max-image-preview":"max-image-preview:large","max-video-preview":"max-video-preview:-1"},"canonical":"https:\/\/cvinoticias.com\/v3\/la-foto-que-recorre-el-mundo-una-nena-sostuvo-la-cabeza-de-su-hermano-por-17-horas-bajo-los-escombros-en-turquia\/","og_locale":"es_ES","og_type":"article","og_title":"La foto que recorre el mundo: una nena sostuvo la cabeza de su hermano por 17 horas bajo los escombros en Turqu\u00eda | CVI NOTICIAS","og_description":"Los dos ni\u00f1os permanecieron bajo los restos edilicios\u00a0de su casa casi por un d\u00eda.\u00a0El n\u00famero de muertos por el terremoto super\u00f3 los 11 mil Tras el movimiento s\u00edsmico en Turqu\u00eda y Siria que dej\u00f3 hasta ahora m\u00e1s de 11 mil muertos y cerca de 50 mil personas heridas, las fotos y videos de las zonas [&hellip;]","og_url":"https:\/\/cvinoticias.com\/v3\/la-foto-que-recorre-el-mundo-una-nena-sostuvo-la-cabeza-de-su-hermano-por-17-horas-bajo-los-escombros-en-turquia\/","og_site_name":"CVI NOTICIAS","article_publisher":"https:\/\/www.facebook.com\/cvinoticias","article_published_time":"2023-02-08T15:34:26+00:00","og_image":[{"width":800,"height":450,"url":"https:\/\/cvinoticias.com\/wp-content\/uploads\/2023\/02\/27a0e5335bc6a1ff8b35c4312f989fa67cf35676w_2_crop1675860416105.jpg_1756841869.jpg","type":"image\/jpeg"}],"author":"f1000024","twitter_card":"summary_large_image","twitter_misc":{"Escrito por":"f1000024","Tiempo de lectura":"1 minuto"},"schema":{"@context":"https:\/\/schema.org","@graph":[{"@type":"Article","@id":"https:\/\/cvinoticias.com\/v3\/la-foto-que-recorre-el-mundo-una-nena-sostuvo-la-cabeza-de-su-hermano-por-17-horas-bajo-los-escombros-en-turquia\/#article","isPartOf":{"@id":"https:\/\/cvinoticias.com\/v3\/la-foto-que-recorre-el-mundo-una-nena-sostuvo-la-cabeza-de-su-hermano-por-17-horas-bajo-los-escombros-en-turquia\/"},"author":{"name":"f1000024","@id":"https:\/\/cvinoticias.com\/v3\/#\/schema\/person\/2db77e3c6bc03c538495d7b2b8be9b66"},"headline":"La foto que recorre el mundo: una nena sostuvo la cabeza de su hermano por 17 horas bajo los escombros en Turqu\u00eda","datePublished":"2023-02-08T15:34:26+00:00","mainEntityOfPage":{"@id":"https:\/\/cvinoticias.com\/v3\/la-foto-que-recorre-el-mundo-una-nena-sostuvo-la-cabeza-de-su-hermano-por-17-horas-bajo-los-escombros-en-turquia\/"},"wordCount":287,"commentCount":0,"publisher":{"@id":"https:\/\/cvinoticias.com\/v3\/#organization"},"image":{"@id":"https:\/\/cvinoticias.com\/v3\/la-foto-que-recorre-el-mundo-una-nena-sostuvo-la-cabeza-de-su-hermano-por-17-horas-bajo-los-escombros-en-turquia\/#primaryimage"},"thumbnailUrl":"https:\/\/cvinoticias.com\/wp-content\/uploads\/2023\/02\/27a0e5335bc6a1ff8b35c4312f989fa67cf35676w_2_crop1675860416105.jpg_1756841869.jpg","articleSection":["Mundo"],"inLanguage":"es","potentialAction":[{"@type":"CommentAction","name":"Comment","target":["https:\/\/cvinoticias.com\/v3\/la-foto-que-recorre-el-mundo-una-nena-sostuvo-la-cabeza-de-su-hermano-por-17-horas-bajo-los-escombros-en-turquia\/#respond"]}]},{"@type":"WebPage","@id":"https:\/\/cvinoticias.com\/v3\/la-foto-que-recorre-el-mundo-una-nena-sostuvo-la-cabeza-de-su-hermano-por-17-horas-bajo-los-escombros-en-turquia\/","url":"https:\/\/cvinoticias.com\/v3\/la-foto-que-recorre-el-mundo-una-nena-sostuvo-la-cabeza-de-su-hermano-por-17-horas-bajo-los-escombros-en-turquia\/","name":"La foto que recorre el mundo: una nena sostuvo la cabeza de su hermano por 17 horas bajo los escombros en Turqu\u00eda | CVI NOTICIAS","isPartOf":{"@id":"https:\/\/cvinoticias.com\/v3\/#website"},"primaryImageOfPage":{"@id":"https:\/\/cvinoticias.com\/v3\/la-foto-que-recorre-el-mundo-una-nena-sostuvo-la-cabeza-de-su-hermano-por-17-horas-bajo-los-escombros-en-turquia\/#primaryimage"},"image":{"@id":"https:\/\/cvinoticias.com\/v3\/la-foto-que-recorre-el-mundo-una-nena-sostuvo-la-cabeza-de-su-hermano-por-17-horas-bajo-los-escombros-en-turquia\/#primaryimage"},"thumbnailUrl":"https:\/\/cvinoticias.com\/wp-content\/uploads\/2023\/02\/27a0e5335bc6a1ff8b35c4312f989fa67cf35676w_2_crop1675860416105.jpg_1756841869.jpg","datePublished":"2023-02-08T15:34:26+00:00","breadcrumb":{"@id":"https:\/\/cvinoticias.com\/v3\/la-foto-que-recorre-el-mundo-una-nena-sostuvo-la-cabeza-de-su-hermano-por-17-horas-bajo-los-escombros-en-turquia\/#breadcrumb"},"inLanguage":"es","potentialAction":[{"@type":"ReadAction","target":["https:\/\/cvinoticias.com\/v3\/la-foto-que-recorre-el-mundo-una-nena-sostuvo-la-cabeza-de-su-hermano-por-17-horas-bajo-los-escombros-en-turquia\/"]}]},{"@type":"ImageObject","inLanguage":"es","@id":"https:\/\/cvinoticias.com\/v3\/la-foto-que-recorre-el-mundo-una-nena-sostuvo-la-cabeza-de-su-hermano-por-17-horas-bajo-los-escombros-en-turquia\/#primaryimage","url":"https:\/\/cvinoticias.com\/wp-content\/uploads\/2023\/02\/27a0e5335bc6a1ff8b35c4312f989fa67cf35676w_2_crop1675860416105.jpg_1756841869.jpg","contentUrl":"https:\/\/cvinoticias.com\/wp-content\/uploads\/2023\/02\/27a0e5335bc6a1ff8b35c4312f989fa67cf35676w_2_crop1675860416105.jpg_1756841869.jpg","width":800,"height":450},{"@type":"BreadcrumbList","@id":"https:\/\/cvinoticias.com\/v3\/la-foto-que-recorre-el-mundo-una-nena-sostuvo-la-cabeza-de-su-hermano-por-17-horas-bajo-los-escombros-en-turquia\/#breadcrumb","itemListElement":[{"@type":"ListItem","position":1,"name":"Portada","item":"https:\/\/cvinoticias.com\/v3\/"},{"@type":"ListItem","position":2,"name":"La foto que recorre el mundo: una nena sostuvo la cabeza de su hermano por 17 horas bajo los escombros en Turqu\u00eda"}]},{"@type":"WebSite","@id":"https:\/\/cvinoticias.com\/v3\/#website","url":"https:\/\/cvinoticias.com\/v3\/","name":"CVI NOTICIAS","description":"","publisher":{"@id":"https:\/\/cvinoticias.com\/v3\/#organization"},"alternateName":"CVI","potentialAction":[{"@type":"SearchAction","target":{"@type":"EntryPoint","urlTemplate":"https:\/\/cvinoticias.com\/v3\/?s={search_term_string}"},"query-input":{"@type":"PropertyValueSpecification","valueRequired":true,"valueName":"search_term_string"}}],"inLanguage":"es"},{"@type":"Organization","@id":"https:\/\/cvinoticias.com\/v3\/#organization","name":"CVI NOTICIAS","url":"https:\/\/cvinoticias.com\/v3\/","logo":{"@type":"ImageObject","inLanguage":"es","@id":"https:\/\/cvinoticias.com\/v3\/#\/schema\/logo\/image\/","url":"https:\/\/cvinoticias.com\/wp-content\/uploads\/2023\/04\/cropped-cropped-cropped-cropped-cropped-3-1.png","contentUrl":"https:\/\/cvinoticias.com\/wp-content\/uploads\/2023\/04\/cropped-cropped-cropped-cropped-cropped-3-1.png","width":95,"height":122,"caption":"CVI NOTICIAS"},"image":{"@id":"https:\/\/cvinoticias.com\/v3\/#\/schema\/logo\/image\/"},"sameAs":["https:\/\/www.facebook.com\/cvinoticias","https:\/\/www.instagram.com\/cvinoticias\/","https:\/\/www.youtube.com\/@CVINOTICIAS"]},{"@type":"Person","@id":"https:\/\/cvinoticias.com\/v3\/#\/schema\/person\/2db77e3c6bc03c538495d7b2b8be9b66","name":"f1000024","image":{"@type":"ImageObject","inLanguage":"es","@id":"https:\/\/secure.gravatar.com\/avatar\/d4fe7459cfc51ff5129ce1a732bbef5928568b8092d412ef95611616376bbeed?s=96&d=mm&r=g","url":"https:\/\/secure.gravatar.com\/avatar\/d4fe7459cfc51ff5129ce1a732bbef5928568b8092d412ef95611616376bbeed?s=96&d=mm&r=g","contentUrl":"https:\/\/secure.gravatar.com\/avatar\/d4fe7459cfc51ff5129ce1a732bbef5928568b8092d412ef95611616376bbeed?s=96&d=mm&r=g","caption":"f1000024"},"url":"https:\/\/cvinoticias.com\/v3\/author\/f1000024\/"}]}},"_links":{"self":[{"href":"https:\/\/cvinoticias.com\/v3\/wp-json\/wp\/v2\/posts\/22460","targetHints":{"allow":["GET"]}}],"collection":[{"href":"https:\/\/cvinoticias.com\/v3\/wp-json\/wp\/v2\/posts"}],"about":[{"href":"https:\/\/cvinoticias.com\/v3\/wp-json\/wp\/v2\/types\/post"}],"author":[{"embeddable":true,"href":"https:\/\/cvinoticias.com\/v3\/wp-json\/wp\/v2\/users\/2"}],"replies":[{"embeddable":true,"href":"https:\/\/cvinoticias.com\/v3\/wp-json\/wp\/v2\/comments?post=22460"}],"version-history":[{"count":1,"href":"https:\/\/cvinoticias.com\/v3\/wp-json\/wp\/v2\/posts\/22460\/revisions"}],"predecessor-version":[{"id":22463,"href":"https:\/\/cvinoticias.com\/v3\/wp-json\/wp\/v2\/posts\/22460\/revisions\/22463"}],"wp:featuredmedia":[{"embeddable":true,"href":"https:\/\/cvinoticias.com\/v3\/wp-json\/wp\/v2\/media\/22462"}],"wp:attachment":[{"href":"https:\/\/cvinoticias.com\/v3\/wp-json\/wp\/v2\/media?parent=22460"}],"wp:term":[{"taxonomy":"category","embeddable":true,"href":"https:\/\/cvinoticias.com\/v3\/wp-json\/wp\/v2\/categories?post=22460"},{"taxonomy":"post_tag","embeddable":true,"href":"https:\/\/cvinoticias.com\/v3\/wp-json\/wp\/v2\/tags?post=22460"}],"curies":[{"name":"wp","href":"https:\/\/api.w.org\/{rel}","templated":true}]}}