{"id":22457,"date":"2023-02-08T14:13:04","date_gmt":"2023-02-08T14:13:04","guid":{"rendered":"https:\/\/cvinoticias.com\/v3\/?p=22457"},"modified":"2023-02-08T14:13:04","modified_gmt":"2023-02-08T14:13:04","slug":"la-iglesia-argentina-se-une-a-la-jornada-mundial-de-oracion-y-reflexion-por-la-trata","status":"publish","type":"post","link":"https:\/\/cvinoticias.com\/v3\/la-iglesia-argentina-se-une-a-la-jornada-mundial-de-oracion-y-reflexion-por-la-trata\/","title":{"rendered":"La Iglesia argentina se une a la Jornada mundial de oraci\u00f3n y reflexi\u00f3n por la trata"},"content":{"rendered":"\n<p><strong><em>\u201cEl viaje desde la oscuridad de la explotaci\u00f3n y trata hasta la luz de la dignidad y la libertad es un viaje de todos\u201d, expresa la pastoral de migrantes e itinerantes<\/em><\/strong><\/p>\n\n\n\n<p>En el d\u00eda de Santa Josefa Bakhita, la Comisi\u00f3n Episcopal de Migrantes e Itinerantes (CEMI) de la Conferencia Episcopal Argentina se une a la 9\u00b0 Jornada mundial de oraci\u00f3n y reflexi\u00f3n contra la trata de personas.<\/p>\n\n\n\n<p>La consigna elegida este a\u00f1o es: \u201cUna luz contra la trata. Caminando por la dignidad\u201d, y centra su mensaje en el recorrido de encuentro y compromiso con quienes est\u00e1n atravesando las distintas formas de esclavitud.<\/p>\n\n\n\n<p>Recordaron las palabras del papa Francisco quien en la convocatoria del a\u00f1o pasado pidi\u00f3 rezar y sensibilizar sobre \u201cesta herida abierta en el cuerpo de Cristo, en el cuerpo de toda la humanidad\u201d. Este a\u00f1o, para esta jornada, el Pont\u00edfice eligi\u00f3 como tema: \u201cCaminar juntos por la dignidad contra la trata de personas\u201d. Asimismo, agradece el compromiso para erradicar estas acciones delictivas que atentan contra la dignidad de nuestros hermanos, y dejan secuelas en las v\u00edctimas y en la sociedad.<\/p>\n\n\n\n<p>Insistentemente, el Papa anima a encontrar formas para poner fin este flagelo y garantizar la atenci\u00f3n f\u00edsica y espiritual de tantos damnificados.<\/p>\n\n\n\n<p><strong>Un viaje de todos<\/strong><\/p>\n\n\n\n<p>\u201cEl viaje desde la oscuridad de la explotaci\u00f3n y trata hasta la luz de la dignidad y la libertad es un viaje de todos. Nos ponemos en marcha como millones de migrantes e itinerantes que huyen de sus pa\u00edses en busca de paz, seguridad, un pedazo de tierra para cultivar, un trabajo o una educaci\u00f3n de calidad. Caminamos con ellos sintiendo en nuestros pies las vulnerabilidades que hacen que sea tan f\u00e1cil para ellos caer en la oscuridad de la red de la explotaci\u00f3n y de la trata\u201d, expresan los miembros de la Comisi\u00f3n.<\/p>\n\n\n\n<p>Aluden a la necesidad de apoyar, acompa\u00f1ar y reintegrar a las v\u00edctimas de la trata de personas en nuestras comunidades. Tambi\u00e9n, de asistirlas, tanto en el proceso de sanaci\u00f3n como de la recuperaci\u00f3n de su autoestima.<\/p>\n\n\n\n<p>El organismo del episcopado se\u00f1ala que se trata de una tarea abrumadora, pero necesaria, y con el trabajo conjunto se persevera en los esfuerzos por defender la dignidad otorgada por Dios a cada persona y defender los derechos humanos b\u00e1sicos de aquellos que son olvidados y sin voz.<\/p>\n\n\n\n<p>Finalmente, agradecieron cada expresi\u00f3n de caridad fraterna y de cuidado, y piden la intercesi\u00f3n de Santa Josefina Bakhita para encontrar nuevas respuestas a este desaf\u00edo.<\/p>\n","protected":false},"excerpt":{"rendered":"<p>\u201cEl viaje desde la oscuridad de la explotaci\u00f3n y trata hasta la luz de la dignidad y la libertad es un viaje de todos\u201d, expresa la pastoral de migrantes e itinerantes En el d\u00eda de Santa Josefa Bakhita, la Comisi\u00f3n Episcopal de Migrantes e Itinerantes (CEMI) de la Conferencia Episcopal Argentina se une a la [&hellip;]<\/p>\n","protected":false},"author":2,"featured_media":22458,"comment_status":"open","ping_status":"open","sticky":false,"template":"","format":"standard","meta":{"footnotes":""},"categories":[47],"tags":[],"class_list":["post-22457","post","type-post","status-publish","format-standard","has-post-thumbnail","hentry","category-sociedad"],"yoast_head":"<!-- This site is optimized with the Yoast SEO plugin v27.4 - https:\/\/yoast.com\/product\/yoast-seo-wordpress\/ -->\n<title>La Iglesia argentina se une a la Jornada mundial de oraci\u00f3n y reflexi\u00f3n por la trata | CVI NOTICIAS<\/title>\n<meta name=\"robots\" content=\"index, follow, max-snippet:-1, max-image-preview:large, max-video-preview:-1\" \/>\n<link rel=\"canonical\" href=\"https:\/\/cvinoticias.com\/v3\/la-iglesia-argentina-se-une-a-la-jornada-mundial-de-oracion-y-reflexion-por-la-trata\/\" \/>\n<meta property=\"og:locale\" content=\"es_ES\" \/>\n<meta property=\"og:type\" content=\"article\" \/>\n<meta property=\"og:title\" content=\"La Iglesia argentina se une a la Jornada mundial de oraci\u00f3n y reflexi\u00f3n por la trata | CVI NOTICIAS\" \/>\n<meta property=\"og:description\" content=\"\u201cEl viaje desde la oscuridad de la explotaci\u00f3n y trata hasta la luz de la dignidad y la libertad es un viaje de todos\u201d, expresa la pastoral de migrantes e itinerantes En el d\u00eda de Santa Josefa Bakhita, la Comisi\u00f3n Episcopal de Migrantes e Itinerantes (CEMI) de la Conferencia Episcopal Argentina se une a la [&hellip;]\" \/>\n<meta property=\"og:url\" content=\"https:\/\/cvinoticias.com\/v3\/la-iglesia-argentina-se-une-a-la-jornada-mundial-de-oracion-y-reflexion-por-la-trata\/\" \/>\n<meta property=\"og:site_name\" content=\"CVI NOTICIAS\" \/>\n<meta property=\"article:publisher\" content=\"https:\/\/www.facebook.com\/cvinoticias\" \/>\n<meta property=\"article:published_time\" content=\"2023-02-08T14:13:04+00:00\" \/>\n<meta property=\"og:image\" content=\"https:\/\/cvinoticias.com\/wp-content\/uploads\/2023\/02\/63d240253a0af.jpeg\" \/>\n\t<meta property=\"og:image:width\" content=\"866\" \/>\n\t<meta property=\"og:image:height\" content=\"1106\" \/>\n\t<meta property=\"og:image:type\" content=\"image\/jpeg\" \/>\n<meta name=\"author\" content=\"f1000024\" \/>\n<meta name=\"twitter:card\" content=\"summary_large_image\" \/>\n<meta name=\"twitter:label1\" content=\"Escrito por\" \/>\n\t<meta name=\"twitter:data1\" content=\"f1000024\" \/>\n\t<meta name=\"twitter:label2\" content=\"Tiempo de lectura\" \/>\n\t<meta name=\"twitter:data2\" content=\"2 minutos\" \/>\n<script type=\"application\/ld+json\" class=\"yoast-schema-graph\">{\"@context\":\"https:\\\/\\\/schema.org\",\"@graph\":[{\"@type\":\"Article\",\"@id\":\"https:\\\/\\\/cvinoticias.com\\\/v3\\\/la-iglesia-argentina-se-une-a-la-jornada-mundial-de-oracion-y-reflexion-por-la-trata\\\/#article\",\"isPartOf\":{\"@id\":\"https:\\\/\\\/cvinoticias.com\\\/v3\\\/la-iglesia-argentina-se-une-a-la-jornada-mundial-de-oracion-y-reflexion-por-la-trata\\\/\"},\"author\":{\"name\":\"f1000024\",\"@id\":\"https:\\\/\\\/cvinoticias.com\\\/v3\\\/#\\\/schema\\\/person\\\/2db77e3c6bc03c538495d7b2b8be9b66\"},\"headline\":\"La Iglesia argentina se une a la Jornada mundial de oraci\u00f3n y reflexi\u00f3n por la trata\",\"datePublished\":\"2023-02-08T14:13:04+00:00\",\"mainEntityOfPage\":{\"@id\":\"https:\\\/\\\/cvinoticias.com\\\/v3\\\/la-iglesia-argentina-se-une-a-la-jornada-mundial-de-oracion-y-reflexion-por-la-trata\\\/\"},\"wordCount\":457,\"commentCount\":0,\"publisher\":{\"@id\":\"https:\\\/\\\/cvinoticias.com\\\/v3\\\/#organization\"},\"image\":{\"@id\":\"https:\\\/\\\/cvinoticias.com\\\/v3\\\/la-iglesia-argentina-se-une-a-la-jornada-mundial-de-oracion-y-reflexion-por-la-trata\\\/#primaryimage\"},\"thumbnailUrl\":\"https:\\\/\\\/cvinoticias.com\\\/wp-content\\\/uploads\\\/2023\\\/02\\\/63d240253a0af.jpeg\",\"articleSection\":[\"Sociedad\"],\"inLanguage\":\"es\",\"potentialAction\":[{\"@type\":\"CommentAction\",\"name\":\"Comment\",\"target\":[\"https:\\\/\\\/cvinoticias.com\\\/v3\\\/la-iglesia-argentina-se-une-a-la-jornada-mundial-de-oracion-y-reflexion-por-la-trata\\\/#respond\"]}]},{\"@type\":\"WebPage\",\"@id\":\"https:\\\/\\\/cvinoticias.com\\\/v3\\\/la-iglesia-argentina-se-une-a-la-jornada-mundial-de-oracion-y-reflexion-por-la-trata\\\/\",\"url\":\"https:\\\/\\\/cvinoticias.com\\\/v3\\\/la-iglesia-argentina-se-une-a-la-jornada-mundial-de-oracion-y-reflexion-por-la-trata\\\/\",\"name\":\"La Iglesia argentina se une a la Jornada mundial de oraci\u00f3n y reflexi\u00f3n por la trata | CVI NOTICIAS\",\"isPartOf\":{\"@id\":\"https:\\\/\\\/cvinoticias.com\\\/v3\\\/#website\"},\"primaryImageOfPage\":{\"@id\":\"https:\\\/\\\/cvinoticias.com\\\/v3\\\/la-iglesia-argentina-se-une-a-la-jornada-mundial-de-oracion-y-reflexion-por-la-trata\\\/#primaryimage\"},\"image\":{\"@id\":\"https:\\\/\\\/cvinoticias.com\\\/v3\\\/la-iglesia-argentina-se-une-a-la-jornada-mundial-de-oracion-y-reflexion-por-la-trata\\\/#primaryimage\"},\"thumbnailUrl\":\"https:\\\/\\\/cvinoticias.com\\\/wp-content\\\/uploads\\\/2023\\\/02\\\/63d240253a0af.jpeg\",\"datePublished\":\"2023-02-08T14:13:04+00:00\",\"breadcrumb\":{\"@id\":\"https:\\\/\\\/cvinoticias.com\\\/v3\\\/la-iglesia-argentina-se-une-a-la-jornada-mundial-de-oracion-y-reflexion-por-la-trata\\\/#breadcrumb\"},\"inLanguage\":\"es\",\"potentialAction\":[{\"@type\":\"ReadAction\",\"target\":[\"https:\\\/\\\/cvinoticias.com\\\/v3\\\/la-iglesia-argentina-se-une-a-la-jornada-mundial-de-oracion-y-reflexion-por-la-trata\\\/\"]}]},{\"@type\":\"ImageObject\",\"inLanguage\":\"es\",\"@id\":\"https:\\\/\\\/cvinoticias.com\\\/v3\\\/la-iglesia-argentina-se-une-a-la-jornada-mundial-de-oracion-y-reflexion-por-la-trata\\\/#primaryimage\",\"url\":\"https:\\\/\\\/cvinoticias.com\\\/wp-content\\\/uploads\\\/2023\\\/02\\\/63d240253a0af.jpeg\",\"contentUrl\":\"https:\\\/\\\/cvinoticias.com\\\/wp-content\\\/uploads\\\/2023\\\/02\\\/63d240253a0af.jpeg\",\"width\":866,\"height\":1106},{\"@type\":\"BreadcrumbList\",\"@id\":\"https:\\\/\\\/cvinoticias.com\\\/v3\\\/la-iglesia-argentina-se-une-a-la-jornada-mundial-de-oracion-y-reflexion-por-la-trata\\\/#breadcrumb\",\"itemListElement\":[{\"@type\":\"ListItem\",\"position\":1,\"name\":\"Portada\",\"item\":\"https:\\\/\\\/cvinoticias.com\\\/v3\\\/\"},{\"@type\":\"ListItem\",\"position\":2,\"name\":\"La Iglesia argentina se une a la Jornada mundial de oraci\u00f3n y reflexi\u00f3n por la trata\"}]},{\"@type\":\"WebSite\",\"@id\":\"https:\\\/\\\/cvinoticias.com\\\/v3\\\/#website\",\"url\":\"https:\\\/\\\/cvinoticias.com\\\/v3\\\/\",\"name\":\"CVI NOTICIAS\",\"description\":\"\",\"publisher\":{\"@id\":\"https:\\\/\\\/cvinoticias.com\\\/v3\\\/#organization\"},\"alternateName\":\"CVI\",\"potentialAction\":[{\"@type\":\"SearchAction\",\"target\":{\"@type\":\"EntryPoint\",\"urlTemplate\":\"https:\\\/\\\/cvinoticias.com\\\/v3\\\/?s={search_term_string}\"},\"query-input\":{\"@type\":\"PropertyValueSpecification\",\"valueRequired\":true,\"valueName\":\"search_term_string\"}}],\"inLanguage\":\"es\"},{\"@type\":\"Organization\",\"@id\":\"https:\\\/\\\/cvinoticias.com\\\/v3\\\/#organization\",\"name\":\"CVI NOTICIAS\",\"url\":\"https:\\\/\\\/cvinoticias.com\\\/v3\\\/\",\"logo\":{\"@type\":\"ImageObject\",\"inLanguage\":\"es\",\"@id\":\"https:\\\/\\\/cvinoticias.com\\\/v3\\\/#\\\/schema\\\/logo\\\/image\\\/\",\"url\":\"https:\\\/\\\/cvinoticias.com\\\/wp-content\\\/uploads\\\/2023\\\/04\\\/cropped-cropped-cropped-cropped-cropped-3-1.png\",\"contentUrl\":\"https:\\\/\\\/cvinoticias.com\\\/wp-content\\\/uploads\\\/2023\\\/04\\\/cropped-cropped-cropped-cropped-cropped-3-1.png\",\"width\":95,\"height\":122,\"caption\":\"CVI NOTICIAS\"},\"image\":{\"@id\":\"https:\\\/\\\/cvinoticias.com\\\/v3\\\/#\\\/schema\\\/logo\\\/image\\\/\"},\"sameAs\":[\"https:\\\/\\\/www.facebook.com\\\/cvinoticias\",\"https:\\\/\\\/www.instagram.com\\\/cvinoticias\\\/\",\"https:\\\/\\\/www.youtube.com\\\/@CVINOTICIAS\"]},{\"@type\":\"Person\",\"@id\":\"https:\\\/\\\/cvinoticias.com\\\/v3\\\/#\\\/schema\\\/person\\\/2db77e3c6bc03c538495d7b2b8be9b66\",\"name\":\"f1000024\",\"image\":{\"@type\":\"ImageObject\",\"inLanguage\":\"es\",\"@id\":\"https:\\\/\\\/secure.gravatar.com\\\/avatar\\\/d4fe7459cfc51ff5129ce1a732bbef5928568b8092d412ef95611616376bbeed?s=96&d=mm&r=g\",\"url\":\"https:\\\/\\\/secure.gravatar.com\\\/avatar\\\/d4fe7459cfc51ff5129ce1a732bbef5928568b8092d412ef95611616376bbeed?s=96&d=mm&r=g\",\"contentUrl\":\"https:\\\/\\\/secure.gravatar.com\\\/avatar\\\/d4fe7459cfc51ff5129ce1a732bbef5928568b8092d412ef95611616376bbeed?s=96&d=mm&r=g\",\"caption\":\"f1000024\"},\"url\":\"https:\\\/\\\/cvinoticias.com\\\/v3\\\/author\\\/f1000024\\\/\"}]}<\/script>\n<!-- \/ Yoast SEO plugin. -->","yoast_head_json":{"title":"La Iglesia argentina se une a la Jornada mundial de oraci\u00f3n y reflexi\u00f3n por la trata | CVI NOTICIAS","robots":{"index":"index","follow":"follow","max-snippet":"max-snippet:-1","max-image-preview":"max-image-preview:large","max-video-preview":"max-video-preview:-1"},"canonical":"https:\/\/cvinoticias.com\/v3\/la-iglesia-argentina-se-une-a-la-jornada-mundial-de-oracion-y-reflexion-por-la-trata\/","og_locale":"es_ES","og_type":"article","og_title":"La Iglesia argentina se une a la Jornada mundial de oraci\u00f3n y reflexi\u00f3n por la trata | CVI NOTICIAS","og_description":"\u201cEl viaje desde la oscuridad de la explotaci\u00f3n y trata hasta la luz de la dignidad y la libertad es un viaje de todos\u201d, expresa la pastoral de migrantes e itinerantes En el d\u00eda de Santa Josefa Bakhita, la Comisi\u00f3n Episcopal de Migrantes e Itinerantes (CEMI) de la Conferencia Episcopal Argentina se une a la [&hellip;]","og_url":"https:\/\/cvinoticias.com\/v3\/la-iglesia-argentina-se-une-a-la-jornada-mundial-de-oracion-y-reflexion-por-la-trata\/","og_site_name":"CVI NOTICIAS","article_publisher":"https:\/\/www.facebook.com\/cvinoticias","article_published_time":"2023-02-08T14:13:04+00:00","og_image":[{"width":866,"height":1106,"url":"https:\/\/cvinoticias.com\/wp-content\/uploads\/2023\/02\/63d240253a0af.jpeg","type":"image\/jpeg"}],"author":"f1000024","twitter_card":"summary_large_image","twitter_misc":{"Escrito por":"f1000024","Tiempo de lectura":"2 minutos"},"schema":{"@context":"https:\/\/schema.org","@graph":[{"@type":"Article","@id":"https:\/\/cvinoticias.com\/v3\/la-iglesia-argentina-se-une-a-la-jornada-mundial-de-oracion-y-reflexion-por-la-trata\/#article","isPartOf":{"@id":"https:\/\/cvinoticias.com\/v3\/la-iglesia-argentina-se-une-a-la-jornada-mundial-de-oracion-y-reflexion-por-la-trata\/"},"author":{"name":"f1000024","@id":"https:\/\/cvinoticias.com\/v3\/#\/schema\/person\/2db77e3c6bc03c538495d7b2b8be9b66"},"headline":"La Iglesia argentina se une a la Jornada mundial de oraci\u00f3n y reflexi\u00f3n por la trata","datePublished":"2023-02-08T14:13:04+00:00","mainEntityOfPage":{"@id":"https:\/\/cvinoticias.com\/v3\/la-iglesia-argentina-se-une-a-la-jornada-mundial-de-oracion-y-reflexion-por-la-trata\/"},"wordCount":457,"commentCount":0,"publisher":{"@id":"https:\/\/cvinoticias.com\/v3\/#organization"},"image":{"@id":"https:\/\/cvinoticias.com\/v3\/la-iglesia-argentina-se-une-a-la-jornada-mundial-de-oracion-y-reflexion-por-la-trata\/#primaryimage"},"thumbnailUrl":"https:\/\/cvinoticias.com\/wp-content\/uploads\/2023\/02\/63d240253a0af.jpeg","articleSection":["Sociedad"],"inLanguage":"es","potentialAction":[{"@type":"CommentAction","name":"Comment","target":["https:\/\/cvinoticias.com\/v3\/la-iglesia-argentina-se-une-a-la-jornada-mundial-de-oracion-y-reflexion-por-la-trata\/#respond"]}]},{"@type":"WebPage","@id":"https:\/\/cvinoticias.com\/v3\/la-iglesia-argentina-se-une-a-la-jornada-mundial-de-oracion-y-reflexion-por-la-trata\/","url":"https:\/\/cvinoticias.com\/v3\/la-iglesia-argentina-se-une-a-la-jornada-mundial-de-oracion-y-reflexion-por-la-trata\/","name":"La Iglesia argentina se une a la Jornada mundial de oraci\u00f3n y reflexi\u00f3n por la trata | CVI NOTICIAS","isPartOf":{"@id":"https:\/\/cvinoticias.com\/v3\/#website"},"primaryImageOfPage":{"@id":"https:\/\/cvinoticias.com\/v3\/la-iglesia-argentina-se-une-a-la-jornada-mundial-de-oracion-y-reflexion-por-la-trata\/#primaryimage"},"image":{"@id":"https:\/\/cvinoticias.com\/v3\/la-iglesia-argentina-se-une-a-la-jornada-mundial-de-oracion-y-reflexion-por-la-trata\/#primaryimage"},"thumbnailUrl":"https:\/\/cvinoticias.com\/wp-content\/uploads\/2023\/02\/63d240253a0af.jpeg","datePublished":"2023-02-08T14:13:04+00:00","breadcrumb":{"@id":"https:\/\/cvinoticias.com\/v3\/la-iglesia-argentina-se-une-a-la-jornada-mundial-de-oracion-y-reflexion-por-la-trata\/#breadcrumb"},"inLanguage":"es","potentialAction":[{"@type":"ReadAction","target":["https:\/\/cvinoticias.com\/v3\/la-iglesia-argentina-se-une-a-la-jornada-mundial-de-oracion-y-reflexion-por-la-trata\/"]}]},{"@type":"ImageObject","inLanguage":"es","@id":"https:\/\/cvinoticias.com\/v3\/la-iglesia-argentina-se-une-a-la-jornada-mundial-de-oracion-y-reflexion-por-la-trata\/#primaryimage","url":"https:\/\/cvinoticias.com\/wp-content\/uploads\/2023\/02\/63d240253a0af.jpeg","contentUrl":"https:\/\/cvinoticias.com\/wp-content\/uploads\/2023\/02\/63d240253a0af.jpeg","width":866,"height":1106},{"@type":"BreadcrumbList","@id":"https:\/\/cvinoticias.com\/v3\/la-iglesia-argentina-se-une-a-la-jornada-mundial-de-oracion-y-reflexion-por-la-trata\/#breadcrumb","itemListElement":[{"@type":"ListItem","position":1,"name":"Portada","item":"https:\/\/cvinoticias.com\/v3\/"},{"@type":"ListItem","position":2,"name":"La Iglesia argentina se une a la Jornada mundial de oraci\u00f3n y reflexi\u00f3n por la trata"}]},{"@type":"WebSite","@id":"https:\/\/cvinoticias.com\/v3\/#website","url":"https:\/\/cvinoticias.com\/v3\/","name":"CVI NOTICIAS","description":"","publisher":{"@id":"https:\/\/cvinoticias.com\/v3\/#organization"},"alternateName":"CVI","potentialAction":[{"@type":"SearchAction","target":{"@type":"EntryPoint","urlTemplate":"https:\/\/cvinoticias.com\/v3\/?s={search_term_string}"},"query-input":{"@type":"PropertyValueSpecification","valueRequired":true,"valueName":"search_term_string"}}],"inLanguage":"es"},{"@type":"Organization","@id":"https:\/\/cvinoticias.com\/v3\/#organization","name":"CVI NOTICIAS","url":"https:\/\/cvinoticias.com\/v3\/","logo":{"@type":"ImageObject","inLanguage":"es","@id":"https:\/\/cvinoticias.com\/v3\/#\/schema\/logo\/image\/","url":"https:\/\/cvinoticias.com\/wp-content\/uploads\/2023\/04\/cropped-cropped-cropped-cropped-cropped-3-1.png","contentUrl":"https:\/\/cvinoticias.com\/wp-content\/uploads\/2023\/04\/cropped-cropped-cropped-cropped-cropped-3-1.png","width":95,"height":122,"caption":"CVI NOTICIAS"},"image":{"@id":"https:\/\/cvinoticias.com\/v3\/#\/schema\/logo\/image\/"},"sameAs":["https:\/\/www.facebook.com\/cvinoticias","https:\/\/www.instagram.com\/cvinoticias\/","https:\/\/www.youtube.com\/@CVINOTICIAS"]},{"@type":"Person","@id":"https:\/\/cvinoticias.com\/v3\/#\/schema\/person\/2db77e3c6bc03c538495d7b2b8be9b66","name":"f1000024","image":{"@type":"ImageObject","inLanguage":"es","@id":"https:\/\/secure.gravatar.com\/avatar\/d4fe7459cfc51ff5129ce1a732bbef5928568b8092d412ef95611616376bbeed?s=96&d=mm&r=g","url":"https:\/\/secure.gravatar.com\/avatar\/d4fe7459cfc51ff5129ce1a732bbef5928568b8092d412ef95611616376bbeed?s=96&d=mm&r=g","contentUrl":"https:\/\/secure.gravatar.com\/avatar\/d4fe7459cfc51ff5129ce1a732bbef5928568b8092d412ef95611616376bbeed?s=96&d=mm&r=g","caption":"f1000024"},"url":"https:\/\/cvinoticias.com\/v3\/author\/f1000024\/"}]}},"_links":{"self":[{"href":"https:\/\/cvinoticias.com\/v3\/wp-json\/wp\/v2\/posts\/22457","targetHints":{"allow":["GET"]}}],"collection":[{"href":"https:\/\/cvinoticias.com\/v3\/wp-json\/wp\/v2\/posts"}],"about":[{"href":"https:\/\/cvinoticias.com\/v3\/wp-json\/wp\/v2\/types\/post"}],"author":[{"embeddable":true,"href":"https:\/\/cvinoticias.com\/v3\/wp-json\/wp\/v2\/users\/2"}],"replies":[{"embeddable":true,"href":"https:\/\/cvinoticias.com\/v3\/wp-json\/wp\/v2\/comments?post=22457"}],"version-history":[{"count":1,"href":"https:\/\/cvinoticias.com\/v3\/wp-json\/wp\/v2\/posts\/22457\/revisions"}],"predecessor-version":[{"id":22459,"href":"https:\/\/cvinoticias.com\/v3\/wp-json\/wp\/v2\/posts\/22457\/revisions\/22459"}],"wp:featuredmedia":[{"embeddable":true,"href":"https:\/\/cvinoticias.com\/v3\/wp-json\/wp\/v2\/media\/22458"}],"wp:attachment":[{"href":"https:\/\/cvinoticias.com\/v3\/wp-json\/wp\/v2\/media?parent=22457"}],"wp:term":[{"taxonomy":"category","embeddable":true,"href":"https:\/\/cvinoticias.com\/v3\/wp-json\/wp\/v2\/categories?post=22457"},{"taxonomy":"post_tag","embeddable":true,"href":"https:\/\/cvinoticias.com\/v3\/wp-json\/wp\/v2\/tags?post=22457"}],"curies":[{"name":"wp","href":"https:\/\/api.w.org\/{rel}","templated":true}]}}