{"id":22439,"date":"2023-02-07T11:56:25","date_gmt":"2023-02-07T11:56:25","guid":{"rendered":"https:\/\/cvinoticias.com\/v3\/?p=22439"},"modified":"2023-02-07T11:56:25","modified_gmt":"2023-02-07T11:56:25","slug":"trasladaran-a-un-chimpance-de-33-anos-a-un-santuario-de-grandes-primates-en-brasil","status":"publish","type":"post","link":"https:\/\/cvinoticias.com\/v3\/trasladaran-a-un-chimpance-de-33-anos-a-un-santuario-de-grandes-primates-en-brasil\/","title":{"rendered":"Trasladar\u00e1n a un chimpanc\u00e9 de 33 a\u00f1os a un santuario de grandes primates en Brasil"},"content":{"rendered":"\n<p><strong><em>La Justicia de R\u00edo Negro orden\u00f3 en primera instancia que el chimpanc\u00e9 Toti, alojado en el zool\u00f3gico Bubalc\u00f3 de Contralmirante Guerrico, sea trasladado a un centro y\/o santuario para grandes primates.<\/em><\/strong><\/p>\n\n\n\n<p>La sentencia se centr\u00f3 en la pericia de la experta designada por el tribunal, Mar\u00eda de la Paz Salinas, quien concluy\u00f3 que Toti \u00abse encuentra en forma actual e inminente en riesgo\u00bb y que \u00absufre de un cuadro de ansiedad permanente\u00bb por la falta de socializaci\u00f3n con otros de su especie, con el est\u00edmulo del p\u00fablico en el zool\u00f3gico y por las condiciones ambientales de su lugar de alojamiento.<\/p>\n\n\n\n<p>Toti est\u00e1 en Bubalc\u00f3 desde finales de 2013 y tiene 33 a\u00f1os, naci\u00f3 en 1990 en el zool\u00f3gico Cutini, en Ezeiza, y fue trasladado junto a su madre al zoo de Florencio Varela, en la provincia de Buenos Aires.<\/p>\n\n\n\n<p>Cuando a\u00fan amamantaba, la mam\u00e1 muri\u00f3 y en 2008 fue trasladado al zoo de C\u00f3rdoba Capital, hasta que finalmente lleg\u00f3 a Guerrico hace 10 a\u00f1os.<\/p>\n\n\n\n<p>Contralmirante Mart\u00edn Guerrico es una localidad ubicada en el departamento rionegrino de General Roca, ubicada sobre la Ruta Nacional 22, 12 km al Sudeste del centro de Allen.<\/p>\n\n\n\n<p>Seg\u00fan el amparo, durante su vida solo tuvo contacto directo con dos seres de su especie por cortos per\u00edodos, \u00absu mam\u00e1\u00bb y el chimpanc\u00e9 \u00abCoco\u00bb, en C\u00f3rdoba.<\/p>\n\n\n\n<p>En ese marco, la jueza de la Unidad de Familia \u00c1ngela Sosa defini\u00f3 que una vez firme el fallo, se dispondr\u00e1 \u00abla designaci\u00f3n del equipo de expertos sugerido en la pericia realizada, quien evaluar\u00e1, determinar\u00e1 la factibilidad y condiciones del traslado\u00bb.<\/p>\n\n\n\n<p>En esa etapa tambi\u00e9n se \u00abdeterminar\u00e1 el destino y\/o centro al cual ser\u00e1, en su caso, trasladado\u00bb, y que \u00ablos costos de traslado deber\u00e1n ser asumidos por los amparistas\u00bb.<\/p>\n\n\n\n<p>Cuando el fallo quede firme, se pedir\u00e1 colaboraci\u00f3n a las direcciones de Fauna de la provincia y de la Naci\u00f3n y al Senasa para buscar a los profesionales que realizar\u00e1n las \u00abevaluaciones tendientes a determinar si el chimpanc\u00e9 se encuentra en condiciones psicof\u00edsicas de ser traslado\u00bb y para que sugieran los posibles destinos.<\/p>\n\n\n\n<p>La determinaci\u00f3n de la Justicia se encuadra en la acci\u00f3n de amparo impulsada a fines de 2020 por la ONG Asociaci\u00f3n de Funcionarios y Abogados por los Derechos de los Animales (Afada) y acompa\u00f1ada por el Ministerio P\u00fablico de la Defensa.<\/p>\n\n\n\n<p>Con el amparo se pidi\u00f3 \u00abla liberaci\u00f3n\u00bb de Toti y \u00absu posterior e inmediato traslado y reubicaci\u00f3n en un santuario para grandes primates\u00bb.<\/p>\n\n\n\n<p>Desde Afada se propuso como posibles destinos el Santuario de Grandes Primates de Sorocaba (Sao Paulo, Brasil) y el Instituto ANAMI (Curitiba, Brasil) y seg\u00fan se inform\u00f3 \u00abdijo que eventualmente los gastos de traslados ser\u00edan asumidos en su totalidad por las autoridades de dichos establecimientos\u00bb.<\/p>\n\n\n\n<p>La decisi\u00f3n de la Unidad Procesal N\u00b0 17 de Familia de General Roca advirti\u00f3, finalmente que la materializaci\u00f3n del traslado depender\u00e1 de que el fallo quede firme y que un equipo de expertos pueda definir el lugar de destino, la concreta \u00abfactibilidad\u00bb del traslado y pueda preparar f\u00edsica y ps\u00edquicamente al chimpanc\u00e9 para su readaptaci\u00f3n a un nuevo \u00e1mbito.<\/p>\n","protected":false},"excerpt":{"rendered":"<p>La Justicia de R\u00edo Negro orden\u00f3 en primera instancia que el chimpanc\u00e9 Toti, alojado en el zool\u00f3gico Bubalc\u00f3 de Contralmirante Guerrico, sea trasladado a un centro y\/o santuario para grandes primates. La sentencia se centr\u00f3 en la pericia de la experta designada por el tribunal, Mar\u00eda de la Paz Salinas, quien concluy\u00f3 que Toti \u00abse [&hellip;]<\/p>\n","protected":false},"author":2,"featured_media":22440,"comment_status":"open","ping_status":"open","sticky":false,"template":"","format":"standard","meta":{"footnotes":""},"categories":[35],"tags":[],"class_list":["post-22439","post","type-post","status-publish","format-standard","has-post-thumbnail","hentry","category-informacion-general"],"yoast_head":"<!-- This site is optimized with the Yoast SEO plugin v27.4 - https:\/\/yoast.com\/product\/yoast-seo-wordpress\/ -->\n<title>Trasladar\u00e1n a un chimpanc\u00e9 de 33 a\u00f1os a un santuario de grandes primates en Brasil | CVI NOTICIAS<\/title>\n<meta name=\"robots\" content=\"index, follow, max-snippet:-1, max-image-preview:large, max-video-preview:-1\" \/>\n<link rel=\"canonical\" href=\"https:\/\/cvinoticias.com\/v3\/trasladaran-a-un-chimpance-de-33-anos-a-un-santuario-de-grandes-primates-en-brasil\/\" \/>\n<meta property=\"og:locale\" content=\"es_ES\" \/>\n<meta property=\"og:type\" content=\"article\" \/>\n<meta property=\"og:title\" content=\"Trasladar\u00e1n a un chimpanc\u00e9 de 33 a\u00f1os a un santuario de grandes primates en Brasil | CVI NOTICIAS\" \/>\n<meta property=\"og:description\" content=\"La Justicia de R\u00edo Negro orden\u00f3 en primera instancia que el chimpanc\u00e9 Toti, alojado en el zool\u00f3gico Bubalc\u00f3 de Contralmirante Guerrico, sea trasladado a un centro y\/o santuario para grandes primates. La sentencia se centr\u00f3 en la pericia de la experta designada por el tribunal, Mar\u00eda de la Paz Salinas, quien concluy\u00f3 que Toti \u00abse [&hellip;]\" \/>\n<meta property=\"og:url\" content=\"https:\/\/cvinoticias.com\/v3\/trasladaran-a-un-chimpance-de-33-anos-a-un-santuario-de-grandes-primates-en-brasil\/\" \/>\n<meta property=\"og:site_name\" content=\"CVI NOTICIAS\" \/>\n<meta property=\"article:publisher\" content=\"https:\/\/www.facebook.com\/cvinoticias\" \/>\n<meta property=\"article:published_time\" content=\"2023-02-07T11:56:25+00:00\" \/>\n<meta property=\"og:image\" content=\"https:\/\/cvinoticias.com\/wp-content\/uploads\/2023\/02\/2.8-1.jpg\" \/>\n\t<meta property=\"og:image:width\" content=\"1024\" \/>\n\t<meta property=\"og:image:height\" content=\"576\" \/>\n\t<meta property=\"og:image:type\" content=\"image\/jpeg\" \/>\n<meta name=\"author\" content=\"f1000024\" \/>\n<meta name=\"twitter:card\" content=\"summary_large_image\" \/>\n<meta name=\"twitter:label1\" content=\"Escrito por\" \/>\n\t<meta name=\"twitter:data1\" content=\"f1000024\" \/>\n\t<meta name=\"twitter:label2\" content=\"Tiempo de lectura\" \/>\n\t<meta name=\"twitter:data2\" content=\"3 minutos\" \/>\n<script type=\"application\/ld+json\" class=\"yoast-schema-graph\">{\"@context\":\"https:\\\/\\\/schema.org\",\"@graph\":[{\"@type\":\"Article\",\"@id\":\"https:\\\/\\\/cvinoticias.com\\\/v3\\\/trasladaran-a-un-chimpance-de-33-anos-a-un-santuario-de-grandes-primates-en-brasil\\\/#article\",\"isPartOf\":{\"@id\":\"https:\\\/\\\/cvinoticias.com\\\/v3\\\/trasladaran-a-un-chimpance-de-33-anos-a-un-santuario-de-grandes-primates-en-brasil\\\/\"},\"author\":{\"name\":\"f1000024\",\"@id\":\"https:\\\/\\\/cvinoticias.com\\\/v3\\\/#\\\/schema\\\/person\\\/2db77e3c6bc03c538495d7b2b8be9b66\"},\"headline\":\"Trasladar\u00e1n a un chimpanc\u00e9 de 33 a\u00f1os a un santuario de grandes primates en Brasil\",\"datePublished\":\"2023-02-07T11:56:25+00:00\",\"mainEntityOfPage\":{\"@id\":\"https:\\\/\\\/cvinoticias.com\\\/v3\\\/trasladaran-a-un-chimpance-de-33-anos-a-un-santuario-de-grandes-primates-en-brasil\\\/\"},\"wordCount\":556,\"commentCount\":0,\"publisher\":{\"@id\":\"https:\\\/\\\/cvinoticias.com\\\/v3\\\/#organization\"},\"image\":{\"@id\":\"https:\\\/\\\/cvinoticias.com\\\/v3\\\/trasladaran-a-un-chimpance-de-33-anos-a-un-santuario-de-grandes-primates-en-brasil\\\/#primaryimage\"},\"thumbnailUrl\":\"https:\\\/\\\/cvinoticias.com\\\/wp-content\\\/uploads\\\/2023\\\/02\\\/2.8-1.jpg\",\"articleSection\":[\"Informaci\u00f3n General\"],\"inLanguage\":\"es\",\"potentialAction\":[{\"@type\":\"CommentAction\",\"name\":\"Comment\",\"target\":[\"https:\\\/\\\/cvinoticias.com\\\/v3\\\/trasladaran-a-un-chimpance-de-33-anos-a-un-santuario-de-grandes-primates-en-brasil\\\/#respond\"]}]},{\"@type\":\"WebPage\",\"@id\":\"https:\\\/\\\/cvinoticias.com\\\/v3\\\/trasladaran-a-un-chimpance-de-33-anos-a-un-santuario-de-grandes-primates-en-brasil\\\/\",\"url\":\"https:\\\/\\\/cvinoticias.com\\\/v3\\\/trasladaran-a-un-chimpance-de-33-anos-a-un-santuario-de-grandes-primates-en-brasil\\\/\",\"name\":\"Trasladar\u00e1n a un chimpanc\u00e9 de 33 a\u00f1os a un santuario de grandes primates en Brasil | CVI NOTICIAS\",\"isPartOf\":{\"@id\":\"https:\\\/\\\/cvinoticias.com\\\/v3\\\/#website\"},\"primaryImageOfPage\":{\"@id\":\"https:\\\/\\\/cvinoticias.com\\\/v3\\\/trasladaran-a-un-chimpance-de-33-anos-a-un-santuario-de-grandes-primates-en-brasil\\\/#primaryimage\"},\"image\":{\"@id\":\"https:\\\/\\\/cvinoticias.com\\\/v3\\\/trasladaran-a-un-chimpance-de-33-anos-a-un-santuario-de-grandes-primates-en-brasil\\\/#primaryimage\"},\"thumbnailUrl\":\"https:\\\/\\\/cvinoticias.com\\\/wp-content\\\/uploads\\\/2023\\\/02\\\/2.8-1.jpg\",\"datePublished\":\"2023-02-07T11:56:25+00:00\",\"breadcrumb\":{\"@id\":\"https:\\\/\\\/cvinoticias.com\\\/v3\\\/trasladaran-a-un-chimpance-de-33-anos-a-un-santuario-de-grandes-primates-en-brasil\\\/#breadcrumb\"},\"inLanguage\":\"es\",\"potentialAction\":[{\"@type\":\"ReadAction\",\"target\":[\"https:\\\/\\\/cvinoticias.com\\\/v3\\\/trasladaran-a-un-chimpance-de-33-anos-a-un-santuario-de-grandes-primates-en-brasil\\\/\"]}]},{\"@type\":\"ImageObject\",\"inLanguage\":\"es\",\"@id\":\"https:\\\/\\\/cvinoticias.com\\\/v3\\\/trasladaran-a-un-chimpance-de-33-anos-a-un-santuario-de-grandes-primates-en-brasil\\\/#primaryimage\",\"url\":\"https:\\\/\\\/cvinoticias.com\\\/wp-content\\\/uploads\\\/2023\\\/02\\\/2.8-1.jpg\",\"contentUrl\":\"https:\\\/\\\/cvinoticias.com\\\/wp-content\\\/uploads\\\/2023\\\/02\\\/2.8-1.jpg\",\"width\":1024,\"height\":576},{\"@type\":\"BreadcrumbList\",\"@id\":\"https:\\\/\\\/cvinoticias.com\\\/v3\\\/trasladaran-a-un-chimpance-de-33-anos-a-un-santuario-de-grandes-primates-en-brasil\\\/#breadcrumb\",\"itemListElement\":[{\"@type\":\"ListItem\",\"position\":1,\"name\":\"Portada\",\"item\":\"https:\\\/\\\/cvinoticias.com\\\/v3\\\/\"},{\"@type\":\"ListItem\",\"position\":2,\"name\":\"Trasladar\u00e1n a un chimpanc\u00e9 de 33 a\u00f1os a un santuario de grandes primates en Brasil\"}]},{\"@type\":\"WebSite\",\"@id\":\"https:\\\/\\\/cvinoticias.com\\\/v3\\\/#website\",\"url\":\"https:\\\/\\\/cvinoticias.com\\\/v3\\\/\",\"name\":\"CVI NOTICIAS\",\"description\":\"\",\"publisher\":{\"@id\":\"https:\\\/\\\/cvinoticias.com\\\/v3\\\/#organization\"},\"alternateName\":\"CVI\",\"potentialAction\":[{\"@type\":\"SearchAction\",\"target\":{\"@type\":\"EntryPoint\",\"urlTemplate\":\"https:\\\/\\\/cvinoticias.com\\\/v3\\\/?s={search_term_string}\"},\"query-input\":{\"@type\":\"PropertyValueSpecification\",\"valueRequired\":true,\"valueName\":\"search_term_string\"}}],\"inLanguage\":\"es\"},{\"@type\":\"Organization\",\"@id\":\"https:\\\/\\\/cvinoticias.com\\\/v3\\\/#organization\",\"name\":\"CVI NOTICIAS\",\"url\":\"https:\\\/\\\/cvinoticias.com\\\/v3\\\/\",\"logo\":{\"@type\":\"ImageObject\",\"inLanguage\":\"es\",\"@id\":\"https:\\\/\\\/cvinoticias.com\\\/v3\\\/#\\\/schema\\\/logo\\\/image\\\/\",\"url\":\"https:\\\/\\\/cvinoticias.com\\\/wp-content\\\/uploads\\\/2023\\\/04\\\/cropped-cropped-cropped-cropped-cropped-3-1.png\",\"contentUrl\":\"https:\\\/\\\/cvinoticias.com\\\/wp-content\\\/uploads\\\/2023\\\/04\\\/cropped-cropped-cropped-cropped-cropped-3-1.png\",\"width\":95,\"height\":122,\"caption\":\"CVI NOTICIAS\"},\"image\":{\"@id\":\"https:\\\/\\\/cvinoticias.com\\\/v3\\\/#\\\/schema\\\/logo\\\/image\\\/\"},\"sameAs\":[\"https:\\\/\\\/www.facebook.com\\\/cvinoticias\",\"https:\\\/\\\/www.instagram.com\\\/cvinoticias\\\/\",\"https:\\\/\\\/www.youtube.com\\\/@CVINOTICIAS\"]},{\"@type\":\"Person\",\"@id\":\"https:\\\/\\\/cvinoticias.com\\\/v3\\\/#\\\/schema\\\/person\\\/2db77e3c6bc03c538495d7b2b8be9b66\",\"name\":\"f1000024\",\"image\":{\"@type\":\"ImageObject\",\"inLanguage\":\"es\",\"@id\":\"https:\\\/\\\/secure.gravatar.com\\\/avatar\\\/d4fe7459cfc51ff5129ce1a732bbef5928568b8092d412ef95611616376bbeed?s=96&d=mm&r=g\",\"url\":\"https:\\\/\\\/secure.gravatar.com\\\/avatar\\\/d4fe7459cfc51ff5129ce1a732bbef5928568b8092d412ef95611616376bbeed?s=96&d=mm&r=g\",\"contentUrl\":\"https:\\\/\\\/secure.gravatar.com\\\/avatar\\\/d4fe7459cfc51ff5129ce1a732bbef5928568b8092d412ef95611616376bbeed?s=96&d=mm&r=g\",\"caption\":\"f1000024\"},\"url\":\"https:\\\/\\\/cvinoticias.com\\\/v3\\\/author\\\/f1000024\\\/\"}]}<\/script>\n<!-- \/ Yoast SEO plugin. -->","yoast_head_json":{"title":"Trasladar\u00e1n a un chimpanc\u00e9 de 33 a\u00f1os a un santuario de grandes primates en Brasil | CVI NOTICIAS","robots":{"index":"index","follow":"follow","max-snippet":"max-snippet:-1","max-image-preview":"max-image-preview:large","max-video-preview":"max-video-preview:-1"},"canonical":"https:\/\/cvinoticias.com\/v3\/trasladaran-a-un-chimpance-de-33-anos-a-un-santuario-de-grandes-primates-en-brasil\/","og_locale":"es_ES","og_type":"article","og_title":"Trasladar\u00e1n a un chimpanc\u00e9 de 33 a\u00f1os a un santuario de grandes primates en Brasil | CVI NOTICIAS","og_description":"La Justicia de R\u00edo Negro orden\u00f3 en primera instancia que el chimpanc\u00e9 Toti, alojado en el zool\u00f3gico Bubalc\u00f3 de Contralmirante Guerrico, sea trasladado a un centro y\/o santuario para grandes primates. La sentencia se centr\u00f3 en la pericia de la experta designada por el tribunal, Mar\u00eda de la Paz Salinas, quien concluy\u00f3 que Toti \u00abse [&hellip;]","og_url":"https:\/\/cvinoticias.com\/v3\/trasladaran-a-un-chimpance-de-33-anos-a-un-santuario-de-grandes-primates-en-brasil\/","og_site_name":"CVI NOTICIAS","article_publisher":"https:\/\/www.facebook.com\/cvinoticias","article_published_time":"2023-02-07T11:56:25+00:00","og_image":[{"width":1024,"height":576,"url":"https:\/\/cvinoticias.com\/wp-content\/uploads\/2023\/02\/2.8-1.jpg","type":"image\/jpeg"}],"author":"f1000024","twitter_card":"summary_large_image","twitter_misc":{"Escrito por":"f1000024","Tiempo de lectura":"3 minutos"},"schema":{"@context":"https:\/\/schema.org","@graph":[{"@type":"Article","@id":"https:\/\/cvinoticias.com\/v3\/trasladaran-a-un-chimpance-de-33-anos-a-un-santuario-de-grandes-primates-en-brasil\/#article","isPartOf":{"@id":"https:\/\/cvinoticias.com\/v3\/trasladaran-a-un-chimpance-de-33-anos-a-un-santuario-de-grandes-primates-en-brasil\/"},"author":{"name":"f1000024","@id":"https:\/\/cvinoticias.com\/v3\/#\/schema\/person\/2db77e3c6bc03c538495d7b2b8be9b66"},"headline":"Trasladar\u00e1n a un chimpanc\u00e9 de 33 a\u00f1os a un santuario de grandes primates en Brasil","datePublished":"2023-02-07T11:56:25+00:00","mainEntityOfPage":{"@id":"https:\/\/cvinoticias.com\/v3\/trasladaran-a-un-chimpance-de-33-anos-a-un-santuario-de-grandes-primates-en-brasil\/"},"wordCount":556,"commentCount":0,"publisher":{"@id":"https:\/\/cvinoticias.com\/v3\/#organization"},"image":{"@id":"https:\/\/cvinoticias.com\/v3\/trasladaran-a-un-chimpance-de-33-anos-a-un-santuario-de-grandes-primates-en-brasil\/#primaryimage"},"thumbnailUrl":"https:\/\/cvinoticias.com\/wp-content\/uploads\/2023\/02\/2.8-1.jpg","articleSection":["Informaci\u00f3n General"],"inLanguage":"es","potentialAction":[{"@type":"CommentAction","name":"Comment","target":["https:\/\/cvinoticias.com\/v3\/trasladaran-a-un-chimpance-de-33-anos-a-un-santuario-de-grandes-primates-en-brasil\/#respond"]}]},{"@type":"WebPage","@id":"https:\/\/cvinoticias.com\/v3\/trasladaran-a-un-chimpance-de-33-anos-a-un-santuario-de-grandes-primates-en-brasil\/","url":"https:\/\/cvinoticias.com\/v3\/trasladaran-a-un-chimpance-de-33-anos-a-un-santuario-de-grandes-primates-en-brasil\/","name":"Trasladar\u00e1n a un chimpanc\u00e9 de 33 a\u00f1os a un santuario de grandes primates en Brasil | CVI NOTICIAS","isPartOf":{"@id":"https:\/\/cvinoticias.com\/v3\/#website"},"primaryImageOfPage":{"@id":"https:\/\/cvinoticias.com\/v3\/trasladaran-a-un-chimpance-de-33-anos-a-un-santuario-de-grandes-primates-en-brasil\/#primaryimage"},"image":{"@id":"https:\/\/cvinoticias.com\/v3\/trasladaran-a-un-chimpance-de-33-anos-a-un-santuario-de-grandes-primates-en-brasil\/#primaryimage"},"thumbnailUrl":"https:\/\/cvinoticias.com\/wp-content\/uploads\/2023\/02\/2.8-1.jpg","datePublished":"2023-02-07T11:56:25+00:00","breadcrumb":{"@id":"https:\/\/cvinoticias.com\/v3\/trasladaran-a-un-chimpance-de-33-anos-a-un-santuario-de-grandes-primates-en-brasil\/#breadcrumb"},"inLanguage":"es","potentialAction":[{"@type":"ReadAction","target":["https:\/\/cvinoticias.com\/v3\/trasladaran-a-un-chimpance-de-33-anos-a-un-santuario-de-grandes-primates-en-brasil\/"]}]},{"@type":"ImageObject","inLanguage":"es","@id":"https:\/\/cvinoticias.com\/v3\/trasladaran-a-un-chimpance-de-33-anos-a-un-santuario-de-grandes-primates-en-brasil\/#primaryimage","url":"https:\/\/cvinoticias.com\/wp-content\/uploads\/2023\/02\/2.8-1.jpg","contentUrl":"https:\/\/cvinoticias.com\/wp-content\/uploads\/2023\/02\/2.8-1.jpg","width":1024,"height":576},{"@type":"BreadcrumbList","@id":"https:\/\/cvinoticias.com\/v3\/trasladaran-a-un-chimpance-de-33-anos-a-un-santuario-de-grandes-primates-en-brasil\/#breadcrumb","itemListElement":[{"@type":"ListItem","position":1,"name":"Portada","item":"https:\/\/cvinoticias.com\/v3\/"},{"@type":"ListItem","position":2,"name":"Trasladar\u00e1n a un chimpanc\u00e9 de 33 a\u00f1os a un santuario de grandes primates en Brasil"}]},{"@type":"WebSite","@id":"https:\/\/cvinoticias.com\/v3\/#website","url":"https:\/\/cvinoticias.com\/v3\/","name":"CVI NOTICIAS","description":"","publisher":{"@id":"https:\/\/cvinoticias.com\/v3\/#organization"},"alternateName":"CVI","potentialAction":[{"@type":"SearchAction","target":{"@type":"EntryPoint","urlTemplate":"https:\/\/cvinoticias.com\/v3\/?s={search_term_string}"},"query-input":{"@type":"PropertyValueSpecification","valueRequired":true,"valueName":"search_term_string"}}],"inLanguage":"es"},{"@type":"Organization","@id":"https:\/\/cvinoticias.com\/v3\/#organization","name":"CVI NOTICIAS","url":"https:\/\/cvinoticias.com\/v3\/","logo":{"@type":"ImageObject","inLanguage":"es","@id":"https:\/\/cvinoticias.com\/v3\/#\/schema\/logo\/image\/","url":"https:\/\/cvinoticias.com\/wp-content\/uploads\/2023\/04\/cropped-cropped-cropped-cropped-cropped-3-1.png","contentUrl":"https:\/\/cvinoticias.com\/wp-content\/uploads\/2023\/04\/cropped-cropped-cropped-cropped-cropped-3-1.png","width":95,"height":122,"caption":"CVI NOTICIAS"},"image":{"@id":"https:\/\/cvinoticias.com\/v3\/#\/schema\/logo\/image\/"},"sameAs":["https:\/\/www.facebook.com\/cvinoticias","https:\/\/www.instagram.com\/cvinoticias\/","https:\/\/www.youtube.com\/@CVINOTICIAS"]},{"@type":"Person","@id":"https:\/\/cvinoticias.com\/v3\/#\/schema\/person\/2db77e3c6bc03c538495d7b2b8be9b66","name":"f1000024","image":{"@type":"ImageObject","inLanguage":"es","@id":"https:\/\/secure.gravatar.com\/avatar\/d4fe7459cfc51ff5129ce1a732bbef5928568b8092d412ef95611616376bbeed?s=96&d=mm&r=g","url":"https:\/\/secure.gravatar.com\/avatar\/d4fe7459cfc51ff5129ce1a732bbef5928568b8092d412ef95611616376bbeed?s=96&d=mm&r=g","contentUrl":"https:\/\/secure.gravatar.com\/avatar\/d4fe7459cfc51ff5129ce1a732bbef5928568b8092d412ef95611616376bbeed?s=96&d=mm&r=g","caption":"f1000024"},"url":"https:\/\/cvinoticias.com\/v3\/author\/f1000024\/"}]}},"_links":{"self":[{"href":"https:\/\/cvinoticias.com\/v3\/wp-json\/wp\/v2\/posts\/22439","targetHints":{"allow":["GET"]}}],"collection":[{"href":"https:\/\/cvinoticias.com\/v3\/wp-json\/wp\/v2\/posts"}],"about":[{"href":"https:\/\/cvinoticias.com\/v3\/wp-json\/wp\/v2\/types\/post"}],"author":[{"embeddable":true,"href":"https:\/\/cvinoticias.com\/v3\/wp-json\/wp\/v2\/users\/2"}],"replies":[{"embeddable":true,"href":"https:\/\/cvinoticias.com\/v3\/wp-json\/wp\/v2\/comments?post=22439"}],"version-history":[{"count":1,"href":"https:\/\/cvinoticias.com\/v3\/wp-json\/wp\/v2\/posts\/22439\/revisions"}],"predecessor-version":[{"id":22441,"href":"https:\/\/cvinoticias.com\/v3\/wp-json\/wp\/v2\/posts\/22439\/revisions\/22441"}],"wp:featuredmedia":[{"embeddable":true,"href":"https:\/\/cvinoticias.com\/v3\/wp-json\/wp\/v2\/media\/22440"}],"wp:attachment":[{"href":"https:\/\/cvinoticias.com\/v3\/wp-json\/wp\/v2\/media?parent=22439"}],"wp:term":[{"taxonomy":"category","embeddable":true,"href":"https:\/\/cvinoticias.com\/v3\/wp-json\/wp\/v2\/categories?post=22439"},{"taxonomy":"post_tag","embeddable":true,"href":"https:\/\/cvinoticias.com\/v3\/wp-json\/wp\/v2\/tags?post=22439"}],"curies":[{"name":"wp","href":"https:\/\/api.w.org\/{rel}","templated":true}]}}