{"id":22436,"date":"2023-02-07T11:48:56","date_gmt":"2023-02-07T11:48:56","guid":{"rendered":"https:\/\/cvinoticias.com\/v3\/?p=22436"},"modified":"2023-02-07T11:48:56","modified_gmt":"2023-02-07T11:48:56","slug":"afip-adelanta-el-vencimiento-de-obligaciones-impositivas-de-febrero","status":"publish","type":"post","link":"https:\/\/cvinoticias.com\/v3\/afip-adelanta-el-vencimiento-de-obligaciones-impositivas-de-febrero\/","title":{"rendered":"AFIP adelanta el vencimiento de obligaciones impositivas de febrero"},"content":{"rendered":"\n<p><strong><em>Los vencimientos pautados para el mes ser\u00e1n para los CUIT terminados en 6 y 7 el 23; y para los finalizados en 8 y 9, el 24.<\/em><\/strong><\/p>\n\n\n\n<p>La Administraci\u00f3n Federal de Ingresos P\u00fablicos (AFIP) resolvi\u00f3 adelantar al 23 y 24 de febrero el vencimiento para el cumplimiento de la determinaci\u00f3n e ingreso de ciertas obligaciones impositivas, que originalmente estaba fijado para 27 y 28 de este mes, a trav\u00e9s de la resoluci\u00f3n general 5323\/23, publicada hoy en el Bolet\u00edn Oficial.<\/p>\n\n\n\n<p>Esto rige para la presentaci\u00f3n de la declaraci\u00f3n jurada del impuesto al valor agregado (IVA) del r\u00e9gimen general y el ingreso del saldo resultante correspondientes al per\u00edodo fiscal enero de 2023, al igual que para Libro IVA Digital.<\/p>\n\n\n\n<p>Tambi\u00e9n para el ingreso diferido del saldo resultante de la declaraci\u00f3n jurada del IVA para micro y peque\u00f1as empresas del per\u00edodo fiscal noviembre de 2022 y presentaci\u00f3n de la declaraci\u00f3n jurada correspondiente al per\u00edodo fiscal enero de 2023.<\/p>\n\n\n\n<p>Lo mismo para la presentaci\u00f3n de la declaraci\u00f3n jurada del IVA para la actividad agropecuaria del per\u00edodo fiscal enero de 2023 e ingreso anual del impuesto correspondiente a ejercicios con cierre el mismo mes.<\/p>\n\n\n\n<p>Asimismo, se establece, con car\u00e1cter de excepci\u00f3n, el 24 de febrero como fecha de vencimiento para la determinaci\u00f3n o ingreso de otras obligaciones tributarias originalmente fijada para el 27 de febrero del corriente a\u00f1o.<\/p>\n\n\n\n<p>Ac\u00e1 quedan alcanzados el ingreso de las percepciones del impuesto PA\u00cfS; de las sumas percibidas y del importe correspondiente al impuesto sobre los cr\u00e9ditos y d\u00e9bitos en cuentas bancarias y otras operatorias; y del gravamen a las entradas de espect\u00e1culos cinematogr\u00e1ficos, en todos los casos para el per\u00edodo comprendido entre el 16 y el 22 de febrero.<\/p>\n","protected":false},"excerpt":{"rendered":"<p>Los vencimientos pautados para el mes ser\u00e1n para los CUIT terminados en 6 y 7 el 23; y para los finalizados en 8 y 9, el 24. La Administraci\u00f3n Federal de Ingresos P\u00fablicos (AFIP) resolvi\u00f3 adelantar al 23 y 24 de febrero el vencimiento para el cumplimiento de la determinaci\u00f3n e ingreso de ciertas obligaciones [&hellip;]<\/p>\n","protected":false},"author":2,"featured_media":22437,"comment_status":"open","ping_status":"open","sticky":false,"template":"","format":"standard","meta":{"footnotes":""},"categories":[35],"tags":[],"class_list":["post-22436","post","type-post","status-publish","format-standard","has-post-thumbnail","hentry","category-informacion-general"],"yoast_head":"<!-- This site is optimized with the Yoast SEO plugin v27.4 - https:\/\/yoast.com\/product\/yoast-seo-wordpress\/ -->\n<title>AFIP adelanta el vencimiento de obligaciones impositivas de febrero | CVI NOTICIAS<\/title>\n<meta name=\"robots\" content=\"index, follow, max-snippet:-1, max-image-preview:large, max-video-preview:-1\" \/>\n<link rel=\"canonical\" href=\"https:\/\/cvinoticias.com\/v3\/afip-adelanta-el-vencimiento-de-obligaciones-impositivas-de-febrero\/\" \/>\n<meta property=\"og:locale\" content=\"es_ES\" \/>\n<meta property=\"og:type\" content=\"article\" \/>\n<meta property=\"og:title\" content=\"AFIP adelanta el vencimiento de obligaciones impositivas de febrero | CVI NOTICIAS\" \/>\n<meta property=\"og:description\" content=\"Los vencimientos pautados para el mes ser\u00e1n para los CUIT terminados en 6 y 7 el 23; y para los finalizados en 8 y 9, el 24. La Administraci\u00f3n Federal de Ingresos P\u00fablicos (AFIP) resolvi\u00f3 adelantar al 23 y 24 de febrero el vencimiento para el cumplimiento de la determinaci\u00f3n e ingreso de ciertas obligaciones [&hellip;]\" \/>\n<meta property=\"og:url\" content=\"https:\/\/cvinoticias.com\/v3\/afip-adelanta-el-vencimiento-de-obligaciones-impositivas-de-febrero\/\" \/>\n<meta property=\"og:site_name\" content=\"CVI NOTICIAS\" \/>\n<meta property=\"article:publisher\" content=\"https:\/\/www.facebook.com\/cvinoticias\" \/>\n<meta property=\"article:published_time\" content=\"2023-02-07T11:48:56+00:00\" \/>\n<meta property=\"og:image\" content=\"https:\/\/cvinoticias.com\/wp-content\/uploads\/2023\/02\/07-2.jpg\" \/>\n\t<meta property=\"og:image:width\" content=\"1024\" \/>\n\t<meta property=\"og:image:height\" content=\"576\" \/>\n\t<meta property=\"og:image:type\" content=\"image\/jpeg\" \/>\n<meta name=\"author\" content=\"f1000024\" \/>\n<meta name=\"twitter:card\" content=\"summary_large_image\" \/>\n<meta name=\"twitter:label1\" content=\"Escrito por\" \/>\n\t<meta name=\"twitter:data1\" content=\"f1000024\" \/>\n\t<meta name=\"twitter:label2\" content=\"Tiempo de lectura\" \/>\n\t<meta name=\"twitter:data2\" content=\"1 minuto\" \/>\n<script type=\"application\/ld+json\" class=\"yoast-schema-graph\">{\"@context\":\"https:\\\/\\\/schema.org\",\"@graph\":[{\"@type\":\"Article\",\"@id\":\"https:\\\/\\\/cvinoticias.com\\\/v3\\\/afip-adelanta-el-vencimiento-de-obligaciones-impositivas-de-febrero\\\/#article\",\"isPartOf\":{\"@id\":\"https:\\\/\\\/cvinoticias.com\\\/v3\\\/afip-adelanta-el-vencimiento-de-obligaciones-impositivas-de-febrero\\\/\"},\"author\":{\"name\":\"f1000024\",\"@id\":\"https:\\\/\\\/cvinoticias.com\\\/v3\\\/#\\\/schema\\\/person\\\/2db77e3c6bc03c538495d7b2b8be9b66\"},\"headline\":\"AFIP adelanta el vencimiento de obligaciones impositivas de febrero\",\"datePublished\":\"2023-02-07T11:48:56+00:00\",\"mainEntityOfPage\":{\"@id\":\"https:\\\/\\\/cvinoticias.com\\\/v3\\\/afip-adelanta-el-vencimiento-de-obligaciones-impositivas-de-febrero\\\/\"},\"wordCount\":302,\"commentCount\":0,\"publisher\":{\"@id\":\"https:\\\/\\\/cvinoticias.com\\\/v3\\\/#organization\"},\"image\":{\"@id\":\"https:\\\/\\\/cvinoticias.com\\\/v3\\\/afip-adelanta-el-vencimiento-de-obligaciones-impositivas-de-febrero\\\/#primaryimage\"},\"thumbnailUrl\":\"https:\\\/\\\/cvinoticias.com\\\/wp-content\\\/uploads\\\/2023\\\/02\\\/07-2.jpg\",\"articleSection\":[\"Informaci\u00f3n General\"],\"inLanguage\":\"es\",\"potentialAction\":[{\"@type\":\"CommentAction\",\"name\":\"Comment\",\"target\":[\"https:\\\/\\\/cvinoticias.com\\\/v3\\\/afip-adelanta-el-vencimiento-de-obligaciones-impositivas-de-febrero\\\/#respond\"]}]},{\"@type\":\"WebPage\",\"@id\":\"https:\\\/\\\/cvinoticias.com\\\/v3\\\/afip-adelanta-el-vencimiento-de-obligaciones-impositivas-de-febrero\\\/\",\"url\":\"https:\\\/\\\/cvinoticias.com\\\/v3\\\/afip-adelanta-el-vencimiento-de-obligaciones-impositivas-de-febrero\\\/\",\"name\":\"AFIP adelanta el vencimiento de obligaciones impositivas de febrero | CVI NOTICIAS\",\"isPartOf\":{\"@id\":\"https:\\\/\\\/cvinoticias.com\\\/v3\\\/#website\"},\"primaryImageOfPage\":{\"@id\":\"https:\\\/\\\/cvinoticias.com\\\/v3\\\/afip-adelanta-el-vencimiento-de-obligaciones-impositivas-de-febrero\\\/#primaryimage\"},\"image\":{\"@id\":\"https:\\\/\\\/cvinoticias.com\\\/v3\\\/afip-adelanta-el-vencimiento-de-obligaciones-impositivas-de-febrero\\\/#primaryimage\"},\"thumbnailUrl\":\"https:\\\/\\\/cvinoticias.com\\\/wp-content\\\/uploads\\\/2023\\\/02\\\/07-2.jpg\",\"datePublished\":\"2023-02-07T11:48:56+00:00\",\"breadcrumb\":{\"@id\":\"https:\\\/\\\/cvinoticias.com\\\/v3\\\/afip-adelanta-el-vencimiento-de-obligaciones-impositivas-de-febrero\\\/#breadcrumb\"},\"inLanguage\":\"es\",\"potentialAction\":[{\"@type\":\"ReadAction\",\"target\":[\"https:\\\/\\\/cvinoticias.com\\\/v3\\\/afip-adelanta-el-vencimiento-de-obligaciones-impositivas-de-febrero\\\/\"]}]},{\"@type\":\"ImageObject\",\"inLanguage\":\"es\",\"@id\":\"https:\\\/\\\/cvinoticias.com\\\/v3\\\/afip-adelanta-el-vencimiento-de-obligaciones-impositivas-de-febrero\\\/#primaryimage\",\"url\":\"https:\\\/\\\/cvinoticias.com\\\/wp-content\\\/uploads\\\/2023\\\/02\\\/07-2.jpg\",\"contentUrl\":\"https:\\\/\\\/cvinoticias.com\\\/wp-content\\\/uploads\\\/2023\\\/02\\\/07-2.jpg\",\"width\":1024,\"height\":576},{\"@type\":\"BreadcrumbList\",\"@id\":\"https:\\\/\\\/cvinoticias.com\\\/v3\\\/afip-adelanta-el-vencimiento-de-obligaciones-impositivas-de-febrero\\\/#breadcrumb\",\"itemListElement\":[{\"@type\":\"ListItem\",\"position\":1,\"name\":\"Portada\",\"item\":\"https:\\\/\\\/cvinoticias.com\\\/v3\\\/\"},{\"@type\":\"ListItem\",\"position\":2,\"name\":\"AFIP adelanta el vencimiento de obligaciones impositivas de febrero\"}]},{\"@type\":\"WebSite\",\"@id\":\"https:\\\/\\\/cvinoticias.com\\\/v3\\\/#website\",\"url\":\"https:\\\/\\\/cvinoticias.com\\\/v3\\\/\",\"name\":\"CVI NOTICIAS\",\"description\":\"\",\"publisher\":{\"@id\":\"https:\\\/\\\/cvinoticias.com\\\/v3\\\/#organization\"},\"alternateName\":\"CVI\",\"potentialAction\":[{\"@type\":\"SearchAction\",\"target\":{\"@type\":\"EntryPoint\",\"urlTemplate\":\"https:\\\/\\\/cvinoticias.com\\\/v3\\\/?s={search_term_string}\"},\"query-input\":{\"@type\":\"PropertyValueSpecification\",\"valueRequired\":true,\"valueName\":\"search_term_string\"}}],\"inLanguage\":\"es\"},{\"@type\":\"Organization\",\"@id\":\"https:\\\/\\\/cvinoticias.com\\\/v3\\\/#organization\",\"name\":\"CVI NOTICIAS\",\"url\":\"https:\\\/\\\/cvinoticias.com\\\/v3\\\/\",\"logo\":{\"@type\":\"ImageObject\",\"inLanguage\":\"es\",\"@id\":\"https:\\\/\\\/cvinoticias.com\\\/v3\\\/#\\\/schema\\\/logo\\\/image\\\/\",\"url\":\"https:\\\/\\\/cvinoticias.com\\\/wp-content\\\/uploads\\\/2023\\\/04\\\/cropped-cropped-cropped-cropped-cropped-3-1.png\",\"contentUrl\":\"https:\\\/\\\/cvinoticias.com\\\/wp-content\\\/uploads\\\/2023\\\/04\\\/cropped-cropped-cropped-cropped-cropped-3-1.png\",\"width\":95,\"height\":122,\"caption\":\"CVI NOTICIAS\"},\"image\":{\"@id\":\"https:\\\/\\\/cvinoticias.com\\\/v3\\\/#\\\/schema\\\/logo\\\/image\\\/\"},\"sameAs\":[\"https:\\\/\\\/www.facebook.com\\\/cvinoticias\",\"https:\\\/\\\/www.instagram.com\\\/cvinoticias\\\/\",\"https:\\\/\\\/www.youtube.com\\\/@CVINOTICIAS\"]},{\"@type\":\"Person\",\"@id\":\"https:\\\/\\\/cvinoticias.com\\\/v3\\\/#\\\/schema\\\/person\\\/2db77e3c6bc03c538495d7b2b8be9b66\",\"name\":\"f1000024\",\"image\":{\"@type\":\"ImageObject\",\"inLanguage\":\"es\",\"@id\":\"https:\\\/\\\/secure.gravatar.com\\\/avatar\\\/d4fe7459cfc51ff5129ce1a732bbef5928568b8092d412ef95611616376bbeed?s=96&d=mm&r=g\",\"url\":\"https:\\\/\\\/secure.gravatar.com\\\/avatar\\\/d4fe7459cfc51ff5129ce1a732bbef5928568b8092d412ef95611616376bbeed?s=96&d=mm&r=g\",\"contentUrl\":\"https:\\\/\\\/secure.gravatar.com\\\/avatar\\\/d4fe7459cfc51ff5129ce1a732bbef5928568b8092d412ef95611616376bbeed?s=96&d=mm&r=g\",\"caption\":\"f1000024\"},\"url\":\"https:\\\/\\\/cvinoticias.com\\\/v3\\\/author\\\/f1000024\\\/\"}]}<\/script>\n<!-- \/ Yoast SEO plugin. -->","yoast_head_json":{"title":"AFIP adelanta el vencimiento de obligaciones impositivas de febrero | CVI NOTICIAS","robots":{"index":"index","follow":"follow","max-snippet":"max-snippet:-1","max-image-preview":"max-image-preview:large","max-video-preview":"max-video-preview:-1"},"canonical":"https:\/\/cvinoticias.com\/v3\/afip-adelanta-el-vencimiento-de-obligaciones-impositivas-de-febrero\/","og_locale":"es_ES","og_type":"article","og_title":"AFIP adelanta el vencimiento de obligaciones impositivas de febrero | CVI NOTICIAS","og_description":"Los vencimientos pautados para el mes ser\u00e1n para los CUIT terminados en 6 y 7 el 23; y para los finalizados en 8 y 9, el 24. La Administraci\u00f3n Federal de Ingresos P\u00fablicos (AFIP) resolvi\u00f3 adelantar al 23 y 24 de febrero el vencimiento para el cumplimiento de la determinaci\u00f3n e ingreso de ciertas obligaciones [&hellip;]","og_url":"https:\/\/cvinoticias.com\/v3\/afip-adelanta-el-vencimiento-de-obligaciones-impositivas-de-febrero\/","og_site_name":"CVI NOTICIAS","article_publisher":"https:\/\/www.facebook.com\/cvinoticias","article_published_time":"2023-02-07T11:48:56+00:00","og_image":[{"width":1024,"height":576,"url":"https:\/\/cvinoticias.com\/wp-content\/uploads\/2023\/02\/07-2.jpg","type":"image\/jpeg"}],"author":"f1000024","twitter_card":"summary_large_image","twitter_misc":{"Escrito por":"f1000024","Tiempo de lectura":"1 minuto"},"schema":{"@context":"https:\/\/schema.org","@graph":[{"@type":"Article","@id":"https:\/\/cvinoticias.com\/v3\/afip-adelanta-el-vencimiento-de-obligaciones-impositivas-de-febrero\/#article","isPartOf":{"@id":"https:\/\/cvinoticias.com\/v3\/afip-adelanta-el-vencimiento-de-obligaciones-impositivas-de-febrero\/"},"author":{"name":"f1000024","@id":"https:\/\/cvinoticias.com\/v3\/#\/schema\/person\/2db77e3c6bc03c538495d7b2b8be9b66"},"headline":"AFIP adelanta el vencimiento de obligaciones impositivas de febrero","datePublished":"2023-02-07T11:48:56+00:00","mainEntityOfPage":{"@id":"https:\/\/cvinoticias.com\/v3\/afip-adelanta-el-vencimiento-de-obligaciones-impositivas-de-febrero\/"},"wordCount":302,"commentCount":0,"publisher":{"@id":"https:\/\/cvinoticias.com\/v3\/#organization"},"image":{"@id":"https:\/\/cvinoticias.com\/v3\/afip-adelanta-el-vencimiento-de-obligaciones-impositivas-de-febrero\/#primaryimage"},"thumbnailUrl":"https:\/\/cvinoticias.com\/wp-content\/uploads\/2023\/02\/07-2.jpg","articleSection":["Informaci\u00f3n General"],"inLanguage":"es","potentialAction":[{"@type":"CommentAction","name":"Comment","target":["https:\/\/cvinoticias.com\/v3\/afip-adelanta-el-vencimiento-de-obligaciones-impositivas-de-febrero\/#respond"]}]},{"@type":"WebPage","@id":"https:\/\/cvinoticias.com\/v3\/afip-adelanta-el-vencimiento-de-obligaciones-impositivas-de-febrero\/","url":"https:\/\/cvinoticias.com\/v3\/afip-adelanta-el-vencimiento-de-obligaciones-impositivas-de-febrero\/","name":"AFIP adelanta el vencimiento de obligaciones impositivas de febrero | CVI NOTICIAS","isPartOf":{"@id":"https:\/\/cvinoticias.com\/v3\/#website"},"primaryImageOfPage":{"@id":"https:\/\/cvinoticias.com\/v3\/afip-adelanta-el-vencimiento-de-obligaciones-impositivas-de-febrero\/#primaryimage"},"image":{"@id":"https:\/\/cvinoticias.com\/v3\/afip-adelanta-el-vencimiento-de-obligaciones-impositivas-de-febrero\/#primaryimage"},"thumbnailUrl":"https:\/\/cvinoticias.com\/wp-content\/uploads\/2023\/02\/07-2.jpg","datePublished":"2023-02-07T11:48:56+00:00","breadcrumb":{"@id":"https:\/\/cvinoticias.com\/v3\/afip-adelanta-el-vencimiento-de-obligaciones-impositivas-de-febrero\/#breadcrumb"},"inLanguage":"es","potentialAction":[{"@type":"ReadAction","target":["https:\/\/cvinoticias.com\/v3\/afip-adelanta-el-vencimiento-de-obligaciones-impositivas-de-febrero\/"]}]},{"@type":"ImageObject","inLanguage":"es","@id":"https:\/\/cvinoticias.com\/v3\/afip-adelanta-el-vencimiento-de-obligaciones-impositivas-de-febrero\/#primaryimage","url":"https:\/\/cvinoticias.com\/wp-content\/uploads\/2023\/02\/07-2.jpg","contentUrl":"https:\/\/cvinoticias.com\/wp-content\/uploads\/2023\/02\/07-2.jpg","width":1024,"height":576},{"@type":"BreadcrumbList","@id":"https:\/\/cvinoticias.com\/v3\/afip-adelanta-el-vencimiento-de-obligaciones-impositivas-de-febrero\/#breadcrumb","itemListElement":[{"@type":"ListItem","position":1,"name":"Portada","item":"https:\/\/cvinoticias.com\/v3\/"},{"@type":"ListItem","position":2,"name":"AFIP adelanta el vencimiento de obligaciones impositivas de febrero"}]},{"@type":"WebSite","@id":"https:\/\/cvinoticias.com\/v3\/#website","url":"https:\/\/cvinoticias.com\/v3\/","name":"CVI NOTICIAS","description":"","publisher":{"@id":"https:\/\/cvinoticias.com\/v3\/#organization"},"alternateName":"CVI","potentialAction":[{"@type":"SearchAction","target":{"@type":"EntryPoint","urlTemplate":"https:\/\/cvinoticias.com\/v3\/?s={search_term_string}"},"query-input":{"@type":"PropertyValueSpecification","valueRequired":true,"valueName":"search_term_string"}}],"inLanguage":"es"},{"@type":"Organization","@id":"https:\/\/cvinoticias.com\/v3\/#organization","name":"CVI NOTICIAS","url":"https:\/\/cvinoticias.com\/v3\/","logo":{"@type":"ImageObject","inLanguage":"es","@id":"https:\/\/cvinoticias.com\/v3\/#\/schema\/logo\/image\/","url":"https:\/\/cvinoticias.com\/wp-content\/uploads\/2023\/04\/cropped-cropped-cropped-cropped-cropped-3-1.png","contentUrl":"https:\/\/cvinoticias.com\/wp-content\/uploads\/2023\/04\/cropped-cropped-cropped-cropped-cropped-3-1.png","width":95,"height":122,"caption":"CVI NOTICIAS"},"image":{"@id":"https:\/\/cvinoticias.com\/v3\/#\/schema\/logo\/image\/"},"sameAs":["https:\/\/www.facebook.com\/cvinoticias","https:\/\/www.instagram.com\/cvinoticias\/","https:\/\/www.youtube.com\/@CVINOTICIAS"]},{"@type":"Person","@id":"https:\/\/cvinoticias.com\/v3\/#\/schema\/person\/2db77e3c6bc03c538495d7b2b8be9b66","name":"f1000024","image":{"@type":"ImageObject","inLanguage":"es","@id":"https:\/\/secure.gravatar.com\/avatar\/d4fe7459cfc51ff5129ce1a732bbef5928568b8092d412ef95611616376bbeed?s=96&d=mm&r=g","url":"https:\/\/secure.gravatar.com\/avatar\/d4fe7459cfc51ff5129ce1a732bbef5928568b8092d412ef95611616376bbeed?s=96&d=mm&r=g","contentUrl":"https:\/\/secure.gravatar.com\/avatar\/d4fe7459cfc51ff5129ce1a732bbef5928568b8092d412ef95611616376bbeed?s=96&d=mm&r=g","caption":"f1000024"},"url":"https:\/\/cvinoticias.com\/v3\/author\/f1000024\/"}]}},"_links":{"self":[{"href":"https:\/\/cvinoticias.com\/v3\/wp-json\/wp\/v2\/posts\/22436","targetHints":{"allow":["GET"]}}],"collection":[{"href":"https:\/\/cvinoticias.com\/v3\/wp-json\/wp\/v2\/posts"}],"about":[{"href":"https:\/\/cvinoticias.com\/v3\/wp-json\/wp\/v2\/types\/post"}],"author":[{"embeddable":true,"href":"https:\/\/cvinoticias.com\/v3\/wp-json\/wp\/v2\/users\/2"}],"replies":[{"embeddable":true,"href":"https:\/\/cvinoticias.com\/v3\/wp-json\/wp\/v2\/comments?post=22436"}],"version-history":[{"count":1,"href":"https:\/\/cvinoticias.com\/v3\/wp-json\/wp\/v2\/posts\/22436\/revisions"}],"predecessor-version":[{"id":22438,"href":"https:\/\/cvinoticias.com\/v3\/wp-json\/wp\/v2\/posts\/22436\/revisions\/22438"}],"wp:featuredmedia":[{"embeddable":true,"href":"https:\/\/cvinoticias.com\/v3\/wp-json\/wp\/v2\/media\/22437"}],"wp:attachment":[{"href":"https:\/\/cvinoticias.com\/v3\/wp-json\/wp\/v2\/media?parent=22436"}],"wp:term":[{"taxonomy":"category","embeddable":true,"href":"https:\/\/cvinoticias.com\/v3\/wp-json\/wp\/v2\/categories?post=22436"},{"taxonomy":"post_tag","embeddable":true,"href":"https:\/\/cvinoticias.com\/v3\/wp-json\/wp\/v2\/tags?post=22436"}],"curies":[{"name":"wp","href":"https:\/\/api.w.org\/{rel}","templated":true}]}}