{"id":22349,"date":"2023-02-04T12:09:23","date_gmt":"2023-02-04T12:09:23","guid":{"rendered":"https:\/\/cvinoticias.com\/v3\/?p=22349"},"modified":"2023-02-04T12:09:23","modified_gmt":"2023-02-04T12:09:23","slug":"recuperaron-objetos-robadas-a-un-vecino-y-detuvieron-a-un-hombre-en-iguazu","status":"publish","type":"post","link":"https:\/\/cvinoticias.com\/v3\/recuperaron-objetos-robadas-a-un-vecino-y-detuvieron-a-un-hombre-en-iguazu\/","title":{"rendered":"Recuperaron objetos robadas a un vecino y detuvieron a un hombre en Iguaz\u00fa"},"content":{"rendered":"\n<p><strong><em>Ayer alrededor de las 20.30 horas, un oficial que se hallaba de franco de servicio detuvo sobre calles Ca\u00f1afistola y Timb\u00f3 del barrio Obrero de esta ciudad a un joven de 21 a\u00f1os y en su poder recuper\u00f3 varios objetos que hab\u00eda sustra\u00eddo de un veh\u00edculo.<\/em><\/strong><\/p>\n\n\n\n<p>El damnificado, un hombre de 70 a\u00f1os denunci\u00f3 que ayer en horas de la noche desconocidos tras romper el cristal de su veh\u00edculo marca Renault 19 que se hallaba estacionado le sustrajeron elementos, un oficial de polic\u00eda que pasaba por el lugar acudi\u00f3 en auxilio al septuagenario.<\/p>\n\n\n\n<figure class=\"wp-block-image size-large\"><a href=\"https:\/\/cvinoticias.com\/wp-content\/uploads\/2023\/02\/FB_IMG_1675512297974.jpg\"><img decoding=\"async\" width=\"768\" height=\"1024\" data-src=\"https:\/\/cvinoticias.com\/wp-content\/uploads\/2023\/02\/FB_IMG_1675512297974-768x1024.jpg\" alt=\"\" class=\"wp-image-22350 lazyload\" data-srcset=\"https:\/\/cvinoticias.com\/wp-content\/uploads\/2023\/02\/FB_IMG_1675512297974-768x1024.jpg 768w, https:\/\/cvinoticias.com\/wp-content\/uploads\/2023\/02\/FB_IMG_1675512297974-225x300.jpg 225w, https:\/\/cvinoticias.com\/wp-content\/uploads\/2023\/02\/FB_IMG_1675512297974.jpg 1080w\" data-sizes=\"(max-width: 768px) 100vw, 768px\" src=\"data:image\/svg+xml;base64,PHN2ZyB3aWR0aD0iMSIgaGVpZ2h0PSIxIiB4bWxucz0iaHR0cDovL3d3dy53My5vcmcvMjAwMC9zdmciPjwvc3ZnPg==\" style=\"--smush-placeholder-width: 768px; --smush-placeholder-aspect-ratio: 768\/1024;\" \/><\/a><\/figure>\n\n\n\n<p>En ese contexto, el oficial se aboc\u00f3 a la b\u00fasqueda del sospechoso a qui\u00e9n hall\u00f3 a los pocos metros del lugar y reun\u00eda con las caracter\u00edsticas descriptas por el denunciante, quien llevaba los objetos personales sustra\u00eddo del rodado del damnificado.<\/p>\n\n\n\n<p>Por tal motivo, fue detenido en averiguaci\u00f3n del hecho fue identificado como Abraham G. De 21 a\u00f1os quien qued\u00f3 alojado a disposici\u00f3n de la justicia. En tanto los elementos recuperados ser\u00e1n restituidos en las pr\u00f3ximas horas a su damnificado.<\/p>\n","protected":false},"excerpt":{"rendered":"<p>Ayer alrededor de las 20.30 horas, un oficial que se hallaba de franco de servicio detuvo sobre calles Ca\u00f1afistola y Timb\u00f3 del barrio Obrero de esta ciudad a un joven de 21 a\u00f1os y en su poder recuper\u00f3 varios objetos que hab\u00eda sustra\u00eddo de un veh\u00edculo. El damnificado, un hombre de 70 a\u00f1os denunci\u00f3 que [&hellip;]<\/p>\n","protected":false},"author":2,"featured_media":22351,"comment_status":"open","ping_status":"open","sticky":false,"template":"","format":"standard","meta":{"footnotes":""},"categories":[29,41],"tags":[],"class_list":["post-22349","post","type-post","status-publish","format-standard","has-post-thumbnail","hentry","category-locales","category-policiales"],"yoast_head":"<!-- This site is optimized with the Yoast SEO plugin v27.4 - https:\/\/yoast.com\/product\/yoast-seo-wordpress\/ -->\n<title>Recuperaron objetos robadas a un vecino y detuvieron a un hombre en Iguaz\u00fa | CVI NOTICIAS<\/title>\n<meta name=\"robots\" content=\"index, follow, max-snippet:-1, max-image-preview:large, max-video-preview:-1\" \/>\n<link rel=\"canonical\" href=\"https:\/\/cvinoticias.com\/v3\/recuperaron-objetos-robadas-a-un-vecino-y-detuvieron-a-un-hombre-en-iguazu\/\" \/>\n<meta property=\"og:locale\" content=\"es_ES\" \/>\n<meta property=\"og:type\" content=\"article\" \/>\n<meta property=\"og:title\" content=\"Recuperaron objetos robadas a un vecino y detuvieron a un hombre en Iguaz\u00fa | CVI NOTICIAS\" \/>\n<meta property=\"og:description\" content=\"Ayer alrededor de las 20.30 horas, un oficial que se hallaba de franco de servicio detuvo sobre calles Ca\u00f1afistola y Timb\u00f3 del barrio Obrero de esta ciudad a un joven de 21 a\u00f1os y en su poder recuper\u00f3 varios objetos que hab\u00eda sustra\u00eddo de un veh\u00edculo. El damnificado, un hombre de 70 a\u00f1os denunci\u00f3 que [&hellip;]\" \/>\n<meta property=\"og:url\" content=\"https:\/\/cvinoticias.com\/v3\/recuperaron-objetos-robadas-a-un-vecino-y-detuvieron-a-un-hombre-en-iguazu\/\" \/>\n<meta property=\"og:site_name\" content=\"CVI NOTICIAS\" \/>\n<meta property=\"article:publisher\" content=\"https:\/\/www.facebook.com\/cvinoticias\" \/>\n<meta property=\"article:published_time\" content=\"2023-02-04T12:09:23+00:00\" \/>\n<meta property=\"og:image\" content=\"https:\/\/cvinoticias.com\/wp-content\/uploads\/2023\/02\/FB_IMG_1675512292671.jpg\" \/>\n\t<meta property=\"og:image:width\" content=\"1080\" \/>\n\t<meta property=\"og:image:height\" content=\"1052\" \/>\n\t<meta property=\"og:image:type\" content=\"image\/jpeg\" \/>\n<meta name=\"author\" content=\"f1000024\" \/>\n<meta name=\"twitter:card\" content=\"summary_large_image\" \/>\n<meta name=\"twitter:label1\" content=\"Escrito por\" \/>\n\t<meta name=\"twitter:data1\" content=\"f1000024\" \/>\n\t<meta name=\"twitter:label2\" content=\"Tiempo de lectura\" \/>\n\t<meta name=\"twitter:data2\" content=\"1 minuto\" \/>\n<script type=\"application\/ld+json\" class=\"yoast-schema-graph\">{\"@context\":\"https:\\\/\\\/schema.org\",\"@graph\":[{\"@type\":\"Article\",\"@id\":\"https:\\\/\\\/cvinoticias.com\\\/v3\\\/recuperaron-objetos-robadas-a-un-vecino-y-detuvieron-a-un-hombre-en-iguazu\\\/#article\",\"isPartOf\":{\"@id\":\"https:\\\/\\\/cvinoticias.com\\\/v3\\\/recuperaron-objetos-robadas-a-un-vecino-y-detuvieron-a-un-hombre-en-iguazu\\\/\"},\"author\":{\"name\":\"f1000024\",\"@id\":\"https:\\\/\\\/cvinoticias.com\\\/v3\\\/#\\\/schema\\\/person\\\/2db77e3c6bc03c538495d7b2b8be9b66\"},\"headline\":\"Recuperaron objetos robadas a un vecino y detuvieron a un hombre en Iguaz\u00fa\",\"datePublished\":\"2023-02-04T12:09:23+00:00\",\"mainEntityOfPage\":{\"@id\":\"https:\\\/\\\/cvinoticias.com\\\/v3\\\/recuperaron-objetos-robadas-a-un-vecino-y-detuvieron-a-un-hombre-en-iguazu\\\/\"},\"wordCount\":198,\"commentCount\":0,\"publisher\":{\"@id\":\"https:\\\/\\\/cvinoticias.com\\\/v3\\\/#organization\"},\"image\":{\"@id\":\"https:\\\/\\\/cvinoticias.com\\\/v3\\\/recuperaron-objetos-robadas-a-un-vecino-y-detuvieron-a-un-hombre-en-iguazu\\\/#primaryimage\"},\"thumbnailUrl\":\"https:\\\/\\\/cvinoticias.com\\\/wp-content\\\/uploads\\\/2023\\\/02\\\/FB_IMG_1675512292671.jpg\",\"articleSection\":[\"Locales\",\"Policiales\"],\"inLanguage\":\"es\",\"potentialAction\":[{\"@type\":\"CommentAction\",\"name\":\"Comment\",\"target\":[\"https:\\\/\\\/cvinoticias.com\\\/v3\\\/recuperaron-objetos-robadas-a-un-vecino-y-detuvieron-a-un-hombre-en-iguazu\\\/#respond\"]}]},{\"@type\":\"WebPage\",\"@id\":\"https:\\\/\\\/cvinoticias.com\\\/v3\\\/recuperaron-objetos-robadas-a-un-vecino-y-detuvieron-a-un-hombre-en-iguazu\\\/\",\"url\":\"https:\\\/\\\/cvinoticias.com\\\/v3\\\/recuperaron-objetos-robadas-a-un-vecino-y-detuvieron-a-un-hombre-en-iguazu\\\/\",\"name\":\"Recuperaron objetos robadas a un vecino y detuvieron a un hombre en Iguaz\u00fa | CVI NOTICIAS\",\"isPartOf\":{\"@id\":\"https:\\\/\\\/cvinoticias.com\\\/v3\\\/#website\"},\"primaryImageOfPage\":{\"@id\":\"https:\\\/\\\/cvinoticias.com\\\/v3\\\/recuperaron-objetos-robadas-a-un-vecino-y-detuvieron-a-un-hombre-en-iguazu\\\/#primaryimage\"},\"image\":{\"@id\":\"https:\\\/\\\/cvinoticias.com\\\/v3\\\/recuperaron-objetos-robadas-a-un-vecino-y-detuvieron-a-un-hombre-en-iguazu\\\/#primaryimage\"},\"thumbnailUrl\":\"https:\\\/\\\/cvinoticias.com\\\/wp-content\\\/uploads\\\/2023\\\/02\\\/FB_IMG_1675512292671.jpg\",\"datePublished\":\"2023-02-04T12:09:23+00:00\",\"breadcrumb\":{\"@id\":\"https:\\\/\\\/cvinoticias.com\\\/v3\\\/recuperaron-objetos-robadas-a-un-vecino-y-detuvieron-a-un-hombre-en-iguazu\\\/#breadcrumb\"},\"inLanguage\":\"es\",\"potentialAction\":[{\"@type\":\"ReadAction\",\"target\":[\"https:\\\/\\\/cvinoticias.com\\\/v3\\\/recuperaron-objetos-robadas-a-un-vecino-y-detuvieron-a-un-hombre-en-iguazu\\\/\"]}]},{\"@type\":\"ImageObject\",\"inLanguage\":\"es\",\"@id\":\"https:\\\/\\\/cvinoticias.com\\\/v3\\\/recuperaron-objetos-robadas-a-un-vecino-y-detuvieron-a-un-hombre-en-iguazu\\\/#primaryimage\",\"url\":\"https:\\\/\\\/cvinoticias.com\\\/wp-content\\\/uploads\\\/2023\\\/02\\\/FB_IMG_1675512292671.jpg\",\"contentUrl\":\"https:\\\/\\\/cvinoticias.com\\\/wp-content\\\/uploads\\\/2023\\\/02\\\/FB_IMG_1675512292671.jpg\",\"width\":1080,\"height\":1052},{\"@type\":\"BreadcrumbList\",\"@id\":\"https:\\\/\\\/cvinoticias.com\\\/v3\\\/recuperaron-objetos-robadas-a-un-vecino-y-detuvieron-a-un-hombre-en-iguazu\\\/#breadcrumb\",\"itemListElement\":[{\"@type\":\"ListItem\",\"position\":1,\"name\":\"Portada\",\"item\":\"https:\\\/\\\/cvinoticias.com\\\/v3\\\/\"},{\"@type\":\"ListItem\",\"position\":2,\"name\":\"Recuperaron objetos robadas a un vecino y detuvieron a un hombre en Iguaz\u00fa\"}]},{\"@type\":\"WebSite\",\"@id\":\"https:\\\/\\\/cvinoticias.com\\\/v3\\\/#website\",\"url\":\"https:\\\/\\\/cvinoticias.com\\\/v3\\\/\",\"name\":\"CVI NOTICIAS\",\"description\":\"\",\"publisher\":{\"@id\":\"https:\\\/\\\/cvinoticias.com\\\/v3\\\/#organization\"},\"alternateName\":\"CVI\",\"potentialAction\":[{\"@type\":\"SearchAction\",\"target\":{\"@type\":\"EntryPoint\",\"urlTemplate\":\"https:\\\/\\\/cvinoticias.com\\\/v3\\\/?s={search_term_string}\"},\"query-input\":{\"@type\":\"PropertyValueSpecification\",\"valueRequired\":true,\"valueName\":\"search_term_string\"}}],\"inLanguage\":\"es\"},{\"@type\":\"Organization\",\"@id\":\"https:\\\/\\\/cvinoticias.com\\\/v3\\\/#organization\",\"name\":\"CVI NOTICIAS\",\"url\":\"https:\\\/\\\/cvinoticias.com\\\/v3\\\/\",\"logo\":{\"@type\":\"ImageObject\",\"inLanguage\":\"es\",\"@id\":\"https:\\\/\\\/cvinoticias.com\\\/v3\\\/#\\\/schema\\\/logo\\\/image\\\/\",\"url\":\"https:\\\/\\\/cvinoticias.com\\\/wp-content\\\/uploads\\\/2023\\\/04\\\/cropped-cropped-cropped-cropped-cropped-3-1.png\",\"contentUrl\":\"https:\\\/\\\/cvinoticias.com\\\/wp-content\\\/uploads\\\/2023\\\/04\\\/cropped-cropped-cropped-cropped-cropped-3-1.png\",\"width\":95,\"height\":122,\"caption\":\"CVI NOTICIAS\"},\"image\":{\"@id\":\"https:\\\/\\\/cvinoticias.com\\\/v3\\\/#\\\/schema\\\/logo\\\/image\\\/\"},\"sameAs\":[\"https:\\\/\\\/www.facebook.com\\\/cvinoticias\",\"https:\\\/\\\/www.instagram.com\\\/cvinoticias\\\/\",\"https:\\\/\\\/www.youtube.com\\\/@CVINOTICIAS\"]},{\"@type\":\"Person\",\"@id\":\"https:\\\/\\\/cvinoticias.com\\\/v3\\\/#\\\/schema\\\/person\\\/2db77e3c6bc03c538495d7b2b8be9b66\",\"name\":\"f1000024\",\"image\":{\"@type\":\"ImageObject\",\"inLanguage\":\"es\",\"@id\":\"https:\\\/\\\/secure.gravatar.com\\\/avatar\\\/d4fe7459cfc51ff5129ce1a732bbef5928568b8092d412ef95611616376bbeed?s=96&d=mm&r=g\",\"url\":\"https:\\\/\\\/secure.gravatar.com\\\/avatar\\\/d4fe7459cfc51ff5129ce1a732bbef5928568b8092d412ef95611616376bbeed?s=96&d=mm&r=g\",\"contentUrl\":\"https:\\\/\\\/secure.gravatar.com\\\/avatar\\\/d4fe7459cfc51ff5129ce1a732bbef5928568b8092d412ef95611616376bbeed?s=96&d=mm&r=g\",\"caption\":\"f1000024\"},\"url\":\"https:\\\/\\\/cvinoticias.com\\\/v3\\\/author\\\/f1000024\\\/\"}]}<\/script>\n<!-- \/ Yoast SEO plugin. -->","yoast_head_json":{"title":"Recuperaron objetos robadas a un vecino y detuvieron a un hombre en Iguaz\u00fa | CVI NOTICIAS","robots":{"index":"index","follow":"follow","max-snippet":"max-snippet:-1","max-image-preview":"max-image-preview:large","max-video-preview":"max-video-preview:-1"},"canonical":"https:\/\/cvinoticias.com\/v3\/recuperaron-objetos-robadas-a-un-vecino-y-detuvieron-a-un-hombre-en-iguazu\/","og_locale":"es_ES","og_type":"article","og_title":"Recuperaron objetos robadas a un vecino y detuvieron a un hombre en Iguaz\u00fa | CVI NOTICIAS","og_description":"Ayer alrededor de las 20.30 horas, un oficial que se hallaba de franco de servicio detuvo sobre calles Ca\u00f1afistola y Timb\u00f3 del barrio Obrero de esta ciudad a un joven de 21 a\u00f1os y en su poder recuper\u00f3 varios objetos que hab\u00eda sustra\u00eddo de un veh\u00edculo. El damnificado, un hombre de 70 a\u00f1os denunci\u00f3 que [&hellip;]","og_url":"https:\/\/cvinoticias.com\/v3\/recuperaron-objetos-robadas-a-un-vecino-y-detuvieron-a-un-hombre-en-iguazu\/","og_site_name":"CVI NOTICIAS","article_publisher":"https:\/\/www.facebook.com\/cvinoticias","article_published_time":"2023-02-04T12:09:23+00:00","og_image":[{"width":1080,"height":1052,"url":"https:\/\/cvinoticias.com\/wp-content\/uploads\/2023\/02\/FB_IMG_1675512292671.jpg","type":"image\/jpeg"}],"author":"f1000024","twitter_card":"summary_large_image","twitter_misc":{"Escrito por":"f1000024","Tiempo de lectura":"1 minuto"},"schema":{"@context":"https:\/\/schema.org","@graph":[{"@type":"Article","@id":"https:\/\/cvinoticias.com\/v3\/recuperaron-objetos-robadas-a-un-vecino-y-detuvieron-a-un-hombre-en-iguazu\/#article","isPartOf":{"@id":"https:\/\/cvinoticias.com\/v3\/recuperaron-objetos-robadas-a-un-vecino-y-detuvieron-a-un-hombre-en-iguazu\/"},"author":{"name":"f1000024","@id":"https:\/\/cvinoticias.com\/v3\/#\/schema\/person\/2db77e3c6bc03c538495d7b2b8be9b66"},"headline":"Recuperaron objetos robadas a un vecino y detuvieron a un hombre en Iguaz\u00fa","datePublished":"2023-02-04T12:09:23+00:00","mainEntityOfPage":{"@id":"https:\/\/cvinoticias.com\/v3\/recuperaron-objetos-robadas-a-un-vecino-y-detuvieron-a-un-hombre-en-iguazu\/"},"wordCount":198,"commentCount":0,"publisher":{"@id":"https:\/\/cvinoticias.com\/v3\/#organization"},"image":{"@id":"https:\/\/cvinoticias.com\/v3\/recuperaron-objetos-robadas-a-un-vecino-y-detuvieron-a-un-hombre-en-iguazu\/#primaryimage"},"thumbnailUrl":"https:\/\/cvinoticias.com\/wp-content\/uploads\/2023\/02\/FB_IMG_1675512292671.jpg","articleSection":["Locales","Policiales"],"inLanguage":"es","potentialAction":[{"@type":"CommentAction","name":"Comment","target":["https:\/\/cvinoticias.com\/v3\/recuperaron-objetos-robadas-a-un-vecino-y-detuvieron-a-un-hombre-en-iguazu\/#respond"]}]},{"@type":"WebPage","@id":"https:\/\/cvinoticias.com\/v3\/recuperaron-objetos-robadas-a-un-vecino-y-detuvieron-a-un-hombre-en-iguazu\/","url":"https:\/\/cvinoticias.com\/v3\/recuperaron-objetos-robadas-a-un-vecino-y-detuvieron-a-un-hombre-en-iguazu\/","name":"Recuperaron objetos robadas a un vecino y detuvieron a un hombre en Iguaz\u00fa | CVI NOTICIAS","isPartOf":{"@id":"https:\/\/cvinoticias.com\/v3\/#website"},"primaryImageOfPage":{"@id":"https:\/\/cvinoticias.com\/v3\/recuperaron-objetos-robadas-a-un-vecino-y-detuvieron-a-un-hombre-en-iguazu\/#primaryimage"},"image":{"@id":"https:\/\/cvinoticias.com\/v3\/recuperaron-objetos-robadas-a-un-vecino-y-detuvieron-a-un-hombre-en-iguazu\/#primaryimage"},"thumbnailUrl":"https:\/\/cvinoticias.com\/wp-content\/uploads\/2023\/02\/FB_IMG_1675512292671.jpg","datePublished":"2023-02-04T12:09:23+00:00","breadcrumb":{"@id":"https:\/\/cvinoticias.com\/v3\/recuperaron-objetos-robadas-a-un-vecino-y-detuvieron-a-un-hombre-en-iguazu\/#breadcrumb"},"inLanguage":"es","potentialAction":[{"@type":"ReadAction","target":["https:\/\/cvinoticias.com\/v3\/recuperaron-objetos-robadas-a-un-vecino-y-detuvieron-a-un-hombre-en-iguazu\/"]}]},{"@type":"ImageObject","inLanguage":"es","@id":"https:\/\/cvinoticias.com\/v3\/recuperaron-objetos-robadas-a-un-vecino-y-detuvieron-a-un-hombre-en-iguazu\/#primaryimage","url":"https:\/\/cvinoticias.com\/wp-content\/uploads\/2023\/02\/FB_IMG_1675512292671.jpg","contentUrl":"https:\/\/cvinoticias.com\/wp-content\/uploads\/2023\/02\/FB_IMG_1675512292671.jpg","width":1080,"height":1052},{"@type":"BreadcrumbList","@id":"https:\/\/cvinoticias.com\/v3\/recuperaron-objetos-robadas-a-un-vecino-y-detuvieron-a-un-hombre-en-iguazu\/#breadcrumb","itemListElement":[{"@type":"ListItem","position":1,"name":"Portada","item":"https:\/\/cvinoticias.com\/v3\/"},{"@type":"ListItem","position":2,"name":"Recuperaron objetos robadas a un vecino y detuvieron a un hombre en Iguaz\u00fa"}]},{"@type":"WebSite","@id":"https:\/\/cvinoticias.com\/v3\/#website","url":"https:\/\/cvinoticias.com\/v3\/","name":"CVI NOTICIAS","description":"","publisher":{"@id":"https:\/\/cvinoticias.com\/v3\/#organization"},"alternateName":"CVI","potentialAction":[{"@type":"SearchAction","target":{"@type":"EntryPoint","urlTemplate":"https:\/\/cvinoticias.com\/v3\/?s={search_term_string}"},"query-input":{"@type":"PropertyValueSpecification","valueRequired":true,"valueName":"search_term_string"}}],"inLanguage":"es"},{"@type":"Organization","@id":"https:\/\/cvinoticias.com\/v3\/#organization","name":"CVI NOTICIAS","url":"https:\/\/cvinoticias.com\/v3\/","logo":{"@type":"ImageObject","inLanguage":"es","@id":"https:\/\/cvinoticias.com\/v3\/#\/schema\/logo\/image\/","url":"https:\/\/cvinoticias.com\/wp-content\/uploads\/2023\/04\/cropped-cropped-cropped-cropped-cropped-3-1.png","contentUrl":"https:\/\/cvinoticias.com\/wp-content\/uploads\/2023\/04\/cropped-cropped-cropped-cropped-cropped-3-1.png","width":95,"height":122,"caption":"CVI NOTICIAS"},"image":{"@id":"https:\/\/cvinoticias.com\/v3\/#\/schema\/logo\/image\/"},"sameAs":["https:\/\/www.facebook.com\/cvinoticias","https:\/\/www.instagram.com\/cvinoticias\/","https:\/\/www.youtube.com\/@CVINOTICIAS"]},{"@type":"Person","@id":"https:\/\/cvinoticias.com\/v3\/#\/schema\/person\/2db77e3c6bc03c538495d7b2b8be9b66","name":"f1000024","image":{"@type":"ImageObject","inLanguage":"es","@id":"https:\/\/secure.gravatar.com\/avatar\/d4fe7459cfc51ff5129ce1a732bbef5928568b8092d412ef95611616376bbeed?s=96&d=mm&r=g","url":"https:\/\/secure.gravatar.com\/avatar\/d4fe7459cfc51ff5129ce1a732bbef5928568b8092d412ef95611616376bbeed?s=96&d=mm&r=g","contentUrl":"https:\/\/secure.gravatar.com\/avatar\/d4fe7459cfc51ff5129ce1a732bbef5928568b8092d412ef95611616376bbeed?s=96&d=mm&r=g","caption":"f1000024"},"url":"https:\/\/cvinoticias.com\/v3\/author\/f1000024\/"}]}},"_links":{"self":[{"href":"https:\/\/cvinoticias.com\/v3\/wp-json\/wp\/v2\/posts\/22349","targetHints":{"allow":["GET"]}}],"collection":[{"href":"https:\/\/cvinoticias.com\/v3\/wp-json\/wp\/v2\/posts"}],"about":[{"href":"https:\/\/cvinoticias.com\/v3\/wp-json\/wp\/v2\/types\/post"}],"author":[{"embeddable":true,"href":"https:\/\/cvinoticias.com\/v3\/wp-json\/wp\/v2\/users\/2"}],"replies":[{"embeddable":true,"href":"https:\/\/cvinoticias.com\/v3\/wp-json\/wp\/v2\/comments?post=22349"}],"version-history":[{"count":1,"href":"https:\/\/cvinoticias.com\/v3\/wp-json\/wp\/v2\/posts\/22349\/revisions"}],"predecessor-version":[{"id":22352,"href":"https:\/\/cvinoticias.com\/v3\/wp-json\/wp\/v2\/posts\/22349\/revisions\/22352"}],"wp:featuredmedia":[{"embeddable":true,"href":"https:\/\/cvinoticias.com\/v3\/wp-json\/wp\/v2\/media\/22351"}],"wp:attachment":[{"href":"https:\/\/cvinoticias.com\/v3\/wp-json\/wp\/v2\/media?parent=22349"}],"wp:term":[{"taxonomy":"category","embeddable":true,"href":"https:\/\/cvinoticias.com\/v3\/wp-json\/wp\/v2\/categories?post=22349"},{"taxonomy":"post_tag","embeddable":true,"href":"https:\/\/cvinoticias.com\/v3\/wp-json\/wp\/v2\/tags?post=22349"}],"curies":[{"name":"wp","href":"https:\/\/api.w.org\/{rel}","templated":true}]}}