{"id":2200,"date":"2021-01-29T19:31:38","date_gmt":"2021-01-29T19:31:38","guid":{"rendered":"https:\/\/cvinoticias.com\/v3\/?p=2200"},"modified":"2021-01-29T19:31:38","modified_gmt":"2021-01-29T19:31:38","slug":"no-hay-mas-lugar-para-ajustes-irresponsables-el-discurso-completo-de-alberto-fernandez-en-davos","status":"publish","type":"post","link":"https:\/\/cvinoticias.com\/v3\/no-hay-mas-lugar-para-ajustes-irresponsables-el-discurso-completo-de-alberto-fernandez-en-davos\/","title":{"rendered":"\u00abNo hay m\u00e1s lugar para ajustes irresponsables\u00bb: el discurso completo de Alberto Fern\u00e1ndez en Davos"},"content":{"rendered":"\n<p><strong>El presidente Alberto Fern\u00e1ndez critic\u00f3 el \u00abendeudamiento t\u00f3xico\u00bb, destac\u00f3 que el di\u00e1logo con el Fondo Monetario Internacional (FMI) \u00abest\u00e1 en marcha\u00bb y advirti\u00f3 que \u00abno hay lugar para ajustes irresponsables que son imposibles de cumplir\u00bb, al exponer ayer de forma virtual ante el Foro Econ\u00f3mico Mundial de Davos 2021.<\/strong><\/p>\n\n\n\n<p><strong>A continuaci\u00f3n, el texto completo de su discurso:<\/strong><\/p>\n\n\n\n<p><em>Les agradezco la oportunidad de estar frente a este Foro de tanto impacto, que nos convoca a la reflexi\u00f3n y a la acci\u00f3n para construir un mundo diferente. La pandemia que vivimos no es un mero accidente de la historia. Es un llamado de atenci\u00f3n para edificar una \u00abcasa com\u00fan\u00bb desde otros cimientos.<\/em><\/p>\n\n\n\n<p><em>O despertamos mejores o sucumbimos peores. No hay otra opci\u00f3n para el d\u00eda despu\u00e9s de esta calamidad.<\/em><\/p>\n\n\n\n<p><em>Vivimos un tiempo en el que se ponen a prueba todos los paradigmas. Estoy seguro que el imperativo moral que se impone es poner nuestra prioridad en los \u00faltimos, los descartados, los invisibilizados, los m\u00e1s vulnerables.<\/em><\/p>\n\n\n\n<p><em>La fraternidad debe ser el nuevo nombre del desarrollo y la solidaridad el nuevo nombre de la paz social.<\/em><\/p>\n\n\n\n<p><em>Son valores que no resultan exclusivos de un sector. Deben comprometer a los Estados y a las empresas. A los trabajadores y al capital.<\/em><\/p>\n\n\n\n<p><em>Esto no es una teor\u00eda, sino una convicci\u00f3n que hemos llevado adelante en Argentina en estos meses de gesti\u00f3n.<\/em><\/p>\n\n\n\n<p><em>El programa de Asistencia de Emergencia al Trabajo y la Producci\u00f3n (ATP) asisti\u00f3 a 60% de los empleadores del pa\u00eds.<\/em><\/p>\n\n\n\n<p><em>Lanzamos una l\u00ednea de cr\u00e9dito garantizada por el Estado a tasa 0 para trabajadores independientes. Y se otorgaron cr\u00e9ditos subsidiados para 110 mil PyMEs, por un total de 2% del PBI.<\/em><\/p>\n\n\n\n<p><em>El Ingreso Familiar de Emergencia (IFE) asegur\u00f3 las condiciones de vida de los sectores m\u00e1s afectados, apuntalando al mismo tiempo la demanda.<\/em><\/p>\n\n\n\n<p><em>Desde el inicio, comenzamos negociaciones con diversos laboratorios en pos de la adquisici\u00f3n de vacunas para proteger a las argentinas y argentinos del virus. La pandemia nos demostr\u00f3 una vez m\u00e1s que para lidiar con los grandes desaf\u00edos globales debemos cooperar entre actores p\u00fablicos y privados, y que la vacuna debe ser considerada un bien p\u00fablico global.<\/em><\/p>\n\n\n\n<p><em>Esta cooperaci\u00f3n p\u00fablico-privada posibilit\u00f3 que la industria argentina intervenga, en un esquema de integraci\u00f3n productiva junto a M\u00e9xico, en la producci\u00f3n de la vacuna Oxford-AstraZeneca para toda la regi\u00f3n.<\/em><\/p>\n\n\n\n<p><em>Esto nos permitir\u00e1 impulsar una campa\u00f1a de vacunaci\u00f3n que preserva primero a los sectores m\u00e1s expuestos al riesgo de la pandemia.<\/em><\/p>\n\n\n\n<p><em>Las medidas adoptadas han sido fundamentales para iniciar una recuperaci\u00f3n, que est\u00e1 siendo m\u00e1s veloz de lo que pens\u00e1bamos hace unos meses.<\/em><\/p>\n\n\n\n<p><em>La opci\u00f3n no es la vida o la econom\u00eda, sino la vida con m\u00e1s y mejor econom\u00eda.<\/em><\/p>\n\n\n\n<p><em>Nuestro sector industrial viene teniendo una recuperaci\u00f3n notable. En noviembre pasado, la econom\u00eda hab\u00eda alcanzado el 87% de la producci\u00f3n perdida por la pandemia. En la industria tenemos 4.500 puestos de trabajo m\u00e1s que antes de la pandemia. Llevamos cinco meses seguidos de recuperaci\u00f3n del empleo industrial.<\/em><\/p>\n\n\n\n<p><em>En plena pandemia tuvimos que lidiar con otro virus no menos destructivo, el endeudamiento t\u00f3xico e irresponsable.<\/em><\/p>\n\n\n\n<p><em>Con el acuerdo pol\u00edtico y social de todo el pa\u00eds, alcanzamos una reestructuraci\u00f3n de la deuda con acreedores privados con un nivel de aceptaci\u00f3n de 99,5%. As\u00ed despejamos el camino para empezar a construir un futuro con producci\u00f3n y trabajo.<\/em><\/p>\n\n\n\n<p><em>El di\u00e1logo con el FMI est\u00e1 en marcha y ha sido muy constructivo. Hemos recibido innumerables muestras de apoyo tanto desde la comunidad internacional como desde el G20.<\/em><\/p>\n\n\n\n<p><em>La renegociaci\u00f3n de las condiciones del acuerdo con el Fondo Monetario Internacional incorporar\u00e1 nuevas perspectivas macroecon\u00f3micas y un entendimiento com\u00fan de las necesidades espec\u00edficas de la econom\u00eda local.<\/em><\/p>\n\n\n\n<p><em>No hay m\u00e1s lugar para ajustes irresponsables e imposibles de cumplir, que perjudican la credibilidad tanto de nosotros como de quienes otorgan asistencias irreales.<\/em><\/p>\n\n\n\n<p><em>El programa que se acuerde con el Fondo ser\u00e1 enviado al Congreso para involucrar a toda la dirigencia pol\u00edtica argentina en un camino de desarrollo que tenga la sustentabilidad de la deuda, la inclusi\u00f3n social y la transparencia como pol\u00edticas de Estado. Un hecho hist\u00f3rico para el pa\u00eds.<\/em><\/p>\n\n\n\n<p><em>No es el tiempo del conformismo sino de la transformaci\u00f3n.<\/em><\/p>\n\n\n\n<p><em>Nosotros observamos los desaf\u00edos que se suscitan de la crisis actual como un punto de inflexi\u00f3n para avanzar en el \u00abgran reinicio\u00bb que pregona el Profesor Schwab.<\/em><\/p>\n\n\n\n<p><em>En este nuevo escenario es necesario vincular el multilateralismo con un concepto de multi solidaridad, que involucre a Estados, empresas y trabajadores.<\/em><\/p>\n\n\n\n<p><em>La articulaci\u00f3n y los consensos p\u00fablico-privados exigen la apertura de un espacio de di\u00e1logo y trabajo plural en Argentina, que tendr\u00e1 como misi\u00f3n generar las condiciones para la construcci\u00f3n de una visi\u00f3n com\u00fan de pa\u00eds.<\/em><\/p>\n\n\n\n<p><em>Por eso mi Gobierno ha decidido que se inicie prontamente un Consejo Econ\u00f3mico y Social para el Desarrollo, que convocar\u00e1 con sentido amplio y permanente a todos los actores del pa\u00eds a consolidar rumbos previsibles de mediano y largo plazo.<\/em><\/p>\n\n\n\n<p><em>Nuestro compromiso con la inversi\u00f3n, la producci\u00f3n y el trabajo es absoluto. El sector privado es un socio esencial para afrontar las reformas que permitan la escalada productiva y tecnol\u00f3gica de la Argentina, tan esencial como lo es la fuerza del trabajo.<\/em><\/p>\n\n\n\n<p><em>Argentina pretende demostrar que es posible conciliar pol\u00edticas econ\u00f3micas que fomenten inversiones del sector privado y que al mismo tiempo protejan a los sectores m\u00e1s vulnerables.<\/em><\/p>\n\n\n\n<p><em>Incentivar la inversi\u00f3n en la econom\u00eda real es un paso fundamental para fomentar y fortalecer el proceso de crecimiento y desarrollo del pa\u00eds.<\/em><\/p>\n\n\n\n<p><em>Sabemos y comprendemos que para poder invertir hace falta financiamiento y previsibilidad.<\/em><\/p>\n\n\n\n<p><em>Estamos comprometidos con avanzar en el camino hacia una recuperaci\u00f3n sostenible y alineada con objetivos clim\u00e1ticos acordados en el Acuerdo de Par\u00eds. El desarrollo del futuro ser\u00e1 verde o no ser\u00e1.<\/em><\/p>\n\n\n\n<p><em>Queremos desarrollar una Argentina sustentable, en un mundo menos contaminado. Estamos trabajando para conseguir el financiamiento necesario que nos permita acelerar la transici\u00f3n hacia una matriz energ\u00e9tica sostenible, inclusiva, din\u00e1mica, estable, federal y soberana.<\/em><\/p>\n\n\n\n<p><em>Vemos en esta crisis un momento \u00fanico para repensar las modalidades de desarrollo y los esquemas de cooperaci\u00f3n internacional.<\/em><\/p>\n\n\n\n<p><em>Como presidente pro t\u00e9mpore del Mercosur, tambi\u00e9n me encuentro comprometido a impulsar junto a Brasil, Paraguay, Uruguay y los Estados asociados, una agenda que promueva una integraci\u00f3n m\u00e1s profunda e innovadora con el resto de Am\u00e9rica Latina, Europa y Asia.<\/em><\/p>\n\n\n\n<p><em>En la Argentina lo tenemos claro, hemos tomado plena conciencia de que al fin del d\u00eda todos somos uno. La \u00e9tica de la solidaridad nos convoca.<\/em><\/p>\n\n\n\n<p><em>Es la hora de la responsabilidad pol\u00edtica, social, \u00e9tica y ambiental<\/em><\/p>\n\n\n\n<p><em>Necesitamos trabajar en conjunto con el sector privado para aprovechar las oportunidades de la transici\u00f3n, para desarrollar industrias eficientes y no contaminantes, apalancando el enorme potencial que la Argentina tiene en materia de generaci\u00f3n limpia en todo su territorio, con magn\u00edficas oportunidades solares en el norte y los mejores vientos del mundo en la Patagonia\u2026 y en el desarrollo de las materias primas como el litio y el hidr\u00f3geno en todas sus variantes para agregar valor en el pa\u00eds.<\/em><\/p>\n\n\n\n<p><em>Creemos que hay condiciones para que Argentina asuma un rol de liderazgo en materia de electromovilidad, con un marco legal robusto que estamos dise\u00f1ando.<\/em><\/p>\n\n\n\n<p><em>Tenemos que favorecer mediante iniciativas de pol\u00edtica industrial el desarrollo de n\u00facleos productivos en torno a industrias limpias para salir fortalecidos de este desaf\u00edo que se le presenta al pa\u00eds y a la humanidad.<\/em><\/p>\n\n\n\n<p><em>Para nosotros, la econom\u00eda del conocimiento ya es una realidad. Es prioritario para la Argentina integrarse a las cadenas globales de valor a trav\u00e9s de la tecnolog\u00eda 4.0. Tenemos una ley aprobada con amplio consenso como eficaz pol\u00edtica de Estado.<\/em><\/p>\n\n\n\n<p><em>En s\u00edntesis, tenemos esperanza frente al tiempo que se avecina. Mantenemos firmes un idealismo realista y un pragmatismo que no olvida los valores a la hora de tomar decisiones.<\/em><\/p>\n\n\n\n<p><em>Ha llegado el momento de unir fuerzas para abordar los problemas end\u00e9micos que desde hace a\u00f1os arrastra nuestro mundo. Deuda soberana insostenible, pobreza extrema, acceso al agua, igualdad de g\u00e9nero, desastres naturales, cambio clim\u00e1tico y corrupci\u00f3n.<\/em><\/p>\n\n\n\n<p><em>Al mismo tiempo, debemos impulsar una agenda de temas de vanguardia, propios del siglo XXI: el futuro de la educaci\u00f3n y el trabajo, la telemedicina, las cadenas productivas 4.0, la inclusi\u00f3n digital, el empoderamiento de las mujeres y la infraestructura verde.<\/em><\/p>\n\n\n\n<p><em>No estoy hablando de temas tecnocr\u00e1ticos ni de hojas de c\u00e1lculo de un excel. Estoy hablando de temas existenciales, que requieren una ciencia pol\u00edtica y una ciencia econ\u00f3mica que caminen juntas, iluminadas por la pasi\u00f3n de hacer de este mundo una tierra mejor. La econom\u00eda debe recuperar el sentido \u00e9tico que ha perdido.<\/em><\/p>\n\n\n\n<p><em>Nuestro querido Papa Francisco, lanz\u00f3 el a\u00f1o pasado una convocatoria universal a pensar otro modo de hacer econom\u00eda. Coordin\u00f3 ese encuentro mundial en As\u00eds, Italia, el economista Luigino Bruni, que acaba de publicar un libro titulado Capitalismo infeliz.<\/em><\/p>\n\n\n\n<p><em>Ese t\u00edtulo, Capitalismo Infeliz, me parece una magn\u00edfica definici\u00f3n de lo que debemos dejar atr\u00e1s. Ahora, el pacto solidario global es la meta que tenemos por delante.<\/em><\/p>\n\n\n\n<p><em>Tenemos que superar la infelicidad opulenta de sociedades que descartan a los m\u00e1s d\u00e9biles e idolatran la ganancia desenfrenada y deshumanizadora, de un modo amoral.<\/em><\/p>\n\n\n\n<p><em>Ni la econom\u00eda ni la pol\u00edtica son un mero contrato sino un conjunto de relaciones entre seres humanos, donde las heridas, los sue\u00f1os y las expectativas del otro tambi\u00e9n cuentan a la hora de construir decisiones y mirar con ojos nuevos los horizontes del futuro.<\/em><\/p>\n\n\n\n<p><em>Es ahora o nunca.<\/em><\/p>\n\n\n\n<p><em>Podemos elegir ser meros observadores de un mundo de lento crecimiento y creciente desigualdad, despreocupado del medio ambiente\u2026 y dedicarnos a los negocios como de costumbre.<\/em><\/p>\n\n\n\n<p><em>O podemos optar por actuar con valent\u00eda y decidir ser protagonistas en la tarea de sentar las nuevas bases para un enfoque innovador, hacia un desarrollo sustentable e inclusivo.<\/em><\/p>\n\n\n\n<p><em>De esta pandemia debe nacer un mundo mejor. Es nuestra responsabilidad hacer que esto suceda. Desde Argentina, los invito a ser socios en esta tarea.<\/em><\/p>\n\n\n\n<p>Fuente: T\u00e9lam<\/p>\n","protected":false},"excerpt":{"rendered":"<p>El presidente Alberto Fern\u00e1ndez critic\u00f3 el \u00abendeudamiento t\u00f3xico\u00bb, destac\u00f3 que el di\u00e1logo con el Fondo Monetario Internacional (FMI) \u00abest\u00e1 en marcha\u00bb y advirti\u00f3 que \u00abno hay lugar para ajustes irresponsables que son imposibles de cumplir\u00bb, al exponer ayer de forma virtual ante el Foro Econ\u00f3mico Mundial de Davos 2021. A continuaci\u00f3n, el texto completo de [&hellip;]<\/p>\n","protected":false},"author":2,"featured_media":2201,"comment_status":"open","ping_status":"open","sticky":false,"template":"","format":"standard","meta":{"footnotes":""},"categories":[39],"tags":[],"class_list":["post-2200","post","type-post","status-publish","format-standard","has-post-thumbnail","hentry","category-nacionales"],"yoast_head":"<!-- This site is optimized with the Yoast SEO plugin v27.4 - https:\/\/yoast.com\/product\/yoast-seo-wordpress\/ -->\n<title>\u00abNo hay m\u00e1s lugar para ajustes irresponsables\u00bb: el discurso completo de Alberto Fern\u00e1ndez en Davos | CVI NOTICIAS<\/title>\n<meta name=\"robots\" content=\"index, follow, max-snippet:-1, max-image-preview:large, max-video-preview:-1\" \/>\n<link rel=\"canonical\" href=\"https:\/\/cvinoticias.com\/v3\/no-hay-mas-lugar-para-ajustes-irresponsables-el-discurso-completo-de-alberto-fernandez-en-davos\/\" \/>\n<meta property=\"og:locale\" content=\"es_ES\" \/>\n<meta property=\"og:type\" content=\"article\" \/>\n<meta property=\"og:title\" content=\"\u00abNo hay m\u00e1s lugar para ajustes irresponsables\u00bb: el discurso completo de Alberto Fern\u00e1ndez en Davos | CVI NOTICIAS\" \/>\n<meta property=\"og:description\" content=\"El presidente Alberto Fern\u00e1ndez critic\u00f3 el \u00abendeudamiento t\u00f3xico\u00bb, destac\u00f3 que el di\u00e1logo con el Fondo Monetario Internacional (FMI) \u00abest\u00e1 en marcha\u00bb y advirti\u00f3 que \u00abno hay lugar para ajustes irresponsables que son imposibles de cumplir\u00bb, al exponer ayer de forma virtual ante el Foro Econ\u00f3mico Mundial de Davos 2021. A continuaci\u00f3n, el texto completo de [&hellip;]\" \/>\n<meta property=\"og:url\" content=\"https:\/\/cvinoticias.com\/v3\/no-hay-mas-lugar-para-ajustes-irresponsables-el-discurso-completo-de-alberto-fernandez-en-davos\/\" \/>\n<meta property=\"og:site_name\" content=\"CVI NOTICIAS\" \/>\n<meta property=\"article:publisher\" content=\"https:\/\/www.facebook.com\/cvinoticias\" \/>\n<meta property=\"article:published_time\" content=\"2021-01-29T19:31:38+00:00\" \/>\n<meta property=\"og:image\" content=\"https:\/\/cvinoticias.com\/wp-content\/uploads\/2021\/01\/485ae80dbddbfe4da476052ea760ab54.jpg\" \/>\n\t<meta property=\"og:image:width\" content=\"1200\" \/>\n\t<meta property=\"og:image:height\" content=\"675\" \/>\n\t<meta property=\"og:image:type\" content=\"image\/jpeg\" \/>\n<meta name=\"author\" content=\"f1000024\" \/>\n<meta name=\"twitter:card\" content=\"summary_large_image\" \/>\n<meta name=\"twitter:label1\" content=\"Escrito por\" \/>\n\t<meta name=\"twitter:data1\" content=\"f1000024\" \/>\n\t<meta name=\"twitter:label2\" content=\"Tiempo de lectura\" \/>\n\t<meta name=\"twitter:data2\" content=\"9 minutos\" \/>\n<script type=\"application\/ld+json\" class=\"yoast-schema-graph\">{\"@context\":\"https:\\\/\\\/schema.org\",\"@graph\":[{\"@type\":\"Article\",\"@id\":\"https:\\\/\\\/cvinoticias.com\\\/v3\\\/no-hay-mas-lugar-para-ajustes-irresponsables-el-discurso-completo-de-alberto-fernandez-en-davos\\\/#article\",\"isPartOf\":{\"@id\":\"https:\\\/\\\/cvinoticias.com\\\/v3\\\/no-hay-mas-lugar-para-ajustes-irresponsables-el-discurso-completo-de-alberto-fernandez-en-davos\\\/\"},\"author\":{\"name\":\"f1000024\",\"@id\":\"https:\\\/\\\/cvinoticias.com\\\/v3\\\/#\\\/schema\\\/person\\\/2db77e3c6bc03c538495d7b2b8be9b66\"},\"headline\":\"\u00abNo hay m\u00e1s lugar para ajustes irresponsables\u00bb: el discurso completo de Alberto Fern\u00e1ndez en Davos\",\"datePublished\":\"2021-01-29T19:31:38+00:00\",\"mainEntityOfPage\":{\"@id\":\"https:\\\/\\\/cvinoticias.com\\\/v3\\\/no-hay-mas-lugar-para-ajustes-irresponsables-el-discurso-completo-de-alberto-fernandez-en-davos\\\/\"},\"wordCount\":1784,\"commentCount\":0,\"publisher\":{\"@id\":\"https:\\\/\\\/cvinoticias.com\\\/v3\\\/#organization\"},\"image\":{\"@id\":\"https:\\\/\\\/cvinoticias.com\\\/v3\\\/no-hay-mas-lugar-para-ajustes-irresponsables-el-discurso-completo-de-alberto-fernandez-en-davos\\\/#primaryimage\"},\"thumbnailUrl\":\"https:\\\/\\\/cvinoticias.com\\\/wp-content\\\/uploads\\\/2021\\\/01\\\/485ae80dbddbfe4da476052ea760ab54.jpg\",\"articleSection\":[\"Nacionales\"],\"inLanguage\":\"es\",\"potentialAction\":[{\"@type\":\"CommentAction\",\"name\":\"Comment\",\"target\":[\"https:\\\/\\\/cvinoticias.com\\\/v3\\\/no-hay-mas-lugar-para-ajustes-irresponsables-el-discurso-completo-de-alberto-fernandez-en-davos\\\/#respond\"]}]},{\"@type\":\"WebPage\",\"@id\":\"https:\\\/\\\/cvinoticias.com\\\/v3\\\/no-hay-mas-lugar-para-ajustes-irresponsables-el-discurso-completo-de-alberto-fernandez-en-davos\\\/\",\"url\":\"https:\\\/\\\/cvinoticias.com\\\/v3\\\/no-hay-mas-lugar-para-ajustes-irresponsables-el-discurso-completo-de-alberto-fernandez-en-davos\\\/\",\"name\":\"\u00abNo hay m\u00e1s lugar para ajustes irresponsables\u00bb: el discurso completo de Alberto Fern\u00e1ndez en Davos | CVI NOTICIAS\",\"isPartOf\":{\"@id\":\"https:\\\/\\\/cvinoticias.com\\\/v3\\\/#website\"},\"primaryImageOfPage\":{\"@id\":\"https:\\\/\\\/cvinoticias.com\\\/v3\\\/no-hay-mas-lugar-para-ajustes-irresponsables-el-discurso-completo-de-alberto-fernandez-en-davos\\\/#primaryimage\"},\"image\":{\"@id\":\"https:\\\/\\\/cvinoticias.com\\\/v3\\\/no-hay-mas-lugar-para-ajustes-irresponsables-el-discurso-completo-de-alberto-fernandez-en-davos\\\/#primaryimage\"},\"thumbnailUrl\":\"https:\\\/\\\/cvinoticias.com\\\/wp-content\\\/uploads\\\/2021\\\/01\\\/485ae80dbddbfe4da476052ea760ab54.jpg\",\"datePublished\":\"2021-01-29T19:31:38+00:00\",\"breadcrumb\":{\"@id\":\"https:\\\/\\\/cvinoticias.com\\\/v3\\\/no-hay-mas-lugar-para-ajustes-irresponsables-el-discurso-completo-de-alberto-fernandez-en-davos\\\/#breadcrumb\"},\"inLanguage\":\"es\",\"potentialAction\":[{\"@type\":\"ReadAction\",\"target\":[\"https:\\\/\\\/cvinoticias.com\\\/v3\\\/no-hay-mas-lugar-para-ajustes-irresponsables-el-discurso-completo-de-alberto-fernandez-en-davos\\\/\"]}]},{\"@type\":\"ImageObject\",\"inLanguage\":\"es\",\"@id\":\"https:\\\/\\\/cvinoticias.com\\\/v3\\\/no-hay-mas-lugar-para-ajustes-irresponsables-el-discurso-completo-de-alberto-fernandez-en-davos\\\/#primaryimage\",\"url\":\"https:\\\/\\\/cvinoticias.com\\\/wp-content\\\/uploads\\\/2021\\\/01\\\/485ae80dbddbfe4da476052ea760ab54.jpg\",\"contentUrl\":\"https:\\\/\\\/cvinoticias.com\\\/wp-content\\\/uploads\\\/2021\\\/01\\\/485ae80dbddbfe4da476052ea760ab54.jpg\",\"width\":1200,\"height\":675},{\"@type\":\"BreadcrumbList\",\"@id\":\"https:\\\/\\\/cvinoticias.com\\\/v3\\\/no-hay-mas-lugar-para-ajustes-irresponsables-el-discurso-completo-de-alberto-fernandez-en-davos\\\/#breadcrumb\",\"itemListElement\":[{\"@type\":\"ListItem\",\"position\":1,\"name\":\"Portada\",\"item\":\"https:\\\/\\\/cvinoticias.com\\\/v3\\\/\"},{\"@type\":\"ListItem\",\"position\":2,\"name\":\"\u00abNo hay m\u00e1s lugar para ajustes irresponsables\u00bb: el discurso completo de Alberto Fern\u00e1ndez en Davos\"}]},{\"@type\":\"WebSite\",\"@id\":\"https:\\\/\\\/cvinoticias.com\\\/v3\\\/#website\",\"url\":\"https:\\\/\\\/cvinoticias.com\\\/v3\\\/\",\"name\":\"CVI NOTICIAS\",\"description\":\"\",\"publisher\":{\"@id\":\"https:\\\/\\\/cvinoticias.com\\\/v3\\\/#organization\"},\"alternateName\":\"CVI\",\"potentialAction\":[{\"@type\":\"SearchAction\",\"target\":{\"@type\":\"EntryPoint\",\"urlTemplate\":\"https:\\\/\\\/cvinoticias.com\\\/v3\\\/?s={search_term_string}\"},\"query-input\":{\"@type\":\"PropertyValueSpecification\",\"valueRequired\":true,\"valueName\":\"search_term_string\"}}],\"inLanguage\":\"es\"},{\"@type\":\"Organization\",\"@id\":\"https:\\\/\\\/cvinoticias.com\\\/v3\\\/#organization\",\"name\":\"CVI NOTICIAS\",\"url\":\"https:\\\/\\\/cvinoticias.com\\\/v3\\\/\",\"logo\":{\"@type\":\"ImageObject\",\"inLanguage\":\"es\",\"@id\":\"https:\\\/\\\/cvinoticias.com\\\/v3\\\/#\\\/schema\\\/logo\\\/image\\\/\",\"url\":\"https:\\\/\\\/cvinoticias.com\\\/wp-content\\\/uploads\\\/2023\\\/04\\\/cropped-cropped-cropped-cropped-cropped-3-1.png\",\"contentUrl\":\"https:\\\/\\\/cvinoticias.com\\\/wp-content\\\/uploads\\\/2023\\\/04\\\/cropped-cropped-cropped-cropped-cropped-3-1.png\",\"width\":95,\"height\":122,\"caption\":\"CVI NOTICIAS\"},\"image\":{\"@id\":\"https:\\\/\\\/cvinoticias.com\\\/v3\\\/#\\\/schema\\\/logo\\\/image\\\/\"},\"sameAs\":[\"https:\\\/\\\/www.facebook.com\\\/cvinoticias\",\"https:\\\/\\\/www.instagram.com\\\/cvinoticias\\\/\",\"https:\\\/\\\/www.youtube.com\\\/@CVINOTICIAS\"]},{\"@type\":\"Person\",\"@id\":\"https:\\\/\\\/cvinoticias.com\\\/v3\\\/#\\\/schema\\\/person\\\/2db77e3c6bc03c538495d7b2b8be9b66\",\"name\":\"f1000024\",\"image\":{\"@type\":\"ImageObject\",\"inLanguage\":\"es\",\"@id\":\"https:\\\/\\\/secure.gravatar.com\\\/avatar\\\/d4fe7459cfc51ff5129ce1a732bbef5928568b8092d412ef95611616376bbeed?s=96&d=mm&r=g\",\"url\":\"https:\\\/\\\/secure.gravatar.com\\\/avatar\\\/d4fe7459cfc51ff5129ce1a732bbef5928568b8092d412ef95611616376bbeed?s=96&d=mm&r=g\",\"contentUrl\":\"https:\\\/\\\/secure.gravatar.com\\\/avatar\\\/d4fe7459cfc51ff5129ce1a732bbef5928568b8092d412ef95611616376bbeed?s=96&d=mm&r=g\",\"caption\":\"f1000024\"},\"url\":\"https:\\\/\\\/cvinoticias.com\\\/v3\\\/author\\\/f1000024\\\/\"}]}<\/script>\n<!-- \/ Yoast SEO plugin. -->","yoast_head_json":{"title":"\u00abNo hay m\u00e1s lugar para ajustes irresponsables\u00bb: el discurso completo de Alberto Fern\u00e1ndez en Davos | CVI NOTICIAS","robots":{"index":"index","follow":"follow","max-snippet":"max-snippet:-1","max-image-preview":"max-image-preview:large","max-video-preview":"max-video-preview:-1"},"canonical":"https:\/\/cvinoticias.com\/v3\/no-hay-mas-lugar-para-ajustes-irresponsables-el-discurso-completo-de-alberto-fernandez-en-davos\/","og_locale":"es_ES","og_type":"article","og_title":"\u00abNo hay m\u00e1s lugar para ajustes irresponsables\u00bb: el discurso completo de Alberto Fern\u00e1ndez en Davos | CVI NOTICIAS","og_description":"El presidente Alberto Fern\u00e1ndez critic\u00f3 el \u00abendeudamiento t\u00f3xico\u00bb, destac\u00f3 que el di\u00e1logo con el Fondo Monetario Internacional (FMI) \u00abest\u00e1 en marcha\u00bb y advirti\u00f3 que \u00abno hay lugar para ajustes irresponsables que son imposibles de cumplir\u00bb, al exponer ayer de forma virtual ante el Foro Econ\u00f3mico Mundial de Davos 2021. A continuaci\u00f3n, el texto completo de [&hellip;]","og_url":"https:\/\/cvinoticias.com\/v3\/no-hay-mas-lugar-para-ajustes-irresponsables-el-discurso-completo-de-alberto-fernandez-en-davos\/","og_site_name":"CVI NOTICIAS","article_publisher":"https:\/\/www.facebook.com\/cvinoticias","article_published_time":"2021-01-29T19:31:38+00:00","og_image":[{"width":1200,"height":675,"url":"https:\/\/cvinoticias.com\/wp-content\/uploads\/2021\/01\/485ae80dbddbfe4da476052ea760ab54.jpg","type":"image\/jpeg"}],"author":"f1000024","twitter_card":"summary_large_image","twitter_misc":{"Escrito por":"f1000024","Tiempo de lectura":"9 minutos"},"schema":{"@context":"https:\/\/schema.org","@graph":[{"@type":"Article","@id":"https:\/\/cvinoticias.com\/v3\/no-hay-mas-lugar-para-ajustes-irresponsables-el-discurso-completo-de-alberto-fernandez-en-davos\/#article","isPartOf":{"@id":"https:\/\/cvinoticias.com\/v3\/no-hay-mas-lugar-para-ajustes-irresponsables-el-discurso-completo-de-alberto-fernandez-en-davos\/"},"author":{"name":"f1000024","@id":"https:\/\/cvinoticias.com\/v3\/#\/schema\/person\/2db77e3c6bc03c538495d7b2b8be9b66"},"headline":"\u00abNo hay m\u00e1s lugar para ajustes irresponsables\u00bb: el discurso completo de Alberto Fern\u00e1ndez en Davos","datePublished":"2021-01-29T19:31:38+00:00","mainEntityOfPage":{"@id":"https:\/\/cvinoticias.com\/v3\/no-hay-mas-lugar-para-ajustes-irresponsables-el-discurso-completo-de-alberto-fernandez-en-davos\/"},"wordCount":1784,"commentCount":0,"publisher":{"@id":"https:\/\/cvinoticias.com\/v3\/#organization"},"image":{"@id":"https:\/\/cvinoticias.com\/v3\/no-hay-mas-lugar-para-ajustes-irresponsables-el-discurso-completo-de-alberto-fernandez-en-davos\/#primaryimage"},"thumbnailUrl":"https:\/\/cvinoticias.com\/wp-content\/uploads\/2021\/01\/485ae80dbddbfe4da476052ea760ab54.jpg","articleSection":["Nacionales"],"inLanguage":"es","potentialAction":[{"@type":"CommentAction","name":"Comment","target":["https:\/\/cvinoticias.com\/v3\/no-hay-mas-lugar-para-ajustes-irresponsables-el-discurso-completo-de-alberto-fernandez-en-davos\/#respond"]}]},{"@type":"WebPage","@id":"https:\/\/cvinoticias.com\/v3\/no-hay-mas-lugar-para-ajustes-irresponsables-el-discurso-completo-de-alberto-fernandez-en-davos\/","url":"https:\/\/cvinoticias.com\/v3\/no-hay-mas-lugar-para-ajustes-irresponsables-el-discurso-completo-de-alberto-fernandez-en-davos\/","name":"\u00abNo hay m\u00e1s lugar para ajustes irresponsables\u00bb: el discurso completo de Alberto Fern\u00e1ndez en Davos | CVI NOTICIAS","isPartOf":{"@id":"https:\/\/cvinoticias.com\/v3\/#website"},"primaryImageOfPage":{"@id":"https:\/\/cvinoticias.com\/v3\/no-hay-mas-lugar-para-ajustes-irresponsables-el-discurso-completo-de-alberto-fernandez-en-davos\/#primaryimage"},"image":{"@id":"https:\/\/cvinoticias.com\/v3\/no-hay-mas-lugar-para-ajustes-irresponsables-el-discurso-completo-de-alberto-fernandez-en-davos\/#primaryimage"},"thumbnailUrl":"https:\/\/cvinoticias.com\/wp-content\/uploads\/2021\/01\/485ae80dbddbfe4da476052ea760ab54.jpg","datePublished":"2021-01-29T19:31:38+00:00","breadcrumb":{"@id":"https:\/\/cvinoticias.com\/v3\/no-hay-mas-lugar-para-ajustes-irresponsables-el-discurso-completo-de-alberto-fernandez-en-davos\/#breadcrumb"},"inLanguage":"es","potentialAction":[{"@type":"ReadAction","target":["https:\/\/cvinoticias.com\/v3\/no-hay-mas-lugar-para-ajustes-irresponsables-el-discurso-completo-de-alberto-fernandez-en-davos\/"]}]},{"@type":"ImageObject","inLanguage":"es","@id":"https:\/\/cvinoticias.com\/v3\/no-hay-mas-lugar-para-ajustes-irresponsables-el-discurso-completo-de-alberto-fernandez-en-davos\/#primaryimage","url":"https:\/\/cvinoticias.com\/wp-content\/uploads\/2021\/01\/485ae80dbddbfe4da476052ea760ab54.jpg","contentUrl":"https:\/\/cvinoticias.com\/wp-content\/uploads\/2021\/01\/485ae80dbddbfe4da476052ea760ab54.jpg","width":1200,"height":675},{"@type":"BreadcrumbList","@id":"https:\/\/cvinoticias.com\/v3\/no-hay-mas-lugar-para-ajustes-irresponsables-el-discurso-completo-de-alberto-fernandez-en-davos\/#breadcrumb","itemListElement":[{"@type":"ListItem","position":1,"name":"Portada","item":"https:\/\/cvinoticias.com\/v3\/"},{"@type":"ListItem","position":2,"name":"\u00abNo hay m\u00e1s lugar para ajustes irresponsables\u00bb: el discurso completo de Alberto Fern\u00e1ndez en Davos"}]},{"@type":"WebSite","@id":"https:\/\/cvinoticias.com\/v3\/#website","url":"https:\/\/cvinoticias.com\/v3\/","name":"CVI NOTICIAS","description":"","publisher":{"@id":"https:\/\/cvinoticias.com\/v3\/#organization"},"alternateName":"CVI","potentialAction":[{"@type":"SearchAction","target":{"@type":"EntryPoint","urlTemplate":"https:\/\/cvinoticias.com\/v3\/?s={search_term_string}"},"query-input":{"@type":"PropertyValueSpecification","valueRequired":true,"valueName":"search_term_string"}}],"inLanguage":"es"},{"@type":"Organization","@id":"https:\/\/cvinoticias.com\/v3\/#organization","name":"CVI NOTICIAS","url":"https:\/\/cvinoticias.com\/v3\/","logo":{"@type":"ImageObject","inLanguage":"es","@id":"https:\/\/cvinoticias.com\/v3\/#\/schema\/logo\/image\/","url":"https:\/\/cvinoticias.com\/wp-content\/uploads\/2023\/04\/cropped-cropped-cropped-cropped-cropped-3-1.png","contentUrl":"https:\/\/cvinoticias.com\/wp-content\/uploads\/2023\/04\/cropped-cropped-cropped-cropped-cropped-3-1.png","width":95,"height":122,"caption":"CVI NOTICIAS"},"image":{"@id":"https:\/\/cvinoticias.com\/v3\/#\/schema\/logo\/image\/"},"sameAs":["https:\/\/www.facebook.com\/cvinoticias","https:\/\/www.instagram.com\/cvinoticias\/","https:\/\/www.youtube.com\/@CVINOTICIAS"]},{"@type":"Person","@id":"https:\/\/cvinoticias.com\/v3\/#\/schema\/person\/2db77e3c6bc03c538495d7b2b8be9b66","name":"f1000024","image":{"@type":"ImageObject","inLanguage":"es","@id":"https:\/\/secure.gravatar.com\/avatar\/d4fe7459cfc51ff5129ce1a732bbef5928568b8092d412ef95611616376bbeed?s=96&d=mm&r=g","url":"https:\/\/secure.gravatar.com\/avatar\/d4fe7459cfc51ff5129ce1a732bbef5928568b8092d412ef95611616376bbeed?s=96&d=mm&r=g","contentUrl":"https:\/\/secure.gravatar.com\/avatar\/d4fe7459cfc51ff5129ce1a732bbef5928568b8092d412ef95611616376bbeed?s=96&d=mm&r=g","caption":"f1000024"},"url":"https:\/\/cvinoticias.com\/v3\/author\/f1000024\/"}]}},"_links":{"self":[{"href":"https:\/\/cvinoticias.com\/v3\/wp-json\/wp\/v2\/posts\/2200","targetHints":{"allow":["GET"]}}],"collection":[{"href":"https:\/\/cvinoticias.com\/v3\/wp-json\/wp\/v2\/posts"}],"about":[{"href":"https:\/\/cvinoticias.com\/v3\/wp-json\/wp\/v2\/types\/post"}],"author":[{"embeddable":true,"href":"https:\/\/cvinoticias.com\/v3\/wp-json\/wp\/v2\/users\/2"}],"replies":[{"embeddable":true,"href":"https:\/\/cvinoticias.com\/v3\/wp-json\/wp\/v2\/comments?post=2200"}],"version-history":[{"count":1,"href":"https:\/\/cvinoticias.com\/v3\/wp-json\/wp\/v2\/posts\/2200\/revisions"}],"predecessor-version":[{"id":2202,"href":"https:\/\/cvinoticias.com\/v3\/wp-json\/wp\/v2\/posts\/2200\/revisions\/2202"}],"wp:featuredmedia":[{"embeddable":true,"href":"https:\/\/cvinoticias.com\/v3\/wp-json\/wp\/v2\/media\/2201"}],"wp:attachment":[{"href":"https:\/\/cvinoticias.com\/v3\/wp-json\/wp\/v2\/media?parent=2200"}],"wp:term":[{"taxonomy":"category","embeddable":true,"href":"https:\/\/cvinoticias.com\/v3\/wp-json\/wp\/v2\/categories?post=2200"},{"taxonomy":"post_tag","embeddable":true,"href":"https:\/\/cvinoticias.com\/v3\/wp-json\/wp\/v2\/tags?post=2200"}],"curies":[{"name":"wp","href":"https:\/\/api.w.org\/{rel}","templated":true}]}}