{"id":21931,"date":"2023-01-19T12:29:24","date_gmt":"2023-01-19T12:29:24","guid":{"rendered":"https:\/\/cvinoticias.com\/v3\/?p=21931"},"modified":"2023-01-19T12:29:24","modified_gmt":"2023-01-19T12:29:24","slug":"estoy-de-pie-por-fernando-dijo-su-madre-al-recordarlo","status":"publish","type":"post","link":"https:\/\/cvinoticias.com\/v3\/estoy-de-pie-por-fernando-dijo-su-madre-al-recordarlo\/","title":{"rendered":"\u00abEstoy de pie por Fernando\u00bb, dijo su madre al recordarlo"},"content":{"rendered":"\n<p><strong><em>Ante m\u00e1s de 2.500 personas que reclamaban Justicia, Graciela, junto a su esposo Silvino, homenaje\u00f3 a su hijo, asesinado a golpes en la puerta del boliche \u00abLe Brique\u00bb de Villa Gesell en 2020.<\/em><\/strong><\/p>\n\n\n\n<p>Ante m\u00e1s de 2.500 personas que reclamaban Justicia en el Anfiteatro Libres del Sur, de Dolores, Graciela, junto a su esposo Silvino, homenaje\u00f3 a su hijo, asesinado a golpes en la puerta del boliche \u00abLe Brique\u00bb de Villa Gesell el 18 de enero de 2020.<\/p>\n\n\n\n<p>\u00abEstoy de pie por Fernando y por todas esas madres que tambi\u00e9n perdieron a sus hijos y no tuvieron justicia\u00bb, dijo la mujer.<\/p>\n\n\n\n<p>\u00abEra nuestro sol, nuestra vida, el que nos daba alegr\u00eda en nuestra vida. Ahora estamos vac\u00edos, no hay nadie en mi casa, estamos los dos solitos\u00bb, agreg\u00f3.<\/p>\n\n\n\n<p>La mam\u00e1 de Fernando record\u00f3 el d\u00eda que junto a su esposo viaj\u00f3 a Dolores para comparecer en el juicio que se lleva a cabo a los ocho rugbiers acusados de matar a su hijo.<\/p>\n\n\n\n<p>\u00abPreparamos la valija en busca de Justicia, no queremos venganza, solo que paguen lo que le hicieron a mi hijo\u00bb, dijo con la voz entrecortada.<\/p>\n\n\n\n<p>La mujer cont\u00f3 luego las sensaciones que atraves\u00f3 durante las audiencias del debate: \u00abCuando en el juicio vi c\u00f3mo le pegaban a mi hijo, como madre ten\u00eda el deseo de tirarme al cuerpo de mi hijo para que no lo golpearan\u00bb.<\/p>\n\n\n\n<figure class=\"wp-block-image size-full\"><a href=\"https:\/\/cvinoticias.com\/wp-content\/uploads\/2023\/01\/o_1674092720.jpg\"><img decoding=\"async\" width=\"800\" height=\"450\" data-src=\"https:\/\/cvinoticias.com\/wp-content\/uploads\/2023\/01\/o_1674092720.jpg\" alt=\"\" class=\"wp-image-21932 lazyload\" data-srcset=\"https:\/\/cvinoticias.com\/wp-content\/uploads\/2023\/01\/o_1674092720.jpg 800w, https:\/\/cvinoticias.com\/wp-content\/uploads\/2023\/01\/o_1674092720-300x169.jpg 300w, https:\/\/cvinoticias.com\/wp-content\/uploads\/2023\/01\/o_1674092720-768x432.jpg 768w\" data-sizes=\"(max-width: 800px) 100vw, 800px\" src=\"data:image\/svg+xml;base64,PHN2ZyB3aWR0aD0iMSIgaGVpZ2h0PSIxIiB4bWxucz0iaHR0cDovL3d3dy53My5vcmcvMjAwMC9zdmciPjwvc3ZnPg==\" style=\"--smush-placeholder-width: 800px; --smush-placeholder-aspect-ratio: 800\/450;\" \/><\/a><\/figure>\n\n\n\n<p>\u00ab\u00a1Gracias mi amor, gracias mi vida por habernos dado tantas felicidades durante 18 a\u00f1os!\u00bb, dijo luego alzando con fuerza su voz.<\/p>\n\n\n\n<p>\u00abTe amo Fernando, con toda mi alma. Es lo mejor que Dios me ha dado, era mi alegr\u00eda, mi compa\u00f1erito, hoy me qued\u00e9 sin todo eso\u00bb, finaliz\u00f3 Graciela.<\/p>\n\n\n\n<p>Minutos antes, su esposo, Silvino, agradeci\u00f3 en primer lugar a todos los que estuvieron presentes en este momento \u00abtan dif\u00edcil\u00bb de sus vidas, ya que les dan \u00abla fuerza para seguir adelante, para seguir pidiendo justicia\u00bb.<\/p>\n\n\n\n<p>\u00abNecesitamos justicia, paz para poder seguir viviendo un poco m\u00e1s. Yo s\u00e9 que no es f\u00e1cil, cada d\u00eda nos cuesta m\u00e1s la ausencia de Fernando, ni s\u00e9 c\u00f3mo explicarle a la gente que cada vez que me levanto a la ma\u00f1ana es como levantarse con una bolsa en espalda\u00bb, dijo.<\/p>\n\n\n\n<p>\u00abEn alg\u00fan momento voy a volver a ver a mi hijo\u00bb, expres\u00f3 Silvino acongojado frente a la multitud que particip\u00f3 de la ceremonia interreligiosa y de la colecta en honor a Fernando.<\/p>\n\n\n\n<p>El acto comenz\u00f3 cerca de las 19.30, cuando Silvino y Graciela llegaron al anfiteatro, donde fueron recibidos con aplausos y al grito de \u00ab\u00a1Justicia!\u00bb.<\/p>\n\n\n\n<p>El acto central fue declarado de \u00abinter\u00e9s municipal\u00bb por las autoridades dolorenses, ciudad en la que actualmente se desarrolla el juicio oral por el homicidio de Fernando, que tiene a ocho rugbiers acusados.<\/p>\n\n\n\n<p>Acompa\u00f1ados por el abogado Fernando Burlando y parte de su equipo de trabajo, otros familiares de la v\u00edctima llegaron con globos blancos y vestidos con remeras con el rostro de Fernando, un cresp\u00f3n negro sobre su pecho y un cartel de \u00abJusticia es perpetua\u00bb.<\/p>\n\n\n\n<p>En el escenario hab\u00eda dos sillas junto a un altar con la Virgen de Caacup\u00e9, la ciudad de Paraguay de donde es oriundo Silvino.<\/p>\n\n\n\n<p>Carteles con el rostro del joven asesinado y la leyenda \u00abJusticia por Fernando y por todas las v\u00edctimas de violencia\u00bb, llenaron cada lugar del anfiteatro, junto a otros que dec\u00edan: \u00abSu libertad caduc\u00f3\u00bb, \u00abJusticia es perpetua\u00bb; \u00abFernando est\u00e1 presente\u00bb.<\/p>\n\n\n\n<figure class=\"wp-block-image size-full\"><a href=\"https:\/\/cvinoticias.com\/wp-content\/uploads\/2023\/01\/o_1674092723.jpg\"><img decoding=\"async\" width=\"800\" height=\"450\" data-src=\"https:\/\/cvinoticias.com\/wp-content\/uploads\/2023\/01\/o_1674092723.jpg\" alt=\"\" class=\"wp-image-21933 lazyload\" data-srcset=\"https:\/\/cvinoticias.com\/wp-content\/uploads\/2023\/01\/o_1674092723.jpg 800w, https:\/\/cvinoticias.com\/wp-content\/uploads\/2023\/01\/o_1674092723-300x169.jpg 300w, https:\/\/cvinoticias.com\/wp-content\/uploads\/2023\/01\/o_1674092723-768x432.jpg 768w\" data-sizes=\"(max-width: 800px) 100vw, 800px\" src=\"data:image\/svg+xml;base64,PHN2ZyB3aWR0aD0iMSIgaGVpZ2h0PSIxIiB4bWxucz0iaHR0cDovL3d3dy53My5vcmcvMjAwMC9zdmciPjwvc3ZnPg==\" style=\"--smush-placeholder-width: 800px; --smush-placeholder-aspect-ratio: 800\/450;\" \/><\/a><\/figure>\n\n\n\n<p>Al iniciarse el homenaje, los padres del joven se ubicaron en el centro del escenario y prendieron tres velas que refer\u00edan a los tres pilares de su familia: Fernando y sus padres.<\/p>\n\n\n\n<p>\u00abFernando, \u00a1presente!\u00bb, fue el grito que convoc\u00f3 a las personas a levantar su tel\u00e9fono celular o una vela para hacerse presentes.<\/p>\n\n\n\n<p>En medio de la conmemoraci\u00f3n, los padres del estudiante de abogac\u00eda plantaron un Jacarand\u00e1 en el predio, ya que era el \u00e1rbol preferido de Fernando.<\/p>\n\n\n\n<p>Luego de un minuto de silencio, una cantante interpret\u00f3 una canci\u00f3n de Patricia Sosa, dedicada especialmente al joven asesinado.<\/p>\n\n\n\n<p>M\u00e1s tarde, Graciela y Silvino se quebraron en llanto cuando vieron un video con fotos de su hijo en una pantalla gigante, acompa\u00f1ado por el tema \u00abMotivos\u00bb de Abel Pintos.<\/p>\n\n\n\n<p>\u00ab#HoyEsFernando\u00bb fue el hashtag elegido por los organizadores para recordar en las redes sociales al joven asesinado.<\/p>\n\n\n\n<p>Entre los presentes al acto se encontraba la titular del Instituto Nacional contra la Discriminaci\u00f3n, la Xenofobia y el Racismo (INADI), Greta Pena, quien prometi\u00f3 que \u00abprofundizar\u00e1 las pol\u00edticas p\u00fablicas que tengan como eje principal desarmar las matrices culturales de la discriminaci\u00f3n\u00bb.<\/p>\n\n\n\n<p>Tambi\u00e9n, junto al abogado Burlando, se encontraba el artista Flavio Mendoza y el piloto Marcos Di Palma, quienes viajaron especialmente para acompa\u00f1ar a la familia en el pedido de justicia.<\/p>\n\n\n\n<p>La oraci\u00f3n interreligiosa estuvo a cargo del im\u00e1n Marwan Gill, presidente de la Comunidad Musulmana Ahmad\u00eda Argentina; del pastor Marcelo L\u00f3pez Pav\u00f3n, representante de Aciera en Dolores; de Eugenia Calvi, ministra religiosa Afro-Umbandista; de Eric Escala, arzobispo de la Iglesia Anglicana en Argentina; del rabino Sa\u00fal Bonino, del juda\u00edsmo, y del monse\u00f1or Carlos Malfa, obispo de la Iglesia Cat\u00f3lica en Dolores.<\/p>\n\n\n\n<p>El tercer aniversario del crimen de Fernando fue conmemorado en otras ciudades, entre ellas en Villa Gesell, donde el obispo de Mar del Plata ofreci\u00f3 una misa.<\/p>\n\n\n\n<p>Tambi\u00e9n en Mar del Plata se realizaron movilizaciones y manifestaciones bajo la consigna \u00abJusticia por Fernando B\u00e1ez Sosa\u00bb, a la que los participantes asistieron con velas, carteles y globos blancos en la avenida Luro y Mitre.<\/p>\n\n\n\n<p>En tanto, en el Obelisco porte\u00f1o y en el barrio de Recoleta, donde residen Silvino y Graciela, tambi\u00e9n se homenaje\u00f3 al joven, al igual que en en el colegio Marianista al que asist\u00eda, donde se recibieron alimentos no perecederos para luego ser donados.<\/p>\n\n\n\n<p><\/p>\n\n\n\n<figure class=\"wp-block-image size-full\"><a href=\"https:\/\/cvinoticias.com\/wp-content\/uploads\/2023\/01\/o_1674092725_1.jpg\"><img decoding=\"async\" width=\"800\" height=\"450\" data-src=\"https:\/\/cvinoticias.com\/wp-content\/uploads\/2023\/01\/o_1674092725_1.jpg\" alt=\"\" class=\"wp-image-21934 lazyload\" data-srcset=\"https:\/\/cvinoticias.com\/wp-content\/uploads\/2023\/01\/o_1674092725_1.jpg 800w, https:\/\/cvinoticias.com\/wp-content\/uploads\/2023\/01\/o_1674092725_1-300x169.jpg 300w, https:\/\/cvinoticias.com\/wp-content\/uploads\/2023\/01\/o_1674092725_1-768x432.jpg 768w\" data-sizes=\"(max-width: 800px) 100vw, 800px\" src=\"data:image\/svg+xml;base64,PHN2ZyB3aWR0aD0iMSIgaGVpZ2h0PSIxIiB4bWxucz0iaHR0cDovL3d3dy53My5vcmcvMjAwMC9zdmciPjwvc3ZnPg==\" style=\"--smush-placeholder-width: 800px; --smush-placeholder-aspect-ratio: 800\/450;\" \/><\/a><\/figure>\n","protected":false},"excerpt":{"rendered":"<p>Ante m\u00e1s de 2.500 personas que reclamaban Justicia, Graciela, junto a su esposo Silvino, homenaje\u00f3 a su hijo, asesinado a golpes en la puerta del boliche \u00abLe Brique\u00bb de Villa Gesell en 2020. Ante m\u00e1s de 2.500 personas que reclamaban Justicia en el Anfiteatro Libres del Sur, de Dolores, Graciela, junto a su esposo Silvino, [&hellip;]<\/p>\n","protected":false},"author":2,"featured_media":21935,"comment_status":"open","ping_status":"open","sticky":false,"template":"","format":"standard","meta":{"footnotes":""},"categories":[39],"tags":[],"class_list":["post-21931","post","type-post","status-publish","format-standard","has-post-thumbnail","hentry","category-nacionales"],"yoast_head":"<!-- This site is optimized with the Yoast SEO plugin v27.5 - https:\/\/yoast.com\/product\/yoast-seo-wordpress\/ -->\n<title>&quot;Estoy de pie por Fernando&quot;, dijo su madre al recordarlo | CVI NOTICIAS<\/title>\n<meta name=\"robots\" content=\"index, follow, max-snippet:-1, max-image-preview:large, max-video-preview:-1\" \/>\n<link rel=\"canonical\" href=\"https:\/\/cvinoticias.com\/v3\/estoy-de-pie-por-fernando-dijo-su-madre-al-recordarlo\/\" \/>\n<meta property=\"og:locale\" content=\"es_ES\" \/>\n<meta property=\"og:type\" content=\"article\" \/>\n<meta property=\"og:title\" content=\"&quot;Estoy de pie por Fernando&quot;, dijo su madre al recordarlo | CVI NOTICIAS\" \/>\n<meta property=\"og:description\" content=\"Ante m\u00e1s de 2.500 personas que reclamaban Justicia, Graciela, junto a su esposo Silvino, homenaje\u00f3 a su hijo, asesinado a golpes en la puerta del boliche \u00abLe Brique\u00bb de Villa Gesell en 2020. Ante m\u00e1s de 2.500 personas que reclamaban Justicia en el Anfiteatro Libres del Sur, de Dolores, Graciela, junto a su esposo Silvino, [&hellip;]\" \/>\n<meta property=\"og:url\" content=\"https:\/\/cvinoticias.com\/v3\/estoy-de-pie-por-fernando-dijo-su-madre-al-recordarlo\/\" \/>\n<meta property=\"og:site_name\" content=\"CVI NOTICIAS\" \/>\n<meta property=\"article:publisher\" content=\"https:\/\/www.facebook.com\/cvinoticias\" \/>\n<meta property=\"article:published_time\" content=\"2023-01-19T12:29:24+00:00\" \/>\n<meta property=\"og:image\" content=\"https:\/\/cvinoticias.com\/wp-content\/uploads\/2023\/01\/o_1674092722_1.jpg\" \/>\n\t<meta property=\"og:image:width\" content=\"800\" \/>\n\t<meta property=\"og:image:height\" content=\"450\" \/>\n\t<meta property=\"og:image:type\" content=\"image\/jpeg\" \/>\n<meta name=\"author\" content=\"f1000024\" \/>\n<meta name=\"twitter:card\" content=\"summary_large_image\" \/>\n<meta name=\"twitter:label1\" content=\"Escrito por\" \/>\n\t<meta name=\"twitter:data1\" content=\"f1000024\" \/>\n\t<meta name=\"twitter:label2\" content=\"Tiempo de lectura\" \/>\n\t<meta name=\"twitter:data2\" content=\"5 minutos\" \/>\n<script type=\"application\/ld+json\" class=\"yoast-schema-graph\">{\"@context\":\"https:\\\/\\\/schema.org\",\"@graph\":[{\"@type\":\"Article\",\"@id\":\"https:\\\/\\\/cvinoticias.com\\\/v3\\\/estoy-de-pie-por-fernando-dijo-su-madre-al-recordarlo\\\/#article\",\"isPartOf\":{\"@id\":\"https:\\\/\\\/cvinoticias.com\\\/v3\\\/estoy-de-pie-por-fernando-dijo-su-madre-al-recordarlo\\\/\"},\"author\":{\"name\":\"f1000024\",\"@id\":\"https:\\\/\\\/cvinoticias.com\\\/v3\\\/#\\\/schema\\\/person\\\/2db77e3c6bc03c538495d7b2b8be9b66\"},\"headline\":\"\u00abEstoy de pie por Fernando\u00bb, dijo su madre al recordarlo\",\"datePublished\":\"2023-01-19T12:29:24+00:00\",\"mainEntityOfPage\":{\"@id\":\"https:\\\/\\\/cvinoticias.com\\\/v3\\\/estoy-de-pie-por-fernando-dijo-su-madre-al-recordarlo\\\/\"},\"wordCount\":999,\"commentCount\":0,\"publisher\":{\"@id\":\"https:\\\/\\\/cvinoticias.com\\\/v3\\\/#organization\"},\"image\":{\"@id\":\"https:\\\/\\\/cvinoticias.com\\\/v3\\\/estoy-de-pie-por-fernando-dijo-su-madre-al-recordarlo\\\/#primaryimage\"},\"thumbnailUrl\":\"https:\\\/\\\/cvinoticias.com\\\/wp-content\\\/uploads\\\/2023\\\/01\\\/o_1674092722_1.jpg\",\"articleSection\":[\"Nacionales\"],\"inLanguage\":\"es\",\"potentialAction\":[{\"@type\":\"CommentAction\",\"name\":\"Comment\",\"target\":[\"https:\\\/\\\/cvinoticias.com\\\/v3\\\/estoy-de-pie-por-fernando-dijo-su-madre-al-recordarlo\\\/#respond\"]}]},{\"@type\":\"WebPage\",\"@id\":\"https:\\\/\\\/cvinoticias.com\\\/v3\\\/estoy-de-pie-por-fernando-dijo-su-madre-al-recordarlo\\\/\",\"url\":\"https:\\\/\\\/cvinoticias.com\\\/v3\\\/estoy-de-pie-por-fernando-dijo-su-madre-al-recordarlo\\\/\",\"name\":\"\\\"Estoy de pie por Fernando\\\", dijo su madre al recordarlo | CVI NOTICIAS\",\"isPartOf\":{\"@id\":\"https:\\\/\\\/cvinoticias.com\\\/v3\\\/#website\"},\"primaryImageOfPage\":{\"@id\":\"https:\\\/\\\/cvinoticias.com\\\/v3\\\/estoy-de-pie-por-fernando-dijo-su-madre-al-recordarlo\\\/#primaryimage\"},\"image\":{\"@id\":\"https:\\\/\\\/cvinoticias.com\\\/v3\\\/estoy-de-pie-por-fernando-dijo-su-madre-al-recordarlo\\\/#primaryimage\"},\"thumbnailUrl\":\"https:\\\/\\\/cvinoticias.com\\\/wp-content\\\/uploads\\\/2023\\\/01\\\/o_1674092722_1.jpg\",\"datePublished\":\"2023-01-19T12:29:24+00:00\",\"breadcrumb\":{\"@id\":\"https:\\\/\\\/cvinoticias.com\\\/v3\\\/estoy-de-pie-por-fernando-dijo-su-madre-al-recordarlo\\\/#breadcrumb\"},\"inLanguage\":\"es\",\"potentialAction\":[{\"@type\":\"ReadAction\",\"target\":[\"https:\\\/\\\/cvinoticias.com\\\/v3\\\/estoy-de-pie-por-fernando-dijo-su-madre-al-recordarlo\\\/\"]}]},{\"@type\":\"ImageObject\",\"inLanguage\":\"es\",\"@id\":\"https:\\\/\\\/cvinoticias.com\\\/v3\\\/estoy-de-pie-por-fernando-dijo-su-madre-al-recordarlo\\\/#primaryimage\",\"url\":\"https:\\\/\\\/cvinoticias.com\\\/wp-content\\\/uploads\\\/2023\\\/01\\\/o_1674092722_1.jpg\",\"contentUrl\":\"https:\\\/\\\/cvinoticias.com\\\/wp-content\\\/uploads\\\/2023\\\/01\\\/o_1674092722_1.jpg\",\"width\":800,\"height\":450},{\"@type\":\"BreadcrumbList\",\"@id\":\"https:\\\/\\\/cvinoticias.com\\\/v3\\\/estoy-de-pie-por-fernando-dijo-su-madre-al-recordarlo\\\/#breadcrumb\",\"itemListElement\":[{\"@type\":\"ListItem\",\"position\":1,\"name\":\"Portada\",\"item\":\"https:\\\/\\\/cvinoticias.com\\\/v3\\\/\"},{\"@type\":\"ListItem\",\"position\":2,\"name\":\"\u00abEstoy de pie por Fernando\u00bb, dijo su madre al recordarlo\"}]},{\"@type\":\"WebSite\",\"@id\":\"https:\\\/\\\/cvinoticias.com\\\/v3\\\/#website\",\"url\":\"https:\\\/\\\/cvinoticias.com\\\/v3\\\/\",\"name\":\"CVI NOTICIAS\",\"description\":\"\",\"publisher\":{\"@id\":\"https:\\\/\\\/cvinoticias.com\\\/v3\\\/#organization\"},\"alternateName\":\"CVI\",\"potentialAction\":[{\"@type\":\"SearchAction\",\"target\":{\"@type\":\"EntryPoint\",\"urlTemplate\":\"https:\\\/\\\/cvinoticias.com\\\/v3\\\/?s={search_term_string}\"},\"query-input\":{\"@type\":\"PropertyValueSpecification\",\"valueRequired\":true,\"valueName\":\"search_term_string\"}}],\"inLanguage\":\"es\"},{\"@type\":\"Organization\",\"@id\":\"https:\\\/\\\/cvinoticias.com\\\/v3\\\/#organization\",\"name\":\"CVI NOTICIAS\",\"url\":\"https:\\\/\\\/cvinoticias.com\\\/v3\\\/\",\"logo\":{\"@type\":\"ImageObject\",\"inLanguage\":\"es\",\"@id\":\"https:\\\/\\\/cvinoticias.com\\\/v3\\\/#\\\/schema\\\/logo\\\/image\\\/\",\"url\":\"https:\\\/\\\/cvinoticias.com\\\/wp-content\\\/uploads\\\/2023\\\/04\\\/cropped-cropped-cropped-cropped-cropped-3-1.png\",\"contentUrl\":\"https:\\\/\\\/cvinoticias.com\\\/wp-content\\\/uploads\\\/2023\\\/04\\\/cropped-cropped-cropped-cropped-cropped-3-1.png\",\"width\":95,\"height\":122,\"caption\":\"CVI NOTICIAS\"},\"image\":{\"@id\":\"https:\\\/\\\/cvinoticias.com\\\/v3\\\/#\\\/schema\\\/logo\\\/image\\\/\"},\"sameAs\":[\"https:\\\/\\\/www.facebook.com\\\/cvinoticias\",\"https:\\\/\\\/www.instagram.com\\\/cvinoticias\\\/\",\"https:\\\/\\\/www.youtube.com\\\/@CVINOTICIAS\"]},{\"@type\":\"Person\",\"@id\":\"https:\\\/\\\/cvinoticias.com\\\/v3\\\/#\\\/schema\\\/person\\\/2db77e3c6bc03c538495d7b2b8be9b66\",\"name\":\"f1000024\",\"image\":{\"@type\":\"ImageObject\",\"inLanguage\":\"es\",\"@id\":\"https:\\\/\\\/secure.gravatar.com\\\/avatar\\\/d4fe7459cfc51ff5129ce1a732bbef5928568b8092d412ef95611616376bbeed?s=96&d=mm&r=g\",\"url\":\"https:\\\/\\\/secure.gravatar.com\\\/avatar\\\/d4fe7459cfc51ff5129ce1a732bbef5928568b8092d412ef95611616376bbeed?s=96&d=mm&r=g\",\"contentUrl\":\"https:\\\/\\\/secure.gravatar.com\\\/avatar\\\/d4fe7459cfc51ff5129ce1a732bbef5928568b8092d412ef95611616376bbeed?s=96&d=mm&r=g\",\"caption\":\"f1000024\"},\"url\":\"https:\\\/\\\/cvinoticias.com\\\/v3\\\/author\\\/f1000024\\\/\"}]}<\/script>\n<!-- \/ Yoast SEO plugin. -->","yoast_head_json":{"title":"\"Estoy de pie por Fernando\", dijo su madre al recordarlo | CVI NOTICIAS","robots":{"index":"index","follow":"follow","max-snippet":"max-snippet:-1","max-image-preview":"max-image-preview:large","max-video-preview":"max-video-preview:-1"},"canonical":"https:\/\/cvinoticias.com\/v3\/estoy-de-pie-por-fernando-dijo-su-madre-al-recordarlo\/","og_locale":"es_ES","og_type":"article","og_title":"\"Estoy de pie por Fernando\", dijo su madre al recordarlo | CVI NOTICIAS","og_description":"Ante m\u00e1s de 2.500 personas que reclamaban Justicia, Graciela, junto a su esposo Silvino, homenaje\u00f3 a su hijo, asesinado a golpes en la puerta del boliche \u00abLe Brique\u00bb de Villa Gesell en 2020. Ante m\u00e1s de 2.500 personas que reclamaban Justicia en el Anfiteatro Libres del Sur, de Dolores, Graciela, junto a su esposo Silvino, [&hellip;]","og_url":"https:\/\/cvinoticias.com\/v3\/estoy-de-pie-por-fernando-dijo-su-madre-al-recordarlo\/","og_site_name":"CVI NOTICIAS","article_publisher":"https:\/\/www.facebook.com\/cvinoticias","article_published_time":"2023-01-19T12:29:24+00:00","og_image":[{"width":800,"height":450,"url":"https:\/\/cvinoticias.com\/wp-content\/uploads\/2023\/01\/o_1674092722_1.jpg","type":"image\/jpeg"}],"author":"f1000024","twitter_card":"summary_large_image","twitter_misc":{"Escrito por":"f1000024","Tiempo de lectura":"5 minutos"},"schema":{"@context":"https:\/\/schema.org","@graph":[{"@type":"Article","@id":"https:\/\/cvinoticias.com\/v3\/estoy-de-pie-por-fernando-dijo-su-madre-al-recordarlo\/#article","isPartOf":{"@id":"https:\/\/cvinoticias.com\/v3\/estoy-de-pie-por-fernando-dijo-su-madre-al-recordarlo\/"},"author":{"name":"f1000024","@id":"https:\/\/cvinoticias.com\/v3\/#\/schema\/person\/2db77e3c6bc03c538495d7b2b8be9b66"},"headline":"\u00abEstoy de pie por Fernando\u00bb, dijo su madre al recordarlo","datePublished":"2023-01-19T12:29:24+00:00","mainEntityOfPage":{"@id":"https:\/\/cvinoticias.com\/v3\/estoy-de-pie-por-fernando-dijo-su-madre-al-recordarlo\/"},"wordCount":999,"commentCount":0,"publisher":{"@id":"https:\/\/cvinoticias.com\/v3\/#organization"},"image":{"@id":"https:\/\/cvinoticias.com\/v3\/estoy-de-pie-por-fernando-dijo-su-madre-al-recordarlo\/#primaryimage"},"thumbnailUrl":"https:\/\/cvinoticias.com\/wp-content\/uploads\/2023\/01\/o_1674092722_1.jpg","articleSection":["Nacionales"],"inLanguage":"es","potentialAction":[{"@type":"CommentAction","name":"Comment","target":["https:\/\/cvinoticias.com\/v3\/estoy-de-pie-por-fernando-dijo-su-madre-al-recordarlo\/#respond"]}]},{"@type":"WebPage","@id":"https:\/\/cvinoticias.com\/v3\/estoy-de-pie-por-fernando-dijo-su-madre-al-recordarlo\/","url":"https:\/\/cvinoticias.com\/v3\/estoy-de-pie-por-fernando-dijo-su-madre-al-recordarlo\/","name":"\"Estoy de pie por Fernando\", dijo su madre al recordarlo | CVI NOTICIAS","isPartOf":{"@id":"https:\/\/cvinoticias.com\/v3\/#website"},"primaryImageOfPage":{"@id":"https:\/\/cvinoticias.com\/v3\/estoy-de-pie-por-fernando-dijo-su-madre-al-recordarlo\/#primaryimage"},"image":{"@id":"https:\/\/cvinoticias.com\/v3\/estoy-de-pie-por-fernando-dijo-su-madre-al-recordarlo\/#primaryimage"},"thumbnailUrl":"https:\/\/cvinoticias.com\/wp-content\/uploads\/2023\/01\/o_1674092722_1.jpg","datePublished":"2023-01-19T12:29:24+00:00","breadcrumb":{"@id":"https:\/\/cvinoticias.com\/v3\/estoy-de-pie-por-fernando-dijo-su-madre-al-recordarlo\/#breadcrumb"},"inLanguage":"es","potentialAction":[{"@type":"ReadAction","target":["https:\/\/cvinoticias.com\/v3\/estoy-de-pie-por-fernando-dijo-su-madre-al-recordarlo\/"]}]},{"@type":"ImageObject","inLanguage":"es","@id":"https:\/\/cvinoticias.com\/v3\/estoy-de-pie-por-fernando-dijo-su-madre-al-recordarlo\/#primaryimage","url":"https:\/\/cvinoticias.com\/wp-content\/uploads\/2023\/01\/o_1674092722_1.jpg","contentUrl":"https:\/\/cvinoticias.com\/wp-content\/uploads\/2023\/01\/o_1674092722_1.jpg","width":800,"height":450},{"@type":"BreadcrumbList","@id":"https:\/\/cvinoticias.com\/v3\/estoy-de-pie-por-fernando-dijo-su-madre-al-recordarlo\/#breadcrumb","itemListElement":[{"@type":"ListItem","position":1,"name":"Portada","item":"https:\/\/cvinoticias.com\/v3\/"},{"@type":"ListItem","position":2,"name":"\u00abEstoy de pie por Fernando\u00bb, dijo su madre al recordarlo"}]},{"@type":"WebSite","@id":"https:\/\/cvinoticias.com\/v3\/#website","url":"https:\/\/cvinoticias.com\/v3\/","name":"CVI NOTICIAS","description":"","publisher":{"@id":"https:\/\/cvinoticias.com\/v3\/#organization"},"alternateName":"CVI","potentialAction":[{"@type":"SearchAction","target":{"@type":"EntryPoint","urlTemplate":"https:\/\/cvinoticias.com\/v3\/?s={search_term_string}"},"query-input":{"@type":"PropertyValueSpecification","valueRequired":true,"valueName":"search_term_string"}}],"inLanguage":"es"},{"@type":"Organization","@id":"https:\/\/cvinoticias.com\/v3\/#organization","name":"CVI NOTICIAS","url":"https:\/\/cvinoticias.com\/v3\/","logo":{"@type":"ImageObject","inLanguage":"es","@id":"https:\/\/cvinoticias.com\/v3\/#\/schema\/logo\/image\/","url":"https:\/\/cvinoticias.com\/wp-content\/uploads\/2023\/04\/cropped-cropped-cropped-cropped-cropped-3-1.png","contentUrl":"https:\/\/cvinoticias.com\/wp-content\/uploads\/2023\/04\/cropped-cropped-cropped-cropped-cropped-3-1.png","width":95,"height":122,"caption":"CVI NOTICIAS"},"image":{"@id":"https:\/\/cvinoticias.com\/v3\/#\/schema\/logo\/image\/"},"sameAs":["https:\/\/www.facebook.com\/cvinoticias","https:\/\/www.instagram.com\/cvinoticias\/","https:\/\/www.youtube.com\/@CVINOTICIAS"]},{"@type":"Person","@id":"https:\/\/cvinoticias.com\/v3\/#\/schema\/person\/2db77e3c6bc03c538495d7b2b8be9b66","name":"f1000024","image":{"@type":"ImageObject","inLanguage":"es","@id":"https:\/\/secure.gravatar.com\/avatar\/d4fe7459cfc51ff5129ce1a732bbef5928568b8092d412ef95611616376bbeed?s=96&d=mm&r=g","url":"https:\/\/secure.gravatar.com\/avatar\/d4fe7459cfc51ff5129ce1a732bbef5928568b8092d412ef95611616376bbeed?s=96&d=mm&r=g","contentUrl":"https:\/\/secure.gravatar.com\/avatar\/d4fe7459cfc51ff5129ce1a732bbef5928568b8092d412ef95611616376bbeed?s=96&d=mm&r=g","caption":"f1000024"},"url":"https:\/\/cvinoticias.com\/v3\/author\/f1000024\/"}]}},"_links":{"self":[{"href":"https:\/\/cvinoticias.com\/v3\/wp-json\/wp\/v2\/posts\/21931","targetHints":{"allow":["GET"]}}],"collection":[{"href":"https:\/\/cvinoticias.com\/v3\/wp-json\/wp\/v2\/posts"}],"about":[{"href":"https:\/\/cvinoticias.com\/v3\/wp-json\/wp\/v2\/types\/post"}],"author":[{"embeddable":true,"href":"https:\/\/cvinoticias.com\/v3\/wp-json\/wp\/v2\/users\/2"}],"replies":[{"embeddable":true,"href":"https:\/\/cvinoticias.com\/v3\/wp-json\/wp\/v2\/comments?post=21931"}],"version-history":[{"count":1,"href":"https:\/\/cvinoticias.com\/v3\/wp-json\/wp\/v2\/posts\/21931\/revisions"}],"predecessor-version":[{"id":21936,"href":"https:\/\/cvinoticias.com\/v3\/wp-json\/wp\/v2\/posts\/21931\/revisions\/21936"}],"wp:featuredmedia":[{"embeddable":true,"href":"https:\/\/cvinoticias.com\/v3\/wp-json\/wp\/v2\/media\/21935"}],"wp:attachment":[{"href":"https:\/\/cvinoticias.com\/v3\/wp-json\/wp\/v2\/media?parent=21931"}],"wp:term":[{"taxonomy":"category","embeddable":true,"href":"https:\/\/cvinoticias.com\/v3\/wp-json\/wp\/v2\/categories?post=21931"},{"taxonomy":"post_tag","embeddable":true,"href":"https:\/\/cvinoticias.com\/v3\/wp-json\/wp\/v2\/tags?post=21931"}],"curies":[{"name":"wp","href":"https:\/\/api.w.org\/{rel}","templated":true}]}}