{"id":21918,"date":"2023-01-18T14:14:57","date_gmt":"2023-01-18T14:14:57","guid":{"rendered":"https:\/\/cvinoticias.com\/v3\/?p=21918"},"modified":"2023-01-18T14:14:57","modified_gmt":"2023-01-18T14:14:57","slug":"terminaron-repartiendo-pizzas-la-desafortunada-frase-de-alberto-fernandez-al-hablar-de-trabajos-dignos","status":"publish","type":"post","link":"https:\/\/cvinoticias.com\/v3\/terminaron-repartiendo-pizzas-la-desafortunada-frase-de-alberto-fernandez-al-hablar-de-trabajos-dignos\/","title":{"rendered":"\u201cTerminaron repartiendo pizzas\u201d, la desafortunada frase de Alberto Fern\u00e1ndez al hablar de \u201ctrabajos dignos\u201d"},"content":{"rendered":"\n<p><strong><em>Durante un acto en Jos\u00e9 C. Paz, el presidente critic\u00f3 al gobierno de Mauricio Macri y lanz\u00f3 una pol\u00e9mica frase que gener\u00f3 asombro entre los espectadores.<\/em><\/strong><\/p>\n\n\n\n<p>Durante su participaci\u00f3n en un acto en Jos\u00e9 C. Paz, Alberto Fern\u00e1ndez lanz\u00f3 una pol\u00e9mica frase sobre los \u201ctrabajos dignos\u201d. El presidente acus\u00f3 al anterior gobierno de \u201cno preocuparse por los trabajadores\u201d y de incentivar los empleos relacionados con el delivery de alimentos, a los que calific\u00f3 como poco honrosos.<\/p>\n\n\n\n<p>Lo hizo acompa\u00f1ado por el ministro de Obras P\u00fablicas, Gabriel Katopodis, y el intendente local Mario Ishii, y frente a un p\u00fablico al que habl\u00f3 sobre la problem\u00e1tica del desempleo y de los empleos informales en el pa\u00eds.<\/p>\n\n\n\n<p>\u201cLos ingresos de los trabajadores formales le ganaron a la inflaci\u00f3n, pero nos queda el problema de los trabajadores informales que son muchos en la Argentina y tenemos que darles una respuesta\u201d, comenz\u00f3 diciendo, y advirti\u00f3 que \u201cesos trabajadores informales no est\u00e1n registrados y no gozan de los derechos de un trabajador formal\u201d.<\/p>\n\n\n\n<p>A continuaci\u00f3n Alberto Fern\u00e1ndez se refiri\u00f3 a su antecesor y dej\u00f3 una frase poco feliz: \u201cEllos, lo que hac\u00edan, era recomendarles a esos trabajadores que se vuelvan emprendedores, que se hagan monotributistas. Los largaban a la buena de Dios y terminaban en bicicleta repartiendo pizzas. Eso fue lo que hicieron. Y lo que yo quiero es que cada uno de ustedes tenga un trabajo digno con el que puedan sustentarse diariamente a s\u00ed mismos y a sus familias\u201d.<\/p>\n","protected":false},"excerpt":{"rendered":"<p>Durante un acto en Jos\u00e9 C. Paz, el presidente critic\u00f3 al gobierno de Mauricio Macri y lanz\u00f3 una pol\u00e9mica frase que gener\u00f3 asombro entre los espectadores. Durante su participaci\u00f3n en un acto en Jos\u00e9 C. Paz, Alberto Fern\u00e1ndez lanz\u00f3 una pol\u00e9mica frase sobre los \u201ctrabajos dignos\u201d. El presidente acus\u00f3 al anterior gobierno de \u201cno preocuparse [&hellip;]<\/p>\n","protected":false},"author":2,"featured_media":21919,"comment_status":"open","ping_status":"open","sticky":false,"template":"","format":"standard","meta":{"footnotes":""},"categories":[39],"tags":[],"class_list":["post-21918","post","type-post","status-publish","format-standard","has-post-thumbnail","hentry","category-nacionales"],"yoast_head":"<!-- This site is optimized with the Yoast SEO plugin v27.5 - https:\/\/yoast.com\/product\/yoast-seo-wordpress\/ -->\n<title>\u201cTerminaron repartiendo pizzas\u201d, la desafortunada frase de Alberto Fern\u00e1ndez al hablar de \u201ctrabajos dignos\u201d | CVI NOTICIAS<\/title>\n<meta name=\"robots\" content=\"index, follow, max-snippet:-1, max-image-preview:large, max-video-preview:-1\" \/>\n<link rel=\"canonical\" href=\"https:\/\/cvinoticias.com\/v3\/terminaron-repartiendo-pizzas-la-desafortunada-frase-de-alberto-fernandez-al-hablar-de-trabajos-dignos\/\" \/>\n<meta property=\"og:locale\" content=\"es_ES\" \/>\n<meta property=\"og:type\" content=\"article\" \/>\n<meta property=\"og:title\" content=\"\u201cTerminaron repartiendo pizzas\u201d, la desafortunada frase de Alberto Fern\u00e1ndez al hablar de \u201ctrabajos dignos\u201d | CVI NOTICIAS\" \/>\n<meta property=\"og:description\" content=\"Durante un acto en Jos\u00e9 C. Paz, el presidente critic\u00f3 al gobierno de Mauricio Macri y lanz\u00f3 una pol\u00e9mica frase que gener\u00f3 asombro entre los espectadores. Durante su participaci\u00f3n en un acto en Jos\u00e9 C. Paz, Alberto Fern\u00e1ndez lanz\u00f3 una pol\u00e9mica frase sobre los \u201ctrabajos dignos\u201d. El presidente acus\u00f3 al anterior gobierno de \u201cno preocuparse [&hellip;]\" \/>\n<meta property=\"og:url\" content=\"https:\/\/cvinoticias.com\/v3\/terminaron-repartiendo-pizzas-la-desafortunada-frase-de-alberto-fernandez-al-hablar-de-trabajos-dignos\/\" \/>\n<meta property=\"og:site_name\" content=\"CVI NOTICIAS\" \/>\n<meta property=\"article:publisher\" content=\"https:\/\/www.facebook.com\/cvinoticias\" \/>\n<meta property=\"article:published_time\" content=\"2023-01-18T14:14:57+00:00\" \/>\n<meta property=\"og:image\" content=\"https:\/\/cvinoticias.com\/wp-content\/uploads\/2023\/01\/4EJ5XAEWOJHL7NU7PXDWFMRPDU.jpg\" \/>\n\t<meta property=\"og:image:width\" content=\"1200\" \/>\n\t<meta property=\"og:image:height\" content=\"600\" \/>\n\t<meta property=\"og:image:type\" content=\"image\/jpeg\" \/>\n<meta name=\"author\" content=\"f1000024\" \/>\n<meta name=\"twitter:card\" content=\"summary_large_image\" \/>\n<meta name=\"twitter:label1\" content=\"Escrito por\" \/>\n\t<meta name=\"twitter:data1\" content=\"f1000024\" \/>\n\t<meta name=\"twitter:label2\" content=\"Tiempo de lectura\" \/>\n\t<meta name=\"twitter:data2\" content=\"1 minuto\" \/>\n<script type=\"application\/ld+json\" class=\"yoast-schema-graph\">{\"@context\":\"https:\\\/\\\/schema.org\",\"@graph\":[{\"@type\":\"Article\",\"@id\":\"https:\\\/\\\/cvinoticias.com\\\/v3\\\/terminaron-repartiendo-pizzas-la-desafortunada-frase-de-alberto-fernandez-al-hablar-de-trabajos-dignos\\\/#article\",\"isPartOf\":{\"@id\":\"https:\\\/\\\/cvinoticias.com\\\/v3\\\/terminaron-repartiendo-pizzas-la-desafortunada-frase-de-alberto-fernandez-al-hablar-de-trabajos-dignos\\\/\"},\"author\":{\"name\":\"f1000024\",\"@id\":\"https:\\\/\\\/cvinoticias.com\\\/v3\\\/#\\\/schema\\\/person\\\/2db77e3c6bc03c538495d7b2b8be9b66\"},\"headline\":\"\u201cTerminaron repartiendo pizzas\u201d, la desafortunada frase de Alberto Fern\u00e1ndez al hablar de \u201ctrabajos dignos\u201d\",\"datePublished\":\"2023-01-18T14:14:57+00:00\",\"mainEntityOfPage\":{\"@id\":\"https:\\\/\\\/cvinoticias.com\\\/v3\\\/terminaron-repartiendo-pizzas-la-desafortunada-frase-de-alberto-fernandez-al-hablar-de-trabajos-dignos\\\/\"},\"wordCount\":274,\"commentCount\":0,\"publisher\":{\"@id\":\"https:\\\/\\\/cvinoticias.com\\\/v3\\\/#organization\"},\"image\":{\"@id\":\"https:\\\/\\\/cvinoticias.com\\\/v3\\\/terminaron-repartiendo-pizzas-la-desafortunada-frase-de-alberto-fernandez-al-hablar-de-trabajos-dignos\\\/#primaryimage\"},\"thumbnailUrl\":\"https:\\\/\\\/cvinoticias.com\\\/wp-content\\\/uploads\\\/2023\\\/01\\\/4EJ5XAEWOJHL7NU7PXDWFMRPDU.jpg\",\"articleSection\":[\"Nacionales\"],\"inLanguage\":\"es\",\"potentialAction\":[{\"@type\":\"CommentAction\",\"name\":\"Comment\",\"target\":[\"https:\\\/\\\/cvinoticias.com\\\/v3\\\/terminaron-repartiendo-pizzas-la-desafortunada-frase-de-alberto-fernandez-al-hablar-de-trabajos-dignos\\\/#respond\"]}]},{\"@type\":\"WebPage\",\"@id\":\"https:\\\/\\\/cvinoticias.com\\\/v3\\\/terminaron-repartiendo-pizzas-la-desafortunada-frase-de-alberto-fernandez-al-hablar-de-trabajos-dignos\\\/\",\"url\":\"https:\\\/\\\/cvinoticias.com\\\/v3\\\/terminaron-repartiendo-pizzas-la-desafortunada-frase-de-alberto-fernandez-al-hablar-de-trabajos-dignos\\\/\",\"name\":\"\u201cTerminaron repartiendo pizzas\u201d, la desafortunada frase de Alberto Fern\u00e1ndez al hablar de \u201ctrabajos dignos\u201d | CVI NOTICIAS\",\"isPartOf\":{\"@id\":\"https:\\\/\\\/cvinoticias.com\\\/v3\\\/#website\"},\"primaryImageOfPage\":{\"@id\":\"https:\\\/\\\/cvinoticias.com\\\/v3\\\/terminaron-repartiendo-pizzas-la-desafortunada-frase-de-alberto-fernandez-al-hablar-de-trabajos-dignos\\\/#primaryimage\"},\"image\":{\"@id\":\"https:\\\/\\\/cvinoticias.com\\\/v3\\\/terminaron-repartiendo-pizzas-la-desafortunada-frase-de-alberto-fernandez-al-hablar-de-trabajos-dignos\\\/#primaryimage\"},\"thumbnailUrl\":\"https:\\\/\\\/cvinoticias.com\\\/wp-content\\\/uploads\\\/2023\\\/01\\\/4EJ5XAEWOJHL7NU7PXDWFMRPDU.jpg\",\"datePublished\":\"2023-01-18T14:14:57+00:00\",\"breadcrumb\":{\"@id\":\"https:\\\/\\\/cvinoticias.com\\\/v3\\\/terminaron-repartiendo-pizzas-la-desafortunada-frase-de-alberto-fernandez-al-hablar-de-trabajos-dignos\\\/#breadcrumb\"},\"inLanguage\":\"es\",\"potentialAction\":[{\"@type\":\"ReadAction\",\"target\":[\"https:\\\/\\\/cvinoticias.com\\\/v3\\\/terminaron-repartiendo-pizzas-la-desafortunada-frase-de-alberto-fernandez-al-hablar-de-trabajos-dignos\\\/\"]}]},{\"@type\":\"ImageObject\",\"inLanguage\":\"es\",\"@id\":\"https:\\\/\\\/cvinoticias.com\\\/v3\\\/terminaron-repartiendo-pizzas-la-desafortunada-frase-de-alberto-fernandez-al-hablar-de-trabajos-dignos\\\/#primaryimage\",\"url\":\"https:\\\/\\\/cvinoticias.com\\\/wp-content\\\/uploads\\\/2023\\\/01\\\/4EJ5XAEWOJHL7NU7PXDWFMRPDU.jpg\",\"contentUrl\":\"https:\\\/\\\/cvinoticias.com\\\/wp-content\\\/uploads\\\/2023\\\/01\\\/4EJ5XAEWOJHL7NU7PXDWFMRPDU.jpg\",\"width\":1200,\"height\":600},{\"@type\":\"BreadcrumbList\",\"@id\":\"https:\\\/\\\/cvinoticias.com\\\/v3\\\/terminaron-repartiendo-pizzas-la-desafortunada-frase-de-alberto-fernandez-al-hablar-de-trabajos-dignos\\\/#breadcrumb\",\"itemListElement\":[{\"@type\":\"ListItem\",\"position\":1,\"name\":\"Portada\",\"item\":\"https:\\\/\\\/cvinoticias.com\\\/v3\\\/\"},{\"@type\":\"ListItem\",\"position\":2,\"name\":\"\u201cTerminaron repartiendo pizzas\u201d, la desafortunada frase de Alberto Fern\u00e1ndez al hablar de \u201ctrabajos dignos\u201d\"}]},{\"@type\":\"WebSite\",\"@id\":\"https:\\\/\\\/cvinoticias.com\\\/v3\\\/#website\",\"url\":\"https:\\\/\\\/cvinoticias.com\\\/v3\\\/\",\"name\":\"CVI NOTICIAS\",\"description\":\"\",\"publisher\":{\"@id\":\"https:\\\/\\\/cvinoticias.com\\\/v3\\\/#organization\"},\"alternateName\":\"CVI\",\"potentialAction\":[{\"@type\":\"SearchAction\",\"target\":{\"@type\":\"EntryPoint\",\"urlTemplate\":\"https:\\\/\\\/cvinoticias.com\\\/v3\\\/?s={search_term_string}\"},\"query-input\":{\"@type\":\"PropertyValueSpecification\",\"valueRequired\":true,\"valueName\":\"search_term_string\"}}],\"inLanguage\":\"es\"},{\"@type\":\"Organization\",\"@id\":\"https:\\\/\\\/cvinoticias.com\\\/v3\\\/#organization\",\"name\":\"CVI NOTICIAS\",\"url\":\"https:\\\/\\\/cvinoticias.com\\\/v3\\\/\",\"logo\":{\"@type\":\"ImageObject\",\"inLanguage\":\"es\",\"@id\":\"https:\\\/\\\/cvinoticias.com\\\/v3\\\/#\\\/schema\\\/logo\\\/image\\\/\",\"url\":\"https:\\\/\\\/cvinoticias.com\\\/wp-content\\\/uploads\\\/2023\\\/04\\\/cropped-cropped-cropped-cropped-cropped-3-1.png\",\"contentUrl\":\"https:\\\/\\\/cvinoticias.com\\\/wp-content\\\/uploads\\\/2023\\\/04\\\/cropped-cropped-cropped-cropped-cropped-3-1.png\",\"width\":95,\"height\":122,\"caption\":\"CVI NOTICIAS\"},\"image\":{\"@id\":\"https:\\\/\\\/cvinoticias.com\\\/v3\\\/#\\\/schema\\\/logo\\\/image\\\/\"},\"sameAs\":[\"https:\\\/\\\/www.facebook.com\\\/cvinoticias\",\"https:\\\/\\\/www.instagram.com\\\/cvinoticias\\\/\",\"https:\\\/\\\/www.youtube.com\\\/@CVINOTICIAS\"]},{\"@type\":\"Person\",\"@id\":\"https:\\\/\\\/cvinoticias.com\\\/v3\\\/#\\\/schema\\\/person\\\/2db77e3c6bc03c538495d7b2b8be9b66\",\"name\":\"f1000024\",\"image\":{\"@type\":\"ImageObject\",\"inLanguage\":\"es\",\"@id\":\"https:\\\/\\\/secure.gravatar.com\\\/avatar\\\/d4fe7459cfc51ff5129ce1a732bbef5928568b8092d412ef95611616376bbeed?s=96&d=mm&r=g\",\"url\":\"https:\\\/\\\/secure.gravatar.com\\\/avatar\\\/d4fe7459cfc51ff5129ce1a732bbef5928568b8092d412ef95611616376bbeed?s=96&d=mm&r=g\",\"contentUrl\":\"https:\\\/\\\/secure.gravatar.com\\\/avatar\\\/d4fe7459cfc51ff5129ce1a732bbef5928568b8092d412ef95611616376bbeed?s=96&d=mm&r=g\",\"caption\":\"f1000024\"},\"url\":\"https:\\\/\\\/cvinoticias.com\\\/v3\\\/author\\\/f1000024\\\/\"}]}<\/script>\n<!-- \/ Yoast SEO plugin. -->","yoast_head_json":{"title":"\u201cTerminaron repartiendo pizzas\u201d, la desafortunada frase de Alberto Fern\u00e1ndez al hablar de \u201ctrabajos dignos\u201d | CVI NOTICIAS","robots":{"index":"index","follow":"follow","max-snippet":"max-snippet:-1","max-image-preview":"max-image-preview:large","max-video-preview":"max-video-preview:-1"},"canonical":"https:\/\/cvinoticias.com\/v3\/terminaron-repartiendo-pizzas-la-desafortunada-frase-de-alberto-fernandez-al-hablar-de-trabajos-dignos\/","og_locale":"es_ES","og_type":"article","og_title":"\u201cTerminaron repartiendo pizzas\u201d, la desafortunada frase de Alberto Fern\u00e1ndez al hablar de \u201ctrabajos dignos\u201d | CVI NOTICIAS","og_description":"Durante un acto en Jos\u00e9 C. Paz, el presidente critic\u00f3 al gobierno de Mauricio Macri y lanz\u00f3 una pol\u00e9mica frase que gener\u00f3 asombro entre los espectadores. Durante su participaci\u00f3n en un acto en Jos\u00e9 C. Paz, Alberto Fern\u00e1ndez lanz\u00f3 una pol\u00e9mica frase sobre los \u201ctrabajos dignos\u201d. El presidente acus\u00f3 al anterior gobierno de \u201cno preocuparse [&hellip;]","og_url":"https:\/\/cvinoticias.com\/v3\/terminaron-repartiendo-pizzas-la-desafortunada-frase-de-alberto-fernandez-al-hablar-de-trabajos-dignos\/","og_site_name":"CVI NOTICIAS","article_publisher":"https:\/\/www.facebook.com\/cvinoticias","article_published_time":"2023-01-18T14:14:57+00:00","og_image":[{"width":1200,"height":600,"url":"https:\/\/cvinoticias.com\/wp-content\/uploads\/2023\/01\/4EJ5XAEWOJHL7NU7PXDWFMRPDU.jpg","type":"image\/jpeg"}],"author":"f1000024","twitter_card":"summary_large_image","twitter_misc":{"Escrito por":"f1000024","Tiempo de lectura":"1 minuto"},"schema":{"@context":"https:\/\/schema.org","@graph":[{"@type":"Article","@id":"https:\/\/cvinoticias.com\/v3\/terminaron-repartiendo-pizzas-la-desafortunada-frase-de-alberto-fernandez-al-hablar-de-trabajos-dignos\/#article","isPartOf":{"@id":"https:\/\/cvinoticias.com\/v3\/terminaron-repartiendo-pizzas-la-desafortunada-frase-de-alberto-fernandez-al-hablar-de-trabajos-dignos\/"},"author":{"name":"f1000024","@id":"https:\/\/cvinoticias.com\/v3\/#\/schema\/person\/2db77e3c6bc03c538495d7b2b8be9b66"},"headline":"\u201cTerminaron repartiendo pizzas\u201d, la desafortunada frase de Alberto Fern\u00e1ndez al hablar de \u201ctrabajos dignos\u201d","datePublished":"2023-01-18T14:14:57+00:00","mainEntityOfPage":{"@id":"https:\/\/cvinoticias.com\/v3\/terminaron-repartiendo-pizzas-la-desafortunada-frase-de-alberto-fernandez-al-hablar-de-trabajos-dignos\/"},"wordCount":274,"commentCount":0,"publisher":{"@id":"https:\/\/cvinoticias.com\/v3\/#organization"},"image":{"@id":"https:\/\/cvinoticias.com\/v3\/terminaron-repartiendo-pizzas-la-desafortunada-frase-de-alberto-fernandez-al-hablar-de-trabajos-dignos\/#primaryimage"},"thumbnailUrl":"https:\/\/cvinoticias.com\/wp-content\/uploads\/2023\/01\/4EJ5XAEWOJHL7NU7PXDWFMRPDU.jpg","articleSection":["Nacionales"],"inLanguage":"es","potentialAction":[{"@type":"CommentAction","name":"Comment","target":["https:\/\/cvinoticias.com\/v3\/terminaron-repartiendo-pizzas-la-desafortunada-frase-de-alberto-fernandez-al-hablar-de-trabajos-dignos\/#respond"]}]},{"@type":"WebPage","@id":"https:\/\/cvinoticias.com\/v3\/terminaron-repartiendo-pizzas-la-desafortunada-frase-de-alberto-fernandez-al-hablar-de-trabajos-dignos\/","url":"https:\/\/cvinoticias.com\/v3\/terminaron-repartiendo-pizzas-la-desafortunada-frase-de-alberto-fernandez-al-hablar-de-trabajos-dignos\/","name":"\u201cTerminaron repartiendo pizzas\u201d, la desafortunada frase de Alberto Fern\u00e1ndez al hablar de \u201ctrabajos dignos\u201d | CVI NOTICIAS","isPartOf":{"@id":"https:\/\/cvinoticias.com\/v3\/#website"},"primaryImageOfPage":{"@id":"https:\/\/cvinoticias.com\/v3\/terminaron-repartiendo-pizzas-la-desafortunada-frase-de-alberto-fernandez-al-hablar-de-trabajos-dignos\/#primaryimage"},"image":{"@id":"https:\/\/cvinoticias.com\/v3\/terminaron-repartiendo-pizzas-la-desafortunada-frase-de-alberto-fernandez-al-hablar-de-trabajos-dignos\/#primaryimage"},"thumbnailUrl":"https:\/\/cvinoticias.com\/wp-content\/uploads\/2023\/01\/4EJ5XAEWOJHL7NU7PXDWFMRPDU.jpg","datePublished":"2023-01-18T14:14:57+00:00","breadcrumb":{"@id":"https:\/\/cvinoticias.com\/v3\/terminaron-repartiendo-pizzas-la-desafortunada-frase-de-alberto-fernandez-al-hablar-de-trabajos-dignos\/#breadcrumb"},"inLanguage":"es","potentialAction":[{"@type":"ReadAction","target":["https:\/\/cvinoticias.com\/v3\/terminaron-repartiendo-pizzas-la-desafortunada-frase-de-alberto-fernandez-al-hablar-de-trabajos-dignos\/"]}]},{"@type":"ImageObject","inLanguage":"es","@id":"https:\/\/cvinoticias.com\/v3\/terminaron-repartiendo-pizzas-la-desafortunada-frase-de-alberto-fernandez-al-hablar-de-trabajos-dignos\/#primaryimage","url":"https:\/\/cvinoticias.com\/wp-content\/uploads\/2023\/01\/4EJ5XAEWOJHL7NU7PXDWFMRPDU.jpg","contentUrl":"https:\/\/cvinoticias.com\/wp-content\/uploads\/2023\/01\/4EJ5XAEWOJHL7NU7PXDWFMRPDU.jpg","width":1200,"height":600},{"@type":"BreadcrumbList","@id":"https:\/\/cvinoticias.com\/v3\/terminaron-repartiendo-pizzas-la-desafortunada-frase-de-alberto-fernandez-al-hablar-de-trabajos-dignos\/#breadcrumb","itemListElement":[{"@type":"ListItem","position":1,"name":"Portada","item":"https:\/\/cvinoticias.com\/v3\/"},{"@type":"ListItem","position":2,"name":"\u201cTerminaron repartiendo pizzas\u201d, la desafortunada frase de Alberto Fern\u00e1ndez al hablar de \u201ctrabajos dignos\u201d"}]},{"@type":"WebSite","@id":"https:\/\/cvinoticias.com\/v3\/#website","url":"https:\/\/cvinoticias.com\/v3\/","name":"CVI NOTICIAS","description":"","publisher":{"@id":"https:\/\/cvinoticias.com\/v3\/#organization"},"alternateName":"CVI","potentialAction":[{"@type":"SearchAction","target":{"@type":"EntryPoint","urlTemplate":"https:\/\/cvinoticias.com\/v3\/?s={search_term_string}"},"query-input":{"@type":"PropertyValueSpecification","valueRequired":true,"valueName":"search_term_string"}}],"inLanguage":"es"},{"@type":"Organization","@id":"https:\/\/cvinoticias.com\/v3\/#organization","name":"CVI NOTICIAS","url":"https:\/\/cvinoticias.com\/v3\/","logo":{"@type":"ImageObject","inLanguage":"es","@id":"https:\/\/cvinoticias.com\/v3\/#\/schema\/logo\/image\/","url":"https:\/\/cvinoticias.com\/wp-content\/uploads\/2023\/04\/cropped-cropped-cropped-cropped-cropped-3-1.png","contentUrl":"https:\/\/cvinoticias.com\/wp-content\/uploads\/2023\/04\/cropped-cropped-cropped-cropped-cropped-3-1.png","width":95,"height":122,"caption":"CVI NOTICIAS"},"image":{"@id":"https:\/\/cvinoticias.com\/v3\/#\/schema\/logo\/image\/"},"sameAs":["https:\/\/www.facebook.com\/cvinoticias","https:\/\/www.instagram.com\/cvinoticias\/","https:\/\/www.youtube.com\/@CVINOTICIAS"]},{"@type":"Person","@id":"https:\/\/cvinoticias.com\/v3\/#\/schema\/person\/2db77e3c6bc03c538495d7b2b8be9b66","name":"f1000024","image":{"@type":"ImageObject","inLanguage":"es","@id":"https:\/\/secure.gravatar.com\/avatar\/d4fe7459cfc51ff5129ce1a732bbef5928568b8092d412ef95611616376bbeed?s=96&d=mm&r=g","url":"https:\/\/secure.gravatar.com\/avatar\/d4fe7459cfc51ff5129ce1a732bbef5928568b8092d412ef95611616376bbeed?s=96&d=mm&r=g","contentUrl":"https:\/\/secure.gravatar.com\/avatar\/d4fe7459cfc51ff5129ce1a732bbef5928568b8092d412ef95611616376bbeed?s=96&d=mm&r=g","caption":"f1000024"},"url":"https:\/\/cvinoticias.com\/v3\/author\/f1000024\/"}]}},"_links":{"self":[{"href":"https:\/\/cvinoticias.com\/v3\/wp-json\/wp\/v2\/posts\/21918","targetHints":{"allow":["GET"]}}],"collection":[{"href":"https:\/\/cvinoticias.com\/v3\/wp-json\/wp\/v2\/posts"}],"about":[{"href":"https:\/\/cvinoticias.com\/v3\/wp-json\/wp\/v2\/types\/post"}],"author":[{"embeddable":true,"href":"https:\/\/cvinoticias.com\/v3\/wp-json\/wp\/v2\/users\/2"}],"replies":[{"embeddable":true,"href":"https:\/\/cvinoticias.com\/v3\/wp-json\/wp\/v2\/comments?post=21918"}],"version-history":[{"count":1,"href":"https:\/\/cvinoticias.com\/v3\/wp-json\/wp\/v2\/posts\/21918\/revisions"}],"predecessor-version":[{"id":21920,"href":"https:\/\/cvinoticias.com\/v3\/wp-json\/wp\/v2\/posts\/21918\/revisions\/21920"}],"wp:featuredmedia":[{"embeddable":true,"href":"https:\/\/cvinoticias.com\/v3\/wp-json\/wp\/v2\/media\/21919"}],"wp:attachment":[{"href":"https:\/\/cvinoticias.com\/v3\/wp-json\/wp\/v2\/media?parent=21918"}],"wp:term":[{"taxonomy":"category","embeddable":true,"href":"https:\/\/cvinoticias.com\/v3\/wp-json\/wp\/v2\/categories?post=21918"},{"taxonomy":"post_tag","embeddable":true,"href":"https:\/\/cvinoticias.com\/v3\/wp-json\/wp\/v2\/tags?post=21918"}],"curies":[{"name":"wp","href":"https:\/\/api.w.org\/{rel}","templated":true}]}}