{"id":21898,"date":"2023-01-18T12:25:38","date_gmt":"2023-01-18T12:25:38","guid":{"rendered":"https:\/\/cvinoticias.com\/v3\/?p=21898"},"modified":"2023-01-18T12:25:38","modified_gmt":"2023-01-18T12:25:38","slug":"la-interpol-pidio-la-captura-del-hermano-del-actor-y-humorista-miguel-angel-cherutti","status":"publish","type":"post","link":"https:\/\/cvinoticias.com\/v3\/la-interpol-pidio-la-captura-del-hermano-del-actor-y-humorista-miguel-angel-cherutti\/","title":{"rendered":"La Interpol pidi\u00f3 la captura del hermano del actor y humorista Miguel \u00c1ngel Cherutti"},"content":{"rendered":"\n<p><strong><em>Est\u00e1 acusado de cometer delitos de lesa humanidad durante la \u00faltima dictadura militar, entre 1976 y 1983.<\/em><\/strong><\/p>\n\n\n\n<p>La Organizaci\u00f3n Internacional de Polic\u00eda Criminal (Interpol) emiti\u00f3 una alerta roja y pidi\u00f3 la captura de Daniel Cherutti, hermano mayor del actor y humorista Miguel \u00c1ngel Cherutti, acusado de cometer delitos de lesa humanidad durante la \u00faltima dictadura militar, entre 1976 y 1983.<\/p>\n\n\n\n<p>El hombre de 75 a\u00f1os, nacido en Ca\u00f1uelas, est\u00e1 imputado por privaci\u00f3n ileg\u00edtima de la libertad, aplicaci\u00f3n de tortura, secuestro de menores y comisi\u00f3n de homicidios en calidad de c\u00f3mplice.<\/p>\n\n\n\n<p>Seg\u00fan consta en el expediente de la causa, en la d\u00e9cada del &#8217;70 Daniel Cherutti se desempe\u00f1aba como agente de la ex Secretar\u00eda de Inteligencia del Estado (SIDE) en dos centros clandestinos de detenci\u00f3n, y tambi\u00e9n habr\u00eda tenido v\u00ednculos con An\u00edbal Gordon, por entonces jefe de un grupo parapolicial.<\/p>\n\n\n\n<p>La investigaci\u00f3n est\u00e1 a cargo del juez federal Daniel Rafecas, que orden\u00f3 su captura internacional, con la intervenci\u00f3n de Interpol, ya que estar\u00eda radicado en Italia. El magistrado ya hab\u00eda pedido la detenci\u00f3n de Patricio Finnen, otro importante integrante de la ex SIDE acusado de desviar la investigaci\u00f3n del atentado a la AMIA y tambi\u00e9n implicado en cr\u00edmenes durante la dictadura.<\/p>\n\n\n\n<p>Junto a Finnen, el juez solicit\u00f3 la captura de otros cinco sospechosos por tener participaci\u00f3n activa en Automotores Orletti, un centro de detenci\u00f3n clandestino que funcion\u00f3 en el barrio de Floresta. La base operaba sobre calle Bacacay al 3570 mientras que otro de los centros fue descubierto sobre las calles Pomar y Chiclana.<\/p>\n\n\n\n<p>De los seis represores acusados, cinco se encuentran detenidos en la unidad 34 de Campo de Mayo. Ellos son Luis Nelson \u201cPinocho\u201d Gonz\u00e1lez, Rub\u00e9n H\u00e9ctor Escobar, C\u00e9sar Estanislao Albarrac\u00edn, Hugo \u00c1ngel Carlet y Patricio Finnen. El \u00faltimo es Daniel Oscar Cherutti.<\/p>\n\n\n\n<p>La justicia sostiene que el hermano del humorista particip\u00f3 en hechos de privaci\u00f3n ilegal de la libertad a unas 108 personas, aplicaci\u00f3n de tormentos y sustracci\u00f3n de menores en dos casos. Tambi\u00e9n se le atribuye complicidad en 19 homicidios.<\/p>\n\n\n\n<p>Seg\u00fan detall\u00f3 un medio informativo nacional, Daniel Cherutti tambi\u00e9n se desempe\u00f1\u00f3 como representante de su hermano Miguel cuando \u00e9ste se instal\u00f3 en la Ciudad de Buenos Aires para iniciar su carrera art\u00edstica.<\/p>\n","protected":false},"excerpt":{"rendered":"<p>Est\u00e1 acusado de cometer delitos de lesa humanidad durante la \u00faltima dictadura militar, entre 1976 y 1983. La Organizaci\u00f3n Internacional de Polic\u00eda Criminal (Interpol) emiti\u00f3 una alerta roja y pidi\u00f3 la captura de Daniel Cherutti, hermano mayor del actor y humorista Miguel \u00c1ngel Cherutti, acusado de cometer delitos de lesa humanidad durante la \u00faltima dictadura [&hellip;]<\/p>\n","protected":false},"author":2,"featured_media":21899,"comment_status":"open","ping_status":"open","sticky":false,"template":"","format":"standard","meta":{"footnotes":""},"categories":[39],"tags":[],"class_list":["post-21898","post","type-post","status-publish","format-standard","has-post-thumbnail","hentry","category-nacionales"],"yoast_head":"<!-- This site is optimized with the Yoast SEO plugin v27.5 - https:\/\/yoast.com\/product\/yoast-seo-wordpress\/ -->\n<title>La Interpol pidi\u00f3 la captura del hermano del actor y humorista Miguel \u00c1ngel Cherutti | CVI NOTICIAS<\/title>\n<meta name=\"robots\" content=\"index, follow, max-snippet:-1, max-image-preview:large, max-video-preview:-1\" \/>\n<link rel=\"canonical\" href=\"https:\/\/cvinoticias.com\/v3\/la-interpol-pidio-la-captura-del-hermano-del-actor-y-humorista-miguel-angel-cherutti\/\" \/>\n<meta property=\"og:locale\" content=\"es_ES\" \/>\n<meta property=\"og:type\" content=\"article\" \/>\n<meta property=\"og:title\" content=\"La Interpol pidi\u00f3 la captura del hermano del actor y humorista Miguel \u00c1ngel Cherutti | CVI NOTICIAS\" \/>\n<meta property=\"og:description\" content=\"Est\u00e1 acusado de cometer delitos de lesa humanidad durante la \u00faltima dictadura militar, entre 1976 y 1983. La Organizaci\u00f3n Internacional de Polic\u00eda Criminal (Interpol) emiti\u00f3 una alerta roja y pidi\u00f3 la captura de Daniel Cherutti, hermano mayor del actor y humorista Miguel \u00c1ngel Cherutti, acusado de cometer delitos de lesa humanidad durante la \u00faltima dictadura [&hellip;]\" \/>\n<meta property=\"og:url\" content=\"https:\/\/cvinoticias.com\/v3\/la-interpol-pidio-la-captura-del-hermano-del-actor-y-humorista-miguel-angel-cherutti\/\" \/>\n<meta property=\"og:site_name\" content=\"CVI NOTICIAS\" \/>\n<meta property=\"article:publisher\" content=\"https:\/\/www.facebook.com\/cvinoticias\" \/>\n<meta property=\"article:published_time\" content=\"2023-01-18T12:25:38+00:00\" \/>\n<meta property=\"og:image\" content=\"https:\/\/cvinoticias.com\/wp-content\/uploads\/2023\/01\/20230118090207_cheru.jpg\" \/>\n\t<meta property=\"og:image:width\" content=\"880\" \/>\n\t<meta property=\"og:image:height\" content=\"512\" \/>\n\t<meta property=\"og:image:type\" content=\"image\/jpeg\" \/>\n<meta name=\"author\" content=\"f1000024\" \/>\n<meta name=\"twitter:card\" content=\"summary_large_image\" \/>\n<meta name=\"twitter:label1\" content=\"Escrito por\" \/>\n\t<meta name=\"twitter:data1\" content=\"f1000024\" \/>\n\t<meta name=\"twitter:label2\" content=\"Tiempo de lectura\" \/>\n\t<meta name=\"twitter:data2\" content=\"2 minutos\" \/>\n<script type=\"application\/ld+json\" class=\"yoast-schema-graph\">{\"@context\":\"https:\\\/\\\/schema.org\",\"@graph\":[{\"@type\":\"Article\",\"@id\":\"https:\\\/\\\/cvinoticias.com\\\/v3\\\/la-interpol-pidio-la-captura-del-hermano-del-actor-y-humorista-miguel-angel-cherutti\\\/#article\",\"isPartOf\":{\"@id\":\"https:\\\/\\\/cvinoticias.com\\\/v3\\\/la-interpol-pidio-la-captura-del-hermano-del-actor-y-humorista-miguel-angel-cherutti\\\/\"},\"author\":{\"name\":\"f1000024\",\"@id\":\"https:\\\/\\\/cvinoticias.com\\\/v3\\\/#\\\/schema\\\/person\\\/2db77e3c6bc03c538495d7b2b8be9b66\"},\"headline\":\"La Interpol pidi\u00f3 la captura del hermano del actor y humorista Miguel \u00c1ngel Cherutti\",\"datePublished\":\"2023-01-18T12:25:38+00:00\",\"mainEntityOfPage\":{\"@id\":\"https:\\\/\\\/cvinoticias.com\\\/v3\\\/la-interpol-pidio-la-captura-del-hermano-del-actor-y-humorista-miguel-angel-cherutti\\\/\"},\"wordCount\":410,\"commentCount\":0,\"publisher\":{\"@id\":\"https:\\\/\\\/cvinoticias.com\\\/v3\\\/#organization\"},\"image\":{\"@id\":\"https:\\\/\\\/cvinoticias.com\\\/v3\\\/la-interpol-pidio-la-captura-del-hermano-del-actor-y-humorista-miguel-angel-cherutti\\\/#primaryimage\"},\"thumbnailUrl\":\"https:\\\/\\\/cvinoticias.com\\\/wp-content\\\/uploads\\\/2023\\\/01\\\/20230118090207_cheru.jpg\",\"articleSection\":[\"Nacionales\"],\"inLanguage\":\"es\",\"potentialAction\":[{\"@type\":\"CommentAction\",\"name\":\"Comment\",\"target\":[\"https:\\\/\\\/cvinoticias.com\\\/v3\\\/la-interpol-pidio-la-captura-del-hermano-del-actor-y-humorista-miguel-angel-cherutti\\\/#respond\"]}]},{\"@type\":\"WebPage\",\"@id\":\"https:\\\/\\\/cvinoticias.com\\\/v3\\\/la-interpol-pidio-la-captura-del-hermano-del-actor-y-humorista-miguel-angel-cherutti\\\/\",\"url\":\"https:\\\/\\\/cvinoticias.com\\\/v3\\\/la-interpol-pidio-la-captura-del-hermano-del-actor-y-humorista-miguel-angel-cherutti\\\/\",\"name\":\"La Interpol pidi\u00f3 la captura del hermano del actor y humorista Miguel \u00c1ngel Cherutti | CVI NOTICIAS\",\"isPartOf\":{\"@id\":\"https:\\\/\\\/cvinoticias.com\\\/v3\\\/#website\"},\"primaryImageOfPage\":{\"@id\":\"https:\\\/\\\/cvinoticias.com\\\/v3\\\/la-interpol-pidio-la-captura-del-hermano-del-actor-y-humorista-miguel-angel-cherutti\\\/#primaryimage\"},\"image\":{\"@id\":\"https:\\\/\\\/cvinoticias.com\\\/v3\\\/la-interpol-pidio-la-captura-del-hermano-del-actor-y-humorista-miguel-angel-cherutti\\\/#primaryimage\"},\"thumbnailUrl\":\"https:\\\/\\\/cvinoticias.com\\\/wp-content\\\/uploads\\\/2023\\\/01\\\/20230118090207_cheru.jpg\",\"datePublished\":\"2023-01-18T12:25:38+00:00\",\"breadcrumb\":{\"@id\":\"https:\\\/\\\/cvinoticias.com\\\/v3\\\/la-interpol-pidio-la-captura-del-hermano-del-actor-y-humorista-miguel-angel-cherutti\\\/#breadcrumb\"},\"inLanguage\":\"es\",\"potentialAction\":[{\"@type\":\"ReadAction\",\"target\":[\"https:\\\/\\\/cvinoticias.com\\\/v3\\\/la-interpol-pidio-la-captura-del-hermano-del-actor-y-humorista-miguel-angel-cherutti\\\/\"]}]},{\"@type\":\"ImageObject\",\"inLanguage\":\"es\",\"@id\":\"https:\\\/\\\/cvinoticias.com\\\/v3\\\/la-interpol-pidio-la-captura-del-hermano-del-actor-y-humorista-miguel-angel-cherutti\\\/#primaryimage\",\"url\":\"https:\\\/\\\/cvinoticias.com\\\/wp-content\\\/uploads\\\/2023\\\/01\\\/20230118090207_cheru.jpg\",\"contentUrl\":\"https:\\\/\\\/cvinoticias.com\\\/wp-content\\\/uploads\\\/2023\\\/01\\\/20230118090207_cheru.jpg\",\"width\":880,\"height\":512},{\"@type\":\"BreadcrumbList\",\"@id\":\"https:\\\/\\\/cvinoticias.com\\\/v3\\\/la-interpol-pidio-la-captura-del-hermano-del-actor-y-humorista-miguel-angel-cherutti\\\/#breadcrumb\",\"itemListElement\":[{\"@type\":\"ListItem\",\"position\":1,\"name\":\"Portada\",\"item\":\"https:\\\/\\\/cvinoticias.com\\\/v3\\\/\"},{\"@type\":\"ListItem\",\"position\":2,\"name\":\"La Interpol pidi\u00f3 la captura del hermano del actor y humorista Miguel \u00c1ngel Cherutti\"}]},{\"@type\":\"WebSite\",\"@id\":\"https:\\\/\\\/cvinoticias.com\\\/v3\\\/#website\",\"url\":\"https:\\\/\\\/cvinoticias.com\\\/v3\\\/\",\"name\":\"CVI NOTICIAS\",\"description\":\"\",\"publisher\":{\"@id\":\"https:\\\/\\\/cvinoticias.com\\\/v3\\\/#organization\"},\"alternateName\":\"CVI\",\"potentialAction\":[{\"@type\":\"SearchAction\",\"target\":{\"@type\":\"EntryPoint\",\"urlTemplate\":\"https:\\\/\\\/cvinoticias.com\\\/v3\\\/?s={search_term_string}\"},\"query-input\":{\"@type\":\"PropertyValueSpecification\",\"valueRequired\":true,\"valueName\":\"search_term_string\"}}],\"inLanguage\":\"es\"},{\"@type\":\"Organization\",\"@id\":\"https:\\\/\\\/cvinoticias.com\\\/v3\\\/#organization\",\"name\":\"CVI NOTICIAS\",\"url\":\"https:\\\/\\\/cvinoticias.com\\\/v3\\\/\",\"logo\":{\"@type\":\"ImageObject\",\"inLanguage\":\"es\",\"@id\":\"https:\\\/\\\/cvinoticias.com\\\/v3\\\/#\\\/schema\\\/logo\\\/image\\\/\",\"url\":\"https:\\\/\\\/cvinoticias.com\\\/wp-content\\\/uploads\\\/2023\\\/04\\\/cropped-cropped-cropped-cropped-cropped-3-1.png\",\"contentUrl\":\"https:\\\/\\\/cvinoticias.com\\\/wp-content\\\/uploads\\\/2023\\\/04\\\/cropped-cropped-cropped-cropped-cropped-3-1.png\",\"width\":95,\"height\":122,\"caption\":\"CVI NOTICIAS\"},\"image\":{\"@id\":\"https:\\\/\\\/cvinoticias.com\\\/v3\\\/#\\\/schema\\\/logo\\\/image\\\/\"},\"sameAs\":[\"https:\\\/\\\/www.facebook.com\\\/cvinoticias\",\"https:\\\/\\\/www.instagram.com\\\/cvinoticias\\\/\",\"https:\\\/\\\/www.youtube.com\\\/@CVINOTICIAS\"]},{\"@type\":\"Person\",\"@id\":\"https:\\\/\\\/cvinoticias.com\\\/v3\\\/#\\\/schema\\\/person\\\/2db77e3c6bc03c538495d7b2b8be9b66\",\"name\":\"f1000024\",\"image\":{\"@type\":\"ImageObject\",\"inLanguage\":\"es\",\"@id\":\"https:\\\/\\\/secure.gravatar.com\\\/avatar\\\/d4fe7459cfc51ff5129ce1a732bbef5928568b8092d412ef95611616376bbeed?s=96&d=mm&r=g\",\"url\":\"https:\\\/\\\/secure.gravatar.com\\\/avatar\\\/d4fe7459cfc51ff5129ce1a732bbef5928568b8092d412ef95611616376bbeed?s=96&d=mm&r=g\",\"contentUrl\":\"https:\\\/\\\/secure.gravatar.com\\\/avatar\\\/d4fe7459cfc51ff5129ce1a732bbef5928568b8092d412ef95611616376bbeed?s=96&d=mm&r=g\",\"caption\":\"f1000024\"},\"url\":\"https:\\\/\\\/cvinoticias.com\\\/v3\\\/author\\\/f1000024\\\/\"}]}<\/script>\n<!-- \/ Yoast SEO plugin. -->","yoast_head_json":{"title":"La Interpol pidi\u00f3 la captura del hermano del actor y humorista Miguel \u00c1ngel Cherutti | CVI NOTICIAS","robots":{"index":"index","follow":"follow","max-snippet":"max-snippet:-1","max-image-preview":"max-image-preview:large","max-video-preview":"max-video-preview:-1"},"canonical":"https:\/\/cvinoticias.com\/v3\/la-interpol-pidio-la-captura-del-hermano-del-actor-y-humorista-miguel-angel-cherutti\/","og_locale":"es_ES","og_type":"article","og_title":"La Interpol pidi\u00f3 la captura del hermano del actor y humorista Miguel \u00c1ngel Cherutti | CVI NOTICIAS","og_description":"Est\u00e1 acusado de cometer delitos de lesa humanidad durante la \u00faltima dictadura militar, entre 1976 y 1983. La Organizaci\u00f3n Internacional de Polic\u00eda Criminal (Interpol) emiti\u00f3 una alerta roja y pidi\u00f3 la captura de Daniel Cherutti, hermano mayor del actor y humorista Miguel \u00c1ngel Cherutti, acusado de cometer delitos de lesa humanidad durante la \u00faltima dictadura [&hellip;]","og_url":"https:\/\/cvinoticias.com\/v3\/la-interpol-pidio-la-captura-del-hermano-del-actor-y-humorista-miguel-angel-cherutti\/","og_site_name":"CVI NOTICIAS","article_publisher":"https:\/\/www.facebook.com\/cvinoticias","article_published_time":"2023-01-18T12:25:38+00:00","og_image":[{"width":880,"height":512,"url":"https:\/\/cvinoticias.com\/wp-content\/uploads\/2023\/01\/20230118090207_cheru.jpg","type":"image\/jpeg"}],"author":"f1000024","twitter_card":"summary_large_image","twitter_misc":{"Escrito por":"f1000024","Tiempo de lectura":"2 minutos"},"schema":{"@context":"https:\/\/schema.org","@graph":[{"@type":"Article","@id":"https:\/\/cvinoticias.com\/v3\/la-interpol-pidio-la-captura-del-hermano-del-actor-y-humorista-miguel-angel-cherutti\/#article","isPartOf":{"@id":"https:\/\/cvinoticias.com\/v3\/la-interpol-pidio-la-captura-del-hermano-del-actor-y-humorista-miguel-angel-cherutti\/"},"author":{"name":"f1000024","@id":"https:\/\/cvinoticias.com\/v3\/#\/schema\/person\/2db77e3c6bc03c538495d7b2b8be9b66"},"headline":"La Interpol pidi\u00f3 la captura del hermano del actor y humorista Miguel \u00c1ngel Cherutti","datePublished":"2023-01-18T12:25:38+00:00","mainEntityOfPage":{"@id":"https:\/\/cvinoticias.com\/v3\/la-interpol-pidio-la-captura-del-hermano-del-actor-y-humorista-miguel-angel-cherutti\/"},"wordCount":410,"commentCount":0,"publisher":{"@id":"https:\/\/cvinoticias.com\/v3\/#organization"},"image":{"@id":"https:\/\/cvinoticias.com\/v3\/la-interpol-pidio-la-captura-del-hermano-del-actor-y-humorista-miguel-angel-cherutti\/#primaryimage"},"thumbnailUrl":"https:\/\/cvinoticias.com\/wp-content\/uploads\/2023\/01\/20230118090207_cheru.jpg","articleSection":["Nacionales"],"inLanguage":"es","potentialAction":[{"@type":"CommentAction","name":"Comment","target":["https:\/\/cvinoticias.com\/v3\/la-interpol-pidio-la-captura-del-hermano-del-actor-y-humorista-miguel-angel-cherutti\/#respond"]}]},{"@type":"WebPage","@id":"https:\/\/cvinoticias.com\/v3\/la-interpol-pidio-la-captura-del-hermano-del-actor-y-humorista-miguel-angel-cherutti\/","url":"https:\/\/cvinoticias.com\/v3\/la-interpol-pidio-la-captura-del-hermano-del-actor-y-humorista-miguel-angel-cherutti\/","name":"La Interpol pidi\u00f3 la captura del hermano del actor y humorista Miguel \u00c1ngel Cherutti | CVI NOTICIAS","isPartOf":{"@id":"https:\/\/cvinoticias.com\/v3\/#website"},"primaryImageOfPage":{"@id":"https:\/\/cvinoticias.com\/v3\/la-interpol-pidio-la-captura-del-hermano-del-actor-y-humorista-miguel-angel-cherutti\/#primaryimage"},"image":{"@id":"https:\/\/cvinoticias.com\/v3\/la-interpol-pidio-la-captura-del-hermano-del-actor-y-humorista-miguel-angel-cherutti\/#primaryimage"},"thumbnailUrl":"https:\/\/cvinoticias.com\/wp-content\/uploads\/2023\/01\/20230118090207_cheru.jpg","datePublished":"2023-01-18T12:25:38+00:00","breadcrumb":{"@id":"https:\/\/cvinoticias.com\/v3\/la-interpol-pidio-la-captura-del-hermano-del-actor-y-humorista-miguel-angel-cherutti\/#breadcrumb"},"inLanguage":"es","potentialAction":[{"@type":"ReadAction","target":["https:\/\/cvinoticias.com\/v3\/la-interpol-pidio-la-captura-del-hermano-del-actor-y-humorista-miguel-angel-cherutti\/"]}]},{"@type":"ImageObject","inLanguage":"es","@id":"https:\/\/cvinoticias.com\/v3\/la-interpol-pidio-la-captura-del-hermano-del-actor-y-humorista-miguel-angel-cherutti\/#primaryimage","url":"https:\/\/cvinoticias.com\/wp-content\/uploads\/2023\/01\/20230118090207_cheru.jpg","contentUrl":"https:\/\/cvinoticias.com\/wp-content\/uploads\/2023\/01\/20230118090207_cheru.jpg","width":880,"height":512},{"@type":"BreadcrumbList","@id":"https:\/\/cvinoticias.com\/v3\/la-interpol-pidio-la-captura-del-hermano-del-actor-y-humorista-miguel-angel-cherutti\/#breadcrumb","itemListElement":[{"@type":"ListItem","position":1,"name":"Portada","item":"https:\/\/cvinoticias.com\/v3\/"},{"@type":"ListItem","position":2,"name":"La Interpol pidi\u00f3 la captura del hermano del actor y humorista Miguel \u00c1ngel Cherutti"}]},{"@type":"WebSite","@id":"https:\/\/cvinoticias.com\/v3\/#website","url":"https:\/\/cvinoticias.com\/v3\/","name":"CVI NOTICIAS","description":"","publisher":{"@id":"https:\/\/cvinoticias.com\/v3\/#organization"},"alternateName":"CVI","potentialAction":[{"@type":"SearchAction","target":{"@type":"EntryPoint","urlTemplate":"https:\/\/cvinoticias.com\/v3\/?s={search_term_string}"},"query-input":{"@type":"PropertyValueSpecification","valueRequired":true,"valueName":"search_term_string"}}],"inLanguage":"es"},{"@type":"Organization","@id":"https:\/\/cvinoticias.com\/v3\/#organization","name":"CVI NOTICIAS","url":"https:\/\/cvinoticias.com\/v3\/","logo":{"@type":"ImageObject","inLanguage":"es","@id":"https:\/\/cvinoticias.com\/v3\/#\/schema\/logo\/image\/","url":"https:\/\/cvinoticias.com\/wp-content\/uploads\/2023\/04\/cropped-cropped-cropped-cropped-cropped-3-1.png","contentUrl":"https:\/\/cvinoticias.com\/wp-content\/uploads\/2023\/04\/cropped-cropped-cropped-cropped-cropped-3-1.png","width":95,"height":122,"caption":"CVI NOTICIAS"},"image":{"@id":"https:\/\/cvinoticias.com\/v3\/#\/schema\/logo\/image\/"},"sameAs":["https:\/\/www.facebook.com\/cvinoticias","https:\/\/www.instagram.com\/cvinoticias\/","https:\/\/www.youtube.com\/@CVINOTICIAS"]},{"@type":"Person","@id":"https:\/\/cvinoticias.com\/v3\/#\/schema\/person\/2db77e3c6bc03c538495d7b2b8be9b66","name":"f1000024","image":{"@type":"ImageObject","inLanguage":"es","@id":"https:\/\/secure.gravatar.com\/avatar\/d4fe7459cfc51ff5129ce1a732bbef5928568b8092d412ef95611616376bbeed?s=96&d=mm&r=g","url":"https:\/\/secure.gravatar.com\/avatar\/d4fe7459cfc51ff5129ce1a732bbef5928568b8092d412ef95611616376bbeed?s=96&d=mm&r=g","contentUrl":"https:\/\/secure.gravatar.com\/avatar\/d4fe7459cfc51ff5129ce1a732bbef5928568b8092d412ef95611616376bbeed?s=96&d=mm&r=g","caption":"f1000024"},"url":"https:\/\/cvinoticias.com\/v3\/author\/f1000024\/"}]}},"_links":{"self":[{"href":"https:\/\/cvinoticias.com\/v3\/wp-json\/wp\/v2\/posts\/21898","targetHints":{"allow":["GET"]}}],"collection":[{"href":"https:\/\/cvinoticias.com\/v3\/wp-json\/wp\/v2\/posts"}],"about":[{"href":"https:\/\/cvinoticias.com\/v3\/wp-json\/wp\/v2\/types\/post"}],"author":[{"embeddable":true,"href":"https:\/\/cvinoticias.com\/v3\/wp-json\/wp\/v2\/users\/2"}],"replies":[{"embeddable":true,"href":"https:\/\/cvinoticias.com\/v3\/wp-json\/wp\/v2\/comments?post=21898"}],"version-history":[{"count":1,"href":"https:\/\/cvinoticias.com\/v3\/wp-json\/wp\/v2\/posts\/21898\/revisions"}],"predecessor-version":[{"id":21900,"href":"https:\/\/cvinoticias.com\/v3\/wp-json\/wp\/v2\/posts\/21898\/revisions\/21900"}],"wp:featuredmedia":[{"embeddable":true,"href":"https:\/\/cvinoticias.com\/v3\/wp-json\/wp\/v2\/media\/21899"}],"wp:attachment":[{"href":"https:\/\/cvinoticias.com\/v3\/wp-json\/wp\/v2\/media?parent=21898"}],"wp:term":[{"taxonomy":"category","embeddable":true,"href":"https:\/\/cvinoticias.com\/v3\/wp-json\/wp\/v2\/categories?post=21898"},{"taxonomy":"post_tag","embeddable":true,"href":"https:\/\/cvinoticias.com\/v3\/wp-json\/wp\/v2\/tags?post=21898"}],"curies":[{"name":"wp","href":"https:\/\/api.w.org\/{rel}","templated":true}]}}