{"id":21895,"date":"2023-01-18T12:17:22","date_gmt":"2023-01-18T12:17:22","guid":{"rendered":"https:\/\/cvinoticias.com\/v3\/?p=21895"},"modified":"2023-01-18T12:17:22","modified_gmt":"2023-01-18T12:17:22","slug":"lula-echo-a-40-militares-encargados-de-la-seguridad-de-la-residencia-presidencial","status":"publish","type":"post","link":"https:\/\/cvinoticias.com\/v3\/lula-echo-a-40-militares-encargados-de-la-seguridad-de-la-residencia-presidencial\/","title":{"rendered":"Lula ech\u00f3 a 40 militares encargados de la seguridad de la residencia presidencial"},"content":{"rendered":"\n<p><strong><em>Hab\u00eda prometido \u201cuna revisi\u00f3n profunda\u201d tras la intentona golpista del 8 de enero. Denunci\u00f3 complicidad interna.<\/em><\/strong><\/p>\n\n\n\n<p>A 10 d\u00edas de la intentona golpista del 8 de enero, el presidente brasile\u00f1o, Luiz In\u00e1cio Lula da Silva, apart\u00f3 a 40 militares encargados de la seguridad en la residencia presidencial en Brasilia.<\/p>\n\n\n\n<p>La medida fue publicada este martes en el diario oficial de la uni\u00f3n y afecta a funcionarios adscritos a la coordinaci\u00f3n del Palacio de la Alvorada, domicilio oficial de los jefes de Estado.<\/p>\n\n\n\n<p>La decisi\u00f3n da continuidad a un anuncio del mandatario, que la semana pasada expres\u00f3 desconfianza sobre algunos militares que cumplen funciones auxiliares en las sedes de gobierno y prometi\u00f3 una \u201crevisi\u00f3n profunda\u201d en el esquema de seguridad.<\/p>\n\n\n\n<p><strong>QU\u00c9 PASAR\u00c1 CON LOS MILITARES CESANTEADOS<\/strong><\/p>\n\n\n\n<p>Los militares despedidos seguir\u00e1n en las Fuerzas Armadas, pero dejar\u00e1n de recibir la gratificaci\u00f3n a la que ten\u00edan derecho por trabajar en el Palacio de la Alvorada, report\u00f3 Folha de San Pablo.<\/p>\n\n\n\n<p>Adem\u00e1s, fue echado un militar que trabajaba en la Granja do Torto, una especie de residencia oficial de verano, y otros tres del Gabinete de Seguridad Institucional que cumpl\u00edan labores en la seguridad presencial.<\/p>\n\n\n\n<p><strong>LULA DENUNCI\u00d3 COMPLICIDAD INTERNA POR EL ASALTO DEL 8 DE ENERO<\/strong><\/p>\n\n\n\n<p>Lula dijo estar convencido de que hubo complicidad interna y de miembros de las fuerzas de seguridad en el asalto al Congreso Nacional, el palacio presidencial y la sede de la Corte Suprema.<\/p>\n\n\n\n<p>\u201cAlguien les facilit\u00f3 la entrada aqu\u00ed\u201d, dijo el presidente el jueves, en referencia a los desmanes en Planalto.<\/p>\n\n\n\n<p>Lula subray\u00f3 que la revisi\u00f3n del equipo de trabajo buscar\u00e1 privilegiar \u201cfuncionarios de carrera, de civiles preferencia\u201d.<\/p>\n\n\n\n<p>\u201cNo puede permanecer aqu\u00ed adentro alguien sospechoso de ser bolsonarista radical\u201d, afirm\u00f3.<\/p>\n\n\n\n<p>Bolsonaro se encuentra en Estados Unidos desde el 30 de diciembre, dos d\u00edas antes de terminar su mandato. El expresidente niega cualquier conexi\u00f3n con los actos violentos, pero es investigado por las autoridades brasile\u00f1as bajo sospecha de haber instigado el asalto al coraz\u00f3n pol\u00edtico de Brasil.<\/p>\n\n\n\n<p>\u201cLamento lo que aconteci\u00f3 el d\u00eda 8\u2033, dijo el exmandatario a algunos simpatizantes en un video divulgado el lunes por medios brasile\u00f1os. \u201cFue incre\u00edble\u201d, agreg\u00f3.<\/p>\n","protected":false},"excerpt":{"rendered":"<p>Hab\u00eda prometido \u201cuna revisi\u00f3n profunda\u201d tras la intentona golpista del 8 de enero. Denunci\u00f3 complicidad interna. A 10 d\u00edas de la intentona golpista del 8 de enero, el presidente brasile\u00f1o, Luiz In\u00e1cio Lula da Silva, apart\u00f3 a 40 militares encargados de la seguridad en la residencia presidencial en Brasilia. La medida fue publicada este martes [&hellip;]<\/p>\n","protected":false},"author":2,"featured_media":21896,"comment_status":"open","ping_status":"open","sticky":false,"template":"","format":"standard","meta":{"footnotes":""},"categories":[36,42],"tags":[],"class_list":["post-21895","post","type-post","status-publish","format-standard","has-post-thumbnail","hentry","category-internacionales","category-politica"],"yoast_head":"<!-- This site is optimized with the Yoast SEO plugin v27.4 - https:\/\/yoast.com\/product\/yoast-seo-wordpress\/ -->\n<title>Lula ech\u00f3 a 40 militares encargados de la seguridad de la residencia presidencial | CVI NOTICIAS<\/title>\n<meta name=\"robots\" content=\"index, follow, max-snippet:-1, max-image-preview:large, max-video-preview:-1\" \/>\n<link rel=\"canonical\" href=\"https:\/\/cvinoticias.com\/v3\/lula-echo-a-40-militares-encargados-de-la-seguridad-de-la-residencia-presidencial\/\" \/>\n<meta property=\"og:locale\" content=\"es_ES\" \/>\n<meta property=\"og:type\" content=\"article\" \/>\n<meta property=\"og:title\" content=\"Lula ech\u00f3 a 40 militares encargados de la seguridad de la residencia presidencial | CVI NOTICIAS\" \/>\n<meta property=\"og:description\" content=\"Hab\u00eda prometido \u201cuna revisi\u00f3n profunda\u201d tras la intentona golpista del 8 de enero. Denunci\u00f3 complicidad interna. A 10 d\u00edas de la intentona golpista del 8 de enero, el presidente brasile\u00f1o, Luiz In\u00e1cio Lula da Silva, apart\u00f3 a 40 militares encargados de la seguridad en la residencia presidencial en Brasilia. La medida fue publicada este martes [&hellip;]\" \/>\n<meta property=\"og:url\" content=\"https:\/\/cvinoticias.com\/v3\/lula-echo-a-40-militares-encargados-de-la-seguridad-de-la-residencia-presidencial\/\" \/>\n<meta property=\"og:site_name\" content=\"CVI NOTICIAS\" \/>\n<meta property=\"article:publisher\" content=\"https:\/\/www.facebook.com\/cvinoticias\" \/>\n<meta property=\"article:published_time\" content=\"2023-01-18T12:17:22+00:00\" \/>\n<meta property=\"og:image\" content=\"https:\/\/cvinoticias.com\/wp-content\/uploads\/2023\/01\/Screenshot_20230118-091641_Facebook.jpg\" \/>\n\t<meta property=\"og:image:width\" content=\"1078\" \/>\n\t<meta property=\"og:image:height\" content=\"642\" \/>\n\t<meta property=\"og:image:type\" content=\"image\/jpeg\" \/>\n<meta name=\"author\" content=\"f1000024\" \/>\n<meta name=\"twitter:card\" content=\"summary_large_image\" \/>\n<meta name=\"twitter:label1\" content=\"Escrito por\" \/>\n\t<meta name=\"twitter:data1\" content=\"f1000024\" \/>\n\t<meta name=\"twitter:label2\" content=\"Tiempo de lectura\" \/>\n\t<meta name=\"twitter:data2\" content=\"2 minutos\" \/>\n<script type=\"application\/ld+json\" class=\"yoast-schema-graph\">{\"@context\":\"https:\\\/\\\/schema.org\",\"@graph\":[{\"@type\":\"Article\",\"@id\":\"https:\\\/\\\/cvinoticias.com\\\/v3\\\/lula-echo-a-40-militares-encargados-de-la-seguridad-de-la-residencia-presidencial\\\/#article\",\"isPartOf\":{\"@id\":\"https:\\\/\\\/cvinoticias.com\\\/v3\\\/lula-echo-a-40-militares-encargados-de-la-seguridad-de-la-residencia-presidencial\\\/\"},\"author\":{\"name\":\"f1000024\",\"@id\":\"https:\\\/\\\/cvinoticias.com\\\/v3\\\/#\\\/schema\\\/person\\\/2db77e3c6bc03c538495d7b2b8be9b66\"},\"headline\":\"Lula ech\u00f3 a 40 militares encargados de la seguridad de la residencia presidencial\",\"datePublished\":\"2023-01-18T12:17:22+00:00\",\"mainEntityOfPage\":{\"@id\":\"https:\\\/\\\/cvinoticias.com\\\/v3\\\/lula-echo-a-40-militares-encargados-de-la-seguridad-de-la-residencia-presidencial\\\/\"},\"wordCount\":382,\"commentCount\":0,\"publisher\":{\"@id\":\"https:\\\/\\\/cvinoticias.com\\\/v3\\\/#organization\"},\"image\":{\"@id\":\"https:\\\/\\\/cvinoticias.com\\\/v3\\\/lula-echo-a-40-militares-encargados-de-la-seguridad-de-la-residencia-presidencial\\\/#primaryimage\"},\"thumbnailUrl\":\"https:\\\/\\\/cvinoticias.com\\\/wp-content\\\/uploads\\\/2023\\\/01\\\/Screenshot_20230118-091641_Facebook.jpg\",\"articleSection\":[\"Internacionales\",\"Politica\"],\"inLanguage\":\"es\",\"potentialAction\":[{\"@type\":\"CommentAction\",\"name\":\"Comment\",\"target\":[\"https:\\\/\\\/cvinoticias.com\\\/v3\\\/lula-echo-a-40-militares-encargados-de-la-seguridad-de-la-residencia-presidencial\\\/#respond\"]}]},{\"@type\":\"WebPage\",\"@id\":\"https:\\\/\\\/cvinoticias.com\\\/v3\\\/lula-echo-a-40-militares-encargados-de-la-seguridad-de-la-residencia-presidencial\\\/\",\"url\":\"https:\\\/\\\/cvinoticias.com\\\/v3\\\/lula-echo-a-40-militares-encargados-de-la-seguridad-de-la-residencia-presidencial\\\/\",\"name\":\"Lula ech\u00f3 a 40 militares encargados de la seguridad de la residencia presidencial | CVI NOTICIAS\",\"isPartOf\":{\"@id\":\"https:\\\/\\\/cvinoticias.com\\\/v3\\\/#website\"},\"primaryImageOfPage\":{\"@id\":\"https:\\\/\\\/cvinoticias.com\\\/v3\\\/lula-echo-a-40-militares-encargados-de-la-seguridad-de-la-residencia-presidencial\\\/#primaryimage\"},\"image\":{\"@id\":\"https:\\\/\\\/cvinoticias.com\\\/v3\\\/lula-echo-a-40-militares-encargados-de-la-seguridad-de-la-residencia-presidencial\\\/#primaryimage\"},\"thumbnailUrl\":\"https:\\\/\\\/cvinoticias.com\\\/wp-content\\\/uploads\\\/2023\\\/01\\\/Screenshot_20230118-091641_Facebook.jpg\",\"datePublished\":\"2023-01-18T12:17:22+00:00\",\"breadcrumb\":{\"@id\":\"https:\\\/\\\/cvinoticias.com\\\/v3\\\/lula-echo-a-40-militares-encargados-de-la-seguridad-de-la-residencia-presidencial\\\/#breadcrumb\"},\"inLanguage\":\"es\",\"potentialAction\":[{\"@type\":\"ReadAction\",\"target\":[\"https:\\\/\\\/cvinoticias.com\\\/v3\\\/lula-echo-a-40-militares-encargados-de-la-seguridad-de-la-residencia-presidencial\\\/\"]}]},{\"@type\":\"ImageObject\",\"inLanguage\":\"es\",\"@id\":\"https:\\\/\\\/cvinoticias.com\\\/v3\\\/lula-echo-a-40-militares-encargados-de-la-seguridad-de-la-residencia-presidencial\\\/#primaryimage\",\"url\":\"https:\\\/\\\/cvinoticias.com\\\/wp-content\\\/uploads\\\/2023\\\/01\\\/Screenshot_20230118-091641_Facebook.jpg\",\"contentUrl\":\"https:\\\/\\\/cvinoticias.com\\\/wp-content\\\/uploads\\\/2023\\\/01\\\/Screenshot_20230118-091641_Facebook.jpg\",\"width\":1078,\"height\":642},{\"@type\":\"BreadcrumbList\",\"@id\":\"https:\\\/\\\/cvinoticias.com\\\/v3\\\/lula-echo-a-40-militares-encargados-de-la-seguridad-de-la-residencia-presidencial\\\/#breadcrumb\",\"itemListElement\":[{\"@type\":\"ListItem\",\"position\":1,\"name\":\"Portada\",\"item\":\"https:\\\/\\\/cvinoticias.com\\\/v3\\\/\"},{\"@type\":\"ListItem\",\"position\":2,\"name\":\"Lula ech\u00f3 a 40 militares encargados de la seguridad de la residencia presidencial\"}]},{\"@type\":\"WebSite\",\"@id\":\"https:\\\/\\\/cvinoticias.com\\\/v3\\\/#website\",\"url\":\"https:\\\/\\\/cvinoticias.com\\\/v3\\\/\",\"name\":\"CVI NOTICIAS\",\"description\":\"\",\"publisher\":{\"@id\":\"https:\\\/\\\/cvinoticias.com\\\/v3\\\/#organization\"},\"alternateName\":\"CVI\",\"potentialAction\":[{\"@type\":\"SearchAction\",\"target\":{\"@type\":\"EntryPoint\",\"urlTemplate\":\"https:\\\/\\\/cvinoticias.com\\\/v3\\\/?s={search_term_string}\"},\"query-input\":{\"@type\":\"PropertyValueSpecification\",\"valueRequired\":true,\"valueName\":\"search_term_string\"}}],\"inLanguage\":\"es\"},{\"@type\":\"Organization\",\"@id\":\"https:\\\/\\\/cvinoticias.com\\\/v3\\\/#organization\",\"name\":\"CVI NOTICIAS\",\"url\":\"https:\\\/\\\/cvinoticias.com\\\/v3\\\/\",\"logo\":{\"@type\":\"ImageObject\",\"inLanguage\":\"es\",\"@id\":\"https:\\\/\\\/cvinoticias.com\\\/v3\\\/#\\\/schema\\\/logo\\\/image\\\/\",\"url\":\"https:\\\/\\\/cvinoticias.com\\\/wp-content\\\/uploads\\\/2023\\\/04\\\/cropped-cropped-cropped-cropped-cropped-3-1.png\",\"contentUrl\":\"https:\\\/\\\/cvinoticias.com\\\/wp-content\\\/uploads\\\/2023\\\/04\\\/cropped-cropped-cropped-cropped-cropped-3-1.png\",\"width\":95,\"height\":122,\"caption\":\"CVI NOTICIAS\"},\"image\":{\"@id\":\"https:\\\/\\\/cvinoticias.com\\\/v3\\\/#\\\/schema\\\/logo\\\/image\\\/\"},\"sameAs\":[\"https:\\\/\\\/www.facebook.com\\\/cvinoticias\",\"https:\\\/\\\/www.instagram.com\\\/cvinoticias\\\/\",\"https:\\\/\\\/www.youtube.com\\\/@CVINOTICIAS\"]},{\"@type\":\"Person\",\"@id\":\"https:\\\/\\\/cvinoticias.com\\\/v3\\\/#\\\/schema\\\/person\\\/2db77e3c6bc03c538495d7b2b8be9b66\",\"name\":\"f1000024\",\"image\":{\"@type\":\"ImageObject\",\"inLanguage\":\"es\",\"@id\":\"https:\\\/\\\/secure.gravatar.com\\\/avatar\\\/d4fe7459cfc51ff5129ce1a732bbef5928568b8092d412ef95611616376bbeed?s=96&d=mm&r=g\",\"url\":\"https:\\\/\\\/secure.gravatar.com\\\/avatar\\\/d4fe7459cfc51ff5129ce1a732bbef5928568b8092d412ef95611616376bbeed?s=96&d=mm&r=g\",\"contentUrl\":\"https:\\\/\\\/secure.gravatar.com\\\/avatar\\\/d4fe7459cfc51ff5129ce1a732bbef5928568b8092d412ef95611616376bbeed?s=96&d=mm&r=g\",\"caption\":\"f1000024\"},\"url\":\"https:\\\/\\\/cvinoticias.com\\\/v3\\\/author\\\/f1000024\\\/\"}]}<\/script>\n<!-- \/ Yoast SEO plugin. -->","yoast_head_json":{"title":"Lula ech\u00f3 a 40 militares encargados de la seguridad de la residencia presidencial | CVI NOTICIAS","robots":{"index":"index","follow":"follow","max-snippet":"max-snippet:-1","max-image-preview":"max-image-preview:large","max-video-preview":"max-video-preview:-1"},"canonical":"https:\/\/cvinoticias.com\/v3\/lula-echo-a-40-militares-encargados-de-la-seguridad-de-la-residencia-presidencial\/","og_locale":"es_ES","og_type":"article","og_title":"Lula ech\u00f3 a 40 militares encargados de la seguridad de la residencia presidencial | CVI NOTICIAS","og_description":"Hab\u00eda prometido \u201cuna revisi\u00f3n profunda\u201d tras la intentona golpista del 8 de enero. Denunci\u00f3 complicidad interna. A 10 d\u00edas de la intentona golpista del 8 de enero, el presidente brasile\u00f1o, Luiz In\u00e1cio Lula da Silva, apart\u00f3 a 40 militares encargados de la seguridad en la residencia presidencial en Brasilia. La medida fue publicada este martes [&hellip;]","og_url":"https:\/\/cvinoticias.com\/v3\/lula-echo-a-40-militares-encargados-de-la-seguridad-de-la-residencia-presidencial\/","og_site_name":"CVI NOTICIAS","article_publisher":"https:\/\/www.facebook.com\/cvinoticias","article_published_time":"2023-01-18T12:17:22+00:00","og_image":[{"width":1078,"height":642,"url":"https:\/\/cvinoticias.com\/wp-content\/uploads\/2023\/01\/Screenshot_20230118-091641_Facebook.jpg","type":"image\/jpeg"}],"author":"f1000024","twitter_card":"summary_large_image","twitter_misc":{"Escrito por":"f1000024","Tiempo de lectura":"2 minutos"},"schema":{"@context":"https:\/\/schema.org","@graph":[{"@type":"Article","@id":"https:\/\/cvinoticias.com\/v3\/lula-echo-a-40-militares-encargados-de-la-seguridad-de-la-residencia-presidencial\/#article","isPartOf":{"@id":"https:\/\/cvinoticias.com\/v3\/lula-echo-a-40-militares-encargados-de-la-seguridad-de-la-residencia-presidencial\/"},"author":{"name":"f1000024","@id":"https:\/\/cvinoticias.com\/v3\/#\/schema\/person\/2db77e3c6bc03c538495d7b2b8be9b66"},"headline":"Lula ech\u00f3 a 40 militares encargados de la seguridad de la residencia presidencial","datePublished":"2023-01-18T12:17:22+00:00","mainEntityOfPage":{"@id":"https:\/\/cvinoticias.com\/v3\/lula-echo-a-40-militares-encargados-de-la-seguridad-de-la-residencia-presidencial\/"},"wordCount":382,"commentCount":0,"publisher":{"@id":"https:\/\/cvinoticias.com\/v3\/#organization"},"image":{"@id":"https:\/\/cvinoticias.com\/v3\/lula-echo-a-40-militares-encargados-de-la-seguridad-de-la-residencia-presidencial\/#primaryimage"},"thumbnailUrl":"https:\/\/cvinoticias.com\/wp-content\/uploads\/2023\/01\/Screenshot_20230118-091641_Facebook.jpg","articleSection":["Internacionales","Politica"],"inLanguage":"es","potentialAction":[{"@type":"CommentAction","name":"Comment","target":["https:\/\/cvinoticias.com\/v3\/lula-echo-a-40-militares-encargados-de-la-seguridad-de-la-residencia-presidencial\/#respond"]}]},{"@type":"WebPage","@id":"https:\/\/cvinoticias.com\/v3\/lula-echo-a-40-militares-encargados-de-la-seguridad-de-la-residencia-presidencial\/","url":"https:\/\/cvinoticias.com\/v3\/lula-echo-a-40-militares-encargados-de-la-seguridad-de-la-residencia-presidencial\/","name":"Lula ech\u00f3 a 40 militares encargados de la seguridad de la residencia presidencial | CVI NOTICIAS","isPartOf":{"@id":"https:\/\/cvinoticias.com\/v3\/#website"},"primaryImageOfPage":{"@id":"https:\/\/cvinoticias.com\/v3\/lula-echo-a-40-militares-encargados-de-la-seguridad-de-la-residencia-presidencial\/#primaryimage"},"image":{"@id":"https:\/\/cvinoticias.com\/v3\/lula-echo-a-40-militares-encargados-de-la-seguridad-de-la-residencia-presidencial\/#primaryimage"},"thumbnailUrl":"https:\/\/cvinoticias.com\/wp-content\/uploads\/2023\/01\/Screenshot_20230118-091641_Facebook.jpg","datePublished":"2023-01-18T12:17:22+00:00","breadcrumb":{"@id":"https:\/\/cvinoticias.com\/v3\/lula-echo-a-40-militares-encargados-de-la-seguridad-de-la-residencia-presidencial\/#breadcrumb"},"inLanguage":"es","potentialAction":[{"@type":"ReadAction","target":["https:\/\/cvinoticias.com\/v3\/lula-echo-a-40-militares-encargados-de-la-seguridad-de-la-residencia-presidencial\/"]}]},{"@type":"ImageObject","inLanguage":"es","@id":"https:\/\/cvinoticias.com\/v3\/lula-echo-a-40-militares-encargados-de-la-seguridad-de-la-residencia-presidencial\/#primaryimage","url":"https:\/\/cvinoticias.com\/wp-content\/uploads\/2023\/01\/Screenshot_20230118-091641_Facebook.jpg","contentUrl":"https:\/\/cvinoticias.com\/wp-content\/uploads\/2023\/01\/Screenshot_20230118-091641_Facebook.jpg","width":1078,"height":642},{"@type":"BreadcrumbList","@id":"https:\/\/cvinoticias.com\/v3\/lula-echo-a-40-militares-encargados-de-la-seguridad-de-la-residencia-presidencial\/#breadcrumb","itemListElement":[{"@type":"ListItem","position":1,"name":"Portada","item":"https:\/\/cvinoticias.com\/v3\/"},{"@type":"ListItem","position":2,"name":"Lula ech\u00f3 a 40 militares encargados de la seguridad de la residencia presidencial"}]},{"@type":"WebSite","@id":"https:\/\/cvinoticias.com\/v3\/#website","url":"https:\/\/cvinoticias.com\/v3\/","name":"CVI NOTICIAS","description":"","publisher":{"@id":"https:\/\/cvinoticias.com\/v3\/#organization"},"alternateName":"CVI","potentialAction":[{"@type":"SearchAction","target":{"@type":"EntryPoint","urlTemplate":"https:\/\/cvinoticias.com\/v3\/?s={search_term_string}"},"query-input":{"@type":"PropertyValueSpecification","valueRequired":true,"valueName":"search_term_string"}}],"inLanguage":"es"},{"@type":"Organization","@id":"https:\/\/cvinoticias.com\/v3\/#organization","name":"CVI NOTICIAS","url":"https:\/\/cvinoticias.com\/v3\/","logo":{"@type":"ImageObject","inLanguage":"es","@id":"https:\/\/cvinoticias.com\/v3\/#\/schema\/logo\/image\/","url":"https:\/\/cvinoticias.com\/wp-content\/uploads\/2023\/04\/cropped-cropped-cropped-cropped-cropped-3-1.png","contentUrl":"https:\/\/cvinoticias.com\/wp-content\/uploads\/2023\/04\/cropped-cropped-cropped-cropped-cropped-3-1.png","width":95,"height":122,"caption":"CVI NOTICIAS"},"image":{"@id":"https:\/\/cvinoticias.com\/v3\/#\/schema\/logo\/image\/"},"sameAs":["https:\/\/www.facebook.com\/cvinoticias","https:\/\/www.instagram.com\/cvinoticias\/","https:\/\/www.youtube.com\/@CVINOTICIAS"]},{"@type":"Person","@id":"https:\/\/cvinoticias.com\/v3\/#\/schema\/person\/2db77e3c6bc03c538495d7b2b8be9b66","name":"f1000024","image":{"@type":"ImageObject","inLanguage":"es","@id":"https:\/\/secure.gravatar.com\/avatar\/d4fe7459cfc51ff5129ce1a732bbef5928568b8092d412ef95611616376bbeed?s=96&d=mm&r=g","url":"https:\/\/secure.gravatar.com\/avatar\/d4fe7459cfc51ff5129ce1a732bbef5928568b8092d412ef95611616376bbeed?s=96&d=mm&r=g","contentUrl":"https:\/\/secure.gravatar.com\/avatar\/d4fe7459cfc51ff5129ce1a732bbef5928568b8092d412ef95611616376bbeed?s=96&d=mm&r=g","caption":"f1000024"},"url":"https:\/\/cvinoticias.com\/v3\/author\/f1000024\/"}]}},"_links":{"self":[{"href":"https:\/\/cvinoticias.com\/v3\/wp-json\/wp\/v2\/posts\/21895","targetHints":{"allow":["GET"]}}],"collection":[{"href":"https:\/\/cvinoticias.com\/v3\/wp-json\/wp\/v2\/posts"}],"about":[{"href":"https:\/\/cvinoticias.com\/v3\/wp-json\/wp\/v2\/types\/post"}],"author":[{"embeddable":true,"href":"https:\/\/cvinoticias.com\/v3\/wp-json\/wp\/v2\/users\/2"}],"replies":[{"embeddable":true,"href":"https:\/\/cvinoticias.com\/v3\/wp-json\/wp\/v2\/comments?post=21895"}],"version-history":[{"count":1,"href":"https:\/\/cvinoticias.com\/v3\/wp-json\/wp\/v2\/posts\/21895\/revisions"}],"predecessor-version":[{"id":21897,"href":"https:\/\/cvinoticias.com\/v3\/wp-json\/wp\/v2\/posts\/21895\/revisions\/21897"}],"wp:featuredmedia":[{"embeddable":true,"href":"https:\/\/cvinoticias.com\/v3\/wp-json\/wp\/v2\/media\/21896"}],"wp:attachment":[{"href":"https:\/\/cvinoticias.com\/v3\/wp-json\/wp\/v2\/media?parent=21895"}],"wp:term":[{"taxonomy":"category","embeddable":true,"href":"https:\/\/cvinoticias.com\/v3\/wp-json\/wp\/v2\/categories?post=21895"},{"taxonomy":"post_tag","embeddable":true,"href":"https:\/\/cvinoticias.com\/v3\/wp-json\/wp\/v2\/tags?post=21895"}],"curies":[{"name":"wp","href":"https:\/\/api.w.org\/{rel}","templated":true}]}}