{"id":21870,"date":"2023-01-17T11:52:53","date_gmt":"2023-01-17T11:52:53","guid":{"rendered":"https:\/\/cvinoticias.com\/v3\/?p=21870"},"modified":"2023-01-17T11:52:53","modified_gmt":"2023-01-17T11:52:53","slug":"el-gobierno-implemento-el-regimen-tarifario-especial-gratuito-a-asociaciones-de-bomberos","status":"publish","type":"post","link":"https:\/\/cvinoticias.com\/v3\/el-gobierno-implemento-el-regimen-tarifario-especial-gratuito-a-asociaciones-de-bomberos\/","title":{"rendered":"El Gobierno implement\u00f3 el R\u00e9gimen Tarifario Especial Gratuito a asociaciones de bomberos"},"content":{"rendered":"\n<p class=\"wp-block-paragraph\"><strong><em>Se trata de un beneficio incluido en la Ley de Fortalecimiento del Sistema Nacional de Bomberos Voluntarios, promulgada en junio del 2021.<\/em><\/strong><\/p>\n\n\n\n<p class=\"wp-block-paragraph\">A trav\u00e9s del decreto 23\/2023 publicado este martes en el Bolet\u00edn Oficial, el Gobierno nacional instruy\u00f3 la implementaci\u00f3n del R\u00e9gimen Tarifario Especial Gratuito, instituido en el Cap\u00edtulo I de la Ley de Fortalecimiento del Sistema Nacional de Bomberos Voluntarios de la Rep\u00fablica Argentina N\u00b0 27.629. La norma hab\u00eda sido promulgada en junio del 2021.<\/p>\n\n\n\n<p class=\"wp-block-paragraph\">\u00abLos beneficiarios del mencionado R\u00e9gimen son las asociaciones y federaciones de bomberos voluntarios, el Consejo de Federaciones de Bomberos Voluntarios de la Rep\u00fablica Argentina y la Fundaci\u00f3n Bomberos de Argentina, como entidades conformantes del Sistema Nacional de Bomberos Voluntarios establecido por la Ley N\u00b0 25.054 y sus modificatorias, y los inmuebles que funcionen de forma permanente como oficinas administrativas, cuarteles y\/o destacamentos operativos de los mismos\u00bb, explica el decreto.<\/p>\n\n\n\n<p class=\"wp-block-paragraph\">Y argumenta: \u00abDada la criticidad que presentan los servicios p\u00fablicos mencionados para el funcionamiento cotidiano del servicio de Bomberos Voluntarios, resulta necesario reglamentar el citado Cap\u00edtulo I de la Ley N\u00b0 27.629, con el fin de lograr su efectiva aplicaci\u00f3n\u00bb.<\/p>\n\n\n\n<p class=\"wp-block-paragraph\">\u00abEn ese entendimiento deviene imprescindible lograr la coordinaci\u00f3n y complementaci\u00f3n del accionar de los distintos actores de la Administraci\u00f3n P\u00fablica Nacional de manera tal de cumplir con los objetivos tenidos en miras al sancionar dicha ley\u00bb, se sostiene en los considerando del decreto.<\/p>\n\n\n\n<p class=\"wp-block-paragraph\">En este camino, se estableci\u00f3 que la autoridad de aplicaci\u00f3n emitir\u00e1 una constancia de inscripci\u00f3n en el Registro Nacional de Entidades de Bomberos Voluntarios y Organizaciones No Gubernamentales, conforme los requisitos que determinen los respectivos Entes Reguladores en ejercicio de sus facultades.<\/p>\n\n\n\n<p class=\"wp-block-paragraph\">Tambi\u00e9n se instruy\u00f3 a los Entes Reguladores de servicios p\u00fablicos a garantizar que la calidad y las condiciones del servicio p\u00fablico brindado bajo el R\u00e9gimen Tarifario Especial Gratuito a los sujetos beneficiarios del mismo resulten equivalentes a las que reciben el resto de los usuarios.<\/p>\n","protected":false},"excerpt":{"rendered":"<p>Se trata de un beneficio incluido en la Ley de Fortalecimiento del Sistema Nacional de Bomberos Voluntarios, promulgada en junio del 2021. A trav\u00e9s del decreto 23\/2023 publicado este martes en el Bolet\u00edn Oficial, el Gobierno nacional instruy\u00f3 la implementaci\u00f3n del R\u00e9gimen Tarifario Especial Gratuito, instituido en el Cap\u00edtulo I de la Ley de Fortalecimiento [&hellip;]<\/p>\n","protected":false},"author":2,"featured_media":21871,"comment_status":"open","ping_status":"open","sticky":false,"template":"","format":"standard","meta":{"footnotes":""},"categories":[35],"tags":[],"class_list":["post-21870","post","type-post","status-publish","format-standard","has-post-thumbnail","hentry","category-informacion-general"],"yoast_head":"<!-- This site is optimized with the Yoast SEO plugin v28.4 - https:\/\/yoast.com\/product\/yoast-seo-wordpress\/ -->\n<title>El Gobierno implement\u00f3 el R\u00e9gimen Tarifario Especial Gratuito a asociaciones de bomberos | CVI NOTICIAS<\/title>\n<meta name=\"robots\" content=\"index, follow, max-snippet:-1, max-image-preview:large, max-video-preview:-1\" \/>\n<link rel=\"canonical\" href=\"https:\/\/cvinoticias.com\/v3\/el-gobierno-implemento-el-regimen-tarifario-especial-gratuito-a-asociaciones-de-bomberos\/\" \/>\n<meta property=\"og:locale\" content=\"es_ES\" \/>\n<meta property=\"og:type\" content=\"article\" \/>\n<meta property=\"og:title\" content=\"El Gobierno implement\u00f3 el R\u00e9gimen Tarifario Especial Gratuito a asociaciones de bomberos | CVI NOTICIAS\" \/>\n<meta property=\"og:description\" content=\"Se trata de un beneficio incluido en la Ley de Fortalecimiento del Sistema Nacional de Bomberos Voluntarios, promulgada en junio del 2021. A trav\u00e9s del decreto 23\/2023 publicado este martes en el Bolet\u00edn Oficial, el Gobierno nacional instruy\u00f3 la implementaci\u00f3n del R\u00e9gimen Tarifario Especial Gratuito, instituido en el Cap\u00edtulo I de la Ley de Fortalecimiento [&hellip;]\" \/>\n<meta property=\"og:url\" content=\"https:\/\/cvinoticias.com\/v3\/el-gobierno-implemento-el-regimen-tarifario-especial-gratuito-a-asociaciones-de-bomberos\/\" \/>\n<meta property=\"og:site_name\" content=\"CVI NOTICIAS\" \/>\n<meta property=\"article:publisher\" content=\"https:\/\/www.facebook.com\/cvinoticias\" \/>\n<meta property=\"article:published_time\" content=\"2023-01-17T11:52:53+00:00\" \/>\n<meta property=\"og:image\" content=\"https:\/\/cvinoticias.com\/wp-content\/uploads\/2023\/01\/bomberos-puerto-iguazu.jpg\" \/>\n\t<meta property=\"og:image:width\" content=\"474\" \/>\n\t<meta property=\"og:image:height\" content=\"244\" \/>\n\t<meta property=\"og:image:type\" content=\"image\/jpeg\" \/>\n<meta name=\"author\" content=\"f1000024\" \/>\n<meta name=\"twitter:card\" content=\"summary_large_image\" \/>\n<meta name=\"twitter:label1\" content=\"Escrito por\" \/>\n\t<meta name=\"twitter:data1\" content=\"f1000024\" \/>\n\t<meta name=\"twitter:label2\" content=\"Tiempo de lectura\" \/>\n\t<meta name=\"twitter:data2\" content=\"2 minutos\" \/>\n<script type=\"application\/ld+json\" class=\"yoast-schema-graph\">{\"@context\":\"https:\\\/\\\/schema.org\",\"@graph\":[{\"@type\":\"Article\",\"@id\":\"https:\\\/\\\/cvinoticias.com\\\/v3\\\/el-gobierno-implemento-el-regimen-tarifario-especial-gratuito-a-asociaciones-de-bomberos\\\/#article\",\"isPartOf\":{\"@id\":\"https:\\\/\\\/cvinoticias.com\\\/v3\\\/el-gobierno-implemento-el-regimen-tarifario-especial-gratuito-a-asociaciones-de-bomberos\\\/\"},\"author\":{\"name\":\"f1000024\",\"@id\":\"https:\\\/\\\/cvinoticias.com\\\/v3\\\/#\\\/schema\\\/person\\\/2db77e3c6bc03c538495d7b2b8be9b66\"},\"headline\":\"El Gobierno implement\u00f3 el R\u00e9gimen Tarifario Especial Gratuito a asociaciones de bomberos\",\"datePublished\":\"2023-01-17T11:52:53+00:00\",\"mainEntityOfPage\":{\"@id\":\"https:\\\/\\\/cvinoticias.com\\\/v3\\\/el-gobierno-implemento-el-regimen-tarifario-especial-gratuito-a-asociaciones-de-bomberos\\\/\"},\"wordCount\":346,\"commentCount\":0,\"publisher\":{\"@id\":\"https:\\\/\\\/cvinoticias.com\\\/v3\\\/#organization\"},\"image\":{\"@id\":\"https:\\\/\\\/cvinoticias.com\\\/v3\\\/el-gobierno-implemento-el-regimen-tarifario-especial-gratuito-a-asociaciones-de-bomberos\\\/#primaryimage\"},\"thumbnailUrl\":\"https:\\\/\\\/cvinoticias.com\\\/wp-content\\\/uploads\\\/2023\\\/01\\\/bomberos-puerto-iguazu.jpg\",\"articleSection\":[\"Informaci\u00f3n General\"],\"inLanguage\":\"es\",\"potentialAction\":[{\"@type\":\"CommentAction\",\"name\":\"Comment\",\"target\":[\"https:\\\/\\\/cvinoticias.com\\\/v3\\\/el-gobierno-implemento-el-regimen-tarifario-especial-gratuito-a-asociaciones-de-bomberos\\\/#respond\"]}]},{\"@type\":\"WebPage\",\"@id\":\"https:\\\/\\\/cvinoticias.com\\\/v3\\\/el-gobierno-implemento-el-regimen-tarifario-especial-gratuito-a-asociaciones-de-bomberos\\\/\",\"url\":\"https:\\\/\\\/cvinoticias.com\\\/v3\\\/el-gobierno-implemento-el-regimen-tarifario-especial-gratuito-a-asociaciones-de-bomberos\\\/\",\"name\":\"El Gobierno implement\u00f3 el R\u00e9gimen Tarifario Especial Gratuito a asociaciones de bomberos | CVI NOTICIAS\",\"isPartOf\":{\"@id\":\"https:\\\/\\\/cvinoticias.com\\\/v3\\\/#website\"},\"primaryImageOfPage\":{\"@id\":\"https:\\\/\\\/cvinoticias.com\\\/v3\\\/el-gobierno-implemento-el-regimen-tarifario-especial-gratuito-a-asociaciones-de-bomberos\\\/#primaryimage\"},\"image\":{\"@id\":\"https:\\\/\\\/cvinoticias.com\\\/v3\\\/el-gobierno-implemento-el-regimen-tarifario-especial-gratuito-a-asociaciones-de-bomberos\\\/#primaryimage\"},\"thumbnailUrl\":\"https:\\\/\\\/cvinoticias.com\\\/wp-content\\\/uploads\\\/2023\\\/01\\\/bomberos-puerto-iguazu.jpg\",\"datePublished\":\"2023-01-17T11:52:53+00:00\",\"breadcrumb\":{\"@id\":\"https:\\\/\\\/cvinoticias.com\\\/v3\\\/el-gobierno-implemento-el-regimen-tarifario-especial-gratuito-a-asociaciones-de-bomberos\\\/#breadcrumb\"},\"inLanguage\":\"es\",\"potentialAction\":[{\"@type\":\"ReadAction\",\"target\":[\"https:\\\/\\\/cvinoticias.com\\\/v3\\\/el-gobierno-implemento-el-regimen-tarifario-especial-gratuito-a-asociaciones-de-bomberos\\\/\"]}]},{\"@type\":\"ImageObject\",\"inLanguage\":\"es\",\"@id\":\"https:\\\/\\\/cvinoticias.com\\\/v3\\\/el-gobierno-implemento-el-regimen-tarifario-especial-gratuito-a-asociaciones-de-bomberos\\\/#primaryimage\",\"url\":\"https:\\\/\\\/cvinoticias.com\\\/wp-content\\\/uploads\\\/2023\\\/01\\\/bomberos-puerto-iguazu.jpg\",\"contentUrl\":\"https:\\\/\\\/cvinoticias.com\\\/wp-content\\\/uploads\\\/2023\\\/01\\\/bomberos-puerto-iguazu.jpg\",\"width\":474,\"height\":244},{\"@type\":\"BreadcrumbList\",\"@id\":\"https:\\\/\\\/cvinoticias.com\\\/v3\\\/el-gobierno-implemento-el-regimen-tarifario-especial-gratuito-a-asociaciones-de-bomberos\\\/#breadcrumb\",\"itemListElement\":[{\"@type\":\"ListItem\",\"position\":1,\"name\":\"Portada\",\"item\":\"https:\\\/\\\/cvinoticias.com\\\/v3\\\/\"},{\"@type\":\"ListItem\",\"position\":2,\"name\":\"El Gobierno implement\u00f3 el R\u00e9gimen Tarifario Especial Gratuito a asociaciones de bomberos\"}]},{\"@type\":\"WebSite\",\"@id\":\"https:\\\/\\\/cvinoticias.com\\\/v3\\\/#website\",\"url\":\"https:\\\/\\\/cvinoticias.com\\\/v3\\\/\",\"name\":\"CVI NOTICIAS\",\"description\":\"\",\"publisher\":{\"@id\":\"https:\\\/\\\/cvinoticias.com\\\/v3\\\/#organization\"},\"alternateName\":\"CVI\",\"potentialAction\":[{\"@type\":\"SearchAction\",\"target\":{\"@type\":\"EntryPoint\",\"urlTemplate\":\"https:\\\/\\\/cvinoticias.com\\\/v3\\\/?s={search_term_string}\"},\"query-input\":{\"@type\":\"PropertyValueSpecification\",\"valueRequired\":true,\"valueName\":\"search_term_string\"}}],\"inLanguage\":\"es\"},{\"@type\":\"Organization\",\"@id\":\"https:\\\/\\\/cvinoticias.com\\\/v3\\\/#organization\",\"name\":\"CVI NOTICIAS\",\"url\":\"https:\\\/\\\/cvinoticias.com\\\/v3\\\/\",\"logo\":{\"@type\":\"ImageObject\",\"inLanguage\":\"es\",\"@id\":\"https:\\\/\\\/cvinoticias.com\\\/v3\\\/#\\\/schema\\\/logo\\\/image\\\/\",\"url\":\"https:\\\/\\\/cvinoticias.com\\\/wp-content\\\/uploads\\\/2023\\\/04\\\/cropped-cropped-cropped-cropped-cropped-3-1.png\",\"contentUrl\":\"https:\\\/\\\/cvinoticias.com\\\/wp-content\\\/uploads\\\/2023\\\/04\\\/cropped-cropped-cropped-cropped-cropped-3-1.png\",\"width\":95,\"height\":122,\"caption\":\"CVI NOTICIAS\"},\"image\":{\"@id\":\"https:\\\/\\\/cvinoticias.com\\\/v3\\\/#\\\/schema\\\/logo\\\/image\\\/\"},\"sameAs\":[\"https:\\\/\\\/www.facebook.com\\\/cvinoticias\",\"https:\\\/\\\/www.instagram.com\\\/cvinoticias\\\/\",\"https:\\\/\\\/www.youtube.com\\\/@CVINOTICIAS\"]},{\"@type\":\"Person\",\"@id\":\"https:\\\/\\\/cvinoticias.com\\\/v3\\\/#\\\/schema\\\/person\\\/2db77e3c6bc03c538495d7b2b8be9b66\",\"name\":\"f1000024\",\"image\":{\"@type\":\"ImageObject\",\"inLanguage\":\"es\",\"@id\":\"https:\\\/\\\/secure.gravatar.com\\\/avatar\\\/d4fe7459cfc51ff5129ce1a732bbef5928568b8092d412ef95611616376bbeed?s=96&d=mm&r=g\",\"url\":\"https:\\\/\\\/secure.gravatar.com\\\/avatar\\\/d4fe7459cfc51ff5129ce1a732bbef5928568b8092d412ef95611616376bbeed?s=96&d=mm&r=g\",\"contentUrl\":\"https:\\\/\\\/secure.gravatar.com\\\/avatar\\\/d4fe7459cfc51ff5129ce1a732bbef5928568b8092d412ef95611616376bbeed?s=96&d=mm&r=g\",\"caption\":\"f1000024\"},\"url\":\"https:\\\/\\\/cvinoticias.com\\\/v3\\\/author\\\/f1000024\\\/\"}]}<\/script>\n<!-- \/ Yoast SEO plugin. -->","yoast_head_json":{"title":"El Gobierno implement\u00f3 el R\u00e9gimen Tarifario Especial Gratuito a asociaciones de bomberos | CVI NOTICIAS","robots":{"index":"index","follow":"follow","max-snippet":"max-snippet:-1","max-image-preview":"max-image-preview:large","max-video-preview":"max-video-preview:-1"},"canonical":"https:\/\/cvinoticias.com\/v3\/el-gobierno-implemento-el-regimen-tarifario-especial-gratuito-a-asociaciones-de-bomberos\/","og_locale":"es_ES","og_type":"article","og_title":"El Gobierno implement\u00f3 el R\u00e9gimen Tarifario Especial Gratuito a asociaciones de bomberos | CVI NOTICIAS","og_description":"Se trata de un beneficio incluido en la Ley de Fortalecimiento del Sistema Nacional de Bomberos Voluntarios, promulgada en junio del 2021. A trav\u00e9s del decreto 23\/2023 publicado este martes en el Bolet\u00edn Oficial, el Gobierno nacional instruy\u00f3 la implementaci\u00f3n del R\u00e9gimen Tarifario Especial Gratuito, instituido en el Cap\u00edtulo I de la Ley de Fortalecimiento [&hellip;]","og_url":"https:\/\/cvinoticias.com\/v3\/el-gobierno-implemento-el-regimen-tarifario-especial-gratuito-a-asociaciones-de-bomberos\/","og_site_name":"CVI NOTICIAS","article_publisher":"https:\/\/www.facebook.com\/cvinoticias","article_published_time":"2023-01-17T11:52:53+00:00","og_image":[{"width":474,"height":244,"url":"https:\/\/cvinoticias.com\/wp-content\/uploads\/2023\/01\/bomberos-puerto-iguazu.jpg","type":"image\/jpeg"}],"author":"f1000024","twitter_card":"summary_large_image","twitter_misc":{"Escrito por":"f1000024","Tiempo de lectura":"2 minutos"},"schema":{"@context":"https:\/\/schema.org","@graph":[{"@type":"Article","@id":"https:\/\/cvinoticias.com\/v3\/el-gobierno-implemento-el-regimen-tarifario-especial-gratuito-a-asociaciones-de-bomberos\/#article","isPartOf":{"@id":"https:\/\/cvinoticias.com\/v3\/el-gobierno-implemento-el-regimen-tarifario-especial-gratuito-a-asociaciones-de-bomberos\/"},"author":{"name":"f1000024","@id":"https:\/\/cvinoticias.com\/v3\/#\/schema\/person\/2db77e3c6bc03c538495d7b2b8be9b66"},"headline":"El Gobierno implement\u00f3 el R\u00e9gimen Tarifario Especial Gratuito a asociaciones de bomberos","datePublished":"2023-01-17T11:52:53+00:00","mainEntityOfPage":{"@id":"https:\/\/cvinoticias.com\/v3\/el-gobierno-implemento-el-regimen-tarifario-especial-gratuito-a-asociaciones-de-bomberos\/"},"wordCount":346,"commentCount":0,"publisher":{"@id":"https:\/\/cvinoticias.com\/v3\/#organization"},"image":{"@id":"https:\/\/cvinoticias.com\/v3\/el-gobierno-implemento-el-regimen-tarifario-especial-gratuito-a-asociaciones-de-bomberos\/#primaryimage"},"thumbnailUrl":"https:\/\/cvinoticias.com\/wp-content\/uploads\/2023\/01\/bomberos-puerto-iguazu.jpg","articleSection":["Informaci\u00f3n General"],"inLanguage":"es","potentialAction":[{"@type":"CommentAction","name":"Comment","target":["https:\/\/cvinoticias.com\/v3\/el-gobierno-implemento-el-regimen-tarifario-especial-gratuito-a-asociaciones-de-bomberos\/#respond"]}]},{"@type":"WebPage","@id":"https:\/\/cvinoticias.com\/v3\/el-gobierno-implemento-el-regimen-tarifario-especial-gratuito-a-asociaciones-de-bomberos\/","url":"https:\/\/cvinoticias.com\/v3\/el-gobierno-implemento-el-regimen-tarifario-especial-gratuito-a-asociaciones-de-bomberos\/","name":"El Gobierno implement\u00f3 el R\u00e9gimen Tarifario Especial Gratuito a asociaciones de bomberos | CVI NOTICIAS","isPartOf":{"@id":"https:\/\/cvinoticias.com\/v3\/#website"},"primaryImageOfPage":{"@id":"https:\/\/cvinoticias.com\/v3\/el-gobierno-implemento-el-regimen-tarifario-especial-gratuito-a-asociaciones-de-bomberos\/#primaryimage"},"image":{"@id":"https:\/\/cvinoticias.com\/v3\/el-gobierno-implemento-el-regimen-tarifario-especial-gratuito-a-asociaciones-de-bomberos\/#primaryimage"},"thumbnailUrl":"https:\/\/cvinoticias.com\/wp-content\/uploads\/2023\/01\/bomberos-puerto-iguazu.jpg","datePublished":"2023-01-17T11:52:53+00:00","breadcrumb":{"@id":"https:\/\/cvinoticias.com\/v3\/el-gobierno-implemento-el-regimen-tarifario-especial-gratuito-a-asociaciones-de-bomberos\/#breadcrumb"},"inLanguage":"es","potentialAction":[{"@type":"ReadAction","target":["https:\/\/cvinoticias.com\/v3\/el-gobierno-implemento-el-regimen-tarifario-especial-gratuito-a-asociaciones-de-bomberos\/"]}]},{"@type":"ImageObject","inLanguage":"es","@id":"https:\/\/cvinoticias.com\/v3\/el-gobierno-implemento-el-regimen-tarifario-especial-gratuito-a-asociaciones-de-bomberos\/#primaryimage","url":"https:\/\/cvinoticias.com\/wp-content\/uploads\/2023\/01\/bomberos-puerto-iguazu.jpg","contentUrl":"https:\/\/cvinoticias.com\/wp-content\/uploads\/2023\/01\/bomberos-puerto-iguazu.jpg","width":474,"height":244},{"@type":"BreadcrumbList","@id":"https:\/\/cvinoticias.com\/v3\/el-gobierno-implemento-el-regimen-tarifario-especial-gratuito-a-asociaciones-de-bomberos\/#breadcrumb","itemListElement":[{"@type":"ListItem","position":1,"name":"Portada","item":"https:\/\/cvinoticias.com\/v3\/"},{"@type":"ListItem","position":2,"name":"El Gobierno implement\u00f3 el R\u00e9gimen Tarifario Especial Gratuito a asociaciones de bomberos"}]},{"@type":"WebSite","@id":"https:\/\/cvinoticias.com\/v3\/#website","url":"https:\/\/cvinoticias.com\/v3\/","name":"CVI NOTICIAS","description":"","publisher":{"@id":"https:\/\/cvinoticias.com\/v3\/#organization"},"alternateName":"CVI","potentialAction":[{"@type":"SearchAction","target":{"@type":"EntryPoint","urlTemplate":"https:\/\/cvinoticias.com\/v3\/?s={search_term_string}"},"query-input":{"@type":"PropertyValueSpecification","valueRequired":true,"valueName":"search_term_string"}}],"inLanguage":"es"},{"@type":"Organization","@id":"https:\/\/cvinoticias.com\/v3\/#organization","name":"CVI NOTICIAS","url":"https:\/\/cvinoticias.com\/v3\/","logo":{"@type":"ImageObject","inLanguage":"es","@id":"https:\/\/cvinoticias.com\/v3\/#\/schema\/logo\/image\/","url":"https:\/\/cvinoticias.com\/wp-content\/uploads\/2023\/04\/cropped-cropped-cropped-cropped-cropped-3-1.png","contentUrl":"https:\/\/cvinoticias.com\/wp-content\/uploads\/2023\/04\/cropped-cropped-cropped-cropped-cropped-3-1.png","width":95,"height":122,"caption":"CVI NOTICIAS"},"image":{"@id":"https:\/\/cvinoticias.com\/v3\/#\/schema\/logo\/image\/"},"sameAs":["https:\/\/www.facebook.com\/cvinoticias","https:\/\/www.instagram.com\/cvinoticias\/","https:\/\/www.youtube.com\/@CVINOTICIAS"]},{"@type":"Person","@id":"https:\/\/cvinoticias.com\/v3\/#\/schema\/person\/2db77e3c6bc03c538495d7b2b8be9b66","name":"f1000024","image":{"@type":"ImageObject","inLanguage":"es","@id":"https:\/\/secure.gravatar.com\/avatar\/d4fe7459cfc51ff5129ce1a732bbef5928568b8092d412ef95611616376bbeed?s=96&d=mm&r=g","url":"https:\/\/secure.gravatar.com\/avatar\/d4fe7459cfc51ff5129ce1a732bbef5928568b8092d412ef95611616376bbeed?s=96&d=mm&r=g","contentUrl":"https:\/\/secure.gravatar.com\/avatar\/d4fe7459cfc51ff5129ce1a732bbef5928568b8092d412ef95611616376bbeed?s=96&d=mm&r=g","caption":"f1000024"},"url":"https:\/\/cvinoticias.com\/v3\/author\/f1000024\/"}]}},"_links":{"self":[{"href":"https:\/\/cvinoticias.com\/v3\/wp-json\/wp\/v2\/posts\/21870","targetHints":{"allow":["GET"]}}],"collection":[{"href":"https:\/\/cvinoticias.com\/v3\/wp-json\/wp\/v2\/posts"}],"about":[{"href":"https:\/\/cvinoticias.com\/v3\/wp-json\/wp\/v2\/types\/post"}],"author":[{"embeddable":true,"href":"https:\/\/cvinoticias.com\/v3\/wp-json\/wp\/v2\/users\/2"}],"replies":[{"embeddable":true,"href":"https:\/\/cvinoticias.com\/v3\/wp-json\/wp\/v2\/comments?post=21870"}],"version-history":[{"count":1,"href":"https:\/\/cvinoticias.com\/v3\/wp-json\/wp\/v2\/posts\/21870\/revisions"}],"predecessor-version":[{"id":21872,"href":"https:\/\/cvinoticias.com\/v3\/wp-json\/wp\/v2\/posts\/21870\/revisions\/21872"}],"wp:featuredmedia":[{"embeddable":true,"href":"https:\/\/cvinoticias.com\/v3\/wp-json\/wp\/v2\/media\/21871"}],"wp:attachment":[{"href":"https:\/\/cvinoticias.com\/v3\/wp-json\/wp\/v2\/media?parent=21870"}],"wp:term":[{"taxonomy":"category","embeddable":true,"href":"https:\/\/cvinoticias.com\/v3\/wp-json\/wp\/v2\/categories?post=21870"},{"taxonomy":"post_tag","embeddable":true,"href":"https:\/\/cvinoticias.com\/v3\/wp-json\/wp\/v2\/tags?post=21870"}],"curies":[{"name":"wp","href":"https:\/\/api.w.org\/{rel}","templated":true}]}}