{"id":21861,"date":"2023-01-17T11:22:29","date_gmt":"2023-01-17T11:22:29","guid":{"rendered":"https:\/\/cvinoticias.com\/v3\/?p=21861"},"modified":"2023-01-17T11:22:29","modified_gmt":"2023-01-17T11:22:29","slug":"encontraron-sin-vida-a-una-nena-de-12-anos-en-santa-fe-y-su-familia-dice-que-murio-por-un-reto-viral-de-tiktok","status":"publish","type":"post","link":"https:\/\/cvinoticias.com\/v3\/encontraron-sin-vida-a-una-nena-de-12-anos-en-santa-fe-y-su-familia-dice-que-murio-por-un-reto-viral-de-tiktok\/","title":{"rendered":"Encontraron sin vida a una nena de 12 a\u00f1os en Santa Fe y su familia dice que muri\u00f3 por un reto viral de TikTok"},"content":{"rendered":"\n<p><strong><em>Ocurri\u00f3 en la zona de Capit\u00e1n Berm\u00fadez. Los investigadores no detectaron signos de abuso ni participaci\u00f3n de terceros. El caso se conoci\u00f3 por la publicaci\u00f3n de un familiar en la redes sociales.<\/em><\/strong><\/p>\n\n\n\n<p>Una menor de 12 a\u00f1os oriunda de Capit\u00e1n Berm\u00fadez, provincia de Santa Fe, muri\u00f3 en su dormitorio de su casa de la zona de Barrio Celulosa el viernes pasado. La familia de la v\u00edctima asegur\u00f3 que la muerte fue producto de realizar un reto viral de TikTok, conocido como \u201cblackout challenge\u201d (\u201cel desaf\u00edo del apag\u00f3n o del desmayo\u201d).<\/p>\n\n\n\n<p>La t\u00eda de la v\u00edctima, Laura Luque, fue quien alert\u00f3 sobre el hecho con una publicaci\u00f3n en Facebook. \u201cHola a todos. Mi nombre es Lali. Hago p\u00fablico esto que estoy viviendo. Ella es Milagros, mi sobrinita, quien hoy (por el \u00faltimo viernes) perdi\u00f3 la vida haciendo un reto de TikTok. Por favor pido que compartan. Mi familia y yo no tenemos consuelo\u201d, public\u00f3 la mujer junto con una foto de la ni\u00f1a.<\/p>\n\n\n\n<p>La investigaci\u00f3n est\u00e1 a cargo de Juan Ledesma, titular de la Fiscal\u00eda de San Lorenzo con jurisdicci\u00f3n en la zona, bajo la hip\u00f3tesis de un presunto suicidio. La autopsia al cuerpo determin\u00f3 que la ni\u00f1a falleci\u00f3 a causa de una asfixia mec\u00e1nica producida por un ahorcamiento y no se detectaron signos de abuso ni participaci\u00f3n de terceros. La Justicia secuestr\u00f3 el celular de la menor, que se encontraba en su dormitorio y que podr\u00e1 ser sujeto a pericias para determinar conversaciones previas.<\/p>\n\n\n\n<p>Qu\u00e9 motiv\u00f3 la muerte, por lo pronto, es algo que los investigadores desconocen, aseguran fuentes con acceso al expediente.<\/p>\n\n\n\n<p>La Agencia de Investigaci\u00f3n Criminal tambi\u00e9n intervino en la escena tras el hallazgo, junto con un servicio local de emergencias.<\/p>\n","protected":false},"excerpt":{"rendered":"<p>Ocurri\u00f3 en la zona de Capit\u00e1n Berm\u00fadez. Los investigadores no detectaron signos de abuso ni participaci\u00f3n de terceros. El caso se conoci\u00f3 por la publicaci\u00f3n de un familiar en la redes sociales. Una menor de 12 a\u00f1os oriunda de Capit\u00e1n Berm\u00fadez, provincia de Santa Fe, muri\u00f3 en su dormitorio de su casa de la zona [&hellip;]<\/p>\n","protected":false},"author":2,"featured_media":21862,"comment_status":"open","ping_status":"open","sticky":false,"template":"","format":"standard","meta":{"footnotes":""},"categories":[39],"tags":[],"class_list":["post-21861","post","type-post","status-publish","format-standard","has-post-thumbnail","hentry","category-nacionales"],"yoast_head":"<!-- This site is optimized with the Yoast SEO plugin v27.5 - https:\/\/yoast.com\/product\/yoast-seo-wordpress\/ -->\n<title>Encontraron sin vida a una nena de 12 a\u00f1os en Santa Fe y su familia dice que muri\u00f3 por un reto viral de TikTok | CVI NOTICIAS<\/title>\n<meta name=\"robots\" content=\"index, follow, max-snippet:-1, max-image-preview:large, max-video-preview:-1\" \/>\n<link rel=\"canonical\" href=\"https:\/\/cvinoticias.com\/v3\/encontraron-sin-vida-a-una-nena-de-12-anos-en-santa-fe-y-su-familia-dice-que-murio-por-un-reto-viral-de-tiktok\/\" \/>\n<meta property=\"og:locale\" content=\"es_ES\" \/>\n<meta property=\"og:type\" content=\"article\" \/>\n<meta property=\"og:title\" content=\"Encontraron sin vida a una nena de 12 a\u00f1os en Santa Fe y su familia dice que muri\u00f3 por un reto viral de TikTok | CVI NOTICIAS\" \/>\n<meta property=\"og:description\" content=\"Ocurri\u00f3 en la zona de Capit\u00e1n Berm\u00fadez. Los investigadores no detectaron signos de abuso ni participaci\u00f3n de terceros. El caso se conoci\u00f3 por la publicaci\u00f3n de un familiar en la redes sociales. Una menor de 12 a\u00f1os oriunda de Capit\u00e1n Berm\u00fadez, provincia de Santa Fe, muri\u00f3 en su dormitorio de su casa de la zona [&hellip;]\" \/>\n<meta property=\"og:url\" content=\"https:\/\/cvinoticias.com\/v3\/encontraron-sin-vida-a-una-nena-de-12-anos-en-santa-fe-y-su-familia-dice-que-murio-por-un-reto-viral-de-tiktok\/\" \/>\n<meta property=\"og:site_name\" content=\"CVI NOTICIAS\" \/>\n<meta property=\"article:publisher\" content=\"https:\/\/www.facebook.com\/cvinoticias\" \/>\n<meta property=\"article:published_time\" content=\"2023-01-17T11:22:29+00:00\" \/>\n<meta property=\"og:image\" content=\"https:\/\/cvinoticias.com\/wp-content\/uploads\/2023\/01\/Screenshot_20230117-082124_Facebook.jpg\" \/>\n\t<meta property=\"og:image:width\" content=\"1080\" \/>\n\t<meta property=\"og:image:height\" content=\"660\" \/>\n\t<meta property=\"og:image:type\" content=\"image\/jpeg\" \/>\n<meta name=\"author\" content=\"f1000024\" \/>\n<meta name=\"twitter:card\" content=\"summary_large_image\" \/>\n<meta name=\"twitter:label1\" content=\"Escrito por\" \/>\n\t<meta name=\"twitter:data1\" content=\"f1000024\" \/>\n\t<meta name=\"twitter:label2\" content=\"Tiempo de lectura\" \/>\n\t<meta name=\"twitter:data2\" content=\"2 minutos\" \/>\n<script type=\"application\/ld+json\" class=\"yoast-schema-graph\">{\"@context\":\"https:\\\/\\\/schema.org\",\"@graph\":[{\"@type\":\"Article\",\"@id\":\"https:\\\/\\\/cvinoticias.com\\\/v3\\\/encontraron-sin-vida-a-una-nena-de-12-anos-en-santa-fe-y-su-familia-dice-que-murio-por-un-reto-viral-de-tiktok\\\/#article\",\"isPartOf\":{\"@id\":\"https:\\\/\\\/cvinoticias.com\\\/v3\\\/encontraron-sin-vida-a-una-nena-de-12-anos-en-santa-fe-y-su-familia-dice-que-murio-por-un-reto-viral-de-tiktok\\\/\"},\"author\":{\"name\":\"f1000024\",\"@id\":\"https:\\\/\\\/cvinoticias.com\\\/v3\\\/#\\\/schema\\\/person\\\/2db77e3c6bc03c538495d7b2b8be9b66\"},\"headline\":\"Encontraron sin vida a una nena de 12 a\u00f1os en Santa Fe y su familia dice que muri\u00f3 por un reto viral de TikTok\",\"datePublished\":\"2023-01-17T11:22:29+00:00\",\"mainEntityOfPage\":{\"@id\":\"https:\\\/\\\/cvinoticias.com\\\/v3\\\/encontraron-sin-vida-a-una-nena-de-12-anos-en-santa-fe-y-su-familia-dice-que-murio-por-un-reto-viral-de-tiktok\\\/\"},\"wordCount\":330,\"commentCount\":0,\"publisher\":{\"@id\":\"https:\\\/\\\/cvinoticias.com\\\/v3\\\/#organization\"},\"image\":{\"@id\":\"https:\\\/\\\/cvinoticias.com\\\/v3\\\/encontraron-sin-vida-a-una-nena-de-12-anos-en-santa-fe-y-su-familia-dice-que-murio-por-un-reto-viral-de-tiktok\\\/#primaryimage\"},\"thumbnailUrl\":\"https:\\\/\\\/cvinoticias.com\\\/wp-content\\\/uploads\\\/2023\\\/01\\\/Screenshot_20230117-082124_Facebook.jpg\",\"articleSection\":[\"Nacionales\"],\"inLanguage\":\"es\",\"potentialAction\":[{\"@type\":\"CommentAction\",\"name\":\"Comment\",\"target\":[\"https:\\\/\\\/cvinoticias.com\\\/v3\\\/encontraron-sin-vida-a-una-nena-de-12-anos-en-santa-fe-y-su-familia-dice-que-murio-por-un-reto-viral-de-tiktok\\\/#respond\"]}]},{\"@type\":\"WebPage\",\"@id\":\"https:\\\/\\\/cvinoticias.com\\\/v3\\\/encontraron-sin-vida-a-una-nena-de-12-anos-en-santa-fe-y-su-familia-dice-que-murio-por-un-reto-viral-de-tiktok\\\/\",\"url\":\"https:\\\/\\\/cvinoticias.com\\\/v3\\\/encontraron-sin-vida-a-una-nena-de-12-anos-en-santa-fe-y-su-familia-dice-que-murio-por-un-reto-viral-de-tiktok\\\/\",\"name\":\"Encontraron sin vida a una nena de 12 a\u00f1os en Santa Fe y su familia dice que muri\u00f3 por un reto viral de TikTok | CVI NOTICIAS\",\"isPartOf\":{\"@id\":\"https:\\\/\\\/cvinoticias.com\\\/v3\\\/#website\"},\"primaryImageOfPage\":{\"@id\":\"https:\\\/\\\/cvinoticias.com\\\/v3\\\/encontraron-sin-vida-a-una-nena-de-12-anos-en-santa-fe-y-su-familia-dice-que-murio-por-un-reto-viral-de-tiktok\\\/#primaryimage\"},\"image\":{\"@id\":\"https:\\\/\\\/cvinoticias.com\\\/v3\\\/encontraron-sin-vida-a-una-nena-de-12-anos-en-santa-fe-y-su-familia-dice-que-murio-por-un-reto-viral-de-tiktok\\\/#primaryimage\"},\"thumbnailUrl\":\"https:\\\/\\\/cvinoticias.com\\\/wp-content\\\/uploads\\\/2023\\\/01\\\/Screenshot_20230117-082124_Facebook.jpg\",\"datePublished\":\"2023-01-17T11:22:29+00:00\",\"breadcrumb\":{\"@id\":\"https:\\\/\\\/cvinoticias.com\\\/v3\\\/encontraron-sin-vida-a-una-nena-de-12-anos-en-santa-fe-y-su-familia-dice-que-murio-por-un-reto-viral-de-tiktok\\\/#breadcrumb\"},\"inLanguage\":\"es\",\"potentialAction\":[{\"@type\":\"ReadAction\",\"target\":[\"https:\\\/\\\/cvinoticias.com\\\/v3\\\/encontraron-sin-vida-a-una-nena-de-12-anos-en-santa-fe-y-su-familia-dice-que-murio-por-un-reto-viral-de-tiktok\\\/\"]}]},{\"@type\":\"ImageObject\",\"inLanguage\":\"es\",\"@id\":\"https:\\\/\\\/cvinoticias.com\\\/v3\\\/encontraron-sin-vida-a-una-nena-de-12-anos-en-santa-fe-y-su-familia-dice-que-murio-por-un-reto-viral-de-tiktok\\\/#primaryimage\",\"url\":\"https:\\\/\\\/cvinoticias.com\\\/wp-content\\\/uploads\\\/2023\\\/01\\\/Screenshot_20230117-082124_Facebook.jpg\",\"contentUrl\":\"https:\\\/\\\/cvinoticias.com\\\/wp-content\\\/uploads\\\/2023\\\/01\\\/Screenshot_20230117-082124_Facebook.jpg\",\"width\":1080,\"height\":660},{\"@type\":\"BreadcrumbList\",\"@id\":\"https:\\\/\\\/cvinoticias.com\\\/v3\\\/encontraron-sin-vida-a-una-nena-de-12-anos-en-santa-fe-y-su-familia-dice-que-murio-por-un-reto-viral-de-tiktok\\\/#breadcrumb\",\"itemListElement\":[{\"@type\":\"ListItem\",\"position\":1,\"name\":\"Portada\",\"item\":\"https:\\\/\\\/cvinoticias.com\\\/v3\\\/\"},{\"@type\":\"ListItem\",\"position\":2,\"name\":\"Encontraron sin vida a una nena de 12 a\u00f1os en Santa Fe y su familia dice que muri\u00f3 por un reto viral de TikTok\"}]},{\"@type\":\"WebSite\",\"@id\":\"https:\\\/\\\/cvinoticias.com\\\/v3\\\/#website\",\"url\":\"https:\\\/\\\/cvinoticias.com\\\/v3\\\/\",\"name\":\"CVI NOTICIAS\",\"description\":\"\",\"publisher\":{\"@id\":\"https:\\\/\\\/cvinoticias.com\\\/v3\\\/#organization\"},\"alternateName\":\"CVI\",\"potentialAction\":[{\"@type\":\"SearchAction\",\"target\":{\"@type\":\"EntryPoint\",\"urlTemplate\":\"https:\\\/\\\/cvinoticias.com\\\/v3\\\/?s={search_term_string}\"},\"query-input\":{\"@type\":\"PropertyValueSpecification\",\"valueRequired\":true,\"valueName\":\"search_term_string\"}}],\"inLanguage\":\"es\"},{\"@type\":\"Organization\",\"@id\":\"https:\\\/\\\/cvinoticias.com\\\/v3\\\/#organization\",\"name\":\"CVI NOTICIAS\",\"url\":\"https:\\\/\\\/cvinoticias.com\\\/v3\\\/\",\"logo\":{\"@type\":\"ImageObject\",\"inLanguage\":\"es\",\"@id\":\"https:\\\/\\\/cvinoticias.com\\\/v3\\\/#\\\/schema\\\/logo\\\/image\\\/\",\"url\":\"https:\\\/\\\/cvinoticias.com\\\/wp-content\\\/uploads\\\/2023\\\/04\\\/cropped-cropped-cropped-cropped-cropped-3-1.png\",\"contentUrl\":\"https:\\\/\\\/cvinoticias.com\\\/wp-content\\\/uploads\\\/2023\\\/04\\\/cropped-cropped-cropped-cropped-cropped-3-1.png\",\"width\":95,\"height\":122,\"caption\":\"CVI NOTICIAS\"},\"image\":{\"@id\":\"https:\\\/\\\/cvinoticias.com\\\/v3\\\/#\\\/schema\\\/logo\\\/image\\\/\"},\"sameAs\":[\"https:\\\/\\\/www.facebook.com\\\/cvinoticias\",\"https:\\\/\\\/www.instagram.com\\\/cvinoticias\\\/\",\"https:\\\/\\\/www.youtube.com\\\/@CVINOTICIAS\"]},{\"@type\":\"Person\",\"@id\":\"https:\\\/\\\/cvinoticias.com\\\/v3\\\/#\\\/schema\\\/person\\\/2db77e3c6bc03c538495d7b2b8be9b66\",\"name\":\"f1000024\",\"image\":{\"@type\":\"ImageObject\",\"inLanguage\":\"es\",\"@id\":\"https:\\\/\\\/secure.gravatar.com\\\/avatar\\\/d4fe7459cfc51ff5129ce1a732bbef5928568b8092d412ef95611616376bbeed?s=96&d=mm&r=g\",\"url\":\"https:\\\/\\\/secure.gravatar.com\\\/avatar\\\/d4fe7459cfc51ff5129ce1a732bbef5928568b8092d412ef95611616376bbeed?s=96&d=mm&r=g\",\"contentUrl\":\"https:\\\/\\\/secure.gravatar.com\\\/avatar\\\/d4fe7459cfc51ff5129ce1a732bbef5928568b8092d412ef95611616376bbeed?s=96&d=mm&r=g\",\"caption\":\"f1000024\"},\"url\":\"https:\\\/\\\/cvinoticias.com\\\/v3\\\/author\\\/f1000024\\\/\"}]}<\/script>\n<!-- \/ Yoast SEO plugin. -->","yoast_head_json":{"title":"Encontraron sin vida a una nena de 12 a\u00f1os en Santa Fe y su familia dice que muri\u00f3 por un reto viral de TikTok | CVI NOTICIAS","robots":{"index":"index","follow":"follow","max-snippet":"max-snippet:-1","max-image-preview":"max-image-preview:large","max-video-preview":"max-video-preview:-1"},"canonical":"https:\/\/cvinoticias.com\/v3\/encontraron-sin-vida-a-una-nena-de-12-anos-en-santa-fe-y-su-familia-dice-que-murio-por-un-reto-viral-de-tiktok\/","og_locale":"es_ES","og_type":"article","og_title":"Encontraron sin vida a una nena de 12 a\u00f1os en Santa Fe y su familia dice que muri\u00f3 por un reto viral de TikTok | CVI NOTICIAS","og_description":"Ocurri\u00f3 en la zona de Capit\u00e1n Berm\u00fadez. Los investigadores no detectaron signos de abuso ni participaci\u00f3n de terceros. El caso se conoci\u00f3 por la publicaci\u00f3n de un familiar en la redes sociales. Una menor de 12 a\u00f1os oriunda de Capit\u00e1n Berm\u00fadez, provincia de Santa Fe, muri\u00f3 en su dormitorio de su casa de la zona [&hellip;]","og_url":"https:\/\/cvinoticias.com\/v3\/encontraron-sin-vida-a-una-nena-de-12-anos-en-santa-fe-y-su-familia-dice-que-murio-por-un-reto-viral-de-tiktok\/","og_site_name":"CVI NOTICIAS","article_publisher":"https:\/\/www.facebook.com\/cvinoticias","article_published_time":"2023-01-17T11:22:29+00:00","og_image":[{"width":1080,"height":660,"url":"https:\/\/cvinoticias.com\/wp-content\/uploads\/2023\/01\/Screenshot_20230117-082124_Facebook.jpg","type":"image\/jpeg"}],"author":"f1000024","twitter_card":"summary_large_image","twitter_misc":{"Escrito por":"f1000024","Tiempo de lectura":"2 minutos"},"schema":{"@context":"https:\/\/schema.org","@graph":[{"@type":"Article","@id":"https:\/\/cvinoticias.com\/v3\/encontraron-sin-vida-a-una-nena-de-12-anos-en-santa-fe-y-su-familia-dice-que-murio-por-un-reto-viral-de-tiktok\/#article","isPartOf":{"@id":"https:\/\/cvinoticias.com\/v3\/encontraron-sin-vida-a-una-nena-de-12-anos-en-santa-fe-y-su-familia-dice-que-murio-por-un-reto-viral-de-tiktok\/"},"author":{"name":"f1000024","@id":"https:\/\/cvinoticias.com\/v3\/#\/schema\/person\/2db77e3c6bc03c538495d7b2b8be9b66"},"headline":"Encontraron sin vida a una nena de 12 a\u00f1os en Santa Fe y su familia dice que muri\u00f3 por un reto viral de TikTok","datePublished":"2023-01-17T11:22:29+00:00","mainEntityOfPage":{"@id":"https:\/\/cvinoticias.com\/v3\/encontraron-sin-vida-a-una-nena-de-12-anos-en-santa-fe-y-su-familia-dice-que-murio-por-un-reto-viral-de-tiktok\/"},"wordCount":330,"commentCount":0,"publisher":{"@id":"https:\/\/cvinoticias.com\/v3\/#organization"},"image":{"@id":"https:\/\/cvinoticias.com\/v3\/encontraron-sin-vida-a-una-nena-de-12-anos-en-santa-fe-y-su-familia-dice-que-murio-por-un-reto-viral-de-tiktok\/#primaryimage"},"thumbnailUrl":"https:\/\/cvinoticias.com\/wp-content\/uploads\/2023\/01\/Screenshot_20230117-082124_Facebook.jpg","articleSection":["Nacionales"],"inLanguage":"es","potentialAction":[{"@type":"CommentAction","name":"Comment","target":["https:\/\/cvinoticias.com\/v3\/encontraron-sin-vida-a-una-nena-de-12-anos-en-santa-fe-y-su-familia-dice-que-murio-por-un-reto-viral-de-tiktok\/#respond"]}]},{"@type":"WebPage","@id":"https:\/\/cvinoticias.com\/v3\/encontraron-sin-vida-a-una-nena-de-12-anos-en-santa-fe-y-su-familia-dice-que-murio-por-un-reto-viral-de-tiktok\/","url":"https:\/\/cvinoticias.com\/v3\/encontraron-sin-vida-a-una-nena-de-12-anos-en-santa-fe-y-su-familia-dice-que-murio-por-un-reto-viral-de-tiktok\/","name":"Encontraron sin vida a una nena de 12 a\u00f1os en Santa Fe y su familia dice que muri\u00f3 por un reto viral de TikTok | CVI NOTICIAS","isPartOf":{"@id":"https:\/\/cvinoticias.com\/v3\/#website"},"primaryImageOfPage":{"@id":"https:\/\/cvinoticias.com\/v3\/encontraron-sin-vida-a-una-nena-de-12-anos-en-santa-fe-y-su-familia-dice-que-murio-por-un-reto-viral-de-tiktok\/#primaryimage"},"image":{"@id":"https:\/\/cvinoticias.com\/v3\/encontraron-sin-vida-a-una-nena-de-12-anos-en-santa-fe-y-su-familia-dice-que-murio-por-un-reto-viral-de-tiktok\/#primaryimage"},"thumbnailUrl":"https:\/\/cvinoticias.com\/wp-content\/uploads\/2023\/01\/Screenshot_20230117-082124_Facebook.jpg","datePublished":"2023-01-17T11:22:29+00:00","breadcrumb":{"@id":"https:\/\/cvinoticias.com\/v3\/encontraron-sin-vida-a-una-nena-de-12-anos-en-santa-fe-y-su-familia-dice-que-murio-por-un-reto-viral-de-tiktok\/#breadcrumb"},"inLanguage":"es","potentialAction":[{"@type":"ReadAction","target":["https:\/\/cvinoticias.com\/v3\/encontraron-sin-vida-a-una-nena-de-12-anos-en-santa-fe-y-su-familia-dice-que-murio-por-un-reto-viral-de-tiktok\/"]}]},{"@type":"ImageObject","inLanguage":"es","@id":"https:\/\/cvinoticias.com\/v3\/encontraron-sin-vida-a-una-nena-de-12-anos-en-santa-fe-y-su-familia-dice-que-murio-por-un-reto-viral-de-tiktok\/#primaryimage","url":"https:\/\/cvinoticias.com\/wp-content\/uploads\/2023\/01\/Screenshot_20230117-082124_Facebook.jpg","contentUrl":"https:\/\/cvinoticias.com\/wp-content\/uploads\/2023\/01\/Screenshot_20230117-082124_Facebook.jpg","width":1080,"height":660},{"@type":"BreadcrumbList","@id":"https:\/\/cvinoticias.com\/v3\/encontraron-sin-vida-a-una-nena-de-12-anos-en-santa-fe-y-su-familia-dice-que-murio-por-un-reto-viral-de-tiktok\/#breadcrumb","itemListElement":[{"@type":"ListItem","position":1,"name":"Portada","item":"https:\/\/cvinoticias.com\/v3\/"},{"@type":"ListItem","position":2,"name":"Encontraron sin vida a una nena de 12 a\u00f1os en Santa Fe y su familia dice que muri\u00f3 por un reto viral de TikTok"}]},{"@type":"WebSite","@id":"https:\/\/cvinoticias.com\/v3\/#website","url":"https:\/\/cvinoticias.com\/v3\/","name":"CVI NOTICIAS","description":"","publisher":{"@id":"https:\/\/cvinoticias.com\/v3\/#organization"},"alternateName":"CVI","potentialAction":[{"@type":"SearchAction","target":{"@type":"EntryPoint","urlTemplate":"https:\/\/cvinoticias.com\/v3\/?s={search_term_string}"},"query-input":{"@type":"PropertyValueSpecification","valueRequired":true,"valueName":"search_term_string"}}],"inLanguage":"es"},{"@type":"Organization","@id":"https:\/\/cvinoticias.com\/v3\/#organization","name":"CVI NOTICIAS","url":"https:\/\/cvinoticias.com\/v3\/","logo":{"@type":"ImageObject","inLanguage":"es","@id":"https:\/\/cvinoticias.com\/v3\/#\/schema\/logo\/image\/","url":"https:\/\/cvinoticias.com\/wp-content\/uploads\/2023\/04\/cropped-cropped-cropped-cropped-cropped-3-1.png","contentUrl":"https:\/\/cvinoticias.com\/wp-content\/uploads\/2023\/04\/cropped-cropped-cropped-cropped-cropped-3-1.png","width":95,"height":122,"caption":"CVI NOTICIAS"},"image":{"@id":"https:\/\/cvinoticias.com\/v3\/#\/schema\/logo\/image\/"},"sameAs":["https:\/\/www.facebook.com\/cvinoticias","https:\/\/www.instagram.com\/cvinoticias\/","https:\/\/www.youtube.com\/@CVINOTICIAS"]},{"@type":"Person","@id":"https:\/\/cvinoticias.com\/v3\/#\/schema\/person\/2db77e3c6bc03c538495d7b2b8be9b66","name":"f1000024","image":{"@type":"ImageObject","inLanguage":"es","@id":"https:\/\/secure.gravatar.com\/avatar\/d4fe7459cfc51ff5129ce1a732bbef5928568b8092d412ef95611616376bbeed?s=96&d=mm&r=g","url":"https:\/\/secure.gravatar.com\/avatar\/d4fe7459cfc51ff5129ce1a732bbef5928568b8092d412ef95611616376bbeed?s=96&d=mm&r=g","contentUrl":"https:\/\/secure.gravatar.com\/avatar\/d4fe7459cfc51ff5129ce1a732bbef5928568b8092d412ef95611616376bbeed?s=96&d=mm&r=g","caption":"f1000024"},"url":"https:\/\/cvinoticias.com\/v3\/author\/f1000024\/"}]}},"_links":{"self":[{"href":"https:\/\/cvinoticias.com\/v3\/wp-json\/wp\/v2\/posts\/21861","targetHints":{"allow":["GET"]}}],"collection":[{"href":"https:\/\/cvinoticias.com\/v3\/wp-json\/wp\/v2\/posts"}],"about":[{"href":"https:\/\/cvinoticias.com\/v3\/wp-json\/wp\/v2\/types\/post"}],"author":[{"embeddable":true,"href":"https:\/\/cvinoticias.com\/v3\/wp-json\/wp\/v2\/users\/2"}],"replies":[{"embeddable":true,"href":"https:\/\/cvinoticias.com\/v3\/wp-json\/wp\/v2\/comments?post=21861"}],"version-history":[{"count":1,"href":"https:\/\/cvinoticias.com\/v3\/wp-json\/wp\/v2\/posts\/21861\/revisions"}],"predecessor-version":[{"id":21863,"href":"https:\/\/cvinoticias.com\/v3\/wp-json\/wp\/v2\/posts\/21861\/revisions\/21863"}],"wp:featuredmedia":[{"embeddable":true,"href":"https:\/\/cvinoticias.com\/v3\/wp-json\/wp\/v2\/media\/21862"}],"wp:attachment":[{"href":"https:\/\/cvinoticias.com\/v3\/wp-json\/wp\/v2\/media?parent=21861"}],"wp:term":[{"taxonomy":"category","embeddable":true,"href":"https:\/\/cvinoticias.com\/v3\/wp-json\/wp\/v2\/categories?post=21861"},{"taxonomy":"post_tag","embeddable":true,"href":"https:\/\/cvinoticias.com\/v3\/wp-json\/wp\/v2\/tags?post=21861"}],"curies":[{"name":"wp","href":"https:\/\/api.w.org\/{rel}","templated":true}]}}