{"id":21853,"date":"2023-01-16T19:12:09","date_gmt":"2023-01-16T19:12:09","guid":{"rendered":"https:\/\/cvinoticias.com\/v3\/?p=21853"},"modified":"2023-01-16T19:12:09","modified_gmt":"2023-01-16T19:12:09","slug":"iguazu-recibio-un-camion-cisterna-para-el-municipio-y-otro-para-el-imas","status":"publish","type":"post","link":"https:\/\/cvinoticias.com\/v3\/iguazu-recibio-un-camion-cisterna-para-el-municipio-y-otro-para-el-imas\/","title":{"rendered":"Iguaz\u00fa recibi\u00f3 un cami\u00f3n cisterna para el municipio y otro para el IMAS"},"content":{"rendered":"\n<p class=\"wp-block-paragraph\"><strong><em>En la ma\u00f1ana de hoy, en la ciudad de Posadas, el intendente de Iguaz\u00fa Claudio Filippa particip\u00f3 de la entrega de maquinaria vial para distintos municipios por parte del gobierno de la provincia.<\/em><\/strong><\/p>\n\n\n\n<p class=\"wp-block-paragraph\">\u00abPara nuestra ciudad recibimos un cami\u00f3n cisterna para el municipio y otro para el IMAS\u00bb, se\u00f1al\u00f3 Filippa. \u00abTambi\u00e9n intercambiamos ideas y visiones con distintos amigos intendentes de otras localidades misioneras\u00bb, coment\u00f3.<\/p>\n\n\n\n<p class=\"wp-block-paragraph\">\u00abAgradezco al gobernador Oscar Herrera Ahuad por la ayuda y acompa\u00f1amiento en la transformaci\u00f3n de nuestra ciudad\u00bb, finaliz\u00f3 el edil de Puerto Iguaz\u00fa.<\/p>\n\n\n\n<p class=\"wp-block-paragraph\">Por su parte el Gobernador Dr. Oscar Herrera Ahuad coment\u00f3 que la adquisici\u00f3n de los camiones se logr\u00f3 mediante \u00abuna compra importante que hizo la Provincia para dotar de equipamiento vial a la mayor\u00eda de los municipios\u00bb.<\/p>\n\n\n\n<figure class=\"wp-block-image size-large\"><a href=\"https:\/\/cvinoticias.com\/wp-content\/uploads\/2023\/01\/WhatsApp-Image-2023-01-16-at-1.50.37-PM-2.jpeg\"><img decoding=\"async\" width=\"1024\" height=\"683\" data-src=\"https:\/\/cvinoticias.com\/wp-content\/uploads\/2023\/01\/WhatsApp-Image-2023-01-16-at-1.50.37-PM-2-1024x683.jpeg\" alt=\"\" class=\"wp-image-21854 lazyload\" data-srcset=\"https:\/\/cvinoticias.com\/wp-content\/uploads\/2023\/01\/WhatsApp-Image-2023-01-16-at-1.50.37-PM-2-1024x683.jpeg 1024w, https:\/\/cvinoticias.com\/wp-content\/uploads\/2023\/01\/WhatsApp-Image-2023-01-16-at-1.50.37-PM-2-300x200.jpeg 300w, https:\/\/cvinoticias.com\/wp-content\/uploads\/2023\/01\/WhatsApp-Image-2023-01-16-at-1.50.37-PM-2-768x512.jpeg 768w, https:\/\/cvinoticias.com\/wp-content\/uploads\/2023\/01\/WhatsApp-Image-2023-01-16-at-1.50.37-PM-2.jpeg 1066w\" data-sizes=\"(max-width: 1024px) 100vw, 1024px\" src=\"data:image\/svg+xml;base64,PHN2ZyB3aWR0aD0iMSIgaGVpZ2h0PSIxIiB4bWxucz0iaHR0cDovL3d3dy53My5vcmcvMjAwMC9zdmciPjwvc3ZnPg==\" style=\"--smush-placeholder-width: 1024px; --smush-placeholder-aspect-ratio: 1024\/683;\" \/><\/a><\/figure>\n\n\n\n<p class=\"wp-block-paragraph\">Aclar\u00f3 que pr\u00e1cticamente m\u00e1s de 50 comunas fueron beneficiadas de forma directa con el Programa Provincial de Equipamiento Vial y Transformaci\u00f3n Digital para Municipios. Igualmente, dio cuenta que tambi\u00e9n se avanza con la entrega de equipamiento a localidades por fuera de dicho programa.<\/p>\n\n\n\n<p class=\"wp-block-paragraph\">Indic\u00f3 que se est\u00e1 concretando la segunda entrega de equipamiento vial y camiones a las comunas, que se otorgan de acuerdo a las solicitudes de los municipios. Adelant\u00f3 la puesta en marcha de una tercera y cuarta etapas \u00abhasta completar la entrega de 53 veh\u00edculos que van a conformar la nueva flota de equipamiento vial para toda la provincia.<\/p>\n\n\n\n<figure class=\"wp-block-image size-full\"><a href=\"https:\/\/cvinoticias.com\/wp-content\/uploads\/2023\/01\/WhatsApp-Image-2023-01-16-at-1.50.39-PM-4.jpeg\"><img decoding=\"async\" width=\"711\" height=\"474\" data-src=\"https:\/\/cvinoticias.com\/wp-content\/uploads\/2023\/01\/WhatsApp-Image-2023-01-16-at-1.50.39-PM-4.jpeg\" alt=\"\" class=\"wp-image-21855 lazyload\" data-srcset=\"https:\/\/cvinoticias.com\/wp-content\/uploads\/2023\/01\/WhatsApp-Image-2023-01-16-at-1.50.39-PM-4.jpeg 711w, https:\/\/cvinoticias.com\/wp-content\/uploads\/2023\/01\/WhatsApp-Image-2023-01-16-at-1.50.39-PM-4-300x200.jpeg 300w\" data-sizes=\"(max-width: 711px) 100vw, 711px\" src=\"data:image\/svg+xml;base64,PHN2ZyB3aWR0aD0iMSIgaGVpZ2h0PSIxIiB4bWxucz0iaHR0cDovL3d3dy53My5vcmcvMjAwMC9zdmciPjwvc3ZnPg==\" style=\"--smush-placeholder-width: 711px; --smush-placeholder-aspect-ratio: 711\/474;\" \/><\/a><\/figure>\n","protected":false},"excerpt":{"rendered":"<p>En la ma\u00f1ana de hoy, en la ciudad de Posadas, el intendente de Iguaz\u00fa Claudio Filippa particip\u00f3 de la entrega de maquinaria vial para distintos municipios por parte del gobierno de la provincia. \u00abPara nuestra ciudad recibimos un cami\u00f3n cisterna para el municipio y otro para el IMAS\u00bb, se\u00f1al\u00f3 Filippa. \u00abTambi\u00e9n intercambiamos ideas y visiones [&hellip;]<\/p>\n","protected":false},"author":2,"featured_media":21856,"comment_status":"open","ping_status":"open","sticky":false,"template":"","format":"standard","meta":{"footnotes":""},"categories":[29],"tags":[],"class_list":["post-21853","post","type-post","status-publish","format-standard","has-post-thumbnail","hentry","category-locales"],"yoast_head":"<!-- This site is optimized with the Yoast SEO plugin v28.4 - https:\/\/yoast.com\/product\/yoast-seo-wordpress\/ -->\n<title>Iguaz\u00fa recibi\u00f3 un cami\u00f3n cisterna para el municipio y otro para el IMAS | CVI NOTICIAS<\/title>\n<meta name=\"robots\" content=\"index, follow, max-snippet:-1, max-image-preview:large, max-video-preview:-1\" \/>\n<link rel=\"canonical\" href=\"https:\/\/cvinoticias.com\/v3\/iguazu-recibio-un-camion-cisterna-para-el-municipio-y-otro-para-el-imas\/\" \/>\n<meta property=\"og:locale\" content=\"es_ES\" \/>\n<meta property=\"og:type\" content=\"article\" \/>\n<meta property=\"og:title\" content=\"Iguaz\u00fa recibi\u00f3 un cami\u00f3n cisterna para el municipio y otro para el IMAS | CVI NOTICIAS\" \/>\n<meta property=\"og:description\" content=\"En la ma\u00f1ana de hoy, en la ciudad de Posadas, el intendente de Iguaz\u00fa Claudio Filippa particip\u00f3 de la entrega de maquinaria vial para distintos municipios por parte del gobierno de la provincia. \u00abPara nuestra ciudad recibimos un cami\u00f3n cisterna para el municipio y otro para el IMAS\u00bb, se\u00f1al\u00f3 Filippa. \u00abTambi\u00e9n intercambiamos ideas y visiones [&hellip;]\" \/>\n<meta property=\"og:url\" content=\"https:\/\/cvinoticias.com\/v3\/iguazu-recibio-un-camion-cisterna-para-el-municipio-y-otro-para-el-imas\/\" \/>\n<meta property=\"og:site_name\" content=\"CVI NOTICIAS\" \/>\n<meta property=\"article:publisher\" content=\"https:\/\/www.facebook.com\/cvinoticias\" \/>\n<meta property=\"article:published_time\" content=\"2023-01-16T19:12:09+00:00\" \/>\n<meta property=\"og:image\" content=\"https:\/\/cvinoticias.com\/wp-content\/uploads\/2023\/01\/WhatsApp-Image-2023-01-16-at-1.50.37-PM-3-1000x600-1.jpeg\" \/>\n\t<meta property=\"og:image:width\" content=\"1000\" \/>\n\t<meta property=\"og:image:height\" content=\"600\" \/>\n\t<meta property=\"og:image:type\" content=\"image\/jpeg\" \/>\n<meta name=\"author\" content=\"f1000024\" \/>\n<meta name=\"twitter:card\" content=\"summary_large_image\" \/>\n<meta name=\"twitter:label1\" content=\"Escrito por\" \/>\n\t<meta name=\"twitter:data1\" content=\"f1000024\" \/>\n\t<meta name=\"twitter:label2\" content=\"Tiempo de lectura\" \/>\n\t<meta name=\"twitter:data2\" content=\"1 minuto\" \/>\n<script type=\"application\/ld+json\" class=\"yoast-schema-graph\">{\"@context\":\"https:\\\/\\\/schema.org\",\"@graph\":[{\"@type\":\"Article\",\"@id\":\"https:\\\/\\\/cvinoticias.com\\\/v3\\\/iguazu-recibio-un-camion-cisterna-para-el-municipio-y-otro-para-el-imas\\\/#article\",\"isPartOf\":{\"@id\":\"https:\\\/\\\/cvinoticias.com\\\/v3\\\/iguazu-recibio-un-camion-cisterna-para-el-municipio-y-otro-para-el-imas\\\/\"},\"author\":{\"name\":\"f1000024\",\"@id\":\"https:\\\/\\\/cvinoticias.com\\\/v3\\\/#\\\/schema\\\/person\\\/2db77e3c6bc03c538495d7b2b8be9b66\"},\"headline\":\"Iguaz\u00fa recibi\u00f3 un cami\u00f3n cisterna para el municipio y otro para el IMAS\",\"datePublished\":\"2023-01-16T19:12:09+00:00\",\"mainEntityOfPage\":{\"@id\":\"https:\\\/\\\/cvinoticias.com\\\/v3\\\/iguazu-recibio-un-camion-cisterna-para-el-municipio-y-otro-para-el-imas\\\/\"},\"wordCount\":251,\"commentCount\":0,\"publisher\":{\"@id\":\"https:\\\/\\\/cvinoticias.com\\\/v3\\\/#organization\"},\"image\":{\"@id\":\"https:\\\/\\\/cvinoticias.com\\\/v3\\\/iguazu-recibio-un-camion-cisterna-para-el-municipio-y-otro-para-el-imas\\\/#primaryimage\"},\"thumbnailUrl\":\"https:\\\/\\\/cvinoticias.com\\\/wp-content\\\/uploads\\\/2023\\\/01\\\/WhatsApp-Image-2023-01-16-at-1.50.37-PM-3-1000x600-1.jpeg\",\"articleSection\":[\"Locales\"],\"inLanguage\":\"es\",\"potentialAction\":[{\"@type\":\"CommentAction\",\"name\":\"Comment\",\"target\":[\"https:\\\/\\\/cvinoticias.com\\\/v3\\\/iguazu-recibio-un-camion-cisterna-para-el-municipio-y-otro-para-el-imas\\\/#respond\"]}]},{\"@type\":\"WebPage\",\"@id\":\"https:\\\/\\\/cvinoticias.com\\\/v3\\\/iguazu-recibio-un-camion-cisterna-para-el-municipio-y-otro-para-el-imas\\\/\",\"url\":\"https:\\\/\\\/cvinoticias.com\\\/v3\\\/iguazu-recibio-un-camion-cisterna-para-el-municipio-y-otro-para-el-imas\\\/\",\"name\":\"Iguaz\u00fa recibi\u00f3 un cami\u00f3n cisterna para el municipio y otro para el IMAS | CVI NOTICIAS\",\"isPartOf\":{\"@id\":\"https:\\\/\\\/cvinoticias.com\\\/v3\\\/#website\"},\"primaryImageOfPage\":{\"@id\":\"https:\\\/\\\/cvinoticias.com\\\/v3\\\/iguazu-recibio-un-camion-cisterna-para-el-municipio-y-otro-para-el-imas\\\/#primaryimage\"},\"image\":{\"@id\":\"https:\\\/\\\/cvinoticias.com\\\/v3\\\/iguazu-recibio-un-camion-cisterna-para-el-municipio-y-otro-para-el-imas\\\/#primaryimage\"},\"thumbnailUrl\":\"https:\\\/\\\/cvinoticias.com\\\/wp-content\\\/uploads\\\/2023\\\/01\\\/WhatsApp-Image-2023-01-16-at-1.50.37-PM-3-1000x600-1.jpeg\",\"datePublished\":\"2023-01-16T19:12:09+00:00\",\"breadcrumb\":{\"@id\":\"https:\\\/\\\/cvinoticias.com\\\/v3\\\/iguazu-recibio-un-camion-cisterna-para-el-municipio-y-otro-para-el-imas\\\/#breadcrumb\"},\"inLanguage\":\"es\",\"potentialAction\":[{\"@type\":\"ReadAction\",\"target\":[\"https:\\\/\\\/cvinoticias.com\\\/v3\\\/iguazu-recibio-un-camion-cisterna-para-el-municipio-y-otro-para-el-imas\\\/\"]}]},{\"@type\":\"ImageObject\",\"inLanguage\":\"es\",\"@id\":\"https:\\\/\\\/cvinoticias.com\\\/v3\\\/iguazu-recibio-un-camion-cisterna-para-el-municipio-y-otro-para-el-imas\\\/#primaryimage\",\"url\":\"https:\\\/\\\/cvinoticias.com\\\/wp-content\\\/uploads\\\/2023\\\/01\\\/WhatsApp-Image-2023-01-16-at-1.50.37-PM-3-1000x600-1.jpeg\",\"contentUrl\":\"https:\\\/\\\/cvinoticias.com\\\/wp-content\\\/uploads\\\/2023\\\/01\\\/WhatsApp-Image-2023-01-16-at-1.50.37-PM-3-1000x600-1.jpeg\",\"width\":1000,\"height\":600},{\"@type\":\"BreadcrumbList\",\"@id\":\"https:\\\/\\\/cvinoticias.com\\\/v3\\\/iguazu-recibio-un-camion-cisterna-para-el-municipio-y-otro-para-el-imas\\\/#breadcrumb\",\"itemListElement\":[{\"@type\":\"ListItem\",\"position\":1,\"name\":\"Portada\",\"item\":\"https:\\\/\\\/cvinoticias.com\\\/v3\\\/\"},{\"@type\":\"ListItem\",\"position\":2,\"name\":\"Iguaz\u00fa recibi\u00f3 un cami\u00f3n cisterna para el municipio y otro para el IMAS\"}]},{\"@type\":\"WebSite\",\"@id\":\"https:\\\/\\\/cvinoticias.com\\\/v3\\\/#website\",\"url\":\"https:\\\/\\\/cvinoticias.com\\\/v3\\\/\",\"name\":\"CVI NOTICIAS\",\"description\":\"\",\"publisher\":{\"@id\":\"https:\\\/\\\/cvinoticias.com\\\/v3\\\/#organization\"},\"alternateName\":\"CVI\",\"potentialAction\":[{\"@type\":\"SearchAction\",\"target\":{\"@type\":\"EntryPoint\",\"urlTemplate\":\"https:\\\/\\\/cvinoticias.com\\\/v3\\\/?s={search_term_string}\"},\"query-input\":{\"@type\":\"PropertyValueSpecification\",\"valueRequired\":true,\"valueName\":\"search_term_string\"}}],\"inLanguage\":\"es\"},{\"@type\":\"Organization\",\"@id\":\"https:\\\/\\\/cvinoticias.com\\\/v3\\\/#organization\",\"name\":\"CVI NOTICIAS\",\"url\":\"https:\\\/\\\/cvinoticias.com\\\/v3\\\/\",\"logo\":{\"@type\":\"ImageObject\",\"inLanguage\":\"es\",\"@id\":\"https:\\\/\\\/cvinoticias.com\\\/v3\\\/#\\\/schema\\\/logo\\\/image\\\/\",\"url\":\"https:\\\/\\\/cvinoticias.com\\\/wp-content\\\/uploads\\\/2023\\\/04\\\/cropped-cropped-cropped-cropped-cropped-3-1.png\",\"contentUrl\":\"https:\\\/\\\/cvinoticias.com\\\/wp-content\\\/uploads\\\/2023\\\/04\\\/cropped-cropped-cropped-cropped-cropped-3-1.png\",\"width\":95,\"height\":122,\"caption\":\"CVI NOTICIAS\"},\"image\":{\"@id\":\"https:\\\/\\\/cvinoticias.com\\\/v3\\\/#\\\/schema\\\/logo\\\/image\\\/\"},\"sameAs\":[\"https:\\\/\\\/www.facebook.com\\\/cvinoticias\",\"https:\\\/\\\/www.instagram.com\\\/cvinoticias\\\/\",\"https:\\\/\\\/www.youtube.com\\\/@CVINOTICIAS\"]},{\"@type\":\"Person\",\"@id\":\"https:\\\/\\\/cvinoticias.com\\\/v3\\\/#\\\/schema\\\/person\\\/2db77e3c6bc03c538495d7b2b8be9b66\",\"name\":\"f1000024\",\"image\":{\"@type\":\"ImageObject\",\"inLanguage\":\"es\",\"@id\":\"https:\\\/\\\/secure.gravatar.com\\\/avatar\\\/d4fe7459cfc51ff5129ce1a732bbef5928568b8092d412ef95611616376bbeed?s=96&d=mm&r=g\",\"url\":\"https:\\\/\\\/secure.gravatar.com\\\/avatar\\\/d4fe7459cfc51ff5129ce1a732bbef5928568b8092d412ef95611616376bbeed?s=96&d=mm&r=g\",\"contentUrl\":\"https:\\\/\\\/secure.gravatar.com\\\/avatar\\\/d4fe7459cfc51ff5129ce1a732bbef5928568b8092d412ef95611616376bbeed?s=96&d=mm&r=g\",\"caption\":\"f1000024\"},\"url\":\"https:\\\/\\\/cvinoticias.com\\\/v3\\\/author\\\/f1000024\\\/\"}]}<\/script>\n<!-- \/ Yoast SEO plugin. -->","yoast_head_json":{"title":"Iguaz\u00fa recibi\u00f3 un cami\u00f3n cisterna para el municipio y otro para el IMAS | CVI NOTICIAS","robots":{"index":"index","follow":"follow","max-snippet":"max-snippet:-1","max-image-preview":"max-image-preview:large","max-video-preview":"max-video-preview:-1"},"canonical":"https:\/\/cvinoticias.com\/v3\/iguazu-recibio-un-camion-cisterna-para-el-municipio-y-otro-para-el-imas\/","og_locale":"es_ES","og_type":"article","og_title":"Iguaz\u00fa recibi\u00f3 un cami\u00f3n cisterna para el municipio y otro para el IMAS | CVI NOTICIAS","og_description":"En la ma\u00f1ana de hoy, en la ciudad de Posadas, el intendente de Iguaz\u00fa Claudio Filippa particip\u00f3 de la entrega de maquinaria vial para distintos municipios por parte del gobierno de la provincia. \u00abPara nuestra ciudad recibimos un cami\u00f3n cisterna para el municipio y otro para el IMAS\u00bb, se\u00f1al\u00f3 Filippa. \u00abTambi\u00e9n intercambiamos ideas y visiones [&hellip;]","og_url":"https:\/\/cvinoticias.com\/v3\/iguazu-recibio-un-camion-cisterna-para-el-municipio-y-otro-para-el-imas\/","og_site_name":"CVI NOTICIAS","article_publisher":"https:\/\/www.facebook.com\/cvinoticias","article_published_time":"2023-01-16T19:12:09+00:00","og_image":[{"width":1000,"height":600,"url":"https:\/\/cvinoticias.com\/wp-content\/uploads\/2023\/01\/WhatsApp-Image-2023-01-16-at-1.50.37-PM-3-1000x600-1.jpeg","type":"image\/jpeg"}],"author":"f1000024","twitter_card":"summary_large_image","twitter_misc":{"Escrito por":"f1000024","Tiempo de lectura":"1 minuto"},"schema":{"@context":"https:\/\/schema.org","@graph":[{"@type":"Article","@id":"https:\/\/cvinoticias.com\/v3\/iguazu-recibio-un-camion-cisterna-para-el-municipio-y-otro-para-el-imas\/#article","isPartOf":{"@id":"https:\/\/cvinoticias.com\/v3\/iguazu-recibio-un-camion-cisterna-para-el-municipio-y-otro-para-el-imas\/"},"author":{"name":"f1000024","@id":"https:\/\/cvinoticias.com\/v3\/#\/schema\/person\/2db77e3c6bc03c538495d7b2b8be9b66"},"headline":"Iguaz\u00fa recibi\u00f3 un cami\u00f3n cisterna para el municipio y otro para el IMAS","datePublished":"2023-01-16T19:12:09+00:00","mainEntityOfPage":{"@id":"https:\/\/cvinoticias.com\/v3\/iguazu-recibio-un-camion-cisterna-para-el-municipio-y-otro-para-el-imas\/"},"wordCount":251,"commentCount":0,"publisher":{"@id":"https:\/\/cvinoticias.com\/v3\/#organization"},"image":{"@id":"https:\/\/cvinoticias.com\/v3\/iguazu-recibio-un-camion-cisterna-para-el-municipio-y-otro-para-el-imas\/#primaryimage"},"thumbnailUrl":"https:\/\/cvinoticias.com\/wp-content\/uploads\/2023\/01\/WhatsApp-Image-2023-01-16-at-1.50.37-PM-3-1000x600-1.jpeg","articleSection":["Locales"],"inLanguage":"es","potentialAction":[{"@type":"CommentAction","name":"Comment","target":["https:\/\/cvinoticias.com\/v3\/iguazu-recibio-un-camion-cisterna-para-el-municipio-y-otro-para-el-imas\/#respond"]}]},{"@type":"WebPage","@id":"https:\/\/cvinoticias.com\/v3\/iguazu-recibio-un-camion-cisterna-para-el-municipio-y-otro-para-el-imas\/","url":"https:\/\/cvinoticias.com\/v3\/iguazu-recibio-un-camion-cisterna-para-el-municipio-y-otro-para-el-imas\/","name":"Iguaz\u00fa recibi\u00f3 un cami\u00f3n cisterna para el municipio y otro para el IMAS | CVI NOTICIAS","isPartOf":{"@id":"https:\/\/cvinoticias.com\/v3\/#website"},"primaryImageOfPage":{"@id":"https:\/\/cvinoticias.com\/v3\/iguazu-recibio-un-camion-cisterna-para-el-municipio-y-otro-para-el-imas\/#primaryimage"},"image":{"@id":"https:\/\/cvinoticias.com\/v3\/iguazu-recibio-un-camion-cisterna-para-el-municipio-y-otro-para-el-imas\/#primaryimage"},"thumbnailUrl":"https:\/\/cvinoticias.com\/wp-content\/uploads\/2023\/01\/WhatsApp-Image-2023-01-16-at-1.50.37-PM-3-1000x600-1.jpeg","datePublished":"2023-01-16T19:12:09+00:00","breadcrumb":{"@id":"https:\/\/cvinoticias.com\/v3\/iguazu-recibio-un-camion-cisterna-para-el-municipio-y-otro-para-el-imas\/#breadcrumb"},"inLanguage":"es","potentialAction":[{"@type":"ReadAction","target":["https:\/\/cvinoticias.com\/v3\/iguazu-recibio-un-camion-cisterna-para-el-municipio-y-otro-para-el-imas\/"]}]},{"@type":"ImageObject","inLanguage":"es","@id":"https:\/\/cvinoticias.com\/v3\/iguazu-recibio-un-camion-cisterna-para-el-municipio-y-otro-para-el-imas\/#primaryimage","url":"https:\/\/cvinoticias.com\/wp-content\/uploads\/2023\/01\/WhatsApp-Image-2023-01-16-at-1.50.37-PM-3-1000x600-1.jpeg","contentUrl":"https:\/\/cvinoticias.com\/wp-content\/uploads\/2023\/01\/WhatsApp-Image-2023-01-16-at-1.50.37-PM-3-1000x600-1.jpeg","width":1000,"height":600},{"@type":"BreadcrumbList","@id":"https:\/\/cvinoticias.com\/v3\/iguazu-recibio-un-camion-cisterna-para-el-municipio-y-otro-para-el-imas\/#breadcrumb","itemListElement":[{"@type":"ListItem","position":1,"name":"Portada","item":"https:\/\/cvinoticias.com\/v3\/"},{"@type":"ListItem","position":2,"name":"Iguaz\u00fa recibi\u00f3 un cami\u00f3n cisterna para el municipio y otro para el IMAS"}]},{"@type":"WebSite","@id":"https:\/\/cvinoticias.com\/v3\/#website","url":"https:\/\/cvinoticias.com\/v3\/","name":"CVI NOTICIAS","description":"","publisher":{"@id":"https:\/\/cvinoticias.com\/v3\/#organization"},"alternateName":"CVI","potentialAction":[{"@type":"SearchAction","target":{"@type":"EntryPoint","urlTemplate":"https:\/\/cvinoticias.com\/v3\/?s={search_term_string}"},"query-input":{"@type":"PropertyValueSpecification","valueRequired":true,"valueName":"search_term_string"}}],"inLanguage":"es"},{"@type":"Organization","@id":"https:\/\/cvinoticias.com\/v3\/#organization","name":"CVI NOTICIAS","url":"https:\/\/cvinoticias.com\/v3\/","logo":{"@type":"ImageObject","inLanguage":"es","@id":"https:\/\/cvinoticias.com\/v3\/#\/schema\/logo\/image\/","url":"https:\/\/cvinoticias.com\/wp-content\/uploads\/2023\/04\/cropped-cropped-cropped-cropped-cropped-3-1.png","contentUrl":"https:\/\/cvinoticias.com\/wp-content\/uploads\/2023\/04\/cropped-cropped-cropped-cropped-cropped-3-1.png","width":95,"height":122,"caption":"CVI NOTICIAS"},"image":{"@id":"https:\/\/cvinoticias.com\/v3\/#\/schema\/logo\/image\/"},"sameAs":["https:\/\/www.facebook.com\/cvinoticias","https:\/\/www.instagram.com\/cvinoticias\/","https:\/\/www.youtube.com\/@CVINOTICIAS"]},{"@type":"Person","@id":"https:\/\/cvinoticias.com\/v3\/#\/schema\/person\/2db77e3c6bc03c538495d7b2b8be9b66","name":"f1000024","image":{"@type":"ImageObject","inLanguage":"es","@id":"https:\/\/secure.gravatar.com\/avatar\/d4fe7459cfc51ff5129ce1a732bbef5928568b8092d412ef95611616376bbeed?s=96&d=mm&r=g","url":"https:\/\/secure.gravatar.com\/avatar\/d4fe7459cfc51ff5129ce1a732bbef5928568b8092d412ef95611616376bbeed?s=96&d=mm&r=g","contentUrl":"https:\/\/secure.gravatar.com\/avatar\/d4fe7459cfc51ff5129ce1a732bbef5928568b8092d412ef95611616376bbeed?s=96&d=mm&r=g","caption":"f1000024"},"url":"https:\/\/cvinoticias.com\/v3\/author\/f1000024\/"}]}},"_links":{"self":[{"href":"https:\/\/cvinoticias.com\/v3\/wp-json\/wp\/v2\/posts\/21853","targetHints":{"allow":["GET"]}}],"collection":[{"href":"https:\/\/cvinoticias.com\/v3\/wp-json\/wp\/v2\/posts"}],"about":[{"href":"https:\/\/cvinoticias.com\/v3\/wp-json\/wp\/v2\/types\/post"}],"author":[{"embeddable":true,"href":"https:\/\/cvinoticias.com\/v3\/wp-json\/wp\/v2\/users\/2"}],"replies":[{"embeddable":true,"href":"https:\/\/cvinoticias.com\/v3\/wp-json\/wp\/v2\/comments?post=21853"}],"version-history":[{"count":1,"href":"https:\/\/cvinoticias.com\/v3\/wp-json\/wp\/v2\/posts\/21853\/revisions"}],"predecessor-version":[{"id":21857,"href":"https:\/\/cvinoticias.com\/v3\/wp-json\/wp\/v2\/posts\/21853\/revisions\/21857"}],"wp:featuredmedia":[{"embeddable":true,"href":"https:\/\/cvinoticias.com\/v3\/wp-json\/wp\/v2\/media\/21856"}],"wp:attachment":[{"href":"https:\/\/cvinoticias.com\/v3\/wp-json\/wp\/v2\/media?parent=21853"}],"wp:term":[{"taxonomy":"category","embeddable":true,"href":"https:\/\/cvinoticias.com\/v3\/wp-json\/wp\/v2\/categories?post=21853"},{"taxonomy":"post_tag","embeddable":true,"href":"https:\/\/cvinoticias.com\/v3\/wp-json\/wp\/v2\/tags?post=21853"}],"curies":[{"name":"wp","href":"https:\/\/api.w.org\/{rel}","templated":true}]}}