{"id":21842,"date":"2023-01-15T14:04:17","date_gmt":"2023-01-15T14:04:17","guid":{"rendered":"https:\/\/cvinoticias.com\/v3\/?p=21842"},"modified":"2023-01-15T14:04:17","modified_gmt":"2023-01-15T14:04:17","slug":"tiempos-turbulentos","status":"publish","type":"post","link":"https:\/\/cvinoticias.com\/v3\/tiempos-turbulentos\/","title":{"rendered":"Tiempos turbulentos"},"content":{"rendered":"\n<p><strong><em>Con un incierto escenario electoral a nivel nacional, el misionerismo se diferencia y ya piensa en nombres que representen la voz de la provincia en el Congreso de la Naci\u00f3n.<\/em><\/strong><\/p>\n\n\n\n<p><em>Por Fiorella Del Piano<\/em><\/p>\n\n\n\n<p>Complejo panorama se presenta en este a\u00f1o electoral, a las conocidas dificultades del gobierno nacional, se le suma una oposici\u00f3n envuelta en feroces internas. La particularidad de las pr\u00f3ximas elecciones radica en que a las recurrentes falencias del Frente de Todos, principalmente en el plano econ\u00f3mico (inflaci\u00f3n, plan de ajuste del FMI, etc.), se le agrega la situaci\u00f3n que transita la principal fuerza opositora: Juntos por el Cambio parece m\u00e1s un elenco de alguna comedia de revista a presentarse en la costa atl\u00e1ntica que una fuerza pol\u00edtica con pretensiones de gobernar la Argentina.<\/p>\n\n\n\n<p>Las acciones que tomaron estado p\u00fablico del ahora licenciado Ministro de Seguridad porte\u00f1o Marcelo D\u00b4Alessandro fueron, en parte, un respuesta interna al accionar revelado del diputado nacional Gerardo Milman, quien dispendi\u00f3 generosos contratos y dineros en acompa\u00f1antes que lejos estaban de brindar alg\u00fan servicio legislativo. Bullrich versus Larreta, mientras Macri presenta su libro y expone claramente el plan de JxC en caso de volver a ser gobierno: eliminar Aerol\u00edneas Argentinas, recortar jubilaciones, suprimir otras empresas del Estado como YPF, avanzar en una legislaci\u00f3n anti trabajadores y aplicar nuevos recortes en Educaci\u00f3n y Salud. A diferencia de la campa\u00f1a de 2015 que lo deposit\u00f3 en el sill\u00f3n de Rivadavia, ahora el ex presidente est\u00e1 avisando claramente lo que har\u00e1 su fuerza pol\u00edtica en el caso de contar con el favor ciudadano.<\/p>\n\n\n\n<p><strong>El tragic\u00f3mico show de Larreta<\/strong><\/p>\n\n\n\n<p>El intendente de la Capital Federal se pasea por todo el pa\u00eds haciendo una anticipada campa\u00f1a electoral gracias a los suntuosos fondos de la jurisdicci\u00f3n que gobierna. Sus asesores le recomendaron \u201cdespolitizar\u201d su discurso y acciones, como si vaciar de contenido su plataforma electoral fuera una brillante idea. En ese sentido, se sucedieron escenas singulares: surf para principiantes y caracterizaciones de acuerdo al estereotipo de cada rinc\u00f3n argentino que visita.<\/p>\n\n\n\n<p>Esto no le evit\u00f3 el mal trago en una playa marplatense, donde Horacio Rodr\u00edguez Larreta fue insultado por turistas. Tanto su obstinaci\u00f3n, con el favor de una Corte amiga, por sustraer dinero de las provincias en su favor, como el affaire D\u00b4Alessandro, le pasaron factura.<\/p>\n\n\n\n<p>Este \u00faltimo \u00edtem es m\u00e1s amplio, los integrantes del viaje de amigos al Lago Escondido, propiedad del magnate brit\u00e1nico Joe Lewis, siguen experimentando la ola expansiva del contenido de los chats divulgados. El tr\u00edo compuesto entre funcionarios del gobierno porte\u00f1o; enlaces de la Corte Suprema como Silvio Robles, mano derecha del presidente supremo Horacio Rosatti, y medios de comunicaci\u00f3n hegem\u00f3nicos, exhiben de manera obscena el aceitado engranaje que permite a la jurisdicci\u00f3n m\u00e1s rica del pa\u00eds hacerse con m\u00e1s fondos en detrimento de 23 provincias y de esa forma financiar la campa\u00f1a presidencial del alcalde porte\u00f1o.<\/p>\n\n\n\n<p>Este presente de Larreta fue aprovechado por sus adversarios internos y tambi\u00e9n fue tomado como un b\u00e1lsamo por el Presidente Fern\u00e1ndez, quien tampoco la est\u00e1 pasando muy bien. Bullrich intenta que el caso Milman qued\u00e9 en el caj\u00f3n de los recuerdos, mientras que los radicales hacen lo que mejor les sale: reuniones, comunicados y ensayos electorales con el fin de conseguir cargos.<\/p>\n\n\n\n<p><strong>En Misiones todo lo bueno crece<\/strong><\/p>\n\n\n\n<p>La tierra colorada tiene previstas sus elecciones provinciales para el 7 de mayo. Luego de elegir gobernador, intendentes y concejales, Misiones deber\u00e1 presentar sus candidatos para renovar sus 3 bancas en el Senado de la Naci\u00f3n, as\u00ed como 4 escalafones en la C\u00e1mara de Diputados.<\/p>\n\n\n\n<p>El Dr. Carlos Omar Arce, Vicegobernador de la Provincia, pica en punta como uno de los candidatos de la Renovaci\u00f3n para ocupar una de las bancas senatoriales. Mientras que trascendi\u00f3 que el nombre que puede encabezar la boleta misionerista para la C\u00e1mara baja es el del concejal posade\u00f1o Daniel \u201cColo\u201d Vancsik, quien puntea en una encuesta entre una docena de potenciales precandidatos.<\/p>\n\n\n\n<p>El caso del miembro del Honorable Concejo Deliberante de la capital misionera es un claro ejemplo de la apertura e inclusi\u00f3n que pregona el oficialismo provincial: el golfista, gran figura en su actividad y respetado en todo el \u00e1mbito deportivo, se sum\u00f3 a un proyecto que propicia las nuevas ideas y propuestas en pos de un futuro mejor para todos los misioneros.<\/p>\n","protected":false},"excerpt":{"rendered":"<p>Con un incierto escenario electoral a nivel nacional, el misionerismo se diferencia y ya piensa en nombres que representen la voz de la provincia en el Congreso de la Naci\u00f3n. Por Fiorella Del Piano Complejo panorama se presenta en este a\u00f1o electoral, a las conocidas dificultades del gobierno nacional, se le suma una oposici\u00f3n envuelta [&hellip;]<\/p>\n","protected":false},"author":2,"featured_media":21843,"comment_status":"open","ping_status":"open","sticky":false,"template":"","format":"standard","meta":{"footnotes":""},"categories":[42],"tags":[],"class_list":["post-21842","post","type-post","status-publish","format-standard","has-post-thumbnail","hentry","category-politica"],"yoast_head":"<!-- This site is optimized with the Yoast SEO plugin v27.4 - https:\/\/yoast.com\/product\/yoast-seo-wordpress\/ -->\n<title>Tiempos turbulentos | CVI NOTICIAS<\/title>\n<meta name=\"robots\" content=\"index, follow, max-snippet:-1, max-image-preview:large, max-video-preview:-1\" \/>\n<link rel=\"canonical\" href=\"https:\/\/cvinoticias.com\/v3\/tiempos-turbulentos\/\" \/>\n<meta property=\"og:locale\" content=\"es_ES\" \/>\n<meta property=\"og:type\" content=\"article\" \/>\n<meta property=\"og:title\" content=\"Tiempos turbulentos | CVI NOTICIAS\" \/>\n<meta property=\"og:description\" content=\"Con un incierto escenario electoral a nivel nacional, el misionerismo se diferencia y ya piensa en nombres que representen la voz de la provincia en el Congreso de la Naci\u00f3n. Por Fiorella Del Piano Complejo panorama se presenta en este a\u00f1o electoral, a las conocidas dificultades del gobierno nacional, se le suma una oposici\u00f3n envuelta [&hellip;]\" \/>\n<meta property=\"og:url\" content=\"https:\/\/cvinoticias.com\/v3\/tiempos-turbulentos\/\" \/>\n<meta property=\"og:site_name\" content=\"CVI NOTICIAS\" \/>\n<meta property=\"article:publisher\" content=\"https:\/\/www.facebook.com\/cvinoticias\" \/>\n<meta property=\"article:published_time\" content=\"2023-01-15T14:04:17+00:00\" \/>\n<meta property=\"og:image\" content=\"https:\/\/cvinoticias.com\/wp-content\/uploads\/2023\/01\/IMG-20230115-WA0006.jpg\" \/>\n\t<meta property=\"og:image:width\" content=\"360\" \/>\n\t<meta property=\"og:image:height\" content=\"240\" \/>\n\t<meta property=\"og:image:type\" content=\"image\/jpeg\" \/>\n<meta name=\"author\" content=\"f1000024\" \/>\n<meta name=\"twitter:card\" content=\"summary_large_image\" \/>\n<meta name=\"twitter:label1\" content=\"Escrito por\" \/>\n\t<meta name=\"twitter:data1\" content=\"f1000024\" \/>\n\t<meta name=\"twitter:label2\" content=\"Tiempo de lectura\" \/>\n\t<meta name=\"twitter:data2\" content=\"4 minutos\" \/>\n<script type=\"application\/ld+json\" class=\"yoast-schema-graph\">{\"@context\":\"https:\\\/\\\/schema.org\",\"@graph\":[{\"@type\":\"Article\",\"@id\":\"https:\\\/\\\/cvinoticias.com\\\/v3\\\/tiempos-turbulentos\\\/#article\",\"isPartOf\":{\"@id\":\"https:\\\/\\\/cvinoticias.com\\\/v3\\\/tiempos-turbulentos\\\/\"},\"author\":{\"name\":\"f1000024\",\"@id\":\"https:\\\/\\\/cvinoticias.com\\\/v3\\\/#\\\/schema\\\/person\\\/2db77e3c6bc03c538495d7b2b8be9b66\"},\"headline\":\"Tiempos turbulentos\",\"datePublished\":\"2023-01-15T14:04:17+00:00\",\"mainEntityOfPage\":{\"@id\":\"https:\\\/\\\/cvinoticias.com\\\/v3\\\/tiempos-turbulentos\\\/\"},\"wordCount\":758,\"commentCount\":0,\"publisher\":{\"@id\":\"https:\\\/\\\/cvinoticias.com\\\/v3\\\/#organization\"},\"image\":{\"@id\":\"https:\\\/\\\/cvinoticias.com\\\/v3\\\/tiempos-turbulentos\\\/#primaryimage\"},\"thumbnailUrl\":\"https:\\\/\\\/cvinoticias.com\\\/wp-content\\\/uploads\\\/2023\\\/01\\\/IMG-20230115-WA0006.jpg\",\"articleSection\":[\"Politica\"],\"inLanguage\":\"es\",\"potentialAction\":[{\"@type\":\"CommentAction\",\"name\":\"Comment\",\"target\":[\"https:\\\/\\\/cvinoticias.com\\\/v3\\\/tiempos-turbulentos\\\/#respond\"]}]},{\"@type\":\"WebPage\",\"@id\":\"https:\\\/\\\/cvinoticias.com\\\/v3\\\/tiempos-turbulentos\\\/\",\"url\":\"https:\\\/\\\/cvinoticias.com\\\/v3\\\/tiempos-turbulentos\\\/\",\"name\":\"Tiempos turbulentos | CVI NOTICIAS\",\"isPartOf\":{\"@id\":\"https:\\\/\\\/cvinoticias.com\\\/v3\\\/#website\"},\"primaryImageOfPage\":{\"@id\":\"https:\\\/\\\/cvinoticias.com\\\/v3\\\/tiempos-turbulentos\\\/#primaryimage\"},\"image\":{\"@id\":\"https:\\\/\\\/cvinoticias.com\\\/v3\\\/tiempos-turbulentos\\\/#primaryimage\"},\"thumbnailUrl\":\"https:\\\/\\\/cvinoticias.com\\\/wp-content\\\/uploads\\\/2023\\\/01\\\/IMG-20230115-WA0006.jpg\",\"datePublished\":\"2023-01-15T14:04:17+00:00\",\"breadcrumb\":{\"@id\":\"https:\\\/\\\/cvinoticias.com\\\/v3\\\/tiempos-turbulentos\\\/#breadcrumb\"},\"inLanguage\":\"es\",\"potentialAction\":[{\"@type\":\"ReadAction\",\"target\":[\"https:\\\/\\\/cvinoticias.com\\\/v3\\\/tiempos-turbulentos\\\/\"]}]},{\"@type\":\"ImageObject\",\"inLanguage\":\"es\",\"@id\":\"https:\\\/\\\/cvinoticias.com\\\/v3\\\/tiempos-turbulentos\\\/#primaryimage\",\"url\":\"https:\\\/\\\/cvinoticias.com\\\/wp-content\\\/uploads\\\/2023\\\/01\\\/IMG-20230115-WA0006.jpg\",\"contentUrl\":\"https:\\\/\\\/cvinoticias.com\\\/wp-content\\\/uploads\\\/2023\\\/01\\\/IMG-20230115-WA0006.jpg\",\"width\":360,\"height\":240},{\"@type\":\"BreadcrumbList\",\"@id\":\"https:\\\/\\\/cvinoticias.com\\\/v3\\\/tiempos-turbulentos\\\/#breadcrumb\",\"itemListElement\":[{\"@type\":\"ListItem\",\"position\":1,\"name\":\"Portada\",\"item\":\"https:\\\/\\\/cvinoticias.com\\\/v3\\\/\"},{\"@type\":\"ListItem\",\"position\":2,\"name\":\"Tiempos turbulentos\"}]},{\"@type\":\"WebSite\",\"@id\":\"https:\\\/\\\/cvinoticias.com\\\/v3\\\/#website\",\"url\":\"https:\\\/\\\/cvinoticias.com\\\/v3\\\/\",\"name\":\"CVI NOTICIAS\",\"description\":\"\",\"publisher\":{\"@id\":\"https:\\\/\\\/cvinoticias.com\\\/v3\\\/#organization\"},\"alternateName\":\"CVI\",\"potentialAction\":[{\"@type\":\"SearchAction\",\"target\":{\"@type\":\"EntryPoint\",\"urlTemplate\":\"https:\\\/\\\/cvinoticias.com\\\/v3\\\/?s={search_term_string}\"},\"query-input\":{\"@type\":\"PropertyValueSpecification\",\"valueRequired\":true,\"valueName\":\"search_term_string\"}}],\"inLanguage\":\"es\"},{\"@type\":\"Organization\",\"@id\":\"https:\\\/\\\/cvinoticias.com\\\/v3\\\/#organization\",\"name\":\"CVI NOTICIAS\",\"url\":\"https:\\\/\\\/cvinoticias.com\\\/v3\\\/\",\"logo\":{\"@type\":\"ImageObject\",\"inLanguage\":\"es\",\"@id\":\"https:\\\/\\\/cvinoticias.com\\\/v3\\\/#\\\/schema\\\/logo\\\/image\\\/\",\"url\":\"https:\\\/\\\/cvinoticias.com\\\/wp-content\\\/uploads\\\/2023\\\/04\\\/cropped-cropped-cropped-cropped-cropped-3-1.png\",\"contentUrl\":\"https:\\\/\\\/cvinoticias.com\\\/wp-content\\\/uploads\\\/2023\\\/04\\\/cropped-cropped-cropped-cropped-cropped-3-1.png\",\"width\":95,\"height\":122,\"caption\":\"CVI NOTICIAS\"},\"image\":{\"@id\":\"https:\\\/\\\/cvinoticias.com\\\/v3\\\/#\\\/schema\\\/logo\\\/image\\\/\"},\"sameAs\":[\"https:\\\/\\\/www.facebook.com\\\/cvinoticias\",\"https:\\\/\\\/www.instagram.com\\\/cvinoticias\\\/\",\"https:\\\/\\\/www.youtube.com\\\/@CVINOTICIAS\"]},{\"@type\":\"Person\",\"@id\":\"https:\\\/\\\/cvinoticias.com\\\/v3\\\/#\\\/schema\\\/person\\\/2db77e3c6bc03c538495d7b2b8be9b66\",\"name\":\"f1000024\",\"image\":{\"@type\":\"ImageObject\",\"inLanguage\":\"es\",\"@id\":\"https:\\\/\\\/secure.gravatar.com\\\/avatar\\\/d4fe7459cfc51ff5129ce1a732bbef5928568b8092d412ef95611616376bbeed?s=96&d=mm&r=g\",\"url\":\"https:\\\/\\\/secure.gravatar.com\\\/avatar\\\/d4fe7459cfc51ff5129ce1a732bbef5928568b8092d412ef95611616376bbeed?s=96&d=mm&r=g\",\"contentUrl\":\"https:\\\/\\\/secure.gravatar.com\\\/avatar\\\/d4fe7459cfc51ff5129ce1a732bbef5928568b8092d412ef95611616376bbeed?s=96&d=mm&r=g\",\"caption\":\"f1000024\"},\"url\":\"https:\\\/\\\/cvinoticias.com\\\/v3\\\/author\\\/f1000024\\\/\"}]}<\/script>\n<!-- \/ Yoast SEO plugin. -->","yoast_head_json":{"title":"Tiempos turbulentos | CVI NOTICIAS","robots":{"index":"index","follow":"follow","max-snippet":"max-snippet:-1","max-image-preview":"max-image-preview:large","max-video-preview":"max-video-preview:-1"},"canonical":"https:\/\/cvinoticias.com\/v3\/tiempos-turbulentos\/","og_locale":"es_ES","og_type":"article","og_title":"Tiempos turbulentos | CVI NOTICIAS","og_description":"Con un incierto escenario electoral a nivel nacional, el misionerismo se diferencia y ya piensa en nombres que representen la voz de la provincia en el Congreso de la Naci\u00f3n. Por Fiorella Del Piano Complejo panorama se presenta en este a\u00f1o electoral, a las conocidas dificultades del gobierno nacional, se le suma una oposici\u00f3n envuelta [&hellip;]","og_url":"https:\/\/cvinoticias.com\/v3\/tiempos-turbulentos\/","og_site_name":"CVI NOTICIAS","article_publisher":"https:\/\/www.facebook.com\/cvinoticias","article_published_time":"2023-01-15T14:04:17+00:00","og_image":[{"width":360,"height":240,"url":"https:\/\/cvinoticias.com\/wp-content\/uploads\/2023\/01\/IMG-20230115-WA0006.jpg","type":"image\/jpeg"}],"author":"f1000024","twitter_card":"summary_large_image","twitter_misc":{"Escrito por":"f1000024","Tiempo de lectura":"4 minutos"},"schema":{"@context":"https:\/\/schema.org","@graph":[{"@type":"Article","@id":"https:\/\/cvinoticias.com\/v3\/tiempos-turbulentos\/#article","isPartOf":{"@id":"https:\/\/cvinoticias.com\/v3\/tiempos-turbulentos\/"},"author":{"name":"f1000024","@id":"https:\/\/cvinoticias.com\/v3\/#\/schema\/person\/2db77e3c6bc03c538495d7b2b8be9b66"},"headline":"Tiempos turbulentos","datePublished":"2023-01-15T14:04:17+00:00","mainEntityOfPage":{"@id":"https:\/\/cvinoticias.com\/v3\/tiempos-turbulentos\/"},"wordCount":758,"commentCount":0,"publisher":{"@id":"https:\/\/cvinoticias.com\/v3\/#organization"},"image":{"@id":"https:\/\/cvinoticias.com\/v3\/tiempos-turbulentos\/#primaryimage"},"thumbnailUrl":"https:\/\/cvinoticias.com\/wp-content\/uploads\/2023\/01\/IMG-20230115-WA0006.jpg","articleSection":["Politica"],"inLanguage":"es","potentialAction":[{"@type":"CommentAction","name":"Comment","target":["https:\/\/cvinoticias.com\/v3\/tiempos-turbulentos\/#respond"]}]},{"@type":"WebPage","@id":"https:\/\/cvinoticias.com\/v3\/tiempos-turbulentos\/","url":"https:\/\/cvinoticias.com\/v3\/tiempos-turbulentos\/","name":"Tiempos turbulentos | CVI NOTICIAS","isPartOf":{"@id":"https:\/\/cvinoticias.com\/v3\/#website"},"primaryImageOfPage":{"@id":"https:\/\/cvinoticias.com\/v3\/tiempos-turbulentos\/#primaryimage"},"image":{"@id":"https:\/\/cvinoticias.com\/v3\/tiempos-turbulentos\/#primaryimage"},"thumbnailUrl":"https:\/\/cvinoticias.com\/wp-content\/uploads\/2023\/01\/IMG-20230115-WA0006.jpg","datePublished":"2023-01-15T14:04:17+00:00","breadcrumb":{"@id":"https:\/\/cvinoticias.com\/v3\/tiempos-turbulentos\/#breadcrumb"},"inLanguage":"es","potentialAction":[{"@type":"ReadAction","target":["https:\/\/cvinoticias.com\/v3\/tiempos-turbulentos\/"]}]},{"@type":"ImageObject","inLanguage":"es","@id":"https:\/\/cvinoticias.com\/v3\/tiempos-turbulentos\/#primaryimage","url":"https:\/\/cvinoticias.com\/wp-content\/uploads\/2023\/01\/IMG-20230115-WA0006.jpg","contentUrl":"https:\/\/cvinoticias.com\/wp-content\/uploads\/2023\/01\/IMG-20230115-WA0006.jpg","width":360,"height":240},{"@type":"BreadcrumbList","@id":"https:\/\/cvinoticias.com\/v3\/tiempos-turbulentos\/#breadcrumb","itemListElement":[{"@type":"ListItem","position":1,"name":"Portada","item":"https:\/\/cvinoticias.com\/v3\/"},{"@type":"ListItem","position":2,"name":"Tiempos turbulentos"}]},{"@type":"WebSite","@id":"https:\/\/cvinoticias.com\/v3\/#website","url":"https:\/\/cvinoticias.com\/v3\/","name":"CVI NOTICIAS","description":"","publisher":{"@id":"https:\/\/cvinoticias.com\/v3\/#organization"},"alternateName":"CVI","potentialAction":[{"@type":"SearchAction","target":{"@type":"EntryPoint","urlTemplate":"https:\/\/cvinoticias.com\/v3\/?s={search_term_string}"},"query-input":{"@type":"PropertyValueSpecification","valueRequired":true,"valueName":"search_term_string"}}],"inLanguage":"es"},{"@type":"Organization","@id":"https:\/\/cvinoticias.com\/v3\/#organization","name":"CVI NOTICIAS","url":"https:\/\/cvinoticias.com\/v3\/","logo":{"@type":"ImageObject","inLanguage":"es","@id":"https:\/\/cvinoticias.com\/v3\/#\/schema\/logo\/image\/","url":"https:\/\/cvinoticias.com\/wp-content\/uploads\/2023\/04\/cropped-cropped-cropped-cropped-cropped-3-1.png","contentUrl":"https:\/\/cvinoticias.com\/wp-content\/uploads\/2023\/04\/cropped-cropped-cropped-cropped-cropped-3-1.png","width":95,"height":122,"caption":"CVI NOTICIAS"},"image":{"@id":"https:\/\/cvinoticias.com\/v3\/#\/schema\/logo\/image\/"},"sameAs":["https:\/\/www.facebook.com\/cvinoticias","https:\/\/www.instagram.com\/cvinoticias\/","https:\/\/www.youtube.com\/@CVINOTICIAS"]},{"@type":"Person","@id":"https:\/\/cvinoticias.com\/v3\/#\/schema\/person\/2db77e3c6bc03c538495d7b2b8be9b66","name":"f1000024","image":{"@type":"ImageObject","inLanguage":"es","@id":"https:\/\/secure.gravatar.com\/avatar\/d4fe7459cfc51ff5129ce1a732bbef5928568b8092d412ef95611616376bbeed?s=96&d=mm&r=g","url":"https:\/\/secure.gravatar.com\/avatar\/d4fe7459cfc51ff5129ce1a732bbef5928568b8092d412ef95611616376bbeed?s=96&d=mm&r=g","contentUrl":"https:\/\/secure.gravatar.com\/avatar\/d4fe7459cfc51ff5129ce1a732bbef5928568b8092d412ef95611616376bbeed?s=96&d=mm&r=g","caption":"f1000024"},"url":"https:\/\/cvinoticias.com\/v3\/author\/f1000024\/"}]}},"_links":{"self":[{"href":"https:\/\/cvinoticias.com\/v3\/wp-json\/wp\/v2\/posts\/21842","targetHints":{"allow":["GET"]}}],"collection":[{"href":"https:\/\/cvinoticias.com\/v3\/wp-json\/wp\/v2\/posts"}],"about":[{"href":"https:\/\/cvinoticias.com\/v3\/wp-json\/wp\/v2\/types\/post"}],"author":[{"embeddable":true,"href":"https:\/\/cvinoticias.com\/v3\/wp-json\/wp\/v2\/users\/2"}],"replies":[{"embeddable":true,"href":"https:\/\/cvinoticias.com\/v3\/wp-json\/wp\/v2\/comments?post=21842"}],"version-history":[{"count":1,"href":"https:\/\/cvinoticias.com\/v3\/wp-json\/wp\/v2\/posts\/21842\/revisions"}],"predecessor-version":[{"id":21844,"href":"https:\/\/cvinoticias.com\/v3\/wp-json\/wp\/v2\/posts\/21842\/revisions\/21844"}],"wp:featuredmedia":[{"embeddable":true,"href":"https:\/\/cvinoticias.com\/v3\/wp-json\/wp\/v2\/media\/21843"}],"wp:attachment":[{"href":"https:\/\/cvinoticias.com\/v3\/wp-json\/wp\/v2\/media?parent=21842"}],"wp:term":[{"taxonomy":"category","embeddable":true,"href":"https:\/\/cvinoticias.com\/v3\/wp-json\/wp\/v2\/categories?post=21842"},{"taxonomy":"post_tag","embeddable":true,"href":"https:\/\/cvinoticias.com\/v3\/wp-json\/wp\/v2\/tags?post=21842"}],"curies":[{"name":"wp","href":"https:\/\/api.w.org\/{rel}","templated":true}]}}