{"id":21836,"date":"2023-01-15T13:32:29","date_gmt":"2023-01-15T13:32:29","guid":{"rendered":"https:\/\/cvinoticias.com\/v3\/?p=21836"},"modified":"2023-01-15T13:32:29","modified_gmt":"2023-01-15T13:32:29","slug":"la-revitalizante-fuerza-de-la-juventud","status":"publish","type":"post","link":"https:\/\/cvinoticias.com\/v3\/la-revitalizante-fuerza-de-la-juventud\/","title":{"rendered":"La revitalizante fuerza de la Juventud"},"content":{"rendered":"\n<p><strong>La creciente presencia de j\u00f3venes en espacios trascendentales del Gobierno de Misiones es el fiel reflejo de la importancia que revisten para un proyecto pol\u00edtico que atiende el presente sin dejar de pensar en el futuro. Asimismo, la incorporaci\u00f3n de actores de los m\u00e1s variados \u00e1mbitos de la sociedad permite el desarrollo de pol\u00edticas p\u00fablicas con una visi\u00f3n integral pensando en todos los misioneros sin distinci\u00f3n.<\/strong><\/p>\n\n\n\n<p><strong>(*) Por Nicol\u00e1s Marchiori<\/strong><\/p>\n\n\n\n<p>En la obra \u201cEducation for democratic citizenship\u201d, las polit\u00f3logas norteamericanas Roberta Sigel y Marilyn Hoskin sostienen que \u201cla participaci\u00f3n es toda acci\u00f3n que busca afectar positivamente la calidad de la vida p\u00fablica en una sociedad democr\u00e1tica que defiende los derechos humanos. Es la influencia que ejerce una persona o un grupo de personas en la comunidad. Se trata de una actividad pol\u00edtica y social visible\u201d.<\/p>\n\n\n\n<p>Esta participaci\u00f3n requiere que la persona se vea a s\u00ed misma como actor social y sienta que puede ser un miembro activo de la comunidad. Es decir, lo opuesto a la indiferencia y el aislamiento. Supone una identificaci\u00f3n con lo p\u00fablico, expresada en acciones cotidianas, en las que la persona se compromete constructivamente con una causa que afecta y preocupa a la comunidad e interviene junto con otros en la b\u00fasqueda de soluciones.<\/p>\n\n\n\n<p>Participar, entonces, es actuar con la idea de generar transformaciones por el bien com\u00fan y defensa de la sociedad. La b\u00fasqueda de nuevas respuestas y de una realidad mejor es lo que motiva a la persona a participar. S\u00f3lo la participaci\u00f3n en beneficio de la comunidad y de sus intereses garantiza un verdadero compromiso democr\u00e1tico.<\/p>\n\n\n\n<p>En la actualidad, es recurrente escuchar hablar de la importancia de la participaci\u00f3n de los j\u00f3venes en pol\u00edtica. M\u00e1s del 50% de la poblaci\u00f3n mundial tiene menos de 30 a\u00f1os, pero apenas el 2% de los legisladores elegidos en todo el planeta son menores de 30 a\u00f1os. A finales del a\u00f1o 2016, la ONU lanz\u00f3 una campa\u00f1a mundial llamada \u201cNot Too Young To Run\u201d (No demasiado joven para ser candidato) a partir de una iniciativa nacida en Nigeria, donde la edad para votar es 18, pero para la postulaci\u00f3n para un cargo electivo puede ser reci\u00e9n a partir de los 30 a\u00f1os.<\/p>\n\n\n\n<p>Es normal escuchar que alguien muy joven tiene poca preparaci\u00f3n y que por su falta de experiencia no ser\u00eda un candidato id\u00f3neo para un cargo p\u00fablico. Pero, por otro lado, muchos dir\u00e1n tambi\u00e9n que los j\u00f3venes pueden aportar ideas frescas y mejores pr\u00e1cticas a la pol\u00edtica.<\/p>\n\n\n\n<p>A nivel global se observa una marcada tendencia a la desconexi\u00f3n de los j\u00f3venes respecto de la pol\u00edtica convencional. Muchos de ellos prefieren el activismo, la defensa de ciertas causas sociales, el voluntariado, pero no militar directamente en un partido pol\u00edtico. En la mayor\u00eda de los casos, este fen\u00f3meno se atribuye al alto nivel de desconfianza en los partidos o a la pol\u00edtica en general.<\/p>\n\n\n\n<p>La profesora de la Universidad de Valladolid Almudena Moreno ha hablado sobre el acto de la transici\u00f3n a la participaci\u00f3n social y pol\u00edtica y de la construcci\u00f3n del concepto de ciudadan\u00eda en los j\u00f3venes. Moreno sostiene que \u201cel joven se transforma en adulto convirti\u00e9ndose tambi\u00e9n en ciudadano de pleno derecho y para ello debe verse involucrado en los diferentes \u00e1mbitos de participaci\u00f3n\u201d.<\/p>\n\n\n\n<p>En este sentido, las nuevas tecnolog\u00edas tienen un papel fundamental. La disponibilidad de un mayor n\u00famero de herramientas online y redes sociales han tenido gran relevancia en el refuerza de la participaci\u00f3n pol\u00edtica y el activismo de los j\u00f3venes.<\/p>\n\n\n\n<hr class=\"wp-block-separator has-alpha-channel-opacity\"\/>\n\n\n\n<p><strong>Los j\u00f3venes del Frente Renovador y las nuevas realidades<\/strong><\/p>\n\n\n\n<p>En la sesi\u00f3n extraordinaria celebrada en la C\u00e1mara de Representantes de la Provincia el 10 de diciembre pasado, el Ing. Carlos Rovira remarc\u00f3 que el principal escollo que tiene la pol\u00edtica de todo el mundo, de todos los partidos pol\u00edticos, es la participaci\u00f3n de la juventud, una cuesti\u00f3n muy dif\u00edcil de resolver y que representa un activo muy importante en la configuraci\u00f3n de las sociedades.<\/p>\n\n\n\n<p>En aquella oportunidad, el Conductor de la Renovaci\u00f3n destac\u00f3 que ning\u00fan espacio pol\u00edtico del pa\u00eds ha asignado tanta importancia y sentido estrat\u00e9gico a los j\u00f3venes. Al mismo tiempo, consider\u00f3 a la juventud como la nueva paridad de estos tiempos y que ha nacido con una fuerza inusitada, bien ganada.<\/p>\n\n\n\n<p>Cierto es que los j\u00f3venes representan casi el 50% de la poblaci\u00f3n en Misiones, y dada la importancia que revisten dentro de la estructura de las sociedades actuales, el proyecto pol\u00edtico que enarbola las banderas del Misionerismo les ha abierto y asegurado un espacio, no con un criterio electoral como suele darse en otras fuerzas, sino con el convencimiento de que la inteligencia y la creatividad que pueden aportar los j\u00f3venes de hoy son el principal activo para impulsar la nueva econom\u00eda basada en la incorporaci\u00f3n de las nuevas tecnolog\u00edas.<\/p>\n\n\n\n<p>Con gran claridad y capacidad para la lectura de los escenarios de un mundo que se reconfigura constantemente siguiendo el ritmo fren\u00e9tico de las constantes actualizaciones tecnol\u00f3gicas, Rovira explic\u00f3 que todo este proceso de incorporaci\u00f3n constante de los j\u00f3venes a la Renovaci\u00f3n \u201cva adelantando la amalgama que debe haber entre la experiencia de quienes han transido ya el camino, han dado su aporte con su cuota de seriedad, de tranquilidad, de serenidad que se necesita. Pero al lado, debe estar ese dinamismo, esa fuerza impulsora, ese fuego que poseen las chicas y los chicos j\u00f3venes con la mentalidad abierta a las nuevas tecnolog\u00edas, los nuevos pensamientos\u201d,<\/p>\n\n\n\n<p>La f\u00f3rmula renovadora de Hugo Passalacqua y Lucas Romero Spinelli es la s\u00edntesis perfecta de todo lo que el Conductor de la Renovaci\u00f3n explic\u00f3 e interpret\u00f3 de los tiempos que vivimos.<\/p>\n\n\n\n<p>El joven diputado provincial Romero Spinelli es una de las caras de la juventud renovadora y una de las grandes apariciones en la pol\u00edtica provincial. La cantidad de pergaminos acad\u00e9micos que acumula Lucas en sus poco m\u00e1s de 30 a\u00f1os demuestra el nivel de compromiso con el conocimiento y la mejora continua de esta nueva generaci\u00f3n de dirigentes, para luego ser volcados a la sociedad y que redunden en beneficios para todos. El candidato a vice gobernador por la Renovaci\u00f3n es Contador P\u00fablico y acumula unos cuantos diplomados y cursos de posgrado entre los que se destacan uno en econom\u00eda, uno en smarts cities y otro en comunicaci\u00f3n pol\u00edtica.<\/p>\n\n\n\n<p>La Renovaci\u00f3n, con la visi\u00f3n estrat\u00e9gica y la orientaci\u00f3n vocacional y motivacional de Carlos Rovira, que supo germinar la semilla del inter\u00e9s por el conocimiento en los j\u00f3venes, ha logrado un inusitado grado de participaci\u00f3n juvenil que no se logra vislumbrar en otros espacios ni en otras provincias.<\/p>\n\n\n\n<p>Son varios los chicos y chicas j\u00f3venes que ya forman parte de la estructura del Gobierno y han empezado a trazar un surco que dinamiza, revitaliza y oxigena la pol\u00edtica en Misiones. Paula Franco, Karen Fiege, Yamila Ruiz, Anazul Centeno, Fernando Meza, Sebasti\u00e1n Mac\u00edas, Fernando Santacruz, Rudi Bundziak, Milton Astroza son tan s\u00f3lo algunos de los nombres que aportan esa necesaria cuota de juventud que se complementa de manera arm\u00f3nica con la experiencia de quienes que vienen trazando hace a\u00f1os el camino de la transformaci\u00f3n de la provincia.<\/p>\n\n\n\n<p><strong>Participaci\u00f3n ciudadana<\/strong><\/p>\n\n\n\n<p>Otro fen\u00f3meno tangible en la pol\u00edtica misionera generado por la impronta del Frente Renovador es la incesante adhesi\u00f3n de los m\u00e1s diversos sectores que integran la sociedad. Las pol\u00edticas p\u00fablicas llevadas a cabo por el gobierno provincial han despertado el inter\u00e9s de actores de diferentes \u00e1mbitos que buscan involucrarse en este proceso transformador. La l\u00f3gica renovadora no entiende de impedimentos ni limitantes a la hora de la participaci\u00f3n, tal es as\u00ed que abre las puertas a todos aquellos hombres y mujeres con ganas de aportar nuevas ideas para mejorar la calidad de vida de todos los misioneros. Aqu\u00ed tambi\u00e9n son varios los nombres que podemos citar como ejemplo: la actual diputada provincial Sonia Rojas Decut, una destacada figura del sector educativo que se incorpor\u00f3 hace muy poco para brindar sus aportes; el arquitecto, empresario del sector industrial y ex Presidente de la C\u00e1mara de Comercio e Industria de Posadas Sergio Bresiski, que actualmente es el Director General de Arquitectura de la Provincia; la emprendedora Carolina Butvilofsky creadora de Sedami, un emprendimiento vinculado a la cr\u00eda de gusanos de seda; el ex golfista Daniel \u201cColo\u201d Vancsik, actual concejal de la ciudad de Posadas, entre otros.<\/p>\n\n\n\n<p>Con total certeza, se puede afirmar que uno de los grandes atractivos de la Renovaci\u00f3n que seduce e invita a la participaci\u00f3n ciudadana es la determinante decisi\u00f3n impulsada desde la conducci\u00f3n del espacio de mantenerse siempre fuera de la grieta, ocup\u00e1ndose pura y exclusivamente de la resoluci\u00f3n de los problemas de la ciudadan\u00eda y la defensa inclaudicable de los intereses de todos los misioneros ante la Naci\u00f3n.<\/p>\n\n\n\n<p><strong>Agenda joven<\/strong><\/p>\n\n\n\n<p>La semana pasada el Gobernador Herrera Ahuad, cumpliendo con lo anunciado en su discurso de apertura de Sesiones Ordinarias de la C\u00e1mara de Representantes el 1\u00b0 de mayo del a\u00f1o pasado, mediante el Decreto N\u00ba 1822\/22 puso en marcha el \u201cPrograma de Fomento de la Producci\u00f3n y el Empleo Joven Misionero\u201d.<\/p>\n\n\n\n<p>Se trata de una medida de gran impacto y vital importancia para los j\u00f3venes misioneros. El programa contiene un amplio paquete de medidas de incentivo que buscan fortalecer y generar nuevas inversiones y actividades existentes en \u00e1reas estrat\u00e9gicas de la econom\u00eda: industria del conocimiento, turismo y gastronom\u00eda.<\/p>\n\n\n\n<p>Tambi\u00e9n favorecer\u00e1 la innovaci\u00f3n tecnol\u00f3gica en la producci\u00f3n agropecuaria, fundamental para seguir fortaleciendo el arraigo de los j\u00f3venes en las chacras misioneras que antes deb\u00edan migrar hacia las ciudades en b\u00fasqueda de mejores oportunidades laborales.<\/p>\n\n\n\n<p>Aquellos proyectos que participen del programa podr\u00e1n acceder a distintos beneficios, como cr\u00e9ditos a tasa subsidiada, bonificaciones en la tarifa el\u00e9ctrica, o aportes no reintegrables por hasta el 50% de la masa salarial de los nuevos empleos creados.<\/p>\n\n\n\n<p>El decreto recientemente firmado por el Gobernador tambi\u00e9n crea una Unidad de Evaluaci\u00f3n de Proyectos, que estar\u00e1 compuesta por representantes del Ministerio de Hacienda y Finanzas, el Ministerio del Agro y la Producci\u00f3n, el Ministerio de Industria, el Instituto de Fomento Agropecuario e Industrial (IFAI), el Fondo de Cr\u00e9dito Misiones y la Agencia de Desarrollo de Misiones (ADEMI). Cada una de estas entidades ser\u00e1n canales habilitados para dar inicio a la postulaci\u00f3n de aquellos emprendimientos que deseen participar en la iniciativa.<\/p>\n\n\n\n<p>El \u201cPrograma de Fomento de la Producci\u00f3n y el Empleo Joven Misionero\u201d es la m\u00e1s contundente respuesta al desaf\u00edo que tiene el Gobierno de la Provincia de generar el contexto adecuado para que todos los j\u00f3venes misioneros cuenten con oportunidades de desarrollo e inclusi\u00f3n laboral, y se puedan incorporar a la matriz productiva para seguir potenciando el crecimiento econ\u00f3mico que se viene registrando en Misiones durante los \u00faltimos a\u00f1os.<\/p>\n\n\n\n<p><em>Abogado. Diplomado en Manejo de Crisis y en An\u00e1lisis de Procesos Electorales. Posgrado de Especializaci\u00f3n en Comunicaci\u00f3n de Gobierno y Electoral. Becario de la Fundaci\u00f3n Konrad Adenauer y del Centro de An\u00e1lisis y Entrenamiento Pol\u00edtico \u2013 CAEP (Colombia).<\/em><\/p>\n","protected":false},"excerpt":{"rendered":"<p>La creciente presencia de j\u00f3venes en espacios trascendentales del Gobierno de Misiones es el fiel reflejo de la importancia que revisten para un proyecto pol\u00edtico que atiende el presente sin dejar de pensar en el futuro. Asimismo, la incorporaci\u00f3n de actores de los m\u00e1s variados \u00e1mbitos de la sociedad permite el desarrollo de pol\u00edticas p\u00fablicas [&hellip;]<\/p>\n","protected":false},"author":2,"featured_media":21837,"comment_status":"open","ping_status":"open","sticky":false,"template":"","format":"standard","meta":{"footnotes":""},"categories":[42],"tags":[],"class_list":["post-21836","post","type-post","status-publish","format-standard","has-post-thumbnail","hentry","category-politica"],"yoast_head":"<!-- This site is optimized with the Yoast SEO plugin v27.4 - https:\/\/yoast.com\/product\/yoast-seo-wordpress\/ -->\n<title>La revitalizante fuerza de la Juventud | CVI NOTICIAS<\/title>\n<meta name=\"robots\" content=\"index, follow, max-snippet:-1, max-image-preview:large, max-video-preview:-1\" \/>\n<link rel=\"canonical\" href=\"https:\/\/cvinoticias.com\/v3\/la-revitalizante-fuerza-de-la-juventud\/\" \/>\n<meta property=\"og:locale\" content=\"es_ES\" \/>\n<meta property=\"og:type\" content=\"article\" \/>\n<meta property=\"og:title\" content=\"La revitalizante fuerza de la Juventud | CVI NOTICIAS\" \/>\n<meta property=\"og:description\" content=\"La creciente presencia de j\u00f3venes en espacios trascendentales del Gobierno de Misiones es el fiel reflejo de la importancia que revisten para un proyecto pol\u00edtico que atiende el presente sin dejar de pensar en el futuro. Asimismo, la incorporaci\u00f3n de actores de los m\u00e1s variados \u00e1mbitos de la sociedad permite el desarrollo de pol\u00edticas p\u00fablicas [&hellip;]\" \/>\n<meta property=\"og:url\" content=\"https:\/\/cvinoticias.com\/v3\/la-revitalizante-fuerza-de-la-juventud\/\" \/>\n<meta property=\"og:site_name\" content=\"CVI NOTICIAS\" \/>\n<meta property=\"article:publisher\" content=\"https:\/\/www.facebook.com\/cvinoticias\" \/>\n<meta property=\"article:published_time\" content=\"2023-01-15T13:32:29+00:00\" \/>\n<meta property=\"og:image\" content=\"https:\/\/cvinoticias.com\/wp-content\/uploads\/2023\/01\/IMG-20230115-WA0001-1000x600-1.jpg\" \/>\n\t<meta property=\"og:image:width\" content=\"1000\" \/>\n\t<meta property=\"og:image:height\" content=\"600\" \/>\n\t<meta property=\"og:image:type\" content=\"image\/jpeg\" \/>\n<meta name=\"author\" content=\"f1000024\" \/>\n<meta name=\"twitter:card\" content=\"summary_large_image\" \/>\n<meta name=\"twitter:label1\" content=\"Escrito por\" \/>\n\t<meta name=\"twitter:data1\" content=\"f1000024\" \/>\n\t<meta name=\"twitter:label2\" content=\"Tiempo de lectura\" \/>\n\t<meta name=\"twitter:data2\" content=\"10 minutos\" \/>\n<script type=\"application\/ld+json\" class=\"yoast-schema-graph\">{\"@context\":\"https:\\\/\\\/schema.org\",\"@graph\":[{\"@type\":\"Article\",\"@id\":\"https:\\\/\\\/cvinoticias.com\\\/v3\\\/la-revitalizante-fuerza-de-la-juventud\\\/#article\",\"isPartOf\":{\"@id\":\"https:\\\/\\\/cvinoticias.com\\\/v3\\\/la-revitalizante-fuerza-de-la-juventud\\\/\"},\"author\":{\"name\":\"f1000024\",\"@id\":\"https:\\\/\\\/cvinoticias.com\\\/v3\\\/#\\\/schema\\\/person\\\/2db77e3c6bc03c538495d7b2b8be9b66\"},\"headline\":\"La revitalizante fuerza de la Juventud\",\"datePublished\":\"2023-01-15T13:32:29+00:00\",\"mainEntityOfPage\":{\"@id\":\"https:\\\/\\\/cvinoticias.com\\\/v3\\\/la-revitalizante-fuerza-de-la-juventud\\\/\"},\"wordCount\":1967,\"commentCount\":0,\"publisher\":{\"@id\":\"https:\\\/\\\/cvinoticias.com\\\/v3\\\/#organization\"},\"image\":{\"@id\":\"https:\\\/\\\/cvinoticias.com\\\/v3\\\/la-revitalizante-fuerza-de-la-juventud\\\/#primaryimage\"},\"thumbnailUrl\":\"https:\\\/\\\/cvinoticias.com\\\/wp-content\\\/uploads\\\/2023\\\/01\\\/IMG-20230115-WA0001-1000x600-1.jpg\",\"articleSection\":[\"Politica\"],\"inLanguage\":\"es\",\"potentialAction\":[{\"@type\":\"CommentAction\",\"name\":\"Comment\",\"target\":[\"https:\\\/\\\/cvinoticias.com\\\/v3\\\/la-revitalizante-fuerza-de-la-juventud\\\/#respond\"]}]},{\"@type\":\"WebPage\",\"@id\":\"https:\\\/\\\/cvinoticias.com\\\/v3\\\/la-revitalizante-fuerza-de-la-juventud\\\/\",\"url\":\"https:\\\/\\\/cvinoticias.com\\\/v3\\\/la-revitalizante-fuerza-de-la-juventud\\\/\",\"name\":\"La revitalizante fuerza de la Juventud | CVI NOTICIAS\",\"isPartOf\":{\"@id\":\"https:\\\/\\\/cvinoticias.com\\\/v3\\\/#website\"},\"primaryImageOfPage\":{\"@id\":\"https:\\\/\\\/cvinoticias.com\\\/v3\\\/la-revitalizante-fuerza-de-la-juventud\\\/#primaryimage\"},\"image\":{\"@id\":\"https:\\\/\\\/cvinoticias.com\\\/v3\\\/la-revitalizante-fuerza-de-la-juventud\\\/#primaryimage\"},\"thumbnailUrl\":\"https:\\\/\\\/cvinoticias.com\\\/wp-content\\\/uploads\\\/2023\\\/01\\\/IMG-20230115-WA0001-1000x600-1.jpg\",\"datePublished\":\"2023-01-15T13:32:29+00:00\",\"breadcrumb\":{\"@id\":\"https:\\\/\\\/cvinoticias.com\\\/v3\\\/la-revitalizante-fuerza-de-la-juventud\\\/#breadcrumb\"},\"inLanguage\":\"es\",\"potentialAction\":[{\"@type\":\"ReadAction\",\"target\":[\"https:\\\/\\\/cvinoticias.com\\\/v3\\\/la-revitalizante-fuerza-de-la-juventud\\\/\"]}]},{\"@type\":\"ImageObject\",\"inLanguage\":\"es\",\"@id\":\"https:\\\/\\\/cvinoticias.com\\\/v3\\\/la-revitalizante-fuerza-de-la-juventud\\\/#primaryimage\",\"url\":\"https:\\\/\\\/cvinoticias.com\\\/wp-content\\\/uploads\\\/2023\\\/01\\\/IMG-20230115-WA0001-1000x600-1.jpg\",\"contentUrl\":\"https:\\\/\\\/cvinoticias.com\\\/wp-content\\\/uploads\\\/2023\\\/01\\\/IMG-20230115-WA0001-1000x600-1.jpg\",\"width\":1000,\"height\":600},{\"@type\":\"BreadcrumbList\",\"@id\":\"https:\\\/\\\/cvinoticias.com\\\/v3\\\/la-revitalizante-fuerza-de-la-juventud\\\/#breadcrumb\",\"itemListElement\":[{\"@type\":\"ListItem\",\"position\":1,\"name\":\"Portada\",\"item\":\"https:\\\/\\\/cvinoticias.com\\\/v3\\\/\"},{\"@type\":\"ListItem\",\"position\":2,\"name\":\"La revitalizante fuerza de la Juventud\"}]},{\"@type\":\"WebSite\",\"@id\":\"https:\\\/\\\/cvinoticias.com\\\/v3\\\/#website\",\"url\":\"https:\\\/\\\/cvinoticias.com\\\/v3\\\/\",\"name\":\"CVI NOTICIAS\",\"description\":\"\",\"publisher\":{\"@id\":\"https:\\\/\\\/cvinoticias.com\\\/v3\\\/#organization\"},\"alternateName\":\"CVI\",\"potentialAction\":[{\"@type\":\"SearchAction\",\"target\":{\"@type\":\"EntryPoint\",\"urlTemplate\":\"https:\\\/\\\/cvinoticias.com\\\/v3\\\/?s={search_term_string}\"},\"query-input\":{\"@type\":\"PropertyValueSpecification\",\"valueRequired\":true,\"valueName\":\"search_term_string\"}}],\"inLanguage\":\"es\"},{\"@type\":\"Organization\",\"@id\":\"https:\\\/\\\/cvinoticias.com\\\/v3\\\/#organization\",\"name\":\"CVI NOTICIAS\",\"url\":\"https:\\\/\\\/cvinoticias.com\\\/v3\\\/\",\"logo\":{\"@type\":\"ImageObject\",\"inLanguage\":\"es\",\"@id\":\"https:\\\/\\\/cvinoticias.com\\\/v3\\\/#\\\/schema\\\/logo\\\/image\\\/\",\"url\":\"https:\\\/\\\/cvinoticias.com\\\/wp-content\\\/uploads\\\/2023\\\/04\\\/cropped-cropped-cropped-cropped-cropped-3-1.png\",\"contentUrl\":\"https:\\\/\\\/cvinoticias.com\\\/wp-content\\\/uploads\\\/2023\\\/04\\\/cropped-cropped-cropped-cropped-cropped-3-1.png\",\"width\":95,\"height\":122,\"caption\":\"CVI NOTICIAS\"},\"image\":{\"@id\":\"https:\\\/\\\/cvinoticias.com\\\/v3\\\/#\\\/schema\\\/logo\\\/image\\\/\"},\"sameAs\":[\"https:\\\/\\\/www.facebook.com\\\/cvinoticias\",\"https:\\\/\\\/www.instagram.com\\\/cvinoticias\\\/\",\"https:\\\/\\\/www.youtube.com\\\/@CVINOTICIAS\"]},{\"@type\":\"Person\",\"@id\":\"https:\\\/\\\/cvinoticias.com\\\/v3\\\/#\\\/schema\\\/person\\\/2db77e3c6bc03c538495d7b2b8be9b66\",\"name\":\"f1000024\",\"image\":{\"@type\":\"ImageObject\",\"inLanguage\":\"es\",\"@id\":\"https:\\\/\\\/secure.gravatar.com\\\/avatar\\\/d4fe7459cfc51ff5129ce1a732bbef5928568b8092d412ef95611616376bbeed?s=96&d=mm&r=g\",\"url\":\"https:\\\/\\\/secure.gravatar.com\\\/avatar\\\/d4fe7459cfc51ff5129ce1a732bbef5928568b8092d412ef95611616376bbeed?s=96&d=mm&r=g\",\"contentUrl\":\"https:\\\/\\\/secure.gravatar.com\\\/avatar\\\/d4fe7459cfc51ff5129ce1a732bbef5928568b8092d412ef95611616376bbeed?s=96&d=mm&r=g\",\"caption\":\"f1000024\"},\"url\":\"https:\\\/\\\/cvinoticias.com\\\/v3\\\/author\\\/f1000024\\\/\"}]}<\/script>\n<!-- \/ Yoast SEO plugin. -->","yoast_head_json":{"title":"La revitalizante fuerza de la Juventud | CVI NOTICIAS","robots":{"index":"index","follow":"follow","max-snippet":"max-snippet:-1","max-image-preview":"max-image-preview:large","max-video-preview":"max-video-preview:-1"},"canonical":"https:\/\/cvinoticias.com\/v3\/la-revitalizante-fuerza-de-la-juventud\/","og_locale":"es_ES","og_type":"article","og_title":"La revitalizante fuerza de la Juventud | CVI NOTICIAS","og_description":"La creciente presencia de j\u00f3venes en espacios trascendentales del Gobierno de Misiones es el fiel reflejo de la importancia que revisten para un proyecto pol\u00edtico que atiende el presente sin dejar de pensar en el futuro. Asimismo, la incorporaci\u00f3n de actores de los m\u00e1s variados \u00e1mbitos de la sociedad permite el desarrollo de pol\u00edticas p\u00fablicas [&hellip;]","og_url":"https:\/\/cvinoticias.com\/v3\/la-revitalizante-fuerza-de-la-juventud\/","og_site_name":"CVI NOTICIAS","article_publisher":"https:\/\/www.facebook.com\/cvinoticias","article_published_time":"2023-01-15T13:32:29+00:00","og_image":[{"width":1000,"height":600,"url":"https:\/\/cvinoticias.com\/wp-content\/uploads\/2023\/01\/IMG-20230115-WA0001-1000x600-1.jpg","type":"image\/jpeg"}],"author":"f1000024","twitter_card":"summary_large_image","twitter_misc":{"Escrito por":"f1000024","Tiempo de lectura":"10 minutos"},"schema":{"@context":"https:\/\/schema.org","@graph":[{"@type":"Article","@id":"https:\/\/cvinoticias.com\/v3\/la-revitalizante-fuerza-de-la-juventud\/#article","isPartOf":{"@id":"https:\/\/cvinoticias.com\/v3\/la-revitalizante-fuerza-de-la-juventud\/"},"author":{"name":"f1000024","@id":"https:\/\/cvinoticias.com\/v3\/#\/schema\/person\/2db77e3c6bc03c538495d7b2b8be9b66"},"headline":"La revitalizante fuerza de la Juventud","datePublished":"2023-01-15T13:32:29+00:00","mainEntityOfPage":{"@id":"https:\/\/cvinoticias.com\/v3\/la-revitalizante-fuerza-de-la-juventud\/"},"wordCount":1967,"commentCount":0,"publisher":{"@id":"https:\/\/cvinoticias.com\/v3\/#organization"},"image":{"@id":"https:\/\/cvinoticias.com\/v3\/la-revitalizante-fuerza-de-la-juventud\/#primaryimage"},"thumbnailUrl":"https:\/\/cvinoticias.com\/wp-content\/uploads\/2023\/01\/IMG-20230115-WA0001-1000x600-1.jpg","articleSection":["Politica"],"inLanguage":"es","potentialAction":[{"@type":"CommentAction","name":"Comment","target":["https:\/\/cvinoticias.com\/v3\/la-revitalizante-fuerza-de-la-juventud\/#respond"]}]},{"@type":"WebPage","@id":"https:\/\/cvinoticias.com\/v3\/la-revitalizante-fuerza-de-la-juventud\/","url":"https:\/\/cvinoticias.com\/v3\/la-revitalizante-fuerza-de-la-juventud\/","name":"La revitalizante fuerza de la Juventud | CVI NOTICIAS","isPartOf":{"@id":"https:\/\/cvinoticias.com\/v3\/#website"},"primaryImageOfPage":{"@id":"https:\/\/cvinoticias.com\/v3\/la-revitalizante-fuerza-de-la-juventud\/#primaryimage"},"image":{"@id":"https:\/\/cvinoticias.com\/v3\/la-revitalizante-fuerza-de-la-juventud\/#primaryimage"},"thumbnailUrl":"https:\/\/cvinoticias.com\/wp-content\/uploads\/2023\/01\/IMG-20230115-WA0001-1000x600-1.jpg","datePublished":"2023-01-15T13:32:29+00:00","breadcrumb":{"@id":"https:\/\/cvinoticias.com\/v3\/la-revitalizante-fuerza-de-la-juventud\/#breadcrumb"},"inLanguage":"es","potentialAction":[{"@type":"ReadAction","target":["https:\/\/cvinoticias.com\/v3\/la-revitalizante-fuerza-de-la-juventud\/"]}]},{"@type":"ImageObject","inLanguage":"es","@id":"https:\/\/cvinoticias.com\/v3\/la-revitalizante-fuerza-de-la-juventud\/#primaryimage","url":"https:\/\/cvinoticias.com\/wp-content\/uploads\/2023\/01\/IMG-20230115-WA0001-1000x600-1.jpg","contentUrl":"https:\/\/cvinoticias.com\/wp-content\/uploads\/2023\/01\/IMG-20230115-WA0001-1000x600-1.jpg","width":1000,"height":600},{"@type":"BreadcrumbList","@id":"https:\/\/cvinoticias.com\/v3\/la-revitalizante-fuerza-de-la-juventud\/#breadcrumb","itemListElement":[{"@type":"ListItem","position":1,"name":"Portada","item":"https:\/\/cvinoticias.com\/v3\/"},{"@type":"ListItem","position":2,"name":"La revitalizante fuerza de la Juventud"}]},{"@type":"WebSite","@id":"https:\/\/cvinoticias.com\/v3\/#website","url":"https:\/\/cvinoticias.com\/v3\/","name":"CVI NOTICIAS","description":"","publisher":{"@id":"https:\/\/cvinoticias.com\/v3\/#organization"},"alternateName":"CVI","potentialAction":[{"@type":"SearchAction","target":{"@type":"EntryPoint","urlTemplate":"https:\/\/cvinoticias.com\/v3\/?s={search_term_string}"},"query-input":{"@type":"PropertyValueSpecification","valueRequired":true,"valueName":"search_term_string"}}],"inLanguage":"es"},{"@type":"Organization","@id":"https:\/\/cvinoticias.com\/v3\/#organization","name":"CVI NOTICIAS","url":"https:\/\/cvinoticias.com\/v3\/","logo":{"@type":"ImageObject","inLanguage":"es","@id":"https:\/\/cvinoticias.com\/v3\/#\/schema\/logo\/image\/","url":"https:\/\/cvinoticias.com\/wp-content\/uploads\/2023\/04\/cropped-cropped-cropped-cropped-cropped-3-1.png","contentUrl":"https:\/\/cvinoticias.com\/wp-content\/uploads\/2023\/04\/cropped-cropped-cropped-cropped-cropped-3-1.png","width":95,"height":122,"caption":"CVI NOTICIAS"},"image":{"@id":"https:\/\/cvinoticias.com\/v3\/#\/schema\/logo\/image\/"},"sameAs":["https:\/\/www.facebook.com\/cvinoticias","https:\/\/www.instagram.com\/cvinoticias\/","https:\/\/www.youtube.com\/@CVINOTICIAS"]},{"@type":"Person","@id":"https:\/\/cvinoticias.com\/v3\/#\/schema\/person\/2db77e3c6bc03c538495d7b2b8be9b66","name":"f1000024","image":{"@type":"ImageObject","inLanguage":"es","@id":"https:\/\/secure.gravatar.com\/avatar\/d4fe7459cfc51ff5129ce1a732bbef5928568b8092d412ef95611616376bbeed?s=96&d=mm&r=g","url":"https:\/\/secure.gravatar.com\/avatar\/d4fe7459cfc51ff5129ce1a732bbef5928568b8092d412ef95611616376bbeed?s=96&d=mm&r=g","contentUrl":"https:\/\/secure.gravatar.com\/avatar\/d4fe7459cfc51ff5129ce1a732bbef5928568b8092d412ef95611616376bbeed?s=96&d=mm&r=g","caption":"f1000024"},"url":"https:\/\/cvinoticias.com\/v3\/author\/f1000024\/"}]}},"_links":{"self":[{"href":"https:\/\/cvinoticias.com\/v3\/wp-json\/wp\/v2\/posts\/21836","targetHints":{"allow":["GET"]}}],"collection":[{"href":"https:\/\/cvinoticias.com\/v3\/wp-json\/wp\/v2\/posts"}],"about":[{"href":"https:\/\/cvinoticias.com\/v3\/wp-json\/wp\/v2\/types\/post"}],"author":[{"embeddable":true,"href":"https:\/\/cvinoticias.com\/v3\/wp-json\/wp\/v2\/users\/2"}],"replies":[{"embeddable":true,"href":"https:\/\/cvinoticias.com\/v3\/wp-json\/wp\/v2\/comments?post=21836"}],"version-history":[{"count":1,"href":"https:\/\/cvinoticias.com\/v3\/wp-json\/wp\/v2\/posts\/21836\/revisions"}],"predecessor-version":[{"id":21838,"href":"https:\/\/cvinoticias.com\/v3\/wp-json\/wp\/v2\/posts\/21836\/revisions\/21838"}],"wp:featuredmedia":[{"embeddable":true,"href":"https:\/\/cvinoticias.com\/v3\/wp-json\/wp\/v2\/media\/21837"}],"wp:attachment":[{"href":"https:\/\/cvinoticias.com\/v3\/wp-json\/wp\/v2\/media?parent=21836"}],"wp:term":[{"taxonomy":"category","embeddable":true,"href":"https:\/\/cvinoticias.com\/v3\/wp-json\/wp\/v2\/categories?post=21836"},{"taxonomy":"post_tag","embeddable":true,"href":"https:\/\/cvinoticias.com\/v3\/wp-json\/wp\/v2\/tags?post=21836"}],"curies":[{"name":"wp","href":"https:\/\/api.w.org\/{rel}","templated":true}]}}