{"id":21821,"date":"2023-01-14T11:43:39","date_gmt":"2023-01-14T11:43:39","guid":{"rendered":"https:\/\/cvinoticias.com\/v3\/?p=21821"},"modified":"2023-01-14T11:43:39","modified_gmt":"2023-01-14T11:43:39","slug":"la-represa-itaipu-abrira-sus-compuertas-y-mejoraria-el-caudal-del-parana","status":"publish","type":"post","link":"https:\/\/cvinoticias.com\/v3\/la-represa-itaipu-abrira-sus-compuertas-y-mejoraria-el-caudal-del-parana\/","title":{"rendered":"La represa Itaip\u00fa abrir\u00e1 sus compuertas y mejorar\u00eda el caudal del Paran\u00e1"},"content":{"rendered":"\n<p><strong><em>La Direcci\u00f3n T\u00e9cnica de la Entidad dependiente de Brasil y Paraguay prev\u00e9 dicha apertura debido a \u00ablas condiciones de almacenamiento de los embalses aguas arriba de la hidroel\u00e9ctrica\u00bb.<\/em><\/strong><\/p>\n\n\n\n<p>La represa binacional Itaip\u00fa sobre el r\u00edo Paran\u00e1 inform\u00f3 que a partir de ma\u00f1ana se realizar\u00e1 una apertura de compuertas del vertedero de la central hidroel\u00e9ctrica para aliviar el volumen de agua tras las fuertes lluvias en Brasil, lo que podr\u00eda dar lugar a un aumento del caudal del r\u00edo sobre territorio argentino.<\/p>\n\n\n\n<p>As\u00ed, la Direcci\u00f3n T\u00e9cnica de la Entidad dependiente de Brasil y Paraguay prev\u00e9 dicha apertura debido a \u00ablas condiciones de almacenamiento de los embalses aguas arriba de la hidroel\u00e9ctrica\u00bb.<\/p>\n\n\n\n<p>Esta situaci\u00f3n \u00abhace necesaria la operaci\u00f3n teniendo en cuenta que hubo una recuperaci\u00f3n en los niveles de los principales embalses del sistema interconectado brasile\u00f1o (SIN-BR) tras la crisis h\u00eddrica del 2021 2022, llegando a 65,8%\u00bb.<\/p>\n\n\n\n<p>\u00abEste aumento significativo de los niveles de almacenamiento se debe especialmente a las lluvias que se vienen registrando desde finales de noviembre en gran parte del Brasil\u00bb, se\u00f1al\u00f3 el comunicado de la entidad binacional.<\/p>\n\n\n\n<p>Las descargas ser\u00e1n coordinadas por la Superintendencia de Operaci\u00f3n de Itaip\u00fa y el Operador Nacional del Sistema El\u00e9ctrico Brasile\u00f1o, y tendr\u00e1 como resultado, adem\u00e1s del control del nivel del embalse, contribuir a mejorar las condiciones de navegaci\u00f3n en el r\u00edo Paran\u00e1, principalmente desde la confluencia con el r\u00edo Paraguay.<\/p>\n","protected":false},"excerpt":{"rendered":"<p>La Direcci\u00f3n T\u00e9cnica de la Entidad dependiente de Brasil y Paraguay prev\u00e9 dicha apertura debido a \u00ablas condiciones de almacenamiento de los embalses aguas arriba de la hidroel\u00e9ctrica\u00bb. La represa binacional Itaip\u00fa sobre el r\u00edo Paran\u00e1 inform\u00f3 que a partir de ma\u00f1ana se realizar\u00e1 una apertura de compuertas del vertedero de la central hidroel\u00e9ctrica para [&hellip;]<\/p>\n","protected":false},"author":2,"featured_media":21822,"comment_status":"open","ping_status":"open","sticky":false,"template":"","format":"standard","meta":{"footnotes":""},"categories":[36],"tags":[],"class_list":["post-21821","post","type-post","status-publish","format-standard","has-post-thumbnail","hentry","category-internacionales"],"yoast_head":"<!-- This site is optimized with the Yoast SEO plugin v27.5 - https:\/\/yoast.com\/product\/yoast-seo-wordpress\/ -->\n<title>La represa Itaip\u00fa abrir\u00e1 sus compuertas y mejorar\u00eda el caudal del Paran\u00e1 | CVI NOTICIAS<\/title>\n<meta name=\"robots\" content=\"index, follow, max-snippet:-1, max-image-preview:large, max-video-preview:-1\" \/>\n<link rel=\"canonical\" href=\"https:\/\/cvinoticias.com\/v3\/la-represa-itaipu-abrira-sus-compuertas-y-mejoraria-el-caudal-del-parana\/\" \/>\n<meta property=\"og:locale\" content=\"es_ES\" \/>\n<meta property=\"og:type\" content=\"article\" \/>\n<meta property=\"og:title\" content=\"La represa Itaip\u00fa abrir\u00e1 sus compuertas y mejorar\u00eda el caudal del Paran\u00e1 | CVI NOTICIAS\" \/>\n<meta property=\"og:description\" content=\"La Direcci\u00f3n T\u00e9cnica de la Entidad dependiente de Brasil y Paraguay prev\u00e9 dicha apertura debido a \u00ablas condiciones de almacenamiento de los embalses aguas arriba de la hidroel\u00e9ctrica\u00bb. La represa binacional Itaip\u00fa sobre el r\u00edo Paran\u00e1 inform\u00f3 que a partir de ma\u00f1ana se realizar\u00e1 una apertura de compuertas del vertedero de la central hidroel\u00e9ctrica para [&hellip;]\" \/>\n<meta property=\"og:url\" content=\"https:\/\/cvinoticias.com\/v3\/la-represa-itaipu-abrira-sus-compuertas-y-mejoraria-el-caudal-del-parana\/\" \/>\n<meta property=\"og:site_name\" content=\"CVI NOTICIAS\" \/>\n<meta property=\"article:publisher\" content=\"https:\/\/www.facebook.com\/cvinoticias\" \/>\n<meta property=\"article:published_time\" content=\"2023-01-14T11:43:39+00:00\" \/>\n<meta property=\"og:image\" content=\"https:\/\/cvinoticias.com\/wp-content\/uploads\/2023\/01\/Represa.jpg\" \/>\n\t<meta property=\"og:image:width\" content=\"800\" \/>\n\t<meta property=\"og:image:height\" content=\"483\" \/>\n\t<meta property=\"og:image:type\" content=\"image\/jpeg\" \/>\n<meta name=\"author\" content=\"f1000024\" \/>\n<meta name=\"twitter:card\" content=\"summary_large_image\" \/>\n<meta name=\"twitter:label1\" content=\"Escrito por\" \/>\n\t<meta name=\"twitter:data1\" content=\"f1000024\" \/>\n\t<meta name=\"twitter:label2\" content=\"Tiempo de lectura\" \/>\n\t<meta name=\"twitter:data2\" content=\"1 minuto\" \/>\n<script type=\"application\/ld+json\" class=\"yoast-schema-graph\">{\"@context\":\"https:\\\/\\\/schema.org\",\"@graph\":[{\"@type\":\"Article\",\"@id\":\"https:\\\/\\\/cvinoticias.com\\\/v3\\\/la-represa-itaipu-abrira-sus-compuertas-y-mejoraria-el-caudal-del-parana\\\/#article\",\"isPartOf\":{\"@id\":\"https:\\\/\\\/cvinoticias.com\\\/v3\\\/la-represa-itaipu-abrira-sus-compuertas-y-mejoraria-el-caudal-del-parana\\\/\"},\"author\":{\"name\":\"f1000024\",\"@id\":\"https:\\\/\\\/cvinoticias.com\\\/v3\\\/#\\\/schema\\\/person\\\/2db77e3c6bc03c538495d7b2b8be9b66\"},\"headline\":\"La represa Itaip\u00fa abrir\u00e1 sus compuertas y mejorar\u00eda el caudal del Paran\u00e1\",\"datePublished\":\"2023-01-14T11:43:39+00:00\",\"mainEntityOfPage\":{\"@id\":\"https:\\\/\\\/cvinoticias.com\\\/v3\\\/la-represa-itaipu-abrira-sus-compuertas-y-mejoraria-el-caudal-del-parana\\\/\"},\"wordCount\":263,\"commentCount\":0,\"publisher\":{\"@id\":\"https:\\\/\\\/cvinoticias.com\\\/v3\\\/#organization\"},\"image\":{\"@id\":\"https:\\\/\\\/cvinoticias.com\\\/v3\\\/la-represa-itaipu-abrira-sus-compuertas-y-mejoraria-el-caudal-del-parana\\\/#primaryimage\"},\"thumbnailUrl\":\"https:\\\/\\\/cvinoticias.com\\\/wp-content\\\/uploads\\\/2023\\\/01\\\/Represa.jpg\",\"articleSection\":[\"Internacionales\"],\"inLanguage\":\"es\",\"potentialAction\":[{\"@type\":\"CommentAction\",\"name\":\"Comment\",\"target\":[\"https:\\\/\\\/cvinoticias.com\\\/v3\\\/la-represa-itaipu-abrira-sus-compuertas-y-mejoraria-el-caudal-del-parana\\\/#respond\"]}]},{\"@type\":\"WebPage\",\"@id\":\"https:\\\/\\\/cvinoticias.com\\\/v3\\\/la-represa-itaipu-abrira-sus-compuertas-y-mejoraria-el-caudal-del-parana\\\/\",\"url\":\"https:\\\/\\\/cvinoticias.com\\\/v3\\\/la-represa-itaipu-abrira-sus-compuertas-y-mejoraria-el-caudal-del-parana\\\/\",\"name\":\"La represa Itaip\u00fa abrir\u00e1 sus compuertas y mejorar\u00eda el caudal del Paran\u00e1 | CVI NOTICIAS\",\"isPartOf\":{\"@id\":\"https:\\\/\\\/cvinoticias.com\\\/v3\\\/#website\"},\"primaryImageOfPage\":{\"@id\":\"https:\\\/\\\/cvinoticias.com\\\/v3\\\/la-represa-itaipu-abrira-sus-compuertas-y-mejoraria-el-caudal-del-parana\\\/#primaryimage\"},\"image\":{\"@id\":\"https:\\\/\\\/cvinoticias.com\\\/v3\\\/la-represa-itaipu-abrira-sus-compuertas-y-mejoraria-el-caudal-del-parana\\\/#primaryimage\"},\"thumbnailUrl\":\"https:\\\/\\\/cvinoticias.com\\\/wp-content\\\/uploads\\\/2023\\\/01\\\/Represa.jpg\",\"datePublished\":\"2023-01-14T11:43:39+00:00\",\"breadcrumb\":{\"@id\":\"https:\\\/\\\/cvinoticias.com\\\/v3\\\/la-represa-itaipu-abrira-sus-compuertas-y-mejoraria-el-caudal-del-parana\\\/#breadcrumb\"},\"inLanguage\":\"es\",\"potentialAction\":[{\"@type\":\"ReadAction\",\"target\":[\"https:\\\/\\\/cvinoticias.com\\\/v3\\\/la-represa-itaipu-abrira-sus-compuertas-y-mejoraria-el-caudal-del-parana\\\/\"]}]},{\"@type\":\"ImageObject\",\"inLanguage\":\"es\",\"@id\":\"https:\\\/\\\/cvinoticias.com\\\/v3\\\/la-represa-itaipu-abrira-sus-compuertas-y-mejoraria-el-caudal-del-parana\\\/#primaryimage\",\"url\":\"https:\\\/\\\/cvinoticias.com\\\/wp-content\\\/uploads\\\/2023\\\/01\\\/Represa.jpg\",\"contentUrl\":\"https:\\\/\\\/cvinoticias.com\\\/wp-content\\\/uploads\\\/2023\\\/01\\\/Represa.jpg\",\"width\":800,\"height\":483},{\"@type\":\"BreadcrumbList\",\"@id\":\"https:\\\/\\\/cvinoticias.com\\\/v3\\\/la-represa-itaipu-abrira-sus-compuertas-y-mejoraria-el-caudal-del-parana\\\/#breadcrumb\",\"itemListElement\":[{\"@type\":\"ListItem\",\"position\":1,\"name\":\"Portada\",\"item\":\"https:\\\/\\\/cvinoticias.com\\\/v3\\\/\"},{\"@type\":\"ListItem\",\"position\":2,\"name\":\"La represa Itaip\u00fa abrir\u00e1 sus compuertas y mejorar\u00eda el caudal del Paran\u00e1\"}]},{\"@type\":\"WebSite\",\"@id\":\"https:\\\/\\\/cvinoticias.com\\\/v3\\\/#website\",\"url\":\"https:\\\/\\\/cvinoticias.com\\\/v3\\\/\",\"name\":\"CVI NOTICIAS\",\"description\":\"\",\"publisher\":{\"@id\":\"https:\\\/\\\/cvinoticias.com\\\/v3\\\/#organization\"},\"alternateName\":\"CVI\",\"potentialAction\":[{\"@type\":\"SearchAction\",\"target\":{\"@type\":\"EntryPoint\",\"urlTemplate\":\"https:\\\/\\\/cvinoticias.com\\\/v3\\\/?s={search_term_string}\"},\"query-input\":{\"@type\":\"PropertyValueSpecification\",\"valueRequired\":true,\"valueName\":\"search_term_string\"}}],\"inLanguage\":\"es\"},{\"@type\":\"Organization\",\"@id\":\"https:\\\/\\\/cvinoticias.com\\\/v3\\\/#organization\",\"name\":\"CVI NOTICIAS\",\"url\":\"https:\\\/\\\/cvinoticias.com\\\/v3\\\/\",\"logo\":{\"@type\":\"ImageObject\",\"inLanguage\":\"es\",\"@id\":\"https:\\\/\\\/cvinoticias.com\\\/v3\\\/#\\\/schema\\\/logo\\\/image\\\/\",\"url\":\"https:\\\/\\\/cvinoticias.com\\\/wp-content\\\/uploads\\\/2023\\\/04\\\/cropped-cropped-cropped-cropped-cropped-3-1.png\",\"contentUrl\":\"https:\\\/\\\/cvinoticias.com\\\/wp-content\\\/uploads\\\/2023\\\/04\\\/cropped-cropped-cropped-cropped-cropped-3-1.png\",\"width\":95,\"height\":122,\"caption\":\"CVI NOTICIAS\"},\"image\":{\"@id\":\"https:\\\/\\\/cvinoticias.com\\\/v3\\\/#\\\/schema\\\/logo\\\/image\\\/\"},\"sameAs\":[\"https:\\\/\\\/www.facebook.com\\\/cvinoticias\",\"https:\\\/\\\/www.instagram.com\\\/cvinoticias\\\/\",\"https:\\\/\\\/www.youtube.com\\\/@CVINOTICIAS\"]},{\"@type\":\"Person\",\"@id\":\"https:\\\/\\\/cvinoticias.com\\\/v3\\\/#\\\/schema\\\/person\\\/2db77e3c6bc03c538495d7b2b8be9b66\",\"name\":\"f1000024\",\"image\":{\"@type\":\"ImageObject\",\"inLanguage\":\"es\",\"@id\":\"https:\\\/\\\/secure.gravatar.com\\\/avatar\\\/d4fe7459cfc51ff5129ce1a732bbef5928568b8092d412ef95611616376bbeed?s=96&d=mm&r=g\",\"url\":\"https:\\\/\\\/secure.gravatar.com\\\/avatar\\\/d4fe7459cfc51ff5129ce1a732bbef5928568b8092d412ef95611616376bbeed?s=96&d=mm&r=g\",\"contentUrl\":\"https:\\\/\\\/secure.gravatar.com\\\/avatar\\\/d4fe7459cfc51ff5129ce1a732bbef5928568b8092d412ef95611616376bbeed?s=96&d=mm&r=g\",\"caption\":\"f1000024\"},\"url\":\"https:\\\/\\\/cvinoticias.com\\\/v3\\\/author\\\/f1000024\\\/\"}]}<\/script>\n<!-- \/ Yoast SEO plugin. -->","yoast_head_json":{"title":"La represa Itaip\u00fa abrir\u00e1 sus compuertas y mejorar\u00eda el caudal del Paran\u00e1 | CVI NOTICIAS","robots":{"index":"index","follow":"follow","max-snippet":"max-snippet:-1","max-image-preview":"max-image-preview:large","max-video-preview":"max-video-preview:-1"},"canonical":"https:\/\/cvinoticias.com\/v3\/la-represa-itaipu-abrira-sus-compuertas-y-mejoraria-el-caudal-del-parana\/","og_locale":"es_ES","og_type":"article","og_title":"La represa Itaip\u00fa abrir\u00e1 sus compuertas y mejorar\u00eda el caudal del Paran\u00e1 | CVI NOTICIAS","og_description":"La Direcci\u00f3n T\u00e9cnica de la Entidad dependiente de Brasil y Paraguay prev\u00e9 dicha apertura debido a \u00ablas condiciones de almacenamiento de los embalses aguas arriba de la hidroel\u00e9ctrica\u00bb. La represa binacional Itaip\u00fa sobre el r\u00edo Paran\u00e1 inform\u00f3 que a partir de ma\u00f1ana se realizar\u00e1 una apertura de compuertas del vertedero de la central hidroel\u00e9ctrica para [&hellip;]","og_url":"https:\/\/cvinoticias.com\/v3\/la-represa-itaipu-abrira-sus-compuertas-y-mejoraria-el-caudal-del-parana\/","og_site_name":"CVI NOTICIAS","article_publisher":"https:\/\/www.facebook.com\/cvinoticias","article_published_time":"2023-01-14T11:43:39+00:00","og_image":[{"width":800,"height":483,"url":"https:\/\/cvinoticias.com\/wp-content\/uploads\/2023\/01\/Represa.jpg","type":"image\/jpeg"}],"author":"f1000024","twitter_card":"summary_large_image","twitter_misc":{"Escrito por":"f1000024","Tiempo de lectura":"1 minuto"},"schema":{"@context":"https:\/\/schema.org","@graph":[{"@type":"Article","@id":"https:\/\/cvinoticias.com\/v3\/la-represa-itaipu-abrira-sus-compuertas-y-mejoraria-el-caudal-del-parana\/#article","isPartOf":{"@id":"https:\/\/cvinoticias.com\/v3\/la-represa-itaipu-abrira-sus-compuertas-y-mejoraria-el-caudal-del-parana\/"},"author":{"name":"f1000024","@id":"https:\/\/cvinoticias.com\/v3\/#\/schema\/person\/2db77e3c6bc03c538495d7b2b8be9b66"},"headline":"La represa Itaip\u00fa abrir\u00e1 sus compuertas y mejorar\u00eda el caudal del Paran\u00e1","datePublished":"2023-01-14T11:43:39+00:00","mainEntityOfPage":{"@id":"https:\/\/cvinoticias.com\/v3\/la-represa-itaipu-abrira-sus-compuertas-y-mejoraria-el-caudal-del-parana\/"},"wordCount":263,"commentCount":0,"publisher":{"@id":"https:\/\/cvinoticias.com\/v3\/#organization"},"image":{"@id":"https:\/\/cvinoticias.com\/v3\/la-represa-itaipu-abrira-sus-compuertas-y-mejoraria-el-caudal-del-parana\/#primaryimage"},"thumbnailUrl":"https:\/\/cvinoticias.com\/wp-content\/uploads\/2023\/01\/Represa.jpg","articleSection":["Internacionales"],"inLanguage":"es","potentialAction":[{"@type":"CommentAction","name":"Comment","target":["https:\/\/cvinoticias.com\/v3\/la-represa-itaipu-abrira-sus-compuertas-y-mejoraria-el-caudal-del-parana\/#respond"]}]},{"@type":"WebPage","@id":"https:\/\/cvinoticias.com\/v3\/la-represa-itaipu-abrira-sus-compuertas-y-mejoraria-el-caudal-del-parana\/","url":"https:\/\/cvinoticias.com\/v3\/la-represa-itaipu-abrira-sus-compuertas-y-mejoraria-el-caudal-del-parana\/","name":"La represa Itaip\u00fa abrir\u00e1 sus compuertas y mejorar\u00eda el caudal del Paran\u00e1 | CVI NOTICIAS","isPartOf":{"@id":"https:\/\/cvinoticias.com\/v3\/#website"},"primaryImageOfPage":{"@id":"https:\/\/cvinoticias.com\/v3\/la-represa-itaipu-abrira-sus-compuertas-y-mejoraria-el-caudal-del-parana\/#primaryimage"},"image":{"@id":"https:\/\/cvinoticias.com\/v3\/la-represa-itaipu-abrira-sus-compuertas-y-mejoraria-el-caudal-del-parana\/#primaryimage"},"thumbnailUrl":"https:\/\/cvinoticias.com\/wp-content\/uploads\/2023\/01\/Represa.jpg","datePublished":"2023-01-14T11:43:39+00:00","breadcrumb":{"@id":"https:\/\/cvinoticias.com\/v3\/la-represa-itaipu-abrira-sus-compuertas-y-mejoraria-el-caudal-del-parana\/#breadcrumb"},"inLanguage":"es","potentialAction":[{"@type":"ReadAction","target":["https:\/\/cvinoticias.com\/v3\/la-represa-itaipu-abrira-sus-compuertas-y-mejoraria-el-caudal-del-parana\/"]}]},{"@type":"ImageObject","inLanguage":"es","@id":"https:\/\/cvinoticias.com\/v3\/la-represa-itaipu-abrira-sus-compuertas-y-mejoraria-el-caudal-del-parana\/#primaryimage","url":"https:\/\/cvinoticias.com\/wp-content\/uploads\/2023\/01\/Represa.jpg","contentUrl":"https:\/\/cvinoticias.com\/wp-content\/uploads\/2023\/01\/Represa.jpg","width":800,"height":483},{"@type":"BreadcrumbList","@id":"https:\/\/cvinoticias.com\/v3\/la-represa-itaipu-abrira-sus-compuertas-y-mejoraria-el-caudal-del-parana\/#breadcrumb","itemListElement":[{"@type":"ListItem","position":1,"name":"Portada","item":"https:\/\/cvinoticias.com\/v3\/"},{"@type":"ListItem","position":2,"name":"La represa Itaip\u00fa abrir\u00e1 sus compuertas y mejorar\u00eda el caudal del Paran\u00e1"}]},{"@type":"WebSite","@id":"https:\/\/cvinoticias.com\/v3\/#website","url":"https:\/\/cvinoticias.com\/v3\/","name":"CVI NOTICIAS","description":"","publisher":{"@id":"https:\/\/cvinoticias.com\/v3\/#organization"},"alternateName":"CVI","potentialAction":[{"@type":"SearchAction","target":{"@type":"EntryPoint","urlTemplate":"https:\/\/cvinoticias.com\/v3\/?s={search_term_string}"},"query-input":{"@type":"PropertyValueSpecification","valueRequired":true,"valueName":"search_term_string"}}],"inLanguage":"es"},{"@type":"Organization","@id":"https:\/\/cvinoticias.com\/v3\/#organization","name":"CVI NOTICIAS","url":"https:\/\/cvinoticias.com\/v3\/","logo":{"@type":"ImageObject","inLanguage":"es","@id":"https:\/\/cvinoticias.com\/v3\/#\/schema\/logo\/image\/","url":"https:\/\/cvinoticias.com\/wp-content\/uploads\/2023\/04\/cropped-cropped-cropped-cropped-cropped-3-1.png","contentUrl":"https:\/\/cvinoticias.com\/wp-content\/uploads\/2023\/04\/cropped-cropped-cropped-cropped-cropped-3-1.png","width":95,"height":122,"caption":"CVI NOTICIAS"},"image":{"@id":"https:\/\/cvinoticias.com\/v3\/#\/schema\/logo\/image\/"},"sameAs":["https:\/\/www.facebook.com\/cvinoticias","https:\/\/www.instagram.com\/cvinoticias\/","https:\/\/www.youtube.com\/@CVINOTICIAS"]},{"@type":"Person","@id":"https:\/\/cvinoticias.com\/v3\/#\/schema\/person\/2db77e3c6bc03c538495d7b2b8be9b66","name":"f1000024","image":{"@type":"ImageObject","inLanguage":"es","@id":"https:\/\/secure.gravatar.com\/avatar\/d4fe7459cfc51ff5129ce1a732bbef5928568b8092d412ef95611616376bbeed?s=96&d=mm&r=g","url":"https:\/\/secure.gravatar.com\/avatar\/d4fe7459cfc51ff5129ce1a732bbef5928568b8092d412ef95611616376bbeed?s=96&d=mm&r=g","contentUrl":"https:\/\/secure.gravatar.com\/avatar\/d4fe7459cfc51ff5129ce1a732bbef5928568b8092d412ef95611616376bbeed?s=96&d=mm&r=g","caption":"f1000024"},"url":"https:\/\/cvinoticias.com\/v3\/author\/f1000024\/"}]}},"_links":{"self":[{"href":"https:\/\/cvinoticias.com\/v3\/wp-json\/wp\/v2\/posts\/21821","targetHints":{"allow":["GET"]}}],"collection":[{"href":"https:\/\/cvinoticias.com\/v3\/wp-json\/wp\/v2\/posts"}],"about":[{"href":"https:\/\/cvinoticias.com\/v3\/wp-json\/wp\/v2\/types\/post"}],"author":[{"embeddable":true,"href":"https:\/\/cvinoticias.com\/v3\/wp-json\/wp\/v2\/users\/2"}],"replies":[{"embeddable":true,"href":"https:\/\/cvinoticias.com\/v3\/wp-json\/wp\/v2\/comments?post=21821"}],"version-history":[{"count":1,"href":"https:\/\/cvinoticias.com\/v3\/wp-json\/wp\/v2\/posts\/21821\/revisions"}],"predecessor-version":[{"id":21823,"href":"https:\/\/cvinoticias.com\/v3\/wp-json\/wp\/v2\/posts\/21821\/revisions\/21823"}],"wp:featuredmedia":[{"embeddable":true,"href":"https:\/\/cvinoticias.com\/v3\/wp-json\/wp\/v2\/media\/21822"}],"wp:attachment":[{"href":"https:\/\/cvinoticias.com\/v3\/wp-json\/wp\/v2\/media?parent=21821"}],"wp:term":[{"taxonomy":"category","embeddable":true,"href":"https:\/\/cvinoticias.com\/v3\/wp-json\/wp\/v2\/categories?post=21821"},{"taxonomy":"post_tag","embeddable":true,"href":"https:\/\/cvinoticias.com\/v3\/wp-json\/wp\/v2\/tags?post=21821"}],"curies":[{"name":"wp","href":"https:\/\/api.w.org\/{rel}","templated":true}]}}