{"id":21810,"date":"2023-01-13T12:13:45","date_gmt":"2023-01-13T12:13:45","guid":{"rendered":"https:\/\/cvinoticias.com\/v3\/?p=21810"},"modified":"2023-01-13T12:13:45","modified_gmt":"2023-01-13T12:13:45","slug":"el-gobierno-oficializo-la-convocatoria-a-sesiones-extraordinarias-del-congreso-el-23-de-enero","status":"publish","type":"post","link":"https:\/\/cvinoticias.com\/v3\/el-gobierno-oficializo-la-convocatoria-a-sesiones-extraordinarias-del-congreso-el-23-de-enero\/","title":{"rendered":"El Gobierno oficializ\u00f3 la convocatoria a sesiones extraordinarias del Congreso el 23 de enero"},"content":{"rendered":"\n<p><strong><em>27 proyectos componen el temario, entre los que se incluye el pedido de juicio pol\u00edtico a los miembros de la Corte Suprema de Justicia.<\/em><\/strong><\/p>\n\n\n\n<p>El Gobierno nacional oficializ\u00f3 la convocatoria a sesiones extraordinarias del Congreso que se extender\u00e1 del 23 de enero hasta el 28 de febrero.<\/p>\n\n\n\n<p>La medida fue anunciada ayer por la portavoz de la Presidencia, Gabriela Cerruti, y oficializada hoy mediante Decreto 17\/2023 que lleva la firma del presidente Alberto Fern\u00e1ndez y del jefe de Gabinete Juan Manzur.<\/p>\n\n\n\n<p>El Poder Ejecutivo confirm\u00f3 que el temario incluir\u00e1 27 temas, entre los que se incluye el pedido de juicio pol\u00edtico a los miembros de la Corte Suprema de Justicia.<\/p>\n\n\n\n<p>Entre ellos, explica el instrumento oficial, \u00abse propicia el tratamiento del proyecto de ley que modifica la Ley del Consejo de la Magistratura en virtud de lo establecido en los puntos II y III) de la parte resolutiva del fallo dictado en los autos \u201cColegio de Abogados de la Ciudad de Buenos Aires y otro c\/ E.N. -ley 26.080 -dto. 816\/99 y otros s\/ proceso de conocimiento\u201d.<\/p>\n\n\n\n<p>\u201cTenemos un extenso temario con proyectos important\u00edsimos para todos los argentinos y las argentinas que tienen que ver con el desarrollo productivo y temas judiciales, como la designaci\u00f3n del Procurador General de la Naci\u00f3n y la reforma del Consejo de la Magistratura, que la misma Corte Suprema de Justicia ha pedido que se lleven adelante\u201d, afirm\u00f3 Cerruti ayer en su habitual conferencia de prensa en la Casa Rosada.<\/p>\n","protected":false},"excerpt":{"rendered":"<p>27 proyectos componen el temario, entre los que se incluye el pedido de juicio pol\u00edtico a los miembros de la Corte Suprema de Justicia. El Gobierno nacional oficializ\u00f3 la convocatoria a sesiones extraordinarias del Congreso que se extender\u00e1 del 23 de enero hasta el 28 de febrero. La medida fue anunciada ayer por la portavoz [&hellip;]<\/p>\n","protected":false},"author":2,"featured_media":21811,"comment_status":"open","ping_status":"open","sticky":false,"template":"","format":"standard","meta":{"footnotes":""},"categories":[39],"tags":[],"class_list":["post-21810","post","type-post","status-publish","format-standard","has-post-thumbnail","hentry","category-nacionales"],"yoast_head":"<!-- This site is optimized with the Yoast SEO plugin v27.5 - https:\/\/yoast.com\/product\/yoast-seo-wordpress\/ -->\n<title>El Gobierno oficializ\u00f3 la convocatoria a sesiones extraordinarias del Congreso el 23 de enero | CVI NOTICIAS<\/title>\n<meta name=\"robots\" content=\"index, follow, max-snippet:-1, max-image-preview:large, max-video-preview:-1\" \/>\n<link rel=\"canonical\" href=\"https:\/\/cvinoticias.com\/v3\/el-gobierno-oficializo-la-convocatoria-a-sesiones-extraordinarias-del-congreso-el-23-de-enero\/\" \/>\n<meta property=\"og:locale\" content=\"es_ES\" \/>\n<meta property=\"og:type\" content=\"article\" \/>\n<meta property=\"og:title\" content=\"El Gobierno oficializ\u00f3 la convocatoria a sesiones extraordinarias del Congreso el 23 de enero | CVI NOTICIAS\" \/>\n<meta property=\"og:description\" content=\"27 proyectos componen el temario, entre los que se incluye el pedido de juicio pol\u00edtico a los miembros de la Corte Suprema de Justicia. El Gobierno nacional oficializ\u00f3 la convocatoria a sesiones extraordinarias del Congreso que se extender\u00e1 del 23 de enero hasta el 28 de febrero. La medida fue anunciada ayer por la portavoz [&hellip;]\" \/>\n<meta property=\"og:url\" content=\"https:\/\/cvinoticias.com\/v3\/el-gobierno-oficializo-la-convocatoria-a-sesiones-extraordinarias-del-congreso-el-23-de-enero\/\" \/>\n<meta property=\"og:site_name\" content=\"CVI NOTICIAS\" \/>\n<meta property=\"article:publisher\" content=\"https:\/\/www.facebook.com\/cvinoticias\" \/>\n<meta property=\"article:published_time\" content=\"2023-01-13T12:13:45+00:00\" \/>\n<meta property=\"og:image\" content=\"https:\/\/cvinoticias.com\/wp-content\/uploads\/2023\/01\/f608x342-396651_426374_0.jpg\" \/>\n\t<meta property=\"og:image:width\" content=\"608\" \/>\n\t<meta property=\"og:image:height\" content=\"342\" \/>\n\t<meta property=\"og:image:type\" content=\"image\/jpeg\" \/>\n<meta name=\"author\" content=\"f1000024\" \/>\n<meta name=\"twitter:card\" content=\"summary_large_image\" \/>\n<meta name=\"twitter:label1\" content=\"Escrito por\" \/>\n\t<meta name=\"twitter:data1\" content=\"f1000024\" \/>\n\t<meta name=\"twitter:label2\" content=\"Tiempo de lectura\" \/>\n\t<meta name=\"twitter:data2\" content=\"1 minuto\" \/>\n<script type=\"application\/ld+json\" class=\"yoast-schema-graph\">{\"@context\":\"https:\\\/\\\/schema.org\",\"@graph\":[{\"@type\":\"Article\",\"@id\":\"https:\\\/\\\/cvinoticias.com\\\/v3\\\/el-gobierno-oficializo-la-convocatoria-a-sesiones-extraordinarias-del-congreso-el-23-de-enero\\\/#article\",\"isPartOf\":{\"@id\":\"https:\\\/\\\/cvinoticias.com\\\/v3\\\/el-gobierno-oficializo-la-convocatoria-a-sesiones-extraordinarias-del-congreso-el-23-de-enero\\\/\"},\"author\":{\"name\":\"f1000024\",\"@id\":\"https:\\\/\\\/cvinoticias.com\\\/v3\\\/#\\\/schema\\\/person\\\/2db77e3c6bc03c538495d7b2b8be9b66\"},\"headline\":\"El Gobierno oficializ\u00f3 la convocatoria a sesiones extraordinarias del Congreso el 23 de enero\",\"datePublished\":\"2023-01-13T12:13:45+00:00\",\"mainEntityOfPage\":{\"@id\":\"https:\\\/\\\/cvinoticias.com\\\/v3\\\/el-gobierno-oficializo-la-convocatoria-a-sesiones-extraordinarias-del-congreso-el-23-de-enero\\\/\"},\"wordCount\":258,\"commentCount\":0,\"publisher\":{\"@id\":\"https:\\\/\\\/cvinoticias.com\\\/v3\\\/#organization\"},\"image\":{\"@id\":\"https:\\\/\\\/cvinoticias.com\\\/v3\\\/el-gobierno-oficializo-la-convocatoria-a-sesiones-extraordinarias-del-congreso-el-23-de-enero\\\/#primaryimage\"},\"thumbnailUrl\":\"https:\\\/\\\/cvinoticias.com\\\/wp-content\\\/uploads\\\/2023\\\/01\\\/f608x342-396651_426374_0.jpg\",\"articleSection\":[\"Nacionales\"],\"inLanguage\":\"es\",\"potentialAction\":[{\"@type\":\"CommentAction\",\"name\":\"Comment\",\"target\":[\"https:\\\/\\\/cvinoticias.com\\\/v3\\\/el-gobierno-oficializo-la-convocatoria-a-sesiones-extraordinarias-del-congreso-el-23-de-enero\\\/#respond\"]}]},{\"@type\":\"WebPage\",\"@id\":\"https:\\\/\\\/cvinoticias.com\\\/v3\\\/el-gobierno-oficializo-la-convocatoria-a-sesiones-extraordinarias-del-congreso-el-23-de-enero\\\/\",\"url\":\"https:\\\/\\\/cvinoticias.com\\\/v3\\\/el-gobierno-oficializo-la-convocatoria-a-sesiones-extraordinarias-del-congreso-el-23-de-enero\\\/\",\"name\":\"El Gobierno oficializ\u00f3 la convocatoria a sesiones extraordinarias del Congreso el 23 de enero | CVI NOTICIAS\",\"isPartOf\":{\"@id\":\"https:\\\/\\\/cvinoticias.com\\\/v3\\\/#website\"},\"primaryImageOfPage\":{\"@id\":\"https:\\\/\\\/cvinoticias.com\\\/v3\\\/el-gobierno-oficializo-la-convocatoria-a-sesiones-extraordinarias-del-congreso-el-23-de-enero\\\/#primaryimage\"},\"image\":{\"@id\":\"https:\\\/\\\/cvinoticias.com\\\/v3\\\/el-gobierno-oficializo-la-convocatoria-a-sesiones-extraordinarias-del-congreso-el-23-de-enero\\\/#primaryimage\"},\"thumbnailUrl\":\"https:\\\/\\\/cvinoticias.com\\\/wp-content\\\/uploads\\\/2023\\\/01\\\/f608x342-396651_426374_0.jpg\",\"datePublished\":\"2023-01-13T12:13:45+00:00\",\"breadcrumb\":{\"@id\":\"https:\\\/\\\/cvinoticias.com\\\/v3\\\/el-gobierno-oficializo-la-convocatoria-a-sesiones-extraordinarias-del-congreso-el-23-de-enero\\\/#breadcrumb\"},\"inLanguage\":\"es\",\"potentialAction\":[{\"@type\":\"ReadAction\",\"target\":[\"https:\\\/\\\/cvinoticias.com\\\/v3\\\/el-gobierno-oficializo-la-convocatoria-a-sesiones-extraordinarias-del-congreso-el-23-de-enero\\\/\"]}]},{\"@type\":\"ImageObject\",\"inLanguage\":\"es\",\"@id\":\"https:\\\/\\\/cvinoticias.com\\\/v3\\\/el-gobierno-oficializo-la-convocatoria-a-sesiones-extraordinarias-del-congreso-el-23-de-enero\\\/#primaryimage\",\"url\":\"https:\\\/\\\/cvinoticias.com\\\/wp-content\\\/uploads\\\/2023\\\/01\\\/f608x342-396651_426374_0.jpg\",\"contentUrl\":\"https:\\\/\\\/cvinoticias.com\\\/wp-content\\\/uploads\\\/2023\\\/01\\\/f608x342-396651_426374_0.jpg\",\"width\":608,\"height\":342},{\"@type\":\"BreadcrumbList\",\"@id\":\"https:\\\/\\\/cvinoticias.com\\\/v3\\\/el-gobierno-oficializo-la-convocatoria-a-sesiones-extraordinarias-del-congreso-el-23-de-enero\\\/#breadcrumb\",\"itemListElement\":[{\"@type\":\"ListItem\",\"position\":1,\"name\":\"Portada\",\"item\":\"https:\\\/\\\/cvinoticias.com\\\/v3\\\/\"},{\"@type\":\"ListItem\",\"position\":2,\"name\":\"El Gobierno oficializ\u00f3 la convocatoria a sesiones extraordinarias del Congreso el 23 de enero\"}]},{\"@type\":\"WebSite\",\"@id\":\"https:\\\/\\\/cvinoticias.com\\\/v3\\\/#website\",\"url\":\"https:\\\/\\\/cvinoticias.com\\\/v3\\\/\",\"name\":\"CVI NOTICIAS\",\"description\":\"\",\"publisher\":{\"@id\":\"https:\\\/\\\/cvinoticias.com\\\/v3\\\/#organization\"},\"alternateName\":\"CVI\",\"potentialAction\":[{\"@type\":\"SearchAction\",\"target\":{\"@type\":\"EntryPoint\",\"urlTemplate\":\"https:\\\/\\\/cvinoticias.com\\\/v3\\\/?s={search_term_string}\"},\"query-input\":{\"@type\":\"PropertyValueSpecification\",\"valueRequired\":true,\"valueName\":\"search_term_string\"}}],\"inLanguage\":\"es\"},{\"@type\":\"Organization\",\"@id\":\"https:\\\/\\\/cvinoticias.com\\\/v3\\\/#organization\",\"name\":\"CVI NOTICIAS\",\"url\":\"https:\\\/\\\/cvinoticias.com\\\/v3\\\/\",\"logo\":{\"@type\":\"ImageObject\",\"inLanguage\":\"es\",\"@id\":\"https:\\\/\\\/cvinoticias.com\\\/v3\\\/#\\\/schema\\\/logo\\\/image\\\/\",\"url\":\"https:\\\/\\\/cvinoticias.com\\\/wp-content\\\/uploads\\\/2023\\\/04\\\/cropped-cropped-cropped-cropped-cropped-3-1.png\",\"contentUrl\":\"https:\\\/\\\/cvinoticias.com\\\/wp-content\\\/uploads\\\/2023\\\/04\\\/cropped-cropped-cropped-cropped-cropped-3-1.png\",\"width\":95,\"height\":122,\"caption\":\"CVI NOTICIAS\"},\"image\":{\"@id\":\"https:\\\/\\\/cvinoticias.com\\\/v3\\\/#\\\/schema\\\/logo\\\/image\\\/\"},\"sameAs\":[\"https:\\\/\\\/www.facebook.com\\\/cvinoticias\",\"https:\\\/\\\/www.instagram.com\\\/cvinoticias\\\/\",\"https:\\\/\\\/www.youtube.com\\\/@CVINOTICIAS\"]},{\"@type\":\"Person\",\"@id\":\"https:\\\/\\\/cvinoticias.com\\\/v3\\\/#\\\/schema\\\/person\\\/2db77e3c6bc03c538495d7b2b8be9b66\",\"name\":\"f1000024\",\"image\":{\"@type\":\"ImageObject\",\"inLanguage\":\"es\",\"@id\":\"https:\\\/\\\/secure.gravatar.com\\\/avatar\\\/d4fe7459cfc51ff5129ce1a732bbef5928568b8092d412ef95611616376bbeed?s=96&d=mm&r=g\",\"url\":\"https:\\\/\\\/secure.gravatar.com\\\/avatar\\\/d4fe7459cfc51ff5129ce1a732bbef5928568b8092d412ef95611616376bbeed?s=96&d=mm&r=g\",\"contentUrl\":\"https:\\\/\\\/secure.gravatar.com\\\/avatar\\\/d4fe7459cfc51ff5129ce1a732bbef5928568b8092d412ef95611616376bbeed?s=96&d=mm&r=g\",\"caption\":\"f1000024\"},\"url\":\"https:\\\/\\\/cvinoticias.com\\\/v3\\\/author\\\/f1000024\\\/\"}]}<\/script>\n<!-- \/ Yoast SEO plugin. -->","yoast_head_json":{"title":"El Gobierno oficializ\u00f3 la convocatoria a sesiones extraordinarias del Congreso el 23 de enero | CVI NOTICIAS","robots":{"index":"index","follow":"follow","max-snippet":"max-snippet:-1","max-image-preview":"max-image-preview:large","max-video-preview":"max-video-preview:-1"},"canonical":"https:\/\/cvinoticias.com\/v3\/el-gobierno-oficializo-la-convocatoria-a-sesiones-extraordinarias-del-congreso-el-23-de-enero\/","og_locale":"es_ES","og_type":"article","og_title":"El Gobierno oficializ\u00f3 la convocatoria a sesiones extraordinarias del Congreso el 23 de enero | CVI NOTICIAS","og_description":"27 proyectos componen el temario, entre los que se incluye el pedido de juicio pol\u00edtico a los miembros de la Corte Suprema de Justicia. El Gobierno nacional oficializ\u00f3 la convocatoria a sesiones extraordinarias del Congreso que se extender\u00e1 del 23 de enero hasta el 28 de febrero. La medida fue anunciada ayer por la portavoz [&hellip;]","og_url":"https:\/\/cvinoticias.com\/v3\/el-gobierno-oficializo-la-convocatoria-a-sesiones-extraordinarias-del-congreso-el-23-de-enero\/","og_site_name":"CVI NOTICIAS","article_publisher":"https:\/\/www.facebook.com\/cvinoticias","article_published_time":"2023-01-13T12:13:45+00:00","og_image":[{"width":608,"height":342,"url":"https:\/\/cvinoticias.com\/wp-content\/uploads\/2023\/01\/f608x342-396651_426374_0.jpg","type":"image\/jpeg"}],"author":"f1000024","twitter_card":"summary_large_image","twitter_misc":{"Escrito por":"f1000024","Tiempo de lectura":"1 minuto"},"schema":{"@context":"https:\/\/schema.org","@graph":[{"@type":"Article","@id":"https:\/\/cvinoticias.com\/v3\/el-gobierno-oficializo-la-convocatoria-a-sesiones-extraordinarias-del-congreso-el-23-de-enero\/#article","isPartOf":{"@id":"https:\/\/cvinoticias.com\/v3\/el-gobierno-oficializo-la-convocatoria-a-sesiones-extraordinarias-del-congreso-el-23-de-enero\/"},"author":{"name":"f1000024","@id":"https:\/\/cvinoticias.com\/v3\/#\/schema\/person\/2db77e3c6bc03c538495d7b2b8be9b66"},"headline":"El Gobierno oficializ\u00f3 la convocatoria a sesiones extraordinarias del Congreso el 23 de enero","datePublished":"2023-01-13T12:13:45+00:00","mainEntityOfPage":{"@id":"https:\/\/cvinoticias.com\/v3\/el-gobierno-oficializo-la-convocatoria-a-sesiones-extraordinarias-del-congreso-el-23-de-enero\/"},"wordCount":258,"commentCount":0,"publisher":{"@id":"https:\/\/cvinoticias.com\/v3\/#organization"},"image":{"@id":"https:\/\/cvinoticias.com\/v3\/el-gobierno-oficializo-la-convocatoria-a-sesiones-extraordinarias-del-congreso-el-23-de-enero\/#primaryimage"},"thumbnailUrl":"https:\/\/cvinoticias.com\/wp-content\/uploads\/2023\/01\/f608x342-396651_426374_0.jpg","articleSection":["Nacionales"],"inLanguage":"es","potentialAction":[{"@type":"CommentAction","name":"Comment","target":["https:\/\/cvinoticias.com\/v3\/el-gobierno-oficializo-la-convocatoria-a-sesiones-extraordinarias-del-congreso-el-23-de-enero\/#respond"]}]},{"@type":"WebPage","@id":"https:\/\/cvinoticias.com\/v3\/el-gobierno-oficializo-la-convocatoria-a-sesiones-extraordinarias-del-congreso-el-23-de-enero\/","url":"https:\/\/cvinoticias.com\/v3\/el-gobierno-oficializo-la-convocatoria-a-sesiones-extraordinarias-del-congreso-el-23-de-enero\/","name":"El Gobierno oficializ\u00f3 la convocatoria a sesiones extraordinarias del Congreso el 23 de enero | CVI NOTICIAS","isPartOf":{"@id":"https:\/\/cvinoticias.com\/v3\/#website"},"primaryImageOfPage":{"@id":"https:\/\/cvinoticias.com\/v3\/el-gobierno-oficializo-la-convocatoria-a-sesiones-extraordinarias-del-congreso-el-23-de-enero\/#primaryimage"},"image":{"@id":"https:\/\/cvinoticias.com\/v3\/el-gobierno-oficializo-la-convocatoria-a-sesiones-extraordinarias-del-congreso-el-23-de-enero\/#primaryimage"},"thumbnailUrl":"https:\/\/cvinoticias.com\/wp-content\/uploads\/2023\/01\/f608x342-396651_426374_0.jpg","datePublished":"2023-01-13T12:13:45+00:00","breadcrumb":{"@id":"https:\/\/cvinoticias.com\/v3\/el-gobierno-oficializo-la-convocatoria-a-sesiones-extraordinarias-del-congreso-el-23-de-enero\/#breadcrumb"},"inLanguage":"es","potentialAction":[{"@type":"ReadAction","target":["https:\/\/cvinoticias.com\/v3\/el-gobierno-oficializo-la-convocatoria-a-sesiones-extraordinarias-del-congreso-el-23-de-enero\/"]}]},{"@type":"ImageObject","inLanguage":"es","@id":"https:\/\/cvinoticias.com\/v3\/el-gobierno-oficializo-la-convocatoria-a-sesiones-extraordinarias-del-congreso-el-23-de-enero\/#primaryimage","url":"https:\/\/cvinoticias.com\/wp-content\/uploads\/2023\/01\/f608x342-396651_426374_0.jpg","contentUrl":"https:\/\/cvinoticias.com\/wp-content\/uploads\/2023\/01\/f608x342-396651_426374_0.jpg","width":608,"height":342},{"@type":"BreadcrumbList","@id":"https:\/\/cvinoticias.com\/v3\/el-gobierno-oficializo-la-convocatoria-a-sesiones-extraordinarias-del-congreso-el-23-de-enero\/#breadcrumb","itemListElement":[{"@type":"ListItem","position":1,"name":"Portada","item":"https:\/\/cvinoticias.com\/v3\/"},{"@type":"ListItem","position":2,"name":"El Gobierno oficializ\u00f3 la convocatoria a sesiones extraordinarias del Congreso el 23 de enero"}]},{"@type":"WebSite","@id":"https:\/\/cvinoticias.com\/v3\/#website","url":"https:\/\/cvinoticias.com\/v3\/","name":"CVI NOTICIAS","description":"","publisher":{"@id":"https:\/\/cvinoticias.com\/v3\/#organization"},"alternateName":"CVI","potentialAction":[{"@type":"SearchAction","target":{"@type":"EntryPoint","urlTemplate":"https:\/\/cvinoticias.com\/v3\/?s={search_term_string}"},"query-input":{"@type":"PropertyValueSpecification","valueRequired":true,"valueName":"search_term_string"}}],"inLanguage":"es"},{"@type":"Organization","@id":"https:\/\/cvinoticias.com\/v3\/#organization","name":"CVI NOTICIAS","url":"https:\/\/cvinoticias.com\/v3\/","logo":{"@type":"ImageObject","inLanguage":"es","@id":"https:\/\/cvinoticias.com\/v3\/#\/schema\/logo\/image\/","url":"https:\/\/cvinoticias.com\/wp-content\/uploads\/2023\/04\/cropped-cropped-cropped-cropped-cropped-3-1.png","contentUrl":"https:\/\/cvinoticias.com\/wp-content\/uploads\/2023\/04\/cropped-cropped-cropped-cropped-cropped-3-1.png","width":95,"height":122,"caption":"CVI NOTICIAS"},"image":{"@id":"https:\/\/cvinoticias.com\/v3\/#\/schema\/logo\/image\/"},"sameAs":["https:\/\/www.facebook.com\/cvinoticias","https:\/\/www.instagram.com\/cvinoticias\/","https:\/\/www.youtube.com\/@CVINOTICIAS"]},{"@type":"Person","@id":"https:\/\/cvinoticias.com\/v3\/#\/schema\/person\/2db77e3c6bc03c538495d7b2b8be9b66","name":"f1000024","image":{"@type":"ImageObject","inLanguage":"es","@id":"https:\/\/secure.gravatar.com\/avatar\/d4fe7459cfc51ff5129ce1a732bbef5928568b8092d412ef95611616376bbeed?s=96&d=mm&r=g","url":"https:\/\/secure.gravatar.com\/avatar\/d4fe7459cfc51ff5129ce1a732bbef5928568b8092d412ef95611616376bbeed?s=96&d=mm&r=g","contentUrl":"https:\/\/secure.gravatar.com\/avatar\/d4fe7459cfc51ff5129ce1a732bbef5928568b8092d412ef95611616376bbeed?s=96&d=mm&r=g","caption":"f1000024"},"url":"https:\/\/cvinoticias.com\/v3\/author\/f1000024\/"}]}},"_links":{"self":[{"href":"https:\/\/cvinoticias.com\/v3\/wp-json\/wp\/v2\/posts\/21810","targetHints":{"allow":["GET"]}}],"collection":[{"href":"https:\/\/cvinoticias.com\/v3\/wp-json\/wp\/v2\/posts"}],"about":[{"href":"https:\/\/cvinoticias.com\/v3\/wp-json\/wp\/v2\/types\/post"}],"author":[{"embeddable":true,"href":"https:\/\/cvinoticias.com\/v3\/wp-json\/wp\/v2\/users\/2"}],"replies":[{"embeddable":true,"href":"https:\/\/cvinoticias.com\/v3\/wp-json\/wp\/v2\/comments?post=21810"}],"version-history":[{"count":1,"href":"https:\/\/cvinoticias.com\/v3\/wp-json\/wp\/v2\/posts\/21810\/revisions"}],"predecessor-version":[{"id":21812,"href":"https:\/\/cvinoticias.com\/v3\/wp-json\/wp\/v2\/posts\/21810\/revisions\/21812"}],"wp:featuredmedia":[{"embeddable":true,"href":"https:\/\/cvinoticias.com\/v3\/wp-json\/wp\/v2\/media\/21811"}],"wp:attachment":[{"href":"https:\/\/cvinoticias.com\/v3\/wp-json\/wp\/v2\/media?parent=21810"}],"wp:term":[{"taxonomy":"category","embeddable":true,"href":"https:\/\/cvinoticias.com\/v3\/wp-json\/wp\/v2\/categories?post=21810"},{"taxonomy":"post_tag","embeddable":true,"href":"https:\/\/cvinoticias.com\/v3\/wp-json\/wp\/v2\/tags?post=21810"}],"curies":[{"name":"wp","href":"https:\/\/api.w.org\/{rel}","templated":true}]}}