{"id":21795,"date":"2023-01-13T03:34:49","date_gmt":"2023-01-13T03:34:49","guid":{"rendered":"https:\/\/cvinoticias.com\/v3\/?p=21795"},"modified":"2023-01-13T03:34:49","modified_gmt":"2023-01-13T03:34:49","slug":"la-inflacion-de-2022-fue-del-948-el-registro-mas-alto-en-32-anos","status":"publish","type":"post","link":"https:\/\/cvinoticias.com\/v3\/la-inflacion-de-2022-fue-del-948-el-registro-mas-alto-en-32-anos\/","title":{"rendered":"La inflaci\u00f3n de 2022 fue del 94,8%: el registro m\u00e1s alto en 32 a\u00f1os"},"content":{"rendered":"\n<p><strong><em>La inflaci\u00f3n del 2022 fue de 94,8%, inform\u00f3 este jueves el Instituto Nacional de Estad\u00edstica y Censos (INDEC) al publicar el \u00cdndice de Precios al Consumidor (IPC) de diciembre, que arroj\u00f3 una variaci\u00f3n de 5,1%.<\/em><\/strong><\/p>\n\n\n\n<p>De esta manera, el acumulado del a\u00f1o pasado fue el m\u00e1s alto desde 1990, cuando se ubic\u00f3 en 1343,9%, y sustancialmente por arriba del 57,7% que la anterior gesti\u00f3n econ\u00f3mica, conducida por Mart\u00edn Guzm\u00e1n, hab\u00eda calculado para el Presupuesto 2022.<\/p>\n\n\n\n<p>La variaci\u00f3n mensual se ubic\u00f3 apenas por encima del n\u00famero que hab\u00eda adelantado d\u00edas atr\u00e1s el ministro de Econom\u00eda, Sergio Massa, quien aludi\u00f3 que el IPC del duod\u00e9cimo mes del 2022 tendr\u00eda \u00abun cuatro adelante\u00bb. Sin embargo, se encuentra en un nivel previsto por las consultoras privadas.<\/p>\n\n\n\n<p>Se trata del cuarto registro m\u00e1s bajo del a\u00f1o junto a mayo (5,1%). El podio lo componen los meses de enero (3,9%), febrero (4,7%) y noviembre (4,9%). En tanto, Julio (7,4%) fue el per\u00edodo con aumentos m\u00e1s pronunciados, signados mayormente por la crisis iniciada a comienzos de ese mes tras la salida de Guzm\u00e1n del Palacio de Hacienda.<\/p>\n\n\n\n<p><strong>INFLACI\u00d3N DE DICIEMBRE: LA INFLUENCIA DE LOS DISTINTOS SECTORES<\/strong><\/p>\n\n\n\n<p>Seg\u00fan afirma el INDEC, la suba del segmento de Alimentos y bebidas no alcoh\u00f3licas (4,7%) fue la que m\u00e1s incidi\u00f3 en la mayor\u00eda de las regiones y en el \u00edndice general. En el desagregado se destacaron el aumento de Frutas (10%), Aguas minerales y otras bebidas (9,3%); Pan y cereales (6,7%); y en, algunas regiones, Verduras, tub\u00e9rculos y legumbres (8,9%).<\/p>\n\n\n\n<p>La fijaci\u00f3n de precios de 1900 productos y la pauta de aumentos de 4% de miles m\u00e1s consignados en el programa Precios Justos hab\u00eda sido uno de los factores que disminuy\u00f3 la din\u00e1mica de noviembre. Esta tendencia se replic\u00f3 durante este mes, aunque en menor medida, dada la estacionalidad de ese per\u00edodo.<\/p>\n\n\n\n<p>En tanto, la divisi\u00f3n de mayor aumento en el mes fue Restaurantes y hoteles (7,2%), seguida por Bebidas alcoh\u00f3licas y tabaco (7,1%).<\/p>\n\n\n\n<p>\u00abA su vez, en diciembre se destac\u00f3 el incremento del servicio dom\u00e9stico, que impact\u00f3 en Equipamiento y mantenimiento del hogar (5,9%); de los combustibles, con incidencia en Transporte (5,8%); y de la cuota de medicina prepaga, dentro de la divisi\u00f3n de Salud (5,7%)\u00ab, informaron.<\/p>\n\n\n\n<p>Por otro lado, el IPC N\u00facleo fue de 5,3%, mayor al nivel general, liderando el alza mensual de los precios. A este \u00edndice le siguieron los precios regulados, que aumentaron 5,1%, influidos en mayor medida por el aumento de los combustibles y los servicios de medicina prepaga. En tanto, la categor\u00eda estacional tuvo incrementos de 4,6% en promedio.<\/p>\n\n\n\n<p><strong>QU\u00c9 SECTORES AUMENTARON M\u00c1S DURANTE 2022<\/strong><\/p>\n\n\n\n<p>A pesar de haber subido por debajo de la inflaci\u00f3n en los \u00faltimos dos meses, producto de otro acuerdo de precios establecido junto al Ministerio de Econom\u00eda, el sector textil y de calzado finaliz\u00f3 el a\u00f1o con una suba general de 120,8%.<\/p>\n\n\n\n<p>Otro de los rubros con aumentos de tres d\u00edgitos fue el de Restaurantes y hoteles, con 108,8%, mientras que unos puntos menos consignaron las divisiones Bienes y servicios varios (97,8%); Equipamiento y mantenimiento del hogar (97,2%); y Alimentos y bebidas no alcoh\u00f3licas (95%).<\/p>\n\n\n\n<p>Por el otro lado, el informe del INDEC destaca el atraso que tuvieron segmentos como Comunicaci\u00f3n (67,8%) y Vivienda, agua, electricidad, gas y otros combustibles (80,4%). Los servicios que componen esta \u00faltima registran aumentos programados para este mes. En particular destacan la segmentaci\u00f3n de tarifas de agua, luz y gas; as\u00ed como el incremento de 4% en naftas y gasoil a partir de la segunda quincena.<\/p>\n","protected":false},"excerpt":{"rendered":"<p>La inflaci\u00f3n del 2022 fue de 94,8%, inform\u00f3 este jueves el Instituto Nacional de Estad\u00edstica y Censos (INDEC) al publicar el \u00cdndice de Precios al Consumidor (IPC) de diciembre, que arroj\u00f3 una variaci\u00f3n de 5,1%. De esta manera, el acumulado del a\u00f1o pasado fue el m\u00e1s alto desde 1990, cuando se ubic\u00f3 en 1343,9%, y [&hellip;]<\/p>\n","protected":false},"author":2,"featured_media":21796,"comment_status":"open","ping_status":"open","sticky":false,"template":"","format":"standard","meta":{"footnotes":""},"categories":[32],"tags":[],"class_list":["post-21795","post","type-post","status-publish","format-standard","has-post-thumbnail","hentry","category-economia"],"yoast_head":"<!-- This site is optimized with the Yoast SEO plugin v27.5 - https:\/\/yoast.com\/product\/yoast-seo-wordpress\/ -->\n<title>La inflaci\u00f3n de 2022 fue del 94,8%: el registro m\u00e1s alto en 32 a\u00f1os | CVI NOTICIAS<\/title>\n<meta name=\"robots\" content=\"index, follow, max-snippet:-1, max-image-preview:large, max-video-preview:-1\" \/>\n<link rel=\"canonical\" href=\"https:\/\/cvinoticias.com\/v3\/la-inflacion-de-2022-fue-del-948-el-registro-mas-alto-en-32-anos\/\" \/>\n<meta property=\"og:locale\" content=\"es_ES\" \/>\n<meta property=\"og:type\" content=\"article\" \/>\n<meta property=\"og:title\" content=\"La inflaci\u00f3n de 2022 fue del 94,8%: el registro m\u00e1s alto en 32 a\u00f1os | CVI NOTICIAS\" \/>\n<meta property=\"og:description\" content=\"La inflaci\u00f3n del 2022 fue de 94,8%, inform\u00f3 este jueves el Instituto Nacional de Estad\u00edstica y Censos (INDEC) al publicar el \u00cdndice de Precios al Consumidor (IPC) de diciembre, que arroj\u00f3 una variaci\u00f3n de 5,1%. De esta manera, el acumulado del a\u00f1o pasado fue el m\u00e1s alto desde 1990, cuando se ubic\u00f3 en 1343,9%, y [&hellip;]\" \/>\n<meta property=\"og:url\" content=\"https:\/\/cvinoticias.com\/v3\/la-inflacion-de-2022-fue-del-948-el-registro-mas-alto-en-32-anos\/\" \/>\n<meta property=\"og:site_name\" content=\"CVI NOTICIAS\" \/>\n<meta property=\"article:publisher\" content=\"https:\/\/www.facebook.com\/cvinoticias\" \/>\n<meta property=\"article:published_time\" content=\"2023-01-13T03:34:49+00:00\" \/>\n<meta property=\"og:image\" content=\"https:\/\/cvinoticias.com\/wp-content\/uploads\/2023\/01\/fideos-inflacion-inflacion-precios-cuidados-supermercado-ipc-precios-canasta-basica-alimentos.jpg\" \/>\n\t<meta property=\"og:image:width\" content=\"613\" \/>\n\t<meta property=\"og:image:height\" content=\"460\" \/>\n\t<meta property=\"og:image:type\" content=\"image\/jpeg\" \/>\n<meta name=\"author\" content=\"f1000024\" \/>\n<meta name=\"twitter:card\" content=\"summary_large_image\" \/>\n<meta name=\"twitter:label1\" content=\"Escrito por\" \/>\n\t<meta name=\"twitter:data1\" content=\"f1000024\" \/>\n\t<meta name=\"twitter:label2\" content=\"Tiempo de lectura\" \/>\n\t<meta name=\"twitter:data2\" content=\"3 minutos\" \/>\n<script type=\"application\/ld+json\" class=\"yoast-schema-graph\">{\"@context\":\"https:\\\/\\\/schema.org\",\"@graph\":[{\"@type\":\"Article\",\"@id\":\"https:\\\/\\\/cvinoticias.com\\\/v3\\\/la-inflacion-de-2022-fue-del-948-el-registro-mas-alto-en-32-anos\\\/#article\",\"isPartOf\":{\"@id\":\"https:\\\/\\\/cvinoticias.com\\\/v3\\\/la-inflacion-de-2022-fue-del-948-el-registro-mas-alto-en-32-anos\\\/\"},\"author\":{\"name\":\"f1000024\",\"@id\":\"https:\\\/\\\/cvinoticias.com\\\/v3\\\/#\\\/schema\\\/person\\\/2db77e3c6bc03c538495d7b2b8be9b66\"},\"headline\":\"La inflaci\u00f3n de 2022 fue del 94,8%: el registro m\u00e1s alto en 32 a\u00f1os\",\"datePublished\":\"2023-01-13T03:34:49+00:00\",\"mainEntityOfPage\":{\"@id\":\"https:\\\/\\\/cvinoticias.com\\\/v3\\\/la-inflacion-de-2022-fue-del-948-el-registro-mas-alto-en-32-anos\\\/\"},\"wordCount\":607,\"commentCount\":0,\"publisher\":{\"@id\":\"https:\\\/\\\/cvinoticias.com\\\/v3\\\/#organization\"},\"image\":{\"@id\":\"https:\\\/\\\/cvinoticias.com\\\/v3\\\/la-inflacion-de-2022-fue-del-948-el-registro-mas-alto-en-32-anos\\\/#primaryimage\"},\"thumbnailUrl\":\"https:\\\/\\\/cvinoticias.com\\\/wp-content\\\/uploads\\\/2023\\\/01\\\/fideos-inflacion-inflacion-precios-cuidados-supermercado-ipc-precios-canasta-basica-alimentos.jpg\",\"articleSection\":[\"Econom\u00eda\"],\"inLanguage\":\"es\",\"potentialAction\":[{\"@type\":\"CommentAction\",\"name\":\"Comment\",\"target\":[\"https:\\\/\\\/cvinoticias.com\\\/v3\\\/la-inflacion-de-2022-fue-del-948-el-registro-mas-alto-en-32-anos\\\/#respond\"]}]},{\"@type\":\"WebPage\",\"@id\":\"https:\\\/\\\/cvinoticias.com\\\/v3\\\/la-inflacion-de-2022-fue-del-948-el-registro-mas-alto-en-32-anos\\\/\",\"url\":\"https:\\\/\\\/cvinoticias.com\\\/v3\\\/la-inflacion-de-2022-fue-del-948-el-registro-mas-alto-en-32-anos\\\/\",\"name\":\"La inflaci\u00f3n de 2022 fue del 94,8%: el registro m\u00e1s alto en 32 a\u00f1os | CVI NOTICIAS\",\"isPartOf\":{\"@id\":\"https:\\\/\\\/cvinoticias.com\\\/v3\\\/#website\"},\"primaryImageOfPage\":{\"@id\":\"https:\\\/\\\/cvinoticias.com\\\/v3\\\/la-inflacion-de-2022-fue-del-948-el-registro-mas-alto-en-32-anos\\\/#primaryimage\"},\"image\":{\"@id\":\"https:\\\/\\\/cvinoticias.com\\\/v3\\\/la-inflacion-de-2022-fue-del-948-el-registro-mas-alto-en-32-anos\\\/#primaryimage\"},\"thumbnailUrl\":\"https:\\\/\\\/cvinoticias.com\\\/wp-content\\\/uploads\\\/2023\\\/01\\\/fideos-inflacion-inflacion-precios-cuidados-supermercado-ipc-precios-canasta-basica-alimentos.jpg\",\"datePublished\":\"2023-01-13T03:34:49+00:00\",\"breadcrumb\":{\"@id\":\"https:\\\/\\\/cvinoticias.com\\\/v3\\\/la-inflacion-de-2022-fue-del-948-el-registro-mas-alto-en-32-anos\\\/#breadcrumb\"},\"inLanguage\":\"es\",\"potentialAction\":[{\"@type\":\"ReadAction\",\"target\":[\"https:\\\/\\\/cvinoticias.com\\\/v3\\\/la-inflacion-de-2022-fue-del-948-el-registro-mas-alto-en-32-anos\\\/\"]}]},{\"@type\":\"ImageObject\",\"inLanguage\":\"es\",\"@id\":\"https:\\\/\\\/cvinoticias.com\\\/v3\\\/la-inflacion-de-2022-fue-del-948-el-registro-mas-alto-en-32-anos\\\/#primaryimage\",\"url\":\"https:\\\/\\\/cvinoticias.com\\\/wp-content\\\/uploads\\\/2023\\\/01\\\/fideos-inflacion-inflacion-precios-cuidados-supermercado-ipc-precios-canasta-basica-alimentos.jpg\",\"contentUrl\":\"https:\\\/\\\/cvinoticias.com\\\/wp-content\\\/uploads\\\/2023\\\/01\\\/fideos-inflacion-inflacion-precios-cuidados-supermercado-ipc-precios-canasta-basica-alimentos.jpg\",\"width\":613,\"height\":460},{\"@type\":\"BreadcrumbList\",\"@id\":\"https:\\\/\\\/cvinoticias.com\\\/v3\\\/la-inflacion-de-2022-fue-del-948-el-registro-mas-alto-en-32-anos\\\/#breadcrumb\",\"itemListElement\":[{\"@type\":\"ListItem\",\"position\":1,\"name\":\"Portada\",\"item\":\"https:\\\/\\\/cvinoticias.com\\\/v3\\\/\"},{\"@type\":\"ListItem\",\"position\":2,\"name\":\"La inflaci\u00f3n de 2022 fue del 94,8%: el registro m\u00e1s alto en 32 a\u00f1os\"}]},{\"@type\":\"WebSite\",\"@id\":\"https:\\\/\\\/cvinoticias.com\\\/v3\\\/#website\",\"url\":\"https:\\\/\\\/cvinoticias.com\\\/v3\\\/\",\"name\":\"CVI NOTICIAS\",\"description\":\"\",\"publisher\":{\"@id\":\"https:\\\/\\\/cvinoticias.com\\\/v3\\\/#organization\"},\"alternateName\":\"CVI\",\"potentialAction\":[{\"@type\":\"SearchAction\",\"target\":{\"@type\":\"EntryPoint\",\"urlTemplate\":\"https:\\\/\\\/cvinoticias.com\\\/v3\\\/?s={search_term_string}\"},\"query-input\":{\"@type\":\"PropertyValueSpecification\",\"valueRequired\":true,\"valueName\":\"search_term_string\"}}],\"inLanguage\":\"es\"},{\"@type\":\"Organization\",\"@id\":\"https:\\\/\\\/cvinoticias.com\\\/v3\\\/#organization\",\"name\":\"CVI NOTICIAS\",\"url\":\"https:\\\/\\\/cvinoticias.com\\\/v3\\\/\",\"logo\":{\"@type\":\"ImageObject\",\"inLanguage\":\"es\",\"@id\":\"https:\\\/\\\/cvinoticias.com\\\/v3\\\/#\\\/schema\\\/logo\\\/image\\\/\",\"url\":\"https:\\\/\\\/cvinoticias.com\\\/wp-content\\\/uploads\\\/2023\\\/04\\\/cropped-cropped-cropped-cropped-cropped-3-1.png\",\"contentUrl\":\"https:\\\/\\\/cvinoticias.com\\\/wp-content\\\/uploads\\\/2023\\\/04\\\/cropped-cropped-cropped-cropped-cropped-3-1.png\",\"width\":95,\"height\":122,\"caption\":\"CVI NOTICIAS\"},\"image\":{\"@id\":\"https:\\\/\\\/cvinoticias.com\\\/v3\\\/#\\\/schema\\\/logo\\\/image\\\/\"},\"sameAs\":[\"https:\\\/\\\/www.facebook.com\\\/cvinoticias\",\"https:\\\/\\\/www.instagram.com\\\/cvinoticias\\\/\",\"https:\\\/\\\/www.youtube.com\\\/@CVINOTICIAS\"]},{\"@type\":\"Person\",\"@id\":\"https:\\\/\\\/cvinoticias.com\\\/v3\\\/#\\\/schema\\\/person\\\/2db77e3c6bc03c538495d7b2b8be9b66\",\"name\":\"f1000024\",\"image\":{\"@type\":\"ImageObject\",\"inLanguage\":\"es\",\"@id\":\"https:\\\/\\\/secure.gravatar.com\\\/avatar\\\/d4fe7459cfc51ff5129ce1a732bbef5928568b8092d412ef95611616376bbeed?s=96&d=mm&r=g\",\"url\":\"https:\\\/\\\/secure.gravatar.com\\\/avatar\\\/d4fe7459cfc51ff5129ce1a732bbef5928568b8092d412ef95611616376bbeed?s=96&d=mm&r=g\",\"contentUrl\":\"https:\\\/\\\/secure.gravatar.com\\\/avatar\\\/d4fe7459cfc51ff5129ce1a732bbef5928568b8092d412ef95611616376bbeed?s=96&d=mm&r=g\",\"caption\":\"f1000024\"},\"url\":\"https:\\\/\\\/cvinoticias.com\\\/v3\\\/author\\\/f1000024\\\/\"}]}<\/script>\n<!-- \/ Yoast SEO plugin. -->","yoast_head_json":{"title":"La inflaci\u00f3n de 2022 fue del 94,8%: el registro m\u00e1s alto en 32 a\u00f1os | CVI NOTICIAS","robots":{"index":"index","follow":"follow","max-snippet":"max-snippet:-1","max-image-preview":"max-image-preview:large","max-video-preview":"max-video-preview:-1"},"canonical":"https:\/\/cvinoticias.com\/v3\/la-inflacion-de-2022-fue-del-948-el-registro-mas-alto-en-32-anos\/","og_locale":"es_ES","og_type":"article","og_title":"La inflaci\u00f3n de 2022 fue del 94,8%: el registro m\u00e1s alto en 32 a\u00f1os | CVI NOTICIAS","og_description":"La inflaci\u00f3n del 2022 fue de 94,8%, inform\u00f3 este jueves el Instituto Nacional de Estad\u00edstica y Censos (INDEC) al publicar el \u00cdndice de Precios al Consumidor (IPC) de diciembre, que arroj\u00f3 una variaci\u00f3n de 5,1%. De esta manera, el acumulado del a\u00f1o pasado fue el m\u00e1s alto desde 1990, cuando se ubic\u00f3 en 1343,9%, y [&hellip;]","og_url":"https:\/\/cvinoticias.com\/v3\/la-inflacion-de-2022-fue-del-948-el-registro-mas-alto-en-32-anos\/","og_site_name":"CVI NOTICIAS","article_publisher":"https:\/\/www.facebook.com\/cvinoticias","article_published_time":"2023-01-13T03:34:49+00:00","og_image":[{"width":613,"height":460,"url":"https:\/\/cvinoticias.com\/wp-content\/uploads\/2023\/01\/fideos-inflacion-inflacion-precios-cuidados-supermercado-ipc-precios-canasta-basica-alimentos.jpg","type":"image\/jpeg"}],"author":"f1000024","twitter_card":"summary_large_image","twitter_misc":{"Escrito por":"f1000024","Tiempo de lectura":"3 minutos"},"schema":{"@context":"https:\/\/schema.org","@graph":[{"@type":"Article","@id":"https:\/\/cvinoticias.com\/v3\/la-inflacion-de-2022-fue-del-948-el-registro-mas-alto-en-32-anos\/#article","isPartOf":{"@id":"https:\/\/cvinoticias.com\/v3\/la-inflacion-de-2022-fue-del-948-el-registro-mas-alto-en-32-anos\/"},"author":{"name":"f1000024","@id":"https:\/\/cvinoticias.com\/v3\/#\/schema\/person\/2db77e3c6bc03c538495d7b2b8be9b66"},"headline":"La inflaci\u00f3n de 2022 fue del 94,8%: el registro m\u00e1s alto en 32 a\u00f1os","datePublished":"2023-01-13T03:34:49+00:00","mainEntityOfPage":{"@id":"https:\/\/cvinoticias.com\/v3\/la-inflacion-de-2022-fue-del-948-el-registro-mas-alto-en-32-anos\/"},"wordCount":607,"commentCount":0,"publisher":{"@id":"https:\/\/cvinoticias.com\/v3\/#organization"},"image":{"@id":"https:\/\/cvinoticias.com\/v3\/la-inflacion-de-2022-fue-del-948-el-registro-mas-alto-en-32-anos\/#primaryimage"},"thumbnailUrl":"https:\/\/cvinoticias.com\/wp-content\/uploads\/2023\/01\/fideos-inflacion-inflacion-precios-cuidados-supermercado-ipc-precios-canasta-basica-alimentos.jpg","articleSection":["Econom\u00eda"],"inLanguage":"es","potentialAction":[{"@type":"CommentAction","name":"Comment","target":["https:\/\/cvinoticias.com\/v3\/la-inflacion-de-2022-fue-del-948-el-registro-mas-alto-en-32-anos\/#respond"]}]},{"@type":"WebPage","@id":"https:\/\/cvinoticias.com\/v3\/la-inflacion-de-2022-fue-del-948-el-registro-mas-alto-en-32-anos\/","url":"https:\/\/cvinoticias.com\/v3\/la-inflacion-de-2022-fue-del-948-el-registro-mas-alto-en-32-anos\/","name":"La inflaci\u00f3n de 2022 fue del 94,8%: el registro m\u00e1s alto en 32 a\u00f1os | CVI NOTICIAS","isPartOf":{"@id":"https:\/\/cvinoticias.com\/v3\/#website"},"primaryImageOfPage":{"@id":"https:\/\/cvinoticias.com\/v3\/la-inflacion-de-2022-fue-del-948-el-registro-mas-alto-en-32-anos\/#primaryimage"},"image":{"@id":"https:\/\/cvinoticias.com\/v3\/la-inflacion-de-2022-fue-del-948-el-registro-mas-alto-en-32-anos\/#primaryimage"},"thumbnailUrl":"https:\/\/cvinoticias.com\/wp-content\/uploads\/2023\/01\/fideos-inflacion-inflacion-precios-cuidados-supermercado-ipc-precios-canasta-basica-alimentos.jpg","datePublished":"2023-01-13T03:34:49+00:00","breadcrumb":{"@id":"https:\/\/cvinoticias.com\/v3\/la-inflacion-de-2022-fue-del-948-el-registro-mas-alto-en-32-anos\/#breadcrumb"},"inLanguage":"es","potentialAction":[{"@type":"ReadAction","target":["https:\/\/cvinoticias.com\/v3\/la-inflacion-de-2022-fue-del-948-el-registro-mas-alto-en-32-anos\/"]}]},{"@type":"ImageObject","inLanguage":"es","@id":"https:\/\/cvinoticias.com\/v3\/la-inflacion-de-2022-fue-del-948-el-registro-mas-alto-en-32-anos\/#primaryimage","url":"https:\/\/cvinoticias.com\/wp-content\/uploads\/2023\/01\/fideos-inflacion-inflacion-precios-cuidados-supermercado-ipc-precios-canasta-basica-alimentos.jpg","contentUrl":"https:\/\/cvinoticias.com\/wp-content\/uploads\/2023\/01\/fideos-inflacion-inflacion-precios-cuidados-supermercado-ipc-precios-canasta-basica-alimentos.jpg","width":613,"height":460},{"@type":"BreadcrumbList","@id":"https:\/\/cvinoticias.com\/v3\/la-inflacion-de-2022-fue-del-948-el-registro-mas-alto-en-32-anos\/#breadcrumb","itemListElement":[{"@type":"ListItem","position":1,"name":"Portada","item":"https:\/\/cvinoticias.com\/v3\/"},{"@type":"ListItem","position":2,"name":"La inflaci\u00f3n de 2022 fue del 94,8%: el registro m\u00e1s alto en 32 a\u00f1os"}]},{"@type":"WebSite","@id":"https:\/\/cvinoticias.com\/v3\/#website","url":"https:\/\/cvinoticias.com\/v3\/","name":"CVI NOTICIAS","description":"","publisher":{"@id":"https:\/\/cvinoticias.com\/v3\/#organization"},"alternateName":"CVI","potentialAction":[{"@type":"SearchAction","target":{"@type":"EntryPoint","urlTemplate":"https:\/\/cvinoticias.com\/v3\/?s={search_term_string}"},"query-input":{"@type":"PropertyValueSpecification","valueRequired":true,"valueName":"search_term_string"}}],"inLanguage":"es"},{"@type":"Organization","@id":"https:\/\/cvinoticias.com\/v3\/#organization","name":"CVI NOTICIAS","url":"https:\/\/cvinoticias.com\/v3\/","logo":{"@type":"ImageObject","inLanguage":"es","@id":"https:\/\/cvinoticias.com\/v3\/#\/schema\/logo\/image\/","url":"https:\/\/cvinoticias.com\/wp-content\/uploads\/2023\/04\/cropped-cropped-cropped-cropped-cropped-3-1.png","contentUrl":"https:\/\/cvinoticias.com\/wp-content\/uploads\/2023\/04\/cropped-cropped-cropped-cropped-cropped-3-1.png","width":95,"height":122,"caption":"CVI NOTICIAS"},"image":{"@id":"https:\/\/cvinoticias.com\/v3\/#\/schema\/logo\/image\/"},"sameAs":["https:\/\/www.facebook.com\/cvinoticias","https:\/\/www.instagram.com\/cvinoticias\/","https:\/\/www.youtube.com\/@CVINOTICIAS"]},{"@type":"Person","@id":"https:\/\/cvinoticias.com\/v3\/#\/schema\/person\/2db77e3c6bc03c538495d7b2b8be9b66","name":"f1000024","image":{"@type":"ImageObject","inLanguage":"es","@id":"https:\/\/secure.gravatar.com\/avatar\/d4fe7459cfc51ff5129ce1a732bbef5928568b8092d412ef95611616376bbeed?s=96&d=mm&r=g","url":"https:\/\/secure.gravatar.com\/avatar\/d4fe7459cfc51ff5129ce1a732bbef5928568b8092d412ef95611616376bbeed?s=96&d=mm&r=g","contentUrl":"https:\/\/secure.gravatar.com\/avatar\/d4fe7459cfc51ff5129ce1a732bbef5928568b8092d412ef95611616376bbeed?s=96&d=mm&r=g","caption":"f1000024"},"url":"https:\/\/cvinoticias.com\/v3\/author\/f1000024\/"}]}},"_links":{"self":[{"href":"https:\/\/cvinoticias.com\/v3\/wp-json\/wp\/v2\/posts\/21795","targetHints":{"allow":["GET"]}}],"collection":[{"href":"https:\/\/cvinoticias.com\/v3\/wp-json\/wp\/v2\/posts"}],"about":[{"href":"https:\/\/cvinoticias.com\/v3\/wp-json\/wp\/v2\/types\/post"}],"author":[{"embeddable":true,"href":"https:\/\/cvinoticias.com\/v3\/wp-json\/wp\/v2\/users\/2"}],"replies":[{"embeddable":true,"href":"https:\/\/cvinoticias.com\/v3\/wp-json\/wp\/v2\/comments?post=21795"}],"version-history":[{"count":1,"href":"https:\/\/cvinoticias.com\/v3\/wp-json\/wp\/v2\/posts\/21795\/revisions"}],"predecessor-version":[{"id":21797,"href":"https:\/\/cvinoticias.com\/v3\/wp-json\/wp\/v2\/posts\/21795\/revisions\/21797"}],"wp:featuredmedia":[{"embeddable":true,"href":"https:\/\/cvinoticias.com\/v3\/wp-json\/wp\/v2\/media\/21796"}],"wp:attachment":[{"href":"https:\/\/cvinoticias.com\/v3\/wp-json\/wp\/v2\/media?parent=21795"}],"wp:term":[{"taxonomy":"category","embeddable":true,"href":"https:\/\/cvinoticias.com\/v3\/wp-json\/wp\/v2\/categories?post=21795"},{"taxonomy":"post_tag","embeddable":true,"href":"https:\/\/cvinoticias.com\/v3\/wp-json\/wp\/v2\/tags?post=21795"}],"curies":[{"name":"wp","href":"https:\/\/api.w.org\/{rel}","templated":true}]}}