{"id":21764,"date":"2023-01-11T22:59:02","date_gmt":"2023-01-11T22:59:02","guid":{"rendered":"https:\/\/cvinoticias.com\/v3\/?p=21764"},"modified":"2023-01-11T22:59:02","modified_gmt":"2023-01-11T22:59:02","slug":"graciela-mama-de-fernando-baez-no-puedo-sacar-de-mi-mente-la-palabra-caduco","status":"publish","type":"post","link":"https:\/\/cvinoticias.com\/v3\/graciela-mama-de-fernando-baez-no-puedo-sacar-de-mi-mente-la-palabra-caduco\/","title":{"rendered":"Graciela, mam\u00e1 de Fernando B\u00e1ez: \u00abNo puedo sacar de mi mente la palabra caduc\u00f3\u00bb"},"content":{"rendered":"\n<p><strong><em>Finaliz\u00f3 la jornada de hoy mi\u00e9rcoles en los tribunales de Dolores.<\/em><\/strong><\/p>\n\n\n\n<p>Luego de llevarse a cabo la octava jornada de juicio por el crimen de Fernando B\u00e1ez, la mam\u00e1 de la victima hizo referencia a uno de los mensajes que cruzaron los rugbiers luego del brutal asesinato. \u00abSiento que cada vez estamos cerca de la justicia, las pruebas son contundentes y creo que todos est\u00e1n implicados, espero que les den la pena m\u00e1xima, destruyeron todo el cuerpo de mi hijo\u00bb, manifest\u00f3 la mujer.<\/p>\n\n\n\n<p>\u00abHe pasado una noche dif\u00edcil porque no puedo sacar de mi mente la palabra &#8216;caduc\u00f3&#8217; y que festejar\u00edan con vinos y flores\u00bb, lament\u00f3 Graciela haciendo referencia a los mensajes que se enviaron los acusados al retirarse del local bailable de Villa Gesell. Al mismo tiempo la mujer a\u00f1adi\u00f3 que no busca venganza, sino \u00abjusticia por Fernando porque esto no puede volver a pasar\u00bb.<\/p>\n\n\n\n<p>Por otro lado, uno de los peritos que trabajan en la causa, manifestaron que se encontr\u00f3 ADN de Blas Cinalli en el cuerpo de Fernando. Explicaron que el me\u00f1ique izquierdo de la v\u00edctima ten\u00eda ADN del rugbier y aclar\u00f3 que se encontr\u00f3 tambi\u00e9n el de una persona m\u00e1s que no pudo establecer.<\/p>\n","protected":false},"excerpt":{"rendered":"<p>Finaliz\u00f3 la jornada de hoy mi\u00e9rcoles en los tribunales de Dolores. Luego de llevarse a cabo la octava jornada de juicio por el crimen de Fernando B\u00e1ez, la mam\u00e1 de la victima hizo referencia a uno de los mensajes que cruzaron los rugbiers luego del brutal asesinato. \u00abSiento que cada vez estamos cerca de la [&hellip;]<\/p>\n","protected":false},"author":2,"featured_media":21765,"comment_status":"open","ping_status":"open","sticky":false,"template":"","format":"standard","meta":{"footnotes":""},"categories":[37],"tags":[],"class_list":["post-21764","post","type-post","status-publish","format-standard","has-post-thumbnail","hentry","category-justicia"],"yoast_head":"<!-- This site is optimized with the Yoast SEO plugin v27.5 - https:\/\/yoast.com\/product\/yoast-seo-wordpress\/ -->\n<title>Graciela, mam\u00e1 de Fernando B\u00e1ez: &quot;No puedo sacar de mi mente la palabra caduc\u00f3&quot; | CVI NOTICIAS<\/title>\n<meta name=\"robots\" content=\"index, follow, max-snippet:-1, max-image-preview:large, max-video-preview:-1\" \/>\n<link rel=\"canonical\" href=\"https:\/\/cvinoticias.com\/v3\/graciela-mama-de-fernando-baez-no-puedo-sacar-de-mi-mente-la-palabra-caduco\/\" \/>\n<meta property=\"og:locale\" content=\"es_ES\" \/>\n<meta property=\"og:type\" content=\"article\" \/>\n<meta property=\"og:title\" content=\"Graciela, mam\u00e1 de Fernando B\u00e1ez: &quot;No puedo sacar de mi mente la palabra caduc\u00f3&quot; | CVI NOTICIAS\" \/>\n<meta property=\"og:description\" content=\"Finaliz\u00f3 la jornada de hoy mi\u00e9rcoles en los tribunales de Dolores. Luego de llevarse a cabo la octava jornada de juicio por el crimen de Fernando B\u00e1ez, la mam\u00e1 de la victima hizo referencia a uno de los mensajes que cruzaron los rugbiers luego del brutal asesinato. \u00abSiento que cada vez estamos cerca de la [&hellip;]\" \/>\n<meta property=\"og:url\" content=\"https:\/\/cvinoticias.com\/v3\/graciela-mama-de-fernando-baez-no-puedo-sacar-de-mi-mente-la-palabra-caduco\/\" \/>\n<meta property=\"og:site_name\" content=\"CVI NOTICIAS\" \/>\n<meta property=\"article:publisher\" content=\"https:\/\/www.facebook.com\/cvinoticias\" \/>\n<meta property=\"article:published_time\" content=\"2023-01-11T22:59:02+00:00\" \/>\n<meta property=\"og:image\" content=\"https:\/\/cvinoticias.com\/wp-content\/uploads\/2023\/01\/FB_IMG_1673281452088.jpg\" \/>\n\t<meta property=\"og:image:width\" content=\"967\" \/>\n\t<meta property=\"og:image:height\" content=\"747\" \/>\n\t<meta property=\"og:image:type\" content=\"image\/jpeg\" \/>\n<meta name=\"author\" content=\"f1000024\" \/>\n<meta name=\"twitter:card\" content=\"summary_large_image\" \/>\n<meta name=\"twitter:label1\" content=\"Escrito por\" \/>\n\t<meta name=\"twitter:data1\" content=\"f1000024\" \/>\n\t<meta name=\"twitter:label2\" content=\"Tiempo de lectura\" \/>\n\t<meta name=\"twitter:data2\" content=\"1 minuto\" \/>\n<script type=\"application\/ld+json\" class=\"yoast-schema-graph\">{\"@context\":\"https:\\\/\\\/schema.org\",\"@graph\":[{\"@type\":\"Article\",\"@id\":\"https:\\\/\\\/cvinoticias.com\\\/v3\\\/graciela-mama-de-fernando-baez-no-puedo-sacar-de-mi-mente-la-palabra-caduco\\\/#article\",\"isPartOf\":{\"@id\":\"https:\\\/\\\/cvinoticias.com\\\/v3\\\/graciela-mama-de-fernando-baez-no-puedo-sacar-de-mi-mente-la-palabra-caduco\\\/\"},\"author\":{\"name\":\"f1000024\",\"@id\":\"https:\\\/\\\/cvinoticias.com\\\/v3\\\/#\\\/schema\\\/person\\\/2db77e3c6bc03c538495d7b2b8be9b66\"},\"headline\":\"Graciela, mam\u00e1 de Fernando B\u00e1ez: \u00abNo puedo sacar de mi mente la palabra caduc\u00f3\u00bb\",\"datePublished\":\"2023-01-11T22:59:02+00:00\",\"mainEntityOfPage\":{\"@id\":\"https:\\\/\\\/cvinoticias.com\\\/v3\\\/graciela-mama-de-fernando-baez-no-puedo-sacar-de-mi-mente-la-palabra-caduco\\\/\"},\"wordCount\":226,\"commentCount\":0,\"publisher\":{\"@id\":\"https:\\\/\\\/cvinoticias.com\\\/v3\\\/#organization\"},\"image\":{\"@id\":\"https:\\\/\\\/cvinoticias.com\\\/v3\\\/graciela-mama-de-fernando-baez-no-puedo-sacar-de-mi-mente-la-palabra-caduco\\\/#primaryimage\"},\"thumbnailUrl\":\"https:\\\/\\\/cvinoticias.com\\\/wp-content\\\/uploads\\\/2023\\\/01\\\/FB_IMG_1673281452088.jpg\",\"articleSection\":[\"Justicia\"],\"inLanguage\":\"es\",\"potentialAction\":[{\"@type\":\"CommentAction\",\"name\":\"Comment\",\"target\":[\"https:\\\/\\\/cvinoticias.com\\\/v3\\\/graciela-mama-de-fernando-baez-no-puedo-sacar-de-mi-mente-la-palabra-caduco\\\/#respond\"]}]},{\"@type\":\"WebPage\",\"@id\":\"https:\\\/\\\/cvinoticias.com\\\/v3\\\/graciela-mama-de-fernando-baez-no-puedo-sacar-de-mi-mente-la-palabra-caduco\\\/\",\"url\":\"https:\\\/\\\/cvinoticias.com\\\/v3\\\/graciela-mama-de-fernando-baez-no-puedo-sacar-de-mi-mente-la-palabra-caduco\\\/\",\"name\":\"Graciela, mam\u00e1 de Fernando B\u00e1ez: \\\"No puedo sacar de mi mente la palabra caduc\u00f3\\\" | CVI NOTICIAS\",\"isPartOf\":{\"@id\":\"https:\\\/\\\/cvinoticias.com\\\/v3\\\/#website\"},\"primaryImageOfPage\":{\"@id\":\"https:\\\/\\\/cvinoticias.com\\\/v3\\\/graciela-mama-de-fernando-baez-no-puedo-sacar-de-mi-mente-la-palabra-caduco\\\/#primaryimage\"},\"image\":{\"@id\":\"https:\\\/\\\/cvinoticias.com\\\/v3\\\/graciela-mama-de-fernando-baez-no-puedo-sacar-de-mi-mente-la-palabra-caduco\\\/#primaryimage\"},\"thumbnailUrl\":\"https:\\\/\\\/cvinoticias.com\\\/wp-content\\\/uploads\\\/2023\\\/01\\\/FB_IMG_1673281452088.jpg\",\"datePublished\":\"2023-01-11T22:59:02+00:00\",\"breadcrumb\":{\"@id\":\"https:\\\/\\\/cvinoticias.com\\\/v3\\\/graciela-mama-de-fernando-baez-no-puedo-sacar-de-mi-mente-la-palabra-caduco\\\/#breadcrumb\"},\"inLanguage\":\"es\",\"potentialAction\":[{\"@type\":\"ReadAction\",\"target\":[\"https:\\\/\\\/cvinoticias.com\\\/v3\\\/graciela-mama-de-fernando-baez-no-puedo-sacar-de-mi-mente-la-palabra-caduco\\\/\"]}]},{\"@type\":\"ImageObject\",\"inLanguage\":\"es\",\"@id\":\"https:\\\/\\\/cvinoticias.com\\\/v3\\\/graciela-mama-de-fernando-baez-no-puedo-sacar-de-mi-mente-la-palabra-caduco\\\/#primaryimage\",\"url\":\"https:\\\/\\\/cvinoticias.com\\\/wp-content\\\/uploads\\\/2023\\\/01\\\/FB_IMG_1673281452088.jpg\",\"contentUrl\":\"https:\\\/\\\/cvinoticias.com\\\/wp-content\\\/uploads\\\/2023\\\/01\\\/FB_IMG_1673281452088.jpg\",\"width\":967,\"height\":747},{\"@type\":\"BreadcrumbList\",\"@id\":\"https:\\\/\\\/cvinoticias.com\\\/v3\\\/graciela-mama-de-fernando-baez-no-puedo-sacar-de-mi-mente-la-palabra-caduco\\\/#breadcrumb\",\"itemListElement\":[{\"@type\":\"ListItem\",\"position\":1,\"name\":\"Portada\",\"item\":\"https:\\\/\\\/cvinoticias.com\\\/v3\\\/\"},{\"@type\":\"ListItem\",\"position\":2,\"name\":\"Graciela, mam\u00e1 de Fernando B\u00e1ez: \u00abNo puedo sacar de mi mente la palabra caduc\u00f3\u00bb\"}]},{\"@type\":\"WebSite\",\"@id\":\"https:\\\/\\\/cvinoticias.com\\\/v3\\\/#website\",\"url\":\"https:\\\/\\\/cvinoticias.com\\\/v3\\\/\",\"name\":\"CVI NOTICIAS\",\"description\":\"\",\"publisher\":{\"@id\":\"https:\\\/\\\/cvinoticias.com\\\/v3\\\/#organization\"},\"alternateName\":\"CVI\",\"potentialAction\":[{\"@type\":\"SearchAction\",\"target\":{\"@type\":\"EntryPoint\",\"urlTemplate\":\"https:\\\/\\\/cvinoticias.com\\\/v3\\\/?s={search_term_string}\"},\"query-input\":{\"@type\":\"PropertyValueSpecification\",\"valueRequired\":true,\"valueName\":\"search_term_string\"}}],\"inLanguage\":\"es\"},{\"@type\":\"Organization\",\"@id\":\"https:\\\/\\\/cvinoticias.com\\\/v3\\\/#organization\",\"name\":\"CVI NOTICIAS\",\"url\":\"https:\\\/\\\/cvinoticias.com\\\/v3\\\/\",\"logo\":{\"@type\":\"ImageObject\",\"inLanguage\":\"es\",\"@id\":\"https:\\\/\\\/cvinoticias.com\\\/v3\\\/#\\\/schema\\\/logo\\\/image\\\/\",\"url\":\"https:\\\/\\\/cvinoticias.com\\\/wp-content\\\/uploads\\\/2023\\\/04\\\/cropped-cropped-cropped-cropped-cropped-3-1.png\",\"contentUrl\":\"https:\\\/\\\/cvinoticias.com\\\/wp-content\\\/uploads\\\/2023\\\/04\\\/cropped-cropped-cropped-cropped-cropped-3-1.png\",\"width\":95,\"height\":122,\"caption\":\"CVI NOTICIAS\"},\"image\":{\"@id\":\"https:\\\/\\\/cvinoticias.com\\\/v3\\\/#\\\/schema\\\/logo\\\/image\\\/\"},\"sameAs\":[\"https:\\\/\\\/www.facebook.com\\\/cvinoticias\",\"https:\\\/\\\/www.instagram.com\\\/cvinoticias\\\/\",\"https:\\\/\\\/www.youtube.com\\\/@CVINOTICIAS\"]},{\"@type\":\"Person\",\"@id\":\"https:\\\/\\\/cvinoticias.com\\\/v3\\\/#\\\/schema\\\/person\\\/2db77e3c6bc03c538495d7b2b8be9b66\",\"name\":\"f1000024\",\"image\":{\"@type\":\"ImageObject\",\"inLanguage\":\"es\",\"@id\":\"https:\\\/\\\/secure.gravatar.com\\\/avatar\\\/d4fe7459cfc51ff5129ce1a732bbef5928568b8092d412ef95611616376bbeed?s=96&d=mm&r=g\",\"url\":\"https:\\\/\\\/secure.gravatar.com\\\/avatar\\\/d4fe7459cfc51ff5129ce1a732bbef5928568b8092d412ef95611616376bbeed?s=96&d=mm&r=g\",\"contentUrl\":\"https:\\\/\\\/secure.gravatar.com\\\/avatar\\\/d4fe7459cfc51ff5129ce1a732bbef5928568b8092d412ef95611616376bbeed?s=96&d=mm&r=g\",\"caption\":\"f1000024\"},\"url\":\"https:\\\/\\\/cvinoticias.com\\\/v3\\\/author\\\/f1000024\\\/\"}]}<\/script>\n<!-- \/ Yoast SEO plugin. -->","yoast_head_json":{"title":"Graciela, mam\u00e1 de Fernando B\u00e1ez: \"No puedo sacar de mi mente la palabra caduc\u00f3\" | CVI NOTICIAS","robots":{"index":"index","follow":"follow","max-snippet":"max-snippet:-1","max-image-preview":"max-image-preview:large","max-video-preview":"max-video-preview:-1"},"canonical":"https:\/\/cvinoticias.com\/v3\/graciela-mama-de-fernando-baez-no-puedo-sacar-de-mi-mente-la-palabra-caduco\/","og_locale":"es_ES","og_type":"article","og_title":"Graciela, mam\u00e1 de Fernando B\u00e1ez: \"No puedo sacar de mi mente la palabra caduc\u00f3\" | CVI NOTICIAS","og_description":"Finaliz\u00f3 la jornada de hoy mi\u00e9rcoles en los tribunales de Dolores. Luego de llevarse a cabo la octava jornada de juicio por el crimen de Fernando B\u00e1ez, la mam\u00e1 de la victima hizo referencia a uno de los mensajes que cruzaron los rugbiers luego del brutal asesinato. \u00abSiento que cada vez estamos cerca de la [&hellip;]","og_url":"https:\/\/cvinoticias.com\/v3\/graciela-mama-de-fernando-baez-no-puedo-sacar-de-mi-mente-la-palabra-caduco\/","og_site_name":"CVI NOTICIAS","article_publisher":"https:\/\/www.facebook.com\/cvinoticias","article_published_time":"2023-01-11T22:59:02+00:00","og_image":[{"width":967,"height":747,"url":"https:\/\/cvinoticias.com\/wp-content\/uploads\/2023\/01\/FB_IMG_1673281452088.jpg","type":"image\/jpeg"}],"author":"f1000024","twitter_card":"summary_large_image","twitter_misc":{"Escrito por":"f1000024","Tiempo de lectura":"1 minuto"},"schema":{"@context":"https:\/\/schema.org","@graph":[{"@type":"Article","@id":"https:\/\/cvinoticias.com\/v3\/graciela-mama-de-fernando-baez-no-puedo-sacar-de-mi-mente-la-palabra-caduco\/#article","isPartOf":{"@id":"https:\/\/cvinoticias.com\/v3\/graciela-mama-de-fernando-baez-no-puedo-sacar-de-mi-mente-la-palabra-caduco\/"},"author":{"name":"f1000024","@id":"https:\/\/cvinoticias.com\/v3\/#\/schema\/person\/2db77e3c6bc03c538495d7b2b8be9b66"},"headline":"Graciela, mam\u00e1 de Fernando B\u00e1ez: \u00abNo puedo sacar de mi mente la palabra caduc\u00f3\u00bb","datePublished":"2023-01-11T22:59:02+00:00","mainEntityOfPage":{"@id":"https:\/\/cvinoticias.com\/v3\/graciela-mama-de-fernando-baez-no-puedo-sacar-de-mi-mente-la-palabra-caduco\/"},"wordCount":226,"commentCount":0,"publisher":{"@id":"https:\/\/cvinoticias.com\/v3\/#organization"},"image":{"@id":"https:\/\/cvinoticias.com\/v3\/graciela-mama-de-fernando-baez-no-puedo-sacar-de-mi-mente-la-palabra-caduco\/#primaryimage"},"thumbnailUrl":"https:\/\/cvinoticias.com\/wp-content\/uploads\/2023\/01\/FB_IMG_1673281452088.jpg","articleSection":["Justicia"],"inLanguage":"es","potentialAction":[{"@type":"CommentAction","name":"Comment","target":["https:\/\/cvinoticias.com\/v3\/graciela-mama-de-fernando-baez-no-puedo-sacar-de-mi-mente-la-palabra-caduco\/#respond"]}]},{"@type":"WebPage","@id":"https:\/\/cvinoticias.com\/v3\/graciela-mama-de-fernando-baez-no-puedo-sacar-de-mi-mente-la-palabra-caduco\/","url":"https:\/\/cvinoticias.com\/v3\/graciela-mama-de-fernando-baez-no-puedo-sacar-de-mi-mente-la-palabra-caduco\/","name":"Graciela, mam\u00e1 de Fernando B\u00e1ez: \"No puedo sacar de mi mente la palabra caduc\u00f3\" | CVI NOTICIAS","isPartOf":{"@id":"https:\/\/cvinoticias.com\/v3\/#website"},"primaryImageOfPage":{"@id":"https:\/\/cvinoticias.com\/v3\/graciela-mama-de-fernando-baez-no-puedo-sacar-de-mi-mente-la-palabra-caduco\/#primaryimage"},"image":{"@id":"https:\/\/cvinoticias.com\/v3\/graciela-mama-de-fernando-baez-no-puedo-sacar-de-mi-mente-la-palabra-caduco\/#primaryimage"},"thumbnailUrl":"https:\/\/cvinoticias.com\/wp-content\/uploads\/2023\/01\/FB_IMG_1673281452088.jpg","datePublished":"2023-01-11T22:59:02+00:00","breadcrumb":{"@id":"https:\/\/cvinoticias.com\/v3\/graciela-mama-de-fernando-baez-no-puedo-sacar-de-mi-mente-la-palabra-caduco\/#breadcrumb"},"inLanguage":"es","potentialAction":[{"@type":"ReadAction","target":["https:\/\/cvinoticias.com\/v3\/graciela-mama-de-fernando-baez-no-puedo-sacar-de-mi-mente-la-palabra-caduco\/"]}]},{"@type":"ImageObject","inLanguage":"es","@id":"https:\/\/cvinoticias.com\/v3\/graciela-mama-de-fernando-baez-no-puedo-sacar-de-mi-mente-la-palabra-caduco\/#primaryimage","url":"https:\/\/cvinoticias.com\/wp-content\/uploads\/2023\/01\/FB_IMG_1673281452088.jpg","contentUrl":"https:\/\/cvinoticias.com\/wp-content\/uploads\/2023\/01\/FB_IMG_1673281452088.jpg","width":967,"height":747},{"@type":"BreadcrumbList","@id":"https:\/\/cvinoticias.com\/v3\/graciela-mama-de-fernando-baez-no-puedo-sacar-de-mi-mente-la-palabra-caduco\/#breadcrumb","itemListElement":[{"@type":"ListItem","position":1,"name":"Portada","item":"https:\/\/cvinoticias.com\/v3\/"},{"@type":"ListItem","position":2,"name":"Graciela, mam\u00e1 de Fernando B\u00e1ez: \u00abNo puedo sacar de mi mente la palabra caduc\u00f3\u00bb"}]},{"@type":"WebSite","@id":"https:\/\/cvinoticias.com\/v3\/#website","url":"https:\/\/cvinoticias.com\/v3\/","name":"CVI NOTICIAS","description":"","publisher":{"@id":"https:\/\/cvinoticias.com\/v3\/#organization"},"alternateName":"CVI","potentialAction":[{"@type":"SearchAction","target":{"@type":"EntryPoint","urlTemplate":"https:\/\/cvinoticias.com\/v3\/?s={search_term_string}"},"query-input":{"@type":"PropertyValueSpecification","valueRequired":true,"valueName":"search_term_string"}}],"inLanguage":"es"},{"@type":"Organization","@id":"https:\/\/cvinoticias.com\/v3\/#organization","name":"CVI NOTICIAS","url":"https:\/\/cvinoticias.com\/v3\/","logo":{"@type":"ImageObject","inLanguage":"es","@id":"https:\/\/cvinoticias.com\/v3\/#\/schema\/logo\/image\/","url":"https:\/\/cvinoticias.com\/wp-content\/uploads\/2023\/04\/cropped-cropped-cropped-cropped-cropped-3-1.png","contentUrl":"https:\/\/cvinoticias.com\/wp-content\/uploads\/2023\/04\/cropped-cropped-cropped-cropped-cropped-3-1.png","width":95,"height":122,"caption":"CVI NOTICIAS"},"image":{"@id":"https:\/\/cvinoticias.com\/v3\/#\/schema\/logo\/image\/"},"sameAs":["https:\/\/www.facebook.com\/cvinoticias","https:\/\/www.instagram.com\/cvinoticias\/","https:\/\/www.youtube.com\/@CVINOTICIAS"]},{"@type":"Person","@id":"https:\/\/cvinoticias.com\/v3\/#\/schema\/person\/2db77e3c6bc03c538495d7b2b8be9b66","name":"f1000024","image":{"@type":"ImageObject","inLanguage":"es","@id":"https:\/\/secure.gravatar.com\/avatar\/d4fe7459cfc51ff5129ce1a732bbef5928568b8092d412ef95611616376bbeed?s=96&d=mm&r=g","url":"https:\/\/secure.gravatar.com\/avatar\/d4fe7459cfc51ff5129ce1a732bbef5928568b8092d412ef95611616376bbeed?s=96&d=mm&r=g","contentUrl":"https:\/\/secure.gravatar.com\/avatar\/d4fe7459cfc51ff5129ce1a732bbef5928568b8092d412ef95611616376bbeed?s=96&d=mm&r=g","caption":"f1000024"},"url":"https:\/\/cvinoticias.com\/v3\/author\/f1000024\/"}]}},"_links":{"self":[{"href":"https:\/\/cvinoticias.com\/v3\/wp-json\/wp\/v2\/posts\/21764","targetHints":{"allow":["GET"]}}],"collection":[{"href":"https:\/\/cvinoticias.com\/v3\/wp-json\/wp\/v2\/posts"}],"about":[{"href":"https:\/\/cvinoticias.com\/v3\/wp-json\/wp\/v2\/types\/post"}],"author":[{"embeddable":true,"href":"https:\/\/cvinoticias.com\/v3\/wp-json\/wp\/v2\/users\/2"}],"replies":[{"embeddable":true,"href":"https:\/\/cvinoticias.com\/v3\/wp-json\/wp\/v2\/comments?post=21764"}],"version-history":[{"count":1,"href":"https:\/\/cvinoticias.com\/v3\/wp-json\/wp\/v2\/posts\/21764\/revisions"}],"predecessor-version":[{"id":21766,"href":"https:\/\/cvinoticias.com\/v3\/wp-json\/wp\/v2\/posts\/21764\/revisions\/21766"}],"wp:featuredmedia":[{"embeddable":true,"href":"https:\/\/cvinoticias.com\/v3\/wp-json\/wp\/v2\/media\/21765"}],"wp:attachment":[{"href":"https:\/\/cvinoticias.com\/v3\/wp-json\/wp\/v2\/media?parent=21764"}],"wp:term":[{"taxonomy":"category","embeddable":true,"href":"https:\/\/cvinoticias.com\/v3\/wp-json\/wp\/v2\/categories?post=21764"},{"taxonomy":"post_tag","embeddable":true,"href":"https:\/\/cvinoticias.com\/v3\/wp-json\/wp\/v2\/tags?post=21764"}],"curies":[{"name":"wp","href":"https:\/\/api.w.org\/{rel}","templated":true}]}}