{"id":21739,"date":"2023-01-11T03:24:01","date_gmt":"2023-01-11T03:24:01","guid":{"rendered":"https:\/\/cvinoticias.com\/v3\/?p=21739"},"modified":"2023-01-11T03:24:01","modified_gmt":"2023-01-11T03:24:01","slug":"septima-audiencia-del-juicio-por-el-crimen-de-fernando-en-las-manos-de-ellos-se-termino-la-vida-de-mi-hijo","status":"publish","type":"post","link":"https:\/\/cvinoticias.com\/v3\/septima-audiencia-del-juicio-por-el-crimen-de-fernando-en-las-manos-de-ellos-se-termino-la-vida-de-mi-hijo\/","title":{"rendered":"S\u00e9ptima audiencia del juicio por el crimen de Fernando: \u00abEn las manos de ellos se termin\u00f3 la vida de mi hijo\u00bb"},"content":{"rendered":"\n<p><strong><em>Finaliz\u00f3 la s\u00e9ptima audiencia del juicio oral contra los ocho rugbiers acusados del crimen de Fernando B\u00e1ez Sosa. Aunque se trat\u00f3 de una jornada breve hubo mucha informaci\u00f3n relevante ya que se mostraron los chats entre los imputados y de qui\u00e9n era la zapatilla que qued\u00f3 marcada en la cara del joven.<\/em><\/strong><\/p>\n\n\n\n<p>Luego de las declaraciones, Silvino y Graciela volvieron a dialogar con la prensa y dieron a conocer un comunicado redactado por ellos mismos sobre el homenaje que se realizar\u00e1 el pr\u00f3ximo 18 de enero a tres a\u00f1os del crimen.<\/p>\n\n\n\n<p>\u00abA tres a\u00f1os sin Fernando queremos paz y justicia, por eso el pr\u00f3ximo 18 de enero realizaremos una oraci\u00f3n intrerreligiosa en memoria de nuestro querido hijo. Ser\u00e1 en el Anfiteatro de Dolores y los queremos invitar a todos a colaborar con una colecta solidaria que puede ser un alimento no perecedero o \u00fatiles escolares que ser\u00e1n donados a distintas entidades. Queremos convertir el profundo dolor de la ausencia de Fernando en solidaridad, esperamos contar con su presencia. Cada vez nos acercamos m\u00e1s a la justicia para que Fer pueda descansar. Gracias a todos por el acompa\u00f1amiento de siempre\u00bb, indicaron en el comunicado que leyeron frente a las c\u00e1maras.<\/p>\n\n\n\n<p>De esta manera queda confirmada que los pap\u00e1s de la v\u00edctima se quedar\u00e1n en la ciudad y el homenaje en Villa Gesell denominado \u00abla marcha de velas blancas\u00bb se realizar\u00e1 sin su presencia.<\/p>\n\n\n\n<p>Luego de dar a conocer el comunicado, dieron respuesta a preguntas sobre c\u00f3mo pasaron la audiencia de este martes: \u00abSe comprob\u00f3 que ellos siempre supieron lo que hac\u00edan desde un principio, los \u00fanicos que no lo sab\u00edamos fuimos nosotros\u00bb, manifest\u00f3 Silvino.<\/p>\n\n\n\n<p>\u00abNo presenciamos todos los testimonios, pero escuchamos los audios y fue muy fuerte ver como festejaron y como nuestro hijo hab\u00eda \u2018caducado\u2019. Es desgarrador\u00bb, expres\u00f3 Graciela.<\/p>\n\n\n\n<p>Una frase de la mam\u00e1 de Fernando y que concluye la jornada de hoy fue: \u00abEn las manos y pies de ellos se termin\u00f3 la vida de mi hijo. No son humanos, no se puede creer lo que hicieron\u00bb.<\/p>\n\n\n\n<p>\u00abEn cada audiencia \u00e9l est\u00e1 conmigo y me dice que no lo abandone. Ellos solo se merecen la cadena perpetua porque Fer est\u00e1 en un lugar del que nunca va a regresar\u00bb, sostuvo Graciela.<\/p>\n\n\n\n<p>Al ser consultada sobre si alguno de los pap\u00e1s de los acusados se acerc\u00f3 durante el juicio, ambos se\u00f1alaron que no: \u00abIgual a estas alturas ser\u00eda rid\u00edculo que se acerquen a pedirnos perd\u00f3n\u00bb.<\/p>\n\n\n\n<p>\u00abHoy hace tres a\u00f1os le di el \u00faltimo abrazo, porque mi hijo el 10 de enero de 2020 se iba a Pinamar, para luego visitar Villa Gesell con sus amigos, pero nunca m\u00e1s volvi\u00f3\u00bb, record\u00f3 Graciela al borde de las l\u00e1grimas.<\/p>\n","protected":false},"excerpt":{"rendered":"<p>Finaliz\u00f3 la s\u00e9ptima audiencia del juicio oral contra los ocho rugbiers acusados del crimen de Fernando B\u00e1ez Sosa. Aunque se trat\u00f3 de una jornada breve hubo mucha informaci\u00f3n relevante ya que se mostraron los chats entre los imputados y de qui\u00e9n era la zapatilla que qued\u00f3 marcada en la cara del joven. Luego de las [&hellip;]<\/p>\n","protected":false},"author":2,"featured_media":21740,"comment_status":"open","ping_status":"open","sticky":false,"template":"","format":"standard","meta":{"footnotes":""},"categories":[37],"tags":[],"class_list":["post-21739","post","type-post","status-publish","format-standard","has-post-thumbnail","hentry","category-justicia"],"yoast_head":"<!-- This site is optimized with the Yoast SEO plugin v27.5 - https:\/\/yoast.com\/product\/yoast-seo-wordpress\/ -->\n<title>S\u00e9ptima audiencia del juicio por el crimen de Fernando: &quot;En las manos de ellos se termin\u00f3 la vida de mi hijo&quot; | CVI NOTICIAS<\/title>\n<meta name=\"robots\" content=\"index, follow, max-snippet:-1, max-image-preview:large, max-video-preview:-1\" \/>\n<link rel=\"canonical\" href=\"https:\/\/cvinoticias.com\/v3\/septima-audiencia-del-juicio-por-el-crimen-de-fernando-en-las-manos-de-ellos-se-termino-la-vida-de-mi-hijo\/\" \/>\n<meta property=\"og:locale\" content=\"es_ES\" \/>\n<meta property=\"og:type\" content=\"article\" \/>\n<meta property=\"og:title\" content=\"S\u00e9ptima audiencia del juicio por el crimen de Fernando: &quot;En las manos de ellos se termin\u00f3 la vida de mi hijo&quot; | CVI NOTICIAS\" \/>\n<meta property=\"og:description\" content=\"Finaliz\u00f3 la s\u00e9ptima audiencia del juicio oral contra los ocho rugbiers acusados del crimen de Fernando B\u00e1ez Sosa. Aunque se trat\u00f3 de una jornada breve hubo mucha informaci\u00f3n relevante ya que se mostraron los chats entre los imputados y de qui\u00e9n era la zapatilla que qued\u00f3 marcada en la cara del joven. Luego de las [&hellip;]\" \/>\n<meta property=\"og:url\" content=\"https:\/\/cvinoticias.com\/v3\/septima-audiencia-del-juicio-por-el-crimen-de-fernando-en-las-manos-de-ellos-se-termino-la-vida-de-mi-hijo\/\" \/>\n<meta property=\"og:site_name\" content=\"CVI NOTICIAS\" \/>\n<meta property=\"article:publisher\" content=\"https:\/\/www.facebook.com\/cvinoticias\" \/>\n<meta property=\"article:published_time\" content=\"2023-01-11T03:24:01+00:00\" \/>\n<meta property=\"og:image\" content=\"https:\/\/cvinoticias.com\/wp-content\/uploads\/2023\/01\/5bf7b04561f255d80192cca97d586bcc_M.jpg\" \/>\n\t<meta property=\"og:image:width\" content=\"768\" \/>\n\t<meta property=\"og:image:height\" content=\"498\" \/>\n\t<meta property=\"og:image:type\" content=\"image\/jpeg\" \/>\n<meta name=\"author\" content=\"f1000024\" \/>\n<meta name=\"twitter:card\" content=\"summary_large_image\" \/>\n<meta name=\"twitter:label1\" content=\"Escrito por\" \/>\n\t<meta name=\"twitter:data1\" content=\"f1000024\" \/>\n\t<meta name=\"twitter:label2\" content=\"Tiempo de lectura\" \/>\n\t<meta name=\"twitter:data2\" content=\"2 minutos\" \/>\n<script type=\"application\/ld+json\" class=\"yoast-schema-graph\">{\"@context\":\"https:\\\/\\\/schema.org\",\"@graph\":[{\"@type\":\"Article\",\"@id\":\"https:\\\/\\\/cvinoticias.com\\\/v3\\\/septima-audiencia-del-juicio-por-el-crimen-de-fernando-en-las-manos-de-ellos-se-termino-la-vida-de-mi-hijo\\\/#article\",\"isPartOf\":{\"@id\":\"https:\\\/\\\/cvinoticias.com\\\/v3\\\/septima-audiencia-del-juicio-por-el-crimen-de-fernando-en-las-manos-de-ellos-se-termino-la-vida-de-mi-hijo\\\/\"},\"author\":{\"name\":\"f1000024\",\"@id\":\"https:\\\/\\\/cvinoticias.com\\\/v3\\\/#\\\/schema\\\/person\\\/2db77e3c6bc03c538495d7b2b8be9b66\"},\"headline\":\"S\u00e9ptima audiencia del juicio por el crimen de Fernando: \u00abEn las manos de ellos se termin\u00f3 la vida de mi hijo\u00bb\",\"datePublished\":\"2023-01-11T03:24:01+00:00\",\"mainEntityOfPage\":{\"@id\":\"https:\\\/\\\/cvinoticias.com\\\/v3\\\/septima-audiencia-del-juicio-por-el-crimen-de-fernando-en-las-manos-de-ellos-se-termino-la-vida-de-mi-hijo\\\/\"},\"wordCount\":492,\"commentCount\":0,\"publisher\":{\"@id\":\"https:\\\/\\\/cvinoticias.com\\\/v3\\\/#organization\"},\"image\":{\"@id\":\"https:\\\/\\\/cvinoticias.com\\\/v3\\\/septima-audiencia-del-juicio-por-el-crimen-de-fernando-en-las-manos-de-ellos-se-termino-la-vida-de-mi-hijo\\\/#primaryimage\"},\"thumbnailUrl\":\"https:\\\/\\\/cvinoticias.com\\\/wp-content\\\/uploads\\\/2023\\\/01\\\/5bf7b04561f255d80192cca97d586bcc_M.jpg\",\"articleSection\":[\"Justicia\"],\"inLanguage\":\"es\",\"potentialAction\":[{\"@type\":\"CommentAction\",\"name\":\"Comment\",\"target\":[\"https:\\\/\\\/cvinoticias.com\\\/v3\\\/septima-audiencia-del-juicio-por-el-crimen-de-fernando-en-las-manos-de-ellos-se-termino-la-vida-de-mi-hijo\\\/#respond\"]}]},{\"@type\":\"WebPage\",\"@id\":\"https:\\\/\\\/cvinoticias.com\\\/v3\\\/septima-audiencia-del-juicio-por-el-crimen-de-fernando-en-las-manos-de-ellos-se-termino-la-vida-de-mi-hijo\\\/\",\"url\":\"https:\\\/\\\/cvinoticias.com\\\/v3\\\/septima-audiencia-del-juicio-por-el-crimen-de-fernando-en-las-manos-de-ellos-se-termino-la-vida-de-mi-hijo\\\/\",\"name\":\"S\u00e9ptima audiencia del juicio por el crimen de Fernando: \\\"En las manos de ellos se termin\u00f3 la vida de mi hijo\\\" | CVI NOTICIAS\",\"isPartOf\":{\"@id\":\"https:\\\/\\\/cvinoticias.com\\\/v3\\\/#website\"},\"primaryImageOfPage\":{\"@id\":\"https:\\\/\\\/cvinoticias.com\\\/v3\\\/septima-audiencia-del-juicio-por-el-crimen-de-fernando-en-las-manos-de-ellos-se-termino-la-vida-de-mi-hijo\\\/#primaryimage\"},\"image\":{\"@id\":\"https:\\\/\\\/cvinoticias.com\\\/v3\\\/septima-audiencia-del-juicio-por-el-crimen-de-fernando-en-las-manos-de-ellos-se-termino-la-vida-de-mi-hijo\\\/#primaryimage\"},\"thumbnailUrl\":\"https:\\\/\\\/cvinoticias.com\\\/wp-content\\\/uploads\\\/2023\\\/01\\\/5bf7b04561f255d80192cca97d586bcc_M.jpg\",\"datePublished\":\"2023-01-11T03:24:01+00:00\",\"breadcrumb\":{\"@id\":\"https:\\\/\\\/cvinoticias.com\\\/v3\\\/septima-audiencia-del-juicio-por-el-crimen-de-fernando-en-las-manos-de-ellos-se-termino-la-vida-de-mi-hijo\\\/#breadcrumb\"},\"inLanguage\":\"es\",\"potentialAction\":[{\"@type\":\"ReadAction\",\"target\":[\"https:\\\/\\\/cvinoticias.com\\\/v3\\\/septima-audiencia-del-juicio-por-el-crimen-de-fernando-en-las-manos-de-ellos-se-termino-la-vida-de-mi-hijo\\\/\"]}]},{\"@type\":\"ImageObject\",\"inLanguage\":\"es\",\"@id\":\"https:\\\/\\\/cvinoticias.com\\\/v3\\\/septima-audiencia-del-juicio-por-el-crimen-de-fernando-en-las-manos-de-ellos-se-termino-la-vida-de-mi-hijo\\\/#primaryimage\",\"url\":\"https:\\\/\\\/cvinoticias.com\\\/wp-content\\\/uploads\\\/2023\\\/01\\\/5bf7b04561f255d80192cca97d586bcc_M.jpg\",\"contentUrl\":\"https:\\\/\\\/cvinoticias.com\\\/wp-content\\\/uploads\\\/2023\\\/01\\\/5bf7b04561f255d80192cca97d586bcc_M.jpg\",\"width\":768,\"height\":498},{\"@type\":\"BreadcrumbList\",\"@id\":\"https:\\\/\\\/cvinoticias.com\\\/v3\\\/septima-audiencia-del-juicio-por-el-crimen-de-fernando-en-las-manos-de-ellos-se-termino-la-vida-de-mi-hijo\\\/#breadcrumb\",\"itemListElement\":[{\"@type\":\"ListItem\",\"position\":1,\"name\":\"Portada\",\"item\":\"https:\\\/\\\/cvinoticias.com\\\/v3\\\/\"},{\"@type\":\"ListItem\",\"position\":2,\"name\":\"S\u00e9ptima audiencia del juicio por el crimen de Fernando: \u00abEn las manos de ellos se termin\u00f3 la vida de mi hijo\u00bb\"}]},{\"@type\":\"WebSite\",\"@id\":\"https:\\\/\\\/cvinoticias.com\\\/v3\\\/#website\",\"url\":\"https:\\\/\\\/cvinoticias.com\\\/v3\\\/\",\"name\":\"CVI NOTICIAS\",\"description\":\"\",\"publisher\":{\"@id\":\"https:\\\/\\\/cvinoticias.com\\\/v3\\\/#organization\"},\"alternateName\":\"CVI\",\"potentialAction\":[{\"@type\":\"SearchAction\",\"target\":{\"@type\":\"EntryPoint\",\"urlTemplate\":\"https:\\\/\\\/cvinoticias.com\\\/v3\\\/?s={search_term_string}\"},\"query-input\":{\"@type\":\"PropertyValueSpecification\",\"valueRequired\":true,\"valueName\":\"search_term_string\"}}],\"inLanguage\":\"es\"},{\"@type\":\"Organization\",\"@id\":\"https:\\\/\\\/cvinoticias.com\\\/v3\\\/#organization\",\"name\":\"CVI NOTICIAS\",\"url\":\"https:\\\/\\\/cvinoticias.com\\\/v3\\\/\",\"logo\":{\"@type\":\"ImageObject\",\"inLanguage\":\"es\",\"@id\":\"https:\\\/\\\/cvinoticias.com\\\/v3\\\/#\\\/schema\\\/logo\\\/image\\\/\",\"url\":\"https:\\\/\\\/cvinoticias.com\\\/wp-content\\\/uploads\\\/2023\\\/04\\\/cropped-cropped-cropped-cropped-cropped-3-1.png\",\"contentUrl\":\"https:\\\/\\\/cvinoticias.com\\\/wp-content\\\/uploads\\\/2023\\\/04\\\/cropped-cropped-cropped-cropped-cropped-3-1.png\",\"width\":95,\"height\":122,\"caption\":\"CVI NOTICIAS\"},\"image\":{\"@id\":\"https:\\\/\\\/cvinoticias.com\\\/v3\\\/#\\\/schema\\\/logo\\\/image\\\/\"},\"sameAs\":[\"https:\\\/\\\/www.facebook.com\\\/cvinoticias\",\"https:\\\/\\\/www.instagram.com\\\/cvinoticias\\\/\",\"https:\\\/\\\/www.youtube.com\\\/@CVINOTICIAS\"]},{\"@type\":\"Person\",\"@id\":\"https:\\\/\\\/cvinoticias.com\\\/v3\\\/#\\\/schema\\\/person\\\/2db77e3c6bc03c538495d7b2b8be9b66\",\"name\":\"f1000024\",\"image\":{\"@type\":\"ImageObject\",\"inLanguage\":\"es\",\"@id\":\"https:\\\/\\\/secure.gravatar.com\\\/avatar\\\/d4fe7459cfc51ff5129ce1a732bbef5928568b8092d412ef95611616376bbeed?s=96&d=mm&r=g\",\"url\":\"https:\\\/\\\/secure.gravatar.com\\\/avatar\\\/d4fe7459cfc51ff5129ce1a732bbef5928568b8092d412ef95611616376bbeed?s=96&d=mm&r=g\",\"contentUrl\":\"https:\\\/\\\/secure.gravatar.com\\\/avatar\\\/d4fe7459cfc51ff5129ce1a732bbef5928568b8092d412ef95611616376bbeed?s=96&d=mm&r=g\",\"caption\":\"f1000024\"},\"url\":\"https:\\\/\\\/cvinoticias.com\\\/v3\\\/author\\\/f1000024\\\/\"}]}<\/script>\n<!-- \/ Yoast SEO plugin. -->","yoast_head_json":{"title":"S\u00e9ptima audiencia del juicio por el crimen de Fernando: \"En las manos de ellos se termin\u00f3 la vida de mi hijo\" | CVI NOTICIAS","robots":{"index":"index","follow":"follow","max-snippet":"max-snippet:-1","max-image-preview":"max-image-preview:large","max-video-preview":"max-video-preview:-1"},"canonical":"https:\/\/cvinoticias.com\/v3\/septima-audiencia-del-juicio-por-el-crimen-de-fernando-en-las-manos-de-ellos-se-termino-la-vida-de-mi-hijo\/","og_locale":"es_ES","og_type":"article","og_title":"S\u00e9ptima audiencia del juicio por el crimen de Fernando: \"En las manos de ellos se termin\u00f3 la vida de mi hijo\" | CVI NOTICIAS","og_description":"Finaliz\u00f3 la s\u00e9ptima audiencia del juicio oral contra los ocho rugbiers acusados del crimen de Fernando B\u00e1ez Sosa. Aunque se trat\u00f3 de una jornada breve hubo mucha informaci\u00f3n relevante ya que se mostraron los chats entre los imputados y de qui\u00e9n era la zapatilla que qued\u00f3 marcada en la cara del joven. Luego de las [&hellip;]","og_url":"https:\/\/cvinoticias.com\/v3\/septima-audiencia-del-juicio-por-el-crimen-de-fernando-en-las-manos-de-ellos-se-termino-la-vida-de-mi-hijo\/","og_site_name":"CVI NOTICIAS","article_publisher":"https:\/\/www.facebook.com\/cvinoticias","article_published_time":"2023-01-11T03:24:01+00:00","og_image":[{"width":768,"height":498,"url":"https:\/\/cvinoticias.com\/wp-content\/uploads\/2023\/01\/5bf7b04561f255d80192cca97d586bcc_M.jpg","type":"image\/jpeg"}],"author":"f1000024","twitter_card":"summary_large_image","twitter_misc":{"Escrito por":"f1000024","Tiempo de lectura":"2 minutos"},"schema":{"@context":"https:\/\/schema.org","@graph":[{"@type":"Article","@id":"https:\/\/cvinoticias.com\/v3\/septima-audiencia-del-juicio-por-el-crimen-de-fernando-en-las-manos-de-ellos-se-termino-la-vida-de-mi-hijo\/#article","isPartOf":{"@id":"https:\/\/cvinoticias.com\/v3\/septima-audiencia-del-juicio-por-el-crimen-de-fernando-en-las-manos-de-ellos-se-termino-la-vida-de-mi-hijo\/"},"author":{"name":"f1000024","@id":"https:\/\/cvinoticias.com\/v3\/#\/schema\/person\/2db77e3c6bc03c538495d7b2b8be9b66"},"headline":"S\u00e9ptima audiencia del juicio por el crimen de Fernando: \u00abEn las manos de ellos se termin\u00f3 la vida de mi hijo\u00bb","datePublished":"2023-01-11T03:24:01+00:00","mainEntityOfPage":{"@id":"https:\/\/cvinoticias.com\/v3\/septima-audiencia-del-juicio-por-el-crimen-de-fernando-en-las-manos-de-ellos-se-termino-la-vida-de-mi-hijo\/"},"wordCount":492,"commentCount":0,"publisher":{"@id":"https:\/\/cvinoticias.com\/v3\/#organization"},"image":{"@id":"https:\/\/cvinoticias.com\/v3\/septima-audiencia-del-juicio-por-el-crimen-de-fernando-en-las-manos-de-ellos-se-termino-la-vida-de-mi-hijo\/#primaryimage"},"thumbnailUrl":"https:\/\/cvinoticias.com\/wp-content\/uploads\/2023\/01\/5bf7b04561f255d80192cca97d586bcc_M.jpg","articleSection":["Justicia"],"inLanguage":"es","potentialAction":[{"@type":"CommentAction","name":"Comment","target":["https:\/\/cvinoticias.com\/v3\/septima-audiencia-del-juicio-por-el-crimen-de-fernando-en-las-manos-de-ellos-se-termino-la-vida-de-mi-hijo\/#respond"]}]},{"@type":"WebPage","@id":"https:\/\/cvinoticias.com\/v3\/septima-audiencia-del-juicio-por-el-crimen-de-fernando-en-las-manos-de-ellos-se-termino-la-vida-de-mi-hijo\/","url":"https:\/\/cvinoticias.com\/v3\/septima-audiencia-del-juicio-por-el-crimen-de-fernando-en-las-manos-de-ellos-se-termino-la-vida-de-mi-hijo\/","name":"S\u00e9ptima audiencia del juicio por el crimen de Fernando: \"En las manos de ellos se termin\u00f3 la vida de mi hijo\" | CVI NOTICIAS","isPartOf":{"@id":"https:\/\/cvinoticias.com\/v3\/#website"},"primaryImageOfPage":{"@id":"https:\/\/cvinoticias.com\/v3\/septima-audiencia-del-juicio-por-el-crimen-de-fernando-en-las-manos-de-ellos-se-termino-la-vida-de-mi-hijo\/#primaryimage"},"image":{"@id":"https:\/\/cvinoticias.com\/v3\/septima-audiencia-del-juicio-por-el-crimen-de-fernando-en-las-manos-de-ellos-se-termino-la-vida-de-mi-hijo\/#primaryimage"},"thumbnailUrl":"https:\/\/cvinoticias.com\/wp-content\/uploads\/2023\/01\/5bf7b04561f255d80192cca97d586bcc_M.jpg","datePublished":"2023-01-11T03:24:01+00:00","breadcrumb":{"@id":"https:\/\/cvinoticias.com\/v3\/septima-audiencia-del-juicio-por-el-crimen-de-fernando-en-las-manos-de-ellos-se-termino-la-vida-de-mi-hijo\/#breadcrumb"},"inLanguage":"es","potentialAction":[{"@type":"ReadAction","target":["https:\/\/cvinoticias.com\/v3\/septima-audiencia-del-juicio-por-el-crimen-de-fernando-en-las-manos-de-ellos-se-termino-la-vida-de-mi-hijo\/"]}]},{"@type":"ImageObject","inLanguage":"es","@id":"https:\/\/cvinoticias.com\/v3\/septima-audiencia-del-juicio-por-el-crimen-de-fernando-en-las-manos-de-ellos-se-termino-la-vida-de-mi-hijo\/#primaryimage","url":"https:\/\/cvinoticias.com\/wp-content\/uploads\/2023\/01\/5bf7b04561f255d80192cca97d586bcc_M.jpg","contentUrl":"https:\/\/cvinoticias.com\/wp-content\/uploads\/2023\/01\/5bf7b04561f255d80192cca97d586bcc_M.jpg","width":768,"height":498},{"@type":"BreadcrumbList","@id":"https:\/\/cvinoticias.com\/v3\/septima-audiencia-del-juicio-por-el-crimen-de-fernando-en-las-manos-de-ellos-se-termino-la-vida-de-mi-hijo\/#breadcrumb","itemListElement":[{"@type":"ListItem","position":1,"name":"Portada","item":"https:\/\/cvinoticias.com\/v3\/"},{"@type":"ListItem","position":2,"name":"S\u00e9ptima audiencia del juicio por el crimen de Fernando: \u00abEn las manos de ellos se termin\u00f3 la vida de mi hijo\u00bb"}]},{"@type":"WebSite","@id":"https:\/\/cvinoticias.com\/v3\/#website","url":"https:\/\/cvinoticias.com\/v3\/","name":"CVI NOTICIAS","description":"","publisher":{"@id":"https:\/\/cvinoticias.com\/v3\/#organization"},"alternateName":"CVI","potentialAction":[{"@type":"SearchAction","target":{"@type":"EntryPoint","urlTemplate":"https:\/\/cvinoticias.com\/v3\/?s={search_term_string}"},"query-input":{"@type":"PropertyValueSpecification","valueRequired":true,"valueName":"search_term_string"}}],"inLanguage":"es"},{"@type":"Organization","@id":"https:\/\/cvinoticias.com\/v3\/#organization","name":"CVI NOTICIAS","url":"https:\/\/cvinoticias.com\/v3\/","logo":{"@type":"ImageObject","inLanguage":"es","@id":"https:\/\/cvinoticias.com\/v3\/#\/schema\/logo\/image\/","url":"https:\/\/cvinoticias.com\/wp-content\/uploads\/2023\/04\/cropped-cropped-cropped-cropped-cropped-3-1.png","contentUrl":"https:\/\/cvinoticias.com\/wp-content\/uploads\/2023\/04\/cropped-cropped-cropped-cropped-cropped-3-1.png","width":95,"height":122,"caption":"CVI NOTICIAS"},"image":{"@id":"https:\/\/cvinoticias.com\/v3\/#\/schema\/logo\/image\/"},"sameAs":["https:\/\/www.facebook.com\/cvinoticias","https:\/\/www.instagram.com\/cvinoticias\/","https:\/\/www.youtube.com\/@CVINOTICIAS"]},{"@type":"Person","@id":"https:\/\/cvinoticias.com\/v3\/#\/schema\/person\/2db77e3c6bc03c538495d7b2b8be9b66","name":"f1000024","image":{"@type":"ImageObject","inLanguage":"es","@id":"https:\/\/secure.gravatar.com\/avatar\/d4fe7459cfc51ff5129ce1a732bbef5928568b8092d412ef95611616376bbeed?s=96&d=mm&r=g","url":"https:\/\/secure.gravatar.com\/avatar\/d4fe7459cfc51ff5129ce1a732bbef5928568b8092d412ef95611616376bbeed?s=96&d=mm&r=g","contentUrl":"https:\/\/secure.gravatar.com\/avatar\/d4fe7459cfc51ff5129ce1a732bbef5928568b8092d412ef95611616376bbeed?s=96&d=mm&r=g","caption":"f1000024"},"url":"https:\/\/cvinoticias.com\/v3\/author\/f1000024\/"}]}},"_links":{"self":[{"href":"https:\/\/cvinoticias.com\/v3\/wp-json\/wp\/v2\/posts\/21739","targetHints":{"allow":["GET"]}}],"collection":[{"href":"https:\/\/cvinoticias.com\/v3\/wp-json\/wp\/v2\/posts"}],"about":[{"href":"https:\/\/cvinoticias.com\/v3\/wp-json\/wp\/v2\/types\/post"}],"author":[{"embeddable":true,"href":"https:\/\/cvinoticias.com\/v3\/wp-json\/wp\/v2\/users\/2"}],"replies":[{"embeddable":true,"href":"https:\/\/cvinoticias.com\/v3\/wp-json\/wp\/v2\/comments?post=21739"}],"version-history":[{"count":1,"href":"https:\/\/cvinoticias.com\/v3\/wp-json\/wp\/v2\/posts\/21739\/revisions"}],"predecessor-version":[{"id":21741,"href":"https:\/\/cvinoticias.com\/v3\/wp-json\/wp\/v2\/posts\/21739\/revisions\/21741"}],"wp:featuredmedia":[{"embeddable":true,"href":"https:\/\/cvinoticias.com\/v3\/wp-json\/wp\/v2\/media\/21740"}],"wp:attachment":[{"href":"https:\/\/cvinoticias.com\/v3\/wp-json\/wp\/v2\/media?parent=21739"}],"wp:term":[{"taxonomy":"category","embeddable":true,"href":"https:\/\/cvinoticias.com\/v3\/wp-json\/wp\/v2\/categories?post=21739"},{"taxonomy":"post_tag","embeddable":true,"href":"https:\/\/cvinoticias.com\/v3\/wp-json\/wp\/v2\/tags?post=21739"}],"curies":[{"name":"wp","href":"https:\/\/api.w.org\/{rel}","templated":true}]}}