{"id":21717,"date":"2023-01-10T11:22:23","date_gmt":"2023-01-10T11:22:23","guid":{"rendered":"https:\/\/cvinoticias.com\/v3\/?p=21717"},"modified":"2023-01-10T11:22:23","modified_gmt":"2023-01-10T11:22:23","slug":"asesinaron-a-un-adolescente-de-16-anos-de-un-botellazo-en-la-cabeza-tras-una-pelea-callejera","status":"publish","type":"post","link":"https:\/\/cvinoticias.com\/v3\/asesinaron-a-un-adolescente-de-16-anos-de-un-botellazo-en-la-cabeza-tras-una-pelea-callejera\/","title":{"rendered":"Asesinaron a un adolescente de 16 a\u00f1os de un botellazo en la cabeza tras una pelea callejera"},"content":{"rendered":"\n<p><strong><em>El conflicto se habr\u00eda desatado por el robo de una gorra.<\/em><\/strong><\/p>\n\n\n\n<p>Este lunes por la madrugada, en el marco de una pelea callejera, asesinaron a un adolescente de 16 a\u00f1os en la localidad de Jes\u00fas Mar\u00eda, provincia de C\u00f3rdoba.<\/p>\n\n\n\n<p>El episodio comenz\u00f3 en cercan\u00edas del Anfiteatro Jos\u00e9 Hern\u00e1ndez durante la segunda jornada del Festival Nacional de Doma y Folclore,y el joven perdi\u00f3 la vida a causa del fuerte golpe en la cabeza. Hasta el momento hay 20 detenidos sindicados como responsables del crimen.<\/p>\n\n\n\n<p>Seg\u00fan detall\u00f3 La Lupa Medios, los agentes policiales llegaron al lugar tras enterarse de un enfrentamiento entre dos grupos de personas, quienes \u00abal percatarse de la presencia policial se dispersaron del sector, quedando una persona tendida en la v\u00eda p\u00fablica\u00bb.<\/p>\n\n\n\n<p>Los j\u00f3venes hab\u00edan salido de un boliche a pocos metros del anfiteatro y la pelea se habr\u00eda desatado por el robo de una gorra, de acuerdo a fuentes policiales. A partir de ese momento, un servicio de emergencias lleg\u00f3 al sector y constat\u00f3 el deceso del adolescente de 16 a\u00f1os, identificado como Agust\u00edn \u00c1vila, que habr\u00eda recibido un botellazo en la cabeza.<\/p>\n\n\n\n<p>Tras el episodio, la Polic\u00eda mont\u00f3 un operativo en la zona de la terminal de \u00f3mnibus local donde detuvo a 20 personas, que fueron trasladadas a la sede judicial local, \u00abcon el secuestro de elementos que estar\u00edan relacionados a la causa\u00bb, precisaron las fuentes.<\/p>\n\n\n\n<p>Por \u00faltimo, el padre del adolescente, Miguel \u00c1vila, realiz\u00f3 una publicaci\u00f3n en las redes sociales en la cual manifest\u00f3 que llevar\u00e1 el dolor por su muerte \u00abpor siempre\u00bb. \u00abA Dios le pido que hagan Justicia. Este dolor lo llevar\u00e9 por siempre, mi guach\u00edn, como te dec\u00eda, descans\u00e1 en paz hijo\u00bb, escribi\u00f3 el hombre en Facebook.<\/p>\n","protected":false},"excerpt":{"rendered":"<p>El conflicto se habr\u00eda desatado por el robo de una gorra. Este lunes por la madrugada, en el marco de una pelea callejera, asesinaron a un adolescente de 16 a\u00f1os en la localidad de Jes\u00fas Mar\u00eda, provincia de C\u00f3rdoba. El episodio comenz\u00f3 en cercan\u00edas del Anfiteatro Jos\u00e9 Hern\u00e1ndez durante la segunda jornada del Festival Nacional [&hellip;]<\/p>\n","protected":false},"author":2,"featured_media":21718,"comment_status":"open","ping_status":"open","sticky":false,"template":"","format":"standard","meta":{"footnotes":""},"categories":[39],"tags":[],"class_list":["post-21717","post","type-post","status-publish","format-standard","has-post-thumbnail","hentry","category-nacionales"],"yoast_head":"<!-- This site is optimized with the Yoast SEO plugin v27.4 - https:\/\/yoast.com\/product\/yoast-seo-wordpress\/ -->\n<title>Asesinaron a un adolescente de 16 a\u00f1os de un botellazo en la cabeza tras una pelea callejera | CVI NOTICIAS<\/title>\n<meta name=\"robots\" content=\"index, follow, max-snippet:-1, max-image-preview:large, max-video-preview:-1\" \/>\n<link rel=\"canonical\" href=\"https:\/\/cvinoticias.com\/v3\/asesinaron-a-un-adolescente-de-16-anos-de-un-botellazo-en-la-cabeza-tras-una-pelea-callejera\/\" \/>\n<meta property=\"og:locale\" content=\"es_ES\" \/>\n<meta property=\"og:type\" content=\"article\" \/>\n<meta property=\"og:title\" content=\"Asesinaron a un adolescente de 16 a\u00f1os de un botellazo en la cabeza tras una pelea callejera | CVI NOTICIAS\" \/>\n<meta property=\"og:description\" content=\"El conflicto se habr\u00eda desatado por el robo de una gorra. Este lunes por la madrugada, en el marco de una pelea callejera, asesinaron a un adolescente de 16 a\u00f1os en la localidad de Jes\u00fas Mar\u00eda, provincia de C\u00f3rdoba. El episodio comenz\u00f3 en cercan\u00edas del Anfiteatro Jos\u00e9 Hern\u00e1ndez durante la segunda jornada del Festival Nacional [&hellip;]\" \/>\n<meta property=\"og:url\" content=\"https:\/\/cvinoticias.com\/v3\/asesinaron-a-un-adolescente-de-16-anos-de-un-botellazo-en-la-cabeza-tras-una-pelea-callejera\/\" \/>\n<meta property=\"og:site_name\" content=\"CVI NOTICIAS\" \/>\n<meta property=\"article:publisher\" content=\"https:\/\/www.facebook.com\/cvinoticias\" \/>\n<meta property=\"article:published_time\" content=\"2023-01-10T11:22:23+00:00\" \/>\n<meta property=\"og:image\" content=\"https:\/\/cvinoticias.com\/wp-content\/uploads\/2023\/01\/20230110081204_joven.jpg\" \/>\n\t<meta property=\"og:image:width\" content=\"880\" \/>\n\t<meta property=\"og:image:height\" content=\"512\" \/>\n\t<meta property=\"og:image:type\" content=\"image\/jpeg\" \/>\n<meta name=\"author\" content=\"f1000024\" \/>\n<meta name=\"twitter:card\" content=\"summary_large_image\" \/>\n<meta name=\"twitter:label1\" content=\"Escrito por\" \/>\n\t<meta name=\"twitter:data1\" content=\"f1000024\" \/>\n\t<meta name=\"twitter:label2\" content=\"Tiempo de lectura\" \/>\n\t<meta name=\"twitter:data2\" content=\"2 minutos\" \/>\n<script type=\"application\/ld+json\" class=\"yoast-schema-graph\">{\"@context\":\"https:\\\/\\\/schema.org\",\"@graph\":[{\"@type\":\"Article\",\"@id\":\"https:\\\/\\\/cvinoticias.com\\\/v3\\\/asesinaron-a-un-adolescente-de-16-anos-de-un-botellazo-en-la-cabeza-tras-una-pelea-callejera\\\/#article\",\"isPartOf\":{\"@id\":\"https:\\\/\\\/cvinoticias.com\\\/v3\\\/asesinaron-a-un-adolescente-de-16-anos-de-un-botellazo-en-la-cabeza-tras-una-pelea-callejera\\\/\"},\"author\":{\"name\":\"f1000024\",\"@id\":\"https:\\\/\\\/cvinoticias.com\\\/v3\\\/#\\\/schema\\\/person\\\/2db77e3c6bc03c538495d7b2b8be9b66\"},\"headline\":\"Asesinaron a un adolescente de 16 a\u00f1os de un botellazo en la cabeza tras una pelea callejera\",\"datePublished\":\"2023-01-10T11:22:23+00:00\",\"mainEntityOfPage\":{\"@id\":\"https:\\\/\\\/cvinoticias.com\\\/v3\\\/asesinaron-a-un-adolescente-de-16-anos-de-un-botellazo-en-la-cabeza-tras-una-pelea-callejera\\\/\"},\"wordCount\":319,\"commentCount\":0,\"publisher\":{\"@id\":\"https:\\\/\\\/cvinoticias.com\\\/v3\\\/#organization\"},\"image\":{\"@id\":\"https:\\\/\\\/cvinoticias.com\\\/v3\\\/asesinaron-a-un-adolescente-de-16-anos-de-un-botellazo-en-la-cabeza-tras-una-pelea-callejera\\\/#primaryimage\"},\"thumbnailUrl\":\"https:\\\/\\\/cvinoticias.com\\\/wp-content\\\/uploads\\\/2023\\\/01\\\/20230110081204_joven.jpg\",\"articleSection\":[\"Nacionales\"],\"inLanguage\":\"es\",\"potentialAction\":[{\"@type\":\"CommentAction\",\"name\":\"Comment\",\"target\":[\"https:\\\/\\\/cvinoticias.com\\\/v3\\\/asesinaron-a-un-adolescente-de-16-anos-de-un-botellazo-en-la-cabeza-tras-una-pelea-callejera\\\/#respond\"]}]},{\"@type\":\"WebPage\",\"@id\":\"https:\\\/\\\/cvinoticias.com\\\/v3\\\/asesinaron-a-un-adolescente-de-16-anos-de-un-botellazo-en-la-cabeza-tras-una-pelea-callejera\\\/\",\"url\":\"https:\\\/\\\/cvinoticias.com\\\/v3\\\/asesinaron-a-un-adolescente-de-16-anos-de-un-botellazo-en-la-cabeza-tras-una-pelea-callejera\\\/\",\"name\":\"Asesinaron a un adolescente de 16 a\u00f1os de un botellazo en la cabeza tras una pelea callejera | CVI NOTICIAS\",\"isPartOf\":{\"@id\":\"https:\\\/\\\/cvinoticias.com\\\/v3\\\/#website\"},\"primaryImageOfPage\":{\"@id\":\"https:\\\/\\\/cvinoticias.com\\\/v3\\\/asesinaron-a-un-adolescente-de-16-anos-de-un-botellazo-en-la-cabeza-tras-una-pelea-callejera\\\/#primaryimage\"},\"image\":{\"@id\":\"https:\\\/\\\/cvinoticias.com\\\/v3\\\/asesinaron-a-un-adolescente-de-16-anos-de-un-botellazo-en-la-cabeza-tras-una-pelea-callejera\\\/#primaryimage\"},\"thumbnailUrl\":\"https:\\\/\\\/cvinoticias.com\\\/wp-content\\\/uploads\\\/2023\\\/01\\\/20230110081204_joven.jpg\",\"datePublished\":\"2023-01-10T11:22:23+00:00\",\"breadcrumb\":{\"@id\":\"https:\\\/\\\/cvinoticias.com\\\/v3\\\/asesinaron-a-un-adolescente-de-16-anos-de-un-botellazo-en-la-cabeza-tras-una-pelea-callejera\\\/#breadcrumb\"},\"inLanguage\":\"es\",\"potentialAction\":[{\"@type\":\"ReadAction\",\"target\":[\"https:\\\/\\\/cvinoticias.com\\\/v3\\\/asesinaron-a-un-adolescente-de-16-anos-de-un-botellazo-en-la-cabeza-tras-una-pelea-callejera\\\/\"]}]},{\"@type\":\"ImageObject\",\"inLanguage\":\"es\",\"@id\":\"https:\\\/\\\/cvinoticias.com\\\/v3\\\/asesinaron-a-un-adolescente-de-16-anos-de-un-botellazo-en-la-cabeza-tras-una-pelea-callejera\\\/#primaryimage\",\"url\":\"https:\\\/\\\/cvinoticias.com\\\/wp-content\\\/uploads\\\/2023\\\/01\\\/20230110081204_joven.jpg\",\"contentUrl\":\"https:\\\/\\\/cvinoticias.com\\\/wp-content\\\/uploads\\\/2023\\\/01\\\/20230110081204_joven.jpg\",\"width\":880,\"height\":512},{\"@type\":\"BreadcrumbList\",\"@id\":\"https:\\\/\\\/cvinoticias.com\\\/v3\\\/asesinaron-a-un-adolescente-de-16-anos-de-un-botellazo-en-la-cabeza-tras-una-pelea-callejera\\\/#breadcrumb\",\"itemListElement\":[{\"@type\":\"ListItem\",\"position\":1,\"name\":\"Portada\",\"item\":\"https:\\\/\\\/cvinoticias.com\\\/v3\\\/\"},{\"@type\":\"ListItem\",\"position\":2,\"name\":\"Asesinaron a un adolescente de 16 a\u00f1os de un botellazo en la cabeza tras una pelea callejera\"}]},{\"@type\":\"WebSite\",\"@id\":\"https:\\\/\\\/cvinoticias.com\\\/v3\\\/#website\",\"url\":\"https:\\\/\\\/cvinoticias.com\\\/v3\\\/\",\"name\":\"CVI NOTICIAS\",\"description\":\"\",\"publisher\":{\"@id\":\"https:\\\/\\\/cvinoticias.com\\\/v3\\\/#organization\"},\"alternateName\":\"CVI\",\"potentialAction\":[{\"@type\":\"SearchAction\",\"target\":{\"@type\":\"EntryPoint\",\"urlTemplate\":\"https:\\\/\\\/cvinoticias.com\\\/v3\\\/?s={search_term_string}\"},\"query-input\":{\"@type\":\"PropertyValueSpecification\",\"valueRequired\":true,\"valueName\":\"search_term_string\"}}],\"inLanguage\":\"es\"},{\"@type\":\"Organization\",\"@id\":\"https:\\\/\\\/cvinoticias.com\\\/v3\\\/#organization\",\"name\":\"CVI NOTICIAS\",\"url\":\"https:\\\/\\\/cvinoticias.com\\\/v3\\\/\",\"logo\":{\"@type\":\"ImageObject\",\"inLanguage\":\"es\",\"@id\":\"https:\\\/\\\/cvinoticias.com\\\/v3\\\/#\\\/schema\\\/logo\\\/image\\\/\",\"url\":\"https:\\\/\\\/cvinoticias.com\\\/wp-content\\\/uploads\\\/2023\\\/04\\\/cropped-cropped-cropped-cropped-cropped-3-1.png\",\"contentUrl\":\"https:\\\/\\\/cvinoticias.com\\\/wp-content\\\/uploads\\\/2023\\\/04\\\/cropped-cropped-cropped-cropped-cropped-3-1.png\",\"width\":95,\"height\":122,\"caption\":\"CVI NOTICIAS\"},\"image\":{\"@id\":\"https:\\\/\\\/cvinoticias.com\\\/v3\\\/#\\\/schema\\\/logo\\\/image\\\/\"},\"sameAs\":[\"https:\\\/\\\/www.facebook.com\\\/cvinoticias\",\"https:\\\/\\\/www.instagram.com\\\/cvinoticias\\\/\",\"https:\\\/\\\/www.youtube.com\\\/@CVINOTICIAS\"]},{\"@type\":\"Person\",\"@id\":\"https:\\\/\\\/cvinoticias.com\\\/v3\\\/#\\\/schema\\\/person\\\/2db77e3c6bc03c538495d7b2b8be9b66\",\"name\":\"f1000024\",\"image\":{\"@type\":\"ImageObject\",\"inLanguage\":\"es\",\"@id\":\"https:\\\/\\\/secure.gravatar.com\\\/avatar\\\/d4fe7459cfc51ff5129ce1a732bbef5928568b8092d412ef95611616376bbeed?s=96&d=mm&r=g\",\"url\":\"https:\\\/\\\/secure.gravatar.com\\\/avatar\\\/d4fe7459cfc51ff5129ce1a732bbef5928568b8092d412ef95611616376bbeed?s=96&d=mm&r=g\",\"contentUrl\":\"https:\\\/\\\/secure.gravatar.com\\\/avatar\\\/d4fe7459cfc51ff5129ce1a732bbef5928568b8092d412ef95611616376bbeed?s=96&d=mm&r=g\",\"caption\":\"f1000024\"},\"url\":\"https:\\\/\\\/cvinoticias.com\\\/v3\\\/author\\\/f1000024\\\/\"}]}<\/script>\n<!-- \/ Yoast SEO plugin. -->","yoast_head_json":{"title":"Asesinaron a un adolescente de 16 a\u00f1os de un botellazo en la cabeza tras una pelea callejera | CVI NOTICIAS","robots":{"index":"index","follow":"follow","max-snippet":"max-snippet:-1","max-image-preview":"max-image-preview:large","max-video-preview":"max-video-preview:-1"},"canonical":"https:\/\/cvinoticias.com\/v3\/asesinaron-a-un-adolescente-de-16-anos-de-un-botellazo-en-la-cabeza-tras-una-pelea-callejera\/","og_locale":"es_ES","og_type":"article","og_title":"Asesinaron a un adolescente de 16 a\u00f1os de un botellazo en la cabeza tras una pelea callejera | CVI NOTICIAS","og_description":"El conflicto se habr\u00eda desatado por el robo de una gorra. Este lunes por la madrugada, en el marco de una pelea callejera, asesinaron a un adolescente de 16 a\u00f1os en la localidad de Jes\u00fas Mar\u00eda, provincia de C\u00f3rdoba. El episodio comenz\u00f3 en cercan\u00edas del Anfiteatro Jos\u00e9 Hern\u00e1ndez durante la segunda jornada del Festival Nacional [&hellip;]","og_url":"https:\/\/cvinoticias.com\/v3\/asesinaron-a-un-adolescente-de-16-anos-de-un-botellazo-en-la-cabeza-tras-una-pelea-callejera\/","og_site_name":"CVI NOTICIAS","article_publisher":"https:\/\/www.facebook.com\/cvinoticias","article_published_time":"2023-01-10T11:22:23+00:00","og_image":[{"width":880,"height":512,"url":"https:\/\/cvinoticias.com\/wp-content\/uploads\/2023\/01\/20230110081204_joven.jpg","type":"image\/jpeg"}],"author":"f1000024","twitter_card":"summary_large_image","twitter_misc":{"Escrito por":"f1000024","Tiempo de lectura":"2 minutos"},"schema":{"@context":"https:\/\/schema.org","@graph":[{"@type":"Article","@id":"https:\/\/cvinoticias.com\/v3\/asesinaron-a-un-adolescente-de-16-anos-de-un-botellazo-en-la-cabeza-tras-una-pelea-callejera\/#article","isPartOf":{"@id":"https:\/\/cvinoticias.com\/v3\/asesinaron-a-un-adolescente-de-16-anos-de-un-botellazo-en-la-cabeza-tras-una-pelea-callejera\/"},"author":{"name":"f1000024","@id":"https:\/\/cvinoticias.com\/v3\/#\/schema\/person\/2db77e3c6bc03c538495d7b2b8be9b66"},"headline":"Asesinaron a un adolescente de 16 a\u00f1os de un botellazo en la cabeza tras una pelea callejera","datePublished":"2023-01-10T11:22:23+00:00","mainEntityOfPage":{"@id":"https:\/\/cvinoticias.com\/v3\/asesinaron-a-un-adolescente-de-16-anos-de-un-botellazo-en-la-cabeza-tras-una-pelea-callejera\/"},"wordCount":319,"commentCount":0,"publisher":{"@id":"https:\/\/cvinoticias.com\/v3\/#organization"},"image":{"@id":"https:\/\/cvinoticias.com\/v3\/asesinaron-a-un-adolescente-de-16-anos-de-un-botellazo-en-la-cabeza-tras-una-pelea-callejera\/#primaryimage"},"thumbnailUrl":"https:\/\/cvinoticias.com\/wp-content\/uploads\/2023\/01\/20230110081204_joven.jpg","articleSection":["Nacionales"],"inLanguage":"es","potentialAction":[{"@type":"CommentAction","name":"Comment","target":["https:\/\/cvinoticias.com\/v3\/asesinaron-a-un-adolescente-de-16-anos-de-un-botellazo-en-la-cabeza-tras-una-pelea-callejera\/#respond"]}]},{"@type":"WebPage","@id":"https:\/\/cvinoticias.com\/v3\/asesinaron-a-un-adolescente-de-16-anos-de-un-botellazo-en-la-cabeza-tras-una-pelea-callejera\/","url":"https:\/\/cvinoticias.com\/v3\/asesinaron-a-un-adolescente-de-16-anos-de-un-botellazo-en-la-cabeza-tras-una-pelea-callejera\/","name":"Asesinaron a un adolescente de 16 a\u00f1os de un botellazo en la cabeza tras una pelea callejera | CVI NOTICIAS","isPartOf":{"@id":"https:\/\/cvinoticias.com\/v3\/#website"},"primaryImageOfPage":{"@id":"https:\/\/cvinoticias.com\/v3\/asesinaron-a-un-adolescente-de-16-anos-de-un-botellazo-en-la-cabeza-tras-una-pelea-callejera\/#primaryimage"},"image":{"@id":"https:\/\/cvinoticias.com\/v3\/asesinaron-a-un-adolescente-de-16-anos-de-un-botellazo-en-la-cabeza-tras-una-pelea-callejera\/#primaryimage"},"thumbnailUrl":"https:\/\/cvinoticias.com\/wp-content\/uploads\/2023\/01\/20230110081204_joven.jpg","datePublished":"2023-01-10T11:22:23+00:00","breadcrumb":{"@id":"https:\/\/cvinoticias.com\/v3\/asesinaron-a-un-adolescente-de-16-anos-de-un-botellazo-en-la-cabeza-tras-una-pelea-callejera\/#breadcrumb"},"inLanguage":"es","potentialAction":[{"@type":"ReadAction","target":["https:\/\/cvinoticias.com\/v3\/asesinaron-a-un-adolescente-de-16-anos-de-un-botellazo-en-la-cabeza-tras-una-pelea-callejera\/"]}]},{"@type":"ImageObject","inLanguage":"es","@id":"https:\/\/cvinoticias.com\/v3\/asesinaron-a-un-adolescente-de-16-anos-de-un-botellazo-en-la-cabeza-tras-una-pelea-callejera\/#primaryimage","url":"https:\/\/cvinoticias.com\/wp-content\/uploads\/2023\/01\/20230110081204_joven.jpg","contentUrl":"https:\/\/cvinoticias.com\/wp-content\/uploads\/2023\/01\/20230110081204_joven.jpg","width":880,"height":512},{"@type":"BreadcrumbList","@id":"https:\/\/cvinoticias.com\/v3\/asesinaron-a-un-adolescente-de-16-anos-de-un-botellazo-en-la-cabeza-tras-una-pelea-callejera\/#breadcrumb","itemListElement":[{"@type":"ListItem","position":1,"name":"Portada","item":"https:\/\/cvinoticias.com\/v3\/"},{"@type":"ListItem","position":2,"name":"Asesinaron a un adolescente de 16 a\u00f1os de un botellazo en la cabeza tras una pelea callejera"}]},{"@type":"WebSite","@id":"https:\/\/cvinoticias.com\/v3\/#website","url":"https:\/\/cvinoticias.com\/v3\/","name":"CVI NOTICIAS","description":"","publisher":{"@id":"https:\/\/cvinoticias.com\/v3\/#organization"},"alternateName":"CVI","potentialAction":[{"@type":"SearchAction","target":{"@type":"EntryPoint","urlTemplate":"https:\/\/cvinoticias.com\/v3\/?s={search_term_string}"},"query-input":{"@type":"PropertyValueSpecification","valueRequired":true,"valueName":"search_term_string"}}],"inLanguage":"es"},{"@type":"Organization","@id":"https:\/\/cvinoticias.com\/v3\/#organization","name":"CVI NOTICIAS","url":"https:\/\/cvinoticias.com\/v3\/","logo":{"@type":"ImageObject","inLanguage":"es","@id":"https:\/\/cvinoticias.com\/v3\/#\/schema\/logo\/image\/","url":"https:\/\/cvinoticias.com\/wp-content\/uploads\/2023\/04\/cropped-cropped-cropped-cropped-cropped-3-1.png","contentUrl":"https:\/\/cvinoticias.com\/wp-content\/uploads\/2023\/04\/cropped-cropped-cropped-cropped-cropped-3-1.png","width":95,"height":122,"caption":"CVI NOTICIAS"},"image":{"@id":"https:\/\/cvinoticias.com\/v3\/#\/schema\/logo\/image\/"},"sameAs":["https:\/\/www.facebook.com\/cvinoticias","https:\/\/www.instagram.com\/cvinoticias\/","https:\/\/www.youtube.com\/@CVINOTICIAS"]},{"@type":"Person","@id":"https:\/\/cvinoticias.com\/v3\/#\/schema\/person\/2db77e3c6bc03c538495d7b2b8be9b66","name":"f1000024","image":{"@type":"ImageObject","inLanguage":"es","@id":"https:\/\/secure.gravatar.com\/avatar\/d4fe7459cfc51ff5129ce1a732bbef5928568b8092d412ef95611616376bbeed?s=96&d=mm&r=g","url":"https:\/\/secure.gravatar.com\/avatar\/d4fe7459cfc51ff5129ce1a732bbef5928568b8092d412ef95611616376bbeed?s=96&d=mm&r=g","contentUrl":"https:\/\/secure.gravatar.com\/avatar\/d4fe7459cfc51ff5129ce1a732bbef5928568b8092d412ef95611616376bbeed?s=96&d=mm&r=g","caption":"f1000024"},"url":"https:\/\/cvinoticias.com\/v3\/author\/f1000024\/"}]}},"_links":{"self":[{"href":"https:\/\/cvinoticias.com\/v3\/wp-json\/wp\/v2\/posts\/21717","targetHints":{"allow":["GET"]}}],"collection":[{"href":"https:\/\/cvinoticias.com\/v3\/wp-json\/wp\/v2\/posts"}],"about":[{"href":"https:\/\/cvinoticias.com\/v3\/wp-json\/wp\/v2\/types\/post"}],"author":[{"embeddable":true,"href":"https:\/\/cvinoticias.com\/v3\/wp-json\/wp\/v2\/users\/2"}],"replies":[{"embeddable":true,"href":"https:\/\/cvinoticias.com\/v3\/wp-json\/wp\/v2\/comments?post=21717"}],"version-history":[{"count":1,"href":"https:\/\/cvinoticias.com\/v3\/wp-json\/wp\/v2\/posts\/21717\/revisions"}],"predecessor-version":[{"id":21719,"href":"https:\/\/cvinoticias.com\/v3\/wp-json\/wp\/v2\/posts\/21717\/revisions\/21719"}],"wp:featuredmedia":[{"embeddable":true,"href":"https:\/\/cvinoticias.com\/v3\/wp-json\/wp\/v2\/media\/21718"}],"wp:attachment":[{"href":"https:\/\/cvinoticias.com\/v3\/wp-json\/wp\/v2\/media?parent=21717"}],"wp:term":[{"taxonomy":"category","embeddable":true,"href":"https:\/\/cvinoticias.com\/v3\/wp-json\/wp\/v2\/categories?post=21717"},{"taxonomy":"post_tag","embeddable":true,"href":"https:\/\/cvinoticias.com\/v3\/wp-json\/wp\/v2\/tags?post=21717"}],"curies":[{"name":"wp","href":"https:\/\/api.w.org\/{rel}","templated":true}]}}