{"id":21714,"date":"2023-01-10T11:08:35","date_gmt":"2023-01-10T11:08:35","guid":{"rendered":"https:\/\/cvinoticias.com\/v3\/?p=21714"},"modified":"2023-01-10T11:08:35","modified_gmt":"2023-01-10T11:08:35","slug":"fernando-burlando-no-hay-diferencia-en-la-pena-todos-participaron","status":"publish","type":"post","link":"https:\/\/cvinoticias.com\/v3\/fernando-burlando-no-hay-diferencia-en-la-pena-todos-participaron\/","title":{"rendered":"Fernando Burlando: \u00abNo hay diferencia en la pena, todos participaron\u00bb"},"content":{"rendered":"\n<p><strong><em>Luego de confirmarse un cuarto intermedio para hoy en el juicio por el crimen de Fernando B\u00e1ez, Fernando Burlando, abogado de la familia Sosa, habl\u00f3 con los medios e hizo referencia a los videos que se mostraron hoy durante la audiencia. Cabe mencionar que el material f\u00edlmico demostrado, fue manejado por el analista de las im\u00e1genes, Javier Laborda.<\/em><\/strong><\/p>\n\n\n\n<p>Burlando por su parte a la hora de dar declaraciones a la prensa, el letrado sostuvo que \u00abla resoluci\u00f3n de los videos es muy pobre, por momentos se pierde el momento de la golpiza. Creo que las ocho personas que est\u00e1n en el banquillo tienen una gran responsabilidad por el crimen. Mataron a una persona y despu\u00e9s aparecen ri\u00e9ndose\u00bb.<\/p>\n\n\n\n<p>En cu\u00e1nto al momento de la pelea, el abogado se\u00f1al\u00f3: \u00abcada golpe era un tiro. Estaban fuera de s\u00ed, sobre todo Thomsen\u00bb. Al mismo tiempo hizo hincapi\u00e9 en la condena y sentenci\u00f3: \u00abNo hay diferencia en la pena, todos participaron\u00bb.<\/p>\n","protected":false},"excerpt":{"rendered":"<p>Luego de confirmarse un cuarto intermedio para hoy en el juicio por el crimen de Fernando B\u00e1ez, Fernando Burlando, abogado de la familia Sosa, habl\u00f3 con los medios e hizo referencia a los videos que se mostraron hoy durante la audiencia. Cabe mencionar que el material f\u00edlmico demostrado, fue manejado por el analista de las [&hellip;]<\/p>\n","protected":false},"author":2,"featured_media":21715,"comment_status":"open","ping_status":"open","sticky":false,"template":"","format":"standard","meta":{"footnotes":""},"categories":[39],"tags":[],"class_list":["post-21714","post","type-post","status-publish","format-standard","has-post-thumbnail","hentry","category-nacionales"],"yoast_head":"<!-- This site is optimized with the Yoast SEO plugin v27.4 - https:\/\/yoast.com\/product\/yoast-seo-wordpress\/ -->\n<title>Fernando Burlando: &quot;No hay diferencia en la pena, todos participaron&quot; | CVI NOTICIAS<\/title>\n<meta name=\"robots\" content=\"index, follow, max-snippet:-1, max-image-preview:large, max-video-preview:-1\" \/>\n<link rel=\"canonical\" href=\"https:\/\/cvinoticias.com\/v3\/fernando-burlando-no-hay-diferencia-en-la-pena-todos-participaron\/\" \/>\n<meta property=\"og:locale\" content=\"es_ES\" \/>\n<meta property=\"og:type\" content=\"article\" \/>\n<meta property=\"og:title\" content=\"Fernando Burlando: &quot;No hay diferencia en la pena, todos participaron&quot; | CVI NOTICIAS\" \/>\n<meta property=\"og:description\" content=\"Luego de confirmarse un cuarto intermedio para hoy en el juicio por el crimen de Fernando B\u00e1ez, Fernando Burlando, abogado de la familia Sosa, habl\u00f3 con los medios e hizo referencia a los videos que se mostraron hoy durante la audiencia. Cabe mencionar que el material f\u00edlmico demostrado, fue manejado por el analista de las [&hellip;]\" \/>\n<meta property=\"og:url\" content=\"https:\/\/cvinoticias.com\/v3\/fernando-burlando-no-hay-diferencia-en-la-pena-todos-participaron\/\" \/>\n<meta property=\"og:site_name\" content=\"CVI NOTICIAS\" \/>\n<meta property=\"article:publisher\" content=\"https:\/\/www.facebook.com\/cvinoticias\" \/>\n<meta property=\"article:published_time\" content=\"2023-01-10T11:08:35+00:00\" \/>\n<meta property=\"og:image\" content=\"https:\/\/cvinoticias.com\/wp-content\/uploads\/2023\/01\/f608x342-451336_481059_15.jpg\" \/>\n\t<meta property=\"og:image:width\" content=\"608\" \/>\n\t<meta property=\"og:image:height\" content=\"342\" \/>\n\t<meta property=\"og:image:type\" content=\"image\/jpeg\" \/>\n<meta name=\"author\" content=\"f1000024\" \/>\n<meta name=\"twitter:card\" content=\"summary_large_image\" \/>\n<meta name=\"twitter:label1\" content=\"Escrito por\" \/>\n\t<meta name=\"twitter:data1\" content=\"f1000024\" \/>\n\t<meta name=\"twitter:label2\" content=\"Tiempo de lectura\" \/>\n\t<meta name=\"twitter:data2\" content=\"1 minuto\" \/>\n<script type=\"application\/ld+json\" class=\"yoast-schema-graph\">{\"@context\":\"https:\\\/\\\/schema.org\",\"@graph\":[{\"@type\":\"Article\",\"@id\":\"https:\\\/\\\/cvinoticias.com\\\/v3\\\/fernando-burlando-no-hay-diferencia-en-la-pena-todos-participaron\\\/#article\",\"isPartOf\":{\"@id\":\"https:\\\/\\\/cvinoticias.com\\\/v3\\\/fernando-burlando-no-hay-diferencia-en-la-pena-todos-participaron\\\/\"},\"author\":{\"name\":\"f1000024\",\"@id\":\"https:\\\/\\\/cvinoticias.com\\\/v3\\\/#\\\/schema\\\/person\\\/2db77e3c6bc03c538495d7b2b8be9b66\"},\"headline\":\"Fernando Burlando: \u00abNo hay diferencia en la pena, todos participaron\u00bb\",\"datePublished\":\"2023-01-10T11:08:35+00:00\",\"mainEntityOfPage\":{\"@id\":\"https:\\\/\\\/cvinoticias.com\\\/v3\\\/fernando-burlando-no-hay-diferencia-en-la-pena-todos-participaron\\\/\"},\"wordCount\":176,\"commentCount\":0,\"publisher\":{\"@id\":\"https:\\\/\\\/cvinoticias.com\\\/v3\\\/#organization\"},\"image\":{\"@id\":\"https:\\\/\\\/cvinoticias.com\\\/v3\\\/fernando-burlando-no-hay-diferencia-en-la-pena-todos-participaron\\\/#primaryimage\"},\"thumbnailUrl\":\"https:\\\/\\\/cvinoticias.com\\\/wp-content\\\/uploads\\\/2023\\\/01\\\/f608x342-451336_481059_15.jpg\",\"articleSection\":[\"Nacionales\"],\"inLanguage\":\"es\",\"potentialAction\":[{\"@type\":\"CommentAction\",\"name\":\"Comment\",\"target\":[\"https:\\\/\\\/cvinoticias.com\\\/v3\\\/fernando-burlando-no-hay-diferencia-en-la-pena-todos-participaron\\\/#respond\"]}]},{\"@type\":\"WebPage\",\"@id\":\"https:\\\/\\\/cvinoticias.com\\\/v3\\\/fernando-burlando-no-hay-diferencia-en-la-pena-todos-participaron\\\/\",\"url\":\"https:\\\/\\\/cvinoticias.com\\\/v3\\\/fernando-burlando-no-hay-diferencia-en-la-pena-todos-participaron\\\/\",\"name\":\"Fernando Burlando: \\\"No hay diferencia en la pena, todos participaron\\\" | CVI NOTICIAS\",\"isPartOf\":{\"@id\":\"https:\\\/\\\/cvinoticias.com\\\/v3\\\/#website\"},\"primaryImageOfPage\":{\"@id\":\"https:\\\/\\\/cvinoticias.com\\\/v3\\\/fernando-burlando-no-hay-diferencia-en-la-pena-todos-participaron\\\/#primaryimage\"},\"image\":{\"@id\":\"https:\\\/\\\/cvinoticias.com\\\/v3\\\/fernando-burlando-no-hay-diferencia-en-la-pena-todos-participaron\\\/#primaryimage\"},\"thumbnailUrl\":\"https:\\\/\\\/cvinoticias.com\\\/wp-content\\\/uploads\\\/2023\\\/01\\\/f608x342-451336_481059_15.jpg\",\"datePublished\":\"2023-01-10T11:08:35+00:00\",\"breadcrumb\":{\"@id\":\"https:\\\/\\\/cvinoticias.com\\\/v3\\\/fernando-burlando-no-hay-diferencia-en-la-pena-todos-participaron\\\/#breadcrumb\"},\"inLanguage\":\"es\",\"potentialAction\":[{\"@type\":\"ReadAction\",\"target\":[\"https:\\\/\\\/cvinoticias.com\\\/v3\\\/fernando-burlando-no-hay-diferencia-en-la-pena-todos-participaron\\\/\"]}]},{\"@type\":\"ImageObject\",\"inLanguage\":\"es\",\"@id\":\"https:\\\/\\\/cvinoticias.com\\\/v3\\\/fernando-burlando-no-hay-diferencia-en-la-pena-todos-participaron\\\/#primaryimage\",\"url\":\"https:\\\/\\\/cvinoticias.com\\\/wp-content\\\/uploads\\\/2023\\\/01\\\/f608x342-451336_481059_15.jpg\",\"contentUrl\":\"https:\\\/\\\/cvinoticias.com\\\/wp-content\\\/uploads\\\/2023\\\/01\\\/f608x342-451336_481059_15.jpg\",\"width\":608,\"height\":342},{\"@type\":\"BreadcrumbList\",\"@id\":\"https:\\\/\\\/cvinoticias.com\\\/v3\\\/fernando-burlando-no-hay-diferencia-en-la-pena-todos-participaron\\\/#breadcrumb\",\"itemListElement\":[{\"@type\":\"ListItem\",\"position\":1,\"name\":\"Portada\",\"item\":\"https:\\\/\\\/cvinoticias.com\\\/v3\\\/\"},{\"@type\":\"ListItem\",\"position\":2,\"name\":\"Fernando Burlando: \u00abNo hay diferencia en la pena, todos participaron\u00bb\"}]},{\"@type\":\"WebSite\",\"@id\":\"https:\\\/\\\/cvinoticias.com\\\/v3\\\/#website\",\"url\":\"https:\\\/\\\/cvinoticias.com\\\/v3\\\/\",\"name\":\"CVI NOTICIAS\",\"description\":\"\",\"publisher\":{\"@id\":\"https:\\\/\\\/cvinoticias.com\\\/v3\\\/#organization\"},\"alternateName\":\"CVI\",\"potentialAction\":[{\"@type\":\"SearchAction\",\"target\":{\"@type\":\"EntryPoint\",\"urlTemplate\":\"https:\\\/\\\/cvinoticias.com\\\/v3\\\/?s={search_term_string}\"},\"query-input\":{\"@type\":\"PropertyValueSpecification\",\"valueRequired\":true,\"valueName\":\"search_term_string\"}}],\"inLanguage\":\"es\"},{\"@type\":\"Organization\",\"@id\":\"https:\\\/\\\/cvinoticias.com\\\/v3\\\/#organization\",\"name\":\"CVI NOTICIAS\",\"url\":\"https:\\\/\\\/cvinoticias.com\\\/v3\\\/\",\"logo\":{\"@type\":\"ImageObject\",\"inLanguage\":\"es\",\"@id\":\"https:\\\/\\\/cvinoticias.com\\\/v3\\\/#\\\/schema\\\/logo\\\/image\\\/\",\"url\":\"https:\\\/\\\/cvinoticias.com\\\/wp-content\\\/uploads\\\/2023\\\/04\\\/cropped-cropped-cropped-cropped-cropped-3-1.png\",\"contentUrl\":\"https:\\\/\\\/cvinoticias.com\\\/wp-content\\\/uploads\\\/2023\\\/04\\\/cropped-cropped-cropped-cropped-cropped-3-1.png\",\"width\":95,\"height\":122,\"caption\":\"CVI NOTICIAS\"},\"image\":{\"@id\":\"https:\\\/\\\/cvinoticias.com\\\/v3\\\/#\\\/schema\\\/logo\\\/image\\\/\"},\"sameAs\":[\"https:\\\/\\\/www.facebook.com\\\/cvinoticias\",\"https:\\\/\\\/www.instagram.com\\\/cvinoticias\\\/\",\"https:\\\/\\\/www.youtube.com\\\/@CVINOTICIAS\"]},{\"@type\":\"Person\",\"@id\":\"https:\\\/\\\/cvinoticias.com\\\/v3\\\/#\\\/schema\\\/person\\\/2db77e3c6bc03c538495d7b2b8be9b66\",\"name\":\"f1000024\",\"image\":{\"@type\":\"ImageObject\",\"inLanguage\":\"es\",\"@id\":\"https:\\\/\\\/secure.gravatar.com\\\/avatar\\\/d4fe7459cfc51ff5129ce1a732bbef5928568b8092d412ef95611616376bbeed?s=96&d=mm&r=g\",\"url\":\"https:\\\/\\\/secure.gravatar.com\\\/avatar\\\/d4fe7459cfc51ff5129ce1a732bbef5928568b8092d412ef95611616376bbeed?s=96&d=mm&r=g\",\"contentUrl\":\"https:\\\/\\\/secure.gravatar.com\\\/avatar\\\/d4fe7459cfc51ff5129ce1a732bbef5928568b8092d412ef95611616376bbeed?s=96&d=mm&r=g\",\"caption\":\"f1000024\"},\"url\":\"https:\\\/\\\/cvinoticias.com\\\/v3\\\/author\\\/f1000024\\\/\"}]}<\/script>\n<!-- \/ Yoast SEO plugin. -->","yoast_head_json":{"title":"Fernando Burlando: \"No hay diferencia en la pena, todos participaron\" | CVI NOTICIAS","robots":{"index":"index","follow":"follow","max-snippet":"max-snippet:-1","max-image-preview":"max-image-preview:large","max-video-preview":"max-video-preview:-1"},"canonical":"https:\/\/cvinoticias.com\/v3\/fernando-burlando-no-hay-diferencia-en-la-pena-todos-participaron\/","og_locale":"es_ES","og_type":"article","og_title":"Fernando Burlando: \"No hay diferencia en la pena, todos participaron\" | CVI NOTICIAS","og_description":"Luego de confirmarse un cuarto intermedio para hoy en el juicio por el crimen de Fernando B\u00e1ez, Fernando Burlando, abogado de la familia Sosa, habl\u00f3 con los medios e hizo referencia a los videos que se mostraron hoy durante la audiencia. Cabe mencionar que el material f\u00edlmico demostrado, fue manejado por el analista de las [&hellip;]","og_url":"https:\/\/cvinoticias.com\/v3\/fernando-burlando-no-hay-diferencia-en-la-pena-todos-participaron\/","og_site_name":"CVI NOTICIAS","article_publisher":"https:\/\/www.facebook.com\/cvinoticias","article_published_time":"2023-01-10T11:08:35+00:00","og_image":[{"width":608,"height":342,"url":"https:\/\/cvinoticias.com\/wp-content\/uploads\/2023\/01\/f608x342-451336_481059_15.jpg","type":"image\/jpeg"}],"author":"f1000024","twitter_card":"summary_large_image","twitter_misc":{"Escrito por":"f1000024","Tiempo de lectura":"1 minuto"},"schema":{"@context":"https:\/\/schema.org","@graph":[{"@type":"Article","@id":"https:\/\/cvinoticias.com\/v3\/fernando-burlando-no-hay-diferencia-en-la-pena-todos-participaron\/#article","isPartOf":{"@id":"https:\/\/cvinoticias.com\/v3\/fernando-burlando-no-hay-diferencia-en-la-pena-todos-participaron\/"},"author":{"name":"f1000024","@id":"https:\/\/cvinoticias.com\/v3\/#\/schema\/person\/2db77e3c6bc03c538495d7b2b8be9b66"},"headline":"Fernando Burlando: \u00abNo hay diferencia en la pena, todos participaron\u00bb","datePublished":"2023-01-10T11:08:35+00:00","mainEntityOfPage":{"@id":"https:\/\/cvinoticias.com\/v3\/fernando-burlando-no-hay-diferencia-en-la-pena-todos-participaron\/"},"wordCount":176,"commentCount":0,"publisher":{"@id":"https:\/\/cvinoticias.com\/v3\/#organization"},"image":{"@id":"https:\/\/cvinoticias.com\/v3\/fernando-burlando-no-hay-diferencia-en-la-pena-todos-participaron\/#primaryimage"},"thumbnailUrl":"https:\/\/cvinoticias.com\/wp-content\/uploads\/2023\/01\/f608x342-451336_481059_15.jpg","articleSection":["Nacionales"],"inLanguage":"es","potentialAction":[{"@type":"CommentAction","name":"Comment","target":["https:\/\/cvinoticias.com\/v3\/fernando-burlando-no-hay-diferencia-en-la-pena-todos-participaron\/#respond"]}]},{"@type":"WebPage","@id":"https:\/\/cvinoticias.com\/v3\/fernando-burlando-no-hay-diferencia-en-la-pena-todos-participaron\/","url":"https:\/\/cvinoticias.com\/v3\/fernando-burlando-no-hay-diferencia-en-la-pena-todos-participaron\/","name":"Fernando Burlando: \"No hay diferencia en la pena, todos participaron\" | CVI NOTICIAS","isPartOf":{"@id":"https:\/\/cvinoticias.com\/v3\/#website"},"primaryImageOfPage":{"@id":"https:\/\/cvinoticias.com\/v3\/fernando-burlando-no-hay-diferencia-en-la-pena-todos-participaron\/#primaryimage"},"image":{"@id":"https:\/\/cvinoticias.com\/v3\/fernando-burlando-no-hay-diferencia-en-la-pena-todos-participaron\/#primaryimage"},"thumbnailUrl":"https:\/\/cvinoticias.com\/wp-content\/uploads\/2023\/01\/f608x342-451336_481059_15.jpg","datePublished":"2023-01-10T11:08:35+00:00","breadcrumb":{"@id":"https:\/\/cvinoticias.com\/v3\/fernando-burlando-no-hay-diferencia-en-la-pena-todos-participaron\/#breadcrumb"},"inLanguage":"es","potentialAction":[{"@type":"ReadAction","target":["https:\/\/cvinoticias.com\/v3\/fernando-burlando-no-hay-diferencia-en-la-pena-todos-participaron\/"]}]},{"@type":"ImageObject","inLanguage":"es","@id":"https:\/\/cvinoticias.com\/v3\/fernando-burlando-no-hay-diferencia-en-la-pena-todos-participaron\/#primaryimage","url":"https:\/\/cvinoticias.com\/wp-content\/uploads\/2023\/01\/f608x342-451336_481059_15.jpg","contentUrl":"https:\/\/cvinoticias.com\/wp-content\/uploads\/2023\/01\/f608x342-451336_481059_15.jpg","width":608,"height":342},{"@type":"BreadcrumbList","@id":"https:\/\/cvinoticias.com\/v3\/fernando-burlando-no-hay-diferencia-en-la-pena-todos-participaron\/#breadcrumb","itemListElement":[{"@type":"ListItem","position":1,"name":"Portada","item":"https:\/\/cvinoticias.com\/v3\/"},{"@type":"ListItem","position":2,"name":"Fernando Burlando: \u00abNo hay diferencia en la pena, todos participaron\u00bb"}]},{"@type":"WebSite","@id":"https:\/\/cvinoticias.com\/v3\/#website","url":"https:\/\/cvinoticias.com\/v3\/","name":"CVI NOTICIAS","description":"","publisher":{"@id":"https:\/\/cvinoticias.com\/v3\/#organization"},"alternateName":"CVI","potentialAction":[{"@type":"SearchAction","target":{"@type":"EntryPoint","urlTemplate":"https:\/\/cvinoticias.com\/v3\/?s={search_term_string}"},"query-input":{"@type":"PropertyValueSpecification","valueRequired":true,"valueName":"search_term_string"}}],"inLanguage":"es"},{"@type":"Organization","@id":"https:\/\/cvinoticias.com\/v3\/#organization","name":"CVI NOTICIAS","url":"https:\/\/cvinoticias.com\/v3\/","logo":{"@type":"ImageObject","inLanguage":"es","@id":"https:\/\/cvinoticias.com\/v3\/#\/schema\/logo\/image\/","url":"https:\/\/cvinoticias.com\/wp-content\/uploads\/2023\/04\/cropped-cropped-cropped-cropped-cropped-3-1.png","contentUrl":"https:\/\/cvinoticias.com\/wp-content\/uploads\/2023\/04\/cropped-cropped-cropped-cropped-cropped-3-1.png","width":95,"height":122,"caption":"CVI NOTICIAS"},"image":{"@id":"https:\/\/cvinoticias.com\/v3\/#\/schema\/logo\/image\/"},"sameAs":["https:\/\/www.facebook.com\/cvinoticias","https:\/\/www.instagram.com\/cvinoticias\/","https:\/\/www.youtube.com\/@CVINOTICIAS"]},{"@type":"Person","@id":"https:\/\/cvinoticias.com\/v3\/#\/schema\/person\/2db77e3c6bc03c538495d7b2b8be9b66","name":"f1000024","image":{"@type":"ImageObject","inLanguage":"es","@id":"https:\/\/secure.gravatar.com\/avatar\/d4fe7459cfc51ff5129ce1a732bbef5928568b8092d412ef95611616376bbeed?s=96&d=mm&r=g","url":"https:\/\/secure.gravatar.com\/avatar\/d4fe7459cfc51ff5129ce1a732bbef5928568b8092d412ef95611616376bbeed?s=96&d=mm&r=g","contentUrl":"https:\/\/secure.gravatar.com\/avatar\/d4fe7459cfc51ff5129ce1a732bbef5928568b8092d412ef95611616376bbeed?s=96&d=mm&r=g","caption":"f1000024"},"url":"https:\/\/cvinoticias.com\/v3\/author\/f1000024\/"}]}},"_links":{"self":[{"href":"https:\/\/cvinoticias.com\/v3\/wp-json\/wp\/v2\/posts\/21714","targetHints":{"allow":["GET"]}}],"collection":[{"href":"https:\/\/cvinoticias.com\/v3\/wp-json\/wp\/v2\/posts"}],"about":[{"href":"https:\/\/cvinoticias.com\/v3\/wp-json\/wp\/v2\/types\/post"}],"author":[{"embeddable":true,"href":"https:\/\/cvinoticias.com\/v3\/wp-json\/wp\/v2\/users\/2"}],"replies":[{"embeddable":true,"href":"https:\/\/cvinoticias.com\/v3\/wp-json\/wp\/v2\/comments?post=21714"}],"version-history":[{"count":1,"href":"https:\/\/cvinoticias.com\/v3\/wp-json\/wp\/v2\/posts\/21714\/revisions"}],"predecessor-version":[{"id":21716,"href":"https:\/\/cvinoticias.com\/v3\/wp-json\/wp\/v2\/posts\/21714\/revisions\/21716"}],"wp:featuredmedia":[{"embeddable":true,"href":"https:\/\/cvinoticias.com\/v3\/wp-json\/wp\/v2\/media\/21715"}],"wp:attachment":[{"href":"https:\/\/cvinoticias.com\/v3\/wp-json\/wp\/v2\/media?parent=21714"}],"wp:term":[{"taxonomy":"category","embeddable":true,"href":"https:\/\/cvinoticias.com\/v3\/wp-json\/wp\/v2\/categories?post=21714"},{"taxonomy":"post_tag","embeddable":true,"href":"https:\/\/cvinoticias.com\/v3\/wp-json\/wp\/v2\/tags?post=21714"}],"curies":[{"name":"wp","href":"https:\/\/api.w.org\/{rel}","templated":true}]}}