{"id":21707,"date":"2023-01-10T10:57:05","date_gmt":"2023-01-10T10:57:05","guid":{"rendered":"https:\/\/cvinoticias.com\/v3\/?p=21707"},"modified":"2023-01-10T10:57:05","modified_gmt":"2023-01-10T10:57:05","slug":"alberto-fernandez-lanza-el-seguro-nacional-de-bomberos-voluntarios","status":"publish","type":"post","link":"https:\/\/cvinoticias.com\/v3\/alberto-fernandez-lanza-el-seguro-nacional-de-bomberos-voluntarios\/","title":{"rendered":"Alberto Fern\u00e1ndez lanza el Seguro Nacional de Bomberos Voluntarios"},"content":{"rendered":"\n<p><em><strong>Adem\u00e1s, el presidente se reunir\u00e1 con el canciller de Jap\u00f3n en Casa Rosada.<\/strong><\/em><\/p>\n\n\n\n<p>El presidente Alberto Fern\u00e1ndez recibir\u00e1 al ministro de Relaciones Exteriores de Jap\u00f3n, Hayashi Yoshimasa, y encabezar\u00e1 el lanzamiento del Seguro Nacional de Bomberos Voluntarios.<\/p>\n\n\n\n<p>El encuentro con Yoshimasa se realizar\u00e1 a las 11.30 en Casa Rosada, informaron fuentes oficiales.<\/p>\n\n\n\n<p>En tanto, a las 17, el Presidente encabezar\u00e1 el lanzamiento del Seguro Nacional de Bomberos Voluntarios, junto a la ministra de Desarrollo Social, Victoria Tolosa Paz.<\/p>\n\n\n\n<p>Por su parte, el jefe de Gabinete, Juan Manzur, recibir\u00e1 a las 9.30 en Casa Rosada al intendente del municipio cordob\u00e9s de Villa Mar\u00eda, Mart\u00edn Gill.<\/p>\n\n\n\n<p>Y a las 10.30 el ministro coordinador mantendr\u00e1 un encuentro de trabajo con el ministro de Educaci\u00f3n, Jaime Perczyk.<\/p>\n\n\n\n<p>Por su parte, Perczyk recibir\u00e1 a las 11 a la ministra Victoria Tolosa Paz, en el Palacio Pizzurno.<\/p>\n\n\n\n<p>As\u00edmismo, el ministro de Relaciones Exteriores, Comercio Internacional y Culto, Santiago Cafiero, recibir\u00e1 a las 12.15 al ministro de Relaciones Exteriores de Jap\u00f3n, Yoshimasa Hayashi, en el Palacio San Mart\u00edn.<\/p>\n\n\n\n<p>La ministras de Salud, Carla Vizzotti, y de Mujeres, G\u00e9neros y Diversidad, Ayel\u00e9n Mazzina, lanzar\u00e1n a las 15.45 una acci\u00f3n interministerial de apoyo a la Lactancia compartida en el marco del Plan 1000 D\u00edas, en la provincia de San Luis.<\/p>\n","protected":false},"excerpt":{"rendered":"<p>Adem\u00e1s, el presidente se reunir\u00e1 con el canciller de Jap\u00f3n en Casa Rosada. El presidente Alberto Fern\u00e1ndez recibir\u00e1 al ministro de Relaciones Exteriores de Jap\u00f3n, Hayashi Yoshimasa, y encabezar\u00e1 el lanzamiento del Seguro Nacional de Bomberos Voluntarios. El encuentro con Yoshimasa se realizar\u00e1 a las 11.30 en Casa Rosada, informaron fuentes oficiales. En tanto, a [&hellip;]<\/p>\n","protected":false},"author":2,"featured_media":21708,"comment_status":"open","ping_status":"open","sticky":false,"template":"","format":"standard","meta":{"footnotes":""},"categories":[39],"tags":[],"class_list":["post-21707","post","type-post","status-publish","format-standard","has-post-thumbnail","hentry","category-nacionales"],"yoast_head":"<!-- This site is optimized with the Yoast SEO plugin v27.4 - https:\/\/yoast.com\/product\/yoast-seo-wordpress\/ -->\n<title>Alberto Fern\u00e1ndez lanza el Seguro Nacional de Bomberos Voluntarios | CVI NOTICIAS<\/title>\n<meta name=\"robots\" content=\"index, follow, max-snippet:-1, max-image-preview:large, max-video-preview:-1\" \/>\n<link rel=\"canonical\" href=\"https:\/\/cvinoticias.com\/v3\/alberto-fernandez-lanza-el-seguro-nacional-de-bomberos-voluntarios\/\" \/>\n<meta property=\"og:locale\" content=\"es_ES\" \/>\n<meta property=\"og:type\" content=\"article\" \/>\n<meta property=\"og:title\" content=\"Alberto Fern\u00e1ndez lanza el Seguro Nacional de Bomberos Voluntarios | CVI NOTICIAS\" \/>\n<meta property=\"og:description\" content=\"Adem\u00e1s, el presidente se reunir\u00e1 con el canciller de Jap\u00f3n en Casa Rosada. El presidente Alberto Fern\u00e1ndez recibir\u00e1 al ministro de Relaciones Exteriores de Jap\u00f3n, Hayashi Yoshimasa, y encabezar\u00e1 el lanzamiento del Seguro Nacional de Bomberos Voluntarios. El encuentro con Yoshimasa se realizar\u00e1 a las 11.30 en Casa Rosada, informaron fuentes oficiales. En tanto, a [&hellip;]\" \/>\n<meta property=\"og:url\" content=\"https:\/\/cvinoticias.com\/v3\/alberto-fernandez-lanza-el-seguro-nacional-de-bomberos-voluntarios\/\" \/>\n<meta property=\"og:site_name\" content=\"CVI NOTICIAS\" \/>\n<meta property=\"article:publisher\" content=\"https:\/\/www.facebook.com\/cvinoticias\" \/>\n<meta property=\"article:published_time\" content=\"2023-01-10T10:57:05+00:00\" \/>\n<meta property=\"og:image\" content=\"https:\/\/cvinoticias.com\/wp-content\/uploads\/2023\/01\/0000125381.jpg\" \/>\n\t<meta property=\"og:image:width\" content=\"1024\" \/>\n\t<meta property=\"og:image:height\" content=\"576\" \/>\n\t<meta property=\"og:image:type\" content=\"image\/jpeg\" \/>\n<meta name=\"author\" content=\"f1000024\" \/>\n<meta name=\"twitter:card\" content=\"summary_large_image\" \/>\n<meta name=\"twitter:label1\" content=\"Escrito por\" \/>\n\t<meta name=\"twitter:data1\" content=\"f1000024\" \/>\n\t<meta name=\"twitter:label2\" content=\"Tiempo de lectura\" \/>\n\t<meta name=\"twitter:data2\" content=\"1 minuto\" \/>\n<script type=\"application\/ld+json\" class=\"yoast-schema-graph\">{\"@context\":\"https:\\\/\\\/schema.org\",\"@graph\":[{\"@type\":\"Article\",\"@id\":\"https:\\\/\\\/cvinoticias.com\\\/v3\\\/alberto-fernandez-lanza-el-seguro-nacional-de-bomberos-voluntarios\\\/#article\",\"isPartOf\":{\"@id\":\"https:\\\/\\\/cvinoticias.com\\\/v3\\\/alberto-fernandez-lanza-el-seguro-nacional-de-bomberos-voluntarios\\\/\"},\"author\":{\"name\":\"f1000024\",\"@id\":\"https:\\\/\\\/cvinoticias.com\\\/v3\\\/#\\\/schema\\\/person\\\/2db77e3c6bc03c538495d7b2b8be9b66\"},\"headline\":\"Alberto Fern\u00e1ndez lanza el Seguro Nacional de Bomberos Voluntarios\",\"datePublished\":\"2023-01-10T10:57:05+00:00\",\"mainEntityOfPage\":{\"@id\":\"https:\\\/\\\/cvinoticias.com\\\/v3\\\/alberto-fernandez-lanza-el-seguro-nacional-de-bomberos-voluntarios\\\/\"},\"wordCount\":229,\"commentCount\":0,\"publisher\":{\"@id\":\"https:\\\/\\\/cvinoticias.com\\\/v3\\\/#organization\"},\"image\":{\"@id\":\"https:\\\/\\\/cvinoticias.com\\\/v3\\\/alberto-fernandez-lanza-el-seguro-nacional-de-bomberos-voluntarios\\\/#primaryimage\"},\"thumbnailUrl\":\"https:\\\/\\\/cvinoticias.com\\\/wp-content\\\/uploads\\\/2023\\\/01\\\/0000125381.jpg\",\"articleSection\":[\"Nacionales\"],\"inLanguage\":\"es\",\"potentialAction\":[{\"@type\":\"CommentAction\",\"name\":\"Comment\",\"target\":[\"https:\\\/\\\/cvinoticias.com\\\/v3\\\/alberto-fernandez-lanza-el-seguro-nacional-de-bomberos-voluntarios\\\/#respond\"]}]},{\"@type\":\"WebPage\",\"@id\":\"https:\\\/\\\/cvinoticias.com\\\/v3\\\/alberto-fernandez-lanza-el-seguro-nacional-de-bomberos-voluntarios\\\/\",\"url\":\"https:\\\/\\\/cvinoticias.com\\\/v3\\\/alberto-fernandez-lanza-el-seguro-nacional-de-bomberos-voluntarios\\\/\",\"name\":\"Alberto Fern\u00e1ndez lanza el Seguro Nacional de Bomberos Voluntarios | CVI NOTICIAS\",\"isPartOf\":{\"@id\":\"https:\\\/\\\/cvinoticias.com\\\/v3\\\/#website\"},\"primaryImageOfPage\":{\"@id\":\"https:\\\/\\\/cvinoticias.com\\\/v3\\\/alberto-fernandez-lanza-el-seguro-nacional-de-bomberos-voluntarios\\\/#primaryimage\"},\"image\":{\"@id\":\"https:\\\/\\\/cvinoticias.com\\\/v3\\\/alberto-fernandez-lanza-el-seguro-nacional-de-bomberos-voluntarios\\\/#primaryimage\"},\"thumbnailUrl\":\"https:\\\/\\\/cvinoticias.com\\\/wp-content\\\/uploads\\\/2023\\\/01\\\/0000125381.jpg\",\"datePublished\":\"2023-01-10T10:57:05+00:00\",\"breadcrumb\":{\"@id\":\"https:\\\/\\\/cvinoticias.com\\\/v3\\\/alberto-fernandez-lanza-el-seguro-nacional-de-bomberos-voluntarios\\\/#breadcrumb\"},\"inLanguage\":\"es\",\"potentialAction\":[{\"@type\":\"ReadAction\",\"target\":[\"https:\\\/\\\/cvinoticias.com\\\/v3\\\/alberto-fernandez-lanza-el-seguro-nacional-de-bomberos-voluntarios\\\/\"]}]},{\"@type\":\"ImageObject\",\"inLanguage\":\"es\",\"@id\":\"https:\\\/\\\/cvinoticias.com\\\/v3\\\/alberto-fernandez-lanza-el-seguro-nacional-de-bomberos-voluntarios\\\/#primaryimage\",\"url\":\"https:\\\/\\\/cvinoticias.com\\\/wp-content\\\/uploads\\\/2023\\\/01\\\/0000125381.jpg\",\"contentUrl\":\"https:\\\/\\\/cvinoticias.com\\\/wp-content\\\/uploads\\\/2023\\\/01\\\/0000125381.jpg\",\"width\":1024,\"height\":576},{\"@type\":\"BreadcrumbList\",\"@id\":\"https:\\\/\\\/cvinoticias.com\\\/v3\\\/alberto-fernandez-lanza-el-seguro-nacional-de-bomberos-voluntarios\\\/#breadcrumb\",\"itemListElement\":[{\"@type\":\"ListItem\",\"position\":1,\"name\":\"Portada\",\"item\":\"https:\\\/\\\/cvinoticias.com\\\/v3\\\/\"},{\"@type\":\"ListItem\",\"position\":2,\"name\":\"Alberto Fern\u00e1ndez lanza el Seguro Nacional de Bomberos Voluntarios\"}]},{\"@type\":\"WebSite\",\"@id\":\"https:\\\/\\\/cvinoticias.com\\\/v3\\\/#website\",\"url\":\"https:\\\/\\\/cvinoticias.com\\\/v3\\\/\",\"name\":\"CVI NOTICIAS\",\"description\":\"\",\"publisher\":{\"@id\":\"https:\\\/\\\/cvinoticias.com\\\/v3\\\/#organization\"},\"alternateName\":\"CVI\",\"potentialAction\":[{\"@type\":\"SearchAction\",\"target\":{\"@type\":\"EntryPoint\",\"urlTemplate\":\"https:\\\/\\\/cvinoticias.com\\\/v3\\\/?s={search_term_string}\"},\"query-input\":{\"@type\":\"PropertyValueSpecification\",\"valueRequired\":true,\"valueName\":\"search_term_string\"}}],\"inLanguage\":\"es\"},{\"@type\":\"Organization\",\"@id\":\"https:\\\/\\\/cvinoticias.com\\\/v3\\\/#organization\",\"name\":\"CVI NOTICIAS\",\"url\":\"https:\\\/\\\/cvinoticias.com\\\/v3\\\/\",\"logo\":{\"@type\":\"ImageObject\",\"inLanguage\":\"es\",\"@id\":\"https:\\\/\\\/cvinoticias.com\\\/v3\\\/#\\\/schema\\\/logo\\\/image\\\/\",\"url\":\"https:\\\/\\\/cvinoticias.com\\\/wp-content\\\/uploads\\\/2023\\\/04\\\/cropped-cropped-cropped-cropped-cropped-3-1.png\",\"contentUrl\":\"https:\\\/\\\/cvinoticias.com\\\/wp-content\\\/uploads\\\/2023\\\/04\\\/cropped-cropped-cropped-cropped-cropped-3-1.png\",\"width\":95,\"height\":122,\"caption\":\"CVI NOTICIAS\"},\"image\":{\"@id\":\"https:\\\/\\\/cvinoticias.com\\\/v3\\\/#\\\/schema\\\/logo\\\/image\\\/\"},\"sameAs\":[\"https:\\\/\\\/www.facebook.com\\\/cvinoticias\",\"https:\\\/\\\/www.instagram.com\\\/cvinoticias\\\/\",\"https:\\\/\\\/www.youtube.com\\\/@CVINOTICIAS\"]},{\"@type\":\"Person\",\"@id\":\"https:\\\/\\\/cvinoticias.com\\\/v3\\\/#\\\/schema\\\/person\\\/2db77e3c6bc03c538495d7b2b8be9b66\",\"name\":\"f1000024\",\"image\":{\"@type\":\"ImageObject\",\"inLanguage\":\"es\",\"@id\":\"https:\\\/\\\/secure.gravatar.com\\\/avatar\\\/d4fe7459cfc51ff5129ce1a732bbef5928568b8092d412ef95611616376bbeed?s=96&d=mm&r=g\",\"url\":\"https:\\\/\\\/secure.gravatar.com\\\/avatar\\\/d4fe7459cfc51ff5129ce1a732bbef5928568b8092d412ef95611616376bbeed?s=96&d=mm&r=g\",\"contentUrl\":\"https:\\\/\\\/secure.gravatar.com\\\/avatar\\\/d4fe7459cfc51ff5129ce1a732bbef5928568b8092d412ef95611616376bbeed?s=96&d=mm&r=g\",\"caption\":\"f1000024\"},\"url\":\"https:\\\/\\\/cvinoticias.com\\\/v3\\\/author\\\/f1000024\\\/\"}]}<\/script>\n<!-- \/ Yoast SEO plugin. -->","yoast_head_json":{"title":"Alberto Fern\u00e1ndez lanza el Seguro Nacional de Bomberos Voluntarios | CVI NOTICIAS","robots":{"index":"index","follow":"follow","max-snippet":"max-snippet:-1","max-image-preview":"max-image-preview:large","max-video-preview":"max-video-preview:-1"},"canonical":"https:\/\/cvinoticias.com\/v3\/alberto-fernandez-lanza-el-seguro-nacional-de-bomberos-voluntarios\/","og_locale":"es_ES","og_type":"article","og_title":"Alberto Fern\u00e1ndez lanza el Seguro Nacional de Bomberos Voluntarios | CVI NOTICIAS","og_description":"Adem\u00e1s, el presidente se reunir\u00e1 con el canciller de Jap\u00f3n en Casa Rosada. El presidente Alberto Fern\u00e1ndez recibir\u00e1 al ministro de Relaciones Exteriores de Jap\u00f3n, Hayashi Yoshimasa, y encabezar\u00e1 el lanzamiento del Seguro Nacional de Bomberos Voluntarios. El encuentro con Yoshimasa se realizar\u00e1 a las 11.30 en Casa Rosada, informaron fuentes oficiales. En tanto, a [&hellip;]","og_url":"https:\/\/cvinoticias.com\/v3\/alberto-fernandez-lanza-el-seguro-nacional-de-bomberos-voluntarios\/","og_site_name":"CVI NOTICIAS","article_publisher":"https:\/\/www.facebook.com\/cvinoticias","article_published_time":"2023-01-10T10:57:05+00:00","og_image":[{"width":1024,"height":576,"url":"https:\/\/cvinoticias.com\/wp-content\/uploads\/2023\/01\/0000125381.jpg","type":"image\/jpeg"}],"author":"f1000024","twitter_card":"summary_large_image","twitter_misc":{"Escrito por":"f1000024","Tiempo de lectura":"1 minuto"},"schema":{"@context":"https:\/\/schema.org","@graph":[{"@type":"Article","@id":"https:\/\/cvinoticias.com\/v3\/alberto-fernandez-lanza-el-seguro-nacional-de-bomberos-voluntarios\/#article","isPartOf":{"@id":"https:\/\/cvinoticias.com\/v3\/alberto-fernandez-lanza-el-seguro-nacional-de-bomberos-voluntarios\/"},"author":{"name":"f1000024","@id":"https:\/\/cvinoticias.com\/v3\/#\/schema\/person\/2db77e3c6bc03c538495d7b2b8be9b66"},"headline":"Alberto Fern\u00e1ndez lanza el Seguro Nacional de Bomberos Voluntarios","datePublished":"2023-01-10T10:57:05+00:00","mainEntityOfPage":{"@id":"https:\/\/cvinoticias.com\/v3\/alberto-fernandez-lanza-el-seguro-nacional-de-bomberos-voluntarios\/"},"wordCount":229,"commentCount":0,"publisher":{"@id":"https:\/\/cvinoticias.com\/v3\/#organization"},"image":{"@id":"https:\/\/cvinoticias.com\/v3\/alberto-fernandez-lanza-el-seguro-nacional-de-bomberos-voluntarios\/#primaryimage"},"thumbnailUrl":"https:\/\/cvinoticias.com\/wp-content\/uploads\/2023\/01\/0000125381.jpg","articleSection":["Nacionales"],"inLanguage":"es","potentialAction":[{"@type":"CommentAction","name":"Comment","target":["https:\/\/cvinoticias.com\/v3\/alberto-fernandez-lanza-el-seguro-nacional-de-bomberos-voluntarios\/#respond"]}]},{"@type":"WebPage","@id":"https:\/\/cvinoticias.com\/v3\/alberto-fernandez-lanza-el-seguro-nacional-de-bomberos-voluntarios\/","url":"https:\/\/cvinoticias.com\/v3\/alberto-fernandez-lanza-el-seguro-nacional-de-bomberos-voluntarios\/","name":"Alberto Fern\u00e1ndez lanza el Seguro Nacional de Bomberos Voluntarios | CVI NOTICIAS","isPartOf":{"@id":"https:\/\/cvinoticias.com\/v3\/#website"},"primaryImageOfPage":{"@id":"https:\/\/cvinoticias.com\/v3\/alberto-fernandez-lanza-el-seguro-nacional-de-bomberos-voluntarios\/#primaryimage"},"image":{"@id":"https:\/\/cvinoticias.com\/v3\/alberto-fernandez-lanza-el-seguro-nacional-de-bomberos-voluntarios\/#primaryimage"},"thumbnailUrl":"https:\/\/cvinoticias.com\/wp-content\/uploads\/2023\/01\/0000125381.jpg","datePublished":"2023-01-10T10:57:05+00:00","breadcrumb":{"@id":"https:\/\/cvinoticias.com\/v3\/alberto-fernandez-lanza-el-seguro-nacional-de-bomberos-voluntarios\/#breadcrumb"},"inLanguage":"es","potentialAction":[{"@type":"ReadAction","target":["https:\/\/cvinoticias.com\/v3\/alberto-fernandez-lanza-el-seguro-nacional-de-bomberos-voluntarios\/"]}]},{"@type":"ImageObject","inLanguage":"es","@id":"https:\/\/cvinoticias.com\/v3\/alberto-fernandez-lanza-el-seguro-nacional-de-bomberos-voluntarios\/#primaryimage","url":"https:\/\/cvinoticias.com\/wp-content\/uploads\/2023\/01\/0000125381.jpg","contentUrl":"https:\/\/cvinoticias.com\/wp-content\/uploads\/2023\/01\/0000125381.jpg","width":1024,"height":576},{"@type":"BreadcrumbList","@id":"https:\/\/cvinoticias.com\/v3\/alberto-fernandez-lanza-el-seguro-nacional-de-bomberos-voluntarios\/#breadcrumb","itemListElement":[{"@type":"ListItem","position":1,"name":"Portada","item":"https:\/\/cvinoticias.com\/v3\/"},{"@type":"ListItem","position":2,"name":"Alberto Fern\u00e1ndez lanza el Seguro Nacional de Bomberos Voluntarios"}]},{"@type":"WebSite","@id":"https:\/\/cvinoticias.com\/v3\/#website","url":"https:\/\/cvinoticias.com\/v3\/","name":"CVI NOTICIAS","description":"","publisher":{"@id":"https:\/\/cvinoticias.com\/v3\/#organization"},"alternateName":"CVI","potentialAction":[{"@type":"SearchAction","target":{"@type":"EntryPoint","urlTemplate":"https:\/\/cvinoticias.com\/v3\/?s={search_term_string}"},"query-input":{"@type":"PropertyValueSpecification","valueRequired":true,"valueName":"search_term_string"}}],"inLanguage":"es"},{"@type":"Organization","@id":"https:\/\/cvinoticias.com\/v3\/#organization","name":"CVI NOTICIAS","url":"https:\/\/cvinoticias.com\/v3\/","logo":{"@type":"ImageObject","inLanguage":"es","@id":"https:\/\/cvinoticias.com\/v3\/#\/schema\/logo\/image\/","url":"https:\/\/cvinoticias.com\/wp-content\/uploads\/2023\/04\/cropped-cropped-cropped-cropped-cropped-3-1.png","contentUrl":"https:\/\/cvinoticias.com\/wp-content\/uploads\/2023\/04\/cropped-cropped-cropped-cropped-cropped-3-1.png","width":95,"height":122,"caption":"CVI NOTICIAS"},"image":{"@id":"https:\/\/cvinoticias.com\/v3\/#\/schema\/logo\/image\/"},"sameAs":["https:\/\/www.facebook.com\/cvinoticias","https:\/\/www.instagram.com\/cvinoticias\/","https:\/\/www.youtube.com\/@CVINOTICIAS"]},{"@type":"Person","@id":"https:\/\/cvinoticias.com\/v3\/#\/schema\/person\/2db77e3c6bc03c538495d7b2b8be9b66","name":"f1000024","image":{"@type":"ImageObject","inLanguage":"es","@id":"https:\/\/secure.gravatar.com\/avatar\/d4fe7459cfc51ff5129ce1a732bbef5928568b8092d412ef95611616376bbeed?s=96&d=mm&r=g","url":"https:\/\/secure.gravatar.com\/avatar\/d4fe7459cfc51ff5129ce1a732bbef5928568b8092d412ef95611616376bbeed?s=96&d=mm&r=g","contentUrl":"https:\/\/secure.gravatar.com\/avatar\/d4fe7459cfc51ff5129ce1a732bbef5928568b8092d412ef95611616376bbeed?s=96&d=mm&r=g","caption":"f1000024"},"url":"https:\/\/cvinoticias.com\/v3\/author\/f1000024\/"}]}},"_links":{"self":[{"href":"https:\/\/cvinoticias.com\/v3\/wp-json\/wp\/v2\/posts\/21707","targetHints":{"allow":["GET"]}}],"collection":[{"href":"https:\/\/cvinoticias.com\/v3\/wp-json\/wp\/v2\/posts"}],"about":[{"href":"https:\/\/cvinoticias.com\/v3\/wp-json\/wp\/v2\/types\/post"}],"author":[{"embeddable":true,"href":"https:\/\/cvinoticias.com\/v3\/wp-json\/wp\/v2\/users\/2"}],"replies":[{"embeddable":true,"href":"https:\/\/cvinoticias.com\/v3\/wp-json\/wp\/v2\/comments?post=21707"}],"version-history":[{"count":1,"href":"https:\/\/cvinoticias.com\/v3\/wp-json\/wp\/v2\/posts\/21707\/revisions"}],"predecessor-version":[{"id":21709,"href":"https:\/\/cvinoticias.com\/v3\/wp-json\/wp\/v2\/posts\/21707\/revisions\/21709"}],"wp:featuredmedia":[{"embeddable":true,"href":"https:\/\/cvinoticias.com\/v3\/wp-json\/wp\/v2\/media\/21708"}],"wp:attachment":[{"href":"https:\/\/cvinoticias.com\/v3\/wp-json\/wp\/v2\/media?parent=21707"}],"wp:term":[{"taxonomy":"category","embeddable":true,"href":"https:\/\/cvinoticias.com\/v3\/wp-json\/wp\/v2\/categories?post=21707"},{"taxonomy":"post_tag","embeddable":true,"href":"https:\/\/cvinoticias.com\/v3\/wp-json\/wp\/v2\/tags?post=21707"}],"curies":[{"name":"wp","href":"https:\/\/api.w.org\/{rel}","templated":true}]}}