{"id":21696,"date":"2023-01-09T16:20:56","date_gmt":"2023-01-09T16:20:56","guid":{"rendered":"https:\/\/cvinoticias.com\/v3\/?p=21696"},"modified":"2023-01-09T16:20:56","modified_gmt":"2023-01-09T16:20:56","slug":"tenia-importante-hemorragia-dentro-del-craneo-declaro-el-forense-que-realizo-la-autopsia-a-fernando","status":"publish","type":"post","link":"https:\/\/cvinoticias.com\/v3\/tenia-importante-hemorragia-dentro-del-craneo-declaro-el-forense-que-realizo-la-autopsia-a-fernando\/","title":{"rendered":"\u00abTen\u00eda importante hemorragia dentro del cr\u00e1neo\u00bb declar\u00f3 el forense que realiz\u00f3 la autopsia a Fernando"},"content":{"rendered":"\n<p><strong><em>Diego Duarte, el m\u00e9dico forense que le practic\u00f3 la autopsia al cuerpo de Fernando B\u00e1ez Sosa, declar\u00f3 este lunes en la sexta audiencia por el juicio.<\/em><\/strong><\/p>\n\n\n\n<p>\u00abVi que ten\u00eda importante hemorragia dentro del cr\u00e1neo\u00bb, declar\u00f3 el m\u00e9dico de la Polic\u00eda Cient\u00edfica. Durante su testimonio, Silvino y Graciela, padres de Fernando, decidieron salir de la sala y no presenciar la dura explicaci\u00f3n.<\/p>\n\n\n\n<p>Adem\u00e1s, Duarte indic\u00f3 que el cuerpo \u00abno present\u00f3 da\u00f1os \u00f3seos\u00bb, pero que los golpes fueron suficientes y determinantes para causarle \u00abun derrame cerebral\u00bb a Fernando.<\/p>\n\n\n\n<p>\u00abNo hay apertura, lesiones que hayan lastimado la parte \u00f3sea, los golpes que recibi\u00f3 fueron suficientes para da\u00f1ar el cerebro sin romper la parte \u00f3sea\u00bb, explic\u00f3 el m\u00e9dico y agreg\u00f3 que detect\u00f3 \u201cmucho sangrado y mucho coagulo en cerebro, cerebelo y tronco encef\u00e1lico; compatible con la aplicaci\u00f3n de golpes\u00bb.<\/p>\n","protected":false},"excerpt":{"rendered":"<p>Diego Duarte, el m\u00e9dico forense que le practic\u00f3 la autopsia al cuerpo de Fernando B\u00e1ez Sosa, declar\u00f3 este lunes en la sexta audiencia por el juicio. \u00abVi que ten\u00eda importante hemorragia dentro del cr\u00e1neo\u00bb, declar\u00f3 el m\u00e9dico de la Polic\u00eda Cient\u00edfica. Durante su testimonio, Silvino y Graciela, padres de Fernando, decidieron salir de la sala [&hellip;]<\/p>\n","protected":false},"author":2,"featured_media":21697,"comment_status":"open","ping_status":"open","sticky":false,"template":"","format":"standard","meta":{"footnotes":""},"categories":[39],"tags":[],"class_list":["post-21696","post","type-post","status-publish","format-standard","has-post-thumbnail","hentry","category-nacionales"],"yoast_head":"<!-- This site is optimized with the Yoast SEO plugin v27.4 - https:\/\/yoast.com\/product\/yoast-seo-wordpress\/ -->\n<title>&quot;Ten\u00eda importante hemorragia dentro del cr\u00e1neo&quot; declar\u00f3 el forense que realiz\u00f3 la autopsia a Fernando | CVI NOTICIAS<\/title>\n<meta name=\"robots\" content=\"index, follow, max-snippet:-1, max-image-preview:large, max-video-preview:-1\" \/>\n<link rel=\"canonical\" href=\"https:\/\/cvinoticias.com\/v3\/tenia-importante-hemorragia-dentro-del-craneo-declaro-el-forense-que-realizo-la-autopsia-a-fernando\/\" \/>\n<meta property=\"og:locale\" content=\"es_ES\" \/>\n<meta property=\"og:type\" content=\"article\" \/>\n<meta property=\"og:title\" content=\"&quot;Ten\u00eda importante hemorragia dentro del cr\u00e1neo&quot; declar\u00f3 el forense que realiz\u00f3 la autopsia a Fernando | CVI NOTICIAS\" \/>\n<meta property=\"og:description\" content=\"Diego Duarte, el m\u00e9dico forense que le practic\u00f3 la autopsia al cuerpo de Fernando B\u00e1ez Sosa, declar\u00f3 este lunes en la sexta audiencia por el juicio. \u00abVi que ten\u00eda importante hemorragia dentro del cr\u00e1neo\u00bb, declar\u00f3 el m\u00e9dico de la Polic\u00eda Cient\u00edfica. Durante su testimonio, Silvino y Graciela, padres de Fernando, decidieron salir de la sala [&hellip;]\" \/>\n<meta property=\"og:url\" content=\"https:\/\/cvinoticias.com\/v3\/tenia-importante-hemorragia-dentro-del-craneo-declaro-el-forense-que-realizo-la-autopsia-a-fernando\/\" \/>\n<meta property=\"og:site_name\" content=\"CVI NOTICIAS\" \/>\n<meta property=\"article:publisher\" content=\"https:\/\/www.facebook.com\/cvinoticias\" \/>\n<meta property=\"article:published_time\" content=\"2023-01-09T16:20:56+00:00\" \/>\n<meta property=\"og:image\" content=\"https:\/\/cvinoticias.com\/wp-content\/uploads\/2023\/01\/FB_IMG_1673280429228.jpg\" \/>\n\t<meta property=\"og:image:width\" content=\"962\" \/>\n\t<meta property=\"og:image:height\" content=\"962\" \/>\n\t<meta property=\"og:image:type\" content=\"image\/jpeg\" \/>\n<meta name=\"author\" content=\"f1000024\" \/>\n<meta name=\"twitter:card\" content=\"summary_large_image\" \/>\n<meta name=\"twitter:label1\" content=\"Escrito por\" \/>\n\t<meta name=\"twitter:data1\" content=\"f1000024\" \/>\n\t<meta name=\"twitter:label2\" content=\"Tiempo de lectura\" \/>\n\t<meta name=\"twitter:data2\" content=\"1 minuto\" \/>\n<script type=\"application\/ld+json\" class=\"yoast-schema-graph\">{\"@context\":\"https:\\\/\\\/schema.org\",\"@graph\":[{\"@type\":\"Article\",\"@id\":\"https:\\\/\\\/cvinoticias.com\\\/v3\\\/tenia-importante-hemorragia-dentro-del-craneo-declaro-el-forense-que-realizo-la-autopsia-a-fernando\\\/#article\",\"isPartOf\":{\"@id\":\"https:\\\/\\\/cvinoticias.com\\\/v3\\\/tenia-importante-hemorragia-dentro-del-craneo-declaro-el-forense-que-realizo-la-autopsia-a-fernando\\\/\"},\"author\":{\"name\":\"f1000024\",\"@id\":\"https:\\\/\\\/cvinoticias.com\\\/v3\\\/#\\\/schema\\\/person\\\/2db77e3c6bc03c538495d7b2b8be9b66\"},\"headline\":\"\u00abTen\u00eda importante hemorragia dentro del cr\u00e1neo\u00bb declar\u00f3 el forense que realiz\u00f3 la autopsia a Fernando\",\"datePublished\":\"2023-01-09T16:20:56+00:00\",\"mainEntityOfPage\":{\"@id\":\"https:\\\/\\\/cvinoticias.com\\\/v3\\\/tenia-importante-hemorragia-dentro-del-craneo-declaro-el-forense-que-realizo-la-autopsia-a-fernando\\\/\"},\"wordCount\":166,\"commentCount\":0,\"publisher\":{\"@id\":\"https:\\\/\\\/cvinoticias.com\\\/v3\\\/#organization\"},\"image\":{\"@id\":\"https:\\\/\\\/cvinoticias.com\\\/v3\\\/tenia-importante-hemorragia-dentro-del-craneo-declaro-el-forense-que-realizo-la-autopsia-a-fernando\\\/#primaryimage\"},\"thumbnailUrl\":\"https:\\\/\\\/cvinoticias.com\\\/wp-content\\\/uploads\\\/2023\\\/01\\\/FB_IMG_1673280429228.jpg\",\"articleSection\":[\"Nacionales\"],\"inLanguage\":\"es\",\"potentialAction\":[{\"@type\":\"CommentAction\",\"name\":\"Comment\",\"target\":[\"https:\\\/\\\/cvinoticias.com\\\/v3\\\/tenia-importante-hemorragia-dentro-del-craneo-declaro-el-forense-que-realizo-la-autopsia-a-fernando\\\/#respond\"]}]},{\"@type\":\"WebPage\",\"@id\":\"https:\\\/\\\/cvinoticias.com\\\/v3\\\/tenia-importante-hemorragia-dentro-del-craneo-declaro-el-forense-que-realizo-la-autopsia-a-fernando\\\/\",\"url\":\"https:\\\/\\\/cvinoticias.com\\\/v3\\\/tenia-importante-hemorragia-dentro-del-craneo-declaro-el-forense-que-realizo-la-autopsia-a-fernando\\\/\",\"name\":\"\\\"Ten\u00eda importante hemorragia dentro del cr\u00e1neo\\\" declar\u00f3 el forense que realiz\u00f3 la autopsia a Fernando | CVI NOTICIAS\",\"isPartOf\":{\"@id\":\"https:\\\/\\\/cvinoticias.com\\\/v3\\\/#website\"},\"primaryImageOfPage\":{\"@id\":\"https:\\\/\\\/cvinoticias.com\\\/v3\\\/tenia-importante-hemorragia-dentro-del-craneo-declaro-el-forense-que-realizo-la-autopsia-a-fernando\\\/#primaryimage\"},\"image\":{\"@id\":\"https:\\\/\\\/cvinoticias.com\\\/v3\\\/tenia-importante-hemorragia-dentro-del-craneo-declaro-el-forense-que-realizo-la-autopsia-a-fernando\\\/#primaryimage\"},\"thumbnailUrl\":\"https:\\\/\\\/cvinoticias.com\\\/wp-content\\\/uploads\\\/2023\\\/01\\\/FB_IMG_1673280429228.jpg\",\"datePublished\":\"2023-01-09T16:20:56+00:00\",\"breadcrumb\":{\"@id\":\"https:\\\/\\\/cvinoticias.com\\\/v3\\\/tenia-importante-hemorragia-dentro-del-craneo-declaro-el-forense-que-realizo-la-autopsia-a-fernando\\\/#breadcrumb\"},\"inLanguage\":\"es\",\"potentialAction\":[{\"@type\":\"ReadAction\",\"target\":[\"https:\\\/\\\/cvinoticias.com\\\/v3\\\/tenia-importante-hemorragia-dentro-del-craneo-declaro-el-forense-que-realizo-la-autopsia-a-fernando\\\/\"]}]},{\"@type\":\"ImageObject\",\"inLanguage\":\"es\",\"@id\":\"https:\\\/\\\/cvinoticias.com\\\/v3\\\/tenia-importante-hemorragia-dentro-del-craneo-declaro-el-forense-que-realizo-la-autopsia-a-fernando\\\/#primaryimage\",\"url\":\"https:\\\/\\\/cvinoticias.com\\\/wp-content\\\/uploads\\\/2023\\\/01\\\/FB_IMG_1673280429228.jpg\",\"contentUrl\":\"https:\\\/\\\/cvinoticias.com\\\/wp-content\\\/uploads\\\/2023\\\/01\\\/FB_IMG_1673280429228.jpg\",\"width\":962,\"height\":962},{\"@type\":\"BreadcrumbList\",\"@id\":\"https:\\\/\\\/cvinoticias.com\\\/v3\\\/tenia-importante-hemorragia-dentro-del-craneo-declaro-el-forense-que-realizo-la-autopsia-a-fernando\\\/#breadcrumb\",\"itemListElement\":[{\"@type\":\"ListItem\",\"position\":1,\"name\":\"Portada\",\"item\":\"https:\\\/\\\/cvinoticias.com\\\/v3\\\/\"},{\"@type\":\"ListItem\",\"position\":2,\"name\":\"\u00abTen\u00eda importante hemorragia dentro del cr\u00e1neo\u00bb declar\u00f3 el forense que realiz\u00f3 la autopsia a Fernando\"}]},{\"@type\":\"WebSite\",\"@id\":\"https:\\\/\\\/cvinoticias.com\\\/v3\\\/#website\",\"url\":\"https:\\\/\\\/cvinoticias.com\\\/v3\\\/\",\"name\":\"CVI NOTICIAS\",\"description\":\"\",\"publisher\":{\"@id\":\"https:\\\/\\\/cvinoticias.com\\\/v3\\\/#organization\"},\"alternateName\":\"CVI\",\"potentialAction\":[{\"@type\":\"SearchAction\",\"target\":{\"@type\":\"EntryPoint\",\"urlTemplate\":\"https:\\\/\\\/cvinoticias.com\\\/v3\\\/?s={search_term_string}\"},\"query-input\":{\"@type\":\"PropertyValueSpecification\",\"valueRequired\":true,\"valueName\":\"search_term_string\"}}],\"inLanguage\":\"es\"},{\"@type\":\"Organization\",\"@id\":\"https:\\\/\\\/cvinoticias.com\\\/v3\\\/#organization\",\"name\":\"CVI NOTICIAS\",\"url\":\"https:\\\/\\\/cvinoticias.com\\\/v3\\\/\",\"logo\":{\"@type\":\"ImageObject\",\"inLanguage\":\"es\",\"@id\":\"https:\\\/\\\/cvinoticias.com\\\/v3\\\/#\\\/schema\\\/logo\\\/image\\\/\",\"url\":\"https:\\\/\\\/cvinoticias.com\\\/wp-content\\\/uploads\\\/2023\\\/04\\\/cropped-cropped-cropped-cropped-cropped-3-1.png\",\"contentUrl\":\"https:\\\/\\\/cvinoticias.com\\\/wp-content\\\/uploads\\\/2023\\\/04\\\/cropped-cropped-cropped-cropped-cropped-3-1.png\",\"width\":95,\"height\":122,\"caption\":\"CVI NOTICIAS\"},\"image\":{\"@id\":\"https:\\\/\\\/cvinoticias.com\\\/v3\\\/#\\\/schema\\\/logo\\\/image\\\/\"},\"sameAs\":[\"https:\\\/\\\/www.facebook.com\\\/cvinoticias\",\"https:\\\/\\\/www.instagram.com\\\/cvinoticias\\\/\",\"https:\\\/\\\/www.youtube.com\\\/@CVINOTICIAS\"]},{\"@type\":\"Person\",\"@id\":\"https:\\\/\\\/cvinoticias.com\\\/v3\\\/#\\\/schema\\\/person\\\/2db77e3c6bc03c538495d7b2b8be9b66\",\"name\":\"f1000024\",\"image\":{\"@type\":\"ImageObject\",\"inLanguage\":\"es\",\"@id\":\"https:\\\/\\\/secure.gravatar.com\\\/avatar\\\/d4fe7459cfc51ff5129ce1a732bbef5928568b8092d412ef95611616376bbeed?s=96&d=mm&r=g\",\"url\":\"https:\\\/\\\/secure.gravatar.com\\\/avatar\\\/d4fe7459cfc51ff5129ce1a732bbef5928568b8092d412ef95611616376bbeed?s=96&d=mm&r=g\",\"contentUrl\":\"https:\\\/\\\/secure.gravatar.com\\\/avatar\\\/d4fe7459cfc51ff5129ce1a732bbef5928568b8092d412ef95611616376bbeed?s=96&d=mm&r=g\",\"caption\":\"f1000024\"},\"url\":\"https:\\\/\\\/cvinoticias.com\\\/v3\\\/author\\\/f1000024\\\/\"}]}<\/script>\n<!-- \/ Yoast SEO plugin. -->","yoast_head_json":{"title":"\"Ten\u00eda importante hemorragia dentro del cr\u00e1neo\" declar\u00f3 el forense que realiz\u00f3 la autopsia a Fernando | CVI NOTICIAS","robots":{"index":"index","follow":"follow","max-snippet":"max-snippet:-1","max-image-preview":"max-image-preview:large","max-video-preview":"max-video-preview:-1"},"canonical":"https:\/\/cvinoticias.com\/v3\/tenia-importante-hemorragia-dentro-del-craneo-declaro-el-forense-que-realizo-la-autopsia-a-fernando\/","og_locale":"es_ES","og_type":"article","og_title":"\"Ten\u00eda importante hemorragia dentro del cr\u00e1neo\" declar\u00f3 el forense que realiz\u00f3 la autopsia a Fernando | CVI NOTICIAS","og_description":"Diego Duarte, el m\u00e9dico forense que le practic\u00f3 la autopsia al cuerpo de Fernando B\u00e1ez Sosa, declar\u00f3 este lunes en la sexta audiencia por el juicio. \u00abVi que ten\u00eda importante hemorragia dentro del cr\u00e1neo\u00bb, declar\u00f3 el m\u00e9dico de la Polic\u00eda Cient\u00edfica. Durante su testimonio, Silvino y Graciela, padres de Fernando, decidieron salir de la sala [&hellip;]","og_url":"https:\/\/cvinoticias.com\/v3\/tenia-importante-hemorragia-dentro-del-craneo-declaro-el-forense-que-realizo-la-autopsia-a-fernando\/","og_site_name":"CVI NOTICIAS","article_publisher":"https:\/\/www.facebook.com\/cvinoticias","article_published_time":"2023-01-09T16:20:56+00:00","og_image":[{"width":962,"height":962,"url":"https:\/\/cvinoticias.com\/wp-content\/uploads\/2023\/01\/FB_IMG_1673280429228.jpg","type":"image\/jpeg"}],"author":"f1000024","twitter_card":"summary_large_image","twitter_misc":{"Escrito por":"f1000024","Tiempo de lectura":"1 minuto"},"schema":{"@context":"https:\/\/schema.org","@graph":[{"@type":"Article","@id":"https:\/\/cvinoticias.com\/v3\/tenia-importante-hemorragia-dentro-del-craneo-declaro-el-forense-que-realizo-la-autopsia-a-fernando\/#article","isPartOf":{"@id":"https:\/\/cvinoticias.com\/v3\/tenia-importante-hemorragia-dentro-del-craneo-declaro-el-forense-que-realizo-la-autopsia-a-fernando\/"},"author":{"name":"f1000024","@id":"https:\/\/cvinoticias.com\/v3\/#\/schema\/person\/2db77e3c6bc03c538495d7b2b8be9b66"},"headline":"\u00abTen\u00eda importante hemorragia dentro del cr\u00e1neo\u00bb declar\u00f3 el forense que realiz\u00f3 la autopsia a Fernando","datePublished":"2023-01-09T16:20:56+00:00","mainEntityOfPage":{"@id":"https:\/\/cvinoticias.com\/v3\/tenia-importante-hemorragia-dentro-del-craneo-declaro-el-forense-que-realizo-la-autopsia-a-fernando\/"},"wordCount":166,"commentCount":0,"publisher":{"@id":"https:\/\/cvinoticias.com\/v3\/#organization"},"image":{"@id":"https:\/\/cvinoticias.com\/v3\/tenia-importante-hemorragia-dentro-del-craneo-declaro-el-forense-que-realizo-la-autopsia-a-fernando\/#primaryimage"},"thumbnailUrl":"https:\/\/cvinoticias.com\/wp-content\/uploads\/2023\/01\/FB_IMG_1673280429228.jpg","articleSection":["Nacionales"],"inLanguage":"es","potentialAction":[{"@type":"CommentAction","name":"Comment","target":["https:\/\/cvinoticias.com\/v3\/tenia-importante-hemorragia-dentro-del-craneo-declaro-el-forense-que-realizo-la-autopsia-a-fernando\/#respond"]}]},{"@type":"WebPage","@id":"https:\/\/cvinoticias.com\/v3\/tenia-importante-hemorragia-dentro-del-craneo-declaro-el-forense-que-realizo-la-autopsia-a-fernando\/","url":"https:\/\/cvinoticias.com\/v3\/tenia-importante-hemorragia-dentro-del-craneo-declaro-el-forense-que-realizo-la-autopsia-a-fernando\/","name":"\"Ten\u00eda importante hemorragia dentro del cr\u00e1neo\" declar\u00f3 el forense que realiz\u00f3 la autopsia a Fernando | CVI NOTICIAS","isPartOf":{"@id":"https:\/\/cvinoticias.com\/v3\/#website"},"primaryImageOfPage":{"@id":"https:\/\/cvinoticias.com\/v3\/tenia-importante-hemorragia-dentro-del-craneo-declaro-el-forense-que-realizo-la-autopsia-a-fernando\/#primaryimage"},"image":{"@id":"https:\/\/cvinoticias.com\/v3\/tenia-importante-hemorragia-dentro-del-craneo-declaro-el-forense-que-realizo-la-autopsia-a-fernando\/#primaryimage"},"thumbnailUrl":"https:\/\/cvinoticias.com\/wp-content\/uploads\/2023\/01\/FB_IMG_1673280429228.jpg","datePublished":"2023-01-09T16:20:56+00:00","breadcrumb":{"@id":"https:\/\/cvinoticias.com\/v3\/tenia-importante-hemorragia-dentro-del-craneo-declaro-el-forense-que-realizo-la-autopsia-a-fernando\/#breadcrumb"},"inLanguage":"es","potentialAction":[{"@type":"ReadAction","target":["https:\/\/cvinoticias.com\/v3\/tenia-importante-hemorragia-dentro-del-craneo-declaro-el-forense-que-realizo-la-autopsia-a-fernando\/"]}]},{"@type":"ImageObject","inLanguage":"es","@id":"https:\/\/cvinoticias.com\/v3\/tenia-importante-hemorragia-dentro-del-craneo-declaro-el-forense-que-realizo-la-autopsia-a-fernando\/#primaryimage","url":"https:\/\/cvinoticias.com\/wp-content\/uploads\/2023\/01\/FB_IMG_1673280429228.jpg","contentUrl":"https:\/\/cvinoticias.com\/wp-content\/uploads\/2023\/01\/FB_IMG_1673280429228.jpg","width":962,"height":962},{"@type":"BreadcrumbList","@id":"https:\/\/cvinoticias.com\/v3\/tenia-importante-hemorragia-dentro-del-craneo-declaro-el-forense-que-realizo-la-autopsia-a-fernando\/#breadcrumb","itemListElement":[{"@type":"ListItem","position":1,"name":"Portada","item":"https:\/\/cvinoticias.com\/v3\/"},{"@type":"ListItem","position":2,"name":"\u00abTen\u00eda importante hemorragia dentro del cr\u00e1neo\u00bb declar\u00f3 el forense que realiz\u00f3 la autopsia a Fernando"}]},{"@type":"WebSite","@id":"https:\/\/cvinoticias.com\/v3\/#website","url":"https:\/\/cvinoticias.com\/v3\/","name":"CVI NOTICIAS","description":"","publisher":{"@id":"https:\/\/cvinoticias.com\/v3\/#organization"},"alternateName":"CVI","potentialAction":[{"@type":"SearchAction","target":{"@type":"EntryPoint","urlTemplate":"https:\/\/cvinoticias.com\/v3\/?s={search_term_string}"},"query-input":{"@type":"PropertyValueSpecification","valueRequired":true,"valueName":"search_term_string"}}],"inLanguage":"es"},{"@type":"Organization","@id":"https:\/\/cvinoticias.com\/v3\/#organization","name":"CVI NOTICIAS","url":"https:\/\/cvinoticias.com\/v3\/","logo":{"@type":"ImageObject","inLanguage":"es","@id":"https:\/\/cvinoticias.com\/v3\/#\/schema\/logo\/image\/","url":"https:\/\/cvinoticias.com\/wp-content\/uploads\/2023\/04\/cropped-cropped-cropped-cropped-cropped-3-1.png","contentUrl":"https:\/\/cvinoticias.com\/wp-content\/uploads\/2023\/04\/cropped-cropped-cropped-cropped-cropped-3-1.png","width":95,"height":122,"caption":"CVI NOTICIAS"},"image":{"@id":"https:\/\/cvinoticias.com\/v3\/#\/schema\/logo\/image\/"},"sameAs":["https:\/\/www.facebook.com\/cvinoticias","https:\/\/www.instagram.com\/cvinoticias\/","https:\/\/www.youtube.com\/@CVINOTICIAS"]},{"@type":"Person","@id":"https:\/\/cvinoticias.com\/v3\/#\/schema\/person\/2db77e3c6bc03c538495d7b2b8be9b66","name":"f1000024","image":{"@type":"ImageObject","inLanguage":"es","@id":"https:\/\/secure.gravatar.com\/avatar\/d4fe7459cfc51ff5129ce1a732bbef5928568b8092d412ef95611616376bbeed?s=96&d=mm&r=g","url":"https:\/\/secure.gravatar.com\/avatar\/d4fe7459cfc51ff5129ce1a732bbef5928568b8092d412ef95611616376bbeed?s=96&d=mm&r=g","contentUrl":"https:\/\/secure.gravatar.com\/avatar\/d4fe7459cfc51ff5129ce1a732bbef5928568b8092d412ef95611616376bbeed?s=96&d=mm&r=g","caption":"f1000024"},"url":"https:\/\/cvinoticias.com\/v3\/author\/f1000024\/"}]}},"_links":{"self":[{"href":"https:\/\/cvinoticias.com\/v3\/wp-json\/wp\/v2\/posts\/21696","targetHints":{"allow":["GET"]}}],"collection":[{"href":"https:\/\/cvinoticias.com\/v3\/wp-json\/wp\/v2\/posts"}],"about":[{"href":"https:\/\/cvinoticias.com\/v3\/wp-json\/wp\/v2\/types\/post"}],"author":[{"embeddable":true,"href":"https:\/\/cvinoticias.com\/v3\/wp-json\/wp\/v2\/users\/2"}],"replies":[{"embeddable":true,"href":"https:\/\/cvinoticias.com\/v3\/wp-json\/wp\/v2\/comments?post=21696"}],"version-history":[{"count":1,"href":"https:\/\/cvinoticias.com\/v3\/wp-json\/wp\/v2\/posts\/21696\/revisions"}],"predecessor-version":[{"id":21698,"href":"https:\/\/cvinoticias.com\/v3\/wp-json\/wp\/v2\/posts\/21696\/revisions\/21698"}],"wp:featuredmedia":[{"embeddable":true,"href":"https:\/\/cvinoticias.com\/v3\/wp-json\/wp\/v2\/media\/21697"}],"wp:attachment":[{"href":"https:\/\/cvinoticias.com\/v3\/wp-json\/wp\/v2\/media?parent=21696"}],"wp:term":[{"taxonomy":"category","embeddable":true,"href":"https:\/\/cvinoticias.com\/v3\/wp-json\/wp\/v2\/categories?post=21696"},{"taxonomy":"post_tag","embeddable":true,"href":"https:\/\/cvinoticias.com\/v3\/wp-json\/wp\/v2\/tags?post=21696"}],"curies":[{"name":"wp","href":"https:\/\/api.w.org\/{rel}","templated":true}]}}