{"id":21693,"date":"2023-01-09T14:13:35","date_gmt":"2023-01-09T14:13:35","guid":{"rendered":"https:\/\/cvinoticias.com\/v3\/?p=21693"},"modified":"2023-01-09T14:13:35","modified_gmt":"2023-01-09T14:13:35","slug":"detuvieron-a-1-200-bolsonaristas-y-desalojaron-sus-campamentos","status":"publish","type":"post","link":"https:\/\/cvinoticias.com\/v3\/detuvieron-a-1-200-bolsonaristas-y-desalojaron-sus-campamentos\/","title":{"rendered":"Detuvieron a 1.200 bolsonaristas y desalojaron sus campamentos"},"content":{"rendered":"\n<p><strong><em>Ya son 1.500 los seguidores del expresidente apresados por el intento de golpe de Estado<\/em><\/strong><\/p>\n\n\n\n<p>Al menos 1.200 bolsonaristas fueron detenidos este lunes en el campamento que hab\u00edan montado frente al cuartel general del Ej\u00e9rcito en Brasilia desde las elecciones de octubre y desde el que fueron lanzados los ataques del domingo contra las sedes de los tres poderes en Brasil.<\/p>\n\n\n\n<p>Los seguidores del expresidente Jair Bolsonaro, que no reconocen la victoria del l\u00edder progresista Luiz In\u00e1cio Lula da Silva en las elecciones presidenciales, fueron detenidos despu\u00e9s de que, cercados por la Polic\u00eda y el Ej\u00e9rcito, desmontaran pac\u00edficamente el campamento en que se refugiaban.\u00a0<\/p>\n\n\n\n<p>Seg\u00fan el Ministerio de Justicia, los bolsonaristas detenidos fueron conducidos en al menos 40 autobuses hasta la sede de la Polic\u00eda Federal, donde ser\u00e1n identificados para intentar establecer si participaron en los ataques violentos del domingo y fichados por si en un futuro surgen pruebas en su contra.<\/p>\n\n\n\n<p>Tan solo permanecer\u00e1n arrestados los que sean se\u00f1alados como participantes en los actos vand\u00e1licos y los que tengan alg\u00fan indicio en su contra.<\/p>\n\n\n\n<p>Los presos se sumar\u00e1n a las cerca de 300 personas que fueron detenidas el domingo por su responsabilidad en los ataques.<\/p>\n\n\n\n<p>El desalojo fue pac\u00edfico y se produjo despu\u00e9s de que el magistrado Alexandre de Moraes, uno de los once miembros de la Corte Suprema, ordenara el desmonte de todos los campamentos montados por bolsonaristas frente a cuarteles militares del pa\u00eds y desde el que defend\u00edan un golpe de Estado en Brasil contra Lula.<\/p>\n\n\n\n<p>Moraes, responsable por varias de las investigaciones contra Bolsonaro y sus seguidores por ataques a la democracia, orden\u00f3 que los ocupantes de los campamentos \u00absean detenidos en flagrante por la pr\u00e1ctica de diferentes cr\u00edmenes\u00bb.<\/p>\n\n\n\n<p>El campamento de los radicales en Brasilia, montado hace m\u00e1s de 70 d\u00edas, desde que Lula se impuso en la segunda vuelta de las presidenciales, sirvi\u00f3 de base para los manifestantes que invadieron el domingo las sedes de los tres poderes de Brasil y fue el lugar al que regresaron tras su fracasado intento de forzar un golpe de Estado.<\/p>\n\n\n\n<p>El n\u00famero de radicales en el campamento frente al cuartel del Ej\u00e9rcito ven\u00eda cayendo desde la investidura de Lula, el 1\u00ba de enero pasado, y el jueves las autoridades contabilizaban unas 200 personas, pero el s\u00e1bado salt\u00f3 hasta unas 3.000 luego de que los bolsonaristas convocaran la manifestaci\u00f3n del domingo.<\/p>\n\n\n\n<p>Ante el caos generado por el asalto a los edificios p\u00fablicos, Lula decret\u00f3 la intervenci\u00f3n federal del \u00e1rea de seguridad de Brasilia hasta el pr\u00f3ximo 31 de enero, con lo que las polic\u00edas regionales estar\u00e1n bajo control del gobierno federal.<\/p>\n\n\n\n<p>El asalto al Congreso, la Presidencia y el Supremo solo se resolvi\u00f3 despu\u00e9s de cuatro horas y media de desconcierto, cuando agentes antidisturbios cargaron y lanzaron gases lacrim\u00f3genos contra los exaltados que estaban dentro y fuera de los edificios de los tres poderes.<\/p>\n\n\n\n<p><\/p>\n","protected":false},"excerpt":{"rendered":"<p>Ya son 1.500 los seguidores del expresidente apresados por el intento de golpe de Estado Al menos 1.200 bolsonaristas fueron detenidos este lunes en el campamento que hab\u00edan montado frente al cuartel general del Ej\u00e9rcito en Brasilia desde las elecciones de octubre y desde el que fueron lanzados los ataques del domingo contra las sedes [&hellip;]<\/p>\n","protected":false},"author":2,"featured_media":21694,"comment_status":"open","ping_status":"open","sticky":false,"template":"","format":"standard","meta":{"footnotes":""},"categories":[36],"tags":[],"class_list":["post-21693","post","type-post","status-publish","format-standard","has-post-thumbnail","hentry","category-internacionales"],"yoast_head":"<!-- This site is optimized with the Yoast SEO plugin v27.5 - https:\/\/yoast.com\/product\/yoast-seo-wordpress\/ -->\n<title>Detuvieron a 1.200 bolsonaristas y desalojaron sus campamentos | CVI NOTICIAS<\/title>\n<meta name=\"robots\" content=\"index, follow, max-snippet:-1, max-image-preview:large, max-video-preview:-1\" \/>\n<link rel=\"canonical\" href=\"https:\/\/cvinoticias.com\/v3\/detuvieron-a-1-200-bolsonaristas-y-desalojaron-sus-campamentos\/\" \/>\n<meta property=\"og:locale\" content=\"es_ES\" \/>\n<meta property=\"og:type\" content=\"article\" \/>\n<meta property=\"og:title\" content=\"Detuvieron a 1.200 bolsonaristas y desalojaron sus campamentos | CVI NOTICIAS\" \/>\n<meta property=\"og:description\" content=\"Ya son 1.500 los seguidores del expresidente apresados por el intento de golpe de Estado Al menos 1.200 bolsonaristas fueron detenidos este lunes en el campamento que hab\u00edan montado frente al cuartel general del Ej\u00e9rcito en Brasilia desde las elecciones de octubre y desde el que fueron lanzados los ataques del domingo contra las sedes [&hellip;]\" \/>\n<meta property=\"og:url\" content=\"https:\/\/cvinoticias.com\/v3\/detuvieron-a-1-200-bolsonaristas-y-desalojaron-sus-campamentos\/\" \/>\n<meta property=\"og:site_name\" content=\"CVI NOTICIAS\" \/>\n<meta property=\"article:publisher\" content=\"https:\/\/www.facebook.com\/cvinoticias\" \/>\n<meta property=\"article:published_time\" content=\"2023-01-09T14:13:35+00:00\" \/>\n<meta property=\"og:image\" content=\"https:\/\/cvinoticias.com\/wp-content\/uploads\/2023\/01\/Screenshot_20230109-111237_Facebook.jpg\" \/>\n\t<meta property=\"og:image:width\" content=\"1080\" \/>\n\t<meta property=\"og:image:height\" content=\"576\" \/>\n\t<meta property=\"og:image:type\" content=\"image\/jpeg\" \/>\n<meta name=\"author\" content=\"f1000024\" \/>\n<meta name=\"twitter:card\" content=\"summary_large_image\" \/>\n<meta name=\"twitter:label1\" content=\"Escrito por\" \/>\n\t<meta name=\"twitter:data1\" content=\"f1000024\" \/>\n\t<meta name=\"twitter:label2\" content=\"Tiempo de lectura\" \/>\n\t<meta name=\"twitter:data2\" content=\"3 minutos\" \/>\n<script type=\"application\/ld+json\" class=\"yoast-schema-graph\">{\"@context\":\"https:\\\/\\\/schema.org\",\"@graph\":[{\"@type\":\"Article\",\"@id\":\"https:\\\/\\\/cvinoticias.com\\\/v3\\\/detuvieron-a-1-200-bolsonaristas-y-desalojaron-sus-campamentos\\\/#article\",\"isPartOf\":{\"@id\":\"https:\\\/\\\/cvinoticias.com\\\/v3\\\/detuvieron-a-1-200-bolsonaristas-y-desalojaron-sus-campamentos\\\/\"},\"author\":{\"name\":\"f1000024\",\"@id\":\"https:\\\/\\\/cvinoticias.com\\\/v3\\\/#\\\/schema\\\/person\\\/2db77e3c6bc03c538495d7b2b8be9b66\"},\"headline\":\"Detuvieron a 1.200 bolsonaristas y desalojaron sus campamentos\",\"datePublished\":\"2023-01-09T14:13:35+00:00\",\"mainEntityOfPage\":{\"@id\":\"https:\\\/\\\/cvinoticias.com\\\/v3\\\/detuvieron-a-1-200-bolsonaristas-y-desalojaron-sus-campamentos\\\/\"},\"wordCount\":510,\"commentCount\":0,\"publisher\":{\"@id\":\"https:\\\/\\\/cvinoticias.com\\\/v3\\\/#organization\"},\"image\":{\"@id\":\"https:\\\/\\\/cvinoticias.com\\\/v3\\\/detuvieron-a-1-200-bolsonaristas-y-desalojaron-sus-campamentos\\\/#primaryimage\"},\"thumbnailUrl\":\"https:\\\/\\\/cvinoticias.com\\\/wp-content\\\/uploads\\\/2023\\\/01\\\/Screenshot_20230109-111237_Facebook.jpg\",\"articleSection\":[\"Internacionales\"],\"inLanguage\":\"es\",\"potentialAction\":[{\"@type\":\"CommentAction\",\"name\":\"Comment\",\"target\":[\"https:\\\/\\\/cvinoticias.com\\\/v3\\\/detuvieron-a-1-200-bolsonaristas-y-desalojaron-sus-campamentos\\\/#respond\"]}]},{\"@type\":\"WebPage\",\"@id\":\"https:\\\/\\\/cvinoticias.com\\\/v3\\\/detuvieron-a-1-200-bolsonaristas-y-desalojaron-sus-campamentos\\\/\",\"url\":\"https:\\\/\\\/cvinoticias.com\\\/v3\\\/detuvieron-a-1-200-bolsonaristas-y-desalojaron-sus-campamentos\\\/\",\"name\":\"Detuvieron a 1.200 bolsonaristas y desalojaron sus campamentos | CVI NOTICIAS\",\"isPartOf\":{\"@id\":\"https:\\\/\\\/cvinoticias.com\\\/v3\\\/#website\"},\"primaryImageOfPage\":{\"@id\":\"https:\\\/\\\/cvinoticias.com\\\/v3\\\/detuvieron-a-1-200-bolsonaristas-y-desalojaron-sus-campamentos\\\/#primaryimage\"},\"image\":{\"@id\":\"https:\\\/\\\/cvinoticias.com\\\/v3\\\/detuvieron-a-1-200-bolsonaristas-y-desalojaron-sus-campamentos\\\/#primaryimage\"},\"thumbnailUrl\":\"https:\\\/\\\/cvinoticias.com\\\/wp-content\\\/uploads\\\/2023\\\/01\\\/Screenshot_20230109-111237_Facebook.jpg\",\"datePublished\":\"2023-01-09T14:13:35+00:00\",\"breadcrumb\":{\"@id\":\"https:\\\/\\\/cvinoticias.com\\\/v3\\\/detuvieron-a-1-200-bolsonaristas-y-desalojaron-sus-campamentos\\\/#breadcrumb\"},\"inLanguage\":\"es\",\"potentialAction\":[{\"@type\":\"ReadAction\",\"target\":[\"https:\\\/\\\/cvinoticias.com\\\/v3\\\/detuvieron-a-1-200-bolsonaristas-y-desalojaron-sus-campamentos\\\/\"]}]},{\"@type\":\"ImageObject\",\"inLanguage\":\"es\",\"@id\":\"https:\\\/\\\/cvinoticias.com\\\/v3\\\/detuvieron-a-1-200-bolsonaristas-y-desalojaron-sus-campamentos\\\/#primaryimage\",\"url\":\"https:\\\/\\\/cvinoticias.com\\\/wp-content\\\/uploads\\\/2023\\\/01\\\/Screenshot_20230109-111237_Facebook.jpg\",\"contentUrl\":\"https:\\\/\\\/cvinoticias.com\\\/wp-content\\\/uploads\\\/2023\\\/01\\\/Screenshot_20230109-111237_Facebook.jpg\",\"width\":1080,\"height\":576},{\"@type\":\"BreadcrumbList\",\"@id\":\"https:\\\/\\\/cvinoticias.com\\\/v3\\\/detuvieron-a-1-200-bolsonaristas-y-desalojaron-sus-campamentos\\\/#breadcrumb\",\"itemListElement\":[{\"@type\":\"ListItem\",\"position\":1,\"name\":\"Portada\",\"item\":\"https:\\\/\\\/cvinoticias.com\\\/v3\\\/\"},{\"@type\":\"ListItem\",\"position\":2,\"name\":\"Detuvieron a 1.200 bolsonaristas y desalojaron sus campamentos\"}]},{\"@type\":\"WebSite\",\"@id\":\"https:\\\/\\\/cvinoticias.com\\\/v3\\\/#website\",\"url\":\"https:\\\/\\\/cvinoticias.com\\\/v3\\\/\",\"name\":\"CVI NOTICIAS\",\"description\":\"\",\"publisher\":{\"@id\":\"https:\\\/\\\/cvinoticias.com\\\/v3\\\/#organization\"},\"alternateName\":\"CVI\",\"potentialAction\":[{\"@type\":\"SearchAction\",\"target\":{\"@type\":\"EntryPoint\",\"urlTemplate\":\"https:\\\/\\\/cvinoticias.com\\\/v3\\\/?s={search_term_string}\"},\"query-input\":{\"@type\":\"PropertyValueSpecification\",\"valueRequired\":true,\"valueName\":\"search_term_string\"}}],\"inLanguage\":\"es\"},{\"@type\":\"Organization\",\"@id\":\"https:\\\/\\\/cvinoticias.com\\\/v3\\\/#organization\",\"name\":\"CVI NOTICIAS\",\"url\":\"https:\\\/\\\/cvinoticias.com\\\/v3\\\/\",\"logo\":{\"@type\":\"ImageObject\",\"inLanguage\":\"es\",\"@id\":\"https:\\\/\\\/cvinoticias.com\\\/v3\\\/#\\\/schema\\\/logo\\\/image\\\/\",\"url\":\"https:\\\/\\\/cvinoticias.com\\\/wp-content\\\/uploads\\\/2023\\\/04\\\/cropped-cropped-cropped-cropped-cropped-3-1.png\",\"contentUrl\":\"https:\\\/\\\/cvinoticias.com\\\/wp-content\\\/uploads\\\/2023\\\/04\\\/cropped-cropped-cropped-cropped-cropped-3-1.png\",\"width\":95,\"height\":122,\"caption\":\"CVI NOTICIAS\"},\"image\":{\"@id\":\"https:\\\/\\\/cvinoticias.com\\\/v3\\\/#\\\/schema\\\/logo\\\/image\\\/\"},\"sameAs\":[\"https:\\\/\\\/www.facebook.com\\\/cvinoticias\",\"https:\\\/\\\/www.instagram.com\\\/cvinoticias\\\/\",\"https:\\\/\\\/www.youtube.com\\\/@CVINOTICIAS\"]},{\"@type\":\"Person\",\"@id\":\"https:\\\/\\\/cvinoticias.com\\\/v3\\\/#\\\/schema\\\/person\\\/2db77e3c6bc03c538495d7b2b8be9b66\",\"name\":\"f1000024\",\"image\":{\"@type\":\"ImageObject\",\"inLanguage\":\"es\",\"@id\":\"https:\\\/\\\/secure.gravatar.com\\\/avatar\\\/d4fe7459cfc51ff5129ce1a732bbef5928568b8092d412ef95611616376bbeed?s=96&d=mm&r=g\",\"url\":\"https:\\\/\\\/secure.gravatar.com\\\/avatar\\\/d4fe7459cfc51ff5129ce1a732bbef5928568b8092d412ef95611616376bbeed?s=96&d=mm&r=g\",\"contentUrl\":\"https:\\\/\\\/secure.gravatar.com\\\/avatar\\\/d4fe7459cfc51ff5129ce1a732bbef5928568b8092d412ef95611616376bbeed?s=96&d=mm&r=g\",\"caption\":\"f1000024\"},\"url\":\"https:\\\/\\\/cvinoticias.com\\\/v3\\\/author\\\/f1000024\\\/\"}]}<\/script>\n<!-- \/ Yoast SEO plugin. -->","yoast_head_json":{"title":"Detuvieron a 1.200 bolsonaristas y desalojaron sus campamentos | CVI NOTICIAS","robots":{"index":"index","follow":"follow","max-snippet":"max-snippet:-1","max-image-preview":"max-image-preview:large","max-video-preview":"max-video-preview:-1"},"canonical":"https:\/\/cvinoticias.com\/v3\/detuvieron-a-1-200-bolsonaristas-y-desalojaron-sus-campamentos\/","og_locale":"es_ES","og_type":"article","og_title":"Detuvieron a 1.200 bolsonaristas y desalojaron sus campamentos | CVI NOTICIAS","og_description":"Ya son 1.500 los seguidores del expresidente apresados por el intento de golpe de Estado Al menos 1.200 bolsonaristas fueron detenidos este lunes en el campamento que hab\u00edan montado frente al cuartel general del Ej\u00e9rcito en Brasilia desde las elecciones de octubre y desde el que fueron lanzados los ataques del domingo contra las sedes [&hellip;]","og_url":"https:\/\/cvinoticias.com\/v3\/detuvieron-a-1-200-bolsonaristas-y-desalojaron-sus-campamentos\/","og_site_name":"CVI NOTICIAS","article_publisher":"https:\/\/www.facebook.com\/cvinoticias","article_published_time":"2023-01-09T14:13:35+00:00","og_image":[{"width":1080,"height":576,"url":"https:\/\/cvinoticias.com\/wp-content\/uploads\/2023\/01\/Screenshot_20230109-111237_Facebook.jpg","type":"image\/jpeg"}],"author":"f1000024","twitter_card":"summary_large_image","twitter_misc":{"Escrito por":"f1000024","Tiempo de lectura":"3 minutos"},"schema":{"@context":"https:\/\/schema.org","@graph":[{"@type":"Article","@id":"https:\/\/cvinoticias.com\/v3\/detuvieron-a-1-200-bolsonaristas-y-desalojaron-sus-campamentos\/#article","isPartOf":{"@id":"https:\/\/cvinoticias.com\/v3\/detuvieron-a-1-200-bolsonaristas-y-desalojaron-sus-campamentos\/"},"author":{"name":"f1000024","@id":"https:\/\/cvinoticias.com\/v3\/#\/schema\/person\/2db77e3c6bc03c538495d7b2b8be9b66"},"headline":"Detuvieron a 1.200 bolsonaristas y desalojaron sus campamentos","datePublished":"2023-01-09T14:13:35+00:00","mainEntityOfPage":{"@id":"https:\/\/cvinoticias.com\/v3\/detuvieron-a-1-200-bolsonaristas-y-desalojaron-sus-campamentos\/"},"wordCount":510,"commentCount":0,"publisher":{"@id":"https:\/\/cvinoticias.com\/v3\/#organization"},"image":{"@id":"https:\/\/cvinoticias.com\/v3\/detuvieron-a-1-200-bolsonaristas-y-desalojaron-sus-campamentos\/#primaryimage"},"thumbnailUrl":"https:\/\/cvinoticias.com\/wp-content\/uploads\/2023\/01\/Screenshot_20230109-111237_Facebook.jpg","articleSection":["Internacionales"],"inLanguage":"es","potentialAction":[{"@type":"CommentAction","name":"Comment","target":["https:\/\/cvinoticias.com\/v3\/detuvieron-a-1-200-bolsonaristas-y-desalojaron-sus-campamentos\/#respond"]}]},{"@type":"WebPage","@id":"https:\/\/cvinoticias.com\/v3\/detuvieron-a-1-200-bolsonaristas-y-desalojaron-sus-campamentos\/","url":"https:\/\/cvinoticias.com\/v3\/detuvieron-a-1-200-bolsonaristas-y-desalojaron-sus-campamentos\/","name":"Detuvieron a 1.200 bolsonaristas y desalojaron sus campamentos | CVI NOTICIAS","isPartOf":{"@id":"https:\/\/cvinoticias.com\/v3\/#website"},"primaryImageOfPage":{"@id":"https:\/\/cvinoticias.com\/v3\/detuvieron-a-1-200-bolsonaristas-y-desalojaron-sus-campamentos\/#primaryimage"},"image":{"@id":"https:\/\/cvinoticias.com\/v3\/detuvieron-a-1-200-bolsonaristas-y-desalojaron-sus-campamentos\/#primaryimage"},"thumbnailUrl":"https:\/\/cvinoticias.com\/wp-content\/uploads\/2023\/01\/Screenshot_20230109-111237_Facebook.jpg","datePublished":"2023-01-09T14:13:35+00:00","breadcrumb":{"@id":"https:\/\/cvinoticias.com\/v3\/detuvieron-a-1-200-bolsonaristas-y-desalojaron-sus-campamentos\/#breadcrumb"},"inLanguage":"es","potentialAction":[{"@type":"ReadAction","target":["https:\/\/cvinoticias.com\/v3\/detuvieron-a-1-200-bolsonaristas-y-desalojaron-sus-campamentos\/"]}]},{"@type":"ImageObject","inLanguage":"es","@id":"https:\/\/cvinoticias.com\/v3\/detuvieron-a-1-200-bolsonaristas-y-desalojaron-sus-campamentos\/#primaryimage","url":"https:\/\/cvinoticias.com\/wp-content\/uploads\/2023\/01\/Screenshot_20230109-111237_Facebook.jpg","contentUrl":"https:\/\/cvinoticias.com\/wp-content\/uploads\/2023\/01\/Screenshot_20230109-111237_Facebook.jpg","width":1080,"height":576},{"@type":"BreadcrumbList","@id":"https:\/\/cvinoticias.com\/v3\/detuvieron-a-1-200-bolsonaristas-y-desalojaron-sus-campamentos\/#breadcrumb","itemListElement":[{"@type":"ListItem","position":1,"name":"Portada","item":"https:\/\/cvinoticias.com\/v3\/"},{"@type":"ListItem","position":2,"name":"Detuvieron a 1.200 bolsonaristas y desalojaron sus campamentos"}]},{"@type":"WebSite","@id":"https:\/\/cvinoticias.com\/v3\/#website","url":"https:\/\/cvinoticias.com\/v3\/","name":"CVI NOTICIAS","description":"","publisher":{"@id":"https:\/\/cvinoticias.com\/v3\/#organization"},"alternateName":"CVI","potentialAction":[{"@type":"SearchAction","target":{"@type":"EntryPoint","urlTemplate":"https:\/\/cvinoticias.com\/v3\/?s={search_term_string}"},"query-input":{"@type":"PropertyValueSpecification","valueRequired":true,"valueName":"search_term_string"}}],"inLanguage":"es"},{"@type":"Organization","@id":"https:\/\/cvinoticias.com\/v3\/#organization","name":"CVI NOTICIAS","url":"https:\/\/cvinoticias.com\/v3\/","logo":{"@type":"ImageObject","inLanguage":"es","@id":"https:\/\/cvinoticias.com\/v3\/#\/schema\/logo\/image\/","url":"https:\/\/cvinoticias.com\/wp-content\/uploads\/2023\/04\/cropped-cropped-cropped-cropped-cropped-3-1.png","contentUrl":"https:\/\/cvinoticias.com\/wp-content\/uploads\/2023\/04\/cropped-cropped-cropped-cropped-cropped-3-1.png","width":95,"height":122,"caption":"CVI NOTICIAS"},"image":{"@id":"https:\/\/cvinoticias.com\/v3\/#\/schema\/logo\/image\/"},"sameAs":["https:\/\/www.facebook.com\/cvinoticias","https:\/\/www.instagram.com\/cvinoticias\/","https:\/\/www.youtube.com\/@CVINOTICIAS"]},{"@type":"Person","@id":"https:\/\/cvinoticias.com\/v3\/#\/schema\/person\/2db77e3c6bc03c538495d7b2b8be9b66","name":"f1000024","image":{"@type":"ImageObject","inLanguage":"es","@id":"https:\/\/secure.gravatar.com\/avatar\/d4fe7459cfc51ff5129ce1a732bbef5928568b8092d412ef95611616376bbeed?s=96&d=mm&r=g","url":"https:\/\/secure.gravatar.com\/avatar\/d4fe7459cfc51ff5129ce1a732bbef5928568b8092d412ef95611616376bbeed?s=96&d=mm&r=g","contentUrl":"https:\/\/secure.gravatar.com\/avatar\/d4fe7459cfc51ff5129ce1a732bbef5928568b8092d412ef95611616376bbeed?s=96&d=mm&r=g","caption":"f1000024"},"url":"https:\/\/cvinoticias.com\/v3\/author\/f1000024\/"}]}},"_links":{"self":[{"href":"https:\/\/cvinoticias.com\/v3\/wp-json\/wp\/v2\/posts\/21693","targetHints":{"allow":["GET"]}}],"collection":[{"href":"https:\/\/cvinoticias.com\/v3\/wp-json\/wp\/v2\/posts"}],"about":[{"href":"https:\/\/cvinoticias.com\/v3\/wp-json\/wp\/v2\/types\/post"}],"author":[{"embeddable":true,"href":"https:\/\/cvinoticias.com\/v3\/wp-json\/wp\/v2\/users\/2"}],"replies":[{"embeddable":true,"href":"https:\/\/cvinoticias.com\/v3\/wp-json\/wp\/v2\/comments?post=21693"}],"version-history":[{"count":1,"href":"https:\/\/cvinoticias.com\/v3\/wp-json\/wp\/v2\/posts\/21693\/revisions"}],"predecessor-version":[{"id":21695,"href":"https:\/\/cvinoticias.com\/v3\/wp-json\/wp\/v2\/posts\/21693\/revisions\/21695"}],"wp:featuredmedia":[{"embeddable":true,"href":"https:\/\/cvinoticias.com\/v3\/wp-json\/wp\/v2\/media\/21694"}],"wp:attachment":[{"href":"https:\/\/cvinoticias.com\/v3\/wp-json\/wp\/v2\/media?parent=21693"}],"wp:term":[{"taxonomy":"category","embeddable":true,"href":"https:\/\/cvinoticias.com\/v3\/wp-json\/wp\/v2\/categories?post=21693"},{"taxonomy":"post_tag","embeddable":true,"href":"https:\/\/cvinoticias.com\/v3\/wp-json\/wp\/v2\/tags?post=21693"}],"curies":[{"name":"wp","href":"https:\/\/api.w.org\/{rel}","templated":true}]}}