{"id":21690,"date":"2023-01-09T12:37:59","date_gmt":"2023-01-09T12:37:59","guid":{"rendered":"https:\/\/cvinoticias.com\/v3\/?p=21690"},"modified":"2023-01-09T12:37:59","modified_gmt":"2023-01-09T12:37:59","slug":"becas-progresar-nacion-oficializo-el-aumento-para-el-2023","status":"publish","type":"post","link":"https:\/\/cvinoticias.com\/v3\/becas-progresar-nacion-oficializo-el-aumento-para-el-2023\/","title":{"rendered":"Becas Progresar: Naci\u00f3n oficializ\u00f3 el aumento para el 2023"},"content":{"rendered":"\n<p><strong><em>Actualmente el plan alcanza a casi 1,7 millones de alumnos secundarios y universitarios de todo el pa\u00eds<\/em><\/strong><\/p>\n\n\n\n<p>En medio de la elevada inflaci\u00f3n, el Gobierno oficializ\u00f3 el aumento de las becas del plan Progresar, las cuales ahora ascender\u00e1n a $9.000. La decisi\u00f3n fue comunicada a trav\u00e9s de la resoluci\u00f3n 29\/2023 en el Bolet\u00edn Oficial y bajo la firma del ministro de Educaci\u00f3n, Jaime Perczyk.<\/p>\n\n\n\n<p>Seg\u00fan expresa el documento en su art\u00edculo 1\u00b0 y \u201c, el beneficio ser\u00e1 para las l\u00edneas \u201cFinalizaci\u00f3n de la Educaci\u00f3n Obligatoria\u201d, \u201cProgresar Trabajo\u201d y \u201cFomento de la educaci\u00f3n superior\u201d, para carreras universitarias y carreras de educaci\u00f3n superior no universitarias. Al mismo tiempo tambi\u00e9n abarcar\u00e1 a los becarios cursantes de las denominadas \u2018carreras estrat\u00e9gicas\u2019 universitarias de 2\u00b0 a 4\u00b0 a\u00f1o inclusive hasta la convocatoria 2020. El beneficio tambi\u00e9n alcanzar\u00e1 a su l\u00ednea \u2018Enfermer\u00eda\u2019 para estudiantes ingresantes de 1\u00b0 a 3\u00b0 a\u00f1o inclusive.<\/p>\n\n\n\n<p>En su considerando, la resoluci\u00f3n aclara que el programa tiene el objetivo de generar nuevas oportunidades de inclusi\u00f3n social a personas en situaci\u00f3n de vulnerabilidad, a trav\u00e9s de acciones integradas que permitan su capacitaci\u00f3n e inserci\u00f3n laboral.<\/p>\n\n\n\n<p>Por otra parte, el documento tambi\u00e9n expresa que la suma supra citada regir\u00e1 a partir de la cuota correspondiente al mes de Diciembre de 2022 y, a su vez, que se cuenta con el cr\u00e9dito presupuestario para hacer frente a la erogaci\u00f3n resultante de la presente medida.<\/p>\n\n\n\n<p>El aumento ya hab\u00eda sido anunciado la semana pasada, cuando Sergio Massa, ministro de Econom\u00eda, junto a su par de Educaci\u00f3n, Jaime Perczyk, anunci\u00f3 el incremento del 22% en el monto del programa de becas Progresar que reciben casi 1,7 millones de alumnos secundarios y universitarios de todo el pa\u00eds. Adem\u00e1s, este incremento del 22% en las becas escolares, representa una suba del 150% desde septiembre 2021.<\/p>\n\n\n\n<p>En ese sentido, Massa opin\u00f3 por qu\u00e9 la medida es necesaria en este contexto: \u201cLa movilidad social ascendente se logra cuando un chico, salga del hogar que salga, se hace de las mismas herramientas a partir de tener la posibilidad de poder acceder a una carrera universitaria, de acceder a alg\u00fan programa de capacitaci\u00f3n, que lo ponga en la l\u00ednea de largada en igualdad de condiciones\u201d.<\/p>\n\n\n\n<p>\u201cPara una Argentina que quiere ser m\u00e1s justa y federal, es necesario una educaci\u00f3n p\u00fablica de calidad y nosotros, como Estado, somos los primeros responsables de que las y los estudiantes est\u00e9n en la escuela, recuperen aprendizajes, terminen sus estudios, vayan a la universidad o puedan realizar cursos de formaci\u00f3n profesional\u201d, sostuvo el ministro Perczyk.<\/p>\n\n\n\n<p>En diciembre de 2021, el programa de becas Progresar se ampli\u00f3 para incluir a los estudiantes de 16 y 17 a\u00f1os, adem\u00e1s contempla poblaciones priorizadas para las cuales var\u00edan los requisitos de edad.<\/p>\n\n\n\n<p>En este sentido, cuenta con 4 tipos de beca: Progresar Obligatorio (que incluye la l\u00ednea 16 y 17), Progresar Superior, Progresar Enfermer\u00eda y Progresar Trabajo.<\/p>\n\n\n\n<p>En diciembre de 2022, el programa alcanza su mayor nivel de inversi\u00f3n anual con $120.000.000.000 y cuenta con 1.700.000 becarias y becarios. Para 2023, se prev\u00e9 una inversi\u00f3n proyectada de $150.000.000.000.<\/p>\n\n\n\n<p>El programa Progresar implementado por el Gobierno nacional tiene como objetivo fortalecer el ingreso, la permanencia y el egreso de los estudiantes, promoviendo la finalizaci\u00f3n de la educaci\u00f3n obligatoria y fomentando la educaci\u00f3n superior y cursos de formaci\u00f3n profesional.<\/p>\n\n\n\n<p>\u201cSomos un gobierno que cree en la educaci\u00f3n como herramienta de movilidad social y se compromete para que todos nuestros j\u00f3venes tengan acceso a la educaci\u00f3n y se capaciten para los desaf\u00edos que nos plantea el siglo XXI\u201d, coment\u00f3 el ministro de Educaci\u00f3n para finalizar.<\/p>\n","protected":false},"excerpt":{"rendered":"<p>Actualmente el plan alcanza a casi 1,7 millones de alumnos secundarios y universitarios de todo el pa\u00eds En medio de la elevada inflaci\u00f3n, el Gobierno oficializ\u00f3 el aumento de las becas del plan Progresar, las cuales ahora ascender\u00e1n a $9.000. La decisi\u00f3n fue comunicada a trav\u00e9s de la resoluci\u00f3n 29\/2023 en el Bolet\u00edn Oficial y [&hellip;]<\/p>\n","protected":false},"author":2,"featured_media":21691,"comment_status":"open","ping_status":"open","sticky":false,"template":"","format":"standard","meta":{"footnotes":""},"categories":[39],"tags":[],"class_list":["post-21690","post","type-post","status-publish","format-standard","has-post-thumbnail","hentry","category-nacionales"],"yoast_head":"<!-- This site is optimized with the Yoast SEO plugin v27.4 - https:\/\/yoast.com\/product\/yoast-seo-wordpress\/ -->\n<title>Becas Progresar: Naci\u00f3n oficializ\u00f3 el aumento para el 2023 | CVI NOTICIAS<\/title>\n<meta name=\"robots\" content=\"index, follow, max-snippet:-1, max-image-preview:large, max-video-preview:-1\" \/>\n<link rel=\"canonical\" href=\"https:\/\/cvinoticias.com\/v3\/becas-progresar-nacion-oficializo-el-aumento-para-el-2023\/\" \/>\n<meta property=\"og:locale\" content=\"es_ES\" \/>\n<meta property=\"og:type\" content=\"article\" \/>\n<meta property=\"og:title\" content=\"Becas Progresar: Naci\u00f3n oficializ\u00f3 el aumento para el 2023 | CVI NOTICIAS\" \/>\n<meta property=\"og:description\" content=\"Actualmente el plan alcanza a casi 1,7 millones de alumnos secundarios y universitarios de todo el pa\u00eds En medio de la elevada inflaci\u00f3n, el Gobierno oficializ\u00f3 el aumento de las becas del plan Progresar, las cuales ahora ascender\u00e1n a $9.000. La decisi\u00f3n fue comunicada a trav\u00e9s de la resoluci\u00f3n 29\/2023 en el Bolet\u00edn Oficial y [&hellip;]\" \/>\n<meta property=\"og:url\" content=\"https:\/\/cvinoticias.com\/v3\/becas-progresar-nacion-oficializo-el-aumento-para-el-2023\/\" \/>\n<meta property=\"og:site_name\" content=\"CVI NOTICIAS\" \/>\n<meta property=\"article:publisher\" content=\"https:\/\/www.facebook.com\/cvinoticias\" \/>\n<meta property=\"article:published_time\" content=\"2023-01-09T12:37:59+00:00\" \/>\n<meta property=\"og:image\" content=\"https:\/\/cvinoticias.com\/wp-content\/uploads\/2023\/01\/561100.jpg_nota.jpg\" \/>\n\t<meta property=\"og:image:width\" content=\"700\" \/>\n\t<meta property=\"og:image:height\" content=\"393\" \/>\n\t<meta property=\"og:image:type\" content=\"image\/jpeg\" \/>\n<meta name=\"author\" content=\"f1000024\" \/>\n<meta name=\"twitter:card\" content=\"summary_large_image\" \/>\n<meta name=\"twitter:label1\" content=\"Escrito por\" \/>\n\t<meta name=\"twitter:data1\" content=\"f1000024\" \/>\n\t<meta name=\"twitter:label2\" content=\"Tiempo de lectura\" \/>\n\t<meta name=\"twitter:data2\" content=\"3 minutos\" \/>\n<script type=\"application\/ld+json\" class=\"yoast-schema-graph\">{\"@context\":\"https:\\\/\\\/schema.org\",\"@graph\":[{\"@type\":\"Article\",\"@id\":\"https:\\\/\\\/cvinoticias.com\\\/v3\\\/becas-progresar-nacion-oficializo-el-aumento-para-el-2023\\\/#article\",\"isPartOf\":{\"@id\":\"https:\\\/\\\/cvinoticias.com\\\/v3\\\/becas-progresar-nacion-oficializo-el-aumento-para-el-2023\\\/\"},\"author\":{\"name\":\"f1000024\",\"@id\":\"https:\\\/\\\/cvinoticias.com\\\/v3\\\/#\\\/schema\\\/person\\\/2db77e3c6bc03c538495d7b2b8be9b66\"},\"headline\":\"Becas Progresar: Naci\u00f3n oficializ\u00f3 el aumento para el 2023\",\"datePublished\":\"2023-01-09T12:37:59+00:00\",\"mainEntityOfPage\":{\"@id\":\"https:\\\/\\\/cvinoticias.com\\\/v3\\\/becas-progresar-nacion-oficializo-el-aumento-para-el-2023\\\/\"},\"wordCount\":632,\"commentCount\":0,\"publisher\":{\"@id\":\"https:\\\/\\\/cvinoticias.com\\\/v3\\\/#organization\"},\"image\":{\"@id\":\"https:\\\/\\\/cvinoticias.com\\\/v3\\\/becas-progresar-nacion-oficializo-el-aumento-para-el-2023\\\/#primaryimage\"},\"thumbnailUrl\":\"https:\\\/\\\/cvinoticias.com\\\/wp-content\\\/uploads\\\/2023\\\/01\\\/561100.jpg_nota.jpg\",\"articleSection\":[\"Nacionales\"],\"inLanguage\":\"es\",\"potentialAction\":[{\"@type\":\"CommentAction\",\"name\":\"Comment\",\"target\":[\"https:\\\/\\\/cvinoticias.com\\\/v3\\\/becas-progresar-nacion-oficializo-el-aumento-para-el-2023\\\/#respond\"]}]},{\"@type\":\"WebPage\",\"@id\":\"https:\\\/\\\/cvinoticias.com\\\/v3\\\/becas-progresar-nacion-oficializo-el-aumento-para-el-2023\\\/\",\"url\":\"https:\\\/\\\/cvinoticias.com\\\/v3\\\/becas-progresar-nacion-oficializo-el-aumento-para-el-2023\\\/\",\"name\":\"Becas Progresar: Naci\u00f3n oficializ\u00f3 el aumento para el 2023 | CVI NOTICIAS\",\"isPartOf\":{\"@id\":\"https:\\\/\\\/cvinoticias.com\\\/v3\\\/#website\"},\"primaryImageOfPage\":{\"@id\":\"https:\\\/\\\/cvinoticias.com\\\/v3\\\/becas-progresar-nacion-oficializo-el-aumento-para-el-2023\\\/#primaryimage\"},\"image\":{\"@id\":\"https:\\\/\\\/cvinoticias.com\\\/v3\\\/becas-progresar-nacion-oficializo-el-aumento-para-el-2023\\\/#primaryimage\"},\"thumbnailUrl\":\"https:\\\/\\\/cvinoticias.com\\\/wp-content\\\/uploads\\\/2023\\\/01\\\/561100.jpg_nota.jpg\",\"datePublished\":\"2023-01-09T12:37:59+00:00\",\"breadcrumb\":{\"@id\":\"https:\\\/\\\/cvinoticias.com\\\/v3\\\/becas-progresar-nacion-oficializo-el-aumento-para-el-2023\\\/#breadcrumb\"},\"inLanguage\":\"es\",\"potentialAction\":[{\"@type\":\"ReadAction\",\"target\":[\"https:\\\/\\\/cvinoticias.com\\\/v3\\\/becas-progresar-nacion-oficializo-el-aumento-para-el-2023\\\/\"]}]},{\"@type\":\"ImageObject\",\"inLanguage\":\"es\",\"@id\":\"https:\\\/\\\/cvinoticias.com\\\/v3\\\/becas-progresar-nacion-oficializo-el-aumento-para-el-2023\\\/#primaryimage\",\"url\":\"https:\\\/\\\/cvinoticias.com\\\/wp-content\\\/uploads\\\/2023\\\/01\\\/561100.jpg_nota.jpg\",\"contentUrl\":\"https:\\\/\\\/cvinoticias.com\\\/wp-content\\\/uploads\\\/2023\\\/01\\\/561100.jpg_nota.jpg\",\"width\":700,\"height\":393},{\"@type\":\"BreadcrumbList\",\"@id\":\"https:\\\/\\\/cvinoticias.com\\\/v3\\\/becas-progresar-nacion-oficializo-el-aumento-para-el-2023\\\/#breadcrumb\",\"itemListElement\":[{\"@type\":\"ListItem\",\"position\":1,\"name\":\"Portada\",\"item\":\"https:\\\/\\\/cvinoticias.com\\\/v3\\\/\"},{\"@type\":\"ListItem\",\"position\":2,\"name\":\"Becas Progresar: Naci\u00f3n oficializ\u00f3 el aumento para el 2023\"}]},{\"@type\":\"WebSite\",\"@id\":\"https:\\\/\\\/cvinoticias.com\\\/v3\\\/#website\",\"url\":\"https:\\\/\\\/cvinoticias.com\\\/v3\\\/\",\"name\":\"CVI NOTICIAS\",\"description\":\"\",\"publisher\":{\"@id\":\"https:\\\/\\\/cvinoticias.com\\\/v3\\\/#organization\"},\"alternateName\":\"CVI\",\"potentialAction\":[{\"@type\":\"SearchAction\",\"target\":{\"@type\":\"EntryPoint\",\"urlTemplate\":\"https:\\\/\\\/cvinoticias.com\\\/v3\\\/?s={search_term_string}\"},\"query-input\":{\"@type\":\"PropertyValueSpecification\",\"valueRequired\":true,\"valueName\":\"search_term_string\"}}],\"inLanguage\":\"es\"},{\"@type\":\"Organization\",\"@id\":\"https:\\\/\\\/cvinoticias.com\\\/v3\\\/#organization\",\"name\":\"CVI NOTICIAS\",\"url\":\"https:\\\/\\\/cvinoticias.com\\\/v3\\\/\",\"logo\":{\"@type\":\"ImageObject\",\"inLanguage\":\"es\",\"@id\":\"https:\\\/\\\/cvinoticias.com\\\/v3\\\/#\\\/schema\\\/logo\\\/image\\\/\",\"url\":\"https:\\\/\\\/cvinoticias.com\\\/wp-content\\\/uploads\\\/2023\\\/04\\\/cropped-cropped-cropped-cropped-cropped-3-1.png\",\"contentUrl\":\"https:\\\/\\\/cvinoticias.com\\\/wp-content\\\/uploads\\\/2023\\\/04\\\/cropped-cropped-cropped-cropped-cropped-3-1.png\",\"width\":95,\"height\":122,\"caption\":\"CVI NOTICIAS\"},\"image\":{\"@id\":\"https:\\\/\\\/cvinoticias.com\\\/v3\\\/#\\\/schema\\\/logo\\\/image\\\/\"},\"sameAs\":[\"https:\\\/\\\/www.facebook.com\\\/cvinoticias\",\"https:\\\/\\\/www.instagram.com\\\/cvinoticias\\\/\",\"https:\\\/\\\/www.youtube.com\\\/@CVINOTICIAS\"]},{\"@type\":\"Person\",\"@id\":\"https:\\\/\\\/cvinoticias.com\\\/v3\\\/#\\\/schema\\\/person\\\/2db77e3c6bc03c538495d7b2b8be9b66\",\"name\":\"f1000024\",\"image\":{\"@type\":\"ImageObject\",\"inLanguage\":\"es\",\"@id\":\"https:\\\/\\\/secure.gravatar.com\\\/avatar\\\/d4fe7459cfc51ff5129ce1a732bbef5928568b8092d412ef95611616376bbeed?s=96&d=mm&r=g\",\"url\":\"https:\\\/\\\/secure.gravatar.com\\\/avatar\\\/d4fe7459cfc51ff5129ce1a732bbef5928568b8092d412ef95611616376bbeed?s=96&d=mm&r=g\",\"contentUrl\":\"https:\\\/\\\/secure.gravatar.com\\\/avatar\\\/d4fe7459cfc51ff5129ce1a732bbef5928568b8092d412ef95611616376bbeed?s=96&d=mm&r=g\",\"caption\":\"f1000024\"},\"url\":\"https:\\\/\\\/cvinoticias.com\\\/v3\\\/author\\\/f1000024\\\/\"}]}<\/script>\n<!-- \/ Yoast SEO plugin. -->","yoast_head_json":{"title":"Becas Progresar: Naci\u00f3n oficializ\u00f3 el aumento para el 2023 | CVI NOTICIAS","robots":{"index":"index","follow":"follow","max-snippet":"max-snippet:-1","max-image-preview":"max-image-preview:large","max-video-preview":"max-video-preview:-1"},"canonical":"https:\/\/cvinoticias.com\/v3\/becas-progresar-nacion-oficializo-el-aumento-para-el-2023\/","og_locale":"es_ES","og_type":"article","og_title":"Becas Progresar: Naci\u00f3n oficializ\u00f3 el aumento para el 2023 | CVI NOTICIAS","og_description":"Actualmente el plan alcanza a casi 1,7 millones de alumnos secundarios y universitarios de todo el pa\u00eds En medio de la elevada inflaci\u00f3n, el Gobierno oficializ\u00f3 el aumento de las becas del plan Progresar, las cuales ahora ascender\u00e1n a $9.000. La decisi\u00f3n fue comunicada a trav\u00e9s de la resoluci\u00f3n 29\/2023 en el Bolet\u00edn Oficial y [&hellip;]","og_url":"https:\/\/cvinoticias.com\/v3\/becas-progresar-nacion-oficializo-el-aumento-para-el-2023\/","og_site_name":"CVI NOTICIAS","article_publisher":"https:\/\/www.facebook.com\/cvinoticias","article_published_time":"2023-01-09T12:37:59+00:00","og_image":[{"width":700,"height":393,"url":"https:\/\/cvinoticias.com\/wp-content\/uploads\/2023\/01\/561100.jpg_nota.jpg","type":"image\/jpeg"}],"author":"f1000024","twitter_card":"summary_large_image","twitter_misc":{"Escrito por":"f1000024","Tiempo de lectura":"3 minutos"},"schema":{"@context":"https:\/\/schema.org","@graph":[{"@type":"Article","@id":"https:\/\/cvinoticias.com\/v3\/becas-progresar-nacion-oficializo-el-aumento-para-el-2023\/#article","isPartOf":{"@id":"https:\/\/cvinoticias.com\/v3\/becas-progresar-nacion-oficializo-el-aumento-para-el-2023\/"},"author":{"name":"f1000024","@id":"https:\/\/cvinoticias.com\/v3\/#\/schema\/person\/2db77e3c6bc03c538495d7b2b8be9b66"},"headline":"Becas Progresar: Naci\u00f3n oficializ\u00f3 el aumento para el 2023","datePublished":"2023-01-09T12:37:59+00:00","mainEntityOfPage":{"@id":"https:\/\/cvinoticias.com\/v3\/becas-progresar-nacion-oficializo-el-aumento-para-el-2023\/"},"wordCount":632,"commentCount":0,"publisher":{"@id":"https:\/\/cvinoticias.com\/v3\/#organization"},"image":{"@id":"https:\/\/cvinoticias.com\/v3\/becas-progresar-nacion-oficializo-el-aumento-para-el-2023\/#primaryimage"},"thumbnailUrl":"https:\/\/cvinoticias.com\/wp-content\/uploads\/2023\/01\/561100.jpg_nota.jpg","articleSection":["Nacionales"],"inLanguage":"es","potentialAction":[{"@type":"CommentAction","name":"Comment","target":["https:\/\/cvinoticias.com\/v3\/becas-progresar-nacion-oficializo-el-aumento-para-el-2023\/#respond"]}]},{"@type":"WebPage","@id":"https:\/\/cvinoticias.com\/v3\/becas-progresar-nacion-oficializo-el-aumento-para-el-2023\/","url":"https:\/\/cvinoticias.com\/v3\/becas-progresar-nacion-oficializo-el-aumento-para-el-2023\/","name":"Becas Progresar: Naci\u00f3n oficializ\u00f3 el aumento para el 2023 | CVI NOTICIAS","isPartOf":{"@id":"https:\/\/cvinoticias.com\/v3\/#website"},"primaryImageOfPage":{"@id":"https:\/\/cvinoticias.com\/v3\/becas-progresar-nacion-oficializo-el-aumento-para-el-2023\/#primaryimage"},"image":{"@id":"https:\/\/cvinoticias.com\/v3\/becas-progresar-nacion-oficializo-el-aumento-para-el-2023\/#primaryimage"},"thumbnailUrl":"https:\/\/cvinoticias.com\/wp-content\/uploads\/2023\/01\/561100.jpg_nota.jpg","datePublished":"2023-01-09T12:37:59+00:00","breadcrumb":{"@id":"https:\/\/cvinoticias.com\/v3\/becas-progresar-nacion-oficializo-el-aumento-para-el-2023\/#breadcrumb"},"inLanguage":"es","potentialAction":[{"@type":"ReadAction","target":["https:\/\/cvinoticias.com\/v3\/becas-progresar-nacion-oficializo-el-aumento-para-el-2023\/"]}]},{"@type":"ImageObject","inLanguage":"es","@id":"https:\/\/cvinoticias.com\/v3\/becas-progresar-nacion-oficializo-el-aumento-para-el-2023\/#primaryimage","url":"https:\/\/cvinoticias.com\/wp-content\/uploads\/2023\/01\/561100.jpg_nota.jpg","contentUrl":"https:\/\/cvinoticias.com\/wp-content\/uploads\/2023\/01\/561100.jpg_nota.jpg","width":700,"height":393},{"@type":"BreadcrumbList","@id":"https:\/\/cvinoticias.com\/v3\/becas-progresar-nacion-oficializo-el-aumento-para-el-2023\/#breadcrumb","itemListElement":[{"@type":"ListItem","position":1,"name":"Portada","item":"https:\/\/cvinoticias.com\/v3\/"},{"@type":"ListItem","position":2,"name":"Becas Progresar: Naci\u00f3n oficializ\u00f3 el aumento para el 2023"}]},{"@type":"WebSite","@id":"https:\/\/cvinoticias.com\/v3\/#website","url":"https:\/\/cvinoticias.com\/v3\/","name":"CVI NOTICIAS","description":"","publisher":{"@id":"https:\/\/cvinoticias.com\/v3\/#organization"},"alternateName":"CVI","potentialAction":[{"@type":"SearchAction","target":{"@type":"EntryPoint","urlTemplate":"https:\/\/cvinoticias.com\/v3\/?s={search_term_string}"},"query-input":{"@type":"PropertyValueSpecification","valueRequired":true,"valueName":"search_term_string"}}],"inLanguage":"es"},{"@type":"Organization","@id":"https:\/\/cvinoticias.com\/v3\/#organization","name":"CVI NOTICIAS","url":"https:\/\/cvinoticias.com\/v3\/","logo":{"@type":"ImageObject","inLanguage":"es","@id":"https:\/\/cvinoticias.com\/v3\/#\/schema\/logo\/image\/","url":"https:\/\/cvinoticias.com\/wp-content\/uploads\/2023\/04\/cropped-cropped-cropped-cropped-cropped-3-1.png","contentUrl":"https:\/\/cvinoticias.com\/wp-content\/uploads\/2023\/04\/cropped-cropped-cropped-cropped-cropped-3-1.png","width":95,"height":122,"caption":"CVI NOTICIAS"},"image":{"@id":"https:\/\/cvinoticias.com\/v3\/#\/schema\/logo\/image\/"},"sameAs":["https:\/\/www.facebook.com\/cvinoticias","https:\/\/www.instagram.com\/cvinoticias\/","https:\/\/www.youtube.com\/@CVINOTICIAS"]},{"@type":"Person","@id":"https:\/\/cvinoticias.com\/v3\/#\/schema\/person\/2db77e3c6bc03c538495d7b2b8be9b66","name":"f1000024","image":{"@type":"ImageObject","inLanguage":"es","@id":"https:\/\/secure.gravatar.com\/avatar\/d4fe7459cfc51ff5129ce1a732bbef5928568b8092d412ef95611616376bbeed?s=96&d=mm&r=g","url":"https:\/\/secure.gravatar.com\/avatar\/d4fe7459cfc51ff5129ce1a732bbef5928568b8092d412ef95611616376bbeed?s=96&d=mm&r=g","contentUrl":"https:\/\/secure.gravatar.com\/avatar\/d4fe7459cfc51ff5129ce1a732bbef5928568b8092d412ef95611616376bbeed?s=96&d=mm&r=g","caption":"f1000024"},"url":"https:\/\/cvinoticias.com\/v3\/author\/f1000024\/"}]}},"_links":{"self":[{"href":"https:\/\/cvinoticias.com\/v3\/wp-json\/wp\/v2\/posts\/21690","targetHints":{"allow":["GET"]}}],"collection":[{"href":"https:\/\/cvinoticias.com\/v3\/wp-json\/wp\/v2\/posts"}],"about":[{"href":"https:\/\/cvinoticias.com\/v3\/wp-json\/wp\/v2\/types\/post"}],"author":[{"embeddable":true,"href":"https:\/\/cvinoticias.com\/v3\/wp-json\/wp\/v2\/users\/2"}],"replies":[{"embeddable":true,"href":"https:\/\/cvinoticias.com\/v3\/wp-json\/wp\/v2\/comments?post=21690"}],"version-history":[{"count":1,"href":"https:\/\/cvinoticias.com\/v3\/wp-json\/wp\/v2\/posts\/21690\/revisions"}],"predecessor-version":[{"id":21692,"href":"https:\/\/cvinoticias.com\/v3\/wp-json\/wp\/v2\/posts\/21690\/revisions\/21692"}],"wp:featuredmedia":[{"embeddable":true,"href":"https:\/\/cvinoticias.com\/v3\/wp-json\/wp\/v2\/media\/21691"}],"wp:attachment":[{"href":"https:\/\/cvinoticias.com\/v3\/wp-json\/wp\/v2\/media?parent=21690"}],"wp:term":[{"taxonomy":"category","embeddable":true,"href":"https:\/\/cvinoticias.com\/v3\/wp-json\/wp\/v2\/categories?post=21690"},{"taxonomy":"post_tag","embeddable":true,"href":"https:\/\/cvinoticias.com\/v3\/wp-json\/wp\/v2\/tags?post=21690"}],"curies":[{"name":"wp","href":"https:\/\/api.w.org\/{rel}","templated":true}]}}