{"id":21684,"date":"2023-01-09T03:09:17","date_gmt":"2023-01-09T03:09:17","guid":{"rendered":"https:\/\/cvinoticias.com\/v3\/?p=21684"},"modified":"2023-01-09T03:09:17","modified_gmt":"2023-01-09T03:09:17","slug":"la-union-europea-condena-el-asalto-en-brasil-y-pide-responsabilidad-a-bolsonaro","status":"publish","type":"post","link":"https:\/\/cvinoticias.com\/v3\/la-union-europea-condena-el-asalto-en-brasil-y-pide-responsabilidad-a-bolsonaro\/","title":{"rendered":"La Uni\u00f3n Europea condena el asalto en Brasil y pide responsabilidad a Bolsonaro"},"content":{"rendered":"\n<p><strong><em>\u201cLa democracia brasile\u00f1a prevalecer\u00e1 sobre la violencia y el extremismo\u201d, se\u00f1ala Borrell en un comunicado en el que Bruselas emplaza al expresidente brasile\u00f1o a que pida a sus seguidores que se vayan a casa<\/em><\/strong><\/p>\n\n\n\n<p>Condena sin paliativos de la UE al asalto a organismos democr\u00e1ticos en Brasil. Todas las instituciones europeas, as\u00ed como la mayor\u00eda de socios, han censurado el asalto al Congreso, el Tribunal Supremo y la sede del Ejecutivo en ese pa\u00eds. El alto representante de la UE, Josep Borrell, ha se\u00f1alado, adem\u00e1s, directamente al expresidente Jair Bolsonaro al emplazarle a que inste a sus seguidores a \u201cirse a casa\u201d.<\/p>\n\n\n\n<p>\u201cLa UE condena en los m\u00e1s en\u00e9rgicos t\u00e9rminos los antidemocr\u00e1ticos actos de violencia que tuvieron lugar el domingo 8 de enero\u201d, comienza el comunicado del jefe de la diplomacia europea sobre la invasi\u00f3n de los seguidores de Bolsonaro al Congreso y otras instituciones con motivo de la manifestaci\u00f3n que ped\u00eda una intervenci\u00f3n militar para acabar con la presidencia de Lula da Silva.<\/p>\n\n\n\n<p>\u201cLa democracia brasile\u00f1a prevalecer\u00e1 sobre la violencia y el extremismo\u201d, expresa el texto publicado pasadas las 22 horas en el que el alto representante reitera el \u201ccompleto\u201d apoyo de la UE a Lula y el sistema democr\u00e1tico de Brasil. Adem\u00e1s, hace una alusi\u00f3n a los \u201cl\u00edderes pol\u00edticos brasile\u00f1os y, especialmente, al expresidente Bolsonaro\u201d para que act\u00faen \u201cresponsablemente e insten a sus seguidores a irse a casa\u201d.<\/p>\n\n\n\n<p>\u201cEl lugar para resolver las diferencias pol\u00edticas es dentro de las instituciones democr\u00e1ticas brasile\u00f1as y no a trav\u00e9s de la violencia en las calles\u201d, agrega el comunicado. Lula venci\u00f3 en las elecciones del pasado 30 de octubre. En su toma de posesi\u00f3n el 1 de enero, Bolsonaro no estuvo presente, pese a que el protocolo dicta que el dirigente saliente entrega la banda presidencial al nuevo.<\/p>\n\n\n\n<p>El propio Lula ha acusado a su predecesor de la situaci\u00f3n en una declaraci\u00f3n en la que ha anunciado la toma del control de Brasilia ante el ataque. \u201cAprovecharon el silencio dominical, cuando a\u00fan est\u00e1bamos constituyendo el Gobierno, para hacer lo que hicieron. Hay varios discursos del expresidente animando a ello y esto tambi\u00e9n es responsabilidad suya y de los partidos que le apoyaron\u201d, ha denunciado antes de advertir: \u201cEsa gente que llamamos fascistas invadi\u00f3 el Congreso Nacional, la Corte Suprema y el Palacio del Planalto. Todas las personas que hicieron esto ser\u00e1n encontradas y castigadas\u201d.<\/p>\n\n\n\n<p>Adem\u00e1s de Borrell, tambi\u00e9n se han pronunciado altos mandatarios europeos como el presidente del Consejo, Charles Michel, o la presidenta de la Euroc\u00e1mara, Roberta Metzola, que ha publicado un mensaje de Twitter en brasile\u00f1o para defender que la \u201cdemocracia debe ser siempre respetada\u201d: \u201cEl Parlamento Europeo est\u00e1 al lado del Gobierno de Lula da Silva y de todas las instituciones leg\u00edtima y democr\u00e1ticamente elegidas\u201d.<\/p>\n\n\n\n<p>Otros pa\u00edses aliados tambi\u00e9n han condenado el asalto, entre ellos Estados Unidos, que sufri\u00f3 un ataque muy similar hace justo dos a\u00f1os, coincidiendo con la llegada a la Casa Blanca de Joe Biden tras derrotar en las urnas a Donald Trump. \u201cUsar la violencia para atacar las instituciones democr\u00e1ticas es siempre inaceptable\u201d, ha afirmado el secretario de Estado Antony Blinken, que ha mostrado su solidaridad con Lula en la reclamaci\u00f3n de un cese \u201cinmediato de esas acciones\u201d.<\/p>\n\n\n\n<p>En Espa\u00f1a, tambi\u00e9n Pedro S\u00e1nchez ha reaccionado a trav\u00e9s de Twitter en un mensaje en el que ha mostrado su apoyo al presidente y las instituciones democr\u00e1ticas brasile\u00f1as, adem\u00e1s de hacer un \u201cllamamiento al retorno de la normalidad democr\u00e1tica\u201d. Lo mismo ha hecho en su calidad de presidente de la Internacional Socialista en un comunicado en el que, adem\u00e1s de trasladar el apoyo a Lula y el \u201cgobierno democr\u00e1tico elegido en las urnas\u201d, condena la actuaci\u00f3n de \u201cgrupos que se oponen a los resultados leg\u00edtimos\u201d.<\/p>\n\n\n\n<p>El Gobierno de Espa\u00f1a, a trav\u00e9s de un comunicado del Ministerio de Exteriores, ha mostrado su respaldo a Lula, \u201celegido democr\u00e1ticamente por el pueblo brasile\u00f1o y proclamado leg\u00edtimo presidente del pa\u00eds por las instancias electorales competentes\u201d. \u201cDeseamos expresar nuestro rechazo a cualquier iniciativa o actitud que ponga en cuesti\u00f3n el proceso democr\u00e1tico brasile\u00f1o por parte de sectores que no quieren aceptar los resultados emanados de la voluntad del pueblo de Brasil\u201d, se\u00f1ala la nota del departamento dirigido por Jos\u00e9 Manuel Albares.<\/p>\n","protected":false},"excerpt":{"rendered":"<p>\u201cLa democracia brasile\u00f1a prevalecer\u00e1 sobre la violencia y el extremismo\u201d, se\u00f1ala Borrell en un comunicado en el que Bruselas emplaza al expresidente brasile\u00f1o a que pida a sus seguidores que se vayan a casa Condena sin paliativos de la UE al asalto a organismos democr\u00e1ticos en Brasil. Todas las instituciones europeas, as\u00ed como la mayor\u00eda [&hellip;]<\/p>\n","protected":false},"author":2,"featured_media":21685,"comment_status":"open","ping_status":"open","sticky":false,"template":"","format":"standard","meta":{"footnotes":""},"categories":[36],"tags":[],"class_list":["post-21684","post","type-post","status-publish","format-standard","has-post-thumbnail","hentry","category-internacionales"],"yoast_head":"<!-- This site is optimized with the Yoast SEO plugin v27.5 - https:\/\/yoast.com\/product\/yoast-seo-wordpress\/ -->\n<title>La Uni\u00f3n Europea condena el asalto en Brasil y pide responsabilidad a Bolsonaro | CVI NOTICIAS<\/title>\n<meta name=\"robots\" content=\"index, follow, max-snippet:-1, max-image-preview:large, max-video-preview:-1\" \/>\n<link rel=\"canonical\" href=\"https:\/\/cvinoticias.com\/v3\/la-union-europea-condena-el-asalto-en-brasil-y-pide-responsabilidad-a-bolsonaro\/\" \/>\n<meta property=\"og:locale\" content=\"es_ES\" \/>\n<meta property=\"og:type\" content=\"article\" \/>\n<meta property=\"og:title\" content=\"La Uni\u00f3n Europea condena el asalto en Brasil y pide responsabilidad a Bolsonaro | CVI NOTICIAS\" \/>\n<meta property=\"og:description\" content=\"\u201cLa democracia brasile\u00f1a prevalecer\u00e1 sobre la violencia y el extremismo\u201d, se\u00f1ala Borrell en un comunicado en el que Bruselas emplaza al expresidente brasile\u00f1o a que pida a sus seguidores que se vayan a casa Condena sin paliativos de la UE al asalto a organismos democr\u00e1ticos en Brasil. Todas las instituciones europeas, as\u00ed como la mayor\u00eda [&hellip;]\" \/>\n<meta property=\"og:url\" content=\"https:\/\/cvinoticias.com\/v3\/la-union-europea-condena-el-asalto-en-brasil-y-pide-responsabilidad-a-bolsonaro\/\" \/>\n<meta property=\"og:site_name\" content=\"CVI NOTICIAS\" \/>\n<meta property=\"article:publisher\" content=\"https:\/\/www.facebook.com\/cvinoticias\" \/>\n<meta property=\"article:published_time\" content=\"2023-01-09T03:09:17+00:00\" \/>\n<meta property=\"og:image\" content=\"https:\/\/cvinoticias.com\/wp-content\/uploads\/2023\/01\/0000125817.jpg\" \/>\n\t<meta property=\"og:image:width\" content=\"1366\" \/>\n\t<meta property=\"og:image:height\" content=\"768\" \/>\n\t<meta property=\"og:image:type\" content=\"image\/jpeg\" \/>\n<meta name=\"author\" content=\"f1000024\" \/>\n<meta name=\"twitter:card\" content=\"summary_large_image\" \/>\n<meta name=\"twitter:label1\" content=\"Escrito por\" \/>\n\t<meta name=\"twitter:data1\" content=\"f1000024\" \/>\n\t<meta name=\"twitter:label2\" content=\"Tiempo de lectura\" \/>\n\t<meta name=\"twitter:data2\" content=\"4 minutos\" \/>\n<script type=\"application\/ld+json\" class=\"yoast-schema-graph\">{\"@context\":\"https:\\\/\\\/schema.org\",\"@graph\":[{\"@type\":\"Article\",\"@id\":\"https:\\\/\\\/cvinoticias.com\\\/v3\\\/la-union-europea-condena-el-asalto-en-brasil-y-pide-responsabilidad-a-bolsonaro\\\/#article\",\"isPartOf\":{\"@id\":\"https:\\\/\\\/cvinoticias.com\\\/v3\\\/la-union-europea-condena-el-asalto-en-brasil-y-pide-responsabilidad-a-bolsonaro\\\/\"},\"author\":{\"name\":\"f1000024\",\"@id\":\"https:\\\/\\\/cvinoticias.com\\\/v3\\\/#\\\/schema\\\/person\\\/2db77e3c6bc03c538495d7b2b8be9b66\"},\"headline\":\"La Uni\u00f3n Europea condena el asalto en Brasil y pide responsabilidad a Bolsonaro\",\"datePublished\":\"2023-01-09T03:09:17+00:00\",\"mainEntityOfPage\":{\"@id\":\"https:\\\/\\\/cvinoticias.com\\\/v3\\\/la-union-europea-condena-el-asalto-en-brasil-y-pide-responsabilidad-a-bolsonaro\\\/\"},\"wordCount\":777,\"commentCount\":0,\"publisher\":{\"@id\":\"https:\\\/\\\/cvinoticias.com\\\/v3\\\/#organization\"},\"image\":{\"@id\":\"https:\\\/\\\/cvinoticias.com\\\/v3\\\/la-union-europea-condena-el-asalto-en-brasil-y-pide-responsabilidad-a-bolsonaro\\\/#primaryimage\"},\"thumbnailUrl\":\"https:\\\/\\\/cvinoticias.com\\\/wp-content\\\/uploads\\\/2023\\\/01\\\/0000125817.jpg\",\"articleSection\":[\"Internacionales\"],\"inLanguage\":\"es\",\"potentialAction\":[{\"@type\":\"CommentAction\",\"name\":\"Comment\",\"target\":[\"https:\\\/\\\/cvinoticias.com\\\/v3\\\/la-union-europea-condena-el-asalto-en-brasil-y-pide-responsabilidad-a-bolsonaro\\\/#respond\"]}]},{\"@type\":\"WebPage\",\"@id\":\"https:\\\/\\\/cvinoticias.com\\\/v3\\\/la-union-europea-condena-el-asalto-en-brasil-y-pide-responsabilidad-a-bolsonaro\\\/\",\"url\":\"https:\\\/\\\/cvinoticias.com\\\/v3\\\/la-union-europea-condena-el-asalto-en-brasil-y-pide-responsabilidad-a-bolsonaro\\\/\",\"name\":\"La Uni\u00f3n Europea condena el asalto en Brasil y pide responsabilidad a Bolsonaro | CVI NOTICIAS\",\"isPartOf\":{\"@id\":\"https:\\\/\\\/cvinoticias.com\\\/v3\\\/#website\"},\"primaryImageOfPage\":{\"@id\":\"https:\\\/\\\/cvinoticias.com\\\/v3\\\/la-union-europea-condena-el-asalto-en-brasil-y-pide-responsabilidad-a-bolsonaro\\\/#primaryimage\"},\"image\":{\"@id\":\"https:\\\/\\\/cvinoticias.com\\\/v3\\\/la-union-europea-condena-el-asalto-en-brasil-y-pide-responsabilidad-a-bolsonaro\\\/#primaryimage\"},\"thumbnailUrl\":\"https:\\\/\\\/cvinoticias.com\\\/wp-content\\\/uploads\\\/2023\\\/01\\\/0000125817.jpg\",\"datePublished\":\"2023-01-09T03:09:17+00:00\",\"breadcrumb\":{\"@id\":\"https:\\\/\\\/cvinoticias.com\\\/v3\\\/la-union-europea-condena-el-asalto-en-brasil-y-pide-responsabilidad-a-bolsonaro\\\/#breadcrumb\"},\"inLanguage\":\"es\",\"potentialAction\":[{\"@type\":\"ReadAction\",\"target\":[\"https:\\\/\\\/cvinoticias.com\\\/v3\\\/la-union-europea-condena-el-asalto-en-brasil-y-pide-responsabilidad-a-bolsonaro\\\/\"]}]},{\"@type\":\"ImageObject\",\"inLanguage\":\"es\",\"@id\":\"https:\\\/\\\/cvinoticias.com\\\/v3\\\/la-union-europea-condena-el-asalto-en-brasil-y-pide-responsabilidad-a-bolsonaro\\\/#primaryimage\",\"url\":\"https:\\\/\\\/cvinoticias.com\\\/wp-content\\\/uploads\\\/2023\\\/01\\\/0000125817.jpg\",\"contentUrl\":\"https:\\\/\\\/cvinoticias.com\\\/wp-content\\\/uploads\\\/2023\\\/01\\\/0000125817.jpg\",\"width\":1366,\"height\":768},{\"@type\":\"BreadcrumbList\",\"@id\":\"https:\\\/\\\/cvinoticias.com\\\/v3\\\/la-union-europea-condena-el-asalto-en-brasil-y-pide-responsabilidad-a-bolsonaro\\\/#breadcrumb\",\"itemListElement\":[{\"@type\":\"ListItem\",\"position\":1,\"name\":\"Portada\",\"item\":\"https:\\\/\\\/cvinoticias.com\\\/v3\\\/\"},{\"@type\":\"ListItem\",\"position\":2,\"name\":\"La Uni\u00f3n Europea condena el asalto en Brasil y pide responsabilidad a Bolsonaro\"}]},{\"@type\":\"WebSite\",\"@id\":\"https:\\\/\\\/cvinoticias.com\\\/v3\\\/#website\",\"url\":\"https:\\\/\\\/cvinoticias.com\\\/v3\\\/\",\"name\":\"CVI NOTICIAS\",\"description\":\"\",\"publisher\":{\"@id\":\"https:\\\/\\\/cvinoticias.com\\\/v3\\\/#organization\"},\"alternateName\":\"CVI\",\"potentialAction\":[{\"@type\":\"SearchAction\",\"target\":{\"@type\":\"EntryPoint\",\"urlTemplate\":\"https:\\\/\\\/cvinoticias.com\\\/v3\\\/?s={search_term_string}\"},\"query-input\":{\"@type\":\"PropertyValueSpecification\",\"valueRequired\":true,\"valueName\":\"search_term_string\"}}],\"inLanguage\":\"es\"},{\"@type\":\"Organization\",\"@id\":\"https:\\\/\\\/cvinoticias.com\\\/v3\\\/#organization\",\"name\":\"CVI NOTICIAS\",\"url\":\"https:\\\/\\\/cvinoticias.com\\\/v3\\\/\",\"logo\":{\"@type\":\"ImageObject\",\"inLanguage\":\"es\",\"@id\":\"https:\\\/\\\/cvinoticias.com\\\/v3\\\/#\\\/schema\\\/logo\\\/image\\\/\",\"url\":\"https:\\\/\\\/cvinoticias.com\\\/wp-content\\\/uploads\\\/2023\\\/04\\\/cropped-cropped-cropped-cropped-cropped-3-1.png\",\"contentUrl\":\"https:\\\/\\\/cvinoticias.com\\\/wp-content\\\/uploads\\\/2023\\\/04\\\/cropped-cropped-cropped-cropped-cropped-3-1.png\",\"width\":95,\"height\":122,\"caption\":\"CVI NOTICIAS\"},\"image\":{\"@id\":\"https:\\\/\\\/cvinoticias.com\\\/v3\\\/#\\\/schema\\\/logo\\\/image\\\/\"},\"sameAs\":[\"https:\\\/\\\/www.facebook.com\\\/cvinoticias\",\"https:\\\/\\\/www.instagram.com\\\/cvinoticias\\\/\",\"https:\\\/\\\/www.youtube.com\\\/@CVINOTICIAS\"]},{\"@type\":\"Person\",\"@id\":\"https:\\\/\\\/cvinoticias.com\\\/v3\\\/#\\\/schema\\\/person\\\/2db77e3c6bc03c538495d7b2b8be9b66\",\"name\":\"f1000024\",\"image\":{\"@type\":\"ImageObject\",\"inLanguage\":\"es\",\"@id\":\"https:\\\/\\\/secure.gravatar.com\\\/avatar\\\/d4fe7459cfc51ff5129ce1a732bbef5928568b8092d412ef95611616376bbeed?s=96&d=mm&r=g\",\"url\":\"https:\\\/\\\/secure.gravatar.com\\\/avatar\\\/d4fe7459cfc51ff5129ce1a732bbef5928568b8092d412ef95611616376bbeed?s=96&d=mm&r=g\",\"contentUrl\":\"https:\\\/\\\/secure.gravatar.com\\\/avatar\\\/d4fe7459cfc51ff5129ce1a732bbef5928568b8092d412ef95611616376bbeed?s=96&d=mm&r=g\",\"caption\":\"f1000024\"},\"url\":\"https:\\\/\\\/cvinoticias.com\\\/v3\\\/author\\\/f1000024\\\/\"}]}<\/script>\n<!-- \/ Yoast SEO plugin. -->","yoast_head_json":{"title":"La Uni\u00f3n Europea condena el asalto en Brasil y pide responsabilidad a Bolsonaro | CVI NOTICIAS","robots":{"index":"index","follow":"follow","max-snippet":"max-snippet:-1","max-image-preview":"max-image-preview:large","max-video-preview":"max-video-preview:-1"},"canonical":"https:\/\/cvinoticias.com\/v3\/la-union-europea-condena-el-asalto-en-brasil-y-pide-responsabilidad-a-bolsonaro\/","og_locale":"es_ES","og_type":"article","og_title":"La Uni\u00f3n Europea condena el asalto en Brasil y pide responsabilidad a Bolsonaro | CVI NOTICIAS","og_description":"\u201cLa democracia brasile\u00f1a prevalecer\u00e1 sobre la violencia y el extremismo\u201d, se\u00f1ala Borrell en un comunicado en el que Bruselas emplaza al expresidente brasile\u00f1o a que pida a sus seguidores que se vayan a casa Condena sin paliativos de la UE al asalto a organismos democr\u00e1ticos en Brasil. Todas las instituciones europeas, as\u00ed como la mayor\u00eda [&hellip;]","og_url":"https:\/\/cvinoticias.com\/v3\/la-union-europea-condena-el-asalto-en-brasil-y-pide-responsabilidad-a-bolsonaro\/","og_site_name":"CVI NOTICIAS","article_publisher":"https:\/\/www.facebook.com\/cvinoticias","article_published_time":"2023-01-09T03:09:17+00:00","og_image":[{"width":1366,"height":768,"url":"https:\/\/cvinoticias.com\/wp-content\/uploads\/2023\/01\/0000125817.jpg","type":"image\/jpeg"}],"author":"f1000024","twitter_card":"summary_large_image","twitter_misc":{"Escrito por":"f1000024","Tiempo de lectura":"4 minutos"},"schema":{"@context":"https:\/\/schema.org","@graph":[{"@type":"Article","@id":"https:\/\/cvinoticias.com\/v3\/la-union-europea-condena-el-asalto-en-brasil-y-pide-responsabilidad-a-bolsonaro\/#article","isPartOf":{"@id":"https:\/\/cvinoticias.com\/v3\/la-union-europea-condena-el-asalto-en-brasil-y-pide-responsabilidad-a-bolsonaro\/"},"author":{"name":"f1000024","@id":"https:\/\/cvinoticias.com\/v3\/#\/schema\/person\/2db77e3c6bc03c538495d7b2b8be9b66"},"headline":"La Uni\u00f3n Europea condena el asalto en Brasil y pide responsabilidad a Bolsonaro","datePublished":"2023-01-09T03:09:17+00:00","mainEntityOfPage":{"@id":"https:\/\/cvinoticias.com\/v3\/la-union-europea-condena-el-asalto-en-brasil-y-pide-responsabilidad-a-bolsonaro\/"},"wordCount":777,"commentCount":0,"publisher":{"@id":"https:\/\/cvinoticias.com\/v3\/#organization"},"image":{"@id":"https:\/\/cvinoticias.com\/v3\/la-union-europea-condena-el-asalto-en-brasil-y-pide-responsabilidad-a-bolsonaro\/#primaryimage"},"thumbnailUrl":"https:\/\/cvinoticias.com\/wp-content\/uploads\/2023\/01\/0000125817.jpg","articleSection":["Internacionales"],"inLanguage":"es","potentialAction":[{"@type":"CommentAction","name":"Comment","target":["https:\/\/cvinoticias.com\/v3\/la-union-europea-condena-el-asalto-en-brasil-y-pide-responsabilidad-a-bolsonaro\/#respond"]}]},{"@type":"WebPage","@id":"https:\/\/cvinoticias.com\/v3\/la-union-europea-condena-el-asalto-en-brasil-y-pide-responsabilidad-a-bolsonaro\/","url":"https:\/\/cvinoticias.com\/v3\/la-union-europea-condena-el-asalto-en-brasil-y-pide-responsabilidad-a-bolsonaro\/","name":"La Uni\u00f3n Europea condena el asalto en Brasil y pide responsabilidad a Bolsonaro | CVI NOTICIAS","isPartOf":{"@id":"https:\/\/cvinoticias.com\/v3\/#website"},"primaryImageOfPage":{"@id":"https:\/\/cvinoticias.com\/v3\/la-union-europea-condena-el-asalto-en-brasil-y-pide-responsabilidad-a-bolsonaro\/#primaryimage"},"image":{"@id":"https:\/\/cvinoticias.com\/v3\/la-union-europea-condena-el-asalto-en-brasil-y-pide-responsabilidad-a-bolsonaro\/#primaryimage"},"thumbnailUrl":"https:\/\/cvinoticias.com\/wp-content\/uploads\/2023\/01\/0000125817.jpg","datePublished":"2023-01-09T03:09:17+00:00","breadcrumb":{"@id":"https:\/\/cvinoticias.com\/v3\/la-union-europea-condena-el-asalto-en-brasil-y-pide-responsabilidad-a-bolsonaro\/#breadcrumb"},"inLanguage":"es","potentialAction":[{"@type":"ReadAction","target":["https:\/\/cvinoticias.com\/v3\/la-union-europea-condena-el-asalto-en-brasil-y-pide-responsabilidad-a-bolsonaro\/"]}]},{"@type":"ImageObject","inLanguage":"es","@id":"https:\/\/cvinoticias.com\/v3\/la-union-europea-condena-el-asalto-en-brasil-y-pide-responsabilidad-a-bolsonaro\/#primaryimage","url":"https:\/\/cvinoticias.com\/wp-content\/uploads\/2023\/01\/0000125817.jpg","contentUrl":"https:\/\/cvinoticias.com\/wp-content\/uploads\/2023\/01\/0000125817.jpg","width":1366,"height":768},{"@type":"BreadcrumbList","@id":"https:\/\/cvinoticias.com\/v3\/la-union-europea-condena-el-asalto-en-brasil-y-pide-responsabilidad-a-bolsonaro\/#breadcrumb","itemListElement":[{"@type":"ListItem","position":1,"name":"Portada","item":"https:\/\/cvinoticias.com\/v3\/"},{"@type":"ListItem","position":2,"name":"La Uni\u00f3n Europea condena el asalto en Brasil y pide responsabilidad a Bolsonaro"}]},{"@type":"WebSite","@id":"https:\/\/cvinoticias.com\/v3\/#website","url":"https:\/\/cvinoticias.com\/v3\/","name":"CVI NOTICIAS","description":"","publisher":{"@id":"https:\/\/cvinoticias.com\/v3\/#organization"},"alternateName":"CVI","potentialAction":[{"@type":"SearchAction","target":{"@type":"EntryPoint","urlTemplate":"https:\/\/cvinoticias.com\/v3\/?s={search_term_string}"},"query-input":{"@type":"PropertyValueSpecification","valueRequired":true,"valueName":"search_term_string"}}],"inLanguage":"es"},{"@type":"Organization","@id":"https:\/\/cvinoticias.com\/v3\/#organization","name":"CVI NOTICIAS","url":"https:\/\/cvinoticias.com\/v3\/","logo":{"@type":"ImageObject","inLanguage":"es","@id":"https:\/\/cvinoticias.com\/v3\/#\/schema\/logo\/image\/","url":"https:\/\/cvinoticias.com\/wp-content\/uploads\/2023\/04\/cropped-cropped-cropped-cropped-cropped-3-1.png","contentUrl":"https:\/\/cvinoticias.com\/wp-content\/uploads\/2023\/04\/cropped-cropped-cropped-cropped-cropped-3-1.png","width":95,"height":122,"caption":"CVI NOTICIAS"},"image":{"@id":"https:\/\/cvinoticias.com\/v3\/#\/schema\/logo\/image\/"},"sameAs":["https:\/\/www.facebook.com\/cvinoticias","https:\/\/www.instagram.com\/cvinoticias\/","https:\/\/www.youtube.com\/@CVINOTICIAS"]},{"@type":"Person","@id":"https:\/\/cvinoticias.com\/v3\/#\/schema\/person\/2db77e3c6bc03c538495d7b2b8be9b66","name":"f1000024","image":{"@type":"ImageObject","inLanguage":"es","@id":"https:\/\/secure.gravatar.com\/avatar\/d4fe7459cfc51ff5129ce1a732bbef5928568b8092d412ef95611616376bbeed?s=96&d=mm&r=g","url":"https:\/\/secure.gravatar.com\/avatar\/d4fe7459cfc51ff5129ce1a732bbef5928568b8092d412ef95611616376bbeed?s=96&d=mm&r=g","contentUrl":"https:\/\/secure.gravatar.com\/avatar\/d4fe7459cfc51ff5129ce1a732bbef5928568b8092d412ef95611616376bbeed?s=96&d=mm&r=g","caption":"f1000024"},"url":"https:\/\/cvinoticias.com\/v3\/author\/f1000024\/"}]}},"_links":{"self":[{"href":"https:\/\/cvinoticias.com\/v3\/wp-json\/wp\/v2\/posts\/21684","targetHints":{"allow":["GET"]}}],"collection":[{"href":"https:\/\/cvinoticias.com\/v3\/wp-json\/wp\/v2\/posts"}],"about":[{"href":"https:\/\/cvinoticias.com\/v3\/wp-json\/wp\/v2\/types\/post"}],"author":[{"embeddable":true,"href":"https:\/\/cvinoticias.com\/v3\/wp-json\/wp\/v2\/users\/2"}],"replies":[{"embeddable":true,"href":"https:\/\/cvinoticias.com\/v3\/wp-json\/wp\/v2\/comments?post=21684"}],"version-history":[{"count":1,"href":"https:\/\/cvinoticias.com\/v3\/wp-json\/wp\/v2\/posts\/21684\/revisions"}],"predecessor-version":[{"id":21686,"href":"https:\/\/cvinoticias.com\/v3\/wp-json\/wp\/v2\/posts\/21684\/revisions\/21686"}],"wp:featuredmedia":[{"embeddable":true,"href":"https:\/\/cvinoticias.com\/v3\/wp-json\/wp\/v2\/media\/21685"}],"wp:attachment":[{"href":"https:\/\/cvinoticias.com\/v3\/wp-json\/wp\/v2\/media?parent=21684"}],"wp:term":[{"taxonomy":"category","embeddable":true,"href":"https:\/\/cvinoticias.com\/v3\/wp-json\/wp\/v2\/categories?post=21684"},{"taxonomy":"post_tag","embeddable":true,"href":"https:\/\/cvinoticias.com\/v3\/wp-json\/wp\/v2\/tags?post=21684"}],"curies":[{"name":"wp","href":"https:\/\/api.w.org\/{rel}","templated":true}]}}