{"id":21668,"date":"2023-01-08T16:46:59","date_gmt":"2023-01-08T16:46:59","guid":{"rendered":"https:\/\/cvinoticias.com\/v3\/?p=21668"},"modified":"2023-01-08T16:46:59","modified_gmt":"2023-01-08T16:46:59","slug":"actuar-con-firmeza","status":"publish","type":"post","link":"https:\/\/cvinoticias.com\/v3\/actuar-con-firmeza\/","title":{"rendered":"Actuar con firmeza"},"content":{"rendered":"\n<p><strong><em>El Presidente de la Naci\u00f3n en su reciente paso por la provincia fue testigo presencial del car\u00e1cter pol\u00edtico que forma parte del ADN del Misionerismo.<\/em><\/strong><\/p>\n\n\n\n<p>Las expectativas de Alberto Fern\u00e1ndez estaban centradas en conseguir el apoyo de Misiones para la batalla librada por el Frente de Todos contra la Corte Suprema. No s\u00f3lo que no lo consigui\u00f3, sino que adem\u00e1s recibi\u00f3 fuertes reclamos del gobernador Herrera Ahuad.<\/p>\n\n\n\n<p>Cuando hablamos de asertividad, nos referimos a una habilidad social que nos permite expresar nuestros derechos, opiniones, ideas y necesidades de forma consciente, clara, honesta y sincera sin herir o perjudicar a los dem\u00e1s.<\/p>\n\n\n\n<p>Cuando la comunicaci\u00f3n es asertiva se act\u00faa desde un estado interior de autoconfianza y autoafirmaci\u00f3n en vez de hacerlo desde la exteriorizaci\u00f3n de emociones limitantes como puede ser la ansiedad, la culpa o la ira.<br>Una persona asertiva es consciente de lo que siente y desea en cada momento y se acepta incondicionalmente de forma independiente a la aceptaci\u00f3n de los dem\u00e1s. Son personas congruentes entre lo que piensan, hacen y dicen por lo que transmiten honestidad y confianza a los dem\u00e1s.<\/p>\n\n\n\n<p>La asertividad no es una conducta innata, forma parte de nuestro aprendizaje social, aprendemos a ser asertivos.<\/p>\n\n\n\n<p>La falta de asertividad tiene una consecuencia fundamental que queda patente en el plano social, toda vez que las personas no asertivas sienten que no es una fuente de satisfacci\u00f3n sino de conflicto personal y frustraci\u00f3n.<br>En la obra \u201cSobre la firmeza del sabio\u201d, el reconocido fil\u00f3sofo estoico romano S\u00e9neca daba cuenta que el sabio firme y sereno frente a la adversidad, era inmune a las desgracias. S\u00e9neca pone la virtud a la altura de lo perfecto, de lo divino.<\/p>\n\n\n\n<p>La virtud hace que el sabio no vea alterado su esp\u00edritu por ninguna cosa. La serenidad es el bien exclusivo y m\u00e1s preciado del sabio.<br>El sabio es impenetrable a las ofensas. Cuando al sabio lo ofenden y este tiene las facultades para castigarlos lo har\u00e1, pero no lo har\u00e1 en el sentido de venganza, sino que en el sentido de correcci\u00f3n. Mientras el sabio tenga a la virtud de su lado, ning\u00fan golpe, herida ni ofensa podr\u00e1 da\u00f1arlo de ninguna manera.<\/p>\n\n\n\n<ul class=\"wp-block-list\">\n<li>* *<br><strong>Presidente inc\u00f3modo<\/strong><\/li>\n<\/ul>\n\n\n\n<p>En la reuni\u00f3n de dirigentes del Frente Renovador llevada a cabo a mediados de diciembre del a\u00f1o pasado el Ing. Carlos Rovira fue contundente al manifestar: \u201cHemos acompa\u00f1ado antes y despu\u00e9s todos los procesos que val\u00edan la pena. Aun as\u00ed, nuestro cr\u00e9dito en lo pol\u00edtico es enorme, con todas las fracciones nacionales. Pero bueno, despu\u00e9s hay situaciones de seriedad y de corresponsabilidad en el ida y vuelta, la palabra empe\u00f1ada que, no podemos sino defender lo nuestro y nuestra gente\u201d. Y remarc\u00f3 que \u201cno hace falta enojarse ni emitir ep\u00edtetos irreproducibles como es t\u00edpico en la pol\u00edtica nacional. Se habla de cualquier cosa.<\/p>\n\n\n\n<p>Decimos con tranquilidad, mir\u00e1 no cumpliste, fallaste, listo chau. Nada m\u00e1s. En un buen tono, pero sin romper ese estado de cosas que ac\u00e1 en Misiones es distinto que en la Naci\u00f3n. En la Naci\u00f3n no nos pueden juntar tres o cuatro diputados nacionales a tratar algo que le interese a la gente, se pelean antes. Bueno, todo lo contrario es aqu\u00ed en la provincia\u201d.<\/p>\n\n\n\n<p>La semana pasada el Presidente de la Naci\u00f3n Alberto Fern\u00e1ndez desembarc\u00f3 en Posadas para participar de la entrega de 597 viviendas en la que habr\u00e1 sido una de sus visitas m\u00e1s inc\u00f3modas a la provincia. El primer mandatario nacional lleg\u00f3 a Misiones con el firme prop\u00f3sito de irse de la provincia con un apoyo contundente para la batalla que libr\u00f3 el Frente de Todos contra la Corte Suprema de Justicia de la Naci\u00f3n y que va m\u00e1s all\u00e1 del fallo dictado por el m\u00e1ximo tribunal de la justicia referido a coparticipaci\u00f3n que beneficia a la Ciudad Aut\u00f3noma de Buenos Aires en perjuicio de todo el resto del pa\u00eds.<\/p>\n\n\n\n<p>El gobernador Herrera Ahuad lo recibi\u00f3 y acompa\u00f1\u00f3 cumpliendo con todos los protocolos que demanda la institucionalidad en el acto de entrega de viviendas en el barrio de Itaemb\u00e9 Guaz\u00fa, pero sin involucrarse ciegamente como pretend\u00eda Alberto Fern\u00e1ndez.<\/p>\n\n\n\n<p>Un hecho que no pas\u00f3 desapercibido, y que est\u00e1 en l\u00ednea con la postura del gobernador, fue la ausencia del Presidente de la Legislatura provincial, Carlos Rovira en el acto. Esto se ley\u00f3 como un contundente gesto hacia un desdibujado Presidente que al d\u00eda de hoy no cumpli\u00f3 con nada de lo que le solicit\u00f3 la Provincia y que en el veto aplicado en el a\u00f1o 2020 a la Zona Aduanera Especial para Misiones demostr\u00f3 el mayor gesto de desprecio a los habitantes de la provincia.<br>El Gobierno Nacional carga con el peso del mal antecedente de no haber actuado nunca con la visi\u00f3n federal que ahora pretende pregonar. Dej\u00f3 de ser cre\u00edble. Lo cierto es que para la Renovaci\u00f3n, que justamente viene realizando desde hace varios a\u00f1os numerosos reclamos referidos a m\u00e1s federalismo por parte del Gobierno Nacional, esa falta de coherencia pol\u00edtica no mereci\u00f3 el m\u00e1s m\u00ednimo acompa\u00f1amiento.<\/p>\n\n\n\n<p>S\u00f3lo cuatro provincias se mantuvieron al margen del nuevo enfrentamiento impulsado por el Frente de Todos manteniendo su criterio. Misiones encabez\u00f3 el grupo que no se aline\u00f3 con el Gobierno Nacional dando claras muestras de su temperamento y car\u00e1cter pol\u00edtico. El gobierno provincial ha venido reclamando en solitario durante todo este tiempo por la coparticipaci\u00f3n (la Naci\u00f3n le debe m\u00e1s de un punto y medio), por la obra del gasoducto (una de las tantas promesas incumplidas de Fern\u00e1ndez), por la compensaci\u00f3n ambiental y por la correcci\u00f3n de las asimetr\u00edas comerciales generadas con los pa\u00edses lim\u00edtrofes (el 90% de los l\u00edmites de Misiones son internacionales con Brasil y Paraguay). El incumplimiento a estos reclamos no implica que se deba acompa\u00f1ar el pedido de juicio pol\u00edtico contra los miembros de la Corte Suprema de Justicia de la Naci\u00f3n.<\/p>\n\n\n\n<p><strong>Reclamos a Alberto Fern\u00e1ndez<\/strong><\/p>\n\n\n\n<p>El Gobernador Oscar Herrera Ahuad, quien fuera definido por el Conductor de la Renovaci\u00f3n Carlos Rovira como \u201cun hidalgo defensor de los intereses de Misiones ante la Naci\u00f3n\u201d, no desaprovech\u00f3 la visita del Presidente de la Naci\u00f3n y durante el acto de entrega de viviendas en Itaemb\u00e9 Guaz\u00fa lanz\u00f3 fuertes reclamos contra Fern\u00e1ndez.<\/p>\n\n\n\n<p>El primer mandatario provincial le record\u00f3 al Presidente que la industria forestal de Misiones ha sido una de las actividades esenciales que no se ha detenido durante la pandemia. Destac\u00f3 que se pusieron a trabajar y sin saber si iban a cobrar o no, hicieron miles de camas para sumar al sistema de salud tanto para Argentina como para Paraguay, en un gesto de gran solidaridad. Luego de esa introducci\u00f3n lanz\u00f3 el reclamo, ante un Alberto Fern\u00e1ndez desorientado: \u201cEsa industria forestal ha crecido durante los dos primeros a\u00f1os. En estos tiempos se ha estancado por cuestiones que son propias de la macro pol\u00edtica y lo que ocurre no solamente en Argentina, sino tambi\u00e9n en el mundo. Sabemos que las econom\u00edas regionales, como en nuestro caso la madera, el t\u00e9, tabaco, yerba mate, necesitan un incentivo especial. Y ac\u00e1 en particular porque es una industria que mueve el empleo, porque de nuestra provincia lo que sale son productos pr\u00e1cticamente terminados, como puertas, ventanas, casas de madera\u201d.<\/p>\n\n\n\n<p>Tambi\u00e9n se refiri\u00f3, sin mencionar expresamente, a la falta del gasoducto en la provincia y al costo que tiene la electricidad para los misioneros. Al respecto Herrera Ahuad sostuvo que \u201cel reconvertir de energ\u00eda solar fotovoltaica para calorificar los termotanques, que las viviendas tengan un aislamiento especial, que sean especiales en su aspecto y construcci\u00f3n, hace que se consuma menos energ\u00eda. La energ\u00eda ac\u00e1 cuesta mucho\u201d.<\/p>\n\n\n\n<p><strong>Agenda pensada en los misioneros<\/strong><\/p>\n\n\n\n<p>Reci\u00e9n se inicia el a\u00f1o 2023, y se aguarda en breve la visita del Ministro de Econom\u00eda de la Naci\u00f3n Sergio Massa, que en principio vendr\u00eda en el transcurso del mes de enero. Si bien es sabido que tiene un sinf\u00edn de cuestiones que atender, Massa siempre cumpli\u00f3 con Misiones y ya ha anticipado que visitar\u00e1 la provincia para finiquitar todo lo referido a la Zona Aduanera Especial, uno de los grandes pedidos pendientes que tiene la Naci\u00f3n y que implica un r\u00e9gimen ideado y proyectado desde la Renovaci\u00f3n tendiente a disminuir los impuestos nacionales y a generar \u00f3ptimas condiciones de productividad, empleo y exportaciones, que permitir\u00e1 poner fin a d\u00e9cadas de asimetr\u00edas econ\u00f3micas que han afectado al desarrollo productivo de la provincia.<\/p>\n\n\n\n<p>En los hechos, queda en evidencia la preocupaci\u00f3n del gobierno provincial por temas trascendentales que se traducen en concreciones reales que redundan en beneficios tangibles para todos los misioneros y que impactan en el desarrollo econ\u00f3mico de Misiones.<\/p>\n\n\n\n<p>Una realidad que choca y contrasta fuertemente con lo que sucede a nivel nacional, donde los dos grandes frentes pol\u00edticos siguen perdidos en los laberintos de la grieta y en sus internas que derivan indefectiblemente en la configuraci\u00f3n de agendas disociadas de la realidad y alejada de los intereses reales de los ciudadanos de a pie.<br>Al d\u00eda de hoy, se puede afirmar con total certeza que ni el gobierno de Mauricio Macri ni el de Alberto Fern\u00e1ndez se han ocupado de manera real y efectiva de la mayor preocupaci\u00f3n de los argentinos que es la inflaci\u00f3n. De manera sistem\u00e1tica, los \u00faltimos presidentes argentinos se han encargado de empeorar la situaci\u00f3n econ\u00f3mica, el nivel de crispaci\u00f3n social y la degradaci\u00f3n institucional de nuestra Rep\u00fablica.<\/p>\n\n\n\n<p><\/p>\n\n\n\n<p><em>Por Nicol\u00e1s Marchiori<br>Abogado. Diplomado en Manejo de Crisis y en An\u00e1lisis de Procesos Electorales. Posgrado de Especializaci\u00f3n en Comunicaci\u00f3n de Gobierno y Electoral. Becario de la Fundaci\u00f3n Konrad Adenauer y del Centro de An\u00e1lisis y Entrenamiento Pol\u00edtico &#8211; CAEP (Colombia).<\/em><\/p>\n","protected":false},"excerpt":{"rendered":"<p>El Presidente de la Naci\u00f3n en su reciente paso por la provincia fue testigo presencial del car\u00e1cter pol\u00edtico que forma parte del ADN del Misionerismo. Las expectativas de Alberto Fern\u00e1ndez estaban centradas en conseguir el apoyo de Misiones para la batalla librada por el Frente de Todos contra la Corte Suprema. No s\u00f3lo que no [&hellip;]<\/p>\n","protected":false},"author":2,"featured_media":21669,"comment_status":"open","ping_status":"open","sticky":false,"template":"","format":"standard","meta":{"footnotes":""},"categories":[42],"tags":[],"class_list":["post-21668","post","type-post","status-publish","format-standard","has-post-thumbnail","hentry","category-politica"],"yoast_head":"<!-- This site is optimized with the Yoast SEO plugin v27.5 - https:\/\/yoast.com\/product\/yoast-seo-wordpress\/ -->\n<title>Actuar con firmeza | CVI NOTICIAS<\/title>\n<meta name=\"robots\" content=\"index, follow, max-snippet:-1, max-image-preview:large, max-video-preview:-1\" \/>\n<link rel=\"canonical\" href=\"https:\/\/cvinoticias.com\/v3\/actuar-con-firmeza\/\" \/>\n<meta property=\"og:locale\" content=\"es_ES\" \/>\n<meta property=\"og:type\" content=\"article\" \/>\n<meta property=\"og:title\" content=\"Actuar con firmeza | CVI NOTICIAS\" \/>\n<meta property=\"og:description\" content=\"El Presidente de la Naci\u00f3n en su reciente paso por la provincia fue testigo presencial del car\u00e1cter pol\u00edtico que forma parte del ADN del Misionerismo. Las expectativas de Alberto Fern\u00e1ndez estaban centradas en conseguir el apoyo de Misiones para la batalla librada por el Frente de Todos contra la Corte Suprema. No s\u00f3lo que no [&hellip;]\" \/>\n<meta property=\"og:url\" content=\"https:\/\/cvinoticias.com\/v3\/actuar-con-firmeza\/\" \/>\n<meta property=\"og:site_name\" content=\"CVI NOTICIAS\" \/>\n<meta property=\"article:publisher\" content=\"https:\/\/www.facebook.com\/cvinoticias\" \/>\n<meta property=\"article:published_time\" content=\"2023-01-08T16:46:59+00:00\" \/>\n<meta property=\"og:image\" content=\"https:\/\/cvinoticias.com\/wp-content\/uploads\/2023\/01\/IMG-20230108-WA0076.jpg\" \/>\n\t<meta property=\"og:image:width\" content=\"719\" \/>\n\t<meta property=\"og:image:height\" content=\"472\" \/>\n\t<meta property=\"og:image:type\" content=\"image\/jpeg\" \/>\n<meta name=\"author\" content=\"f1000024\" \/>\n<meta name=\"twitter:card\" content=\"summary_large_image\" \/>\n<meta name=\"twitter:label1\" content=\"Escrito por\" \/>\n\t<meta name=\"twitter:data1\" content=\"f1000024\" \/>\n\t<meta name=\"twitter:label2\" content=\"Tiempo de lectura\" \/>\n\t<meta name=\"twitter:data2\" content=\"9 minutos\" \/>\n<script type=\"application\/ld+json\" class=\"yoast-schema-graph\">{\"@context\":\"https:\\\/\\\/schema.org\",\"@graph\":[{\"@type\":\"Article\",\"@id\":\"https:\\\/\\\/cvinoticias.com\\\/v3\\\/actuar-con-firmeza\\\/#article\",\"isPartOf\":{\"@id\":\"https:\\\/\\\/cvinoticias.com\\\/v3\\\/actuar-con-firmeza\\\/\"},\"author\":{\"name\":\"f1000024\",\"@id\":\"https:\\\/\\\/cvinoticias.com\\\/v3\\\/#\\\/schema\\\/person\\\/2db77e3c6bc03c538495d7b2b8be9b66\"},\"headline\":\"Actuar con firmeza\",\"datePublished\":\"2023-01-08T16:46:59+00:00\",\"mainEntityOfPage\":{\"@id\":\"https:\\\/\\\/cvinoticias.com\\\/v3\\\/actuar-con-firmeza\\\/\"},\"wordCount\":1712,\"commentCount\":0,\"publisher\":{\"@id\":\"https:\\\/\\\/cvinoticias.com\\\/v3\\\/#organization\"},\"image\":{\"@id\":\"https:\\\/\\\/cvinoticias.com\\\/v3\\\/actuar-con-firmeza\\\/#primaryimage\"},\"thumbnailUrl\":\"https:\\\/\\\/cvinoticias.com\\\/wp-content\\\/uploads\\\/2023\\\/01\\\/IMG-20230108-WA0076.jpg\",\"articleSection\":[\"Politica\"],\"inLanguage\":\"es\",\"potentialAction\":[{\"@type\":\"CommentAction\",\"name\":\"Comment\",\"target\":[\"https:\\\/\\\/cvinoticias.com\\\/v3\\\/actuar-con-firmeza\\\/#respond\"]}]},{\"@type\":\"WebPage\",\"@id\":\"https:\\\/\\\/cvinoticias.com\\\/v3\\\/actuar-con-firmeza\\\/\",\"url\":\"https:\\\/\\\/cvinoticias.com\\\/v3\\\/actuar-con-firmeza\\\/\",\"name\":\"Actuar con firmeza | CVI NOTICIAS\",\"isPartOf\":{\"@id\":\"https:\\\/\\\/cvinoticias.com\\\/v3\\\/#website\"},\"primaryImageOfPage\":{\"@id\":\"https:\\\/\\\/cvinoticias.com\\\/v3\\\/actuar-con-firmeza\\\/#primaryimage\"},\"image\":{\"@id\":\"https:\\\/\\\/cvinoticias.com\\\/v3\\\/actuar-con-firmeza\\\/#primaryimage\"},\"thumbnailUrl\":\"https:\\\/\\\/cvinoticias.com\\\/wp-content\\\/uploads\\\/2023\\\/01\\\/IMG-20230108-WA0076.jpg\",\"datePublished\":\"2023-01-08T16:46:59+00:00\",\"breadcrumb\":{\"@id\":\"https:\\\/\\\/cvinoticias.com\\\/v3\\\/actuar-con-firmeza\\\/#breadcrumb\"},\"inLanguage\":\"es\",\"potentialAction\":[{\"@type\":\"ReadAction\",\"target\":[\"https:\\\/\\\/cvinoticias.com\\\/v3\\\/actuar-con-firmeza\\\/\"]}]},{\"@type\":\"ImageObject\",\"inLanguage\":\"es\",\"@id\":\"https:\\\/\\\/cvinoticias.com\\\/v3\\\/actuar-con-firmeza\\\/#primaryimage\",\"url\":\"https:\\\/\\\/cvinoticias.com\\\/wp-content\\\/uploads\\\/2023\\\/01\\\/IMG-20230108-WA0076.jpg\",\"contentUrl\":\"https:\\\/\\\/cvinoticias.com\\\/wp-content\\\/uploads\\\/2023\\\/01\\\/IMG-20230108-WA0076.jpg\",\"width\":719,\"height\":472},{\"@type\":\"BreadcrumbList\",\"@id\":\"https:\\\/\\\/cvinoticias.com\\\/v3\\\/actuar-con-firmeza\\\/#breadcrumb\",\"itemListElement\":[{\"@type\":\"ListItem\",\"position\":1,\"name\":\"Portada\",\"item\":\"https:\\\/\\\/cvinoticias.com\\\/v3\\\/\"},{\"@type\":\"ListItem\",\"position\":2,\"name\":\"Actuar con firmeza\"}]},{\"@type\":\"WebSite\",\"@id\":\"https:\\\/\\\/cvinoticias.com\\\/v3\\\/#website\",\"url\":\"https:\\\/\\\/cvinoticias.com\\\/v3\\\/\",\"name\":\"CVI NOTICIAS\",\"description\":\"\",\"publisher\":{\"@id\":\"https:\\\/\\\/cvinoticias.com\\\/v3\\\/#organization\"},\"alternateName\":\"CVI\",\"potentialAction\":[{\"@type\":\"SearchAction\",\"target\":{\"@type\":\"EntryPoint\",\"urlTemplate\":\"https:\\\/\\\/cvinoticias.com\\\/v3\\\/?s={search_term_string}\"},\"query-input\":{\"@type\":\"PropertyValueSpecification\",\"valueRequired\":true,\"valueName\":\"search_term_string\"}}],\"inLanguage\":\"es\"},{\"@type\":\"Organization\",\"@id\":\"https:\\\/\\\/cvinoticias.com\\\/v3\\\/#organization\",\"name\":\"CVI NOTICIAS\",\"url\":\"https:\\\/\\\/cvinoticias.com\\\/v3\\\/\",\"logo\":{\"@type\":\"ImageObject\",\"inLanguage\":\"es\",\"@id\":\"https:\\\/\\\/cvinoticias.com\\\/v3\\\/#\\\/schema\\\/logo\\\/image\\\/\",\"url\":\"https:\\\/\\\/cvinoticias.com\\\/wp-content\\\/uploads\\\/2023\\\/04\\\/cropped-cropped-cropped-cropped-cropped-3-1.png\",\"contentUrl\":\"https:\\\/\\\/cvinoticias.com\\\/wp-content\\\/uploads\\\/2023\\\/04\\\/cropped-cropped-cropped-cropped-cropped-3-1.png\",\"width\":95,\"height\":122,\"caption\":\"CVI NOTICIAS\"},\"image\":{\"@id\":\"https:\\\/\\\/cvinoticias.com\\\/v3\\\/#\\\/schema\\\/logo\\\/image\\\/\"},\"sameAs\":[\"https:\\\/\\\/www.facebook.com\\\/cvinoticias\",\"https:\\\/\\\/www.instagram.com\\\/cvinoticias\\\/\",\"https:\\\/\\\/www.youtube.com\\\/@CVINOTICIAS\"]},{\"@type\":\"Person\",\"@id\":\"https:\\\/\\\/cvinoticias.com\\\/v3\\\/#\\\/schema\\\/person\\\/2db77e3c6bc03c538495d7b2b8be9b66\",\"name\":\"f1000024\",\"image\":{\"@type\":\"ImageObject\",\"inLanguage\":\"es\",\"@id\":\"https:\\\/\\\/secure.gravatar.com\\\/avatar\\\/d4fe7459cfc51ff5129ce1a732bbef5928568b8092d412ef95611616376bbeed?s=96&d=mm&r=g\",\"url\":\"https:\\\/\\\/secure.gravatar.com\\\/avatar\\\/d4fe7459cfc51ff5129ce1a732bbef5928568b8092d412ef95611616376bbeed?s=96&d=mm&r=g\",\"contentUrl\":\"https:\\\/\\\/secure.gravatar.com\\\/avatar\\\/d4fe7459cfc51ff5129ce1a732bbef5928568b8092d412ef95611616376bbeed?s=96&d=mm&r=g\",\"caption\":\"f1000024\"},\"url\":\"https:\\\/\\\/cvinoticias.com\\\/v3\\\/author\\\/f1000024\\\/\"}]}<\/script>\n<!-- \/ Yoast SEO plugin. -->","yoast_head_json":{"title":"Actuar con firmeza | CVI NOTICIAS","robots":{"index":"index","follow":"follow","max-snippet":"max-snippet:-1","max-image-preview":"max-image-preview:large","max-video-preview":"max-video-preview:-1"},"canonical":"https:\/\/cvinoticias.com\/v3\/actuar-con-firmeza\/","og_locale":"es_ES","og_type":"article","og_title":"Actuar con firmeza | CVI NOTICIAS","og_description":"El Presidente de la Naci\u00f3n en su reciente paso por la provincia fue testigo presencial del car\u00e1cter pol\u00edtico que forma parte del ADN del Misionerismo. Las expectativas de Alberto Fern\u00e1ndez estaban centradas en conseguir el apoyo de Misiones para la batalla librada por el Frente de Todos contra la Corte Suprema. No s\u00f3lo que no [&hellip;]","og_url":"https:\/\/cvinoticias.com\/v3\/actuar-con-firmeza\/","og_site_name":"CVI NOTICIAS","article_publisher":"https:\/\/www.facebook.com\/cvinoticias","article_published_time":"2023-01-08T16:46:59+00:00","og_image":[{"width":719,"height":472,"url":"https:\/\/cvinoticias.com\/wp-content\/uploads\/2023\/01\/IMG-20230108-WA0076.jpg","type":"image\/jpeg"}],"author":"f1000024","twitter_card":"summary_large_image","twitter_misc":{"Escrito por":"f1000024","Tiempo de lectura":"9 minutos"},"schema":{"@context":"https:\/\/schema.org","@graph":[{"@type":"Article","@id":"https:\/\/cvinoticias.com\/v3\/actuar-con-firmeza\/#article","isPartOf":{"@id":"https:\/\/cvinoticias.com\/v3\/actuar-con-firmeza\/"},"author":{"name":"f1000024","@id":"https:\/\/cvinoticias.com\/v3\/#\/schema\/person\/2db77e3c6bc03c538495d7b2b8be9b66"},"headline":"Actuar con firmeza","datePublished":"2023-01-08T16:46:59+00:00","mainEntityOfPage":{"@id":"https:\/\/cvinoticias.com\/v3\/actuar-con-firmeza\/"},"wordCount":1712,"commentCount":0,"publisher":{"@id":"https:\/\/cvinoticias.com\/v3\/#organization"},"image":{"@id":"https:\/\/cvinoticias.com\/v3\/actuar-con-firmeza\/#primaryimage"},"thumbnailUrl":"https:\/\/cvinoticias.com\/wp-content\/uploads\/2023\/01\/IMG-20230108-WA0076.jpg","articleSection":["Politica"],"inLanguage":"es","potentialAction":[{"@type":"CommentAction","name":"Comment","target":["https:\/\/cvinoticias.com\/v3\/actuar-con-firmeza\/#respond"]}]},{"@type":"WebPage","@id":"https:\/\/cvinoticias.com\/v3\/actuar-con-firmeza\/","url":"https:\/\/cvinoticias.com\/v3\/actuar-con-firmeza\/","name":"Actuar con firmeza | CVI NOTICIAS","isPartOf":{"@id":"https:\/\/cvinoticias.com\/v3\/#website"},"primaryImageOfPage":{"@id":"https:\/\/cvinoticias.com\/v3\/actuar-con-firmeza\/#primaryimage"},"image":{"@id":"https:\/\/cvinoticias.com\/v3\/actuar-con-firmeza\/#primaryimage"},"thumbnailUrl":"https:\/\/cvinoticias.com\/wp-content\/uploads\/2023\/01\/IMG-20230108-WA0076.jpg","datePublished":"2023-01-08T16:46:59+00:00","breadcrumb":{"@id":"https:\/\/cvinoticias.com\/v3\/actuar-con-firmeza\/#breadcrumb"},"inLanguage":"es","potentialAction":[{"@type":"ReadAction","target":["https:\/\/cvinoticias.com\/v3\/actuar-con-firmeza\/"]}]},{"@type":"ImageObject","inLanguage":"es","@id":"https:\/\/cvinoticias.com\/v3\/actuar-con-firmeza\/#primaryimage","url":"https:\/\/cvinoticias.com\/wp-content\/uploads\/2023\/01\/IMG-20230108-WA0076.jpg","contentUrl":"https:\/\/cvinoticias.com\/wp-content\/uploads\/2023\/01\/IMG-20230108-WA0076.jpg","width":719,"height":472},{"@type":"BreadcrumbList","@id":"https:\/\/cvinoticias.com\/v3\/actuar-con-firmeza\/#breadcrumb","itemListElement":[{"@type":"ListItem","position":1,"name":"Portada","item":"https:\/\/cvinoticias.com\/v3\/"},{"@type":"ListItem","position":2,"name":"Actuar con firmeza"}]},{"@type":"WebSite","@id":"https:\/\/cvinoticias.com\/v3\/#website","url":"https:\/\/cvinoticias.com\/v3\/","name":"CVI NOTICIAS","description":"","publisher":{"@id":"https:\/\/cvinoticias.com\/v3\/#organization"},"alternateName":"CVI","potentialAction":[{"@type":"SearchAction","target":{"@type":"EntryPoint","urlTemplate":"https:\/\/cvinoticias.com\/v3\/?s={search_term_string}"},"query-input":{"@type":"PropertyValueSpecification","valueRequired":true,"valueName":"search_term_string"}}],"inLanguage":"es"},{"@type":"Organization","@id":"https:\/\/cvinoticias.com\/v3\/#organization","name":"CVI NOTICIAS","url":"https:\/\/cvinoticias.com\/v3\/","logo":{"@type":"ImageObject","inLanguage":"es","@id":"https:\/\/cvinoticias.com\/v3\/#\/schema\/logo\/image\/","url":"https:\/\/cvinoticias.com\/wp-content\/uploads\/2023\/04\/cropped-cropped-cropped-cropped-cropped-3-1.png","contentUrl":"https:\/\/cvinoticias.com\/wp-content\/uploads\/2023\/04\/cropped-cropped-cropped-cropped-cropped-3-1.png","width":95,"height":122,"caption":"CVI NOTICIAS"},"image":{"@id":"https:\/\/cvinoticias.com\/v3\/#\/schema\/logo\/image\/"},"sameAs":["https:\/\/www.facebook.com\/cvinoticias","https:\/\/www.instagram.com\/cvinoticias\/","https:\/\/www.youtube.com\/@CVINOTICIAS"]},{"@type":"Person","@id":"https:\/\/cvinoticias.com\/v3\/#\/schema\/person\/2db77e3c6bc03c538495d7b2b8be9b66","name":"f1000024","image":{"@type":"ImageObject","inLanguage":"es","@id":"https:\/\/secure.gravatar.com\/avatar\/d4fe7459cfc51ff5129ce1a732bbef5928568b8092d412ef95611616376bbeed?s=96&d=mm&r=g","url":"https:\/\/secure.gravatar.com\/avatar\/d4fe7459cfc51ff5129ce1a732bbef5928568b8092d412ef95611616376bbeed?s=96&d=mm&r=g","contentUrl":"https:\/\/secure.gravatar.com\/avatar\/d4fe7459cfc51ff5129ce1a732bbef5928568b8092d412ef95611616376bbeed?s=96&d=mm&r=g","caption":"f1000024"},"url":"https:\/\/cvinoticias.com\/v3\/author\/f1000024\/"}]}},"_links":{"self":[{"href":"https:\/\/cvinoticias.com\/v3\/wp-json\/wp\/v2\/posts\/21668","targetHints":{"allow":["GET"]}}],"collection":[{"href":"https:\/\/cvinoticias.com\/v3\/wp-json\/wp\/v2\/posts"}],"about":[{"href":"https:\/\/cvinoticias.com\/v3\/wp-json\/wp\/v2\/types\/post"}],"author":[{"embeddable":true,"href":"https:\/\/cvinoticias.com\/v3\/wp-json\/wp\/v2\/users\/2"}],"replies":[{"embeddable":true,"href":"https:\/\/cvinoticias.com\/v3\/wp-json\/wp\/v2\/comments?post=21668"}],"version-history":[{"count":1,"href":"https:\/\/cvinoticias.com\/v3\/wp-json\/wp\/v2\/posts\/21668\/revisions"}],"predecessor-version":[{"id":21670,"href":"https:\/\/cvinoticias.com\/v3\/wp-json\/wp\/v2\/posts\/21668\/revisions\/21670"}],"wp:featuredmedia":[{"embeddable":true,"href":"https:\/\/cvinoticias.com\/v3\/wp-json\/wp\/v2\/media\/21669"}],"wp:attachment":[{"href":"https:\/\/cvinoticias.com\/v3\/wp-json\/wp\/v2\/media?parent=21668"}],"wp:term":[{"taxonomy":"category","embeddable":true,"href":"https:\/\/cvinoticias.com\/v3\/wp-json\/wp\/v2\/categories?post=21668"},{"taxonomy":"post_tag","embeddable":true,"href":"https:\/\/cvinoticias.com\/v3\/wp-json\/wp\/v2\/tags?post=21668"}],"curies":[{"name":"wp","href":"https:\/\/api.w.org\/{rel}","templated":true}]}}