{"id":21644,"date":"2023-01-07T22:26:52","date_gmt":"2023-01-07T22:26:52","guid":{"rendered":"https:\/\/cvinoticias.com\/v3\/?p=21644"},"modified":"2023-01-07T22:26:52","modified_gmt":"2023-01-07T22:26:52","slug":"elecciones-2023-10-provincias-confirmaron-el-desdoblamiento","status":"publish","type":"post","link":"https:\/\/cvinoticias.com\/v3\/elecciones-2023-10-provincias-confirmaron-el-desdoblamiento\/","title":{"rendered":"Elecciones 2023: 10 Provincias confirmaron el desdoblamiento"},"content":{"rendered":"\n<p><strong><em>Los gobiernos de diez provincias ya confirmaron el cronograma para las pr\u00f3ximas elecciones provinciales y oficializaron el desdoblamiento de los comicios nacionales. R\u00edo Negro y Neuqu\u00e9n son, por ahora, las primeras en elegir autoridades.<\/em><\/strong><\/p>\n\n\n\n<p>La gobernadora de R\u00edo Negro, Arabela Carreras, firm\u00f3 hoy el decreto que convoca a elecciones provinciales para el pr\u00f3ximo 16 de abril. En esta provincia, los ciudadanos podr\u00e1n elegir gobernador, vicegobernador, legisladores provinciales y comisionados de fomento.<\/p>\n\n\n\n<p>\u201cEse mismo d\u00eda tambi\u00e9n habr\u00e1 elecciones en Municipios y las Comisiones de Fomento. Para las ciudades en las que no est\u00e1 permitida la simultaneidad, brindaremos servicio electoral el domingo 11 de junio. Hemos dispuesto el 16 de marzo como fecha de inicio de campa\u00f1a electoral\u201d, precis\u00f3 la mandataria.<\/p>\n\n\n\n<p>El gobierno de Neuqu\u00e9n, encabezado por Omar Guti\u00e9rrez, por su parte, inform\u00f3 que las elecciones provinciales se llevar\u00e1n a cabo tambi\u00e9n ese d\u00eda, el pr\u00f3ximo 16 de abril, fecha en la que la ciudadan\u00eda elegir\u00e1 gobernador, vice, legisladores y autoridades municipales de algunas localidades bajo la modalidad de Boleta \u00danica Electr\u00f3nica.<\/p>\n\n\n\n<p>Misiones, en tanto, oficializ\u00f3 el llamado a elecciones provinciales para el 7 de mayo, cuando se elegir\u00e1 al pr\u00f3ximo gobernador, que suceder\u00e1 a Oscar Herrera Ahuad, y vicegobernador, y se renovar\u00e1 adem\u00e1s la mitad de los diputados provinciales, concejal\u00edas e intendencias en todas las localidades.<\/p>\n\n\n\n<p>El gobernador de San Juan, Sergio U\u00f1ac, anunci\u00f3 que la fecha de las elecciones provinciales ser\u00e1n el domingo 14 de mayo para elegir gobernador y vice, 19 diputados departamentales y 17 diputados por representaci\u00f3n proporcional.<\/p>\n\n\n\n<p>En Jujuy, el pr\u00f3ximo 7 de mayo los ciudadanos elegir\u00e1n al nuevo gobernador, como tambi\u00e9n a intendentes y la mitad de los cuerpos legislativos de todas sus jurisdicciones. Los comicios en esa provincia ser\u00e1n en simult\u00e1neo con la elecci\u00f3n de convencionales constituyentes que tienen a su cargo discutir la reforma parcial de la Constituci\u00f3n local que impulsa el Ejecutivo juje\u00f1o.<\/p>\n\n\n\n<p>El gobernador de Salta, Gustavo S\u00e1enz, convoc\u00f3 a elecciones para definir cargos provinciales y municipales para el 14 de mayo, a trav\u00e9s del sistema de boleta \u00fanica electr\u00f3nica.<\/p>\n\n\n\n<p>En tanto, el gobernador de Tucum\u00e1n, Osvaldo Jaldo, anunci\u00f3 oficialmente que las elecciones de la provincia se llevar\u00e1n a cabo el domingo 14 de mayo, para todos los cargos.<\/p>\n\n\n\n<p>El Tribunal Electoral de La Pampa, por su parte, oficializ\u00f3 las fechas de las elecciones internas abiertas, obligatorias y simult\u00e1neas del 12 de febrero y las generales el 14 de mayo.<\/p>\n\n\n\n<p>El gobernador de Chaco, Jorge Capitanich, anunci\u00f3 que la provincia celebrar\u00e1 elecciones para cargos ejecutivos y legislativos el 17 de septiembre de este a\u00f1o.<\/p>\n\n\n\n<p>Mientras que en Santa Fe, los comicios generales de la provincia se realizar\u00e1n entre el 27 de agosto y el 10 de septiembre y la ciudadan\u00eda elegir\u00e1 al gobernador que suceder\u00e1 a Omar Perotti.<\/p>\n","protected":false},"excerpt":{"rendered":"<p>Los gobiernos de diez provincias ya confirmaron el cronograma para las pr\u00f3ximas elecciones provinciales y oficializaron el desdoblamiento de los comicios nacionales. R\u00edo Negro y Neuqu\u00e9n son, por ahora, las primeras en elegir autoridades. La gobernadora de R\u00edo Negro, Arabela Carreras, firm\u00f3 hoy el decreto que convoca a elecciones provinciales para el pr\u00f3ximo 16 de [&hellip;]<\/p>\n","protected":false},"author":2,"featured_media":21645,"comment_status":"open","ping_status":"open","sticky":false,"template":"","format":"standard","meta":{"footnotes":""},"categories":[42],"tags":[],"class_list":["post-21644","post","type-post","status-publish","format-standard","has-post-thumbnail","hentry","category-politica"],"yoast_head":"<!-- This site is optimized with the Yoast SEO plugin v27.4 - https:\/\/yoast.com\/product\/yoast-seo-wordpress\/ -->\n<title>Elecciones 2023: 10 Provincias confirmaron el desdoblamiento | CVI NOTICIAS<\/title>\n<meta name=\"robots\" content=\"index, follow, max-snippet:-1, max-image-preview:large, max-video-preview:-1\" \/>\n<link rel=\"canonical\" href=\"https:\/\/cvinoticias.com\/v3\/elecciones-2023-10-provincias-confirmaron-el-desdoblamiento\/\" \/>\n<meta property=\"og:locale\" content=\"es_ES\" \/>\n<meta property=\"og:type\" content=\"article\" \/>\n<meta property=\"og:title\" content=\"Elecciones 2023: 10 Provincias confirmaron el desdoblamiento | CVI NOTICIAS\" \/>\n<meta property=\"og:description\" content=\"Los gobiernos de diez provincias ya confirmaron el cronograma para las pr\u00f3ximas elecciones provinciales y oficializaron el desdoblamiento de los comicios nacionales. R\u00edo Negro y Neuqu\u00e9n son, por ahora, las primeras en elegir autoridades. La gobernadora de R\u00edo Negro, Arabela Carreras, firm\u00f3 hoy el decreto que convoca a elecciones provinciales para el pr\u00f3ximo 16 de [&hellip;]\" \/>\n<meta property=\"og:url\" content=\"https:\/\/cvinoticias.com\/v3\/elecciones-2023-10-provincias-confirmaron-el-desdoblamiento\/\" \/>\n<meta property=\"og:site_name\" content=\"CVI NOTICIAS\" \/>\n<meta property=\"article:publisher\" content=\"https:\/\/www.facebook.com\/cvinoticias\" \/>\n<meta property=\"article:published_time\" content=\"2023-01-07T22:26:52+00:00\" \/>\n<meta property=\"og:image\" content=\"https:\/\/cvinoticias.com\/wp-content\/uploads\/2023\/01\/chaco1200-1080x608-1.jpg\" \/>\n\t<meta property=\"og:image:width\" content=\"1080\" \/>\n\t<meta property=\"og:image:height\" content=\"608\" \/>\n\t<meta property=\"og:image:type\" content=\"image\/jpeg\" \/>\n<meta name=\"author\" content=\"f1000024\" \/>\n<meta name=\"twitter:card\" content=\"summary_large_image\" \/>\n<meta name=\"twitter:label1\" content=\"Escrito por\" \/>\n\t<meta name=\"twitter:data1\" content=\"f1000024\" \/>\n\t<meta name=\"twitter:label2\" content=\"Tiempo de lectura\" \/>\n\t<meta name=\"twitter:data2\" content=\"2 minutos\" \/>\n<script type=\"application\/ld+json\" class=\"yoast-schema-graph\">{\"@context\":\"https:\\\/\\\/schema.org\",\"@graph\":[{\"@type\":\"Article\",\"@id\":\"https:\\\/\\\/cvinoticias.com\\\/v3\\\/elecciones-2023-10-provincias-confirmaron-el-desdoblamiento\\\/#article\",\"isPartOf\":{\"@id\":\"https:\\\/\\\/cvinoticias.com\\\/v3\\\/elecciones-2023-10-provincias-confirmaron-el-desdoblamiento\\\/\"},\"author\":{\"name\":\"f1000024\",\"@id\":\"https:\\\/\\\/cvinoticias.com\\\/v3\\\/#\\\/schema\\\/person\\\/2db77e3c6bc03c538495d7b2b8be9b66\"},\"headline\":\"Elecciones 2023: 10 Provincias confirmaron el desdoblamiento\",\"datePublished\":\"2023-01-07T22:26:52+00:00\",\"mainEntityOfPage\":{\"@id\":\"https:\\\/\\\/cvinoticias.com\\\/v3\\\/elecciones-2023-10-provincias-confirmaron-el-desdoblamiento\\\/\"},\"wordCount\":485,\"commentCount\":0,\"publisher\":{\"@id\":\"https:\\\/\\\/cvinoticias.com\\\/v3\\\/#organization\"},\"image\":{\"@id\":\"https:\\\/\\\/cvinoticias.com\\\/v3\\\/elecciones-2023-10-provincias-confirmaron-el-desdoblamiento\\\/#primaryimage\"},\"thumbnailUrl\":\"https:\\\/\\\/cvinoticias.com\\\/wp-content\\\/uploads\\\/2023\\\/01\\\/chaco1200-1080x608-1.jpg\",\"articleSection\":[\"Politica\"],\"inLanguage\":\"es\",\"potentialAction\":[{\"@type\":\"CommentAction\",\"name\":\"Comment\",\"target\":[\"https:\\\/\\\/cvinoticias.com\\\/v3\\\/elecciones-2023-10-provincias-confirmaron-el-desdoblamiento\\\/#respond\"]}]},{\"@type\":\"WebPage\",\"@id\":\"https:\\\/\\\/cvinoticias.com\\\/v3\\\/elecciones-2023-10-provincias-confirmaron-el-desdoblamiento\\\/\",\"url\":\"https:\\\/\\\/cvinoticias.com\\\/v3\\\/elecciones-2023-10-provincias-confirmaron-el-desdoblamiento\\\/\",\"name\":\"Elecciones 2023: 10 Provincias confirmaron el desdoblamiento | CVI NOTICIAS\",\"isPartOf\":{\"@id\":\"https:\\\/\\\/cvinoticias.com\\\/v3\\\/#website\"},\"primaryImageOfPage\":{\"@id\":\"https:\\\/\\\/cvinoticias.com\\\/v3\\\/elecciones-2023-10-provincias-confirmaron-el-desdoblamiento\\\/#primaryimage\"},\"image\":{\"@id\":\"https:\\\/\\\/cvinoticias.com\\\/v3\\\/elecciones-2023-10-provincias-confirmaron-el-desdoblamiento\\\/#primaryimage\"},\"thumbnailUrl\":\"https:\\\/\\\/cvinoticias.com\\\/wp-content\\\/uploads\\\/2023\\\/01\\\/chaco1200-1080x608-1.jpg\",\"datePublished\":\"2023-01-07T22:26:52+00:00\",\"breadcrumb\":{\"@id\":\"https:\\\/\\\/cvinoticias.com\\\/v3\\\/elecciones-2023-10-provincias-confirmaron-el-desdoblamiento\\\/#breadcrumb\"},\"inLanguage\":\"es\",\"potentialAction\":[{\"@type\":\"ReadAction\",\"target\":[\"https:\\\/\\\/cvinoticias.com\\\/v3\\\/elecciones-2023-10-provincias-confirmaron-el-desdoblamiento\\\/\"]}]},{\"@type\":\"ImageObject\",\"inLanguage\":\"es\",\"@id\":\"https:\\\/\\\/cvinoticias.com\\\/v3\\\/elecciones-2023-10-provincias-confirmaron-el-desdoblamiento\\\/#primaryimage\",\"url\":\"https:\\\/\\\/cvinoticias.com\\\/wp-content\\\/uploads\\\/2023\\\/01\\\/chaco1200-1080x608-1.jpg\",\"contentUrl\":\"https:\\\/\\\/cvinoticias.com\\\/wp-content\\\/uploads\\\/2023\\\/01\\\/chaco1200-1080x608-1.jpg\",\"width\":1080,\"height\":608},{\"@type\":\"BreadcrumbList\",\"@id\":\"https:\\\/\\\/cvinoticias.com\\\/v3\\\/elecciones-2023-10-provincias-confirmaron-el-desdoblamiento\\\/#breadcrumb\",\"itemListElement\":[{\"@type\":\"ListItem\",\"position\":1,\"name\":\"Portada\",\"item\":\"https:\\\/\\\/cvinoticias.com\\\/v3\\\/\"},{\"@type\":\"ListItem\",\"position\":2,\"name\":\"Elecciones 2023: 10 Provincias confirmaron el desdoblamiento\"}]},{\"@type\":\"WebSite\",\"@id\":\"https:\\\/\\\/cvinoticias.com\\\/v3\\\/#website\",\"url\":\"https:\\\/\\\/cvinoticias.com\\\/v3\\\/\",\"name\":\"CVI NOTICIAS\",\"description\":\"\",\"publisher\":{\"@id\":\"https:\\\/\\\/cvinoticias.com\\\/v3\\\/#organization\"},\"alternateName\":\"CVI\",\"potentialAction\":[{\"@type\":\"SearchAction\",\"target\":{\"@type\":\"EntryPoint\",\"urlTemplate\":\"https:\\\/\\\/cvinoticias.com\\\/v3\\\/?s={search_term_string}\"},\"query-input\":{\"@type\":\"PropertyValueSpecification\",\"valueRequired\":true,\"valueName\":\"search_term_string\"}}],\"inLanguage\":\"es\"},{\"@type\":\"Organization\",\"@id\":\"https:\\\/\\\/cvinoticias.com\\\/v3\\\/#organization\",\"name\":\"CVI NOTICIAS\",\"url\":\"https:\\\/\\\/cvinoticias.com\\\/v3\\\/\",\"logo\":{\"@type\":\"ImageObject\",\"inLanguage\":\"es\",\"@id\":\"https:\\\/\\\/cvinoticias.com\\\/v3\\\/#\\\/schema\\\/logo\\\/image\\\/\",\"url\":\"https:\\\/\\\/cvinoticias.com\\\/wp-content\\\/uploads\\\/2023\\\/04\\\/cropped-cropped-cropped-cropped-cropped-3-1.png\",\"contentUrl\":\"https:\\\/\\\/cvinoticias.com\\\/wp-content\\\/uploads\\\/2023\\\/04\\\/cropped-cropped-cropped-cropped-cropped-3-1.png\",\"width\":95,\"height\":122,\"caption\":\"CVI NOTICIAS\"},\"image\":{\"@id\":\"https:\\\/\\\/cvinoticias.com\\\/v3\\\/#\\\/schema\\\/logo\\\/image\\\/\"},\"sameAs\":[\"https:\\\/\\\/www.facebook.com\\\/cvinoticias\",\"https:\\\/\\\/www.instagram.com\\\/cvinoticias\\\/\",\"https:\\\/\\\/www.youtube.com\\\/@CVINOTICIAS\"]},{\"@type\":\"Person\",\"@id\":\"https:\\\/\\\/cvinoticias.com\\\/v3\\\/#\\\/schema\\\/person\\\/2db77e3c6bc03c538495d7b2b8be9b66\",\"name\":\"f1000024\",\"image\":{\"@type\":\"ImageObject\",\"inLanguage\":\"es\",\"@id\":\"https:\\\/\\\/secure.gravatar.com\\\/avatar\\\/d4fe7459cfc51ff5129ce1a732bbef5928568b8092d412ef95611616376bbeed?s=96&d=mm&r=g\",\"url\":\"https:\\\/\\\/secure.gravatar.com\\\/avatar\\\/d4fe7459cfc51ff5129ce1a732bbef5928568b8092d412ef95611616376bbeed?s=96&d=mm&r=g\",\"contentUrl\":\"https:\\\/\\\/secure.gravatar.com\\\/avatar\\\/d4fe7459cfc51ff5129ce1a732bbef5928568b8092d412ef95611616376bbeed?s=96&d=mm&r=g\",\"caption\":\"f1000024\"},\"url\":\"https:\\\/\\\/cvinoticias.com\\\/v3\\\/author\\\/f1000024\\\/\"}]}<\/script>\n<!-- \/ Yoast SEO plugin. -->","yoast_head_json":{"title":"Elecciones 2023: 10 Provincias confirmaron el desdoblamiento | CVI NOTICIAS","robots":{"index":"index","follow":"follow","max-snippet":"max-snippet:-1","max-image-preview":"max-image-preview:large","max-video-preview":"max-video-preview:-1"},"canonical":"https:\/\/cvinoticias.com\/v3\/elecciones-2023-10-provincias-confirmaron-el-desdoblamiento\/","og_locale":"es_ES","og_type":"article","og_title":"Elecciones 2023: 10 Provincias confirmaron el desdoblamiento | CVI NOTICIAS","og_description":"Los gobiernos de diez provincias ya confirmaron el cronograma para las pr\u00f3ximas elecciones provinciales y oficializaron el desdoblamiento de los comicios nacionales. R\u00edo Negro y Neuqu\u00e9n son, por ahora, las primeras en elegir autoridades. La gobernadora de R\u00edo Negro, Arabela Carreras, firm\u00f3 hoy el decreto que convoca a elecciones provinciales para el pr\u00f3ximo 16 de [&hellip;]","og_url":"https:\/\/cvinoticias.com\/v3\/elecciones-2023-10-provincias-confirmaron-el-desdoblamiento\/","og_site_name":"CVI NOTICIAS","article_publisher":"https:\/\/www.facebook.com\/cvinoticias","article_published_time":"2023-01-07T22:26:52+00:00","og_image":[{"width":1080,"height":608,"url":"https:\/\/cvinoticias.com\/wp-content\/uploads\/2023\/01\/chaco1200-1080x608-1.jpg","type":"image\/jpeg"}],"author":"f1000024","twitter_card":"summary_large_image","twitter_misc":{"Escrito por":"f1000024","Tiempo de lectura":"2 minutos"},"schema":{"@context":"https:\/\/schema.org","@graph":[{"@type":"Article","@id":"https:\/\/cvinoticias.com\/v3\/elecciones-2023-10-provincias-confirmaron-el-desdoblamiento\/#article","isPartOf":{"@id":"https:\/\/cvinoticias.com\/v3\/elecciones-2023-10-provincias-confirmaron-el-desdoblamiento\/"},"author":{"name":"f1000024","@id":"https:\/\/cvinoticias.com\/v3\/#\/schema\/person\/2db77e3c6bc03c538495d7b2b8be9b66"},"headline":"Elecciones 2023: 10 Provincias confirmaron el desdoblamiento","datePublished":"2023-01-07T22:26:52+00:00","mainEntityOfPage":{"@id":"https:\/\/cvinoticias.com\/v3\/elecciones-2023-10-provincias-confirmaron-el-desdoblamiento\/"},"wordCount":485,"commentCount":0,"publisher":{"@id":"https:\/\/cvinoticias.com\/v3\/#organization"},"image":{"@id":"https:\/\/cvinoticias.com\/v3\/elecciones-2023-10-provincias-confirmaron-el-desdoblamiento\/#primaryimage"},"thumbnailUrl":"https:\/\/cvinoticias.com\/wp-content\/uploads\/2023\/01\/chaco1200-1080x608-1.jpg","articleSection":["Politica"],"inLanguage":"es","potentialAction":[{"@type":"CommentAction","name":"Comment","target":["https:\/\/cvinoticias.com\/v3\/elecciones-2023-10-provincias-confirmaron-el-desdoblamiento\/#respond"]}]},{"@type":"WebPage","@id":"https:\/\/cvinoticias.com\/v3\/elecciones-2023-10-provincias-confirmaron-el-desdoblamiento\/","url":"https:\/\/cvinoticias.com\/v3\/elecciones-2023-10-provincias-confirmaron-el-desdoblamiento\/","name":"Elecciones 2023: 10 Provincias confirmaron el desdoblamiento | CVI NOTICIAS","isPartOf":{"@id":"https:\/\/cvinoticias.com\/v3\/#website"},"primaryImageOfPage":{"@id":"https:\/\/cvinoticias.com\/v3\/elecciones-2023-10-provincias-confirmaron-el-desdoblamiento\/#primaryimage"},"image":{"@id":"https:\/\/cvinoticias.com\/v3\/elecciones-2023-10-provincias-confirmaron-el-desdoblamiento\/#primaryimage"},"thumbnailUrl":"https:\/\/cvinoticias.com\/wp-content\/uploads\/2023\/01\/chaco1200-1080x608-1.jpg","datePublished":"2023-01-07T22:26:52+00:00","breadcrumb":{"@id":"https:\/\/cvinoticias.com\/v3\/elecciones-2023-10-provincias-confirmaron-el-desdoblamiento\/#breadcrumb"},"inLanguage":"es","potentialAction":[{"@type":"ReadAction","target":["https:\/\/cvinoticias.com\/v3\/elecciones-2023-10-provincias-confirmaron-el-desdoblamiento\/"]}]},{"@type":"ImageObject","inLanguage":"es","@id":"https:\/\/cvinoticias.com\/v3\/elecciones-2023-10-provincias-confirmaron-el-desdoblamiento\/#primaryimage","url":"https:\/\/cvinoticias.com\/wp-content\/uploads\/2023\/01\/chaco1200-1080x608-1.jpg","contentUrl":"https:\/\/cvinoticias.com\/wp-content\/uploads\/2023\/01\/chaco1200-1080x608-1.jpg","width":1080,"height":608},{"@type":"BreadcrumbList","@id":"https:\/\/cvinoticias.com\/v3\/elecciones-2023-10-provincias-confirmaron-el-desdoblamiento\/#breadcrumb","itemListElement":[{"@type":"ListItem","position":1,"name":"Portada","item":"https:\/\/cvinoticias.com\/v3\/"},{"@type":"ListItem","position":2,"name":"Elecciones 2023: 10 Provincias confirmaron el desdoblamiento"}]},{"@type":"WebSite","@id":"https:\/\/cvinoticias.com\/v3\/#website","url":"https:\/\/cvinoticias.com\/v3\/","name":"CVI NOTICIAS","description":"","publisher":{"@id":"https:\/\/cvinoticias.com\/v3\/#organization"},"alternateName":"CVI","potentialAction":[{"@type":"SearchAction","target":{"@type":"EntryPoint","urlTemplate":"https:\/\/cvinoticias.com\/v3\/?s={search_term_string}"},"query-input":{"@type":"PropertyValueSpecification","valueRequired":true,"valueName":"search_term_string"}}],"inLanguage":"es"},{"@type":"Organization","@id":"https:\/\/cvinoticias.com\/v3\/#organization","name":"CVI NOTICIAS","url":"https:\/\/cvinoticias.com\/v3\/","logo":{"@type":"ImageObject","inLanguage":"es","@id":"https:\/\/cvinoticias.com\/v3\/#\/schema\/logo\/image\/","url":"https:\/\/cvinoticias.com\/wp-content\/uploads\/2023\/04\/cropped-cropped-cropped-cropped-cropped-3-1.png","contentUrl":"https:\/\/cvinoticias.com\/wp-content\/uploads\/2023\/04\/cropped-cropped-cropped-cropped-cropped-3-1.png","width":95,"height":122,"caption":"CVI NOTICIAS"},"image":{"@id":"https:\/\/cvinoticias.com\/v3\/#\/schema\/logo\/image\/"},"sameAs":["https:\/\/www.facebook.com\/cvinoticias","https:\/\/www.instagram.com\/cvinoticias\/","https:\/\/www.youtube.com\/@CVINOTICIAS"]},{"@type":"Person","@id":"https:\/\/cvinoticias.com\/v3\/#\/schema\/person\/2db77e3c6bc03c538495d7b2b8be9b66","name":"f1000024","image":{"@type":"ImageObject","inLanguage":"es","@id":"https:\/\/secure.gravatar.com\/avatar\/d4fe7459cfc51ff5129ce1a732bbef5928568b8092d412ef95611616376bbeed?s=96&d=mm&r=g","url":"https:\/\/secure.gravatar.com\/avatar\/d4fe7459cfc51ff5129ce1a732bbef5928568b8092d412ef95611616376bbeed?s=96&d=mm&r=g","contentUrl":"https:\/\/secure.gravatar.com\/avatar\/d4fe7459cfc51ff5129ce1a732bbef5928568b8092d412ef95611616376bbeed?s=96&d=mm&r=g","caption":"f1000024"},"url":"https:\/\/cvinoticias.com\/v3\/author\/f1000024\/"}]}},"_links":{"self":[{"href":"https:\/\/cvinoticias.com\/v3\/wp-json\/wp\/v2\/posts\/21644","targetHints":{"allow":["GET"]}}],"collection":[{"href":"https:\/\/cvinoticias.com\/v3\/wp-json\/wp\/v2\/posts"}],"about":[{"href":"https:\/\/cvinoticias.com\/v3\/wp-json\/wp\/v2\/types\/post"}],"author":[{"embeddable":true,"href":"https:\/\/cvinoticias.com\/v3\/wp-json\/wp\/v2\/users\/2"}],"replies":[{"embeddable":true,"href":"https:\/\/cvinoticias.com\/v3\/wp-json\/wp\/v2\/comments?post=21644"}],"version-history":[{"count":1,"href":"https:\/\/cvinoticias.com\/v3\/wp-json\/wp\/v2\/posts\/21644\/revisions"}],"predecessor-version":[{"id":21646,"href":"https:\/\/cvinoticias.com\/v3\/wp-json\/wp\/v2\/posts\/21644\/revisions\/21646"}],"wp:featuredmedia":[{"embeddable":true,"href":"https:\/\/cvinoticias.com\/v3\/wp-json\/wp\/v2\/media\/21645"}],"wp:attachment":[{"href":"https:\/\/cvinoticias.com\/v3\/wp-json\/wp\/v2\/media?parent=21644"}],"wp:term":[{"taxonomy":"category","embeddable":true,"href":"https:\/\/cvinoticias.com\/v3\/wp-json\/wp\/v2\/categories?post=21644"},{"taxonomy":"post_tag","embeddable":true,"href":"https:\/\/cvinoticias.com\/v3\/wp-json\/wp\/v2\/tags?post=21644"}],"curies":[{"name":"wp","href":"https:\/\/api.w.org\/{rel}","templated":true}]}}