{"id":21629,"date":"2023-01-07T21:40:40","date_gmt":"2023-01-07T21:40:40","guid":{"rendered":"https:\/\/cvinoticias.com\/v3\/?p=21629"},"modified":"2023-01-07T21:40:40","modified_gmt":"2023-01-07T21:40:40","slug":"acuerdo-salarial-y-pase-a-planta-permanente-para-el-personal-de-salud","status":"publish","type":"post","link":"https:\/\/cvinoticias.com\/v3\/acuerdo-salarial-y-pase-a-planta-permanente-para-el-personal-de-salud\/","title":{"rendered":"Acuerdo salarial y pase a planta permanente para el personal de Salud"},"content":{"rendered":"\n<p><strong><em>Los incrementos acordados para los trabajadores del Ministerio de Salud P\u00fablica ser\u00e1n aplicados tambi\u00e9n a los trabajadores del Parque de la Salud, del Ministerio de Prevenci\u00f3n de Adicciones y a los trabajadores becados.<\/em><\/strong><\/p>\n\n\n\n<p>Este jueves en horas de la siesta se reuni\u00f3 la Mesa de Di\u00e1logo del sector salud entre ATE y CTA A y las autoridades de Salud y Hacienda. Se logr\u00f3 un nuevo acuerdo salarial, se garantiza la continuidad laboral de los trabajadores que denunciaron su cesant\u00eda. Se acord\u00f3 el pase a planta permanente de m\u00e1s de 900 contratados y se paut\u00f3 una nueva reuni\u00f3n para la primer semana de febrero.<\/p>\n\n\n\n<figure class=\"wp-block-image size-large\"><a href=\"https:\/\/cvinoticias.com\/wp-content\/uploads\/2023\/01\/IMG-20230107-WA0090.jpg\"><img decoding=\"async\" width=\"1024\" height=\"576\" data-src=\"https:\/\/cvinoticias.com\/wp-content\/uploads\/2023\/01\/IMG-20230107-WA0090-1024x576.jpg\" alt=\"\" class=\"wp-image-21630 lazyload\" data-srcset=\"https:\/\/cvinoticias.com\/wp-content\/uploads\/2023\/01\/IMG-20230107-WA0090-1024x576.jpg 1024w, https:\/\/cvinoticias.com\/wp-content\/uploads\/2023\/01\/IMG-20230107-WA0090-300x169.jpg 300w, https:\/\/cvinoticias.com\/wp-content\/uploads\/2023\/01\/IMG-20230107-WA0090-768x432.jpg 768w, https:\/\/cvinoticias.com\/wp-content\/uploads\/2023\/01\/IMG-20230107-WA0090.jpg 1280w\" data-sizes=\"(max-width: 1024px) 100vw, 1024px\" src=\"data:image\/svg+xml;base64,PHN2ZyB3aWR0aD0iMSIgaGVpZ2h0PSIxIiB4bWxucz0iaHR0cDovL3d3dy53My5vcmcvMjAwMC9zdmciPjwvc3ZnPg==\" style=\"--smush-placeholder-width: 1024px; --smush-placeholder-aspect-ratio: 1024\/576;\" \/><\/a><\/figure>\n\n\n\n<p>Una nutrida delegaci\u00f3n de ATE y CTA A en representaci\u00f3n de lxs trabajadores de salud concurri\u00f3 en la siesta de este jueves a la Mesa de Di\u00e1logo, donde estuvieron presentes por parte de las autoridades el Ministro de Salud Dr. Oscar Alarc\u00f3n, el Ministro de Hacienda Cr. Adolfo Safr\u00e1n, el Director de Liquidaciones de la provincia Cr. Miguel Dos Santos y el Subsecretario de Planificaci\u00f3n y Control del Gasto P\u00fablico Dr. Faruk Jalaf.<\/p>\n\n\n\n<p><strong>Los puntos del nuevo acuerdo salarial contemplan:<\/strong><\/p>\n\n\n\n<p>\u2022 El incremento salarial ser\u00e1 a partir del mes de enero del 2023.<\/p>\n\n\n\n<p>\u2022 Incorporaci\u00f3n de $ 4.300 al b\u00e1sico de la categor\u00eda DII en el mes de enero 2023, absorbiendo el adicional otorgado en el mes de diciembre de 2022.<\/p>\n\n\n\n<p>\u2022 Una diferencia del 10% en forma progresiva entre los b\u00e1sicos de las distintas categor\u00edas. El compromiso por parte de las autoridades de que no se producir\u00e1n descuentos de haberes ni sanciones a los trabajadores que participaron de las medidas de fuerza.<\/p>\n\n\n\n<p>\u2022 Se abonara a los jubilados de Salud la actualizaci\u00f3n correspondiente al mes de diciembre 2022.<\/p>\n\n\n\n<p>\u2022 Se actualiza el valor de las guardias activas con el mismo criterio que el incremento salarial del mes de enero 2023 (promedio de aumento de la masa salarial)<\/p>\n\n\n\n<p>\u2022 La no sanci\u00f3n ni descuento a los trabajadores que participaron de las medidas.<\/p>\n\n\n\n<p>\u2022 Los incrementos acordados para los trabajadores del Ministerio de Salud P\u00fablica ser\u00e1n aplicados tambi\u00e9n a los trabajadores del Parque de la Salud, del Ministerio de Prevenci\u00f3n de Adicciones y a los trabajadores becados.<\/p>\n\n\n\n<p>\u2022 Se asume el compromiso de trabajar en la pr\u00f3xima mesa t\u00e9cnica en abonar el adicional de pasaje a la totalidad de trabajadores de las categorias Al y All.<\/p>\n\n\n\n<p>\u2022 Realizar una nueva reuni\u00f3n de la Mesa de Trabajo T\u00e9cnica la primera semana de febrero 2023.<\/p>\n\n\n\n<p>\u2022 Avanzar en el pase a planta de los 910 contratados mayor antig\u00fcedad acordado el 21 de octubre 2022.<\/p>\n\n\n\n<figure class=\"wp-block-image size-full is-resized\"><a href=\"https:\/\/cvinoticias.com\/wp-content\/uploads\/2023\/01\/IMG-20230107-WA0092.jpg\"><img decoding=\"async\" data-src=\"https:\/\/cvinoticias.com\/wp-content\/uploads\/2023\/01\/IMG-20230107-WA0092.jpg\" alt=\"\" class=\"wp-image-21631 lazyload\" width=\"675\" height=\"1501\" data-srcset=\"https:\/\/cvinoticias.com\/wp-content\/uploads\/2023\/01\/IMG-20230107-WA0092.jpg 459w, https:\/\/cvinoticias.com\/wp-content\/uploads\/2023\/01\/IMG-20230107-WA0092-135x300.jpg 135w\" data-sizes=\"(max-width: 675px) 100vw, 675px\" src=\"data:image\/svg+xml;base64,PHN2ZyB3aWR0aD0iMSIgaGVpZ2h0PSIxIiB4bWxucz0iaHR0cDovL3d3dy53My5vcmcvMjAwMC9zdmciPjwvc3ZnPg==\" style=\"--smush-placeholder-width: 675px; --smush-placeholder-aspect-ratio: 675\/1501;\" \/><\/a><\/figure>\n\n\n\n<p>Por otra parte, las autoridades se comprometieron a garantizar la continuidad laboral de los trabajadores de la Subsecretar\u00eda de Coordinaci\u00f3n Interministerial que denunciaron la no renovaci\u00f3n de sus contratos. \u201cSon cinco compa\u00f1eros que gracias a la lucha van a tener continuidad laboral\u201d, indic\u00f3 Jorge \u201cKoki\u201d Duarte, Secretario General del CDP de ATE Misiones.<\/p>\n\n\n\n<figure class=\"wp-block-image size-large\"><a href=\"https:\/\/cvinoticias.com\/wp-content\/uploads\/2023\/01\/IMG-20230107-WA0091.jpg\"><img decoding=\"async\" width=\"1024\" height=\"768\" data-src=\"https:\/\/cvinoticias.com\/wp-content\/uploads\/2023\/01\/IMG-20230107-WA0091-1024x768.jpg\" alt=\"\" class=\"wp-image-21632 lazyload\" data-srcset=\"https:\/\/cvinoticias.com\/wp-content\/uploads\/2023\/01\/IMG-20230107-WA0091-1024x768.jpg 1024w, https:\/\/cvinoticias.com\/wp-content\/uploads\/2023\/01\/IMG-20230107-WA0091-300x225.jpg 300w, https:\/\/cvinoticias.com\/wp-content\/uploads\/2023\/01\/IMG-20230107-WA0091-768x576.jpg 768w, https:\/\/cvinoticias.com\/wp-content\/uploads\/2023\/01\/IMG-20230107-WA0091.jpg 1032w\" data-sizes=\"(max-width: 1024px) 100vw, 1024px\" src=\"data:image\/svg+xml;base64,PHN2ZyB3aWR0aD0iMSIgaGVpZ2h0PSIxIiB4bWxucz0iaHR0cDovL3d3dy53My5vcmcvMjAwMC9zdmciPjwvc3ZnPg==\" style=\"--smush-placeholder-width: 1024px; --smush-placeholder-aspect-ratio: 1024\/768;\" \/><\/a><\/figure>\n","protected":false},"excerpt":{"rendered":"<p>Los incrementos acordados para los trabajadores del Ministerio de Salud P\u00fablica ser\u00e1n aplicados tambi\u00e9n a los trabajadores del Parque de la Salud, del Ministerio de Prevenci\u00f3n de Adicciones y a los trabajadores becados. Este jueves en horas de la siesta se reuni\u00f3 la Mesa de Di\u00e1logo del sector salud entre ATE y CTA A y [&hellip;]<\/p>\n","protected":false},"author":2,"featured_media":21633,"comment_status":"open","ping_status":"open","sticky":false,"template":"","format":"standard","meta":{"footnotes":""},"categories":[22],"tags":[],"class_list":["post-21629","post","type-post","status-publish","format-standard","has-post-thumbnail","hentry","category-salud"],"yoast_head":"<!-- This site is optimized with the Yoast SEO plugin v27.5 - https:\/\/yoast.com\/product\/yoast-seo-wordpress\/ -->\n<title>Acuerdo salarial y pase a planta permanente para el personal de Salud | CVI NOTICIAS<\/title>\n<meta name=\"robots\" content=\"index, follow, max-snippet:-1, max-image-preview:large, max-video-preview:-1\" \/>\n<link rel=\"canonical\" href=\"https:\/\/cvinoticias.com\/v3\/acuerdo-salarial-y-pase-a-planta-permanente-para-el-personal-de-salud\/\" \/>\n<meta property=\"og:locale\" content=\"es_ES\" \/>\n<meta property=\"og:type\" content=\"article\" \/>\n<meta property=\"og:title\" content=\"Acuerdo salarial y pase a planta permanente para el personal de Salud | CVI NOTICIAS\" \/>\n<meta property=\"og:description\" content=\"Los incrementos acordados para los trabajadores del Ministerio de Salud P\u00fablica ser\u00e1n aplicados tambi\u00e9n a los trabajadores del Parque de la Salud, del Ministerio de Prevenci\u00f3n de Adicciones y a los trabajadores becados. Este jueves en horas de la siesta se reuni\u00f3 la Mesa de Di\u00e1logo del sector salud entre ATE y CTA A y [&hellip;]\" \/>\n<meta property=\"og:url\" content=\"https:\/\/cvinoticias.com\/v3\/acuerdo-salarial-y-pase-a-planta-permanente-para-el-personal-de-salud\/\" \/>\n<meta property=\"og:site_name\" content=\"CVI NOTICIAS\" \/>\n<meta property=\"article:publisher\" content=\"https:\/\/www.facebook.com\/cvinoticias\" \/>\n<meta property=\"article:published_time\" content=\"2023-01-07T21:40:40+00:00\" \/>\n<meta property=\"og:image\" content=\"https:\/\/cvinoticias.com\/wp-content\/uploads\/2023\/01\/IMG-20230107-WA0093.jpg\" \/>\n\t<meta property=\"og:image:width\" content=\"1000\" \/>\n\t<meta property=\"og:image:height\" content=\"750\" \/>\n\t<meta property=\"og:image:type\" content=\"image\/jpeg\" \/>\n<meta name=\"author\" content=\"f1000024\" \/>\n<meta name=\"twitter:card\" content=\"summary_large_image\" \/>\n<meta name=\"twitter:label1\" content=\"Escrito por\" \/>\n\t<meta name=\"twitter:data1\" content=\"f1000024\" \/>\n\t<meta name=\"twitter:label2\" content=\"Tiempo de lectura\" \/>\n\t<meta name=\"twitter:data2\" content=\"2 minutos\" \/>\n<script type=\"application\/ld+json\" class=\"yoast-schema-graph\">{\"@context\":\"https:\\\/\\\/schema.org\",\"@graph\":[{\"@type\":\"Article\",\"@id\":\"https:\\\/\\\/cvinoticias.com\\\/v3\\\/acuerdo-salarial-y-pase-a-planta-permanente-para-el-personal-de-salud\\\/#article\",\"isPartOf\":{\"@id\":\"https:\\\/\\\/cvinoticias.com\\\/v3\\\/acuerdo-salarial-y-pase-a-planta-permanente-para-el-personal-de-salud\\\/\"},\"author\":{\"name\":\"f1000024\",\"@id\":\"https:\\\/\\\/cvinoticias.com\\\/v3\\\/#\\\/schema\\\/person\\\/2db77e3c6bc03c538495d7b2b8be9b66\"},\"headline\":\"Acuerdo salarial y pase a planta permanente para el personal de Salud\",\"datePublished\":\"2023-01-07T21:40:40+00:00\",\"mainEntityOfPage\":{\"@id\":\"https:\\\/\\\/cvinoticias.com\\\/v3\\\/acuerdo-salarial-y-pase-a-planta-permanente-para-el-personal-de-salud\\\/\"},\"wordCount\":502,\"commentCount\":0,\"publisher\":{\"@id\":\"https:\\\/\\\/cvinoticias.com\\\/v3\\\/#organization\"},\"image\":{\"@id\":\"https:\\\/\\\/cvinoticias.com\\\/v3\\\/acuerdo-salarial-y-pase-a-planta-permanente-para-el-personal-de-salud\\\/#primaryimage\"},\"thumbnailUrl\":\"https:\\\/\\\/cvinoticias.com\\\/wp-content\\\/uploads\\\/2023\\\/01\\\/IMG-20230107-WA0093.jpg\",\"articleSection\":[\"Salud\"],\"inLanguage\":\"es\",\"potentialAction\":[{\"@type\":\"CommentAction\",\"name\":\"Comment\",\"target\":[\"https:\\\/\\\/cvinoticias.com\\\/v3\\\/acuerdo-salarial-y-pase-a-planta-permanente-para-el-personal-de-salud\\\/#respond\"]}]},{\"@type\":\"WebPage\",\"@id\":\"https:\\\/\\\/cvinoticias.com\\\/v3\\\/acuerdo-salarial-y-pase-a-planta-permanente-para-el-personal-de-salud\\\/\",\"url\":\"https:\\\/\\\/cvinoticias.com\\\/v3\\\/acuerdo-salarial-y-pase-a-planta-permanente-para-el-personal-de-salud\\\/\",\"name\":\"Acuerdo salarial y pase a planta permanente para el personal de Salud | CVI NOTICIAS\",\"isPartOf\":{\"@id\":\"https:\\\/\\\/cvinoticias.com\\\/v3\\\/#website\"},\"primaryImageOfPage\":{\"@id\":\"https:\\\/\\\/cvinoticias.com\\\/v3\\\/acuerdo-salarial-y-pase-a-planta-permanente-para-el-personal-de-salud\\\/#primaryimage\"},\"image\":{\"@id\":\"https:\\\/\\\/cvinoticias.com\\\/v3\\\/acuerdo-salarial-y-pase-a-planta-permanente-para-el-personal-de-salud\\\/#primaryimage\"},\"thumbnailUrl\":\"https:\\\/\\\/cvinoticias.com\\\/wp-content\\\/uploads\\\/2023\\\/01\\\/IMG-20230107-WA0093.jpg\",\"datePublished\":\"2023-01-07T21:40:40+00:00\",\"breadcrumb\":{\"@id\":\"https:\\\/\\\/cvinoticias.com\\\/v3\\\/acuerdo-salarial-y-pase-a-planta-permanente-para-el-personal-de-salud\\\/#breadcrumb\"},\"inLanguage\":\"es\",\"potentialAction\":[{\"@type\":\"ReadAction\",\"target\":[\"https:\\\/\\\/cvinoticias.com\\\/v3\\\/acuerdo-salarial-y-pase-a-planta-permanente-para-el-personal-de-salud\\\/\"]}]},{\"@type\":\"ImageObject\",\"inLanguage\":\"es\",\"@id\":\"https:\\\/\\\/cvinoticias.com\\\/v3\\\/acuerdo-salarial-y-pase-a-planta-permanente-para-el-personal-de-salud\\\/#primaryimage\",\"url\":\"https:\\\/\\\/cvinoticias.com\\\/wp-content\\\/uploads\\\/2023\\\/01\\\/IMG-20230107-WA0093.jpg\",\"contentUrl\":\"https:\\\/\\\/cvinoticias.com\\\/wp-content\\\/uploads\\\/2023\\\/01\\\/IMG-20230107-WA0093.jpg\",\"width\":1000,\"height\":750},{\"@type\":\"BreadcrumbList\",\"@id\":\"https:\\\/\\\/cvinoticias.com\\\/v3\\\/acuerdo-salarial-y-pase-a-planta-permanente-para-el-personal-de-salud\\\/#breadcrumb\",\"itemListElement\":[{\"@type\":\"ListItem\",\"position\":1,\"name\":\"Portada\",\"item\":\"https:\\\/\\\/cvinoticias.com\\\/v3\\\/\"},{\"@type\":\"ListItem\",\"position\":2,\"name\":\"Acuerdo salarial y pase a planta permanente para el personal de Salud\"}]},{\"@type\":\"WebSite\",\"@id\":\"https:\\\/\\\/cvinoticias.com\\\/v3\\\/#website\",\"url\":\"https:\\\/\\\/cvinoticias.com\\\/v3\\\/\",\"name\":\"CVI NOTICIAS\",\"description\":\"\",\"publisher\":{\"@id\":\"https:\\\/\\\/cvinoticias.com\\\/v3\\\/#organization\"},\"alternateName\":\"CVI\",\"potentialAction\":[{\"@type\":\"SearchAction\",\"target\":{\"@type\":\"EntryPoint\",\"urlTemplate\":\"https:\\\/\\\/cvinoticias.com\\\/v3\\\/?s={search_term_string}\"},\"query-input\":{\"@type\":\"PropertyValueSpecification\",\"valueRequired\":true,\"valueName\":\"search_term_string\"}}],\"inLanguage\":\"es\"},{\"@type\":\"Organization\",\"@id\":\"https:\\\/\\\/cvinoticias.com\\\/v3\\\/#organization\",\"name\":\"CVI NOTICIAS\",\"url\":\"https:\\\/\\\/cvinoticias.com\\\/v3\\\/\",\"logo\":{\"@type\":\"ImageObject\",\"inLanguage\":\"es\",\"@id\":\"https:\\\/\\\/cvinoticias.com\\\/v3\\\/#\\\/schema\\\/logo\\\/image\\\/\",\"url\":\"https:\\\/\\\/cvinoticias.com\\\/wp-content\\\/uploads\\\/2023\\\/04\\\/cropped-cropped-cropped-cropped-cropped-3-1.png\",\"contentUrl\":\"https:\\\/\\\/cvinoticias.com\\\/wp-content\\\/uploads\\\/2023\\\/04\\\/cropped-cropped-cropped-cropped-cropped-3-1.png\",\"width\":95,\"height\":122,\"caption\":\"CVI NOTICIAS\"},\"image\":{\"@id\":\"https:\\\/\\\/cvinoticias.com\\\/v3\\\/#\\\/schema\\\/logo\\\/image\\\/\"},\"sameAs\":[\"https:\\\/\\\/www.facebook.com\\\/cvinoticias\",\"https:\\\/\\\/www.instagram.com\\\/cvinoticias\\\/\",\"https:\\\/\\\/www.youtube.com\\\/@CVINOTICIAS\"]},{\"@type\":\"Person\",\"@id\":\"https:\\\/\\\/cvinoticias.com\\\/v3\\\/#\\\/schema\\\/person\\\/2db77e3c6bc03c538495d7b2b8be9b66\",\"name\":\"f1000024\",\"image\":{\"@type\":\"ImageObject\",\"inLanguage\":\"es\",\"@id\":\"https:\\\/\\\/secure.gravatar.com\\\/avatar\\\/d4fe7459cfc51ff5129ce1a732bbef5928568b8092d412ef95611616376bbeed?s=96&d=mm&r=g\",\"url\":\"https:\\\/\\\/secure.gravatar.com\\\/avatar\\\/d4fe7459cfc51ff5129ce1a732bbef5928568b8092d412ef95611616376bbeed?s=96&d=mm&r=g\",\"contentUrl\":\"https:\\\/\\\/secure.gravatar.com\\\/avatar\\\/d4fe7459cfc51ff5129ce1a732bbef5928568b8092d412ef95611616376bbeed?s=96&d=mm&r=g\",\"caption\":\"f1000024\"},\"url\":\"https:\\\/\\\/cvinoticias.com\\\/v3\\\/author\\\/f1000024\\\/\"}]}<\/script>\n<!-- \/ Yoast SEO plugin. -->","yoast_head_json":{"title":"Acuerdo salarial y pase a planta permanente para el personal de Salud | CVI NOTICIAS","robots":{"index":"index","follow":"follow","max-snippet":"max-snippet:-1","max-image-preview":"max-image-preview:large","max-video-preview":"max-video-preview:-1"},"canonical":"https:\/\/cvinoticias.com\/v3\/acuerdo-salarial-y-pase-a-planta-permanente-para-el-personal-de-salud\/","og_locale":"es_ES","og_type":"article","og_title":"Acuerdo salarial y pase a planta permanente para el personal de Salud | CVI NOTICIAS","og_description":"Los incrementos acordados para los trabajadores del Ministerio de Salud P\u00fablica ser\u00e1n aplicados tambi\u00e9n a los trabajadores del Parque de la Salud, del Ministerio de Prevenci\u00f3n de Adicciones y a los trabajadores becados. Este jueves en horas de la siesta se reuni\u00f3 la Mesa de Di\u00e1logo del sector salud entre ATE y CTA A y [&hellip;]","og_url":"https:\/\/cvinoticias.com\/v3\/acuerdo-salarial-y-pase-a-planta-permanente-para-el-personal-de-salud\/","og_site_name":"CVI NOTICIAS","article_publisher":"https:\/\/www.facebook.com\/cvinoticias","article_published_time":"2023-01-07T21:40:40+00:00","og_image":[{"width":1000,"height":750,"url":"https:\/\/cvinoticias.com\/wp-content\/uploads\/2023\/01\/IMG-20230107-WA0093.jpg","type":"image\/jpeg"}],"author":"f1000024","twitter_card":"summary_large_image","twitter_misc":{"Escrito por":"f1000024","Tiempo de lectura":"2 minutos"},"schema":{"@context":"https:\/\/schema.org","@graph":[{"@type":"Article","@id":"https:\/\/cvinoticias.com\/v3\/acuerdo-salarial-y-pase-a-planta-permanente-para-el-personal-de-salud\/#article","isPartOf":{"@id":"https:\/\/cvinoticias.com\/v3\/acuerdo-salarial-y-pase-a-planta-permanente-para-el-personal-de-salud\/"},"author":{"name":"f1000024","@id":"https:\/\/cvinoticias.com\/v3\/#\/schema\/person\/2db77e3c6bc03c538495d7b2b8be9b66"},"headline":"Acuerdo salarial y pase a planta permanente para el personal de Salud","datePublished":"2023-01-07T21:40:40+00:00","mainEntityOfPage":{"@id":"https:\/\/cvinoticias.com\/v3\/acuerdo-salarial-y-pase-a-planta-permanente-para-el-personal-de-salud\/"},"wordCount":502,"commentCount":0,"publisher":{"@id":"https:\/\/cvinoticias.com\/v3\/#organization"},"image":{"@id":"https:\/\/cvinoticias.com\/v3\/acuerdo-salarial-y-pase-a-planta-permanente-para-el-personal-de-salud\/#primaryimage"},"thumbnailUrl":"https:\/\/cvinoticias.com\/wp-content\/uploads\/2023\/01\/IMG-20230107-WA0093.jpg","articleSection":["Salud"],"inLanguage":"es","potentialAction":[{"@type":"CommentAction","name":"Comment","target":["https:\/\/cvinoticias.com\/v3\/acuerdo-salarial-y-pase-a-planta-permanente-para-el-personal-de-salud\/#respond"]}]},{"@type":"WebPage","@id":"https:\/\/cvinoticias.com\/v3\/acuerdo-salarial-y-pase-a-planta-permanente-para-el-personal-de-salud\/","url":"https:\/\/cvinoticias.com\/v3\/acuerdo-salarial-y-pase-a-planta-permanente-para-el-personal-de-salud\/","name":"Acuerdo salarial y pase a planta permanente para el personal de Salud | CVI NOTICIAS","isPartOf":{"@id":"https:\/\/cvinoticias.com\/v3\/#website"},"primaryImageOfPage":{"@id":"https:\/\/cvinoticias.com\/v3\/acuerdo-salarial-y-pase-a-planta-permanente-para-el-personal-de-salud\/#primaryimage"},"image":{"@id":"https:\/\/cvinoticias.com\/v3\/acuerdo-salarial-y-pase-a-planta-permanente-para-el-personal-de-salud\/#primaryimage"},"thumbnailUrl":"https:\/\/cvinoticias.com\/wp-content\/uploads\/2023\/01\/IMG-20230107-WA0093.jpg","datePublished":"2023-01-07T21:40:40+00:00","breadcrumb":{"@id":"https:\/\/cvinoticias.com\/v3\/acuerdo-salarial-y-pase-a-planta-permanente-para-el-personal-de-salud\/#breadcrumb"},"inLanguage":"es","potentialAction":[{"@type":"ReadAction","target":["https:\/\/cvinoticias.com\/v3\/acuerdo-salarial-y-pase-a-planta-permanente-para-el-personal-de-salud\/"]}]},{"@type":"ImageObject","inLanguage":"es","@id":"https:\/\/cvinoticias.com\/v3\/acuerdo-salarial-y-pase-a-planta-permanente-para-el-personal-de-salud\/#primaryimage","url":"https:\/\/cvinoticias.com\/wp-content\/uploads\/2023\/01\/IMG-20230107-WA0093.jpg","contentUrl":"https:\/\/cvinoticias.com\/wp-content\/uploads\/2023\/01\/IMG-20230107-WA0093.jpg","width":1000,"height":750},{"@type":"BreadcrumbList","@id":"https:\/\/cvinoticias.com\/v3\/acuerdo-salarial-y-pase-a-planta-permanente-para-el-personal-de-salud\/#breadcrumb","itemListElement":[{"@type":"ListItem","position":1,"name":"Portada","item":"https:\/\/cvinoticias.com\/v3\/"},{"@type":"ListItem","position":2,"name":"Acuerdo salarial y pase a planta permanente para el personal de Salud"}]},{"@type":"WebSite","@id":"https:\/\/cvinoticias.com\/v3\/#website","url":"https:\/\/cvinoticias.com\/v3\/","name":"CVI NOTICIAS","description":"","publisher":{"@id":"https:\/\/cvinoticias.com\/v3\/#organization"},"alternateName":"CVI","potentialAction":[{"@type":"SearchAction","target":{"@type":"EntryPoint","urlTemplate":"https:\/\/cvinoticias.com\/v3\/?s={search_term_string}"},"query-input":{"@type":"PropertyValueSpecification","valueRequired":true,"valueName":"search_term_string"}}],"inLanguage":"es"},{"@type":"Organization","@id":"https:\/\/cvinoticias.com\/v3\/#organization","name":"CVI NOTICIAS","url":"https:\/\/cvinoticias.com\/v3\/","logo":{"@type":"ImageObject","inLanguage":"es","@id":"https:\/\/cvinoticias.com\/v3\/#\/schema\/logo\/image\/","url":"https:\/\/cvinoticias.com\/wp-content\/uploads\/2023\/04\/cropped-cropped-cropped-cropped-cropped-3-1.png","contentUrl":"https:\/\/cvinoticias.com\/wp-content\/uploads\/2023\/04\/cropped-cropped-cropped-cropped-cropped-3-1.png","width":95,"height":122,"caption":"CVI NOTICIAS"},"image":{"@id":"https:\/\/cvinoticias.com\/v3\/#\/schema\/logo\/image\/"},"sameAs":["https:\/\/www.facebook.com\/cvinoticias","https:\/\/www.instagram.com\/cvinoticias\/","https:\/\/www.youtube.com\/@CVINOTICIAS"]},{"@type":"Person","@id":"https:\/\/cvinoticias.com\/v3\/#\/schema\/person\/2db77e3c6bc03c538495d7b2b8be9b66","name":"f1000024","image":{"@type":"ImageObject","inLanguage":"es","@id":"https:\/\/secure.gravatar.com\/avatar\/d4fe7459cfc51ff5129ce1a732bbef5928568b8092d412ef95611616376bbeed?s=96&d=mm&r=g","url":"https:\/\/secure.gravatar.com\/avatar\/d4fe7459cfc51ff5129ce1a732bbef5928568b8092d412ef95611616376bbeed?s=96&d=mm&r=g","contentUrl":"https:\/\/secure.gravatar.com\/avatar\/d4fe7459cfc51ff5129ce1a732bbef5928568b8092d412ef95611616376bbeed?s=96&d=mm&r=g","caption":"f1000024"},"url":"https:\/\/cvinoticias.com\/v3\/author\/f1000024\/"}]}},"_links":{"self":[{"href":"https:\/\/cvinoticias.com\/v3\/wp-json\/wp\/v2\/posts\/21629","targetHints":{"allow":["GET"]}}],"collection":[{"href":"https:\/\/cvinoticias.com\/v3\/wp-json\/wp\/v2\/posts"}],"about":[{"href":"https:\/\/cvinoticias.com\/v3\/wp-json\/wp\/v2\/types\/post"}],"author":[{"embeddable":true,"href":"https:\/\/cvinoticias.com\/v3\/wp-json\/wp\/v2\/users\/2"}],"replies":[{"embeddable":true,"href":"https:\/\/cvinoticias.com\/v3\/wp-json\/wp\/v2\/comments?post=21629"}],"version-history":[{"count":1,"href":"https:\/\/cvinoticias.com\/v3\/wp-json\/wp\/v2\/posts\/21629\/revisions"}],"predecessor-version":[{"id":21634,"href":"https:\/\/cvinoticias.com\/v3\/wp-json\/wp\/v2\/posts\/21629\/revisions\/21634"}],"wp:featuredmedia":[{"embeddable":true,"href":"https:\/\/cvinoticias.com\/v3\/wp-json\/wp\/v2\/media\/21633"}],"wp:attachment":[{"href":"https:\/\/cvinoticias.com\/v3\/wp-json\/wp\/v2\/media?parent=21629"}],"wp:term":[{"taxonomy":"category","embeddable":true,"href":"https:\/\/cvinoticias.com\/v3\/wp-json\/wp\/v2\/categories?post=21629"},{"taxonomy":"post_tag","embeddable":true,"href":"https:\/\/cvinoticias.com\/v3\/wp-json\/wp\/v2\/tags?post=21629"}],"curies":[{"name":"wp","href":"https:\/\/api.w.org\/{rel}","templated":true}]}}