{"id":21611,"date":"2023-01-05T18:08:28","date_gmt":"2023-01-05T18:08:28","guid":{"rendered":"https:\/\/cvinoticias.com\/v3\/?p=21611"},"modified":"2023-01-05T18:08:28","modified_gmt":"2023-01-05T18:08:28","slug":"se-detectaron-tres-casos-de-dengue-autoctono-en-la-argentina","status":"publish","type":"post","link":"https:\/\/cvinoticias.com\/v3\/se-detectaron-tres-casos-de-dengue-autoctono-en-la-argentina\/","title":{"rendered":"Se detectaron tres casos de dengue aut\u00f3ctono en la Argentina"},"content":{"rendered":"\n<p><strong><em>C\u00f3mo evitar la proliferaci\u00f3n del mosquito que lo transmite.<\/em><\/strong><\/p>\n\n\n\n<p>C\u00f3rdoba inform\u00f3 dos casos a fines de diciembre y ahora se suma uno m\u00e1s en la Ciudad de Buenos Aires. Las personas adquirieron la infecci\u00f3n viral a trav\u00e9s de mosquitos dentro de los territorios de esas jurisdicciones y sin haber estado de viaje.<\/p>\n\n\n\n<p>El caso de dengue en la Ciudad de Buenos Aires fue confirmado durante la primera semana de diciembre, seg\u00fan inform\u00f3 el \u00faltimo Bolet\u00edn Epidemiol\u00f3gico del Ministerio de Salud de la Naci\u00f3n. Los otros dos casos registrados en C\u00f3rdoba fueron confirmados por la cartera sanitaria de esa provincia.<\/p>\n\n\n\n<p>Ante la detecci\u00f3n de ese tipo de casos de dengue, los expertos en epidemiolog\u00eda del ministerio a cargo de Carla Vizzotti se\u00f1alaron que \u201cse observa un aumento de casos en los pa\u00edses lim\u00edtrofes y ya se registran 8 infecciones confirmadas importadas y 11 probables (entre importadas y aut\u00f3ctonas)\u201d.<\/p>\n\n\n\n<p>La circulaci\u00f3n viral en otros pa\u00edses de la regi\u00f3n y el inicio de la \u00e9poca de verano \u201cobliga a poner especial atenci\u00f3n a la sospecha de dengue y las acciones de control correspondientes. Frente a un posible aumento en el flujo de personas dentro y fuera del pa\u00eds, propio de las fechas, se insta a reforzar la vigilancia, y acciones de prevenci\u00f3n\u201d, enfatizaron los especialistas.<\/p>\n\n\n\n<p>Dengue: hay que evitar la automedicaci\u00f3n<\/p>\n\n\n\n<p>Los s\u00edntomas del dengue son: fiebre alta, dolor de cabeza, corporal o detr\u00e1s de los ojos, manchas rojas en el cuerpo, v\u00f3mitos, diarrea y n\u00e1useas. Las personas que experimentan estos s\u00edntomas deben buscar atenci\u00f3n m\u00e9dica y evitar la automedicaci\u00f3n.<\/p>\n\n\n\n<p>Existe una frase que repiten los expertos casi incasablemente: \u201cSin mosquitos no hay dengue\u201d. En la Argentina, hay 242 especies de mosquitos y solo dos de ellas transmiten dengue: el Aedes aegypti y el Aedes albopictus. Sin embargo, el m\u00e1s conocido es el primero, por su mayor presencia en todo el pa\u00eds.<\/p>\n\n\n\n<p>\u201cLos aedes son mosquitos de inundaci\u00f3n y el Aedes aegypti, que es una especie importada, es diurno, es decir que pica de d\u00eda, y no se aleja m\u00e1s que unos 50 metros del lugar donde se cr\u00eda\u201d, explic\u00f3 el bi\u00f3logo Nicol\u00e1s Schweigmann, director del Grupo de Estudios de Mosquitos (GEM) del Instituto de Ecolog\u00eda, Gen\u00e9tica y Evoluci\u00f3n de Buenos Aires (CONICET-UBA).<\/p>\n\n\n\n<p>Los desechos s\u00f3lidos inservibles ocupan alrededor del 80% de los criaderos encontrados en las viviendas. Estos son aquellos recipientes que no tienen utilidad. Se encuentran habitualmente esparcidos en el patio de la vivienda: recipientes pl\u00e1sticos, botellas, latas, aparatos dom\u00e9sticos descartados, inodoros en desuso y chatarras, entre otros.<\/p>\n\n\n\n<p>C\u00f3mo se eliminan los mosquitos que transmiten el dengue<\/p>\n\n\n\n<p>Los desechos inservibles son potenciales criaderos de estos mosquitos y deben eliminarse con la basura com\u00fan.<\/p>\n\n\n\n<ul class=\"wp-block-list\">\n<li>Aquellos objetos inservibles que no puedan desecharse, como aparatos dom\u00e9sticos, neum\u00e1ticos u otros, deben colocarse bajo techo o cubrirse de forma a evitar la acumulaci\u00f3n de agua.<\/li>\n\n\n\n<li>Realizar agujeros a las latas para evitar que acumulen agua.<\/li>\n\n\n\n<li>Los inodoros en desuso depositados en el patio pueden rellenarse con tierra y usarlos como macetas.<\/li>\n\n\n\n<li>Tanques y tambores de agua que ser\u00e1 utilizada deben ser tapados.<\/li>\n<\/ul>\n\n\n\n<p>Sobre la vacuna contra el dengue<\/p>\n\n\n\n<p>Una vacuna brasile\u00f1a experimental contra el dengue, que se prob\u00f3 en 16.235 voluntarios durante dos a\u00f1os, mostr\u00f3 una eficacia media del 79,6% en los ensayos cl\u00ednicos de fase tres, inform\u00f3 el Instituto Butantan de Sao Paulo, una de las instituciones de investigaci\u00f3n m\u00e9dica m\u00e1s prestigiosas del pa\u00eds.<\/p>\n\n\n\n<p>En una nota se detall\u00f3 que no se registr\u00f3 ning\u00fan caso grave de dengue en los participantes del estudio en fase tres, en curso desde 2016. La f\u00f3rmula, de dosis \u00fanica, fue administrada a 10.259 de los voluntarios, mientras que al resto se le aplic\u00f3 un placebo.<\/p>\n","protected":false},"excerpt":{"rendered":"<p>C\u00f3mo evitar la proliferaci\u00f3n del mosquito que lo transmite. C\u00f3rdoba inform\u00f3 dos casos a fines de diciembre y ahora se suma uno m\u00e1s en la Ciudad de Buenos Aires. Las personas adquirieron la infecci\u00f3n viral a trav\u00e9s de mosquitos dentro de los territorios de esas jurisdicciones y sin haber estado de viaje. El caso de [&hellip;]<\/p>\n","protected":false},"author":2,"featured_media":21612,"comment_status":"open","ping_status":"open","sticky":false,"template":"","format":"standard","meta":{"footnotes":""},"categories":[22],"tags":[],"class_list":["post-21611","post","type-post","status-publish","format-standard","has-post-thumbnail","hentry","category-salud"],"yoast_head":"<!-- This site is optimized with the Yoast SEO plugin v27.5 - https:\/\/yoast.com\/product\/yoast-seo-wordpress\/ -->\n<title>Se detectaron tres casos de dengue aut\u00f3ctono en la Argentina | CVI NOTICIAS<\/title>\n<meta name=\"robots\" content=\"index, follow, max-snippet:-1, max-image-preview:large, max-video-preview:-1\" \/>\n<link rel=\"canonical\" href=\"https:\/\/cvinoticias.com\/v3\/se-detectaron-tres-casos-de-dengue-autoctono-en-la-argentina\/\" \/>\n<meta property=\"og:locale\" content=\"es_ES\" \/>\n<meta property=\"og:type\" content=\"article\" \/>\n<meta property=\"og:title\" content=\"Se detectaron tres casos de dengue aut\u00f3ctono en la Argentina | CVI NOTICIAS\" \/>\n<meta property=\"og:description\" content=\"C\u00f3mo evitar la proliferaci\u00f3n del mosquito que lo transmite. C\u00f3rdoba inform\u00f3 dos casos a fines de diciembre y ahora se suma uno m\u00e1s en la Ciudad de Buenos Aires. Las personas adquirieron la infecci\u00f3n viral a trav\u00e9s de mosquitos dentro de los territorios de esas jurisdicciones y sin haber estado de viaje. El caso de [&hellip;]\" \/>\n<meta property=\"og:url\" content=\"https:\/\/cvinoticias.com\/v3\/se-detectaron-tres-casos-de-dengue-autoctono-en-la-argentina\/\" \/>\n<meta property=\"og:site_name\" content=\"CVI NOTICIAS\" \/>\n<meta property=\"article:publisher\" content=\"https:\/\/www.facebook.com\/cvinoticias\" \/>\n<meta property=\"article:published_time\" content=\"2023-01-05T18:08:28+00:00\" \/>\n<meta property=\"og:image\" content=\"https:\/\/cvinoticias.com\/wp-content\/uploads\/2023\/01\/portada2_1.jpg_529145118.jpg\" \/>\n\t<meta property=\"og:image:width\" content=\"368\" \/>\n\t<meta property=\"og:image:height\" content=\"207\" \/>\n\t<meta property=\"og:image:type\" content=\"image\/jpeg\" \/>\n<meta name=\"author\" content=\"f1000024\" \/>\n<meta name=\"twitter:card\" content=\"summary_large_image\" \/>\n<meta name=\"twitter:label1\" content=\"Escrito por\" \/>\n\t<meta name=\"twitter:data1\" content=\"f1000024\" \/>\n\t<meta name=\"twitter:label2\" content=\"Tiempo de lectura\" \/>\n\t<meta name=\"twitter:data2\" content=\"3 minutos\" \/>\n<script type=\"application\/ld+json\" class=\"yoast-schema-graph\">{\"@context\":\"https:\\\/\\\/schema.org\",\"@graph\":[{\"@type\":\"Article\",\"@id\":\"https:\\\/\\\/cvinoticias.com\\\/v3\\\/se-detectaron-tres-casos-de-dengue-autoctono-en-la-argentina\\\/#article\",\"isPartOf\":{\"@id\":\"https:\\\/\\\/cvinoticias.com\\\/v3\\\/se-detectaron-tres-casos-de-dengue-autoctono-en-la-argentina\\\/\"},\"author\":{\"name\":\"f1000024\",\"@id\":\"https:\\\/\\\/cvinoticias.com\\\/v3\\\/#\\\/schema\\\/person\\\/2db77e3c6bc03c538495d7b2b8be9b66\"},\"headline\":\"Se detectaron tres casos de dengue aut\u00f3ctono en la Argentina\",\"datePublished\":\"2023-01-05T18:08:28+00:00\",\"mainEntityOfPage\":{\"@id\":\"https:\\\/\\\/cvinoticias.com\\\/v3\\\/se-detectaron-tres-casos-de-dengue-autoctono-en-la-argentina\\\/\"},\"wordCount\":668,\"commentCount\":0,\"publisher\":{\"@id\":\"https:\\\/\\\/cvinoticias.com\\\/v3\\\/#organization\"},\"image\":{\"@id\":\"https:\\\/\\\/cvinoticias.com\\\/v3\\\/se-detectaron-tres-casos-de-dengue-autoctono-en-la-argentina\\\/#primaryimage\"},\"thumbnailUrl\":\"https:\\\/\\\/cvinoticias.com\\\/wp-content\\\/uploads\\\/2023\\\/01\\\/portada2_1.jpg_529145118.jpg\",\"articleSection\":[\"Salud\"],\"inLanguage\":\"es\",\"potentialAction\":[{\"@type\":\"CommentAction\",\"name\":\"Comment\",\"target\":[\"https:\\\/\\\/cvinoticias.com\\\/v3\\\/se-detectaron-tres-casos-de-dengue-autoctono-en-la-argentina\\\/#respond\"]}]},{\"@type\":\"WebPage\",\"@id\":\"https:\\\/\\\/cvinoticias.com\\\/v3\\\/se-detectaron-tres-casos-de-dengue-autoctono-en-la-argentina\\\/\",\"url\":\"https:\\\/\\\/cvinoticias.com\\\/v3\\\/se-detectaron-tres-casos-de-dengue-autoctono-en-la-argentina\\\/\",\"name\":\"Se detectaron tres casos de dengue aut\u00f3ctono en la Argentina | CVI NOTICIAS\",\"isPartOf\":{\"@id\":\"https:\\\/\\\/cvinoticias.com\\\/v3\\\/#website\"},\"primaryImageOfPage\":{\"@id\":\"https:\\\/\\\/cvinoticias.com\\\/v3\\\/se-detectaron-tres-casos-de-dengue-autoctono-en-la-argentina\\\/#primaryimage\"},\"image\":{\"@id\":\"https:\\\/\\\/cvinoticias.com\\\/v3\\\/se-detectaron-tres-casos-de-dengue-autoctono-en-la-argentina\\\/#primaryimage\"},\"thumbnailUrl\":\"https:\\\/\\\/cvinoticias.com\\\/wp-content\\\/uploads\\\/2023\\\/01\\\/portada2_1.jpg_529145118.jpg\",\"datePublished\":\"2023-01-05T18:08:28+00:00\",\"breadcrumb\":{\"@id\":\"https:\\\/\\\/cvinoticias.com\\\/v3\\\/se-detectaron-tres-casos-de-dengue-autoctono-en-la-argentina\\\/#breadcrumb\"},\"inLanguage\":\"es\",\"potentialAction\":[{\"@type\":\"ReadAction\",\"target\":[\"https:\\\/\\\/cvinoticias.com\\\/v3\\\/se-detectaron-tres-casos-de-dengue-autoctono-en-la-argentina\\\/\"]}]},{\"@type\":\"ImageObject\",\"inLanguage\":\"es\",\"@id\":\"https:\\\/\\\/cvinoticias.com\\\/v3\\\/se-detectaron-tres-casos-de-dengue-autoctono-en-la-argentina\\\/#primaryimage\",\"url\":\"https:\\\/\\\/cvinoticias.com\\\/wp-content\\\/uploads\\\/2023\\\/01\\\/portada2_1.jpg_529145118.jpg\",\"contentUrl\":\"https:\\\/\\\/cvinoticias.com\\\/wp-content\\\/uploads\\\/2023\\\/01\\\/portada2_1.jpg_529145118.jpg\",\"width\":368,\"height\":207},{\"@type\":\"BreadcrumbList\",\"@id\":\"https:\\\/\\\/cvinoticias.com\\\/v3\\\/se-detectaron-tres-casos-de-dengue-autoctono-en-la-argentina\\\/#breadcrumb\",\"itemListElement\":[{\"@type\":\"ListItem\",\"position\":1,\"name\":\"Portada\",\"item\":\"https:\\\/\\\/cvinoticias.com\\\/v3\\\/\"},{\"@type\":\"ListItem\",\"position\":2,\"name\":\"Se detectaron tres casos de dengue aut\u00f3ctono en la Argentina\"}]},{\"@type\":\"WebSite\",\"@id\":\"https:\\\/\\\/cvinoticias.com\\\/v3\\\/#website\",\"url\":\"https:\\\/\\\/cvinoticias.com\\\/v3\\\/\",\"name\":\"CVI NOTICIAS\",\"description\":\"\",\"publisher\":{\"@id\":\"https:\\\/\\\/cvinoticias.com\\\/v3\\\/#organization\"},\"alternateName\":\"CVI\",\"potentialAction\":[{\"@type\":\"SearchAction\",\"target\":{\"@type\":\"EntryPoint\",\"urlTemplate\":\"https:\\\/\\\/cvinoticias.com\\\/v3\\\/?s={search_term_string}\"},\"query-input\":{\"@type\":\"PropertyValueSpecification\",\"valueRequired\":true,\"valueName\":\"search_term_string\"}}],\"inLanguage\":\"es\"},{\"@type\":\"Organization\",\"@id\":\"https:\\\/\\\/cvinoticias.com\\\/v3\\\/#organization\",\"name\":\"CVI NOTICIAS\",\"url\":\"https:\\\/\\\/cvinoticias.com\\\/v3\\\/\",\"logo\":{\"@type\":\"ImageObject\",\"inLanguage\":\"es\",\"@id\":\"https:\\\/\\\/cvinoticias.com\\\/v3\\\/#\\\/schema\\\/logo\\\/image\\\/\",\"url\":\"https:\\\/\\\/cvinoticias.com\\\/wp-content\\\/uploads\\\/2023\\\/04\\\/cropped-cropped-cropped-cropped-cropped-3-1.png\",\"contentUrl\":\"https:\\\/\\\/cvinoticias.com\\\/wp-content\\\/uploads\\\/2023\\\/04\\\/cropped-cropped-cropped-cropped-cropped-3-1.png\",\"width\":95,\"height\":122,\"caption\":\"CVI NOTICIAS\"},\"image\":{\"@id\":\"https:\\\/\\\/cvinoticias.com\\\/v3\\\/#\\\/schema\\\/logo\\\/image\\\/\"},\"sameAs\":[\"https:\\\/\\\/www.facebook.com\\\/cvinoticias\",\"https:\\\/\\\/www.instagram.com\\\/cvinoticias\\\/\",\"https:\\\/\\\/www.youtube.com\\\/@CVINOTICIAS\"]},{\"@type\":\"Person\",\"@id\":\"https:\\\/\\\/cvinoticias.com\\\/v3\\\/#\\\/schema\\\/person\\\/2db77e3c6bc03c538495d7b2b8be9b66\",\"name\":\"f1000024\",\"image\":{\"@type\":\"ImageObject\",\"inLanguage\":\"es\",\"@id\":\"https:\\\/\\\/secure.gravatar.com\\\/avatar\\\/d4fe7459cfc51ff5129ce1a732bbef5928568b8092d412ef95611616376bbeed?s=96&d=mm&r=g\",\"url\":\"https:\\\/\\\/secure.gravatar.com\\\/avatar\\\/d4fe7459cfc51ff5129ce1a732bbef5928568b8092d412ef95611616376bbeed?s=96&d=mm&r=g\",\"contentUrl\":\"https:\\\/\\\/secure.gravatar.com\\\/avatar\\\/d4fe7459cfc51ff5129ce1a732bbef5928568b8092d412ef95611616376bbeed?s=96&d=mm&r=g\",\"caption\":\"f1000024\"},\"url\":\"https:\\\/\\\/cvinoticias.com\\\/v3\\\/author\\\/f1000024\\\/\"}]}<\/script>\n<!-- \/ Yoast SEO plugin. -->","yoast_head_json":{"title":"Se detectaron tres casos de dengue aut\u00f3ctono en la Argentina | CVI NOTICIAS","robots":{"index":"index","follow":"follow","max-snippet":"max-snippet:-1","max-image-preview":"max-image-preview:large","max-video-preview":"max-video-preview:-1"},"canonical":"https:\/\/cvinoticias.com\/v3\/se-detectaron-tres-casos-de-dengue-autoctono-en-la-argentina\/","og_locale":"es_ES","og_type":"article","og_title":"Se detectaron tres casos de dengue aut\u00f3ctono en la Argentina | CVI NOTICIAS","og_description":"C\u00f3mo evitar la proliferaci\u00f3n del mosquito que lo transmite. C\u00f3rdoba inform\u00f3 dos casos a fines de diciembre y ahora se suma uno m\u00e1s en la Ciudad de Buenos Aires. Las personas adquirieron la infecci\u00f3n viral a trav\u00e9s de mosquitos dentro de los territorios de esas jurisdicciones y sin haber estado de viaje. El caso de [&hellip;]","og_url":"https:\/\/cvinoticias.com\/v3\/se-detectaron-tres-casos-de-dengue-autoctono-en-la-argentina\/","og_site_name":"CVI NOTICIAS","article_publisher":"https:\/\/www.facebook.com\/cvinoticias","article_published_time":"2023-01-05T18:08:28+00:00","og_image":[{"width":368,"height":207,"url":"https:\/\/cvinoticias.com\/wp-content\/uploads\/2023\/01\/portada2_1.jpg_529145118.jpg","type":"image\/jpeg"}],"author":"f1000024","twitter_card":"summary_large_image","twitter_misc":{"Escrito por":"f1000024","Tiempo de lectura":"3 minutos"},"schema":{"@context":"https:\/\/schema.org","@graph":[{"@type":"Article","@id":"https:\/\/cvinoticias.com\/v3\/se-detectaron-tres-casos-de-dengue-autoctono-en-la-argentina\/#article","isPartOf":{"@id":"https:\/\/cvinoticias.com\/v3\/se-detectaron-tres-casos-de-dengue-autoctono-en-la-argentina\/"},"author":{"name":"f1000024","@id":"https:\/\/cvinoticias.com\/v3\/#\/schema\/person\/2db77e3c6bc03c538495d7b2b8be9b66"},"headline":"Se detectaron tres casos de dengue aut\u00f3ctono en la Argentina","datePublished":"2023-01-05T18:08:28+00:00","mainEntityOfPage":{"@id":"https:\/\/cvinoticias.com\/v3\/se-detectaron-tres-casos-de-dengue-autoctono-en-la-argentina\/"},"wordCount":668,"commentCount":0,"publisher":{"@id":"https:\/\/cvinoticias.com\/v3\/#organization"},"image":{"@id":"https:\/\/cvinoticias.com\/v3\/se-detectaron-tres-casos-de-dengue-autoctono-en-la-argentina\/#primaryimage"},"thumbnailUrl":"https:\/\/cvinoticias.com\/wp-content\/uploads\/2023\/01\/portada2_1.jpg_529145118.jpg","articleSection":["Salud"],"inLanguage":"es","potentialAction":[{"@type":"CommentAction","name":"Comment","target":["https:\/\/cvinoticias.com\/v3\/se-detectaron-tres-casos-de-dengue-autoctono-en-la-argentina\/#respond"]}]},{"@type":"WebPage","@id":"https:\/\/cvinoticias.com\/v3\/se-detectaron-tres-casos-de-dengue-autoctono-en-la-argentina\/","url":"https:\/\/cvinoticias.com\/v3\/se-detectaron-tres-casos-de-dengue-autoctono-en-la-argentina\/","name":"Se detectaron tres casos de dengue aut\u00f3ctono en la Argentina | CVI NOTICIAS","isPartOf":{"@id":"https:\/\/cvinoticias.com\/v3\/#website"},"primaryImageOfPage":{"@id":"https:\/\/cvinoticias.com\/v3\/se-detectaron-tres-casos-de-dengue-autoctono-en-la-argentina\/#primaryimage"},"image":{"@id":"https:\/\/cvinoticias.com\/v3\/se-detectaron-tres-casos-de-dengue-autoctono-en-la-argentina\/#primaryimage"},"thumbnailUrl":"https:\/\/cvinoticias.com\/wp-content\/uploads\/2023\/01\/portada2_1.jpg_529145118.jpg","datePublished":"2023-01-05T18:08:28+00:00","breadcrumb":{"@id":"https:\/\/cvinoticias.com\/v3\/se-detectaron-tres-casos-de-dengue-autoctono-en-la-argentina\/#breadcrumb"},"inLanguage":"es","potentialAction":[{"@type":"ReadAction","target":["https:\/\/cvinoticias.com\/v3\/se-detectaron-tres-casos-de-dengue-autoctono-en-la-argentina\/"]}]},{"@type":"ImageObject","inLanguage":"es","@id":"https:\/\/cvinoticias.com\/v3\/se-detectaron-tres-casos-de-dengue-autoctono-en-la-argentina\/#primaryimage","url":"https:\/\/cvinoticias.com\/wp-content\/uploads\/2023\/01\/portada2_1.jpg_529145118.jpg","contentUrl":"https:\/\/cvinoticias.com\/wp-content\/uploads\/2023\/01\/portada2_1.jpg_529145118.jpg","width":368,"height":207},{"@type":"BreadcrumbList","@id":"https:\/\/cvinoticias.com\/v3\/se-detectaron-tres-casos-de-dengue-autoctono-en-la-argentina\/#breadcrumb","itemListElement":[{"@type":"ListItem","position":1,"name":"Portada","item":"https:\/\/cvinoticias.com\/v3\/"},{"@type":"ListItem","position":2,"name":"Se detectaron tres casos de dengue aut\u00f3ctono en la Argentina"}]},{"@type":"WebSite","@id":"https:\/\/cvinoticias.com\/v3\/#website","url":"https:\/\/cvinoticias.com\/v3\/","name":"CVI NOTICIAS","description":"","publisher":{"@id":"https:\/\/cvinoticias.com\/v3\/#organization"},"alternateName":"CVI","potentialAction":[{"@type":"SearchAction","target":{"@type":"EntryPoint","urlTemplate":"https:\/\/cvinoticias.com\/v3\/?s={search_term_string}"},"query-input":{"@type":"PropertyValueSpecification","valueRequired":true,"valueName":"search_term_string"}}],"inLanguage":"es"},{"@type":"Organization","@id":"https:\/\/cvinoticias.com\/v3\/#organization","name":"CVI NOTICIAS","url":"https:\/\/cvinoticias.com\/v3\/","logo":{"@type":"ImageObject","inLanguage":"es","@id":"https:\/\/cvinoticias.com\/v3\/#\/schema\/logo\/image\/","url":"https:\/\/cvinoticias.com\/wp-content\/uploads\/2023\/04\/cropped-cropped-cropped-cropped-cropped-3-1.png","contentUrl":"https:\/\/cvinoticias.com\/wp-content\/uploads\/2023\/04\/cropped-cropped-cropped-cropped-cropped-3-1.png","width":95,"height":122,"caption":"CVI NOTICIAS"},"image":{"@id":"https:\/\/cvinoticias.com\/v3\/#\/schema\/logo\/image\/"},"sameAs":["https:\/\/www.facebook.com\/cvinoticias","https:\/\/www.instagram.com\/cvinoticias\/","https:\/\/www.youtube.com\/@CVINOTICIAS"]},{"@type":"Person","@id":"https:\/\/cvinoticias.com\/v3\/#\/schema\/person\/2db77e3c6bc03c538495d7b2b8be9b66","name":"f1000024","image":{"@type":"ImageObject","inLanguage":"es","@id":"https:\/\/secure.gravatar.com\/avatar\/d4fe7459cfc51ff5129ce1a732bbef5928568b8092d412ef95611616376bbeed?s=96&d=mm&r=g","url":"https:\/\/secure.gravatar.com\/avatar\/d4fe7459cfc51ff5129ce1a732bbef5928568b8092d412ef95611616376bbeed?s=96&d=mm&r=g","contentUrl":"https:\/\/secure.gravatar.com\/avatar\/d4fe7459cfc51ff5129ce1a732bbef5928568b8092d412ef95611616376bbeed?s=96&d=mm&r=g","caption":"f1000024"},"url":"https:\/\/cvinoticias.com\/v3\/author\/f1000024\/"}]}},"_links":{"self":[{"href":"https:\/\/cvinoticias.com\/v3\/wp-json\/wp\/v2\/posts\/21611","targetHints":{"allow":["GET"]}}],"collection":[{"href":"https:\/\/cvinoticias.com\/v3\/wp-json\/wp\/v2\/posts"}],"about":[{"href":"https:\/\/cvinoticias.com\/v3\/wp-json\/wp\/v2\/types\/post"}],"author":[{"embeddable":true,"href":"https:\/\/cvinoticias.com\/v3\/wp-json\/wp\/v2\/users\/2"}],"replies":[{"embeddable":true,"href":"https:\/\/cvinoticias.com\/v3\/wp-json\/wp\/v2\/comments?post=21611"}],"version-history":[{"count":1,"href":"https:\/\/cvinoticias.com\/v3\/wp-json\/wp\/v2\/posts\/21611\/revisions"}],"predecessor-version":[{"id":21613,"href":"https:\/\/cvinoticias.com\/v3\/wp-json\/wp\/v2\/posts\/21611\/revisions\/21613"}],"wp:featuredmedia":[{"embeddable":true,"href":"https:\/\/cvinoticias.com\/v3\/wp-json\/wp\/v2\/media\/21612"}],"wp:attachment":[{"href":"https:\/\/cvinoticias.com\/v3\/wp-json\/wp\/v2\/media?parent=21611"}],"wp:term":[{"taxonomy":"category","embeddable":true,"href":"https:\/\/cvinoticias.com\/v3\/wp-json\/wp\/v2\/categories?post=21611"},{"taxonomy":"post_tag","embeddable":true,"href":"https:\/\/cvinoticias.com\/v3\/wp-json\/wp\/v2\/tags?post=21611"}],"curies":[{"name":"wp","href":"https:\/\/api.w.org\/{rel}","templated":true}]}}