{"id":21602,"date":"2023-01-05T14:44:30","date_gmt":"2023-01-05T14:44:30","guid":{"rendered":"https:\/\/cvinoticias.com\/v3\/?p=21602"},"modified":"2023-01-05T14:44:30","modified_gmt":"2023-01-05T14:44:30","slug":"el-papa-francisco-despidio-a-benedicto-xvi-como-un-pastor-que-tuvo-sabiduria-y-entrega","status":"publish","type":"post","link":"https:\/\/cvinoticias.com\/v3\/el-papa-francisco-despidio-a-benedicto-xvi-como-un-pastor-que-tuvo-sabiduria-y-entrega\/","title":{"rendered":"El Papa Francisco despidi\u00f3 a Benedicto XVI como un \u00abpastor\u00bb que tuvo \u00absabidur\u00eda y entrega\u00bb"},"content":{"rendered":"\n<p><strong><em>El papa Francisco despidi\u00f3 este jueves al \u00abpastor\u00bb Benedicto XVI al presidir ante 50.000 personas en Plaza San Pedro el funeral del pont\u00edfice em\u00e9rito fallecido el s\u00e1bado a los 95 a\u00f1os y destac\u00f3 que su antecesor tuvo \u00absabidur\u00eda, delicadeza y <\/em><\/strong><em><strong>entrega<\/strong><\/em>\u00ab.<\/p>\n\n\n\n<p>\u00abEs el pueblo fiel de Dios que, reunido, acompa\u00f1a y conf\u00eda la vida de quien fuera su pastor\u00bb, plante\u00f3 Francisco durante la homil\u00eda de la misa con la que despide esta ma\u00f1ana al alem\u00e1n Joseph Ratzinger, Papa reinante entre 2005 y su renuncia de febrero de 2013.<\/p>\n\n\n\n<p>En su mensaje, de hecho, Francisco pareci\u00f3 aludir a la dimisi\u00f3n de Benedicto y, tras citar un texto de San Gregorio Magno, record\u00f3 \u00abla conciencia del pastor que no puede llevar solo lo que, en realidad, nunca podr\u00eda soportar solo y, por eso, es capaz de abandonarse a la oraci\u00f3n y al cuidado del pueblo que le fue confiado\u00bb.<\/p>\n\n\n\n<p>Tras su renuncia, basada en falta de fuerzas y luego de una serie de crisis internas por la filtraci\u00f3n de documentos secretos y esc\u00e1ndalos vinculados a los abusos por parte de miembros del clero, Benedicto se recluy\u00f3 en un monasterio de los jardines vaticanos en el que falleci\u00f3 el 31 de diciembre.<\/p>\n\n\n\n<p>Un total de 50.000 personas participaron del funeral, la mitad de las previsiones, de acuerdo a lo informado por la oficina de Prensa de la Santa Sede en base a datos de la Gendarmer\u00eda vaticana.<\/p>\n\n\n\n<figure class=\"wp-block-image size-full\"><a href=\"https:\/\/cvinoticias.com\/wp-content\/uploads\/2023\/01\/LGY7QROPPFC5LBFWBKD3LECU3Y.jpeg\"><img decoding=\"async\" width=\"879\" height=\"586\" data-src=\"https:\/\/cvinoticias.com\/wp-content\/uploads\/2023\/01\/LGY7QROPPFC5LBFWBKD3LECU3Y.jpeg\" alt=\"\" class=\"wp-image-21603 lazyload\" data-srcset=\"https:\/\/cvinoticias.com\/wp-content\/uploads\/2023\/01\/LGY7QROPPFC5LBFWBKD3LECU3Y.jpeg 879w, https:\/\/cvinoticias.com\/wp-content\/uploads\/2023\/01\/LGY7QROPPFC5LBFWBKD3LECU3Y-300x200.jpeg 300w, https:\/\/cvinoticias.com\/wp-content\/uploads\/2023\/01\/LGY7QROPPFC5LBFWBKD3LECU3Y-768x512.jpeg 768w\" data-sizes=\"(max-width: 879px) 100vw, 879px\" src=\"data:image\/svg+xml;base64,PHN2ZyB3aWR0aD0iMSIgaGVpZ2h0PSIxIiB4bWxucz0iaHR0cDovL3d3dy53My5vcmcvMjAwMC9zdmciPjwvc3ZnPg==\" style=\"--smush-placeholder-width: 879px; --smush-placeholder-aspect-ratio: 879\/586;\" \/><\/a><\/figure>\n\n\n\n<p>\u00abComo las mujeres del Evangelio en el sepulcro, estamos aqu\u00ed con el perfume de la gratitud y el ung\u00fcento de la esperanza para demostrarle, una vez m\u00e1s, ese amor que no se pierde; queremos hacerlo con la misma unci\u00f3n, sabidur\u00eda, delicadeza y entrega que \u00e9l supo esparcir a lo largo de los a\u00f1os\u00bb, agreg\u00f3 Francisco en la ceremonia iniciada a las 9.30 de Roma en medio de un fuerte operativo de seguridad.<\/p>\n\n\n\n<p>Minutos antes de las 9, cuando la niebla presente en Roma hac\u00eda a\u00fan imposible distinguir la famosa c\u00fapula de la Bas\u00edlica, el f\u00e9retro con el cuerpo del Papa em\u00e9rito fue depositado en la explanada de San Pedro para que los fieles recen el \u00abRosario\u00bb, una oraci\u00f3n cat\u00f3lica, en su homenaje.<\/p>\n\n\n\n<p>Tras el funeral, Francisco presidi\u00f3 luego el rito de la Ultima Commendatio (la \u00faltima recomendaci\u00f3n) y la Valedictio (la despedida), con el que el cuerpo de Benedicto XVI quedar\u00e1 ya dentro de la cripta en la que antes estuvo Juan Pablo II. Mientras el ata\u00fad con Benedicto era transportado hacia dentro de la Bas\u00edlica, Francisco, de pie frente a los 12 funcionarios vaticanos que llevaron el f\u00e9retro, apoy\u00f3 su mano derecha y le dio el \u00faltimo saludo.<\/p>\n\n\n\n<p>Ratzinger, que fue elegido Papa en abril de 2005 y renunci\u00f3 luego en febrero de 2013, ser\u00e1 enterrado este mediod\u00eda italiano con un \u00abrogito\u00bb, un pergamino que describe los momentos m\u00e1s destacados de su vida en el que el Vaticano quiso destacar que el pont\u00edfice em\u00e9rito \u00abluch\u00f3 con firmeza contra los delitos cometidos por representantes del clero contra menores o personas vulnerables, llamando continuamente a la Iglesia a la conversi\u00f3n, a la oraci\u00f3n, a la penitencia y purificaci\u00f3n\u00bb.<\/p>\n\n\n\n<p>Al tratarse de las exequias de un Papa em\u00e9rito, el funeral no es considerado \u00abde Estado\u00bb, por lo que solo hay delegaciones oficiales de Italia y de la Alemania natal de Joseph Ratzinger, aunque una decena de jefes de Estado y representantes de monarqu\u00edas europeas asisten a la ceremonia \u00aba t\u00edtulo personal\u00bb.<\/p>\n\n\n\n<p>Otra de las diferencias entre la ceremonia de este jueves y las que se realizan en caso de muerte de un Papa en funciones es que el Vaticano no decret\u00f3 feriado de sus oficinas, que permanecen abiertas con un sistema de guardias m\u00e1s all\u00e1 de que algunos de los trabajadores asistan a la celebraci\u00f3n.<\/p>\n\n\n\n<p>Junto a Francisco, 3.700 sacerdotes de todo el mundo concelebraron la misa, adem\u00e1s de m\u00e1s de 120 cardenales y 400 obispos.<\/p>\n\n\n\n<figure class=\"wp-block-image size-full is-resized\"><a href=\"https:\/\/cvinoticias.com\/wp-content\/uploads\/2023\/01\/CUIWYMFJYZA2HO6FXG6ZFYX4YA.jpeg\"><img decoding=\"async\" data-src=\"https:\/\/cvinoticias.com\/wp-content\/uploads\/2023\/01\/CUIWYMFJYZA2HO6FXG6ZFYX4YA.jpeg\" alt=\"\" class=\"wp-image-21604 lazyload\" width=\"679\" height=\"453\" data-srcset=\"https:\/\/cvinoticias.com\/wp-content\/uploads\/2023\/01\/CUIWYMFJYZA2HO6FXG6ZFYX4YA.jpeg 309w, https:\/\/cvinoticias.com\/wp-content\/uploads\/2023\/01\/CUIWYMFJYZA2HO6FXG6ZFYX4YA-300x200.jpeg 300w\" data-sizes=\"(max-width: 679px) 100vw, 679px\" src=\"data:image\/svg+xml;base64,PHN2ZyB3aWR0aD0iMSIgaGVpZ2h0PSIxIiB4bWxucz0iaHR0cDovL3d3dy53My5vcmcvMjAwMC9zdmciPjwvc3ZnPg==\" style=\"--smush-placeholder-width: 679px; --smush-placeholder-aspect-ratio: 679\/453;\" \/><\/a><\/figure>\n\n\n\n<p>Entre las personalidades presentes se encuentran tambi\u00e9n los presidentes de Polonia, Andrzej Duda; de Hungr\u00eda, Katalin Novak, y de Portugal, Marcelo Nuno Duarte Rebelo de Sousa, y el gobernador de la Baviera natal de Benedicto XVI, Markus S\u00f6der. El exvicepresidente de Taiw\u00e1n y actual miembro de la Pontificia Academia de Ciencias del Vaticano, Chen Chien-jen, es otro de los asistentes, al igual que el ministro del Interior franc\u00e9s, G\u00e9rald Darmanin. Represent\u00f3 a la Argentina la embajadora ante la Santa Sede, Mar\u00eda Fernanda Silva.<\/p>\n","protected":false},"excerpt":{"rendered":"<p>El papa Francisco despidi\u00f3 este jueves al \u00abpastor\u00bb Benedicto XVI al presidir ante 50.000 personas en Plaza San Pedro el funeral del pont\u00edfice em\u00e9rito fallecido el s\u00e1bado a los 95 a\u00f1os y destac\u00f3 que su antecesor tuvo \u00absabidur\u00eda, delicadeza y entrega\u00ab. \u00abEs el pueblo fiel de Dios que, reunido, acompa\u00f1a y conf\u00eda la vida de [&hellip;]<\/p>\n","protected":false},"author":2,"featured_media":21605,"comment_status":"open","ping_status":"open","sticky":false,"template":"","format":"standard","meta":{"footnotes":""},"categories":[36],"tags":[],"class_list":["post-21602","post","type-post","status-publish","format-standard","has-post-thumbnail","hentry","category-internacionales"],"yoast_head":"<!-- This site is optimized with the Yoast SEO plugin v27.5 - https:\/\/yoast.com\/product\/yoast-seo-wordpress\/ -->\n<title>El Papa Francisco despidi\u00f3 a Benedicto XVI como un &quot;pastor&quot; que tuvo &quot;sabidur\u00eda y entrega&quot; | CVI NOTICIAS<\/title>\n<meta name=\"robots\" content=\"index, follow, max-snippet:-1, max-image-preview:large, max-video-preview:-1\" \/>\n<link rel=\"canonical\" href=\"https:\/\/cvinoticias.com\/v3\/el-papa-francisco-despidio-a-benedicto-xvi-como-un-pastor-que-tuvo-sabiduria-y-entrega\/\" \/>\n<meta property=\"og:locale\" content=\"es_ES\" \/>\n<meta property=\"og:type\" content=\"article\" \/>\n<meta property=\"og:title\" content=\"El Papa Francisco despidi\u00f3 a Benedicto XVI como un &quot;pastor&quot; que tuvo &quot;sabidur\u00eda y entrega&quot; | CVI NOTICIAS\" \/>\n<meta property=\"og:description\" content=\"El papa Francisco despidi\u00f3 este jueves al \u00abpastor\u00bb Benedicto XVI al presidir ante 50.000 personas en Plaza San Pedro el funeral del pont\u00edfice em\u00e9rito fallecido el s\u00e1bado a los 95 a\u00f1os y destac\u00f3 que su antecesor tuvo \u00absabidur\u00eda, delicadeza y entrega\u00ab. \u00abEs el pueblo fiel de Dios que, reunido, acompa\u00f1a y conf\u00eda la vida de [&hellip;]\" \/>\n<meta property=\"og:url\" content=\"https:\/\/cvinoticias.com\/v3\/el-papa-francisco-despidio-a-benedicto-xvi-como-un-pastor-que-tuvo-sabiduria-y-entrega\/\" \/>\n<meta property=\"og:site_name\" content=\"CVI NOTICIAS\" \/>\n<meta property=\"article:publisher\" content=\"https:\/\/www.facebook.com\/cvinoticias\" \/>\n<meta property=\"article:published_time\" content=\"2023-01-05T14:44:30+00:00\" \/>\n<meta property=\"og:image\" content=\"https:\/\/cvinoticias.com\/wp-content\/uploads\/2023\/01\/funeral-benedicto-xvijpg.jpg\" \/>\n\t<meta property=\"og:image:width\" content=\"1200\" \/>\n\t<meta property=\"og:image:height\" content=\"675\" \/>\n\t<meta property=\"og:image:type\" content=\"image\/jpeg\" \/>\n<meta name=\"author\" content=\"f1000024\" \/>\n<meta name=\"twitter:card\" content=\"summary_large_image\" \/>\n<meta name=\"twitter:label1\" content=\"Escrito por\" \/>\n\t<meta name=\"twitter:data1\" content=\"f1000024\" \/>\n\t<meta name=\"twitter:label2\" content=\"Tiempo de lectura\" \/>\n\t<meta name=\"twitter:data2\" content=\"4 minutos\" \/>\n<script type=\"application\/ld+json\" class=\"yoast-schema-graph\">{\"@context\":\"https:\\\/\\\/schema.org\",\"@graph\":[{\"@type\":\"Article\",\"@id\":\"https:\\\/\\\/cvinoticias.com\\\/v3\\\/el-papa-francisco-despidio-a-benedicto-xvi-como-un-pastor-que-tuvo-sabiduria-y-entrega\\\/#article\",\"isPartOf\":{\"@id\":\"https:\\\/\\\/cvinoticias.com\\\/v3\\\/el-papa-francisco-despidio-a-benedicto-xvi-como-un-pastor-que-tuvo-sabiduria-y-entrega\\\/\"},\"author\":{\"name\":\"f1000024\",\"@id\":\"https:\\\/\\\/cvinoticias.com\\\/v3\\\/#\\\/schema\\\/person\\\/2db77e3c6bc03c538495d7b2b8be9b66\"},\"headline\":\"El Papa Francisco despidi\u00f3 a Benedicto XVI como un \u00abpastor\u00bb que tuvo \u00absabidur\u00eda y entrega\u00bb\",\"datePublished\":\"2023-01-05T14:44:30+00:00\",\"mainEntityOfPage\":{\"@id\":\"https:\\\/\\\/cvinoticias.com\\\/v3\\\/el-papa-francisco-despidio-a-benedicto-xvi-como-un-pastor-que-tuvo-sabiduria-y-entrega\\\/\"},\"wordCount\":777,\"commentCount\":0,\"publisher\":{\"@id\":\"https:\\\/\\\/cvinoticias.com\\\/v3\\\/#organization\"},\"image\":{\"@id\":\"https:\\\/\\\/cvinoticias.com\\\/v3\\\/el-papa-francisco-despidio-a-benedicto-xvi-como-un-pastor-que-tuvo-sabiduria-y-entrega\\\/#primaryimage\"},\"thumbnailUrl\":\"https:\\\/\\\/cvinoticias.com\\\/wp-content\\\/uploads\\\/2023\\\/01\\\/funeral-benedicto-xvijpg.jpg\",\"articleSection\":[\"Internacionales\"],\"inLanguage\":\"es\",\"potentialAction\":[{\"@type\":\"CommentAction\",\"name\":\"Comment\",\"target\":[\"https:\\\/\\\/cvinoticias.com\\\/v3\\\/el-papa-francisco-despidio-a-benedicto-xvi-como-un-pastor-que-tuvo-sabiduria-y-entrega\\\/#respond\"]}]},{\"@type\":\"WebPage\",\"@id\":\"https:\\\/\\\/cvinoticias.com\\\/v3\\\/el-papa-francisco-despidio-a-benedicto-xvi-como-un-pastor-que-tuvo-sabiduria-y-entrega\\\/\",\"url\":\"https:\\\/\\\/cvinoticias.com\\\/v3\\\/el-papa-francisco-despidio-a-benedicto-xvi-como-un-pastor-que-tuvo-sabiduria-y-entrega\\\/\",\"name\":\"El Papa Francisco despidi\u00f3 a Benedicto XVI como un \\\"pastor\\\" que tuvo \\\"sabidur\u00eda y entrega\\\" | CVI NOTICIAS\",\"isPartOf\":{\"@id\":\"https:\\\/\\\/cvinoticias.com\\\/v3\\\/#website\"},\"primaryImageOfPage\":{\"@id\":\"https:\\\/\\\/cvinoticias.com\\\/v3\\\/el-papa-francisco-despidio-a-benedicto-xvi-como-un-pastor-que-tuvo-sabiduria-y-entrega\\\/#primaryimage\"},\"image\":{\"@id\":\"https:\\\/\\\/cvinoticias.com\\\/v3\\\/el-papa-francisco-despidio-a-benedicto-xvi-como-un-pastor-que-tuvo-sabiduria-y-entrega\\\/#primaryimage\"},\"thumbnailUrl\":\"https:\\\/\\\/cvinoticias.com\\\/wp-content\\\/uploads\\\/2023\\\/01\\\/funeral-benedicto-xvijpg.jpg\",\"datePublished\":\"2023-01-05T14:44:30+00:00\",\"breadcrumb\":{\"@id\":\"https:\\\/\\\/cvinoticias.com\\\/v3\\\/el-papa-francisco-despidio-a-benedicto-xvi-como-un-pastor-que-tuvo-sabiduria-y-entrega\\\/#breadcrumb\"},\"inLanguage\":\"es\",\"potentialAction\":[{\"@type\":\"ReadAction\",\"target\":[\"https:\\\/\\\/cvinoticias.com\\\/v3\\\/el-papa-francisco-despidio-a-benedicto-xvi-como-un-pastor-que-tuvo-sabiduria-y-entrega\\\/\"]}]},{\"@type\":\"ImageObject\",\"inLanguage\":\"es\",\"@id\":\"https:\\\/\\\/cvinoticias.com\\\/v3\\\/el-papa-francisco-despidio-a-benedicto-xvi-como-un-pastor-que-tuvo-sabiduria-y-entrega\\\/#primaryimage\",\"url\":\"https:\\\/\\\/cvinoticias.com\\\/wp-content\\\/uploads\\\/2023\\\/01\\\/funeral-benedicto-xvijpg.jpg\",\"contentUrl\":\"https:\\\/\\\/cvinoticias.com\\\/wp-content\\\/uploads\\\/2023\\\/01\\\/funeral-benedicto-xvijpg.jpg\",\"width\":1200,\"height\":675},{\"@type\":\"BreadcrumbList\",\"@id\":\"https:\\\/\\\/cvinoticias.com\\\/v3\\\/el-papa-francisco-despidio-a-benedicto-xvi-como-un-pastor-que-tuvo-sabiduria-y-entrega\\\/#breadcrumb\",\"itemListElement\":[{\"@type\":\"ListItem\",\"position\":1,\"name\":\"Portada\",\"item\":\"https:\\\/\\\/cvinoticias.com\\\/v3\\\/\"},{\"@type\":\"ListItem\",\"position\":2,\"name\":\"El Papa Francisco despidi\u00f3 a Benedicto XVI como un \u00abpastor\u00bb que tuvo \u00absabidur\u00eda y entrega\u00bb\"}]},{\"@type\":\"WebSite\",\"@id\":\"https:\\\/\\\/cvinoticias.com\\\/v3\\\/#website\",\"url\":\"https:\\\/\\\/cvinoticias.com\\\/v3\\\/\",\"name\":\"CVI NOTICIAS\",\"description\":\"\",\"publisher\":{\"@id\":\"https:\\\/\\\/cvinoticias.com\\\/v3\\\/#organization\"},\"alternateName\":\"CVI\",\"potentialAction\":[{\"@type\":\"SearchAction\",\"target\":{\"@type\":\"EntryPoint\",\"urlTemplate\":\"https:\\\/\\\/cvinoticias.com\\\/v3\\\/?s={search_term_string}\"},\"query-input\":{\"@type\":\"PropertyValueSpecification\",\"valueRequired\":true,\"valueName\":\"search_term_string\"}}],\"inLanguage\":\"es\"},{\"@type\":\"Organization\",\"@id\":\"https:\\\/\\\/cvinoticias.com\\\/v3\\\/#organization\",\"name\":\"CVI NOTICIAS\",\"url\":\"https:\\\/\\\/cvinoticias.com\\\/v3\\\/\",\"logo\":{\"@type\":\"ImageObject\",\"inLanguage\":\"es\",\"@id\":\"https:\\\/\\\/cvinoticias.com\\\/v3\\\/#\\\/schema\\\/logo\\\/image\\\/\",\"url\":\"https:\\\/\\\/cvinoticias.com\\\/wp-content\\\/uploads\\\/2023\\\/04\\\/cropped-cropped-cropped-cropped-cropped-3-1.png\",\"contentUrl\":\"https:\\\/\\\/cvinoticias.com\\\/wp-content\\\/uploads\\\/2023\\\/04\\\/cropped-cropped-cropped-cropped-cropped-3-1.png\",\"width\":95,\"height\":122,\"caption\":\"CVI NOTICIAS\"},\"image\":{\"@id\":\"https:\\\/\\\/cvinoticias.com\\\/v3\\\/#\\\/schema\\\/logo\\\/image\\\/\"},\"sameAs\":[\"https:\\\/\\\/www.facebook.com\\\/cvinoticias\",\"https:\\\/\\\/www.instagram.com\\\/cvinoticias\\\/\",\"https:\\\/\\\/www.youtube.com\\\/@CVINOTICIAS\"]},{\"@type\":\"Person\",\"@id\":\"https:\\\/\\\/cvinoticias.com\\\/v3\\\/#\\\/schema\\\/person\\\/2db77e3c6bc03c538495d7b2b8be9b66\",\"name\":\"f1000024\",\"image\":{\"@type\":\"ImageObject\",\"inLanguage\":\"es\",\"@id\":\"https:\\\/\\\/secure.gravatar.com\\\/avatar\\\/d4fe7459cfc51ff5129ce1a732bbef5928568b8092d412ef95611616376bbeed?s=96&d=mm&r=g\",\"url\":\"https:\\\/\\\/secure.gravatar.com\\\/avatar\\\/d4fe7459cfc51ff5129ce1a732bbef5928568b8092d412ef95611616376bbeed?s=96&d=mm&r=g\",\"contentUrl\":\"https:\\\/\\\/secure.gravatar.com\\\/avatar\\\/d4fe7459cfc51ff5129ce1a732bbef5928568b8092d412ef95611616376bbeed?s=96&d=mm&r=g\",\"caption\":\"f1000024\"},\"url\":\"https:\\\/\\\/cvinoticias.com\\\/v3\\\/author\\\/f1000024\\\/\"}]}<\/script>\n<!-- \/ Yoast SEO plugin. -->","yoast_head_json":{"title":"El Papa Francisco despidi\u00f3 a Benedicto XVI como un \"pastor\" que tuvo \"sabidur\u00eda y entrega\" | CVI NOTICIAS","robots":{"index":"index","follow":"follow","max-snippet":"max-snippet:-1","max-image-preview":"max-image-preview:large","max-video-preview":"max-video-preview:-1"},"canonical":"https:\/\/cvinoticias.com\/v3\/el-papa-francisco-despidio-a-benedicto-xvi-como-un-pastor-que-tuvo-sabiduria-y-entrega\/","og_locale":"es_ES","og_type":"article","og_title":"El Papa Francisco despidi\u00f3 a Benedicto XVI como un \"pastor\" que tuvo \"sabidur\u00eda y entrega\" | CVI NOTICIAS","og_description":"El papa Francisco despidi\u00f3 este jueves al \u00abpastor\u00bb Benedicto XVI al presidir ante 50.000 personas en Plaza San Pedro el funeral del pont\u00edfice em\u00e9rito fallecido el s\u00e1bado a los 95 a\u00f1os y destac\u00f3 que su antecesor tuvo \u00absabidur\u00eda, delicadeza y entrega\u00ab. \u00abEs el pueblo fiel de Dios que, reunido, acompa\u00f1a y conf\u00eda la vida de [&hellip;]","og_url":"https:\/\/cvinoticias.com\/v3\/el-papa-francisco-despidio-a-benedicto-xvi-como-un-pastor-que-tuvo-sabiduria-y-entrega\/","og_site_name":"CVI NOTICIAS","article_publisher":"https:\/\/www.facebook.com\/cvinoticias","article_published_time":"2023-01-05T14:44:30+00:00","og_image":[{"width":1200,"height":675,"url":"https:\/\/cvinoticias.com\/wp-content\/uploads\/2023\/01\/funeral-benedicto-xvijpg.jpg","type":"image\/jpeg"}],"author":"f1000024","twitter_card":"summary_large_image","twitter_misc":{"Escrito por":"f1000024","Tiempo de lectura":"4 minutos"},"schema":{"@context":"https:\/\/schema.org","@graph":[{"@type":"Article","@id":"https:\/\/cvinoticias.com\/v3\/el-papa-francisco-despidio-a-benedicto-xvi-como-un-pastor-que-tuvo-sabiduria-y-entrega\/#article","isPartOf":{"@id":"https:\/\/cvinoticias.com\/v3\/el-papa-francisco-despidio-a-benedicto-xvi-como-un-pastor-que-tuvo-sabiduria-y-entrega\/"},"author":{"name":"f1000024","@id":"https:\/\/cvinoticias.com\/v3\/#\/schema\/person\/2db77e3c6bc03c538495d7b2b8be9b66"},"headline":"El Papa Francisco despidi\u00f3 a Benedicto XVI como un \u00abpastor\u00bb que tuvo \u00absabidur\u00eda y entrega\u00bb","datePublished":"2023-01-05T14:44:30+00:00","mainEntityOfPage":{"@id":"https:\/\/cvinoticias.com\/v3\/el-papa-francisco-despidio-a-benedicto-xvi-como-un-pastor-que-tuvo-sabiduria-y-entrega\/"},"wordCount":777,"commentCount":0,"publisher":{"@id":"https:\/\/cvinoticias.com\/v3\/#organization"},"image":{"@id":"https:\/\/cvinoticias.com\/v3\/el-papa-francisco-despidio-a-benedicto-xvi-como-un-pastor-que-tuvo-sabiduria-y-entrega\/#primaryimage"},"thumbnailUrl":"https:\/\/cvinoticias.com\/wp-content\/uploads\/2023\/01\/funeral-benedicto-xvijpg.jpg","articleSection":["Internacionales"],"inLanguage":"es","potentialAction":[{"@type":"CommentAction","name":"Comment","target":["https:\/\/cvinoticias.com\/v3\/el-papa-francisco-despidio-a-benedicto-xvi-como-un-pastor-que-tuvo-sabiduria-y-entrega\/#respond"]}]},{"@type":"WebPage","@id":"https:\/\/cvinoticias.com\/v3\/el-papa-francisco-despidio-a-benedicto-xvi-como-un-pastor-que-tuvo-sabiduria-y-entrega\/","url":"https:\/\/cvinoticias.com\/v3\/el-papa-francisco-despidio-a-benedicto-xvi-como-un-pastor-que-tuvo-sabiduria-y-entrega\/","name":"El Papa Francisco despidi\u00f3 a Benedicto XVI como un \"pastor\" que tuvo \"sabidur\u00eda y entrega\" | CVI NOTICIAS","isPartOf":{"@id":"https:\/\/cvinoticias.com\/v3\/#website"},"primaryImageOfPage":{"@id":"https:\/\/cvinoticias.com\/v3\/el-papa-francisco-despidio-a-benedicto-xvi-como-un-pastor-que-tuvo-sabiduria-y-entrega\/#primaryimage"},"image":{"@id":"https:\/\/cvinoticias.com\/v3\/el-papa-francisco-despidio-a-benedicto-xvi-como-un-pastor-que-tuvo-sabiduria-y-entrega\/#primaryimage"},"thumbnailUrl":"https:\/\/cvinoticias.com\/wp-content\/uploads\/2023\/01\/funeral-benedicto-xvijpg.jpg","datePublished":"2023-01-05T14:44:30+00:00","breadcrumb":{"@id":"https:\/\/cvinoticias.com\/v3\/el-papa-francisco-despidio-a-benedicto-xvi-como-un-pastor-que-tuvo-sabiduria-y-entrega\/#breadcrumb"},"inLanguage":"es","potentialAction":[{"@type":"ReadAction","target":["https:\/\/cvinoticias.com\/v3\/el-papa-francisco-despidio-a-benedicto-xvi-como-un-pastor-que-tuvo-sabiduria-y-entrega\/"]}]},{"@type":"ImageObject","inLanguage":"es","@id":"https:\/\/cvinoticias.com\/v3\/el-papa-francisco-despidio-a-benedicto-xvi-como-un-pastor-que-tuvo-sabiduria-y-entrega\/#primaryimage","url":"https:\/\/cvinoticias.com\/wp-content\/uploads\/2023\/01\/funeral-benedicto-xvijpg.jpg","contentUrl":"https:\/\/cvinoticias.com\/wp-content\/uploads\/2023\/01\/funeral-benedicto-xvijpg.jpg","width":1200,"height":675},{"@type":"BreadcrumbList","@id":"https:\/\/cvinoticias.com\/v3\/el-papa-francisco-despidio-a-benedicto-xvi-como-un-pastor-que-tuvo-sabiduria-y-entrega\/#breadcrumb","itemListElement":[{"@type":"ListItem","position":1,"name":"Portada","item":"https:\/\/cvinoticias.com\/v3\/"},{"@type":"ListItem","position":2,"name":"El Papa Francisco despidi\u00f3 a Benedicto XVI como un \u00abpastor\u00bb que tuvo \u00absabidur\u00eda y entrega\u00bb"}]},{"@type":"WebSite","@id":"https:\/\/cvinoticias.com\/v3\/#website","url":"https:\/\/cvinoticias.com\/v3\/","name":"CVI NOTICIAS","description":"","publisher":{"@id":"https:\/\/cvinoticias.com\/v3\/#organization"},"alternateName":"CVI","potentialAction":[{"@type":"SearchAction","target":{"@type":"EntryPoint","urlTemplate":"https:\/\/cvinoticias.com\/v3\/?s={search_term_string}"},"query-input":{"@type":"PropertyValueSpecification","valueRequired":true,"valueName":"search_term_string"}}],"inLanguage":"es"},{"@type":"Organization","@id":"https:\/\/cvinoticias.com\/v3\/#organization","name":"CVI NOTICIAS","url":"https:\/\/cvinoticias.com\/v3\/","logo":{"@type":"ImageObject","inLanguage":"es","@id":"https:\/\/cvinoticias.com\/v3\/#\/schema\/logo\/image\/","url":"https:\/\/cvinoticias.com\/wp-content\/uploads\/2023\/04\/cropped-cropped-cropped-cropped-cropped-3-1.png","contentUrl":"https:\/\/cvinoticias.com\/wp-content\/uploads\/2023\/04\/cropped-cropped-cropped-cropped-cropped-3-1.png","width":95,"height":122,"caption":"CVI NOTICIAS"},"image":{"@id":"https:\/\/cvinoticias.com\/v3\/#\/schema\/logo\/image\/"},"sameAs":["https:\/\/www.facebook.com\/cvinoticias","https:\/\/www.instagram.com\/cvinoticias\/","https:\/\/www.youtube.com\/@CVINOTICIAS"]},{"@type":"Person","@id":"https:\/\/cvinoticias.com\/v3\/#\/schema\/person\/2db77e3c6bc03c538495d7b2b8be9b66","name":"f1000024","image":{"@type":"ImageObject","inLanguage":"es","@id":"https:\/\/secure.gravatar.com\/avatar\/d4fe7459cfc51ff5129ce1a732bbef5928568b8092d412ef95611616376bbeed?s=96&d=mm&r=g","url":"https:\/\/secure.gravatar.com\/avatar\/d4fe7459cfc51ff5129ce1a732bbef5928568b8092d412ef95611616376bbeed?s=96&d=mm&r=g","contentUrl":"https:\/\/secure.gravatar.com\/avatar\/d4fe7459cfc51ff5129ce1a732bbef5928568b8092d412ef95611616376bbeed?s=96&d=mm&r=g","caption":"f1000024"},"url":"https:\/\/cvinoticias.com\/v3\/author\/f1000024\/"}]}},"_links":{"self":[{"href":"https:\/\/cvinoticias.com\/v3\/wp-json\/wp\/v2\/posts\/21602","targetHints":{"allow":["GET"]}}],"collection":[{"href":"https:\/\/cvinoticias.com\/v3\/wp-json\/wp\/v2\/posts"}],"about":[{"href":"https:\/\/cvinoticias.com\/v3\/wp-json\/wp\/v2\/types\/post"}],"author":[{"embeddable":true,"href":"https:\/\/cvinoticias.com\/v3\/wp-json\/wp\/v2\/users\/2"}],"replies":[{"embeddable":true,"href":"https:\/\/cvinoticias.com\/v3\/wp-json\/wp\/v2\/comments?post=21602"}],"version-history":[{"count":1,"href":"https:\/\/cvinoticias.com\/v3\/wp-json\/wp\/v2\/posts\/21602\/revisions"}],"predecessor-version":[{"id":21606,"href":"https:\/\/cvinoticias.com\/v3\/wp-json\/wp\/v2\/posts\/21602\/revisions\/21606"}],"wp:featuredmedia":[{"embeddable":true,"href":"https:\/\/cvinoticias.com\/v3\/wp-json\/wp\/v2\/media\/21605"}],"wp:attachment":[{"href":"https:\/\/cvinoticias.com\/v3\/wp-json\/wp\/v2\/media?parent=21602"}],"wp:term":[{"taxonomy":"category","embeddable":true,"href":"https:\/\/cvinoticias.com\/v3\/wp-json\/wp\/v2\/categories?post=21602"},{"taxonomy":"post_tag","embeddable":true,"href":"https:\/\/cvinoticias.com\/v3\/wp-json\/wp\/v2\/tags?post=21602"}],"curies":[{"name":"wp","href":"https:\/\/api.w.org\/{rel}","templated":true}]}}