{"id":21584,"date":"2023-01-04T12:13:11","date_gmt":"2023-01-04T12:13:11","guid":{"rendered":"https:\/\/cvinoticias.com\/v3\/?p=21584"},"modified":"2023-01-04T12:13:11","modified_gmt":"2023-01-04T12:13:11","slug":"el-inadi-exige-justicia-por-el-crimen-racial-de-fernando-baez-sosa","status":"publish","type":"post","link":"https:\/\/cvinoticias.com\/v3\/el-inadi-exige-justicia-por-el-crimen-racial-de-fernando-baez-sosa\/","title":{"rendered":"El Inadi exige justicia por el crimen racial de Fernando B\u00e1ez Sosa"},"content":{"rendered":"\n<p><strong><em>Junto con organizaciones, pidieron el compromiso de todos los actores del Estado y la sociedad civil organizada para desmontar prejuicios y garantizar una sociedad igualitaria, justa y democr\u00e1tica.<\/em><\/strong><\/p>\n\n\n\n<p>A pocas horas de haber comenzado el juicio por el brutal asesinato de Fernando B\u00e1ez Sosa, el joven asesinado por una patota de rugbiers en Villa Gesell, el 18 de enero de 2020, el Instituto Nacional contra la Discriminaci\u00f3n, la Xenofobia y el Racismo (Inadi), por impulso de la mesa de trabajo para la Promoci\u00f3n de Derechos de las Personas Migrantes en Argentina, junto con las organizaciones de la sociedad civil firmantes, acompa\u00f1a a la familia y exige justicia frente a este crimen racial que forma parte de la violencia sistem\u00e1tica de la cual son v\u00edctimas las personas racializadas -ind\u00edgenas y afrodescendientes- en nuestro pa\u00eds.<\/p>\n\n\n\n<p>A casi tres a\u00f1os del crimen, ayer comenzaron las audiencias en los Tribunales de Dolores para determinar la responsabilidad de los ocho acusados por \u201chomicidio agravado por alevos\u00eda y por el concurso premeditado de dos o m\u00e1s personas\u201d, y tambi\u00e9n por \u201clesiones leves\u201d\u2008sufridas por amigos de Fernando que estaban junto a \u00e9l en la madrugada del crimen. Juicio que puede continuar leyendo en la secci\u00f3n Trama.<\/p>\n\n\n\n<p>Por su parte, desde el Inadi se\u00f1alaron: \u201cEntendemos que aunque la car\u00e1tula no contemple el homicidio agravado por el odio racial no debemos olvidar que al grito de es un negro de mierda m\u00e1tenlo, seg\u00fan im\u00e1genes y testigos, el 18 de enero, pasadas las 5 de la madrugada, Fernando fue atacado por la espalda, a patadas y brutales golpes que le originaran su muerte, en un claro ataque racista\u201d.<\/p>\n\n\n\n<p>Y continuaron: \u201cEn el inicio de las audiencias por el juicio, resaltamos la necesidad de visibilizar: el racismo en Argentina existe, es estructural. Y mata\u201d.<\/p>\n\n\n\n<p>\u201cPara enfrentar los cr\u00edmenes raciales debemos amplificar el debate sobre los discursos que estructuran las violencias y la reproducci\u00f3n de estereotipos. Necesitamos el compromiso de todos los actores del Estado y la sociedad civil organizada para desmontar esos prejuicios y garantizar una sociedad igualitaria, justa y democr\u00e1tica. Es lo que le debemos a Fernando y a cada una de las v\u00edctimas del racismo\u201d, finaliza el comunicado del organismo descentralizado en la \u00f3rbita del Ministerio de Justicia y Derechos Humanos junto a organizaciones sociales.<\/p>\n\n\n\n<p>El mismo, lleva las firmas de: Fmciob- Bartolina SISA-CABA, Asociaci\u00f3n 18 de diciembre por el migrante, Asociaci\u00f3n Cultural Chino Argentina, Movimiento Migrantes en Argentina, Frente Social Migrante, Centro Migrante Plurinacional, Cooperativas afines a la Inclusi\u00f3n (Cotai), Asociaci\u00f3n de Inmigrantes Paraguayos en la Plata (Aipalp), Asociaci\u00f3n Civil y Cultural Yanapakuna, Bloque de Trabajadores Migrantes, Centro Integral de la Mujer Marcelina Meneces, Asociaci\u00f3n Civil de Derechos Humanos Mujeres Unidas Migrantes y Refugiadas en Argentina (Amumra), Asociaci\u00f3n Cultural Paraguaya Guarani\u2019a, Red Nacional de Migrantes y Refugiadxs en Argentina, Frente de Migrantes Nuevo Encuentro, Cooperativa NEO Nos Estamos Organizando, Nuevo Per\u00fa comit\u00e9 Buenos Aires, Asociaci\u00f3n \u00c1frica y su Di\u00e1spora (CABA), Di\u00e1spora Africana de la Argentina-Diafar (CABA), Espacio La Florentina (CABA), Afrosantiague\u00f1os Unidos (Santiago del Estero), Agrupaci\u00f3n Entre Afros (Entre R\u00edos), Patagonia Aroargentina (R\u00edo Negro) y Alejandro Arroz-Taller de Cine (Salta).<\/p>\n","protected":false},"excerpt":{"rendered":"<p>Junto con organizaciones, pidieron el compromiso de todos los actores del Estado y la sociedad civil organizada para desmontar prejuicios y garantizar una sociedad igualitaria, justa y democr\u00e1tica. A pocas horas de haber comenzado el juicio por el brutal asesinato de Fernando B\u00e1ez Sosa, el joven asesinado por una patota de rugbiers en Villa Gesell, [&hellip;]<\/p>\n","protected":false},"author":2,"featured_media":21585,"comment_status":"open","ping_status":"open","sticky":false,"template":"","format":"standard","meta":{"footnotes":""},"categories":[37],"tags":[],"class_list":["post-21584","post","type-post","status-publish","format-standard","has-post-thumbnail","hentry","category-justicia"],"yoast_head":"<!-- This site is optimized with the Yoast SEO plugin v27.5 - https:\/\/yoast.com\/product\/yoast-seo-wordpress\/ -->\n<title>El Inadi exige justicia por el crimen racial de Fernando B\u00e1ez Sosa | CVI NOTICIAS<\/title>\n<meta name=\"robots\" content=\"index, follow, max-snippet:-1, max-image-preview:large, max-video-preview:-1\" \/>\n<link rel=\"canonical\" href=\"https:\/\/cvinoticias.com\/v3\/el-inadi-exige-justicia-por-el-crimen-racial-de-fernando-baez-sosa\/\" \/>\n<meta property=\"og:locale\" content=\"es_ES\" \/>\n<meta property=\"og:type\" content=\"article\" \/>\n<meta property=\"og:title\" content=\"El Inadi exige justicia por el crimen racial de Fernando B\u00e1ez Sosa | CVI NOTICIAS\" \/>\n<meta property=\"og:description\" content=\"Junto con organizaciones, pidieron el compromiso de todos los actores del Estado y la sociedad civil organizada para desmontar prejuicios y garantizar una sociedad igualitaria, justa y democr\u00e1tica. A pocas horas de haber comenzado el juicio por el brutal asesinato de Fernando B\u00e1ez Sosa, el joven asesinado por una patota de rugbiers en Villa Gesell, [&hellip;]\" \/>\n<meta property=\"og:url\" content=\"https:\/\/cvinoticias.com\/v3\/el-inadi-exige-justicia-por-el-crimen-racial-de-fernando-baez-sosa\/\" \/>\n<meta property=\"og:site_name\" content=\"CVI NOTICIAS\" \/>\n<meta property=\"article:publisher\" content=\"https:\/\/www.facebook.com\/cvinoticias\" \/>\n<meta property=\"article:published_time\" content=\"2023-01-04T12:13:11+00:00\" \/>\n<meta property=\"og:image\" content=\"https:\/\/cvinoticias.com\/wp-content\/uploads\/2023\/01\/0000125211.jpg\" \/>\n\t<meta property=\"og:image:width\" content=\"1500\" \/>\n\t<meta property=\"og:image:height\" content=\"870\" \/>\n\t<meta property=\"og:image:type\" content=\"image\/jpeg\" \/>\n<meta name=\"author\" content=\"f1000024\" \/>\n<meta name=\"twitter:card\" content=\"summary_large_image\" \/>\n<meta name=\"twitter:label1\" content=\"Escrito por\" \/>\n\t<meta name=\"twitter:data1\" content=\"f1000024\" \/>\n\t<meta name=\"twitter:label2\" content=\"Tiempo de lectura\" \/>\n\t<meta name=\"twitter:data2\" content=\"3 minutos\" \/>\n<script type=\"application\/ld+json\" class=\"yoast-schema-graph\">{\"@context\":\"https:\\\/\\\/schema.org\",\"@graph\":[{\"@type\":\"Article\",\"@id\":\"https:\\\/\\\/cvinoticias.com\\\/v3\\\/el-inadi-exige-justicia-por-el-crimen-racial-de-fernando-baez-sosa\\\/#article\",\"isPartOf\":{\"@id\":\"https:\\\/\\\/cvinoticias.com\\\/v3\\\/el-inadi-exige-justicia-por-el-crimen-racial-de-fernando-baez-sosa\\\/\"},\"author\":{\"name\":\"f1000024\",\"@id\":\"https:\\\/\\\/cvinoticias.com\\\/v3\\\/#\\\/schema\\\/person\\\/2db77e3c6bc03c538495d7b2b8be9b66\"},\"headline\":\"El Inadi exige justicia por el crimen racial de Fernando B\u00e1ez Sosa\",\"datePublished\":\"2023-01-04T12:13:11+00:00\",\"mainEntityOfPage\":{\"@id\":\"https:\\\/\\\/cvinoticias.com\\\/v3\\\/el-inadi-exige-justicia-por-el-crimen-racial-de-fernando-baez-sosa\\\/\"},\"wordCount\":559,\"commentCount\":0,\"publisher\":{\"@id\":\"https:\\\/\\\/cvinoticias.com\\\/v3\\\/#organization\"},\"image\":{\"@id\":\"https:\\\/\\\/cvinoticias.com\\\/v3\\\/el-inadi-exige-justicia-por-el-crimen-racial-de-fernando-baez-sosa\\\/#primaryimage\"},\"thumbnailUrl\":\"https:\\\/\\\/cvinoticias.com\\\/wp-content\\\/uploads\\\/2023\\\/01\\\/0000125211.jpg\",\"articleSection\":[\"Justicia\"],\"inLanguage\":\"es\",\"potentialAction\":[{\"@type\":\"CommentAction\",\"name\":\"Comment\",\"target\":[\"https:\\\/\\\/cvinoticias.com\\\/v3\\\/el-inadi-exige-justicia-por-el-crimen-racial-de-fernando-baez-sosa\\\/#respond\"]}]},{\"@type\":\"WebPage\",\"@id\":\"https:\\\/\\\/cvinoticias.com\\\/v3\\\/el-inadi-exige-justicia-por-el-crimen-racial-de-fernando-baez-sosa\\\/\",\"url\":\"https:\\\/\\\/cvinoticias.com\\\/v3\\\/el-inadi-exige-justicia-por-el-crimen-racial-de-fernando-baez-sosa\\\/\",\"name\":\"El Inadi exige justicia por el crimen racial de Fernando B\u00e1ez Sosa | CVI NOTICIAS\",\"isPartOf\":{\"@id\":\"https:\\\/\\\/cvinoticias.com\\\/v3\\\/#website\"},\"primaryImageOfPage\":{\"@id\":\"https:\\\/\\\/cvinoticias.com\\\/v3\\\/el-inadi-exige-justicia-por-el-crimen-racial-de-fernando-baez-sosa\\\/#primaryimage\"},\"image\":{\"@id\":\"https:\\\/\\\/cvinoticias.com\\\/v3\\\/el-inadi-exige-justicia-por-el-crimen-racial-de-fernando-baez-sosa\\\/#primaryimage\"},\"thumbnailUrl\":\"https:\\\/\\\/cvinoticias.com\\\/wp-content\\\/uploads\\\/2023\\\/01\\\/0000125211.jpg\",\"datePublished\":\"2023-01-04T12:13:11+00:00\",\"breadcrumb\":{\"@id\":\"https:\\\/\\\/cvinoticias.com\\\/v3\\\/el-inadi-exige-justicia-por-el-crimen-racial-de-fernando-baez-sosa\\\/#breadcrumb\"},\"inLanguage\":\"es\",\"potentialAction\":[{\"@type\":\"ReadAction\",\"target\":[\"https:\\\/\\\/cvinoticias.com\\\/v3\\\/el-inadi-exige-justicia-por-el-crimen-racial-de-fernando-baez-sosa\\\/\"]}]},{\"@type\":\"ImageObject\",\"inLanguage\":\"es\",\"@id\":\"https:\\\/\\\/cvinoticias.com\\\/v3\\\/el-inadi-exige-justicia-por-el-crimen-racial-de-fernando-baez-sosa\\\/#primaryimage\",\"url\":\"https:\\\/\\\/cvinoticias.com\\\/wp-content\\\/uploads\\\/2023\\\/01\\\/0000125211.jpg\",\"contentUrl\":\"https:\\\/\\\/cvinoticias.com\\\/wp-content\\\/uploads\\\/2023\\\/01\\\/0000125211.jpg\",\"width\":1500,\"height\":870},{\"@type\":\"BreadcrumbList\",\"@id\":\"https:\\\/\\\/cvinoticias.com\\\/v3\\\/el-inadi-exige-justicia-por-el-crimen-racial-de-fernando-baez-sosa\\\/#breadcrumb\",\"itemListElement\":[{\"@type\":\"ListItem\",\"position\":1,\"name\":\"Portada\",\"item\":\"https:\\\/\\\/cvinoticias.com\\\/v3\\\/\"},{\"@type\":\"ListItem\",\"position\":2,\"name\":\"El Inadi exige justicia por el crimen racial de Fernando B\u00e1ez Sosa\"}]},{\"@type\":\"WebSite\",\"@id\":\"https:\\\/\\\/cvinoticias.com\\\/v3\\\/#website\",\"url\":\"https:\\\/\\\/cvinoticias.com\\\/v3\\\/\",\"name\":\"CVI NOTICIAS\",\"description\":\"\",\"publisher\":{\"@id\":\"https:\\\/\\\/cvinoticias.com\\\/v3\\\/#organization\"},\"alternateName\":\"CVI\",\"potentialAction\":[{\"@type\":\"SearchAction\",\"target\":{\"@type\":\"EntryPoint\",\"urlTemplate\":\"https:\\\/\\\/cvinoticias.com\\\/v3\\\/?s={search_term_string}\"},\"query-input\":{\"@type\":\"PropertyValueSpecification\",\"valueRequired\":true,\"valueName\":\"search_term_string\"}}],\"inLanguage\":\"es\"},{\"@type\":\"Organization\",\"@id\":\"https:\\\/\\\/cvinoticias.com\\\/v3\\\/#organization\",\"name\":\"CVI NOTICIAS\",\"url\":\"https:\\\/\\\/cvinoticias.com\\\/v3\\\/\",\"logo\":{\"@type\":\"ImageObject\",\"inLanguage\":\"es\",\"@id\":\"https:\\\/\\\/cvinoticias.com\\\/v3\\\/#\\\/schema\\\/logo\\\/image\\\/\",\"url\":\"https:\\\/\\\/cvinoticias.com\\\/wp-content\\\/uploads\\\/2023\\\/04\\\/cropped-cropped-cropped-cropped-cropped-3-1.png\",\"contentUrl\":\"https:\\\/\\\/cvinoticias.com\\\/wp-content\\\/uploads\\\/2023\\\/04\\\/cropped-cropped-cropped-cropped-cropped-3-1.png\",\"width\":95,\"height\":122,\"caption\":\"CVI NOTICIAS\"},\"image\":{\"@id\":\"https:\\\/\\\/cvinoticias.com\\\/v3\\\/#\\\/schema\\\/logo\\\/image\\\/\"},\"sameAs\":[\"https:\\\/\\\/www.facebook.com\\\/cvinoticias\",\"https:\\\/\\\/www.instagram.com\\\/cvinoticias\\\/\",\"https:\\\/\\\/www.youtube.com\\\/@CVINOTICIAS\"]},{\"@type\":\"Person\",\"@id\":\"https:\\\/\\\/cvinoticias.com\\\/v3\\\/#\\\/schema\\\/person\\\/2db77e3c6bc03c538495d7b2b8be9b66\",\"name\":\"f1000024\",\"image\":{\"@type\":\"ImageObject\",\"inLanguage\":\"es\",\"@id\":\"https:\\\/\\\/secure.gravatar.com\\\/avatar\\\/d4fe7459cfc51ff5129ce1a732bbef5928568b8092d412ef95611616376bbeed?s=96&d=mm&r=g\",\"url\":\"https:\\\/\\\/secure.gravatar.com\\\/avatar\\\/d4fe7459cfc51ff5129ce1a732bbef5928568b8092d412ef95611616376bbeed?s=96&d=mm&r=g\",\"contentUrl\":\"https:\\\/\\\/secure.gravatar.com\\\/avatar\\\/d4fe7459cfc51ff5129ce1a732bbef5928568b8092d412ef95611616376bbeed?s=96&d=mm&r=g\",\"caption\":\"f1000024\"},\"url\":\"https:\\\/\\\/cvinoticias.com\\\/v3\\\/author\\\/f1000024\\\/\"}]}<\/script>\n<!-- \/ Yoast SEO plugin. -->","yoast_head_json":{"title":"El Inadi exige justicia por el crimen racial de Fernando B\u00e1ez Sosa | CVI NOTICIAS","robots":{"index":"index","follow":"follow","max-snippet":"max-snippet:-1","max-image-preview":"max-image-preview:large","max-video-preview":"max-video-preview:-1"},"canonical":"https:\/\/cvinoticias.com\/v3\/el-inadi-exige-justicia-por-el-crimen-racial-de-fernando-baez-sosa\/","og_locale":"es_ES","og_type":"article","og_title":"El Inadi exige justicia por el crimen racial de Fernando B\u00e1ez Sosa | CVI NOTICIAS","og_description":"Junto con organizaciones, pidieron el compromiso de todos los actores del Estado y la sociedad civil organizada para desmontar prejuicios y garantizar una sociedad igualitaria, justa y democr\u00e1tica. A pocas horas de haber comenzado el juicio por el brutal asesinato de Fernando B\u00e1ez Sosa, el joven asesinado por una patota de rugbiers en Villa Gesell, [&hellip;]","og_url":"https:\/\/cvinoticias.com\/v3\/el-inadi-exige-justicia-por-el-crimen-racial-de-fernando-baez-sosa\/","og_site_name":"CVI NOTICIAS","article_publisher":"https:\/\/www.facebook.com\/cvinoticias","article_published_time":"2023-01-04T12:13:11+00:00","og_image":[{"width":1500,"height":870,"url":"https:\/\/cvinoticias.com\/wp-content\/uploads\/2023\/01\/0000125211.jpg","type":"image\/jpeg"}],"author":"f1000024","twitter_card":"summary_large_image","twitter_misc":{"Escrito por":"f1000024","Tiempo de lectura":"3 minutos"},"schema":{"@context":"https:\/\/schema.org","@graph":[{"@type":"Article","@id":"https:\/\/cvinoticias.com\/v3\/el-inadi-exige-justicia-por-el-crimen-racial-de-fernando-baez-sosa\/#article","isPartOf":{"@id":"https:\/\/cvinoticias.com\/v3\/el-inadi-exige-justicia-por-el-crimen-racial-de-fernando-baez-sosa\/"},"author":{"name":"f1000024","@id":"https:\/\/cvinoticias.com\/v3\/#\/schema\/person\/2db77e3c6bc03c538495d7b2b8be9b66"},"headline":"El Inadi exige justicia por el crimen racial de Fernando B\u00e1ez Sosa","datePublished":"2023-01-04T12:13:11+00:00","mainEntityOfPage":{"@id":"https:\/\/cvinoticias.com\/v3\/el-inadi-exige-justicia-por-el-crimen-racial-de-fernando-baez-sosa\/"},"wordCount":559,"commentCount":0,"publisher":{"@id":"https:\/\/cvinoticias.com\/v3\/#organization"},"image":{"@id":"https:\/\/cvinoticias.com\/v3\/el-inadi-exige-justicia-por-el-crimen-racial-de-fernando-baez-sosa\/#primaryimage"},"thumbnailUrl":"https:\/\/cvinoticias.com\/wp-content\/uploads\/2023\/01\/0000125211.jpg","articleSection":["Justicia"],"inLanguage":"es","potentialAction":[{"@type":"CommentAction","name":"Comment","target":["https:\/\/cvinoticias.com\/v3\/el-inadi-exige-justicia-por-el-crimen-racial-de-fernando-baez-sosa\/#respond"]}]},{"@type":"WebPage","@id":"https:\/\/cvinoticias.com\/v3\/el-inadi-exige-justicia-por-el-crimen-racial-de-fernando-baez-sosa\/","url":"https:\/\/cvinoticias.com\/v3\/el-inadi-exige-justicia-por-el-crimen-racial-de-fernando-baez-sosa\/","name":"El Inadi exige justicia por el crimen racial de Fernando B\u00e1ez Sosa | CVI NOTICIAS","isPartOf":{"@id":"https:\/\/cvinoticias.com\/v3\/#website"},"primaryImageOfPage":{"@id":"https:\/\/cvinoticias.com\/v3\/el-inadi-exige-justicia-por-el-crimen-racial-de-fernando-baez-sosa\/#primaryimage"},"image":{"@id":"https:\/\/cvinoticias.com\/v3\/el-inadi-exige-justicia-por-el-crimen-racial-de-fernando-baez-sosa\/#primaryimage"},"thumbnailUrl":"https:\/\/cvinoticias.com\/wp-content\/uploads\/2023\/01\/0000125211.jpg","datePublished":"2023-01-04T12:13:11+00:00","breadcrumb":{"@id":"https:\/\/cvinoticias.com\/v3\/el-inadi-exige-justicia-por-el-crimen-racial-de-fernando-baez-sosa\/#breadcrumb"},"inLanguage":"es","potentialAction":[{"@type":"ReadAction","target":["https:\/\/cvinoticias.com\/v3\/el-inadi-exige-justicia-por-el-crimen-racial-de-fernando-baez-sosa\/"]}]},{"@type":"ImageObject","inLanguage":"es","@id":"https:\/\/cvinoticias.com\/v3\/el-inadi-exige-justicia-por-el-crimen-racial-de-fernando-baez-sosa\/#primaryimage","url":"https:\/\/cvinoticias.com\/wp-content\/uploads\/2023\/01\/0000125211.jpg","contentUrl":"https:\/\/cvinoticias.com\/wp-content\/uploads\/2023\/01\/0000125211.jpg","width":1500,"height":870},{"@type":"BreadcrumbList","@id":"https:\/\/cvinoticias.com\/v3\/el-inadi-exige-justicia-por-el-crimen-racial-de-fernando-baez-sosa\/#breadcrumb","itemListElement":[{"@type":"ListItem","position":1,"name":"Portada","item":"https:\/\/cvinoticias.com\/v3\/"},{"@type":"ListItem","position":2,"name":"El Inadi exige justicia por el crimen racial de Fernando B\u00e1ez Sosa"}]},{"@type":"WebSite","@id":"https:\/\/cvinoticias.com\/v3\/#website","url":"https:\/\/cvinoticias.com\/v3\/","name":"CVI NOTICIAS","description":"","publisher":{"@id":"https:\/\/cvinoticias.com\/v3\/#organization"},"alternateName":"CVI","potentialAction":[{"@type":"SearchAction","target":{"@type":"EntryPoint","urlTemplate":"https:\/\/cvinoticias.com\/v3\/?s={search_term_string}"},"query-input":{"@type":"PropertyValueSpecification","valueRequired":true,"valueName":"search_term_string"}}],"inLanguage":"es"},{"@type":"Organization","@id":"https:\/\/cvinoticias.com\/v3\/#organization","name":"CVI NOTICIAS","url":"https:\/\/cvinoticias.com\/v3\/","logo":{"@type":"ImageObject","inLanguage":"es","@id":"https:\/\/cvinoticias.com\/v3\/#\/schema\/logo\/image\/","url":"https:\/\/cvinoticias.com\/wp-content\/uploads\/2023\/04\/cropped-cropped-cropped-cropped-cropped-3-1.png","contentUrl":"https:\/\/cvinoticias.com\/wp-content\/uploads\/2023\/04\/cropped-cropped-cropped-cropped-cropped-3-1.png","width":95,"height":122,"caption":"CVI NOTICIAS"},"image":{"@id":"https:\/\/cvinoticias.com\/v3\/#\/schema\/logo\/image\/"},"sameAs":["https:\/\/www.facebook.com\/cvinoticias","https:\/\/www.instagram.com\/cvinoticias\/","https:\/\/www.youtube.com\/@CVINOTICIAS"]},{"@type":"Person","@id":"https:\/\/cvinoticias.com\/v3\/#\/schema\/person\/2db77e3c6bc03c538495d7b2b8be9b66","name":"f1000024","image":{"@type":"ImageObject","inLanguage":"es","@id":"https:\/\/secure.gravatar.com\/avatar\/d4fe7459cfc51ff5129ce1a732bbef5928568b8092d412ef95611616376bbeed?s=96&d=mm&r=g","url":"https:\/\/secure.gravatar.com\/avatar\/d4fe7459cfc51ff5129ce1a732bbef5928568b8092d412ef95611616376bbeed?s=96&d=mm&r=g","contentUrl":"https:\/\/secure.gravatar.com\/avatar\/d4fe7459cfc51ff5129ce1a732bbef5928568b8092d412ef95611616376bbeed?s=96&d=mm&r=g","caption":"f1000024"},"url":"https:\/\/cvinoticias.com\/v3\/author\/f1000024\/"}]}},"_links":{"self":[{"href":"https:\/\/cvinoticias.com\/v3\/wp-json\/wp\/v2\/posts\/21584","targetHints":{"allow":["GET"]}}],"collection":[{"href":"https:\/\/cvinoticias.com\/v3\/wp-json\/wp\/v2\/posts"}],"about":[{"href":"https:\/\/cvinoticias.com\/v3\/wp-json\/wp\/v2\/types\/post"}],"author":[{"embeddable":true,"href":"https:\/\/cvinoticias.com\/v3\/wp-json\/wp\/v2\/users\/2"}],"replies":[{"embeddable":true,"href":"https:\/\/cvinoticias.com\/v3\/wp-json\/wp\/v2\/comments?post=21584"}],"version-history":[{"count":1,"href":"https:\/\/cvinoticias.com\/v3\/wp-json\/wp\/v2\/posts\/21584\/revisions"}],"predecessor-version":[{"id":21586,"href":"https:\/\/cvinoticias.com\/v3\/wp-json\/wp\/v2\/posts\/21584\/revisions\/21586"}],"wp:featuredmedia":[{"embeddable":true,"href":"https:\/\/cvinoticias.com\/v3\/wp-json\/wp\/v2\/media\/21585"}],"wp:attachment":[{"href":"https:\/\/cvinoticias.com\/v3\/wp-json\/wp\/v2\/media?parent=21584"}],"wp:term":[{"taxonomy":"category","embeddable":true,"href":"https:\/\/cvinoticias.com\/v3\/wp-json\/wp\/v2\/categories?post=21584"},{"taxonomy":"post_tag","embeddable":true,"href":"https:\/\/cvinoticias.com\/v3\/wp-json\/wp\/v2\/tags?post=21584"}],"curies":[{"name":"wp","href":"https:\/\/api.w.org\/{rel}","templated":true}]}}