{"id":21567,"date":"2023-01-04T04:50:51","date_gmt":"2023-01-04T04:50:51","guid":{"rendered":"https:\/\/cvinoticias.com\/v3\/?p=21567"},"modified":"2023-01-04T04:50:51","modified_gmt":"2023-01-04T04:50:51","slug":"este-miercoles-04-un-espectaculo-unico-para-toda-la-familia-en-la-plaza-san-martin-de-nuestra-ciudad","status":"publish","type":"post","link":"https:\/\/cvinoticias.com\/v3\/este-miercoles-04-un-espectaculo-unico-para-toda-la-familia-en-la-plaza-san-martin-de-nuestra-ciudad\/","title":{"rendered":"Este mi\u00e9rcoles 04 un espect\u00e1culo \u00fanico para toda la familia en la Plaza San Mart\u00edn de nuestra ciudad"},"content":{"rendered":"\n<p><strong><em>Desde Posadas llega la magia y la sorpresa combinadas en un espect\u00e1culo de clown, cuentos, cantos, m\u00fasica y burbujas que azarosamente transforman el espacio.<\/em><\/strong><\/p>\n\n\n\n<p>Un espect\u00e1culo &#8211; a la gorra &#8211; del 1\u00b0 Ciclo de Circo y Teatro denominado \u00abCirco Guaz\u00fa\u00bb que presenta el Vuelo Azul a partir de las 20 hs en la Plaza San Mart\u00edn.<\/p>\n\n\n\n<p>Organizan, el Circo Reviro y el Colectivo de Artesanos Independientes de Iguaz\u00fa.<\/p>\n\n\n\n<figure class=\"wp-block-image size-large\"><a href=\"https:\/\/cvinoticias.com\/wp-content\/uploads\/2023\/01\/IMG-20230104-WA0000.jpg\"><img decoding=\"async\" width=\"723\" height=\"1024\" data-src=\"https:\/\/cvinoticias.com\/wp-content\/uploads\/2023\/01\/IMG-20230104-WA0000-723x1024.jpg\" alt=\"\" class=\"wp-image-21569 lazyload\" data-srcset=\"https:\/\/cvinoticias.com\/wp-content\/uploads\/2023\/01\/IMG-20230104-WA0000-723x1024.jpg 723w, https:\/\/cvinoticias.com\/wp-content\/uploads\/2023\/01\/IMG-20230104-WA0000-212x300.jpg 212w, https:\/\/cvinoticias.com\/wp-content\/uploads\/2023\/01\/IMG-20230104-WA0000-768x1087.jpg 768w, https:\/\/cvinoticias.com\/wp-content\/uploads\/2023\/01\/IMG-20230104-WA0000.jpg 904w\" data-sizes=\"(max-width: 723px) 100vw, 723px\" src=\"data:image\/svg+xml;base64,PHN2ZyB3aWR0aD0iMSIgaGVpZ2h0PSIxIiB4bWxucz0iaHR0cDovL3d3dy53My5vcmcvMjAwMC9zdmciPjwvc3ZnPg==\" style=\"--smush-placeholder-width: 723px; --smush-placeholder-aspect-ratio: 723\/1024;\" \/><\/a><\/figure>\n","protected":false},"excerpt":{"rendered":"<p>Desde Posadas llega la magia y la sorpresa combinadas en un espect\u00e1culo de clown, cuentos, cantos, m\u00fasica y burbujas que azarosamente transforman el espacio. Un espect\u00e1culo &#8211; a la gorra &#8211; del 1\u00b0 Ciclo de Circo y Teatro denominado \u00abCirco Guaz\u00fa\u00bb que presenta el Vuelo Azul a partir de las 20 hs en la Plaza [&hellip;]<\/p>\n","protected":false},"author":2,"featured_media":21568,"comment_status":"open","ping_status":"open","sticky":false,"template":"","format":"standard","meta":{"footnotes":""},"categories":[34,29,47],"tags":[],"class_list":["post-21567","post","type-post","status-publish","format-standard","has-post-thumbnail","hentry","category-espectaculos","category-locales","category-sociedad"],"yoast_head":"<!-- This site is optimized with the Yoast SEO plugin v27.5 - https:\/\/yoast.com\/product\/yoast-seo-wordpress\/ -->\n<title>Este mi\u00e9rcoles 04 un espect\u00e1culo \u00fanico para toda la familia en la Plaza San Mart\u00edn de nuestra ciudad | CVI NOTICIAS<\/title>\n<meta name=\"robots\" content=\"index, follow, max-snippet:-1, max-image-preview:large, max-video-preview:-1\" \/>\n<link rel=\"canonical\" href=\"https:\/\/cvinoticias.com\/v3\/este-miercoles-04-un-espectaculo-unico-para-toda-la-familia-en-la-plaza-san-martin-de-nuestra-ciudad\/\" \/>\n<meta property=\"og:locale\" content=\"es_ES\" \/>\n<meta property=\"og:type\" content=\"article\" \/>\n<meta property=\"og:title\" content=\"Este mi\u00e9rcoles 04 un espect\u00e1culo \u00fanico para toda la familia en la Plaza San Mart\u00edn de nuestra ciudad | CVI NOTICIAS\" \/>\n<meta property=\"og:description\" content=\"Desde Posadas llega la magia y la sorpresa combinadas en un espect\u00e1culo de clown, cuentos, cantos, m\u00fasica y burbujas que azarosamente transforman el espacio. Un espect\u00e1culo &#8211; a la gorra &#8211; del 1\u00b0 Ciclo de Circo y Teatro denominado \u00abCirco Guaz\u00fa\u00bb que presenta el Vuelo Azul a partir de las 20 hs en la Plaza [&hellip;]\" \/>\n<meta property=\"og:url\" content=\"https:\/\/cvinoticias.com\/v3\/este-miercoles-04-un-espectaculo-unico-para-toda-la-familia-en-la-plaza-san-martin-de-nuestra-ciudad\/\" \/>\n<meta property=\"og:site_name\" content=\"CVI NOTICIAS\" \/>\n<meta property=\"article:publisher\" content=\"https:\/\/www.facebook.com\/cvinoticias\" \/>\n<meta property=\"article:published_time\" content=\"2023-01-04T04:50:51+00:00\" \/>\n<meta property=\"og:image\" content=\"https:\/\/cvinoticias.com\/wp-content\/uploads\/2023\/01\/IMG-20230103-WA0126.jpg\" \/>\n\t<meta property=\"og:image:width\" content=\"1080\" \/>\n\t<meta property=\"og:image:height\" content=\"1326\" \/>\n\t<meta property=\"og:image:type\" content=\"image\/jpeg\" \/>\n<meta name=\"author\" content=\"f1000024\" \/>\n<meta name=\"twitter:card\" content=\"summary_large_image\" \/>\n<meta name=\"twitter:label1\" content=\"Escrito por\" \/>\n\t<meta name=\"twitter:data1\" content=\"f1000024\" \/>\n<script type=\"application\/ld+json\" class=\"yoast-schema-graph\">{\"@context\":\"https:\\\/\\\/schema.org\",\"@graph\":[{\"@type\":\"Article\",\"@id\":\"https:\\\/\\\/cvinoticias.com\\\/v3\\\/este-miercoles-04-un-espectaculo-unico-para-toda-la-familia-en-la-plaza-san-martin-de-nuestra-ciudad\\\/#article\",\"isPartOf\":{\"@id\":\"https:\\\/\\\/cvinoticias.com\\\/v3\\\/este-miercoles-04-un-espectaculo-unico-para-toda-la-familia-en-la-plaza-san-martin-de-nuestra-ciudad\\\/\"},\"author\":{\"name\":\"f1000024\",\"@id\":\"https:\\\/\\\/cvinoticias.com\\\/v3\\\/#\\\/schema\\\/person\\\/2db77e3c6bc03c538495d7b2b8be9b66\"},\"headline\":\"Este mi\u00e9rcoles 04 un espect\u00e1culo \u00fanico para toda la familia en la Plaza San Mart\u00edn de nuestra ciudad\",\"datePublished\":\"2023-01-04T04:50:51+00:00\",\"mainEntityOfPage\":{\"@id\":\"https:\\\/\\\/cvinoticias.com\\\/v3\\\/este-miercoles-04-un-espectaculo-unico-para-toda-la-familia-en-la-plaza-san-martin-de-nuestra-ciudad\\\/\"},\"wordCount\":91,\"commentCount\":0,\"publisher\":{\"@id\":\"https:\\\/\\\/cvinoticias.com\\\/v3\\\/#organization\"},\"image\":{\"@id\":\"https:\\\/\\\/cvinoticias.com\\\/v3\\\/este-miercoles-04-un-espectaculo-unico-para-toda-la-familia-en-la-plaza-san-martin-de-nuestra-ciudad\\\/#primaryimage\"},\"thumbnailUrl\":\"https:\\\/\\\/cvinoticias.com\\\/wp-content\\\/uploads\\\/2023\\\/01\\\/IMG-20230103-WA0126.jpg\",\"articleSection\":[\"Espect\u00e1culos\",\"Locales\",\"Sociedad\"],\"inLanguage\":\"es\",\"potentialAction\":[{\"@type\":\"CommentAction\",\"name\":\"Comment\",\"target\":[\"https:\\\/\\\/cvinoticias.com\\\/v3\\\/este-miercoles-04-un-espectaculo-unico-para-toda-la-familia-en-la-plaza-san-martin-de-nuestra-ciudad\\\/#respond\"]}]},{\"@type\":\"WebPage\",\"@id\":\"https:\\\/\\\/cvinoticias.com\\\/v3\\\/este-miercoles-04-un-espectaculo-unico-para-toda-la-familia-en-la-plaza-san-martin-de-nuestra-ciudad\\\/\",\"url\":\"https:\\\/\\\/cvinoticias.com\\\/v3\\\/este-miercoles-04-un-espectaculo-unico-para-toda-la-familia-en-la-plaza-san-martin-de-nuestra-ciudad\\\/\",\"name\":\"Este mi\u00e9rcoles 04 un espect\u00e1culo \u00fanico para toda la familia en la Plaza San Mart\u00edn de nuestra ciudad | CVI NOTICIAS\",\"isPartOf\":{\"@id\":\"https:\\\/\\\/cvinoticias.com\\\/v3\\\/#website\"},\"primaryImageOfPage\":{\"@id\":\"https:\\\/\\\/cvinoticias.com\\\/v3\\\/este-miercoles-04-un-espectaculo-unico-para-toda-la-familia-en-la-plaza-san-martin-de-nuestra-ciudad\\\/#primaryimage\"},\"image\":{\"@id\":\"https:\\\/\\\/cvinoticias.com\\\/v3\\\/este-miercoles-04-un-espectaculo-unico-para-toda-la-familia-en-la-plaza-san-martin-de-nuestra-ciudad\\\/#primaryimage\"},\"thumbnailUrl\":\"https:\\\/\\\/cvinoticias.com\\\/wp-content\\\/uploads\\\/2023\\\/01\\\/IMG-20230103-WA0126.jpg\",\"datePublished\":\"2023-01-04T04:50:51+00:00\",\"breadcrumb\":{\"@id\":\"https:\\\/\\\/cvinoticias.com\\\/v3\\\/este-miercoles-04-un-espectaculo-unico-para-toda-la-familia-en-la-plaza-san-martin-de-nuestra-ciudad\\\/#breadcrumb\"},\"inLanguage\":\"es\",\"potentialAction\":[{\"@type\":\"ReadAction\",\"target\":[\"https:\\\/\\\/cvinoticias.com\\\/v3\\\/este-miercoles-04-un-espectaculo-unico-para-toda-la-familia-en-la-plaza-san-martin-de-nuestra-ciudad\\\/\"]}]},{\"@type\":\"ImageObject\",\"inLanguage\":\"es\",\"@id\":\"https:\\\/\\\/cvinoticias.com\\\/v3\\\/este-miercoles-04-un-espectaculo-unico-para-toda-la-familia-en-la-plaza-san-martin-de-nuestra-ciudad\\\/#primaryimage\",\"url\":\"https:\\\/\\\/cvinoticias.com\\\/wp-content\\\/uploads\\\/2023\\\/01\\\/IMG-20230103-WA0126.jpg\",\"contentUrl\":\"https:\\\/\\\/cvinoticias.com\\\/wp-content\\\/uploads\\\/2023\\\/01\\\/IMG-20230103-WA0126.jpg\",\"width\":1080,\"height\":1326},{\"@type\":\"BreadcrumbList\",\"@id\":\"https:\\\/\\\/cvinoticias.com\\\/v3\\\/este-miercoles-04-un-espectaculo-unico-para-toda-la-familia-en-la-plaza-san-martin-de-nuestra-ciudad\\\/#breadcrumb\",\"itemListElement\":[{\"@type\":\"ListItem\",\"position\":1,\"name\":\"Portada\",\"item\":\"https:\\\/\\\/cvinoticias.com\\\/v3\\\/\"},{\"@type\":\"ListItem\",\"position\":2,\"name\":\"Este mi\u00e9rcoles 04 un espect\u00e1culo \u00fanico para toda la familia en la Plaza San Mart\u00edn de nuestra ciudad\"}]},{\"@type\":\"WebSite\",\"@id\":\"https:\\\/\\\/cvinoticias.com\\\/v3\\\/#website\",\"url\":\"https:\\\/\\\/cvinoticias.com\\\/v3\\\/\",\"name\":\"CVI NOTICIAS\",\"description\":\"\",\"publisher\":{\"@id\":\"https:\\\/\\\/cvinoticias.com\\\/v3\\\/#organization\"},\"alternateName\":\"CVI\",\"potentialAction\":[{\"@type\":\"SearchAction\",\"target\":{\"@type\":\"EntryPoint\",\"urlTemplate\":\"https:\\\/\\\/cvinoticias.com\\\/v3\\\/?s={search_term_string}\"},\"query-input\":{\"@type\":\"PropertyValueSpecification\",\"valueRequired\":true,\"valueName\":\"search_term_string\"}}],\"inLanguage\":\"es\"},{\"@type\":\"Organization\",\"@id\":\"https:\\\/\\\/cvinoticias.com\\\/v3\\\/#organization\",\"name\":\"CVI NOTICIAS\",\"url\":\"https:\\\/\\\/cvinoticias.com\\\/v3\\\/\",\"logo\":{\"@type\":\"ImageObject\",\"inLanguage\":\"es\",\"@id\":\"https:\\\/\\\/cvinoticias.com\\\/v3\\\/#\\\/schema\\\/logo\\\/image\\\/\",\"url\":\"https:\\\/\\\/cvinoticias.com\\\/wp-content\\\/uploads\\\/2023\\\/04\\\/cropped-cropped-cropped-cropped-cropped-3-1.png\",\"contentUrl\":\"https:\\\/\\\/cvinoticias.com\\\/wp-content\\\/uploads\\\/2023\\\/04\\\/cropped-cropped-cropped-cropped-cropped-3-1.png\",\"width\":95,\"height\":122,\"caption\":\"CVI NOTICIAS\"},\"image\":{\"@id\":\"https:\\\/\\\/cvinoticias.com\\\/v3\\\/#\\\/schema\\\/logo\\\/image\\\/\"},\"sameAs\":[\"https:\\\/\\\/www.facebook.com\\\/cvinoticias\",\"https:\\\/\\\/www.instagram.com\\\/cvinoticias\\\/\",\"https:\\\/\\\/www.youtube.com\\\/@CVINOTICIAS\"]},{\"@type\":\"Person\",\"@id\":\"https:\\\/\\\/cvinoticias.com\\\/v3\\\/#\\\/schema\\\/person\\\/2db77e3c6bc03c538495d7b2b8be9b66\",\"name\":\"f1000024\",\"image\":{\"@type\":\"ImageObject\",\"inLanguage\":\"es\",\"@id\":\"https:\\\/\\\/secure.gravatar.com\\\/avatar\\\/d4fe7459cfc51ff5129ce1a732bbef5928568b8092d412ef95611616376bbeed?s=96&d=mm&r=g\",\"url\":\"https:\\\/\\\/secure.gravatar.com\\\/avatar\\\/d4fe7459cfc51ff5129ce1a732bbef5928568b8092d412ef95611616376bbeed?s=96&d=mm&r=g\",\"contentUrl\":\"https:\\\/\\\/secure.gravatar.com\\\/avatar\\\/d4fe7459cfc51ff5129ce1a732bbef5928568b8092d412ef95611616376bbeed?s=96&d=mm&r=g\",\"caption\":\"f1000024\"},\"url\":\"https:\\\/\\\/cvinoticias.com\\\/v3\\\/author\\\/f1000024\\\/\"}]}<\/script>\n<!-- \/ Yoast SEO plugin. -->","yoast_head_json":{"title":"Este mi\u00e9rcoles 04 un espect\u00e1culo \u00fanico para toda la familia en la Plaza San Mart\u00edn de nuestra ciudad | CVI NOTICIAS","robots":{"index":"index","follow":"follow","max-snippet":"max-snippet:-1","max-image-preview":"max-image-preview:large","max-video-preview":"max-video-preview:-1"},"canonical":"https:\/\/cvinoticias.com\/v3\/este-miercoles-04-un-espectaculo-unico-para-toda-la-familia-en-la-plaza-san-martin-de-nuestra-ciudad\/","og_locale":"es_ES","og_type":"article","og_title":"Este mi\u00e9rcoles 04 un espect\u00e1culo \u00fanico para toda la familia en la Plaza San Mart\u00edn de nuestra ciudad | CVI NOTICIAS","og_description":"Desde Posadas llega la magia y la sorpresa combinadas en un espect\u00e1culo de clown, cuentos, cantos, m\u00fasica y burbujas que azarosamente transforman el espacio. Un espect\u00e1culo &#8211; a la gorra &#8211; del 1\u00b0 Ciclo de Circo y Teatro denominado \u00abCirco Guaz\u00fa\u00bb que presenta el Vuelo Azul a partir de las 20 hs en la Plaza [&hellip;]","og_url":"https:\/\/cvinoticias.com\/v3\/este-miercoles-04-un-espectaculo-unico-para-toda-la-familia-en-la-plaza-san-martin-de-nuestra-ciudad\/","og_site_name":"CVI NOTICIAS","article_publisher":"https:\/\/www.facebook.com\/cvinoticias","article_published_time":"2023-01-04T04:50:51+00:00","og_image":[{"width":1080,"height":1326,"url":"https:\/\/cvinoticias.com\/wp-content\/uploads\/2023\/01\/IMG-20230103-WA0126.jpg","type":"image\/jpeg"}],"author":"f1000024","twitter_card":"summary_large_image","twitter_misc":{"Escrito por":"f1000024"},"schema":{"@context":"https:\/\/schema.org","@graph":[{"@type":"Article","@id":"https:\/\/cvinoticias.com\/v3\/este-miercoles-04-un-espectaculo-unico-para-toda-la-familia-en-la-plaza-san-martin-de-nuestra-ciudad\/#article","isPartOf":{"@id":"https:\/\/cvinoticias.com\/v3\/este-miercoles-04-un-espectaculo-unico-para-toda-la-familia-en-la-plaza-san-martin-de-nuestra-ciudad\/"},"author":{"name":"f1000024","@id":"https:\/\/cvinoticias.com\/v3\/#\/schema\/person\/2db77e3c6bc03c538495d7b2b8be9b66"},"headline":"Este mi\u00e9rcoles 04 un espect\u00e1culo \u00fanico para toda la familia en la Plaza San Mart\u00edn de nuestra ciudad","datePublished":"2023-01-04T04:50:51+00:00","mainEntityOfPage":{"@id":"https:\/\/cvinoticias.com\/v3\/este-miercoles-04-un-espectaculo-unico-para-toda-la-familia-en-la-plaza-san-martin-de-nuestra-ciudad\/"},"wordCount":91,"commentCount":0,"publisher":{"@id":"https:\/\/cvinoticias.com\/v3\/#organization"},"image":{"@id":"https:\/\/cvinoticias.com\/v3\/este-miercoles-04-un-espectaculo-unico-para-toda-la-familia-en-la-plaza-san-martin-de-nuestra-ciudad\/#primaryimage"},"thumbnailUrl":"https:\/\/cvinoticias.com\/wp-content\/uploads\/2023\/01\/IMG-20230103-WA0126.jpg","articleSection":["Espect\u00e1culos","Locales","Sociedad"],"inLanguage":"es","potentialAction":[{"@type":"CommentAction","name":"Comment","target":["https:\/\/cvinoticias.com\/v3\/este-miercoles-04-un-espectaculo-unico-para-toda-la-familia-en-la-plaza-san-martin-de-nuestra-ciudad\/#respond"]}]},{"@type":"WebPage","@id":"https:\/\/cvinoticias.com\/v3\/este-miercoles-04-un-espectaculo-unico-para-toda-la-familia-en-la-plaza-san-martin-de-nuestra-ciudad\/","url":"https:\/\/cvinoticias.com\/v3\/este-miercoles-04-un-espectaculo-unico-para-toda-la-familia-en-la-plaza-san-martin-de-nuestra-ciudad\/","name":"Este mi\u00e9rcoles 04 un espect\u00e1culo \u00fanico para toda la familia en la Plaza San Mart\u00edn de nuestra ciudad | CVI NOTICIAS","isPartOf":{"@id":"https:\/\/cvinoticias.com\/v3\/#website"},"primaryImageOfPage":{"@id":"https:\/\/cvinoticias.com\/v3\/este-miercoles-04-un-espectaculo-unico-para-toda-la-familia-en-la-plaza-san-martin-de-nuestra-ciudad\/#primaryimage"},"image":{"@id":"https:\/\/cvinoticias.com\/v3\/este-miercoles-04-un-espectaculo-unico-para-toda-la-familia-en-la-plaza-san-martin-de-nuestra-ciudad\/#primaryimage"},"thumbnailUrl":"https:\/\/cvinoticias.com\/wp-content\/uploads\/2023\/01\/IMG-20230103-WA0126.jpg","datePublished":"2023-01-04T04:50:51+00:00","breadcrumb":{"@id":"https:\/\/cvinoticias.com\/v3\/este-miercoles-04-un-espectaculo-unico-para-toda-la-familia-en-la-plaza-san-martin-de-nuestra-ciudad\/#breadcrumb"},"inLanguage":"es","potentialAction":[{"@type":"ReadAction","target":["https:\/\/cvinoticias.com\/v3\/este-miercoles-04-un-espectaculo-unico-para-toda-la-familia-en-la-plaza-san-martin-de-nuestra-ciudad\/"]}]},{"@type":"ImageObject","inLanguage":"es","@id":"https:\/\/cvinoticias.com\/v3\/este-miercoles-04-un-espectaculo-unico-para-toda-la-familia-en-la-plaza-san-martin-de-nuestra-ciudad\/#primaryimage","url":"https:\/\/cvinoticias.com\/wp-content\/uploads\/2023\/01\/IMG-20230103-WA0126.jpg","contentUrl":"https:\/\/cvinoticias.com\/wp-content\/uploads\/2023\/01\/IMG-20230103-WA0126.jpg","width":1080,"height":1326},{"@type":"BreadcrumbList","@id":"https:\/\/cvinoticias.com\/v3\/este-miercoles-04-un-espectaculo-unico-para-toda-la-familia-en-la-plaza-san-martin-de-nuestra-ciudad\/#breadcrumb","itemListElement":[{"@type":"ListItem","position":1,"name":"Portada","item":"https:\/\/cvinoticias.com\/v3\/"},{"@type":"ListItem","position":2,"name":"Este mi\u00e9rcoles 04 un espect\u00e1culo \u00fanico para toda la familia en la Plaza San Mart\u00edn de nuestra ciudad"}]},{"@type":"WebSite","@id":"https:\/\/cvinoticias.com\/v3\/#website","url":"https:\/\/cvinoticias.com\/v3\/","name":"CVI NOTICIAS","description":"","publisher":{"@id":"https:\/\/cvinoticias.com\/v3\/#organization"},"alternateName":"CVI","potentialAction":[{"@type":"SearchAction","target":{"@type":"EntryPoint","urlTemplate":"https:\/\/cvinoticias.com\/v3\/?s={search_term_string}"},"query-input":{"@type":"PropertyValueSpecification","valueRequired":true,"valueName":"search_term_string"}}],"inLanguage":"es"},{"@type":"Organization","@id":"https:\/\/cvinoticias.com\/v3\/#organization","name":"CVI NOTICIAS","url":"https:\/\/cvinoticias.com\/v3\/","logo":{"@type":"ImageObject","inLanguage":"es","@id":"https:\/\/cvinoticias.com\/v3\/#\/schema\/logo\/image\/","url":"https:\/\/cvinoticias.com\/wp-content\/uploads\/2023\/04\/cropped-cropped-cropped-cropped-cropped-3-1.png","contentUrl":"https:\/\/cvinoticias.com\/wp-content\/uploads\/2023\/04\/cropped-cropped-cropped-cropped-cropped-3-1.png","width":95,"height":122,"caption":"CVI NOTICIAS"},"image":{"@id":"https:\/\/cvinoticias.com\/v3\/#\/schema\/logo\/image\/"},"sameAs":["https:\/\/www.facebook.com\/cvinoticias","https:\/\/www.instagram.com\/cvinoticias\/","https:\/\/www.youtube.com\/@CVINOTICIAS"]},{"@type":"Person","@id":"https:\/\/cvinoticias.com\/v3\/#\/schema\/person\/2db77e3c6bc03c538495d7b2b8be9b66","name":"f1000024","image":{"@type":"ImageObject","inLanguage":"es","@id":"https:\/\/secure.gravatar.com\/avatar\/d4fe7459cfc51ff5129ce1a732bbef5928568b8092d412ef95611616376bbeed?s=96&d=mm&r=g","url":"https:\/\/secure.gravatar.com\/avatar\/d4fe7459cfc51ff5129ce1a732bbef5928568b8092d412ef95611616376bbeed?s=96&d=mm&r=g","contentUrl":"https:\/\/secure.gravatar.com\/avatar\/d4fe7459cfc51ff5129ce1a732bbef5928568b8092d412ef95611616376bbeed?s=96&d=mm&r=g","caption":"f1000024"},"url":"https:\/\/cvinoticias.com\/v3\/author\/f1000024\/"}]}},"_links":{"self":[{"href":"https:\/\/cvinoticias.com\/v3\/wp-json\/wp\/v2\/posts\/21567","targetHints":{"allow":["GET"]}}],"collection":[{"href":"https:\/\/cvinoticias.com\/v3\/wp-json\/wp\/v2\/posts"}],"about":[{"href":"https:\/\/cvinoticias.com\/v3\/wp-json\/wp\/v2\/types\/post"}],"author":[{"embeddable":true,"href":"https:\/\/cvinoticias.com\/v3\/wp-json\/wp\/v2\/users\/2"}],"replies":[{"embeddable":true,"href":"https:\/\/cvinoticias.com\/v3\/wp-json\/wp\/v2\/comments?post=21567"}],"version-history":[{"count":1,"href":"https:\/\/cvinoticias.com\/v3\/wp-json\/wp\/v2\/posts\/21567\/revisions"}],"predecessor-version":[{"id":21570,"href":"https:\/\/cvinoticias.com\/v3\/wp-json\/wp\/v2\/posts\/21567\/revisions\/21570"}],"wp:featuredmedia":[{"embeddable":true,"href":"https:\/\/cvinoticias.com\/v3\/wp-json\/wp\/v2\/media\/21568"}],"wp:attachment":[{"href":"https:\/\/cvinoticias.com\/v3\/wp-json\/wp\/v2\/media?parent=21567"}],"wp:term":[{"taxonomy":"category","embeddable":true,"href":"https:\/\/cvinoticias.com\/v3\/wp-json\/wp\/v2\/categories?post=21567"},{"taxonomy":"post_tag","embeddable":true,"href":"https:\/\/cvinoticias.com\/v3\/wp-json\/wp\/v2\/tags?post=21567"}],"curies":[{"name":"wp","href":"https:\/\/api.w.org\/{rel}","templated":true}]}}