{"id":21548,"date":"2023-01-03T01:06:52","date_gmt":"2023-01-03T01:06:52","guid":{"rendered":"https:\/\/cvinoticias.com\/v3\/?p=21548"},"modified":"2023-01-03T01:06:52","modified_gmt":"2023-01-03T01:06:52","slug":"politica-exterior-feminista-el-polemico-cargo-creado-por-el-gobierno-durante-ano-nuevo-para-marita-perceval","status":"publish","type":"post","link":"https:\/\/cvinoticias.com\/v3\/politica-exterior-feminista-el-polemico-cargo-creado-por-el-gobierno-durante-ano-nuevo-para-marita-perceval\/","title":{"rendered":"\u201cPol\u00edtica Exterior Feminista\u201d, el pol\u00e9mico cargo creado por el Gobierno durante A\u00f1o Nuevo para \u201cMarita\u201d Perceval"},"content":{"rendered":"\n<p><strong><em>Tras la renuncia de Victoria Donda al INADI en medio de fuertes cr\u00edticas hacia el Gobierno, el Ministerio de Relaciones Exteriores lanz\u00f3 un nuevo cargo que ocupar\u00e1 \u201cMarita\u201d Perceval, ex secretaria de Pol\u00edticas de Igualdad y Diversidad.<\/em><\/strong><\/p>\n\n\n\n<p>En medio de las pol\u00e9micas renuncias dentro del Ministerio de Econom\u00eda y la salida de Victoria Donda como titular del INADI con fuerte cr\u00edticas hacia el oficalismo, este lunes se cre\u00f3 por medio del decreto 881\/2022 la creaci\u00f3n la figura del \u201cRepresentante Especial para la Pol\u00edtica Feminista\u201d, en el Ministerio de Relaciones Exteriores.<\/p>\n\n\n\n<p>Tras el comunicado que se difundi\u00f3 a trav\u00e9s del Bolet\u00edn Oficial, se designar\u00e1 en el puesto a Mar\u00eda Cristina \u201cMarita\u201d Perceval, ex exsecretaria de Pol\u00edticas de Igualdad y Diversidad, n\u00famero 2 dentro del Ministerio de Mujeres, G\u00e9neros y Diversidad. La ex senadora estuvo cerca de tomar el mando dentro de la cartera cuando la exministra Elizabeth G\u00f3mez Alcorta sali\u00f3 de dicha posici\u00f3n.<\/p>\n\n\n\n<p>Perceval ser\u00e1 Embajadora Extraordinaria y Plenipotenciaria, tras la modificaci\u00f3n de la distribuci\u00f3n del Presupuesto de la Administraci\u00f3n Nacional expresada en el texto oficial.<\/p>\n\n\n\n<p>\u201cResulta necesario implementar una estrategia de pol\u00edtica internacional feminista tendiente a lograr un enfoque m\u00e1s amplio para ser aplicado a todas las acciones externas de la Rep\u00fablica Argentina, coordinando la acci\u00f3n externa y las pol\u00edticas internas de nuestro pa\u00eds\u201d, consider\u00f3 el Gobierno como justificaci\u00f3n a la creaci\u00f3n del cargo.<\/p>\n","protected":false},"excerpt":{"rendered":"<p>Tras la renuncia de Victoria Donda al INADI en medio de fuertes cr\u00edticas hacia el Gobierno, el Ministerio de Relaciones Exteriores lanz\u00f3 un nuevo cargo que ocupar\u00e1 \u201cMarita\u201d Perceval, ex secretaria de Pol\u00edticas de Igualdad y Diversidad. En medio de las pol\u00e9micas renuncias dentro del Ministerio de Econom\u00eda y la salida de Victoria Donda como [&hellip;]<\/p>\n","protected":false},"author":2,"featured_media":21549,"comment_status":"open","ping_status":"open","sticky":false,"template":"","format":"standard","meta":{"footnotes":""},"categories":[39],"tags":[],"class_list":["post-21548","post","type-post","status-publish","format-standard","has-post-thumbnail","hentry","category-nacionales"],"yoast_head":"<!-- This site is optimized with the Yoast SEO plugin v27.4 - https:\/\/yoast.com\/product\/yoast-seo-wordpress\/ -->\n<title>\u201cPol\u00edtica Exterior Feminista\u201d, el pol\u00e9mico cargo creado por el Gobierno durante A\u00f1o Nuevo para \u201cMarita\u201d Perceval | CVI NOTICIAS<\/title>\n<meta name=\"robots\" content=\"index, follow, max-snippet:-1, max-image-preview:large, max-video-preview:-1\" \/>\n<link rel=\"canonical\" href=\"https:\/\/cvinoticias.com\/v3\/politica-exterior-feminista-el-polemico-cargo-creado-por-el-gobierno-durante-ano-nuevo-para-marita-perceval\/\" \/>\n<meta property=\"og:locale\" content=\"es_ES\" \/>\n<meta property=\"og:type\" content=\"article\" \/>\n<meta property=\"og:title\" content=\"\u201cPol\u00edtica Exterior Feminista\u201d, el pol\u00e9mico cargo creado por el Gobierno durante A\u00f1o Nuevo para \u201cMarita\u201d Perceval | CVI NOTICIAS\" \/>\n<meta property=\"og:description\" content=\"Tras la renuncia de Victoria Donda al INADI en medio de fuertes cr\u00edticas hacia el Gobierno, el Ministerio de Relaciones Exteriores lanz\u00f3 un nuevo cargo que ocupar\u00e1 \u201cMarita\u201d Perceval, ex secretaria de Pol\u00edticas de Igualdad y Diversidad. En medio de las pol\u00e9micas renuncias dentro del Ministerio de Econom\u00eda y la salida de Victoria Donda como [&hellip;]\" \/>\n<meta property=\"og:url\" content=\"https:\/\/cvinoticias.com\/v3\/politica-exterior-feminista-el-polemico-cargo-creado-por-el-gobierno-durante-ano-nuevo-para-marita-perceval\/\" \/>\n<meta property=\"og:site_name\" content=\"CVI NOTICIAS\" \/>\n<meta property=\"article:publisher\" content=\"https:\/\/www.facebook.com\/cvinoticias\" \/>\n<meta property=\"article:published_time\" content=\"2023-01-03T01:06:52+00:00\" \/>\n<meta property=\"og:image\" content=\"https:\/\/cvinoticias.com\/wp-content\/uploads\/2023\/01\/NYXTU2GLZVBPRJCSIKJQYE7RTQ.jpg\" \/>\n\t<meta property=\"og:image:width\" content=\"992\" \/>\n\t<meta property=\"og:image:height\" content=\"496\" \/>\n\t<meta property=\"og:image:type\" content=\"image\/jpeg\" \/>\n<meta name=\"author\" content=\"f1000024\" \/>\n<meta name=\"twitter:card\" content=\"summary_large_image\" \/>\n<meta name=\"twitter:label1\" content=\"Escrito por\" \/>\n\t<meta name=\"twitter:data1\" content=\"f1000024\" \/>\n\t<meta name=\"twitter:label2\" content=\"Tiempo de lectura\" \/>\n\t<meta name=\"twitter:data2\" content=\"1 minuto\" \/>\n<script type=\"application\/ld+json\" class=\"yoast-schema-graph\">{\"@context\":\"https:\\\/\\\/schema.org\",\"@graph\":[{\"@type\":\"Article\",\"@id\":\"https:\\\/\\\/cvinoticias.com\\\/v3\\\/politica-exterior-feminista-el-polemico-cargo-creado-por-el-gobierno-durante-ano-nuevo-para-marita-perceval\\\/#article\",\"isPartOf\":{\"@id\":\"https:\\\/\\\/cvinoticias.com\\\/v3\\\/politica-exterior-feminista-el-polemico-cargo-creado-por-el-gobierno-durante-ano-nuevo-para-marita-perceval\\\/\"},\"author\":{\"name\":\"f1000024\",\"@id\":\"https:\\\/\\\/cvinoticias.com\\\/v3\\\/#\\\/schema\\\/person\\\/2db77e3c6bc03c538495d7b2b8be9b66\"},\"headline\":\"\u201cPol\u00edtica Exterior Feminista\u201d, el pol\u00e9mico cargo creado por el Gobierno durante A\u00f1o Nuevo para \u201cMarita\u201d Perceval\",\"datePublished\":\"2023-01-03T01:06:52+00:00\",\"mainEntityOfPage\":{\"@id\":\"https:\\\/\\\/cvinoticias.com\\\/v3\\\/politica-exterior-feminista-el-polemico-cargo-creado-por-el-gobierno-durante-ano-nuevo-para-marita-perceval\\\/\"},\"wordCount\":267,\"commentCount\":0,\"publisher\":{\"@id\":\"https:\\\/\\\/cvinoticias.com\\\/v3\\\/#organization\"},\"image\":{\"@id\":\"https:\\\/\\\/cvinoticias.com\\\/v3\\\/politica-exterior-feminista-el-polemico-cargo-creado-por-el-gobierno-durante-ano-nuevo-para-marita-perceval\\\/#primaryimage\"},\"thumbnailUrl\":\"https:\\\/\\\/cvinoticias.com\\\/wp-content\\\/uploads\\\/2023\\\/01\\\/NYXTU2GLZVBPRJCSIKJQYE7RTQ.jpg\",\"articleSection\":[\"Nacionales\"],\"inLanguage\":\"es\",\"potentialAction\":[{\"@type\":\"CommentAction\",\"name\":\"Comment\",\"target\":[\"https:\\\/\\\/cvinoticias.com\\\/v3\\\/politica-exterior-feminista-el-polemico-cargo-creado-por-el-gobierno-durante-ano-nuevo-para-marita-perceval\\\/#respond\"]}]},{\"@type\":\"WebPage\",\"@id\":\"https:\\\/\\\/cvinoticias.com\\\/v3\\\/politica-exterior-feminista-el-polemico-cargo-creado-por-el-gobierno-durante-ano-nuevo-para-marita-perceval\\\/\",\"url\":\"https:\\\/\\\/cvinoticias.com\\\/v3\\\/politica-exterior-feminista-el-polemico-cargo-creado-por-el-gobierno-durante-ano-nuevo-para-marita-perceval\\\/\",\"name\":\"\u201cPol\u00edtica Exterior Feminista\u201d, el pol\u00e9mico cargo creado por el Gobierno durante A\u00f1o Nuevo para \u201cMarita\u201d Perceval | CVI NOTICIAS\",\"isPartOf\":{\"@id\":\"https:\\\/\\\/cvinoticias.com\\\/v3\\\/#website\"},\"primaryImageOfPage\":{\"@id\":\"https:\\\/\\\/cvinoticias.com\\\/v3\\\/politica-exterior-feminista-el-polemico-cargo-creado-por-el-gobierno-durante-ano-nuevo-para-marita-perceval\\\/#primaryimage\"},\"image\":{\"@id\":\"https:\\\/\\\/cvinoticias.com\\\/v3\\\/politica-exterior-feminista-el-polemico-cargo-creado-por-el-gobierno-durante-ano-nuevo-para-marita-perceval\\\/#primaryimage\"},\"thumbnailUrl\":\"https:\\\/\\\/cvinoticias.com\\\/wp-content\\\/uploads\\\/2023\\\/01\\\/NYXTU2GLZVBPRJCSIKJQYE7RTQ.jpg\",\"datePublished\":\"2023-01-03T01:06:52+00:00\",\"breadcrumb\":{\"@id\":\"https:\\\/\\\/cvinoticias.com\\\/v3\\\/politica-exterior-feminista-el-polemico-cargo-creado-por-el-gobierno-durante-ano-nuevo-para-marita-perceval\\\/#breadcrumb\"},\"inLanguage\":\"es\",\"potentialAction\":[{\"@type\":\"ReadAction\",\"target\":[\"https:\\\/\\\/cvinoticias.com\\\/v3\\\/politica-exterior-feminista-el-polemico-cargo-creado-por-el-gobierno-durante-ano-nuevo-para-marita-perceval\\\/\"]}]},{\"@type\":\"ImageObject\",\"inLanguage\":\"es\",\"@id\":\"https:\\\/\\\/cvinoticias.com\\\/v3\\\/politica-exterior-feminista-el-polemico-cargo-creado-por-el-gobierno-durante-ano-nuevo-para-marita-perceval\\\/#primaryimage\",\"url\":\"https:\\\/\\\/cvinoticias.com\\\/wp-content\\\/uploads\\\/2023\\\/01\\\/NYXTU2GLZVBPRJCSIKJQYE7RTQ.jpg\",\"contentUrl\":\"https:\\\/\\\/cvinoticias.com\\\/wp-content\\\/uploads\\\/2023\\\/01\\\/NYXTU2GLZVBPRJCSIKJQYE7RTQ.jpg\",\"width\":992,\"height\":496},{\"@type\":\"BreadcrumbList\",\"@id\":\"https:\\\/\\\/cvinoticias.com\\\/v3\\\/politica-exterior-feminista-el-polemico-cargo-creado-por-el-gobierno-durante-ano-nuevo-para-marita-perceval\\\/#breadcrumb\",\"itemListElement\":[{\"@type\":\"ListItem\",\"position\":1,\"name\":\"Portada\",\"item\":\"https:\\\/\\\/cvinoticias.com\\\/v3\\\/\"},{\"@type\":\"ListItem\",\"position\":2,\"name\":\"\u201cPol\u00edtica Exterior Feminista\u201d, el pol\u00e9mico cargo creado por el Gobierno durante A\u00f1o Nuevo para \u201cMarita\u201d Perceval\"}]},{\"@type\":\"WebSite\",\"@id\":\"https:\\\/\\\/cvinoticias.com\\\/v3\\\/#website\",\"url\":\"https:\\\/\\\/cvinoticias.com\\\/v3\\\/\",\"name\":\"CVI NOTICIAS\",\"description\":\"\",\"publisher\":{\"@id\":\"https:\\\/\\\/cvinoticias.com\\\/v3\\\/#organization\"},\"alternateName\":\"CVI\",\"potentialAction\":[{\"@type\":\"SearchAction\",\"target\":{\"@type\":\"EntryPoint\",\"urlTemplate\":\"https:\\\/\\\/cvinoticias.com\\\/v3\\\/?s={search_term_string}\"},\"query-input\":{\"@type\":\"PropertyValueSpecification\",\"valueRequired\":true,\"valueName\":\"search_term_string\"}}],\"inLanguage\":\"es\"},{\"@type\":\"Organization\",\"@id\":\"https:\\\/\\\/cvinoticias.com\\\/v3\\\/#organization\",\"name\":\"CVI NOTICIAS\",\"url\":\"https:\\\/\\\/cvinoticias.com\\\/v3\\\/\",\"logo\":{\"@type\":\"ImageObject\",\"inLanguage\":\"es\",\"@id\":\"https:\\\/\\\/cvinoticias.com\\\/v3\\\/#\\\/schema\\\/logo\\\/image\\\/\",\"url\":\"https:\\\/\\\/cvinoticias.com\\\/wp-content\\\/uploads\\\/2023\\\/04\\\/cropped-cropped-cropped-cropped-cropped-3-1.png\",\"contentUrl\":\"https:\\\/\\\/cvinoticias.com\\\/wp-content\\\/uploads\\\/2023\\\/04\\\/cropped-cropped-cropped-cropped-cropped-3-1.png\",\"width\":95,\"height\":122,\"caption\":\"CVI NOTICIAS\"},\"image\":{\"@id\":\"https:\\\/\\\/cvinoticias.com\\\/v3\\\/#\\\/schema\\\/logo\\\/image\\\/\"},\"sameAs\":[\"https:\\\/\\\/www.facebook.com\\\/cvinoticias\",\"https:\\\/\\\/www.instagram.com\\\/cvinoticias\\\/\",\"https:\\\/\\\/www.youtube.com\\\/@CVINOTICIAS\"]},{\"@type\":\"Person\",\"@id\":\"https:\\\/\\\/cvinoticias.com\\\/v3\\\/#\\\/schema\\\/person\\\/2db77e3c6bc03c538495d7b2b8be9b66\",\"name\":\"f1000024\",\"image\":{\"@type\":\"ImageObject\",\"inLanguage\":\"es\",\"@id\":\"https:\\\/\\\/secure.gravatar.com\\\/avatar\\\/d4fe7459cfc51ff5129ce1a732bbef5928568b8092d412ef95611616376bbeed?s=96&d=mm&r=g\",\"url\":\"https:\\\/\\\/secure.gravatar.com\\\/avatar\\\/d4fe7459cfc51ff5129ce1a732bbef5928568b8092d412ef95611616376bbeed?s=96&d=mm&r=g\",\"contentUrl\":\"https:\\\/\\\/secure.gravatar.com\\\/avatar\\\/d4fe7459cfc51ff5129ce1a732bbef5928568b8092d412ef95611616376bbeed?s=96&d=mm&r=g\",\"caption\":\"f1000024\"},\"url\":\"https:\\\/\\\/cvinoticias.com\\\/v3\\\/author\\\/f1000024\\\/\"}]}<\/script>\n<!-- \/ Yoast SEO plugin. -->","yoast_head_json":{"title":"\u201cPol\u00edtica Exterior Feminista\u201d, el pol\u00e9mico cargo creado por el Gobierno durante A\u00f1o Nuevo para \u201cMarita\u201d Perceval | CVI NOTICIAS","robots":{"index":"index","follow":"follow","max-snippet":"max-snippet:-1","max-image-preview":"max-image-preview:large","max-video-preview":"max-video-preview:-1"},"canonical":"https:\/\/cvinoticias.com\/v3\/politica-exterior-feminista-el-polemico-cargo-creado-por-el-gobierno-durante-ano-nuevo-para-marita-perceval\/","og_locale":"es_ES","og_type":"article","og_title":"\u201cPol\u00edtica Exterior Feminista\u201d, el pol\u00e9mico cargo creado por el Gobierno durante A\u00f1o Nuevo para \u201cMarita\u201d Perceval | CVI NOTICIAS","og_description":"Tras la renuncia de Victoria Donda al INADI en medio de fuertes cr\u00edticas hacia el Gobierno, el Ministerio de Relaciones Exteriores lanz\u00f3 un nuevo cargo que ocupar\u00e1 \u201cMarita\u201d Perceval, ex secretaria de Pol\u00edticas de Igualdad y Diversidad. En medio de las pol\u00e9micas renuncias dentro del Ministerio de Econom\u00eda y la salida de Victoria Donda como [&hellip;]","og_url":"https:\/\/cvinoticias.com\/v3\/politica-exterior-feminista-el-polemico-cargo-creado-por-el-gobierno-durante-ano-nuevo-para-marita-perceval\/","og_site_name":"CVI NOTICIAS","article_publisher":"https:\/\/www.facebook.com\/cvinoticias","article_published_time":"2023-01-03T01:06:52+00:00","og_image":[{"width":992,"height":496,"url":"https:\/\/cvinoticias.com\/wp-content\/uploads\/2023\/01\/NYXTU2GLZVBPRJCSIKJQYE7RTQ.jpg","type":"image\/jpeg"}],"author":"f1000024","twitter_card":"summary_large_image","twitter_misc":{"Escrito por":"f1000024","Tiempo de lectura":"1 minuto"},"schema":{"@context":"https:\/\/schema.org","@graph":[{"@type":"Article","@id":"https:\/\/cvinoticias.com\/v3\/politica-exterior-feminista-el-polemico-cargo-creado-por-el-gobierno-durante-ano-nuevo-para-marita-perceval\/#article","isPartOf":{"@id":"https:\/\/cvinoticias.com\/v3\/politica-exterior-feminista-el-polemico-cargo-creado-por-el-gobierno-durante-ano-nuevo-para-marita-perceval\/"},"author":{"name":"f1000024","@id":"https:\/\/cvinoticias.com\/v3\/#\/schema\/person\/2db77e3c6bc03c538495d7b2b8be9b66"},"headline":"\u201cPol\u00edtica Exterior Feminista\u201d, el pol\u00e9mico cargo creado por el Gobierno durante A\u00f1o Nuevo para \u201cMarita\u201d Perceval","datePublished":"2023-01-03T01:06:52+00:00","mainEntityOfPage":{"@id":"https:\/\/cvinoticias.com\/v3\/politica-exterior-feminista-el-polemico-cargo-creado-por-el-gobierno-durante-ano-nuevo-para-marita-perceval\/"},"wordCount":267,"commentCount":0,"publisher":{"@id":"https:\/\/cvinoticias.com\/v3\/#organization"},"image":{"@id":"https:\/\/cvinoticias.com\/v3\/politica-exterior-feminista-el-polemico-cargo-creado-por-el-gobierno-durante-ano-nuevo-para-marita-perceval\/#primaryimage"},"thumbnailUrl":"https:\/\/cvinoticias.com\/wp-content\/uploads\/2023\/01\/NYXTU2GLZVBPRJCSIKJQYE7RTQ.jpg","articleSection":["Nacionales"],"inLanguage":"es","potentialAction":[{"@type":"CommentAction","name":"Comment","target":["https:\/\/cvinoticias.com\/v3\/politica-exterior-feminista-el-polemico-cargo-creado-por-el-gobierno-durante-ano-nuevo-para-marita-perceval\/#respond"]}]},{"@type":"WebPage","@id":"https:\/\/cvinoticias.com\/v3\/politica-exterior-feminista-el-polemico-cargo-creado-por-el-gobierno-durante-ano-nuevo-para-marita-perceval\/","url":"https:\/\/cvinoticias.com\/v3\/politica-exterior-feminista-el-polemico-cargo-creado-por-el-gobierno-durante-ano-nuevo-para-marita-perceval\/","name":"\u201cPol\u00edtica Exterior Feminista\u201d, el pol\u00e9mico cargo creado por el Gobierno durante A\u00f1o Nuevo para \u201cMarita\u201d Perceval | CVI NOTICIAS","isPartOf":{"@id":"https:\/\/cvinoticias.com\/v3\/#website"},"primaryImageOfPage":{"@id":"https:\/\/cvinoticias.com\/v3\/politica-exterior-feminista-el-polemico-cargo-creado-por-el-gobierno-durante-ano-nuevo-para-marita-perceval\/#primaryimage"},"image":{"@id":"https:\/\/cvinoticias.com\/v3\/politica-exterior-feminista-el-polemico-cargo-creado-por-el-gobierno-durante-ano-nuevo-para-marita-perceval\/#primaryimage"},"thumbnailUrl":"https:\/\/cvinoticias.com\/wp-content\/uploads\/2023\/01\/NYXTU2GLZVBPRJCSIKJQYE7RTQ.jpg","datePublished":"2023-01-03T01:06:52+00:00","breadcrumb":{"@id":"https:\/\/cvinoticias.com\/v3\/politica-exterior-feminista-el-polemico-cargo-creado-por-el-gobierno-durante-ano-nuevo-para-marita-perceval\/#breadcrumb"},"inLanguage":"es","potentialAction":[{"@type":"ReadAction","target":["https:\/\/cvinoticias.com\/v3\/politica-exterior-feminista-el-polemico-cargo-creado-por-el-gobierno-durante-ano-nuevo-para-marita-perceval\/"]}]},{"@type":"ImageObject","inLanguage":"es","@id":"https:\/\/cvinoticias.com\/v3\/politica-exterior-feminista-el-polemico-cargo-creado-por-el-gobierno-durante-ano-nuevo-para-marita-perceval\/#primaryimage","url":"https:\/\/cvinoticias.com\/wp-content\/uploads\/2023\/01\/NYXTU2GLZVBPRJCSIKJQYE7RTQ.jpg","contentUrl":"https:\/\/cvinoticias.com\/wp-content\/uploads\/2023\/01\/NYXTU2GLZVBPRJCSIKJQYE7RTQ.jpg","width":992,"height":496},{"@type":"BreadcrumbList","@id":"https:\/\/cvinoticias.com\/v3\/politica-exterior-feminista-el-polemico-cargo-creado-por-el-gobierno-durante-ano-nuevo-para-marita-perceval\/#breadcrumb","itemListElement":[{"@type":"ListItem","position":1,"name":"Portada","item":"https:\/\/cvinoticias.com\/v3\/"},{"@type":"ListItem","position":2,"name":"\u201cPol\u00edtica Exterior Feminista\u201d, el pol\u00e9mico cargo creado por el Gobierno durante A\u00f1o Nuevo para \u201cMarita\u201d Perceval"}]},{"@type":"WebSite","@id":"https:\/\/cvinoticias.com\/v3\/#website","url":"https:\/\/cvinoticias.com\/v3\/","name":"CVI NOTICIAS","description":"","publisher":{"@id":"https:\/\/cvinoticias.com\/v3\/#organization"},"alternateName":"CVI","potentialAction":[{"@type":"SearchAction","target":{"@type":"EntryPoint","urlTemplate":"https:\/\/cvinoticias.com\/v3\/?s={search_term_string}"},"query-input":{"@type":"PropertyValueSpecification","valueRequired":true,"valueName":"search_term_string"}}],"inLanguage":"es"},{"@type":"Organization","@id":"https:\/\/cvinoticias.com\/v3\/#organization","name":"CVI NOTICIAS","url":"https:\/\/cvinoticias.com\/v3\/","logo":{"@type":"ImageObject","inLanguage":"es","@id":"https:\/\/cvinoticias.com\/v3\/#\/schema\/logo\/image\/","url":"https:\/\/cvinoticias.com\/wp-content\/uploads\/2023\/04\/cropped-cropped-cropped-cropped-cropped-3-1.png","contentUrl":"https:\/\/cvinoticias.com\/wp-content\/uploads\/2023\/04\/cropped-cropped-cropped-cropped-cropped-3-1.png","width":95,"height":122,"caption":"CVI NOTICIAS"},"image":{"@id":"https:\/\/cvinoticias.com\/v3\/#\/schema\/logo\/image\/"},"sameAs":["https:\/\/www.facebook.com\/cvinoticias","https:\/\/www.instagram.com\/cvinoticias\/","https:\/\/www.youtube.com\/@CVINOTICIAS"]},{"@type":"Person","@id":"https:\/\/cvinoticias.com\/v3\/#\/schema\/person\/2db77e3c6bc03c538495d7b2b8be9b66","name":"f1000024","image":{"@type":"ImageObject","inLanguage":"es","@id":"https:\/\/secure.gravatar.com\/avatar\/d4fe7459cfc51ff5129ce1a732bbef5928568b8092d412ef95611616376bbeed?s=96&d=mm&r=g","url":"https:\/\/secure.gravatar.com\/avatar\/d4fe7459cfc51ff5129ce1a732bbef5928568b8092d412ef95611616376bbeed?s=96&d=mm&r=g","contentUrl":"https:\/\/secure.gravatar.com\/avatar\/d4fe7459cfc51ff5129ce1a732bbef5928568b8092d412ef95611616376bbeed?s=96&d=mm&r=g","caption":"f1000024"},"url":"https:\/\/cvinoticias.com\/v3\/author\/f1000024\/"}]}},"_links":{"self":[{"href":"https:\/\/cvinoticias.com\/v3\/wp-json\/wp\/v2\/posts\/21548","targetHints":{"allow":["GET"]}}],"collection":[{"href":"https:\/\/cvinoticias.com\/v3\/wp-json\/wp\/v2\/posts"}],"about":[{"href":"https:\/\/cvinoticias.com\/v3\/wp-json\/wp\/v2\/types\/post"}],"author":[{"embeddable":true,"href":"https:\/\/cvinoticias.com\/v3\/wp-json\/wp\/v2\/users\/2"}],"replies":[{"embeddable":true,"href":"https:\/\/cvinoticias.com\/v3\/wp-json\/wp\/v2\/comments?post=21548"}],"version-history":[{"count":1,"href":"https:\/\/cvinoticias.com\/v3\/wp-json\/wp\/v2\/posts\/21548\/revisions"}],"predecessor-version":[{"id":21550,"href":"https:\/\/cvinoticias.com\/v3\/wp-json\/wp\/v2\/posts\/21548\/revisions\/21550"}],"wp:featuredmedia":[{"embeddable":true,"href":"https:\/\/cvinoticias.com\/v3\/wp-json\/wp\/v2\/media\/21549"}],"wp:attachment":[{"href":"https:\/\/cvinoticias.com\/v3\/wp-json\/wp\/v2\/media?parent=21548"}],"wp:term":[{"taxonomy":"category","embeddable":true,"href":"https:\/\/cvinoticias.com\/v3\/wp-json\/wp\/v2\/categories?post=21548"},{"taxonomy":"post_tag","embeddable":true,"href":"https:\/\/cvinoticias.com\/v3\/wp-json\/wp\/v2\/tags?post=21548"}],"curies":[{"name":"wp","href":"https:\/\/api.w.org\/{rel}","templated":true}]}}