{"id":21534,"date":"2023-01-02T22:10:28","date_gmt":"2023-01-02T22:10:28","guid":{"rendered":"https:\/\/cvinoticias.com\/v3\/?p=21534"},"modified":"2023-01-02T22:10:28","modified_gmt":"2023-01-02T22:10:28","slug":"el-parque-nacional-iguazu-registro-mas-de-2-mil-visitas-en-el-primer-dia-de-2023-y-se-prepara-para-una-gran-temporada","status":"publish","type":"post","link":"https:\/\/cvinoticias.com\/v3\/el-parque-nacional-iguazu-registro-mas-de-2-mil-visitas-en-el-primer-dia-de-2023-y-se-prepara-para-una-gran-temporada\/","title":{"rendered":"El Parque Nacional Iguaz\u00fa registr\u00f3 m\u00e1s de 2 mil visitas en el primer d\u00eda de 2023 y se prepara para una gran temporada"},"content":{"rendered":"\n<p><strong><em>El 1 de enero el Parque Nacional comenz\u00f3 la jornada con 2.009 visitantes, el mismo d\u00eda del 2022 ingresaron 1.828. Superar la barrera de los 2 mil en el inicio de un nuevo a\u00f1o genera muchas expectativas al sector. La apuesta est\u00e1 principalmente en los turistas nacionales, quienes en esta temporada, se animan a llegar sin reservas.<\/em><\/strong><\/p>\n\n\n\n<p>El presidente del Iguaz\u00fa Turismo Ente Municipal (Iturem), Leopoldo Lucas, detall\u00f3 que ya el balance del 2022 fue excelente. \u00abCerramos el 2022 con 1.400.000 visitas en el Parque Nacional y comenzamos el 2023 muy bien. Estamos arriba del 70% de ocupaci\u00f3n y con muchas expectativas y se est\u00e1 dando que la gente est\u00e1 llegando sin hacer reservas previas\u00bb.<\/p>\n\n\n\n<p>En relaci\u00f3n a la misma fecha del a\u00f1o pasado indic\u00f3 que en el 2022 la gente viajaba con reserva, ya que hab\u00edamos salido recientemente de una pandemia y no se animaban a visitar el destino Iguaz\u00fa sin reservas debido a la alta demanda.<\/p>\n\n\n\n<p>Respecto a quienes visitan una de las siete las maravillas del mundo, detall\u00f3 que principalmente llegan turistas nacionales (de Buenos Aires, Santa Fe, C\u00f3rdoba), que suelen venir con autom\u00f3viles. Asimismo, dijo que se nota mucho la presencia de turistas extranjeros de destinos como Estados Unidos, Espa\u00f1a, Francia y Alemania, entre otros.<\/p>\n\n\n\n<p>El presidente de Iturem destac\u00f3 el fuerte trabajo realizado en la promoci\u00f3n del destino. En esta l\u00ednea dijo que el foco no estuvo puesto solamente en Argentina, sino en otros pa\u00edses y adelant\u00f3 que estar\u00e1n presentes en la Feria Internacional del Turismo (Fitur) que se realizar\u00e1 en Madrid, Espa\u00f1a del 18 al 22 de enero. Agreg\u00f3 que a medida que aumente la conectividad a\u00e9rea, tambi\u00e9n aumentar\u00e1 la presencia del turista extranjero en Puerto Iguaz\u00fa.<\/p>\n\n\n\n<p>Por otra parte, Lucas resalt\u00f3 el impacto que est\u00e1n teniendo en materia tur\u00edstica las obras que realiza la Provincia en conjunto con el Municipio. \u00abDan una nueva imagen a la ciudad y el turista lo nota. La rotonda de acceso con nueva carteler\u00eda, el asfaltado de la avenida Brasil, la Feirinha, un atractivo tur\u00edstico que le da un valor agregado a la ciudad, la jardiner\u00eda en los bulevares, la renovaci\u00f3n de la costanera. Todo ello sumado a la atenci\u00f3n que se tiene con el turista y la gastronom\u00eda, que siempre fueron muy destacada, potencian al destino que dejan muy conforme al visitante\u00bb, subray\u00f3. <strong>(R.E)<\/strong><\/p>\n\n\n\n<figure class=\"wp-block-image size-full\"><a href=\"https:\/\/cvinoticias.com\/wp-content\/uploads\/2023\/01\/dfb50249-6a82-47db-ba9c-64b21047352e.jpg\"><img decoding=\"async\" width=\"500\" height=\"494\" data-src=\"https:\/\/cvinoticias.com\/wp-content\/uploads\/2023\/01\/dfb50249-6a82-47db-ba9c-64b21047352e.jpg\" alt=\"\" class=\"wp-image-21535 lazyload\" data-srcset=\"https:\/\/cvinoticias.com\/wp-content\/uploads\/2023\/01\/dfb50249-6a82-47db-ba9c-64b21047352e.jpg 500w, https:\/\/cvinoticias.com\/wp-content\/uploads\/2023\/01\/dfb50249-6a82-47db-ba9c-64b21047352e-300x296.jpg 300w\" data-sizes=\"(max-width: 500px) 100vw, 500px\" src=\"data:image\/svg+xml;base64,PHN2ZyB3aWR0aD0iMSIgaGVpZ2h0PSIxIiB4bWxucz0iaHR0cDovL3d3dy53My5vcmcvMjAwMC9zdmciPjwvc3ZnPg==\" style=\"--smush-placeholder-width: 500px; --smush-placeholder-aspect-ratio: 500\/494;\" \/><\/a><\/figure>\n","protected":false},"excerpt":{"rendered":"<p>El 1 de enero el Parque Nacional comenz\u00f3 la jornada con 2.009 visitantes, el mismo d\u00eda del 2022 ingresaron 1.828. Superar la barrera de los 2 mil en el inicio de un nuevo a\u00f1o genera muchas expectativas al sector. La apuesta est\u00e1 principalmente en los turistas nacionales, quienes en esta temporada, se animan a llegar [&hellip;]<\/p>\n","protected":false},"author":2,"featured_media":21536,"comment_status":"open","ping_status":"open","sticky":false,"template":"","format":"standard","meta":{"footnotes":""},"categories":[50],"tags":[],"class_list":["post-21534","post","type-post","status-publish","format-standard","has-post-thumbnail","hentry","category-turismo"],"yoast_head":"<!-- This site is optimized with the Yoast SEO plugin v27.4 - https:\/\/yoast.com\/product\/yoast-seo-wordpress\/ -->\n<title>El Parque Nacional Iguaz\u00fa registr\u00f3 m\u00e1s de 2 mil visitas en el primer d\u00eda de 2023 y se prepara para una gran temporada | CVI NOTICIAS<\/title>\n<meta name=\"robots\" content=\"index, follow, max-snippet:-1, max-image-preview:large, max-video-preview:-1\" \/>\n<link rel=\"canonical\" href=\"https:\/\/cvinoticias.com\/v3\/el-parque-nacional-iguazu-registro-mas-de-2-mil-visitas-en-el-primer-dia-de-2023-y-se-prepara-para-una-gran-temporada\/\" \/>\n<meta property=\"og:locale\" content=\"es_ES\" \/>\n<meta property=\"og:type\" content=\"article\" \/>\n<meta property=\"og:title\" content=\"El Parque Nacional Iguaz\u00fa registr\u00f3 m\u00e1s de 2 mil visitas en el primer d\u00eda de 2023 y se prepara para una gran temporada | CVI NOTICIAS\" \/>\n<meta property=\"og:description\" content=\"El 1 de enero el Parque Nacional comenz\u00f3 la jornada con 2.009 visitantes, el mismo d\u00eda del 2022 ingresaron 1.828. Superar la barrera de los 2 mil en el inicio de un nuevo a\u00f1o genera muchas expectativas al sector. La apuesta est\u00e1 principalmente en los turistas nacionales, quienes en esta temporada, se animan a llegar [&hellip;]\" \/>\n<meta property=\"og:url\" content=\"https:\/\/cvinoticias.com\/v3\/el-parque-nacional-iguazu-registro-mas-de-2-mil-visitas-en-el-primer-dia-de-2023-y-se-prepara-para-una-gran-temporada\/\" \/>\n<meta property=\"og:site_name\" content=\"CVI NOTICIAS\" \/>\n<meta property=\"article:publisher\" content=\"https:\/\/www.facebook.com\/cvinoticias\" \/>\n<meta property=\"article:published_time\" content=\"2023-01-02T22:10:28+00:00\" \/>\n<meta property=\"og:image\" content=\"https:\/\/cvinoticias.com\/wp-content\/uploads\/2023\/01\/FB_IMG_1667417465833.jpg\" \/>\n\t<meta property=\"og:image:width\" content=\"1080\" \/>\n\t<meta property=\"og:image:height\" content=\"1440\" \/>\n\t<meta property=\"og:image:type\" content=\"image\/jpeg\" \/>\n<meta name=\"author\" content=\"f1000024\" \/>\n<meta name=\"twitter:card\" content=\"summary_large_image\" \/>\n<meta name=\"twitter:label1\" content=\"Escrito por\" \/>\n\t<meta name=\"twitter:data1\" content=\"f1000024\" \/>\n\t<meta name=\"twitter:label2\" content=\"Tiempo de lectura\" \/>\n\t<meta name=\"twitter:data2\" content=\"2 minutos\" \/>\n<script type=\"application\/ld+json\" class=\"yoast-schema-graph\">{\"@context\":\"https:\\\/\\\/schema.org\",\"@graph\":[{\"@type\":\"Article\",\"@id\":\"https:\\\/\\\/cvinoticias.com\\\/v3\\\/el-parque-nacional-iguazu-registro-mas-de-2-mil-visitas-en-el-primer-dia-de-2023-y-se-prepara-para-una-gran-temporada\\\/#article\",\"isPartOf\":{\"@id\":\"https:\\\/\\\/cvinoticias.com\\\/v3\\\/el-parque-nacional-iguazu-registro-mas-de-2-mil-visitas-en-el-primer-dia-de-2023-y-se-prepara-para-una-gran-temporada\\\/\"},\"author\":{\"name\":\"f1000024\",\"@id\":\"https:\\\/\\\/cvinoticias.com\\\/v3\\\/#\\\/schema\\\/person\\\/2db77e3c6bc03c538495d7b2b8be9b66\"},\"headline\":\"El Parque Nacional Iguaz\u00fa registr\u00f3 m\u00e1s de 2 mil visitas en el primer d\u00eda de 2023 y se prepara para una gran temporada\",\"datePublished\":\"2023-01-02T22:10:28+00:00\",\"mainEntityOfPage\":{\"@id\":\"https:\\\/\\\/cvinoticias.com\\\/v3\\\/el-parque-nacional-iguazu-registro-mas-de-2-mil-visitas-en-el-primer-dia-de-2023-y-se-prepara-para-una-gran-temporada\\\/\"},\"wordCount\":422,\"commentCount\":0,\"publisher\":{\"@id\":\"https:\\\/\\\/cvinoticias.com\\\/v3\\\/#organization\"},\"image\":{\"@id\":\"https:\\\/\\\/cvinoticias.com\\\/v3\\\/el-parque-nacional-iguazu-registro-mas-de-2-mil-visitas-en-el-primer-dia-de-2023-y-se-prepara-para-una-gran-temporada\\\/#primaryimage\"},\"thumbnailUrl\":\"https:\\\/\\\/cvinoticias.com\\\/wp-content\\\/uploads\\\/2023\\\/01\\\/FB_IMG_1667417465833.jpg\",\"articleSection\":[\"Turismo\"],\"inLanguage\":\"es\",\"potentialAction\":[{\"@type\":\"CommentAction\",\"name\":\"Comment\",\"target\":[\"https:\\\/\\\/cvinoticias.com\\\/v3\\\/el-parque-nacional-iguazu-registro-mas-de-2-mil-visitas-en-el-primer-dia-de-2023-y-se-prepara-para-una-gran-temporada\\\/#respond\"]}]},{\"@type\":\"WebPage\",\"@id\":\"https:\\\/\\\/cvinoticias.com\\\/v3\\\/el-parque-nacional-iguazu-registro-mas-de-2-mil-visitas-en-el-primer-dia-de-2023-y-se-prepara-para-una-gran-temporada\\\/\",\"url\":\"https:\\\/\\\/cvinoticias.com\\\/v3\\\/el-parque-nacional-iguazu-registro-mas-de-2-mil-visitas-en-el-primer-dia-de-2023-y-se-prepara-para-una-gran-temporada\\\/\",\"name\":\"El Parque Nacional Iguaz\u00fa registr\u00f3 m\u00e1s de 2 mil visitas en el primer d\u00eda de 2023 y se prepara para una gran temporada | CVI NOTICIAS\",\"isPartOf\":{\"@id\":\"https:\\\/\\\/cvinoticias.com\\\/v3\\\/#website\"},\"primaryImageOfPage\":{\"@id\":\"https:\\\/\\\/cvinoticias.com\\\/v3\\\/el-parque-nacional-iguazu-registro-mas-de-2-mil-visitas-en-el-primer-dia-de-2023-y-se-prepara-para-una-gran-temporada\\\/#primaryimage\"},\"image\":{\"@id\":\"https:\\\/\\\/cvinoticias.com\\\/v3\\\/el-parque-nacional-iguazu-registro-mas-de-2-mil-visitas-en-el-primer-dia-de-2023-y-se-prepara-para-una-gran-temporada\\\/#primaryimage\"},\"thumbnailUrl\":\"https:\\\/\\\/cvinoticias.com\\\/wp-content\\\/uploads\\\/2023\\\/01\\\/FB_IMG_1667417465833.jpg\",\"datePublished\":\"2023-01-02T22:10:28+00:00\",\"breadcrumb\":{\"@id\":\"https:\\\/\\\/cvinoticias.com\\\/v3\\\/el-parque-nacional-iguazu-registro-mas-de-2-mil-visitas-en-el-primer-dia-de-2023-y-se-prepara-para-una-gran-temporada\\\/#breadcrumb\"},\"inLanguage\":\"es\",\"potentialAction\":[{\"@type\":\"ReadAction\",\"target\":[\"https:\\\/\\\/cvinoticias.com\\\/v3\\\/el-parque-nacional-iguazu-registro-mas-de-2-mil-visitas-en-el-primer-dia-de-2023-y-se-prepara-para-una-gran-temporada\\\/\"]}]},{\"@type\":\"ImageObject\",\"inLanguage\":\"es\",\"@id\":\"https:\\\/\\\/cvinoticias.com\\\/v3\\\/el-parque-nacional-iguazu-registro-mas-de-2-mil-visitas-en-el-primer-dia-de-2023-y-se-prepara-para-una-gran-temporada\\\/#primaryimage\",\"url\":\"https:\\\/\\\/cvinoticias.com\\\/wp-content\\\/uploads\\\/2023\\\/01\\\/FB_IMG_1667417465833.jpg\",\"contentUrl\":\"https:\\\/\\\/cvinoticias.com\\\/wp-content\\\/uploads\\\/2023\\\/01\\\/FB_IMG_1667417465833.jpg\",\"width\":1080,\"height\":1440},{\"@type\":\"BreadcrumbList\",\"@id\":\"https:\\\/\\\/cvinoticias.com\\\/v3\\\/el-parque-nacional-iguazu-registro-mas-de-2-mil-visitas-en-el-primer-dia-de-2023-y-se-prepara-para-una-gran-temporada\\\/#breadcrumb\",\"itemListElement\":[{\"@type\":\"ListItem\",\"position\":1,\"name\":\"Portada\",\"item\":\"https:\\\/\\\/cvinoticias.com\\\/v3\\\/\"},{\"@type\":\"ListItem\",\"position\":2,\"name\":\"El Parque Nacional Iguaz\u00fa registr\u00f3 m\u00e1s de 2 mil visitas en el primer d\u00eda de 2023 y se prepara para una gran temporada\"}]},{\"@type\":\"WebSite\",\"@id\":\"https:\\\/\\\/cvinoticias.com\\\/v3\\\/#website\",\"url\":\"https:\\\/\\\/cvinoticias.com\\\/v3\\\/\",\"name\":\"CVI NOTICIAS\",\"description\":\"\",\"publisher\":{\"@id\":\"https:\\\/\\\/cvinoticias.com\\\/v3\\\/#organization\"},\"alternateName\":\"CVI\",\"potentialAction\":[{\"@type\":\"SearchAction\",\"target\":{\"@type\":\"EntryPoint\",\"urlTemplate\":\"https:\\\/\\\/cvinoticias.com\\\/v3\\\/?s={search_term_string}\"},\"query-input\":{\"@type\":\"PropertyValueSpecification\",\"valueRequired\":true,\"valueName\":\"search_term_string\"}}],\"inLanguage\":\"es\"},{\"@type\":\"Organization\",\"@id\":\"https:\\\/\\\/cvinoticias.com\\\/v3\\\/#organization\",\"name\":\"CVI NOTICIAS\",\"url\":\"https:\\\/\\\/cvinoticias.com\\\/v3\\\/\",\"logo\":{\"@type\":\"ImageObject\",\"inLanguage\":\"es\",\"@id\":\"https:\\\/\\\/cvinoticias.com\\\/v3\\\/#\\\/schema\\\/logo\\\/image\\\/\",\"url\":\"https:\\\/\\\/cvinoticias.com\\\/wp-content\\\/uploads\\\/2023\\\/04\\\/cropped-cropped-cropped-cropped-cropped-3-1.png\",\"contentUrl\":\"https:\\\/\\\/cvinoticias.com\\\/wp-content\\\/uploads\\\/2023\\\/04\\\/cropped-cropped-cropped-cropped-cropped-3-1.png\",\"width\":95,\"height\":122,\"caption\":\"CVI NOTICIAS\"},\"image\":{\"@id\":\"https:\\\/\\\/cvinoticias.com\\\/v3\\\/#\\\/schema\\\/logo\\\/image\\\/\"},\"sameAs\":[\"https:\\\/\\\/www.facebook.com\\\/cvinoticias\",\"https:\\\/\\\/www.instagram.com\\\/cvinoticias\\\/\",\"https:\\\/\\\/www.youtube.com\\\/@CVINOTICIAS\"]},{\"@type\":\"Person\",\"@id\":\"https:\\\/\\\/cvinoticias.com\\\/v3\\\/#\\\/schema\\\/person\\\/2db77e3c6bc03c538495d7b2b8be9b66\",\"name\":\"f1000024\",\"image\":{\"@type\":\"ImageObject\",\"inLanguage\":\"es\",\"@id\":\"https:\\\/\\\/secure.gravatar.com\\\/avatar\\\/d4fe7459cfc51ff5129ce1a732bbef5928568b8092d412ef95611616376bbeed?s=96&d=mm&r=g\",\"url\":\"https:\\\/\\\/secure.gravatar.com\\\/avatar\\\/d4fe7459cfc51ff5129ce1a732bbef5928568b8092d412ef95611616376bbeed?s=96&d=mm&r=g\",\"contentUrl\":\"https:\\\/\\\/secure.gravatar.com\\\/avatar\\\/d4fe7459cfc51ff5129ce1a732bbef5928568b8092d412ef95611616376bbeed?s=96&d=mm&r=g\",\"caption\":\"f1000024\"},\"url\":\"https:\\\/\\\/cvinoticias.com\\\/v3\\\/author\\\/f1000024\\\/\"}]}<\/script>\n<!-- \/ Yoast SEO plugin. -->","yoast_head_json":{"title":"El Parque Nacional Iguaz\u00fa registr\u00f3 m\u00e1s de 2 mil visitas en el primer d\u00eda de 2023 y se prepara para una gran temporada | CVI NOTICIAS","robots":{"index":"index","follow":"follow","max-snippet":"max-snippet:-1","max-image-preview":"max-image-preview:large","max-video-preview":"max-video-preview:-1"},"canonical":"https:\/\/cvinoticias.com\/v3\/el-parque-nacional-iguazu-registro-mas-de-2-mil-visitas-en-el-primer-dia-de-2023-y-se-prepara-para-una-gran-temporada\/","og_locale":"es_ES","og_type":"article","og_title":"El Parque Nacional Iguaz\u00fa registr\u00f3 m\u00e1s de 2 mil visitas en el primer d\u00eda de 2023 y se prepara para una gran temporada | CVI NOTICIAS","og_description":"El 1 de enero el Parque Nacional comenz\u00f3 la jornada con 2.009 visitantes, el mismo d\u00eda del 2022 ingresaron 1.828. Superar la barrera de los 2 mil en el inicio de un nuevo a\u00f1o genera muchas expectativas al sector. La apuesta est\u00e1 principalmente en los turistas nacionales, quienes en esta temporada, se animan a llegar [&hellip;]","og_url":"https:\/\/cvinoticias.com\/v3\/el-parque-nacional-iguazu-registro-mas-de-2-mil-visitas-en-el-primer-dia-de-2023-y-se-prepara-para-una-gran-temporada\/","og_site_name":"CVI NOTICIAS","article_publisher":"https:\/\/www.facebook.com\/cvinoticias","article_published_time":"2023-01-02T22:10:28+00:00","og_image":[{"width":1080,"height":1440,"url":"https:\/\/cvinoticias.com\/wp-content\/uploads\/2023\/01\/FB_IMG_1667417465833.jpg","type":"image\/jpeg"}],"author":"f1000024","twitter_card":"summary_large_image","twitter_misc":{"Escrito por":"f1000024","Tiempo de lectura":"2 minutos"},"schema":{"@context":"https:\/\/schema.org","@graph":[{"@type":"Article","@id":"https:\/\/cvinoticias.com\/v3\/el-parque-nacional-iguazu-registro-mas-de-2-mil-visitas-en-el-primer-dia-de-2023-y-se-prepara-para-una-gran-temporada\/#article","isPartOf":{"@id":"https:\/\/cvinoticias.com\/v3\/el-parque-nacional-iguazu-registro-mas-de-2-mil-visitas-en-el-primer-dia-de-2023-y-se-prepara-para-una-gran-temporada\/"},"author":{"name":"f1000024","@id":"https:\/\/cvinoticias.com\/v3\/#\/schema\/person\/2db77e3c6bc03c538495d7b2b8be9b66"},"headline":"El Parque Nacional Iguaz\u00fa registr\u00f3 m\u00e1s de 2 mil visitas en el primer d\u00eda de 2023 y se prepara para una gran temporada","datePublished":"2023-01-02T22:10:28+00:00","mainEntityOfPage":{"@id":"https:\/\/cvinoticias.com\/v3\/el-parque-nacional-iguazu-registro-mas-de-2-mil-visitas-en-el-primer-dia-de-2023-y-se-prepara-para-una-gran-temporada\/"},"wordCount":422,"commentCount":0,"publisher":{"@id":"https:\/\/cvinoticias.com\/v3\/#organization"},"image":{"@id":"https:\/\/cvinoticias.com\/v3\/el-parque-nacional-iguazu-registro-mas-de-2-mil-visitas-en-el-primer-dia-de-2023-y-se-prepara-para-una-gran-temporada\/#primaryimage"},"thumbnailUrl":"https:\/\/cvinoticias.com\/wp-content\/uploads\/2023\/01\/FB_IMG_1667417465833.jpg","articleSection":["Turismo"],"inLanguage":"es","potentialAction":[{"@type":"CommentAction","name":"Comment","target":["https:\/\/cvinoticias.com\/v3\/el-parque-nacional-iguazu-registro-mas-de-2-mil-visitas-en-el-primer-dia-de-2023-y-se-prepara-para-una-gran-temporada\/#respond"]}]},{"@type":"WebPage","@id":"https:\/\/cvinoticias.com\/v3\/el-parque-nacional-iguazu-registro-mas-de-2-mil-visitas-en-el-primer-dia-de-2023-y-se-prepara-para-una-gran-temporada\/","url":"https:\/\/cvinoticias.com\/v3\/el-parque-nacional-iguazu-registro-mas-de-2-mil-visitas-en-el-primer-dia-de-2023-y-se-prepara-para-una-gran-temporada\/","name":"El Parque Nacional Iguaz\u00fa registr\u00f3 m\u00e1s de 2 mil visitas en el primer d\u00eda de 2023 y se prepara para una gran temporada | CVI NOTICIAS","isPartOf":{"@id":"https:\/\/cvinoticias.com\/v3\/#website"},"primaryImageOfPage":{"@id":"https:\/\/cvinoticias.com\/v3\/el-parque-nacional-iguazu-registro-mas-de-2-mil-visitas-en-el-primer-dia-de-2023-y-se-prepara-para-una-gran-temporada\/#primaryimage"},"image":{"@id":"https:\/\/cvinoticias.com\/v3\/el-parque-nacional-iguazu-registro-mas-de-2-mil-visitas-en-el-primer-dia-de-2023-y-se-prepara-para-una-gran-temporada\/#primaryimage"},"thumbnailUrl":"https:\/\/cvinoticias.com\/wp-content\/uploads\/2023\/01\/FB_IMG_1667417465833.jpg","datePublished":"2023-01-02T22:10:28+00:00","breadcrumb":{"@id":"https:\/\/cvinoticias.com\/v3\/el-parque-nacional-iguazu-registro-mas-de-2-mil-visitas-en-el-primer-dia-de-2023-y-se-prepara-para-una-gran-temporada\/#breadcrumb"},"inLanguage":"es","potentialAction":[{"@type":"ReadAction","target":["https:\/\/cvinoticias.com\/v3\/el-parque-nacional-iguazu-registro-mas-de-2-mil-visitas-en-el-primer-dia-de-2023-y-se-prepara-para-una-gran-temporada\/"]}]},{"@type":"ImageObject","inLanguage":"es","@id":"https:\/\/cvinoticias.com\/v3\/el-parque-nacional-iguazu-registro-mas-de-2-mil-visitas-en-el-primer-dia-de-2023-y-se-prepara-para-una-gran-temporada\/#primaryimage","url":"https:\/\/cvinoticias.com\/wp-content\/uploads\/2023\/01\/FB_IMG_1667417465833.jpg","contentUrl":"https:\/\/cvinoticias.com\/wp-content\/uploads\/2023\/01\/FB_IMG_1667417465833.jpg","width":1080,"height":1440},{"@type":"BreadcrumbList","@id":"https:\/\/cvinoticias.com\/v3\/el-parque-nacional-iguazu-registro-mas-de-2-mil-visitas-en-el-primer-dia-de-2023-y-se-prepara-para-una-gran-temporada\/#breadcrumb","itemListElement":[{"@type":"ListItem","position":1,"name":"Portada","item":"https:\/\/cvinoticias.com\/v3\/"},{"@type":"ListItem","position":2,"name":"El Parque Nacional Iguaz\u00fa registr\u00f3 m\u00e1s de 2 mil visitas en el primer d\u00eda de 2023 y se prepara para una gran temporada"}]},{"@type":"WebSite","@id":"https:\/\/cvinoticias.com\/v3\/#website","url":"https:\/\/cvinoticias.com\/v3\/","name":"CVI NOTICIAS","description":"","publisher":{"@id":"https:\/\/cvinoticias.com\/v3\/#organization"},"alternateName":"CVI","potentialAction":[{"@type":"SearchAction","target":{"@type":"EntryPoint","urlTemplate":"https:\/\/cvinoticias.com\/v3\/?s={search_term_string}"},"query-input":{"@type":"PropertyValueSpecification","valueRequired":true,"valueName":"search_term_string"}}],"inLanguage":"es"},{"@type":"Organization","@id":"https:\/\/cvinoticias.com\/v3\/#organization","name":"CVI NOTICIAS","url":"https:\/\/cvinoticias.com\/v3\/","logo":{"@type":"ImageObject","inLanguage":"es","@id":"https:\/\/cvinoticias.com\/v3\/#\/schema\/logo\/image\/","url":"https:\/\/cvinoticias.com\/wp-content\/uploads\/2023\/04\/cropped-cropped-cropped-cropped-cropped-3-1.png","contentUrl":"https:\/\/cvinoticias.com\/wp-content\/uploads\/2023\/04\/cropped-cropped-cropped-cropped-cropped-3-1.png","width":95,"height":122,"caption":"CVI NOTICIAS"},"image":{"@id":"https:\/\/cvinoticias.com\/v3\/#\/schema\/logo\/image\/"},"sameAs":["https:\/\/www.facebook.com\/cvinoticias","https:\/\/www.instagram.com\/cvinoticias\/","https:\/\/www.youtube.com\/@CVINOTICIAS"]},{"@type":"Person","@id":"https:\/\/cvinoticias.com\/v3\/#\/schema\/person\/2db77e3c6bc03c538495d7b2b8be9b66","name":"f1000024","image":{"@type":"ImageObject","inLanguage":"es","@id":"https:\/\/secure.gravatar.com\/avatar\/d4fe7459cfc51ff5129ce1a732bbef5928568b8092d412ef95611616376bbeed?s=96&d=mm&r=g","url":"https:\/\/secure.gravatar.com\/avatar\/d4fe7459cfc51ff5129ce1a732bbef5928568b8092d412ef95611616376bbeed?s=96&d=mm&r=g","contentUrl":"https:\/\/secure.gravatar.com\/avatar\/d4fe7459cfc51ff5129ce1a732bbef5928568b8092d412ef95611616376bbeed?s=96&d=mm&r=g","caption":"f1000024"},"url":"https:\/\/cvinoticias.com\/v3\/author\/f1000024\/"}]}},"_links":{"self":[{"href":"https:\/\/cvinoticias.com\/v3\/wp-json\/wp\/v2\/posts\/21534","targetHints":{"allow":["GET"]}}],"collection":[{"href":"https:\/\/cvinoticias.com\/v3\/wp-json\/wp\/v2\/posts"}],"about":[{"href":"https:\/\/cvinoticias.com\/v3\/wp-json\/wp\/v2\/types\/post"}],"author":[{"embeddable":true,"href":"https:\/\/cvinoticias.com\/v3\/wp-json\/wp\/v2\/users\/2"}],"replies":[{"embeddable":true,"href":"https:\/\/cvinoticias.com\/v3\/wp-json\/wp\/v2\/comments?post=21534"}],"version-history":[{"count":1,"href":"https:\/\/cvinoticias.com\/v3\/wp-json\/wp\/v2\/posts\/21534\/revisions"}],"predecessor-version":[{"id":21537,"href":"https:\/\/cvinoticias.com\/v3\/wp-json\/wp\/v2\/posts\/21534\/revisions\/21537"}],"wp:featuredmedia":[{"embeddable":true,"href":"https:\/\/cvinoticias.com\/v3\/wp-json\/wp\/v2\/media\/21536"}],"wp:attachment":[{"href":"https:\/\/cvinoticias.com\/v3\/wp-json\/wp\/v2\/media?parent=21534"}],"wp:term":[{"taxonomy":"category","embeddable":true,"href":"https:\/\/cvinoticias.com\/v3\/wp-json\/wp\/v2\/categories?post=21534"},{"taxonomy":"post_tag","embeddable":true,"href":"https:\/\/cvinoticias.com\/v3\/wp-json\/wp\/v2\/tags?post=21534"}],"curies":[{"name":"wp","href":"https:\/\/api.w.org\/{rel}","templated":true}]}}