{"id":21521,"date":"2023-01-02T12:42:03","date_gmt":"2023-01-02T12:42:03","guid":{"rendered":"https:\/\/cvinoticias.com\/v3\/?p=21521"},"modified":"2023-01-02T12:42:03","modified_gmt":"2023-01-02T12:42:03","slug":"alberto-fernandez-asistio-a-la-asuncion-de-lula-en-brasil","status":"publish","type":"post","link":"https:\/\/cvinoticias.com\/v3\/alberto-fernandez-asistio-a-la-asuncion-de-lula-en-brasil\/","title":{"rendered":"Alberto Fernandez asisti\u00f3 a la asunci\u00f3n de Lula en Brasil"},"content":{"rendered":"\n<p><strong><em>El presidente Alberto Fern\u00e1ndez acompa\u00f1\u00f3 a Lula Da Silva en su tercera asunci\u00f3n como jefe de Estado de Brasil. Desde Canciller\u00eda confirmaron una reuni\u00f3n bilateral para hoy.<\/em><\/strong><\/p>\n\n\n\n<p>El mandatario argentino, Alberto Fern\u00e1ndez, lleg\u00f3 ayer al Aeropuerto Internacional Presidente Juscelino Kubitschek de la capital brasile\u00f1a, donde fue recibido por el embajador argentino Daniel Scioli, junto a la comitiva integrada por el ministro de Relaciones Exteriores, Comercio Internacional y Culto, Santiago Cafiero; la portavoz de la Presidencia, Gabriela Cerruti; y la secretaria de Cambio Clim\u00e1tico, Cecilia Nicolini.<\/p>\n\n\n\n<p>A primera hora de la tarde, particip\u00f3 de la sesi\u00f3n en el Congreso Nacional de Brasil donde tuvo lugar la Sesi\u00f3n Formal de Toma de Posesi\u00f3n de Lula y del vicepresidente Geraldo Alckmin y tambi\u00e9n la firma del Per\u00edodo de Mandato de ambos, donde el nuevo presidente de la Rep\u00fablica dio su discurso.<\/p>\n\n\n\n<p>Luego, asisti\u00f3 al cambio de mando y la entrega de la banda presidencial en el Palacio del Planalto. sede del Poder Ejecutivo.<\/p>\n\n\n\n<p>\u201cCon la llegada de Lula va a ser mucho m\u00e1s f\u00e1cil hablar de la integraci\u00f3n\u201d, expres\u00f3 el mandatario argentino y agreg\u00f3: \u201cLula es integrador, cree en la Patria Grande, cree que Brasil es parte de esa patria latinoamericana, sudamericana\u201d.\u00ad<\/p>\n\n\n\n<p><strong>Reuni\u00f3n bilateral y visita de Lula a la Argentina<\/strong><\/p>\n\n\n\n<p>Los presidentes de Brasil y de Argentina, Luiz In\u00e1cio Lula Da Silva y Alberto Fern\u00e1ndez, mantendr\u00e1n este lunes una reuni\u00f3n bilateral en la capital de Brasil, seg\u00fan inform\u00f3 ayer el canciller argentino, Santiago Cafiero, quien a la vez confirm\u00f3 la visita oficial de Lula a nuestro pa\u00eds para fines de enero.<\/p>\n\n\n\n<p>\u201cMa\u00f1ana (por hoy) va a realizarse una reuni\u00f3n breve entre Lula y Alberto Fern\u00e1ndez\u201d, dijo Cafiero en la embajada argentina en Brasil. El encuentro se realizar\u00e1 a las 10 en el palacio de Itamaraty, en Brasilia.<\/p>\n\n\n\n<p>Adem\u00e1s, Cafiero sostuvo que \u201cel 24 de enero tenemos la cumbre de la Celac (de la cual Fern\u00e1ndez ejerce la presidencia pro t\u00e9mpore) y Lula quiso que ese sea su primer viaje internacional\u201d. \u201cEstamos terminando de coordinar la agenda, \u00e9l vendr\u00eda el 23 y har\u00edamos una visita de Estado en Argentina\u201d, se\u00f1al\u00f3 el ministro.<\/p>\n\n\n\n<p>Argentina y Brasil mantienen una relaci\u00f3n econ\u00f3mica y comercial intensa y estrat\u00e9gica. Brasil es el principal socio comercial de la Argentina: hasta noviembre de ese a\u00f1o fue el destinatario del 14,1% de las exportaciones.<\/p>\n\n\n\n<p>La interdependencia productiva se evidencia en la composici\u00f3n del comercio, con una alta participaci\u00f3n de manufacturas. La cooperaci\u00f3n es clave en el mantenimiento y la generaci\u00f3n de empleo de calidad para ambos pa\u00edses. Asimismo, existen oportunidades para intensificar y fortalecer la relaci\u00f3n, el flujo bilateral de inversiones y la complementariedad energ\u00e9tica.<\/p>\n\n\n\n<p><strong>La alegr\u00eda de funcionarios argentinos<\/strong><\/p>\n\n\n\n<p>El embajador argentino en Brasil, Daniel Scioli, habl\u00f3 en la previa de la asunci\u00f3n de Lula en Brasil y se mostr\u00f3 contento con las nuevas posibilidades que se abren y con el fortalecimiento del v\u00ednculo bilateral.<\/p>\n\n\n\n<p>\u201cEste momento hist\u00f3rico significa el renacer de la relaci\u00f3n entre Argentina y Brasil, con el impacto positivo que se va a ver reflejado en el aumento del comercio bilateral, en el acuerdo de integraci\u00f3n financiera, energ\u00e9tico y a partir de la afinidad personal que tiene Lula con Alberto\u201d, defini\u00f3 Scioli, quien adem\u00e1s felicit\u00f3 al nuevo presidente.<\/p>\n\n\n\n<p>Adem\u00e1s de su presencia en Brasil, el mandatario argentino felicit\u00f3 a su par por Twitter: \u201c\u00a1Felicitaciones presidente Lula! Latinoam\u00e9rica se uni\u00f3 y luch\u00f3. El sue\u00f1o se hizo realidad\u201d.<\/p>\n\n\n\n<p>\u201cTe deseo lo mejor para esta gesti\u00f3n, el futuro ser\u00e1 de profunda hermandad. Con una mirada m\u00e1s justa, libre y equitativa, alcanzaremos el verdadero desarrollo de nuestros pueblos\u201d, agreg\u00f3 el jefe de Estado.<\/p>\n\n\n\n<p>Por su parte, la vicepresidenta Cristina Fern\u00e1ndez de Kirchner no viaj\u00f3 a Brasil para la ceremonia de asunci\u00f3n de Luiz In\u00e1cio Lula da Silva, pero durante su asunci\u00f3n tuite\u00f3: \u201cAmanece un nuevo d\u00eda en la Am\u00e9rica del Sur. \u00a1Fuerza Lula! Fuerza Brasil\u201d.<\/p>\n","protected":false},"excerpt":{"rendered":"<p>El presidente Alberto Fern\u00e1ndez acompa\u00f1\u00f3 a Lula Da Silva en su tercera asunci\u00f3n como jefe de Estado de Brasil. Desde Canciller\u00eda confirmaron una reuni\u00f3n bilateral para hoy. El mandatario argentino, Alberto Fern\u00e1ndez, lleg\u00f3 ayer al Aeropuerto Internacional Presidente Juscelino Kubitschek de la capital brasile\u00f1a, donde fue recibido por el embajador argentino Daniel Scioli, junto a [&hellip;]<\/p>\n","protected":false},"author":2,"featured_media":21522,"comment_status":"open","ping_status":"open","sticky":false,"template":"","format":"standard","meta":{"footnotes":""},"categories":[36],"tags":[],"class_list":["post-21521","post","type-post","status-publish","format-standard","has-post-thumbnail","hentry","category-internacionales"],"yoast_head":"<!-- This site is optimized with the Yoast SEO plugin v27.5 - https:\/\/yoast.com\/product\/yoast-seo-wordpress\/ -->\n<title>Alberto Fernandez asisti\u00f3 a la asunci\u00f3n de Lula en Brasil | CVI NOTICIAS<\/title>\n<meta name=\"robots\" content=\"index, follow, max-snippet:-1, max-image-preview:large, max-video-preview:-1\" \/>\n<link rel=\"canonical\" href=\"https:\/\/cvinoticias.com\/v3\/alberto-fernandez-asistio-a-la-asuncion-de-lula-en-brasil\/\" \/>\n<meta property=\"og:locale\" content=\"es_ES\" \/>\n<meta property=\"og:type\" content=\"article\" \/>\n<meta property=\"og:title\" content=\"Alberto Fernandez asisti\u00f3 a la asunci\u00f3n de Lula en Brasil | CVI NOTICIAS\" \/>\n<meta property=\"og:description\" content=\"El presidente Alberto Fern\u00e1ndez acompa\u00f1\u00f3 a Lula Da Silva en su tercera asunci\u00f3n como jefe de Estado de Brasil. Desde Canciller\u00eda confirmaron una reuni\u00f3n bilateral para hoy. El mandatario argentino, Alberto Fern\u00e1ndez, lleg\u00f3 ayer al Aeropuerto Internacional Presidente Juscelino Kubitschek de la capital brasile\u00f1a, donde fue recibido por el embajador argentino Daniel Scioli, junto a [&hellip;]\" \/>\n<meta property=\"og:url\" content=\"https:\/\/cvinoticias.com\/v3\/alberto-fernandez-asistio-a-la-asuncion-de-lula-en-brasil\/\" \/>\n<meta property=\"og:site_name\" content=\"CVI NOTICIAS\" \/>\n<meta property=\"article:publisher\" content=\"https:\/\/www.facebook.com\/cvinoticias\" \/>\n<meta property=\"article:published_time\" content=\"2023-01-02T12:42:03+00:00\" \/>\n<meta property=\"og:image\" content=\"https:\/\/cvinoticias.com\/wp-content\/uploads\/2023\/01\/0000525529.jpg\" \/>\n\t<meta property=\"og:image:width\" content=\"1500\" \/>\n\t<meta property=\"og:image:height\" content=\"870\" \/>\n\t<meta property=\"og:image:type\" content=\"image\/jpeg\" \/>\n<meta name=\"author\" content=\"f1000024\" \/>\n<meta name=\"twitter:card\" content=\"summary_large_image\" \/>\n<meta name=\"twitter:label1\" content=\"Escrito por\" \/>\n\t<meta name=\"twitter:data1\" content=\"f1000024\" \/>\n\t<meta name=\"twitter:label2\" content=\"Tiempo de lectura\" \/>\n\t<meta name=\"twitter:data2\" content=\"3 minutos\" \/>\n<script type=\"application\/ld+json\" class=\"yoast-schema-graph\">{\"@context\":\"https:\\\/\\\/schema.org\",\"@graph\":[{\"@type\":\"Article\",\"@id\":\"https:\\\/\\\/cvinoticias.com\\\/v3\\\/alberto-fernandez-asistio-a-la-asuncion-de-lula-en-brasil\\\/#article\",\"isPartOf\":{\"@id\":\"https:\\\/\\\/cvinoticias.com\\\/v3\\\/alberto-fernandez-asistio-a-la-asuncion-de-lula-en-brasil\\\/\"},\"author\":{\"name\":\"f1000024\",\"@id\":\"https:\\\/\\\/cvinoticias.com\\\/v3\\\/#\\\/schema\\\/person\\\/2db77e3c6bc03c538495d7b2b8be9b66\"},\"headline\":\"Alberto Fernandez asisti\u00f3 a la asunci\u00f3n de Lula en Brasil\",\"datePublished\":\"2023-01-02T12:42:03+00:00\",\"mainEntityOfPage\":{\"@id\":\"https:\\\/\\\/cvinoticias.com\\\/v3\\\/alberto-fernandez-asistio-a-la-asuncion-de-lula-en-brasil\\\/\"},\"wordCount\":703,\"commentCount\":0,\"publisher\":{\"@id\":\"https:\\\/\\\/cvinoticias.com\\\/v3\\\/#organization\"},\"image\":{\"@id\":\"https:\\\/\\\/cvinoticias.com\\\/v3\\\/alberto-fernandez-asistio-a-la-asuncion-de-lula-en-brasil\\\/#primaryimage\"},\"thumbnailUrl\":\"https:\\\/\\\/cvinoticias.com\\\/wp-content\\\/uploads\\\/2023\\\/01\\\/0000525529.jpg\",\"articleSection\":[\"Internacionales\"],\"inLanguage\":\"es\",\"potentialAction\":[{\"@type\":\"CommentAction\",\"name\":\"Comment\",\"target\":[\"https:\\\/\\\/cvinoticias.com\\\/v3\\\/alberto-fernandez-asistio-a-la-asuncion-de-lula-en-brasil\\\/#respond\"]}]},{\"@type\":\"WebPage\",\"@id\":\"https:\\\/\\\/cvinoticias.com\\\/v3\\\/alberto-fernandez-asistio-a-la-asuncion-de-lula-en-brasil\\\/\",\"url\":\"https:\\\/\\\/cvinoticias.com\\\/v3\\\/alberto-fernandez-asistio-a-la-asuncion-de-lula-en-brasil\\\/\",\"name\":\"Alberto Fernandez asisti\u00f3 a la asunci\u00f3n de Lula en Brasil | CVI NOTICIAS\",\"isPartOf\":{\"@id\":\"https:\\\/\\\/cvinoticias.com\\\/v3\\\/#website\"},\"primaryImageOfPage\":{\"@id\":\"https:\\\/\\\/cvinoticias.com\\\/v3\\\/alberto-fernandez-asistio-a-la-asuncion-de-lula-en-brasil\\\/#primaryimage\"},\"image\":{\"@id\":\"https:\\\/\\\/cvinoticias.com\\\/v3\\\/alberto-fernandez-asistio-a-la-asuncion-de-lula-en-brasil\\\/#primaryimage\"},\"thumbnailUrl\":\"https:\\\/\\\/cvinoticias.com\\\/wp-content\\\/uploads\\\/2023\\\/01\\\/0000525529.jpg\",\"datePublished\":\"2023-01-02T12:42:03+00:00\",\"breadcrumb\":{\"@id\":\"https:\\\/\\\/cvinoticias.com\\\/v3\\\/alberto-fernandez-asistio-a-la-asuncion-de-lula-en-brasil\\\/#breadcrumb\"},\"inLanguage\":\"es\",\"potentialAction\":[{\"@type\":\"ReadAction\",\"target\":[\"https:\\\/\\\/cvinoticias.com\\\/v3\\\/alberto-fernandez-asistio-a-la-asuncion-de-lula-en-brasil\\\/\"]}]},{\"@type\":\"ImageObject\",\"inLanguage\":\"es\",\"@id\":\"https:\\\/\\\/cvinoticias.com\\\/v3\\\/alberto-fernandez-asistio-a-la-asuncion-de-lula-en-brasil\\\/#primaryimage\",\"url\":\"https:\\\/\\\/cvinoticias.com\\\/wp-content\\\/uploads\\\/2023\\\/01\\\/0000525529.jpg\",\"contentUrl\":\"https:\\\/\\\/cvinoticias.com\\\/wp-content\\\/uploads\\\/2023\\\/01\\\/0000525529.jpg\",\"width\":1500,\"height\":870},{\"@type\":\"BreadcrumbList\",\"@id\":\"https:\\\/\\\/cvinoticias.com\\\/v3\\\/alberto-fernandez-asistio-a-la-asuncion-de-lula-en-brasil\\\/#breadcrumb\",\"itemListElement\":[{\"@type\":\"ListItem\",\"position\":1,\"name\":\"Portada\",\"item\":\"https:\\\/\\\/cvinoticias.com\\\/v3\\\/\"},{\"@type\":\"ListItem\",\"position\":2,\"name\":\"Alberto Fernandez asisti\u00f3 a la asunci\u00f3n de Lula en Brasil\"}]},{\"@type\":\"WebSite\",\"@id\":\"https:\\\/\\\/cvinoticias.com\\\/v3\\\/#website\",\"url\":\"https:\\\/\\\/cvinoticias.com\\\/v3\\\/\",\"name\":\"CVI NOTICIAS\",\"description\":\"\",\"publisher\":{\"@id\":\"https:\\\/\\\/cvinoticias.com\\\/v3\\\/#organization\"},\"alternateName\":\"CVI\",\"potentialAction\":[{\"@type\":\"SearchAction\",\"target\":{\"@type\":\"EntryPoint\",\"urlTemplate\":\"https:\\\/\\\/cvinoticias.com\\\/v3\\\/?s={search_term_string}\"},\"query-input\":{\"@type\":\"PropertyValueSpecification\",\"valueRequired\":true,\"valueName\":\"search_term_string\"}}],\"inLanguage\":\"es\"},{\"@type\":\"Organization\",\"@id\":\"https:\\\/\\\/cvinoticias.com\\\/v3\\\/#organization\",\"name\":\"CVI NOTICIAS\",\"url\":\"https:\\\/\\\/cvinoticias.com\\\/v3\\\/\",\"logo\":{\"@type\":\"ImageObject\",\"inLanguage\":\"es\",\"@id\":\"https:\\\/\\\/cvinoticias.com\\\/v3\\\/#\\\/schema\\\/logo\\\/image\\\/\",\"url\":\"https:\\\/\\\/cvinoticias.com\\\/wp-content\\\/uploads\\\/2023\\\/04\\\/cropped-cropped-cropped-cropped-cropped-3-1.png\",\"contentUrl\":\"https:\\\/\\\/cvinoticias.com\\\/wp-content\\\/uploads\\\/2023\\\/04\\\/cropped-cropped-cropped-cropped-cropped-3-1.png\",\"width\":95,\"height\":122,\"caption\":\"CVI NOTICIAS\"},\"image\":{\"@id\":\"https:\\\/\\\/cvinoticias.com\\\/v3\\\/#\\\/schema\\\/logo\\\/image\\\/\"},\"sameAs\":[\"https:\\\/\\\/www.facebook.com\\\/cvinoticias\",\"https:\\\/\\\/www.instagram.com\\\/cvinoticias\\\/\",\"https:\\\/\\\/www.youtube.com\\\/@CVINOTICIAS\"]},{\"@type\":\"Person\",\"@id\":\"https:\\\/\\\/cvinoticias.com\\\/v3\\\/#\\\/schema\\\/person\\\/2db77e3c6bc03c538495d7b2b8be9b66\",\"name\":\"f1000024\",\"image\":{\"@type\":\"ImageObject\",\"inLanguage\":\"es\",\"@id\":\"https:\\\/\\\/secure.gravatar.com\\\/avatar\\\/d4fe7459cfc51ff5129ce1a732bbef5928568b8092d412ef95611616376bbeed?s=96&d=mm&r=g\",\"url\":\"https:\\\/\\\/secure.gravatar.com\\\/avatar\\\/d4fe7459cfc51ff5129ce1a732bbef5928568b8092d412ef95611616376bbeed?s=96&d=mm&r=g\",\"contentUrl\":\"https:\\\/\\\/secure.gravatar.com\\\/avatar\\\/d4fe7459cfc51ff5129ce1a732bbef5928568b8092d412ef95611616376bbeed?s=96&d=mm&r=g\",\"caption\":\"f1000024\"},\"url\":\"https:\\\/\\\/cvinoticias.com\\\/v3\\\/author\\\/f1000024\\\/\"}]}<\/script>\n<!-- \/ Yoast SEO plugin. -->","yoast_head_json":{"title":"Alberto Fernandez asisti\u00f3 a la asunci\u00f3n de Lula en Brasil | CVI NOTICIAS","robots":{"index":"index","follow":"follow","max-snippet":"max-snippet:-1","max-image-preview":"max-image-preview:large","max-video-preview":"max-video-preview:-1"},"canonical":"https:\/\/cvinoticias.com\/v3\/alberto-fernandez-asistio-a-la-asuncion-de-lula-en-brasil\/","og_locale":"es_ES","og_type":"article","og_title":"Alberto Fernandez asisti\u00f3 a la asunci\u00f3n de Lula en Brasil | CVI NOTICIAS","og_description":"El presidente Alberto Fern\u00e1ndez acompa\u00f1\u00f3 a Lula Da Silva en su tercera asunci\u00f3n como jefe de Estado de Brasil. Desde Canciller\u00eda confirmaron una reuni\u00f3n bilateral para hoy. El mandatario argentino, Alberto Fern\u00e1ndez, lleg\u00f3 ayer al Aeropuerto Internacional Presidente Juscelino Kubitschek de la capital brasile\u00f1a, donde fue recibido por el embajador argentino Daniel Scioli, junto a [&hellip;]","og_url":"https:\/\/cvinoticias.com\/v3\/alberto-fernandez-asistio-a-la-asuncion-de-lula-en-brasil\/","og_site_name":"CVI NOTICIAS","article_publisher":"https:\/\/www.facebook.com\/cvinoticias","article_published_time":"2023-01-02T12:42:03+00:00","og_image":[{"width":1500,"height":870,"url":"https:\/\/cvinoticias.com\/wp-content\/uploads\/2023\/01\/0000525529.jpg","type":"image\/jpeg"}],"author":"f1000024","twitter_card":"summary_large_image","twitter_misc":{"Escrito por":"f1000024","Tiempo de lectura":"3 minutos"},"schema":{"@context":"https:\/\/schema.org","@graph":[{"@type":"Article","@id":"https:\/\/cvinoticias.com\/v3\/alberto-fernandez-asistio-a-la-asuncion-de-lula-en-brasil\/#article","isPartOf":{"@id":"https:\/\/cvinoticias.com\/v3\/alberto-fernandez-asistio-a-la-asuncion-de-lula-en-brasil\/"},"author":{"name":"f1000024","@id":"https:\/\/cvinoticias.com\/v3\/#\/schema\/person\/2db77e3c6bc03c538495d7b2b8be9b66"},"headline":"Alberto Fernandez asisti\u00f3 a la asunci\u00f3n de Lula en Brasil","datePublished":"2023-01-02T12:42:03+00:00","mainEntityOfPage":{"@id":"https:\/\/cvinoticias.com\/v3\/alberto-fernandez-asistio-a-la-asuncion-de-lula-en-brasil\/"},"wordCount":703,"commentCount":0,"publisher":{"@id":"https:\/\/cvinoticias.com\/v3\/#organization"},"image":{"@id":"https:\/\/cvinoticias.com\/v3\/alberto-fernandez-asistio-a-la-asuncion-de-lula-en-brasil\/#primaryimage"},"thumbnailUrl":"https:\/\/cvinoticias.com\/wp-content\/uploads\/2023\/01\/0000525529.jpg","articleSection":["Internacionales"],"inLanguage":"es","potentialAction":[{"@type":"CommentAction","name":"Comment","target":["https:\/\/cvinoticias.com\/v3\/alberto-fernandez-asistio-a-la-asuncion-de-lula-en-brasil\/#respond"]}]},{"@type":"WebPage","@id":"https:\/\/cvinoticias.com\/v3\/alberto-fernandez-asistio-a-la-asuncion-de-lula-en-brasil\/","url":"https:\/\/cvinoticias.com\/v3\/alberto-fernandez-asistio-a-la-asuncion-de-lula-en-brasil\/","name":"Alberto Fernandez asisti\u00f3 a la asunci\u00f3n de Lula en Brasil | CVI NOTICIAS","isPartOf":{"@id":"https:\/\/cvinoticias.com\/v3\/#website"},"primaryImageOfPage":{"@id":"https:\/\/cvinoticias.com\/v3\/alberto-fernandez-asistio-a-la-asuncion-de-lula-en-brasil\/#primaryimage"},"image":{"@id":"https:\/\/cvinoticias.com\/v3\/alberto-fernandez-asistio-a-la-asuncion-de-lula-en-brasil\/#primaryimage"},"thumbnailUrl":"https:\/\/cvinoticias.com\/wp-content\/uploads\/2023\/01\/0000525529.jpg","datePublished":"2023-01-02T12:42:03+00:00","breadcrumb":{"@id":"https:\/\/cvinoticias.com\/v3\/alberto-fernandez-asistio-a-la-asuncion-de-lula-en-brasil\/#breadcrumb"},"inLanguage":"es","potentialAction":[{"@type":"ReadAction","target":["https:\/\/cvinoticias.com\/v3\/alberto-fernandez-asistio-a-la-asuncion-de-lula-en-brasil\/"]}]},{"@type":"ImageObject","inLanguage":"es","@id":"https:\/\/cvinoticias.com\/v3\/alberto-fernandez-asistio-a-la-asuncion-de-lula-en-brasil\/#primaryimage","url":"https:\/\/cvinoticias.com\/wp-content\/uploads\/2023\/01\/0000525529.jpg","contentUrl":"https:\/\/cvinoticias.com\/wp-content\/uploads\/2023\/01\/0000525529.jpg","width":1500,"height":870},{"@type":"BreadcrumbList","@id":"https:\/\/cvinoticias.com\/v3\/alberto-fernandez-asistio-a-la-asuncion-de-lula-en-brasil\/#breadcrumb","itemListElement":[{"@type":"ListItem","position":1,"name":"Portada","item":"https:\/\/cvinoticias.com\/v3\/"},{"@type":"ListItem","position":2,"name":"Alberto Fernandez asisti\u00f3 a la asunci\u00f3n de Lula en Brasil"}]},{"@type":"WebSite","@id":"https:\/\/cvinoticias.com\/v3\/#website","url":"https:\/\/cvinoticias.com\/v3\/","name":"CVI NOTICIAS","description":"","publisher":{"@id":"https:\/\/cvinoticias.com\/v3\/#organization"},"alternateName":"CVI","potentialAction":[{"@type":"SearchAction","target":{"@type":"EntryPoint","urlTemplate":"https:\/\/cvinoticias.com\/v3\/?s={search_term_string}"},"query-input":{"@type":"PropertyValueSpecification","valueRequired":true,"valueName":"search_term_string"}}],"inLanguage":"es"},{"@type":"Organization","@id":"https:\/\/cvinoticias.com\/v3\/#organization","name":"CVI NOTICIAS","url":"https:\/\/cvinoticias.com\/v3\/","logo":{"@type":"ImageObject","inLanguage":"es","@id":"https:\/\/cvinoticias.com\/v3\/#\/schema\/logo\/image\/","url":"https:\/\/cvinoticias.com\/wp-content\/uploads\/2023\/04\/cropped-cropped-cropped-cropped-cropped-3-1.png","contentUrl":"https:\/\/cvinoticias.com\/wp-content\/uploads\/2023\/04\/cropped-cropped-cropped-cropped-cropped-3-1.png","width":95,"height":122,"caption":"CVI NOTICIAS"},"image":{"@id":"https:\/\/cvinoticias.com\/v3\/#\/schema\/logo\/image\/"},"sameAs":["https:\/\/www.facebook.com\/cvinoticias","https:\/\/www.instagram.com\/cvinoticias\/","https:\/\/www.youtube.com\/@CVINOTICIAS"]},{"@type":"Person","@id":"https:\/\/cvinoticias.com\/v3\/#\/schema\/person\/2db77e3c6bc03c538495d7b2b8be9b66","name":"f1000024","image":{"@type":"ImageObject","inLanguage":"es","@id":"https:\/\/secure.gravatar.com\/avatar\/d4fe7459cfc51ff5129ce1a732bbef5928568b8092d412ef95611616376bbeed?s=96&d=mm&r=g","url":"https:\/\/secure.gravatar.com\/avatar\/d4fe7459cfc51ff5129ce1a732bbef5928568b8092d412ef95611616376bbeed?s=96&d=mm&r=g","contentUrl":"https:\/\/secure.gravatar.com\/avatar\/d4fe7459cfc51ff5129ce1a732bbef5928568b8092d412ef95611616376bbeed?s=96&d=mm&r=g","caption":"f1000024"},"url":"https:\/\/cvinoticias.com\/v3\/author\/f1000024\/"}]}},"_links":{"self":[{"href":"https:\/\/cvinoticias.com\/v3\/wp-json\/wp\/v2\/posts\/21521","targetHints":{"allow":["GET"]}}],"collection":[{"href":"https:\/\/cvinoticias.com\/v3\/wp-json\/wp\/v2\/posts"}],"about":[{"href":"https:\/\/cvinoticias.com\/v3\/wp-json\/wp\/v2\/types\/post"}],"author":[{"embeddable":true,"href":"https:\/\/cvinoticias.com\/v3\/wp-json\/wp\/v2\/users\/2"}],"replies":[{"embeddable":true,"href":"https:\/\/cvinoticias.com\/v3\/wp-json\/wp\/v2\/comments?post=21521"}],"version-history":[{"count":1,"href":"https:\/\/cvinoticias.com\/v3\/wp-json\/wp\/v2\/posts\/21521\/revisions"}],"predecessor-version":[{"id":21523,"href":"https:\/\/cvinoticias.com\/v3\/wp-json\/wp\/v2\/posts\/21521\/revisions\/21523"}],"wp:featuredmedia":[{"embeddable":true,"href":"https:\/\/cvinoticias.com\/v3\/wp-json\/wp\/v2\/media\/21522"}],"wp:attachment":[{"href":"https:\/\/cvinoticias.com\/v3\/wp-json\/wp\/v2\/media?parent=21521"}],"wp:term":[{"taxonomy":"category","embeddable":true,"href":"https:\/\/cvinoticias.com\/v3\/wp-json\/wp\/v2\/categories?post=21521"},{"taxonomy":"post_tag","embeddable":true,"href":"https:\/\/cvinoticias.com\/v3\/wp-json\/wp\/v2\/tags?post=21521"}],"curies":[{"name":"wp","href":"https:\/\/api.w.org\/{rel}","templated":true}]}}