{"id":21518,"date":"2023-01-01T00:01:19","date_gmt":"2023-01-01T00:01:19","guid":{"rendered":"https:\/\/cvinoticias.com\/v3\/?p=21518"},"modified":"2023-01-01T00:01:19","modified_gmt":"2023-01-01T00:01:19","slug":"la-condena-unitaria","status":"publish","type":"post","link":"https:\/\/cvinoticias.com\/v3\/la-condena-unitaria\/","title":{"rendered":"La condena unitaria"},"content":{"rendered":"\n<p><strong><em>El fallo de la Corte Suprema de Justicia de la Naci\u00f3n a favor de la Ciudad de Buenos Aires referido a la coparticipaci\u00f3n es una muestra contundente del pa\u00eds unitario que impone el sistema. El silencio c\u00f3mplice de la dirigencia de JxC en Misiones es un fiel reflejo del verticalismo de los partidos nacionales. Una filtraci\u00f3n de chats que salpica a un funcionario y operador judicial de Larreta y al vocero del Presidente de la CSJN se transforman en uno de los mayores esc\u00e1ndalos de la era democr\u00e1tica<\/em><\/strong>.<\/p>\n\n\n\n<p>El rasgo distintivo de la democracia es que los representantes son elegidos a trav\u00e9s de las elecciones. Tal vez sea por esto que las descripciones de la pol\u00edtica democr\u00e1tica a menudo dan la impresi\u00f3n de que la democracia es sin\u00f3nimo \u00fanicamente de elecciones, y consecuentemente las acciones de algunos pol\u00edticos se reduzcan a prometer y recorrer las calles cada 2 o 4 a\u00f1os, esa mecanizada pr\u00e1ctica que despliegan para acceder al poder por encima de cualquier motivaci\u00f3n o causa movilizadora. Es en este contexto que podemos apreciar que en las elecciones el pueblo es omnipotente, y entre elecciones es impotente. O\u2019Donnell considera que esa reducci\u00f3n de la democracia a las elecciones es una patolog\u00eda latinoamericana.<br>En las elecciones, los candidatos se proponen revelando sus preferencias y los electores votan por los candidatos m\u00e1s cercanos a las suyas propias.<\/p>\n\n\n\n<p>La voz de la opini\u00f3n p\u00fablica puede ser atendible o no, pero, incluso cuando lo es, como en el caso de las encuestas, las otras maneras de efectuar el conteo no poseen la autoridad ni la confiabilidad de las elecciones. Adem\u00e1s, las minor\u00edas intensas pueden disfrazarse de mayor\u00edas. Ni las elecciones ni las otras formas de sumar preferencias admiten diferencias de intensidad entre preferencias. Las minor\u00edas intensas no dejaran de ser minor\u00edas.<br>La magia de las elecciones consiste en que abren horizontes intertemporales. Las fuerzas pol\u00edticas participan en las elecciones para decidir pol\u00edticas sobre las cuales tienen intereses en conflicto. Tras observar el resultado de una elecci\u00f3n, deciden si respetar el resultado o tratar de imponer su voluntad por la fuerza.<\/p>\n\n\n\n<p>Para entender mejor el papel de las elecciones en el procesamiento de conflictos, debemos considerar lo siguiente: en la sociedad hay dos grupos antag\u00f3nicos en torno a una pol\u00edtica. Pueden obtener sus resultados ideales a trav\u00e9s de la lucha, con una probabilidad conocida de que triunfe uno de ellos. Si desean evitar la violencia, considerando esa probabilidad, podr\u00edan ponerse de acuerdo en ciertas reglas y de esta forma resolver\u00edan el conflicto de modo pac\u00edfico.<\/p>\n\n\n\n<p>El influyente economista de origen argelino, Jacques Attali, destaca con \u00e9nfasis en uno de los tramos de su \u00faltimo libro L\u2019\u00e9conomie de la vie (La econom\u00eda de la vida) que \u201ccuando la pol\u00edtica se vuelve incapaz de asegurar el bienestar de sus ciudadanos, cuando ya no puede garantizarles un cierto nivel de vida ni promet\u00e9rselo a sus hijos, y sobre todo cuando no sabe evitarles la muerte, darle un sentido o al menos hacerla olvidar, la sociedad que esa pol\u00edtica administra y la cultura de la que es garante se encuentran en grav\u00edsimo peligro\u201d. Tambi\u00e9n considera Attali que \u201cmuchos dirigentes pol\u00edticos no han tomado conciencia tampoco de que con esta pandemia comienza no s\u00f3lo una grav\u00edsima crisis econ\u00f3mica, sino incluso una a\u00fan m\u00e1s grave crisis pol\u00edtica, social, moral e ideol\u00f3gica. Por supuesto, muchos se han comportado de manera honesta e infatigable, pero la mayor parte de ellos han tomado decisiones equivocadas\u201d.<\/p>\n\n\n\n<p>El te\u00f3rico brit\u00e1nico Bernard Crick cita de la Pol\u00edtica de Arist\u00f3teles la idea de una \u201cuna buena polis\u201d. Propone una clase de unidad que supone que la sociedad civilizada es inherentemente pluralista, que vivir juntos dentro de esa sociedad implica negociaci\u00f3n y conciliaci\u00f3n de intereses \u201cnaturalmente diferentes\u201d, y que \u201cnormalmente es mejor conciliar diferentes intereses que coercionarlos y oprimirlos perpetuamente\u201d. La visi\u00f3n de Crick busca ampliar los horizontes humanos y multiplicar las posibilidades de tener una vida mejor. En efecto, y considerando la idea desarrollada podr\u00edamos decir que la clase de unidad m\u00e1s prometedora es la que se logra, d\u00eda a d\u00eda, por medio del debate, la negociaci\u00f3n y la concesi\u00f3n entre valores, preferencias y modos de vida y de autoidentificaci\u00f3n de muchos y diferentes miembros de la polis.<\/p>\n\n\n\n<p>A decir de Zygmunt Bauman, este es un modelo de una unidad conseguida como logro conjunto de los agentes dedicados a autoidentificarse, una unidad que es una consecuencia y no una condici\u00f3n a priori de la vida compartida, una unidad conseguida por medio de la negociaci\u00f3n y la reconciliaci\u00f3n, y no a trav\u00e9s de la negaci\u00f3n, la atenuaci\u00f3n o la eliminaci\u00f3n de las diferencias. Es, por lo tanto, la \u00fanica variante de unidad (la \u00fanica forma de reuni\u00f3n) que es compatible, plausible y realista dentro de las condiciones establecidas por la modernidad l\u00edquida.<\/p>\n\n\n\n<ul class=\"wp-block-list\">\n<li>* *<br><strong>M\u00e1s que unitarios, anti federales<\/strong><\/li>\n<\/ul>\n\n\n\n<p>Al hablar de modelo de pa\u00eds, es menester hablar de la diferencia entre unitario y federal, y m\u00e1s importante a\u00fan hablar del anti federalismo. La ideolog\u00eda unitaria, esa visi\u00f3n centralista de una Argentina proyectada desde el puerto de Buenos Aires es una cosa, pero muy distinta es la instauraci\u00f3n de un modelo de pa\u00eds anti federal. Y decimos anti federal, porque las acciones llevadas a cabo por los actores adem\u00e1s de ser pro centralistas, son anti federales, toda vez que los beneficios dispensados por el sistema que rige en nuestra Naci\u00f3n a favor del pa\u00eds central representan un verdadero perjuicio para el federalismo.<\/p>\n\n\n\n<p>El reciente fallo de la Corte Suprema de Justicia de la Naci\u00f3n, es una clara muestra del corte anti federalista que rige en el sistema. Una verdadera condena aplicada al federalismo, a favor del distrito m\u00e1s rico de la Argentina, que obliga al resto del pa\u00eds a financiar los servicios y los lujos de los porte\u00f1os. El subte, las autopistas, el gas natural, y cuanto otro servicio que se les ocurra los financiamos todos los argentinos, desde Ushuaia hasta La Quiaca, sin distinci\u00f3n.<\/p>\n\n\n\n<p>La condena contra el federalismo firmada por los cuatro se\u00f1ores de traje que integran la CSJN dejan al descubierto un aberrante sesgo discriminatorio. En lo que respecta nuestro inter\u00e9s, Misiones viene reclamando incansablemente que se cumpla la Constituci\u00f3n de 1994 en materia de coparticipaci\u00f3n, con respecto a la potestad sobre los recursos naturales y otros aspectos que hacen al verdadero federalismo, y la Corte nunca resolvi\u00f3.<\/p>\n\n\n\n<p>En la reuni\u00f3n de dirigentes del Frente Renovador llevada a cabo a mediados en diciembre que tuvo al Ing. Carlos Rovira como principal orador, el conductor de la Renovaci\u00f3n manifest\u00f3: \u201cNuestra historia en todos los a\u00f1os de trascurso tambi\u00e9n hay un cap\u00edtulo de recuperaci\u00f3n o reinstalaci\u00f3n de nuestra verdadera historia no escrita en la historia nacional. Siempre es un viejo reclamo m\u00e1s antiguo que la coparticipaci\u00f3n, la versi\u00f3n conocida y estudiada por todos nosotros a\u00fan hoy es una versi\u00f3n reducida que no contempla los episodios fuertes desde el nacimiento de Misiones hasta aqu\u00ed. La Naci\u00f3n nos vino reconociendo a duras penas, entre dientes, posterior a los actos nuestros. Y esto se lo debe a la pol\u00edtica, a la Renovaci\u00f3n, exclusivamente. Ni al partido peronista anterior, ni al partido radical, ni a ning\u00fan otro partido que haya levantado el proceso tan rico de provincializaci\u00f3n\u201d.<\/p>\n\n\n\n<p>Lo cierto es que, si realmente hubiera justicia, la Naci\u00f3n le deber\u00eda devolver a Misiones el punto y medio de coparticipaci\u00f3n que regalaron gobiernos anteriores o al menos le tendr\u00edan que compensar con alguno de los pedidos que viene haciendo insistentemente el Frente Renovador de la Concordia. Misiones no pide nada de m\u00e1s, reclama lo que le pertenece y le fue quitado sin argumentos v\u00e1lidos, de forma discrecional.<br>Con claridad y contundencia, Rovira sostuvo que \u201cla Revoluci\u00f3n es inconclusa. La Revoluci\u00f3n de Mayo empez\u00f3, pero no termin\u00f3. Ahora en paz con otros m\u00e9todos, con inteligencia, con determinaci\u00f3n, tenemos que ganarnos el pedazo, no la revoluci\u00f3n, todo lo no dado. Porque ac\u00e1, la revoluci\u00f3n no nos dio nada, solo un sentido de pertenencia y una bandera que respetamos. No somos separatistas, no lo vamos a ser nunca. Pero en nuestro espacio vamos a gritar como un yaguaret\u00e9\u201d. En cada acci\u00f3n, desde el Frente Renovador, ya sea desde su conducci\u00f3n, desde el Gobernador o desde los legisladores queda demostrado que se han convertido en hidalgos defensores de los intereses de Misiones, en soledad y ante la mirada esquiva y el silencio c\u00f3mplice de los dirigentes que pertenecen a las obsoletas estructuras de los partidos nacionales que les marcan la agenda y les pasan el libreto de lo que pueden o no decir.<\/p>\n\n\n\n<p><strong>Esc\u00e1ndalo may\u00fasculo<\/strong><\/p>\n\n\n\n<p>La filtraci\u00f3n de supuestos chats que comprometen a Marcelo D\u2019Alessandro, Ministro de Seguridad, principal operador judicial y n\u00famero puesto para un eventual gabinete de Rodr\u00edguez Larreta en caso de que sea electo Presidente, y en donde tambi\u00e9n se encuentra involucrado Silvio Robles, vocero del Presidente de la Corte Suprema de Justicia de la Naci\u00f3n Horacio Rosatti, justo despu\u00e9s de que se conociera el fallo de la Corte a favor de la Ciudad Aut\u00f3noma de Buenos Aires, deja en evidencia la afinidad hacia el espacio de Mauricio Macri, una pol\u00e9mica decisi\u00f3n que inclina la cancha a su favor.<\/p>\n\n\n\n<p>Los esc\u00e1ndalos son una constante en JxC, en donde la interna no da tregua y se recrudece a medida que se acercan las definiciones electorales. Es de p\u00fablico conocimiento el grav\u00edsimo problema que les significa no poder consensuar para poder cerrar una f\u00f3rmula tanto a nivel nacional como a nivel provincial. Las peleas entre los diferentes sectores internos no tienen fin y, por si fuera poco, el \u00e9xodo de dirigentes no termina. Sumado a la gran ca\u00edda de adherentes reflejada en las \u00faltimas mediciones de opini\u00f3n p\u00fablica, quedan en el mismo nivel de posibilidades que el Frente de Todos y los Libertarios con miras a las presidenciales, en un escenario configurado por tres tercios. El nivel de rechazo hacia Juntos por el Cambio y hacia el Frente de Todos por parte de la ciudadan\u00eda es un fen\u00f3meno que no parece haber cesado y se transforma en el mayor inconveniente para las dos grandes fuerzas nacionales que no logran encauzar su v\u00ednculo con la sociedad producto de agendas disociadas del sentir popular.<\/p>\n\n\n\n<p>En la provincia, el nivel de hostilidad es igual o m\u00e1s intenso que a nivel nacional. La semana pasada dej\u00f3 una serie episodios que dejan al descubierto la fuerte interna que atraviesa a los cambiemitas de Misiones. Algunos referentes del sector del diputado Radical Pianesi dejaron trascender, aunque no oficialmente, que no trabajar\u00e1n por la candidatura de Mart\u00edn Arjol al sostener que tienen m\u00e1s votos y m\u00e1s poder territorial que el diputado nacional que se encuentra recluido en la soledad de su oficina del Congreso de la Naci\u00f3n. Asimismo, aclararon que no quieren desgastarse con un candidato perdedor al momento de rechazar una propuesta de integrar la boleta.<\/p>\n\n\n\n<p>Ante la postura intransigente del sector de Pepe Pianesi, que se tradujo en este duro plantazo, y la falta de candidatos con aspiraciones a la gobernaci\u00f3n, el pu\u00f1ado de dirigentes radicales que integra el \u201carjolismo\u201d ofreci\u00f3 el segundo lugar de la f\u00f3rmula al hijo de Ram\u00f3n Puerta. Seg\u00fan trascendidos, el apostole\u00f1o aceptar\u00eda. Una verdadera incoherencia para aquellos radicales que combatieron el neoliberalismo privatizador de los \u201890 encarnado en el \u201cpuertismo\u201d. Lo cierto es que la din\u00e1mica de la pol\u00edtica expone ciertas incoherencias. Como quedaron expuestas en el tema de la desregulaci\u00f3n yerbatera, un tema que parec\u00eda desterrado pero que un socio de Juntos por el Cambio en Misiones como Alfredo Schiavoni impulsa a trav\u00e9s de un proyecto de ley, y que fue rechazado por el radicalismo a trav\u00e9s de un improvisado comunicado publicado en las redes del partido centenario.<\/p>\n\n\n\n<p>Por otra parte, la l\u00ednea interna encabezada por Mart\u00edn Goerling, que se referencia con Patricia Bullrich a nivel nacional, se encuentra al borde de pegar el portazo porque, seg\u00fan trascendi\u00f3, no quieren saber nada con las \u201cpalomas\u201d misioneras como Mart\u00edn Arjol, Alfredo Schiavoni y Ariel Pianesi, que responden a Rodr\u00edguez Larreta a nivel nacional. En el b\u00fanker de Goerling se baraja la posibilidad de no trabajar para la candidatura provincial y apostar fuertemente a una candidatura nacional reci\u00e9n para las generales de octubre.<\/p>\n\n\n\n<p>La contundencia de los n\u00fameros que arrojaron las \u00faltimas mediciones que llegaron a los principales referentes de JxC en Misiones, ha hecho que tomen distancia de la idea de pelear por la gobernaci\u00f3n dej\u00e1ndolo cada vez m\u00e1s s\u00f3lo a Arjol.<\/p>\n\n\n\n<p><strong>Por Nicol\u00e1s Marchiori<br>Abogado. Diplomado en Manejo de Crisis y en An\u00e1lisis de Procesos Electorales. Posgrado de Especializaci\u00f3n en Comunicaci\u00f3n de Gobierno y Electoral. Becario de la Fundaci\u00f3n Konrad Adenauer y del Centro de An\u00e1lisis y Entrenamiento Pol\u00edtico &#8211; CAEP (Colombia).-<\/strong><\/p>\n","protected":false},"excerpt":{"rendered":"<p>El fallo de la Corte Suprema de Justicia de la Naci\u00f3n a favor de la Ciudad de Buenos Aires referido a la coparticipaci\u00f3n es una muestra contundente del pa\u00eds unitario que impone el sistema. El silencio c\u00f3mplice de la dirigencia de JxC en Misiones es un fiel reflejo del verticalismo de los partidos nacionales. Una [&hellip;]<\/p>\n","protected":false},"author":2,"featured_media":21519,"comment_status":"open","ping_status":"open","sticky":false,"template":"","format":"standard","meta":{"footnotes":""},"categories":[42],"tags":[],"class_list":["post-21518","post","type-post","status-publish","format-standard","has-post-thumbnail","hentry","category-politica"],"yoast_head":"<!-- This site is optimized with the Yoast SEO plugin v27.5 - https:\/\/yoast.com\/product\/yoast-seo-wordpress\/ -->\n<title>La condena unitaria | CVI NOTICIAS<\/title>\n<meta name=\"robots\" content=\"index, follow, max-snippet:-1, max-image-preview:large, max-video-preview:-1\" \/>\n<link rel=\"canonical\" href=\"https:\/\/cvinoticias.com\/v3\/la-condena-unitaria\/\" \/>\n<meta property=\"og:locale\" content=\"es_ES\" \/>\n<meta property=\"og:type\" content=\"article\" \/>\n<meta property=\"og:title\" content=\"La condena unitaria | CVI NOTICIAS\" \/>\n<meta property=\"og:description\" content=\"El fallo de la Corte Suprema de Justicia de la Naci\u00f3n a favor de la Ciudad de Buenos Aires referido a la coparticipaci\u00f3n es una muestra contundente del pa\u00eds unitario que impone el sistema. El silencio c\u00f3mplice de la dirigencia de JxC en Misiones es un fiel reflejo del verticalismo de los partidos nacionales. Una [&hellip;]\" \/>\n<meta property=\"og:url\" content=\"https:\/\/cvinoticias.com\/v3\/la-condena-unitaria\/\" \/>\n<meta property=\"og:site_name\" content=\"CVI NOTICIAS\" \/>\n<meta property=\"article:publisher\" content=\"https:\/\/www.facebook.com\/cvinoticias\" \/>\n<meta property=\"article:published_time\" content=\"2023-01-01T00:01:19+00:00\" \/>\n<meta property=\"og:image\" content=\"https:\/\/cvinoticias.com\/wp-content\/uploads\/2023\/01\/Screenshot_20221231-205618_Word.jpg\" \/>\n\t<meta property=\"og:image:width\" content=\"1023\" \/>\n\t<meta property=\"og:image:height\" content=\"694\" \/>\n\t<meta property=\"og:image:type\" content=\"image\/jpeg\" \/>\n<meta name=\"author\" content=\"f1000024\" \/>\n<meta name=\"twitter:card\" content=\"summary_large_image\" \/>\n<meta name=\"twitter:label1\" content=\"Escrito por\" \/>\n\t<meta name=\"twitter:data1\" content=\"f1000024\" \/>\n\t<meta name=\"twitter:label2\" content=\"Tiempo de lectura\" \/>\n\t<meta name=\"twitter:data2\" content=\"11 minutos\" \/>\n<script type=\"application\/ld+json\" class=\"yoast-schema-graph\">{\"@context\":\"https:\\\/\\\/schema.org\",\"@graph\":[{\"@type\":\"Article\",\"@id\":\"https:\\\/\\\/cvinoticias.com\\\/v3\\\/la-condena-unitaria\\\/#article\",\"isPartOf\":{\"@id\":\"https:\\\/\\\/cvinoticias.com\\\/v3\\\/la-condena-unitaria\\\/\"},\"author\":{\"name\":\"f1000024\",\"@id\":\"https:\\\/\\\/cvinoticias.com\\\/v3\\\/#\\\/schema\\\/person\\\/2db77e3c6bc03c538495d7b2b8be9b66\"},\"headline\":\"La condena unitaria\",\"datePublished\":\"2023-01-01T00:01:19+00:00\",\"mainEntityOfPage\":{\"@id\":\"https:\\\/\\\/cvinoticias.com\\\/v3\\\/la-condena-unitaria\\\/\"},\"wordCount\":2279,\"commentCount\":0,\"publisher\":{\"@id\":\"https:\\\/\\\/cvinoticias.com\\\/v3\\\/#organization\"},\"image\":{\"@id\":\"https:\\\/\\\/cvinoticias.com\\\/v3\\\/la-condena-unitaria\\\/#primaryimage\"},\"thumbnailUrl\":\"https:\\\/\\\/cvinoticias.com\\\/wp-content\\\/uploads\\\/2023\\\/01\\\/Screenshot_20221231-205618_Word.jpg\",\"articleSection\":[\"Politica\"],\"inLanguage\":\"es\",\"potentialAction\":[{\"@type\":\"CommentAction\",\"name\":\"Comment\",\"target\":[\"https:\\\/\\\/cvinoticias.com\\\/v3\\\/la-condena-unitaria\\\/#respond\"]}]},{\"@type\":\"WebPage\",\"@id\":\"https:\\\/\\\/cvinoticias.com\\\/v3\\\/la-condena-unitaria\\\/\",\"url\":\"https:\\\/\\\/cvinoticias.com\\\/v3\\\/la-condena-unitaria\\\/\",\"name\":\"La condena unitaria | CVI NOTICIAS\",\"isPartOf\":{\"@id\":\"https:\\\/\\\/cvinoticias.com\\\/v3\\\/#website\"},\"primaryImageOfPage\":{\"@id\":\"https:\\\/\\\/cvinoticias.com\\\/v3\\\/la-condena-unitaria\\\/#primaryimage\"},\"image\":{\"@id\":\"https:\\\/\\\/cvinoticias.com\\\/v3\\\/la-condena-unitaria\\\/#primaryimage\"},\"thumbnailUrl\":\"https:\\\/\\\/cvinoticias.com\\\/wp-content\\\/uploads\\\/2023\\\/01\\\/Screenshot_20221231-205618_Word.jpg\",\"datePublished\":\"2023-01-01T00:01:19+00:00\",\"breadcrumb\":{\"@id\":\"https:\\\/\\\/cvinoticias.com\\\/v3\\\/la-condena-unitaria\\\/#breadcrumb\"},\"inLanguage\":\"es\",\"potentialAction\":[{\"@type\":\"ReadAction\",\"target\":[\"https:\\\/\\\/cvinoticias.com\\\/v3\\\/la-condena-unitaria\\\/\"]}]},{\"@type\":\"ImageObject\",\"inLanguage\":\"es\",\"@id\":\"https:\\\/\\\/cvinoticias.com\\\/v3\\\/la-condena-unitaria\\\/#primaryimage\",\"url\":\"https:\\\/\\\/cvinoticias.com\\\/wp-content\\\/uploads\\\/2023\\\/01\\\/Screenshot_20221231-205618_Word.jpg\",\"contentUrl\":\"https:\\\/\\\/cvinoticias.com\\\/wp-content\\\/uploads\\\/2023\\\/01\\\/Screenshot_20221231-205618_Word.jpg\",\"width\":1023,\"height\":694},{\"@type\":\"BreadcrumbList\",\"@id\":\"https:\\\/\\\/cvinoticias.com\\\/v3\\\/la-condena-unitaria\\\/#breadcrumb\",\"itemListElement\":[{\"@type\":\"ListItem\",\"position\":1,\"name\":\"Portada\",\"item\":\"https:\\\/\\\/cvinoticias.com\\\/v3\\\/\"},{\"@type\":\"ListItem\",\"position\":2,\"name\":\"La condena unitaria\"}]},{\"@type\":\"WebSite\",\"@id\":\"https:\\\/\\\/cvinoticias.com\\\/v3\\\/#website\",\"url\":\"https:\\\/\\\/cvinoticias.com\\\/v3\\\/\",\"name\":\"CVI NOTICIAS\",\"description\":\"\",\"publisher\":{\"@id\":\"https:\\\/\\\/cvinoticias.com\\\/v3\\\/#organization\"},\"alternateName\":\"CVI\",\"potentialAction\":[{\"@type\":\"SearchAction\",\"target\":{\"@type\":\"EntryPoint\",\"urlTemplate\":\"https:\\\/\\\/cvinoticias.com\\\/v3\\\/?s={search_term_string}\"},\"query-input\":{\"@type\":\"PropertyValueSpecification\",\"valueRequired\":true,\"valueName\":\"search_term_string\"}}],\"inLanguage\":\"es\"},{\"@type\":\"Organization\",\"@id\":\"https:\\\/\\\/cvinoticias.com\\\/v3\\\/#organization\",\"name\":\"CVI NOTICIAS\",\"url\":\"https:\\\/\\\/cvinoticias.com\\\/v3\\\/\",\"logo\":{\"@type\":\"ImageObject\",\"inLanguage\":\"es\",\"@id\":\"https:\\\/\\\/cvinoticias.com\\\/v3\\\/#\\\/schema\\\/logo\\\/image\\\/\",\"url\":\"https:\\\/\\\/cvinoticias.com\\\/wp-content\\\/uploads\\\/2023\\\/04\\\/cropped-cropped-cropped-cropped-cropped-3-1.png\",\"contentUrl\":\"https:\\\/\\\/cvinoticias.com\\\/wp-content\\\/uploads\\\/2023\\\/04\\\/cropped-cropped-cropped-cropped-cropped-3-1.png\",\"width\":95,\"height\":122,\"caption\":\"CVI NOTICIAS\"},\"image\":{\"@id\":\"https:\\\/\\\/cvinoticias.com\\\/v3\\\/#\\\/schema\\\/logo\\\/image\\\/\"},\"sameAs\":[\"https:\\\/\\\/www.facebook.com\\\/cvinoticias\",\"https:\\\/\\\/www.instagram.com\\\/cvinoticias\\\/\",\"https:\\\/\\\/www.youtube.com\\\/@CVINOTICIAS\"]},{\"@type\":\"Person\",\"@id\":\"https:\\\/\\\/cvinoticias.com\\\/v3\\\/#\\\/schema\\\/person\\\/2db77e3c6bc03c538495d7b2b8be9b66\",\"name\":\"f1000024\",\"image\":{\"@type\":\"ImageObject\",\"inLanguage\":\"es\",\"@id\":\"https:\\\/\\\/secure.gravatar.com\\\/avatar\\\/d4fe7459cfc51ff5129ce1a732bbef5928568b8092d412ef95611616376bbeed?s=96&d=mm&r=g\",\"url\":\"https:\\\/\\\/secure.gravatar.com\\\/avatar\\\/d4fe7459cfc51ff5129ce1a732bbef5928568b8092d412ef95611616376bbeed?s=96&d=mm&r=g\",\"contentUrl\":\"https:\\\/\\\/secure.gravatar.com\\\/avatar\\\/d4fe7459cfc51ff5129ce1a732bbef5928568b8092d412ef95611616376bbeed?s=96&d=mm&r=g\",\"caption\":\"f1000024\"},\"url\":\"https:\\\/\\\/cvinoticias.com\\\/v3\\\/author\\\/f1000024\\\/\"}]}<\/script>\n<!-- \/ Yoast SEO plugin. -->","yoast_head_json":{"title":"La condena unitaria | CVI NOTICIAS","robots":{"index":"index","follow":"follow","max-snippet":"max-snippet:-1","max-image-preview":"max-image-preview:large","max-video-preview":"max-video-preview:-1"},"canonical":"https:\/\/cvinoticias.com\/v3\/la-condena-unitaria\/","og_locale":"es_ES","og_type":"article","og_title":"La condena unitaria | CVI NOTICIAS","og_description":"El fallo de la Corte Suprema de Justicia de la Naci\u00f3n a favor de la Ciudad de Buenos Aires referido a la coparticipaci\u00f3n es una muestra contundente del pa\u00eds unitario que impone el sistema. El silencio c\u00f3mplice de la dirigencia de JxC en Misiones es un fiel reflejo del verticalismo de los partidos nacionales. Una [&hellip;]","og_url":"https:\/\/cvinoticias.com\/v3\/la-condena-unitaria\/","og_site_name":"CVI NOTICIAS","article_publisher":"https:\/\/www.facebook.com\/cvinoticias","article_published_time":"2023-01-01T00:01:19+00:00","og_image":[{"width":1023,"height":694,"url":"https:\/\/cvinoticias.com\/wp-content\/uploads\/2023\/01\/Screenshot_20221231-205618_Word.jpg","type":"image\/jpeg"}],"author":"f1000024","twitter_card":"summary_large_image","twitter_misc":{"Escrito por":"f1000024","Tiempo de lectura":"11 minutos"},"schema":{"@context":"https:\/\/schema.org","@graph":[{"@type":"Article","@id":"https:\/\/cvinoticias.com\/v3\/la-condena-unitaria\/#article","isPartOf":{"@id":"https:\/\/cvinoticias.com\/v3\/la-condena-unitaria\/"},"author":{"name":"f1000024","@id":"https:\/\/cvinoticias.com\/v3\/#\/schema\/person\/2db77e3c6bc03c538495d7b2b8be9b66"},"headline":"La condena unitaria","datePublished":"2023-01-01T00:01:19+00:00","mainEntityOfPage":{"@id":"https:\/\/cvinoticias.com\/v3\/la-condena-unitaria\/"},"wordCount":2279,"commentCount":0,"publisher":{"@id":"https:\/\/cvinoticias.com\/v3\/#organization"},"image":{"@id":"https:\/\/cvinoticias.com\/v3\/la-condena-unitaria\/#primaryimage"},"thumbnailUrl":"https:\/\/cvinoticias.com\/wp-content\/uploads\/2023\/01\/Screenshot_20221231-205618_Word.jpg","articleSection":["Politica"],"inLanguage":"es","potentialAction":[{"@type":"CommentAction","name":"Comment","target":["https:\/\/cvinoticias.com\/v3\/la-condena-unitaria\/#respond"]}]},{"@type":"WebPage","@id":"https:\/\/cvinoticias.com\/v3\/la-condena-unitaria\/","url":"https:\/\/cvinoticias.com\/v3\/la-condena-unitaria\/","name":"La condena unitaria | CVI NOTICIAS","isPartOf":{"@id":"https:\/\/cvinoticias.com\/v3\/#website"},"primaryImageOfPage":{"@id":"https:\/\/cvinoticias.com\/v3\/la-condena-unitaria\/#primaryimage"},"image":{"@id":"https:\/\/cvinoticias.com\/v3\/la-condena-unitaria\/#primaryimage"},"thumbnailUrl":"https:\/\/cvinoticias.com\/wp-content\/uploads\/2023\/01\/Screenshot_20221231-205618_Word.jpg","datePublished":"2023-01-01T00:01:19+00:00","breadcrumb":{"@id":"https:\/\/cvinoticias.com\/v3\/la-condena-unitaria\/#breadcrumb"},"inLanguage":"es","potentialAction":[{"@type":"ReadAction","target":["https:\/\/cvinoticias.com\/v3\/la-condena-unitaria\/"]}]},{"@type":"ImageObject","inLanguage":"es","@id":"https:\/\/cvinoticias.com\/v3\/la-condena-unitaria\/#primaryimage","url":"https:\/\/cvinoticias.com\/wp-content\/uploads\/2023\/01\/Screenshot_20221231-205618_Word.jpg","contentUrl":"https:\/\/cvinoticias.com\/wp-content\/uploads\/2023\/01\/Screenshot_20221231-205618_Word.jpg","width":1023,"height":694},{"@type":"BreadcrumbList","@id":"https:\/\/cvinoticias.com\/v3\/la-condena-unitaria\/#breadcrumb","itemListElement":[{"@type":"ListItem","position":1,"name":"Portada","item":"https:\/\/cvinoticias.com\/v3\/"},{"@type":"ListItem","position":2,"name":"La condena unitaria"}]},{"@type":"WebSite","@id":"https:\/\/cvinoticias.com\/v3\/#website","url":"https:\/\/cvinoticias.com\/v3\/","name":"CVI NOTICIAS","description":"","publisher":{"@id":"https:\/\/cvinoticias.com\/v3\/#organization"},"alternateName":"CVI","potentialAction":[{"@type":"SearchAction","target":{"@type":"EntryPoint","urlTemplate":"https:\/\/cvinoticias.com\/v3\/?s={search_term_string}"},"query-input":{"@type":"PropertyValueSpecification","valueRequired":true,"valueName":"search_term_string"}}],"inLanguage":"es"},{"@type":"Organization","@id":"https:\/\/cvinoticias.com\/v3\/#organization","name":"CVI NOTICIAS","url":"https:\/\/cvinoticias.com\/v3\/","logo":{"@type":"ImageObject","inLanguage":"es","@id":"https:\/\/cvinoticias.com\/v3\/#\/schema\/logo\/image\/","url":"https:\/\/cvinoticias.com\/wp-content\/uploads\/2023\/04\/cropped-cropped-cropped-cropped-cropped-3-1.png","contentUrl":"https:\/\/cvinoticias.com\/wp-content\/uploads\/2023\/04\/cropped-cropped-cropped-cropped-cropped-3-1.png","width":95,"height":122,"caption":"CVI NOTICIAS"},"image":{"@id":"https:\/\/cvinoticias.com\/v3\/#\/schema\/logo\/image\/"},"sameAs":["https:\/\/www.facebook.com\/cvinoticias","https:\/\/www.instagram.com\/cvinoticias\/","https:\/\/www.youtube.com\/@CVINOTICIAS"]},{"@type":"Person","@id":"https:\/\/cvinoticias.com\/v3\/#\/schema\/person\/2db77e3c6bc03c538495d7b2b8be9b66","name":"f1000024","image":{"@type":"ImageObject","inLanguage":"es","@id":"https:\/\/secure.gravatar.com\/avatar\/d4fe7459cfc51ff5129ce1a732bbef5928568b8092d412ef95611616376bbeed?s=96&d=mm&r=g","url":"https:\/\/secure.gravatar.com\/avatar\/d4fe7459cfc51ff5129ce1a732bbef5928568b8092d412ef95611616376bbeed?s=96&d=mm&r=g","contentUrl":"https:\/\/secure.gravatar.com\/avatar\/d4fe7459cfc51ff5129ce1a732bbef5928568b8092d412ef95611616376bbeed?s=96&d=mm&r=g","caption":"f1000024"},"url":"https:\/\/cvinoticias.com\/v3\/author\/f1000024\/"}]}},"_links":{"self":[{"href":"https:\/\/cvinoticias.com\/v3\/wp-json\/wp\/v2\/posts\/21518","targetHints":{"allow":["GET"]}}],"collection":[{"href":"https:\/\/cvinoticias.com\/v3\/wp-json\/wp\/v2\/posts"}],"about":[{"href":"https:\/\/cvinoticias.com\/v3\/wp-json\/wp\/v2\/types\/post"}],"author":[{"embeddable":true,"href":"https:\/\/cvinoticias.com\/v3\/wp-json\/wp\/v2\/users\/2"}],"replies":[{"embeddable":true,"href":"https:\/\/cvinoticias.com\/v3\/wp-json\/wp\/v2\/comments?post=21518"}],"version-history":[{"count":1,"href":"https:\/\/cvinoticias.com\/v3\/wp-json\/wp\/v2\/posts\/21518\/revisions"}],"predecessor-version":[{"id":21520,"href":"https:\/\/cvinoticias.com\/v3\/wp-json\/wp\/v2\/posts\/21518\/revisions\/21520"}],"wp:featuredmedia":[{"embeddable":true,"href":"https:\/\/cvinoticias.com\/v3\/wp-json\/wp\/v2\/media\/21519"}],"wp:attachment":[{"href":"https:\/\/cvinoticias.com\/v3\/wp-json\/wp\/v2\/media?parent=21518"}],"wp:term":[{"taxonomy":"category","embeddable":true,"href":"https:\/\/cvinoticias.com\/v3\/wp-json\/wp\/v2\/categories?post=21518"},{"taxonomy":"post_tag","embeddable":true,"href":"https:\/\/cvinoticias.com\/v3\/wp-json\/wp\/v2\/tags?post=21518"}],"curies":[{"name":"wp","href":"https:\/\/api.w.org\/{rel}","templated":true}]}}