{"id":21508,"date":"2022-12-31T13:32:56","date_gmt":"2022-12-31T13:32:56","guid":{"rendered":"https:\/\/cvinoticias.com\/v3\/?p=21508"},"modified":"2022-12-31T13:32:56","modified_gmt":"2022-12-31T13:32:56","slug":"extendieron-la-emergencia-sanitaria-por-un-ano","status":"publish","type":"post","link":"https:\/\/cvinoticias.com\/v3\/extendieron-la-emergencia-sanitaria-por-un-ano\/","title":{"rendered":"Extendieron la emergencia sanitaria por un a\u00f1o"},"content":{"rendered":"\n<p><strong><em>Por medio del decreto 863\/2022 publicado hoy en el Bolet\u00edn Oficial, el Gobierno nacional prorrog\u00f3 hasta el pr\u00f3ximo 31 de diciembre de 2023 la emergencia p\u00fablica en materia sanitaria.<\/em><\/strong><\/p>\n\n\n\n<p>En ese marco, y como autoridad de aplicaci\u00f3n, el Ministerio de Salud decidi\u00f3 mejorar y ampliar la capacidad de atenci\u00f3n de todo el sistema sanitario, recurriendo a la extensi\u00f3n de la contrataci\u00f3n de personal de salud jubilado o retirado; al establecimiento de reg\u00edmenes especiales de matriculaci\u00f3n y\/o certificaci\u00f3n en forma excepcional y temporaria; y a la contrataci\u00f3n de profesionales y t\u00e9cnicos de salud titulados en el extranjero, cuyo t\u00edtulo no est\u00e9 revalidado o habilitado en la Rep\u00fablica Argentina.<\/p>\n\n\n\n<p>Seg\u00fan indicaron, la medida tiene como objetivo sumar el aporte de profesionales y t\u00e9cnicos de todas las disciplinas en los distintos subsistemas de salud para fortalecer, dar robustez, y poder brindar la atenci\u00f3n esencial y necesaria a la poblaci\u00f3n. El impacto de la pandemia por COVID-19 en el sistema sanitario ha generado una demanda acumulada de seguimiento, tratamientos, pruebas diagn\u00f3sticas y atenci\u00f3n especializada que debe ser adecuadamente atendida en todo el pa\u00eds.<\/p>\n\n\n\n<p>Durante los dos a\u00f1os de pandemia se registraron demoras e interrupciones en la continuidad de la atenci\u00f3n en salud en todos los niveles a nivel mundial. En Argentina, baj\u00f3 casi el 50% la atenci\u00f3n de pacientes ambulatorios y alrededor del 60% cancelaron sus pr\u00e1cticas m\u00e9dicas y diagn\u00f3sticas. A eso hay que sumar la tasa de abandono de los tratamientos de personas con diabetes, que se redujo en un porcentaje cercano al 35%.<\/p>\n\n\n\n<p>Tambi\u00e9n el impacto se sinti\u00f3 en la salud mental de la poblaci\u00f3n, con el aumento de cuadros de ansiedad, afectaci\u00f3n del estado del \u00e1nimo, incremento de problem\u00e1ticas complejas como el suicidio y el consumo problem\u00e1tico de tabaco, alcohol, y otras sustancias psicoactivas y el mal uso y abuso de las tecnolog\u00edas.<\/p>\n\n\n\n<p>Las consecuencias que produjo la pandemia obligan a adoptar medidas r\u00e1pidas, eficaces y urgentes; adem\u00e1s de continuar desarrollando una estrategia sanitaria consensuada para profundizar la integraci\u00f3n de los subsistemas de salud con foco en la equidad, la eliminaci\u00f3n de barreras en el acceso y el aumento de la calidad en los servicios de salud.<\/p>\n\n\n\n<p>Desde el Estado comprenden que este cambio en el modelo de atenci\u00f3n, gesti\u00f3n y financiamiento requiere un esfuerzo adicional para desarrollar y fortalecer redes integradas de servicios, con especial \u00e9nfasis en la prevenci\u00f3n y promoci\u00f3n de la salud de la poblaci\u00f3n, la estrategia nacional de salud digital, el desarrollo de sistemas de informaci\u00f3n adecuados y la incorporaci\u00f3n de nuevas tecnolog\u00edas. En todos estos casos se requiere de recursos humanos calificados y suficientes para su implementaci\u00f3n.<\/p>\n\n\n\n<p>Por eso, y a trav\u00e9s del decreto 863\/2022, el Ministerio de Salud extendi\u00f3 el r\u00e9gimen de matriculaci\u00f3n provisorio para aquellas personas que no cuenten a\u00fan con su tr\u00e1mite de t\u00edtulo finalizado o no poseen revalida su certificaci\u00f3n de pregrado, grado o posgrado en ciencias de la salud, previa intervenci\u00f3n de la cartera sanitaria y con certificaci\u00f3n de competencias a cargo de los establecimientos asistenciales que los requieran.<\/p>\n\n\n\n<p>Por \u00faltimo, el Ministerio de Salud autoriza la instalaci\u00f3n y funcionamiento de hospitales de campa\u00f1a o modulares que no cuenten a\u00fan con los requisitos y autorizaciones administrativas previas, teniendo en cuenta la diversidad sanitaria, geogr\u00e1fica, socioecon\u00f3mica y demogr\u00e1fica de nuestro pa\u00eds, que requiere un abordaje distintivo que contemple las diferentes realidades y permita continuar fortaleciendo la infraestructura sanitaria en los diferentes puntos de Argentina.<\/p>\n","protected":false},"excerpt":{"rendered":"<p>Por medio del decreto 863\/2022 publicado hoy en el Bolet\u00edn Oficial, el Gobierno nacional prorrog\u00f3 hasta el pr\u00f3ximo 31 de diciembre de 2023 la emergencia p\u00fablica en materia sanitaria. En ese marco, y como autoridad de aplicaci\u00f3n, el Ministerio de Salud decidi\u00f3 mejorar y ampliar la capacidad de atenci\u00f3n de todo el sistema sanitario, recurriendo [&hellip;]<\/p>\n","protected":false},"author":2,"featured_media":21509,"comment_status":"open","ping_status":"open","sticky":false,"template":"","format":"standard","meta":{"footnotes":""},"categories":[22],"tags":[],"class_list":["post-21508","post","type-post","status-publish","format-standard","has-post-thumbnail","hentry","category-salud"],"yoast_head":"<!-- This site is optimized with the Yoast SEO plugin v27.5 - https:\/\/yoast.com\/product\/yoast-seo-wordpress\/ -->\n<title>Extendieron la emergencia sanitaria por un a\u00f1o | CVI NOTICIAS<\/title>\n<meta name=\"robots\" content=\"index, follow, max-snippet:-1, max-image-preview:large, max-video-preview:-1\" \/>\n<link rel=\"canonical\" href=\"https:\/\/cvinoticias.com\/v3\/extendieron-la-emergencia-sanitaria-por-un-ano\/\" \/>\n<meta property=\"og:locale\" content=\"es_ES\" \/>\n<meta property=\"og:type\" content=\"article\" \/>\n<meta property=\"og:title\" content=\"Extendieron la emergencia sanitaria por un a\u00f1o | CVI NOTICIAS\" \/>\n<meta property=\"og:description\" content=\"Por medio del decreto 863\/2022 publicado hoy en el Bolet\u00edn Oficial, el Gobierno nacional prorrog\u00f3 hasta el pr\u00f3ximo 31 de diciembre de 2023 la emergencia p\u00fablica en materia sanitaria. En ese marco, y como autoridad de aplicaci\u00f3n, el Ministerio de Salud decidi\u00f3 mejorar y ampliar la capacidad de atenci\u00f3n de todo el sistema sanitario, recurriendo [&hellip;]\" \/>\n<meta property=\"og:url\" content=\"https:\/\/cvinoticias.com\/v3\/extendieron-la-emergencia-sanitaria-por-un-ano\/\" \/>\n<meta property=\"og:site_name\" content=\"CVI NOTICIAS\" \/>\n<meta property=\"article:publisher\" content=\"https:\/\/www.facebook.com\/cvinoticias\" \/>\n<meta property=\"article:published_time\" content=\"2022-12-31T13:32:56+00:00\" \/>\n<meta property=\"og:image\" content=\"https:\/\/cvinoticias.com\/wp-content\/uploads\/2022\/12\/lg-6.jpg\" \/>\n\t<meta property=\"og:image:width\" content=\"1200\" \/>\n\t<meta property=\"og:image:height\" content=\"675\" \/>\n\t<meta property=\"og:image:type\" content=\"image\/jpeg\" \/>\n<meta name=\"author\" content=\"f1000024\" \/>\n<meta name=\"twitter:card\" content=\"summary_large_image\" \/>\n<meta name=\"twitter:label1\" content=\"Escrito por\" \/>\n\t<meta name=\"twitter:data1\" content=\"f1000024\" \/>\n\t<meta name=\"twitter:label2\" content=\"Tiempo de lectura\" \/>\n\t<meta name=\"twitter:data2\" content=\"3 minutos\" \/>\n<script type=\"application\/ld+json\" class=\"yoast-schema-graph\">{\"@context\":\"https:\\\/\\\/schema.org\",\"@graph\":[{\"@type\":\"Article\",\"@id\":\"https:\\\/\\\/cvinoticias.com\\\/v3\\\/extendieron-la-emergencia-sanitaria-por-un-ano\\\/#article\",\"isPartOf\":{\"@id\":\"https:\\\/\\\/cvinoticias.com\\\/v3\\\/extendieron-la-emergencia-sanitaria-por-un-ano\\\/\"},\"author\":{\"name\":\"f1000024\",\"@id\":\"https:\\\/\\\/cvinoticias.com\\\/v3\\\/#\\\/schema\\\/person\\\/2db77e3c6bc03c538495d7b2b8be9b66\"},\"headline\":\"Extendieron la emergencia sanitaria por un a\u00f1o\",\"datePublished\":\"2022-12-31T13:32:56+00:00\",\"mainEntityOfPage\":{\"@id\":\"https:\\\/\\\/cvinoticias.com\\\/v3\\\/extendieron-la-emergencia-sanitaria-por-un-ano\\\/\"},\"wordCount\":626,\"commentCount\":0,\"publisher\":{\"@id\":\"https:\\\/\\\/cvinoticias.com\\\/v3\\\/#organization\"},\"image\":{\"@id\":\"https:\\\/\\\/cvinoticias.com\\\/v3\\\/extendieron-la-emergencia-sanitaria-por-un-ano\\\/#primaryimage\"},\"thumbnailUrl\":\"https:\\\/\\\/cvinoticias.com\\\/wp-content\\\/uploads\\\/2022\\\/12\\\/lg-6.jpg\",\"articleSection\":[\"Salud\"],\"inLanguage\":\"es\",\"potentialAction\":[{\"@type\":\"CommentAction\",\"name\":\"Comment\",\"target\":[\"https:\\\/\\\/cvinoticias.com\\\/v3\\\/extendieron-la-emergencia-sanitaria-por-un-ano\\\/#respond\"]}]},{\"@type\":\"WebPage\",\"@id\":\"https:\\\/\\\/cvinoticias.com\\\/v3\\\/extendieron-la-emergencia-sanitaria-por-un-ano\\\/\",\"url\":\"https:\\\/\\\/cvinoticias.com\\\/v3\\\/extendieron-la-emergencia-sanitaria-por-un-ano\\\/\",\"name\":\"Extendieron la emergencia sanitaria por un a\u00f1o | CVI NOTICIAS\",\"isPartOf\":{\"@id\":\"https:\\\/\\\/cvinoticias.com\\\/v3\\\/#website\"},\"primaryImageOfPage\":{\"@id\":\"https:\\\/\\\/cvinoticias.com\\\/v3\\\/extendieron-la-emergencia-sanitaria-por-un-ano\\\/#primaryimage\"},\"image\":{\"@id\":\"https:\\\/\\\/cvinoticias.com\\\/v3\\\/extendieron-la-emergencia-sanitaria-por-un-ano\\\/#primaryimage\"},\"thumbnailUrl\":\"https:\\\/\\\/cvinoticias.com\\\/wp-content\\\/uploads\\\/2022\\\/12\\\/lg-6.jpg\",\"datePublished\":\"2022-12-31T13:32:56+00:00\",\"breadcrumb\":{\"@id\":\"https:\\\/\\\/cvinoticias.com\\\/v3\\\/extendieron-la-emergencia-sanitaria-por-un-ano\\\/#breadcrumb\"},\"inLanguage\":\"es\",\"potentialAction\":[{\"@type\":\"ReadAction\",\"target\":[\"https:\\\/\\\/cvinoticias.com\\\/v3\\\/extendieron-la-emergencia-sanitaria-por-un-ano\\\/\"]}]},{\"@type\":\"ImageObject\",\"inLanguage\":\"es\",\"@id\":\"https:\\\/\\\/cvinoticias.com\\\/v3\\\/extendieron-la-emergencia-sanitaria-por-un-ano\\\/#primaryimage\",\"url\":\"https:\\\/\\\/cvinoticias.com\\\/wp-content\\\/uploads\\\/2022\\\/12\\\/lg-6.jpg\",\"contentUrl\":\"https:\\\/\\\/cvinoticias.com\\\/wp-content\\\/uploads\\\/2022\\\/12\\\/lg-6.jpg\",\"width\":1200,\"height\":675},{\"@type\":\"BreadcrumbList\",\"@id\":\"https:\\\/\\\/cvinoticias.com\\\/v3\\\/extendieron-la-emergencia-sanitaria-por-un-ano\\\/#breadcrumb\",\"itemListElement\":[{\"@type\":\"ListItem\",\"position\":1,\"name\":\"Portada\",\"item\":\"https:\\\/\\\/cvinoticias.com\\\/v3\\\/\"},{\"@type\":\"ListItem\",\"position\":2,\"name\":\"Extendieron la emergencia sanitaria por un a\u00f1o\"}]},{\"@type\":\"WebSite\",\"@id\":\"https:\\\/\\\/cvinoticias.com\\\/v3\\\/#website\",\"url\":\"https:\\\/\\\/cvinoticias.com\\\/v3\\\/\",\"name\":\"CVI NOTICIAS\",\"description\":\"\",\"publisher\":{\"@id\":\"https:\\\/\\\/cvinoticias.com\\\/v3\\\/#organization\"},\"alternateName\":\"CVI\",\"potentialAction\":[{\"@type\":\"SearchAction\",\"target\":{\"@type\":\"EntryPoint\",\"urlTemplate\":\"https:\\\/\\\/cvinoticias.com\\\/v3\\\/?s={search_term_string}\"},\"query-input\":{\"@type\":\"PropertyValueSpecification\",\"valueRequired\":true,\"valueName\":\"search_term_string\"}}],\"inLanguage\":\"es\"},{\"@type\":\"Organization\",\"@id\":\"https:\\\/\\\/cvinoticias.com\\\/v3\\\/#organization\",\"name\":\"CVI NOTICIAS\",\"url\":\"https:\\\/\\\/cvinoticias.com\\\/v3\\\/\",\"logo\":{\"@type\":\"ImageObject\",\"inLanguage\":\"es\",\"@id\":\"https:\\\/\\\/cvinoticias.com\\\/v3\\\/#\\\/schema\\\/logo\\\/image\\\/\",\"url\":\"https:\\\/\\\/cvinoticias.com\\\/wp-content\\\/uploads\\\/2023\\\/04\\\/cropped-cropped-cropped-cropped-cropped-3-1.png\",\"contentUrl\":\"https:\\\/\\\/cvinoticias.com\\\/wp-content\\\/uploads\\\/2023\\\/04\\\/cropped-cropped-cropped-cropped-cropped-3-1.png\",\"width\":95,\"height\":122,\"caption\":\"CVI NOTICIAS\"},\"image\":{\"@id\":\"https:\\\/\\\/cvinoticias.com\\\/v3\\\/#\\\/schema\\\/logo\\\/image\\\/\"},\"sameAs\":[\"https:\\\/\\\/www.facebook.com\\\/cvinoticias\",\"https:\\\/\\\/www.instagram.com\\\/cvinoticias\\\/\",\"https:\\\/\\\/www.youtube.com\\\/@CVINOTICIAS\"]},{\"@type\":\"Person\",\"@id\":\"https:\\\/\\\/cvinoticias.com\\\/v3\\\/#\\\/schema\\\/person\\\/2db77e3c6bc03c538495d7b2b8be9b66\",\"name\":\"f1000024\",\"image\":{\"@type\":\"ImageObject\",\"inLanguage\":\"es\",\"@id\":\"https:\\\/\\\/secure.gravatar.com\\\/avatar\\\/d4fe7459cfc51ff5129ce1a732bbef5928568b8092d412ef95611616376bbeed?s=96&d=mm&r=g\",\"url\":\"https:\\\/\\\/secure.gravatar.com\\\/avatar\\\/d4fe7459cfc51ff5129ce1a732bbef5928568b8092d412ef95611616376bbeed?s=96&d=mm&r=g\",\"contentUrl\":\"https:\\\/\\\/secure.gravatar.com\\\/avatar\\\/d4fe7459cfc51ff5129ce1a732bbef5928568b8092d412ef95611616376bbeed?s=96&d=mm&r=g\",\"caption\":\"f1000024\"},\"url\":\"https:\\\/\\\/cvinoticias.com\\\/v3\\\/author\\\/f1000024\\\/\"}]}<\/script>\n<!-- \/ Yoast SEO plugin. -->","yoast_head_json":{"title":"Extendieron la emergencia sanitaria por un a\u00f1o | CVI NOTICIAS","robots":{"index":"index","follow":"follow","max-snippet":"max-snippet:-1","max-image-preview":"max-image-preview:large","max-video-preview":"max-video-preview:-1"},"canonical":"https:\/\/cvinoticias.com\/v3\/extendieron-la-emergencia-sanitaria-por-un-ano\/","og_locale":"es_ES","og_type":"article","og_title":"Extendieron la emergencia sanitaria por un a\u00f1o | CVI NOTICIAS","og_description":"Por medio del decreto 863\/2022 publicado hoy en el Bolet\u00edn Oficial, el Gobierno nacional prorrog\u00f3 hasta el pr\u00f3ximo 31 de diciembre de 2023 la emergencia p\u00fablica en materia sanitaria. En ese marco, y como autoridad de aplicaci\u00f3n, el Ministerio de Salud decidi\u00f3 mejorar y ampliar la capacidad de atenci\u00f3n de todo el sistema sanitario, recurriendo [&hellip;]","og_url":"https:\/\/cvinoticias.com\/v3\/extendieron-la-emergencia-sanitaria-por-un-ano\/","og_site_name":"CVI NOTICIAS","article_publisher":"https:\/\/www.facebook.com\/cvinoticias","article_published_time":"2022-12-31T13:32:56+00:00","og_image":[{"width":1200,"height":675,"url":"https:\/\/cvinoticias.com\/wp-content\/uploads\/2022\/12\/lg-6.jpg","type":"image\/jpeg"}],"author":"f1000024","twitter_card":"summary_large_image","twitter_misc":{"Escrito por":"f1000024","Tiempo de lectura":"3 minutos"},"schema":{"@context":"https:\/\/schema.org","@graph":[{"@type":"Article","@id":"https:\/\/cvinoticias.com\/v3\/extendieron-la-emergencia-sanitaria-por-un-ano\/#article","isPartOf":{"@id":"https:\/\/cvinoticias.com\/v3\/extendieron-la-emergencia-sanitaria-por-un-ano\/"},"author":{"name":"f1000024","@id":"https:\/\/cvinoticias.com\/v3\/#\/schema\/person\/2db77e3c6bc03c538495d7b2b8be9b66"},"headline":"Extendieron la emergencia sanitaria por un a\u00f1o","datePublished":"2022-12-31T13:32:56+00:00","mainEntityOfPage":{"@id":"https:\/\/cvinoticias.com\/v3\/extendieron-la-emergencia-sanitaria-por-un-ano\/"},"wordCount":626,"commentCount":0,"publisher":{"@id":"https:\/\/cvinoticias.com\/v3\/#organization"},"image":{"@id":"https:\/\/cvinoticias.com\/v3\/extendieron-la-emergencia-sanitaria-por-un-ano\/#primaryimage"},"thumbnailUrl":"https:\/\/cvinoticias.com\/wp-content\/uploads\/2022\/12\/lg-6.jpg","articleSection":["Salud"],"inLanguage":"es","potentialAction":[{"@type":"CommentAction","name":"Comment","target":["https:\/\/cvinoticias.com\/v3\/extendieron-la-emergencia-sanitaria-por-un-ano\/#respond"]}]},{"@type":"WebPage","@id":"https:\/\/cvinoticias.com\/v3\/extendieron-la-emergencia-sanitaria-por-un-ano\/","url":"https:\/\/cvinoticias.com\/v3\/extendieron-la-emergencia-sanitaria-por-un-ano\/","name":"Extendieron la emergencia sanitaria por un a\u00f1o | CVI NOTICIAS","isPartOf":{"@id":"https:\/\/cvinoticias.com\/v3\/#website"},"primaryImageOfPage":{"@id":"https:\/\/cvinoticias.com\/v3\/extendieron-la-emergencia-sanitaria-por-un-ano\/#primaryimage"},"image":{"@id":"https:\/\/cvinoticias.com\/v3\/extendieron-la-emergencia-sanitaria-por-un-ano\/#primaryimage"},"thumbnailUrl":"https:\/\/cvinoticias.com\/wp-content\/uploads\/2022\/12\/lg-6.jpg","datePublished":"2022-12-31T13:32:56+00:00","breadcrumb":{"@id":"https:\/\/cvinoticias.com\/v3\/extendieron-la-emergencia-sanitaria-por-un-ano\/#breadcrumb"},"inLanguage":"es","potentialAction":[{"@type":"ReadAction","target":["https:\/\/cvinoticias.com\/v3\/extendieron-la-emergencia-sanitaria-por-un-ano\/"]}]},{"@type":"ImageObject","inLanguage":"es","@id":"https:\/\/cvinoticias.com\/v3\/extendieron-la-emergencia-sanitaria-por-un-ano\/#primaryimage","url":"https:\/\/cvinoticias.com\/wp-content\/uploads\/2022\/12\/lg-6.jpg","contentUrl":"https:\/\/cvinoticias.com\/wp-content\/uploads\/2022\/12\/lg-6.jpg","width":1200,"height":675},{"@type":"BreadcrumbList","@id":"https:\/\/cvinoticias.com\/v3\/extendieron-la-emergencia-sanitaria-por-un-ano\/#breadcrumb","itemListElement":[{"@type":"ListItem","position":1,"name":"Portada","item":"https:\/\/cvinoticias.com\/v3\/"},{"@type":"ListItem","position":2,"name":"Extendieron la emergencia sanitaria por un a\u00f1o"}]},{"@type":"WebSite","@id":"https:\/\/cvinoticias.com\/v3\/#website","url":"https:\/\/cvinoticias.com\/v3\/","name":"CVI NOTICIAS","description":"","publisher":{"@id":"https:\/\/cvinoticias.com\/v3\/#organization"},"alternateName":"CVI","potentialAction":[{"@type":"SearchAction","target":{"@type":"EntryPoint","urlTemplate":"https:\/\/cvinoticias.com\/v3\/?s={search_term_string}"},"query-input":{"@type":"PropertyValueSpecification","valueRequired":true,"valueName":"search_term_string"}}],"inLanguage":"es"},{"@type":"Organization","@id":"https:\/\/cvinoticias.com\/v3\/#organization","name":"CVI NOTICIAS","url":"https:\/\/cvinoticias.com\/v3\/","logo":{"@type":"ImageObject","inLanguage":"es","@id":"https:\/\/cvinoticias.com\/v3\/#\/schema\/logo\/image\/","url":"https:\/\/cvinoticias.com\/wp-content\/uploads\/2023\/04\/cropped-cropped-cropped-cropped-cropped-3-1.png","contentUrl":"https:\/\/cvinoticias.com\/wp-content\/uploads\/2023\/04\/cropped-cropped-cropped-cropped-cropped-3-1.png","width":95,"height":122,"caption":"CVI NOTICIAS"},"image":{"@id":"https:\/\/cvinoticias.com\/v3\/#\/schema\/logo\/image\/"},"sameAs":["https:\/\/www.facebook.com\/cvinoticias","https:\/\/www.instagram.com\/cvinoticias\/","https:\/\/www.youtube.com\/@CVINOTICIAS"]},{"@type":"Person","@id":"https:\/\/cvinoticias.com\/v3\/#\/schema\/person\/2db77e3c6bc03c538495d7b2b8be9b66","name":"f1000024","image":{"@type":"ImageObject","inLanguage":"es","@id":"https:\/\/secure.gravatar.com\/avatar\/d4fe7459cfc51ff5129ce1a732bbef5928568b8092d412ef95611616376bbeed?s=96&d=mm&r=g","url":"https:\/\/secure.gravatar.com\/avatar\/d4fe7459cfc51ff5129ce1a732bbef5928568b8092d412ef95611616376bbeed?s=96&d=mm&r=g","contentUrl":"https:\/\/secure.gravatar.com\/avatar\/d4fe7459cfc51ff5129ce1a732bbef5928568b8092d412ef95611616376bbeed?s=96&d=mm&r=g","caption":"f1000024"},"url":"https:\/\/cvinoticias.com\/v3\/author\/f1000024\/"}]}},"_links":{"self":[{"href":"https:\/\/cvinoticias.com\/v3\/wp-json\/wp\/v2\/posts\/21508","targetHints":{"allow":["GET"]}}],"collection":[{"href":"https:\/\/cvinoticias.com\/v3\/wp-json\/wp\/v2\/posts"}],"about":[{"href":"https:\/\/cvinoticias.com\/v3\/wp-json\/wp\/v2\/types\/post"}],"author":[{"embeddable":true,"href":"https:\/\/cvinoticias.com\/v3\/wp-json\/wp\/v2\/users\/2"}],"replies":[{"embeddable":true,"href":"https:\/\/cvinoticias.com\/v3\/wp-json\/wp\/v2\/comments?post=21508"}],"version-history":[{"count":1,"href":"https:\/\/cvinoticias.com\/v3\/wp-json\/wp\/v2\/posts\/21508\/revisions"}],"predecessor-version":[{"id":21510,"href":"https:\/\/cvinoticias.com\/v3\/wp-json\/wp\/v2\/posts\/21508\/revisions\/21510"}],"wp:featuredmedia":[{"embeddable":true,"href":"https:\/\/cvinoticias.com\/v3\/wp-json\/wp\/v2\/media\/21509"}],"wp:attachment":[{"href":"https:\/\/cvinoticias.com\/v3\/wp-json\/wp\/v2\/media?parent=21508"}],"wp:term":[{"taxonomy":"category","embeddable":true,"href":"https:\/\/cvinoticias.com\/v3\/wp-json\/wp\/v2\/categories?post=21508"},{"taxonomy":"post_tag","embeddable":true,"href":"https:\/\/cvinoticias.com\/v3\/wp-json\/wp\/v2\/tags?post=21508"}],"curies":[{"name":"wp","href":"https:\/\/api.w.org\/{rel}","templated":true}]}}