{"id":21505,"date":"2022-12-31T13:27:21","date_gmt":"2022-12-31T13:27:21","guid":{"rendered":"https:\/\/cvinoticias.com\/v3\/?p=21505"},"modified":"2022-12-31T13:27:21","modified_gmt":"2022-12-31T13:27:21","slug":"mas-de-345-mil-personas-se-movilizaran-para-la-celebrar-ano-nuevo","status":"publish","type":"post","link":"https:\/\/cvinoticias.com\/v3\/mas-de-345-mil-personas-se-movilizaran-para-la-celebrar-ano-nuevo\/","title":{"rendered":"M\u00e1s de 345 mil personas se movilizar\u00e1n para la celebrar A\u00f1o Nuevo"},"content":{"rendered":"\n<p><strong><em>En este contexto, el Ministerio de Transporte reforz\u00f3 los controles en rutas nacionales para prevenir, concientizar y reducir los siniestros viales.<\/em><\/strong><\/p>\n\n\n\n<p>M\u00e1s de 345 mil personas se trasladar\u00e1n en micros, trenes y aviones para celebrar la llegada del A\u00f1o Nuevo, por lo que se reforzaron los controles en rutas nacionales para prevenir, concientizar y reducir los siniestros viales frente a la alta circulaci\u00f3n esperada, seg\u00fan datos del Ministerio de Transporte.<\/p>\n\n\n\n<p>Para festejar la llegada del 2023 se espera que m\u00e1s de 25 mil pasajeros se trasladen en trenes de larga distancia por el territorio argentino, 120 mil personas lo hagan en avi\u00f3n y 200 mil en micros de larga distancia.<\/p>\n\n\n\n<p>Solamente para este fin de semana, se vendieron casi 25 mil pasajes en Trenes Argentinos cuyos principales destinos fueron Mar del Plata, Pinamar, Rosario, C\u00f3rdoba y Tucum\u00e1n, y m\u00e1s de 50 mil para vuelos de Aerol\u00edneas Argentinas.<\/p>\n\n\n\n<p>En tanto, Aerol\u00edneas Argentinas, conducida por Pablo Ceriani, continu\u00f3 con altos \u00edndices de ventas de pasajes desde el 30 de diciembre al 2 de enero, recuperando los niveles prepandemia.<\/p>\n\n\n\n<p>Entre los destinos m\u00e1s solicitados, se destac\u00f3 la venta de 9.900 pasajes a Bariloche, 7.900 a Ushuaia, 6.200 a El Calafate, 5.100 a C\u00f3rdoba, 5.000 a Mendoza, 4.700 a Iguaz\u00fa, 4.000 a Salta, 3.200 a Tucum\u00e1n, 2.600 a Mar del Plata, y 2.300 a Neuqu\u00e9n.<\/p>\n\n\n\n<p>Considerando los destinos internacionales, 98.000 pasajeros y pasajeras eligieron Aerol\u00edneas para trasladarse durante este fin de semana.<\/p>\n\n\n\n<p>En cuanto a la cantidad de vuelos, la empresa de bandera operar\u00e1 con un promedio de 237 diarios, de los cuales 186 son de cabotaje.<\/p>\n\n\n\n<p>A su vez, desde la Comisi\u00f3n Nacional de Regulaci\u00f3n del Transporte (CNRT) se espera que m\u00e1s de 200 mil personas viajen a distintos puntos del pa\u00eds a trav\u00e9s de micros de larga distancia, por lo que el organismo dependiente del Ministerio de Transporte reforz\u00f3 los controles y fiscalizaciones.<\/p>\n","protected":false},"excerpt":{"rendered":"<p>En este contexto, el Ministerio de Transporte reforz\u00f3 los controles en rutas nacionales para prevenir, concientizar y reducir los siniestros viales. M\u00e1s de 345 mil personas se trasladar\u00e1n en micros, trenes y aviones para celebrar la llegada del A\u00f1o Nuevo, por lo que se reforzaron los controles en rutas nacionales para prevenir, concientizar y reducir [&hellip;]<\/p>\n","protected":false},"author":2,"featured_media":21506,"comment_status":"open","ping_status":"open","sticky":false,"template":"","format":"standard","meta":{"footnotes":""},"categories":[50],"tags":[],"class_list":["post-21505","post","type-post","status-publish","format-standard","has-post-thumbnail","hentry","category-turismo"],"yoast_head":"<!-- This site is optimized with the Yoast SEO plugin v27.4 - https:\/\/yoast.com\/product\/yoast-seo-wordpress\/ -->\n<title>M\u00e1s de 345 mil personas se movilizar\u00e1n para la celebrar A\u00f1o Nuevo | CVI NOTICIAS<\/title>\n<meta name=\"robots\" content=\"index, follow, max-snippet:-1, max-image-preview:large, max-video-preview:-1\" \/>\n<link rel=\"canonical\" href=\"https:\/\/cvinoticias.com\/v3\/mas-de-345-mil-personas-se-movilizaran-para-la-celebrar-ano-nuevo\/\" \/>\n<meta property=\"og:locale\" content=\"es_ES\" \/>\n<meta property=\"og:type\" content=\"article\" \/>\n<meta property=\"og:title\" content=\"M\u00e1s de 345 mil personas se movilizar\u00e1n para la celebrar A\u00f1o Nuevo | CVI NOTICIAS\" \/>\n<meta property=\"og:description\" content=\"En este contexto, el Ministerio de Transporte reforz\u00f3 los controles en rutas nacionales para prevenir, concientizar y reducir los siniestros viales. M\u00e1s de 345 mil personas se trasladar\u00e1n en micros, trenes y aviones para celebrar la llegada del A\u00f1o Nuevo, por lo que se reforzaron los controles en rutas nacionales para prevenir, concientizar y reducir [&hellip;]\" \/>\n<meta property=\"og:url\" content=\"https:\/\/cvinoticias.com\/v3\/mas-de-345-mil-personas-se-movilizaran-para-la-celebrar-ano-nuevo\/\" \/>\n<meta property=\"og:site_name\" content=\"CVI NOTICIAS\" \/>\n<meta property=\"article:publisher\" content=\"https:\/\/www.facebook.com\/cvinoticias\" \/>\n<meta property=\"article:published_time\" content=\"2022-12-31T13:27:21+00:00\" \/>\n<meta property=\"og:image\" content=\"https:\/\/cvinoticias.com\/wp-content\/uploads\/2022\/12\/TURISMO-VIAJE-696x391-1.jpg\" \/>\n\t<meta property=\"og:image:width\" content=\"696\" \/>\n\t<meta property=\"og:image:height\" content=\"391\" \/>\n\t<meta property=\"og:image:type\" content=\"image\/jpeg\" \/>\n<meta name=\"author\" content=\"f1000024\" \/>\n<meta name=\"twitter:card\" content=\"summary_large_image\" \/>\n<meta name=\"twitter:label1\" content=\"Escrito por\" \/>\n\t<meta name=\"twitter:data1\" content=\"f1000024\" \/>\n\t<meta name=\"twitter:label2\" content=\"Tiempo de lectura\" \/>\n\t<meta name=\"twitter:data2\" content=\"2 minutos\" \/>\n<script type=\"application\/ld+json\" class=\"yoast-schema-graph\">{\"@context\":\"https:\\\/\\\/schema.org\",\"@graph\":[{\"@type\":\"Article\",\"@id\":\"https:\\\/\\\/cvinoticias.com\\\/v3\\\/mas-de-345-mil-personas-se-movilizaran-para-la-celebrar-ano-nuevo\\\/#article\",\"isPartOf\":{\"@id\":\"https:\\\/\\\/cvinoticias.com\\\/v3\\\/mas-de-345-mil-personas-se-movilizaran-para-la-celebrar-ano-nuevo\\\/\"},\"author\":{\"name\":\"f1000024\",\"@id\":\"https:\\\/\\\/cvinoticias.com\\\/v3\\\/#\\\/schema\\\/person\\\/2db77e3c6bc03c538495d7b2b8be9b66\"},\"headline\":\"M\u00e1s de 345 mil personas se movilizar\u00e1n para la celebrar A\u00f1o Nuevo\",\"datePublished\":\"2022-12-31T13:27:21+00:00\",\"mainEntityOfPage\":{\"@id\":\"https:\\\/\\\/cvinoticias.com\\\/v3\\\/mas-de-345-mil-personas-se-movilizaran-para-la-celebrar-ano-nuevo\\\/\"},\"wordCount\":324,\"commentCount\":0,\"publisher\":{\"@id\":\"https:\\\/\\\/cvinoticias.com\\\/v3\\\/#organization\"},\"image\":{\"@id\":\"https:\\\/\\\/cvinoticias.com\\\/v3\\\/mas-de-345-mil-personas-se-movilizaran-para-la-celebrar-ano-nuevo\\\/#primaryimage\"},\"thumbnailUrl\":\"https:\\\/\\\/cvinoticias.com\\\/wp-content\\\/uploads\\\/2022\\\/12\\\/TURISMO-VIAJE-696x391-1.jpg\",\"articleSection\":[\"Turismo\"],\"inLanguage\":\"es\",\"potentialAction\":[{\"@type\":\"CommentAction\",\"name\":\"Comment\",\"target\":[\"https:\\\/\\\/cvinoticias.com\\\/v3\\\/mas-de-345-mil-personas-se-movilizaran-para-la-celebrar-ano-nuevo\\\/#respond\"]}]},{\"@type\":\"WebPage\",\"@id\":\"https:\\\/\\\/cvinoticias.com\\\/v3\\\/mas-de-345-mil-personas-se-movilizaran-para-la-celebrar-ano-nuevo\\\/\",\"url\":\"https:\\\/\\\/cvinoticias.com\\\/v3\\\/mas-de-345-mil-personas-se-movilizaran-para-la-celebrar-ano-nuevo\\\/\",\"name\":\"M\u00e1s de 345 mil personas se movilizar\u00e1n para la celebrar A\u00f1o Nuevo | CVI NOTICIAS\",\"isPartOf\":{\"@id\":\"https:\\\/\\\/cvinoticias.com\\\/v3\\\/#website\"},\"primaryImageOfPage\":{\"@id\":\"https:\\\/\\\/cvinoticias.com\\\/v3\\\/mas-de-345-mil-personas-se-movilizaran-para-la-celebrar-ano-nuevo\\\/#primaryimage\"},\"image\":{\"@id\":\"https:\\\/\\\/cvinoticias.com\\\/v3\\\/mas-de-345-mil-personas-se-movilizaran-para-la-celebrar-ano-nuevo\\\/#primaryimage\"},\"thumbnailUrl\":\"https:\\\/\\\/cvinoticias.com\\\/wp-content\\\/uploads\\\/2022\\\/12\\\/TURISMO-VIAJE-696x391-1.jpg\",\"datePublished\":\"2022-12-31T13:27:21+00:00\",\"breadcrumb\":{\"@id\":\"https:\\\/\\\/cvinoticias.com\\\/v3\\\/mas-de-345-mil-personas-se-movilizaran-para-la-celebrar-ano-nuevo\\\/#breadcrumb\"},\"inLanguage\":\"es\",\"potentialAction\":[{\"@type\":\"ReadAction\",\"target\":[\"https:\\\/\\\/cvinoticias.com\\\/v3\\\/mas-de-345-mil-personas-se-movilizaran-para-la-celebrar-ano-nuevo\\\/\"]}]},{\"@type\":\"ImageObject\",\"inLanguage\":\"es\",\"@id\":\"https:\\\/\\\/cvinoticias.com\\\/v3\\\/mas-de-345-mil-personas-se-movilizaran-para-la-celebrar-ano-nuevo\\\/#primaryimage\",\"url\":\"https:\\\/\\\/cvinoticias.com\\\/wp-content\\\/uploads\\\/2022\\\/12\\\/TURISMO-VIAJE-696x391-1.jpg\",\"contentUrl\":\"https:\\\/\\\/cvinoticias.com\\\/wp-content\\\/uploads\\\/2022\\\/12\\\/TURISMO-VIAJE-696x391-1.jpg\",\"width\":696,\"height\":391},{\"@type\":\"BreadcrumbList\",\"@id\":\"https:\\\/\\\/cvinoticias.com\\\/v3\\\/mas-de-345-mil-personas-se-movilizaran-para-la-celebrar-ano-nuevo\\\/#breadcrumb\",\"itemListElement\":[{\"@type\":\"ListItem\",\"position\":1,\"name\":\"Portada\",\"item\":\"https:\\\/\\\/cvinoticias.com\\\/v3\\\/\"},{\"@type\":\"ListItem\",\"position\":2,\"name\":\"M\u00e1s de 345 mil personas se movilizar\u00e1n para la celebrar A\u00f1o Nuevo\"}]},{\"@type\":\"WebSite\",\"@id\":\"https:\\\/\\\/cvinoticias.com\\\/v3\\\/#website\",\"url\":\"https:\\\/\\\/cvinoticias.com\\\/v3\\\/\",\"name\":\"CVI NOTICIAS\",\"description\":\"\",\"publisher\":{\"@id\":\"https:\\\/\\\/cvinoticias.com\\\/v3\\\/#organization\"},\"alternateName\":\"CVI\",\"potentialAction\":[{\"@type\":\"SearchAction\",\"target\":{\"@type\":\"EntryPoint\",\"urlTemplate\":\"https:\\\/\\\/cvinoticias.com\\\/v3\\\/?s={search_term_string}\"},\"query-input\":{\"@type\":\"PropertyValueSpecification\",\"valueRequired\":true,\"valueName\":\"search_term_string\"}}],\"inLanguage\":\"es\"},{\"@type\":\"Organization\",\"@id\":\"https:\\\/\\\/cvinoticias.com\\\/v3\\\/#organization\",\"name\":\"CVI NOTICIAS\",\"url\":\"https:\\\/\\\/cvinoticias.com\\\/v3\\\/\",\"logo\":{\"@type\":\"ImageObject\",\"inLanguage\":\"es\",\"@id\":\"https:\\\/\\\/cvinoticias.com\\\/v3\\\/#\\\/schema\\\/logo\\\/image\\\/\",\"url\":\"https:\\\/\\\/cvinoticias.com\\\/wp-content\\\/uploads\\\/2023\\\/04\\\/cropped-cropped-cropped-cropped-cropped-3-1.png\",\"contentUrl\":\"https:\\\/\\\/cvinoticias.com\\\/wp-content\\\/uploads\\\/2023\\\/04\\\/cropped-cropped-cropped-cropped-cropped-3-1.png\",\"width\":95,\"height\":122,\"caption\":\"CVI NOTICIAS\"},\"image\":{\"@id\":\"https:\\\/\\\/cvinoticias.com\\\/v3\\\/#\\\/schema\\\/logo\\\/image\\\/\"},\"sameAs\":[\"https:\\\/\\\/www.facebook.com\\\/cvinoticias\",\"https:\\\/\\\/www.instagram.com\\\/cvinoticias\\\/\",\"https:\\\/\\\/www.youtube.com\\\/@CVINOTICIAS\"]},{\"@type\":\"Person\",\"@id\":\"https:\\\/\\\/cvinoticias.com\\\/v3\\\/#\\\/schema\\\/person\\\/2db77e3c6bc03c538495d7b2b8be9b66\",\"name\":\"f1000024\",\"image\":{\"@type\":\"ImageObject\",\"inLanguage\":\"es\",\"@id\":\"https:\\\/\\\/secure.gravatar.com\\\/avatar\\\/d4fe7459cfc51ff5129ce1a732bbef5928568b8092d412ef95611616376bbeed?s=96&d=mm&r=g\",\"url\":\"https:\\\/\\\/secure.gravatar.com\\\/avatar\\\/d4fe7459cfc51ff5129ce1a732bbef5928568b8092d412ef95611616376bbeed?s=96&d=mm&r=g\",\"contentUrl\":\"https:\\\/\\\/secure.gravatar.com\\\/avatar\\\/d4fe7459cfc51ff5129ce1a732bbef5928568b8092d412ef95611616376bbeed?s=96&d=mm&r=g\",\"caption\":\"f1000024\"},\"url\":\"https:\\\/\\\/cvinoticias.com\\\/v3\\\/author\\\/f1000024\\\/\"}]}<\/script>\n<!-- \/ Yoast SEO plugin. -->","yoast_head_json":{"title":"M\u00e1s de 345 mil personas se movilizar\u00e1n para la celebrar A\u00f1o Nuevo | CVI NOTICIAS","robots":{"index":"index","follow":"follow","max-snippet":"max-snippet:-1","max-image-preview":"max-image-preview:large","max-video-preview":"max-video-preview:-1"},"canonical":"https:\/\/cvinoticias.com\/v3\/mas-de-345-mil-personas-se-movilizaran-para-la-celebrar-ano-nuevo\/","og_locale":"es_ES","og_type":"article","og_title":"M\u00e1s de 345 mil personas se movilizar\u00e1n para la celebrar A\u00f1o Nuevo | CVI NOTICIAS","og_description":"En este contexto, el Ministerio de Transporte reforz\u00f3 los controles en rutas nacionales para prevenir, concientizar y reducir los siniestros viales. M\u00e1s de 345 mil personas se trasladar\u00e1n en micros, trenes y aviones para celebrar la llegada del A\u00f1o Nuevo, por lo que se reforzaron los controles en rutas nacionales para prevenir, concientizar y reducir [&hellip;]","og_url":"https:\/\/cvinoticias.com\/v3\/mas-de-345-mil-personas-se-movilizaran-para-la-celebrar-ano-nuevo\/","og_site_name":"CVI NOTICIAS","article_publisher":"https:\/\/www.facebook.com\/cvinoticias","article_published_time":"2022-12-31T13:27:21+00:00","og_image":[{"width":696,"height":391,"url":"https:\/\/cvinoticias.com\/wp-content\/uploads\/2022\/12\/TURISMO-VIAJE-696x391-1.jpg","type":"image\/jpeg"}],"author":"f1000024","twitter_card":"summary_large_image","twitter_misc":{"Escrito por":"f1000024","Tiempo de lectura":"2 minutos"},"schema":{"@context":"https:\/\/schema.org","@graph":[{"@type":"Article","@id":"https:\/\/cvinoticias.com\/v3\/mas-de-345-mil-personas-se-movilizaran-para-la-celebrar-ano-nuevo\/#article","isPartOf":{"@id":"https:\/\/cvinoticias.com\/v3\/mas-de-345-mil-personas-se-movilizaran-para-la-celebrar-ano-nuevo\/"},"author":{"name":"f1000024","@id":"https:\/\/cvinoticias.com\/v3\/#\/schema\/person\/2db77e3c6bc03c538495d7b2b8be9b66"},"headline":"M\u00e1s de 345 mil personas se movilizar\u00e1n para la celebrar A\u00f1o Nuevo","datePublished":"2022-12-31T13:27:21+00:00","mainEntityOfPage":{"@id":"https:\/\/cvinoticias.com\/v3\/mas-de-345-mil-personas-se-movilizaran-para-la-celebrar-ano-nuevo\/"},"wordCount":324,"commentCount":0,"publisher":{"@id":"https:\/\/cvinoticias.com\/v3\/#organization"},"image":{"@id":"https:\/\/cvinoticias.com\/v3\/mas-de-345-mil-personas-se-movilizaran-para-la-celebrar-ano-nuevo\/#primaryimage"},"thumbnailUrl":"https:\/\/cvinoticias.com\/wp-content\/uploads\/2022\/12\/TURISMO-VIAJE-696x391-1.jpg","articleSection":["Turismo"],"inLanguage":"es","potentialAction":[{"@type":"CommentAction","name":"Comment","target":["https:\/\/cvinoticias.com\/v3\/mas-de-345-mil-personas-se-movilizaran-para-la-celebrar-ano-nuevo\/#respond"]}]},{"@type":"WebPage","@id":"https:\/\/cvinoticias.com\/v3\/mas-de-345-mil-personas-se-movilizaran-para-la-celebrar-ano-nuevo\/","url":"https:\/\/cvinoticias.com\/v3\/mas-de-345-mil-personas-se-movilizaran-para-la-celebrar-ano-nuevo\/","name":"M\u00e1s de 345 mil personas se movilizar\u00e1n para la celebrar A\u00f1o Nuevo | CVI NOTICIAS","isPartOf":{"@id":"https:\/\/cvinoticias.com\/v3\/#website"},"primaryImageOfPage":{"@id":"https:\/\/cvinoticias.com\/v3\/mas-de-345-mil-personas-se-movilizaran-para-la-celebrar-ano-nuevo\/#primaryimage"},"image":{"@id":"https:\/\/cvinoticias.com\/v3\/mas-de-345-mil-personas-se-movilizaran-para-la-celebrar-ano-nuevo\/#primaryimage"},"thumbnailUrl":"https:\/\/cvinoticias.com\/wp-content\/uploads\/2022\/12\/TURISMO-VIAJE-696x391-1.jpg","datePublished":"2022-12-31T13:27:21+00:00","breadcrumb":{"@id":"https:\/\/cvinoticias.com\/v3\/mas-de-345-mil-personas-se-movilizaran-para-la-celebrar-ano-nuevo\/#breadcrumb"},"inLanguage":"es","potentialAction":[{"@type":"ReadAction","target":["https:\/\/cvinoticias.com\/v3\/mas-de-345-mil-personas-se-movilizaran-para-la-celebrar-ano-nuevo\/"]}]},{"@type":"ImageObject","inLanguage":"es","@id":"https:\/\/cvinoticias.com\/v3\/mas-de-345-mil-personas-se-movilizaran-para-la-celebrar-ano-nuevo\/#primaryimage","url":"https:\/\/cvinoticias.com\/wp-content\/uploads\/2022\/12\/TURISMO-VIAJE-696x391-1.jpg","contentUrl":"https:\/\/cvinoticias.com\/wp-content\/uploads\/2022\/12\/TURISMO-VIAJE-696x391-1.jpg","width":696,"height":391},{"@type":"BreadcrumbList","@id":"https:\/\/cvinoticias.com\/v3\/mas-de-345-mil-personas-se-movilizaran-para-la-celebrar-ano-nuevo\/#breadcrumb","itemListElement":[{"@type":"ListItem","position":1,"name":"Portada","item":"https:\/\/cvinoticias.com\/v3\/"},{"@type":"ListItem","position":2,"name":"M\u00e1s de 345 mil personas se movilizar\u00e1n para la celebrar A\u00f1o Nuevo"}]},{"@type":"WebSite","@id":"https:\/\/cvinoticias.com\/v3\/#website","url":"https:\/\/cvinoticias.com\/v3\/","name":"CVI NOTICIAS","description":"","publisher":{"@id":"https:\/\/cvinoticias.com\/v3\/#organization"},"alternateName":"CVI","potentialAction":[{"@type":"SearchAction","target":{"@type":"EntryPoint","urlTemplate":"https:\/\/cvinoticias.com\/v3\/?s={search_term_string}"},"query-input":{"@type":"PropertyValueSpecification","valueRequired":true,"valueName":"search_term_string"}}],"inLanguage":"es"},{"@type":"Organization","@id":"https:\/\/cvinoticias.com\/v3\/#organization","name":"CVI NOTICIAS","url":"https:\/\/cvinoticias.com\/v3\/","logo":{"@type":"ImageObject","inLanguage":"es","@id":"https:\/\/cvinoticias.com\/v3\/#\/schema\/logo\/image\/","url":"https:\/\/cvinoticias.com\/wp-content\/uploads\/2023\/04\/cropped-cropped-cropped-cropped-cropped-3-1.png","contentUrl":"https:\/\/cvinoticias.com\/wp-content\/uploads\/2023\/04\/cropped-cropped-cropped-cropped-cropped-3-1.png","width":95,"height":122,"caption":"CVI NOTICIAS"},"image":{"@id":"https:\/\/cvinoticias.com\/v3\/#\/schema\/logo\/image\/"},"sameAs":["https:\/\/www.facebook.com\/cvinoticias","https:\/\/www.instagram.com\/cvinoticias\/","https:\/\/www.youtube.com\/@CVINOTICIAS"]},{"@type":"Person","@id":"https:\/\/cvinoticias.com\/v3\/#\/schema\/person\/2db77e3c6bc03c538495d7b2b8be9b66","name":"f1000024","image":{"@type":"ImageObject","inLanguage":"es","@id":"https:\/\/secure.gravatar.com\/avatar\/d4fe7459cfc51ff5129ce1a732bbef5928568b8092d412ef95611616376bbeed?s=96&d=mm&r=g","url":"https:\/\/secure.gravatar.com\/avatar\/d4fe7459cfc51ff5129ce1a732bbef5928568b8092d412ef95611616376bbeed?s=96&d=mm&r=g","contentUrl":"https:\/\/secure.gravatar.com\/avatar\/d4fe7459cfc51ff5129ce1a732bbef5928568b8092d412ef95611616376bbeed?s=96&d=mm&r=g","caption":"f1000024"},"url":"https:\/\/cvinoticias.com\/v3\/author\/f1000024\/"}]}},"_links":{"self":[{"href":"https:\/\/cvinoticias.com\/v3\/wp-json\/wp\/v2\/posts\/21505","targetHints":{"allow":["GET"]}}],"collection":[{"href":"https:\/\/cvinoticias.com\/v3\/wp-json\/wp\/v2\/posts"}],"about":[{"href":"https:\/\/cvinoticias.com\/v3\/wp-json\/wp\/v2\/types\/post"}],"author":[{"embeddable":true,"href":"https:\/\/cvinoticias.com\/v3\/wp-json\/wp\/v2\/users\/2"}],"replies":[{"embeddable":true,"href":"https:\/\/cvinoticias.com\/v3\/wp-json\/wp\/v2\/comments?post=21505"}],"version-history":[{"count":1,"href":"https:\/\/cvinoticias.com\/v3\/wp-json\/wp\/v2\/posts\/21505\/revisions"}],"predecessor-version":[{"id":21507,"href":"https:\/\/cvinoticias.com\/v3\/wp-json\/wp\/v2\/posts\/21505\/revisions\/21507"}],"wp:featuredmedia":[{"embeddable":true,"href":"https:\/\/cvinoticias.com\/v3\/wp-json\/wp\/v2\/media\/21506"}],"wp:attachment":[{"href":"https:\/\/cvinoticias.com\/v3\/wp-json\/wp\/v2\/media?parent=21505"}],"wp:term":[{"taxonomy":"category","embeddable":true,"href":"https:\/\/cvinoticias.com\/v3\/wp-json\/wp\/v2\/categories?post=21505"},{"taxonomy":"post_tag","embeddable":true,"href":"https:\/\/cvinoticias.com\/v3\/wp-json\/wp\/v2\/tags?post=21505"}],"curies":[{"name":"wp","href":"https:\/\/api.w.org\/{rel}","templated":true}]}}