{"id":21488,"date":"2022-12-30T13:13:47","date_gmt":"2022-12-30T13:13:47","guid":{"rendered":"https:\/\/cvinoticias.com\/v3\/?p=21488"},"modified":"2022-12-30T13:13:47","modified_gmt":"2022-12-30T13:13:47","slug":"monotributo-a-partir-de-enero-los-montos-para-la-recategorizacion-y-los-aumentos","status":"publish","type":"post","link":"https:\/\/cvinoticias.com\/v3\/monotributo-a-partir-de-enero-los-montos-para-la-recategorizacion-y-los-aumentos\/","title":{"rendered":"Monotributo a partir de enero: los montos para la recategorizaci\u00f3n y los aumentos"},"content":{"rendered":"\n<h2 class=\"wp-block-heading\">La Afip\u00a0puso a disposici\u00f3n de los usuarios los nuevos par\u00e1metros para cada categor\u00eda y los valores de pagos mensuales a abonar a partir del 1\u00b0 de enero<\/h2>\n\n\n\n<p>La Administraci\u00f3n Federal de Ingresos P\u00fablicos (Afip) public\u00f3 las tablas con los par\u00e1metros actualizados de las categor\u00edas de monotributo vigentes desde el 1\u00b0 de enero del 2023. Se actualizaron tanto los par\u00e1metros de encuadre para la categorizaci\u00f3n como los valores a abonar mensualmente para cada categor\u00eda.<\/p>\n\n\n\n<p>Esta tabla es la que se deber\u00e1 tener en cuenta para la pr\u00f3xima recategorizaci\u00f3n con vencimiento en el mes de enero 2023, donde habr\u00e1 que comparar las ventas del a\u00f1o calendario 2022 contra estos valores y encuadrarlo en la categor\u00eda que corresponda de acuerdo con los par\u00e1metros a evaluar. Los l\u00edmites de facturaci\u00f3n para locaci\u00f3n y prestaciones de servicios quedan establecidos en $5.650.236,51 (categor\u00eda H) luego teniendo que pasar al R\u00e9gimen General y para venta de cosas muebles es de $8.040.721,19 (categor\u00eda K).<\/p>\n\n\n\n<p>En tanto, el precio unitario m\u00e1ximo para venta de cosas muebles a partir de enero ser\u00e1 de $85.627,66 (lo que equivale a un aumento del 72%).<\/p>\n\n\n\n<figure class=\"wp-block-image size-large\"><a href=\"https:\/\/cvinoticias.com\/wp-content\/uploads\/2022\/12\/Screenshot_20221230-101008_Facebook.jpg\"><img decoding=\"async\" width=\"1024\" height=\"582\" data-src=\"https:\/\/cvinoticias.com\/wp-content\/uploads\/2022\/12\/Screenshot_20221230-101008_Facebook-1024x582.jpg\" alt=\"\" class=\"wp-image-21489 lazyload\" data-srcset=\"https:\/\/cvinoticias.com\/wp-content\/uploads\/2022\/12\/Screenshot_20221230-101008_Facebook-1024x582.jpg 1024w, https:\/\/cvinoticias.com\/wp-content\/uploads\/2022\/12\/Screenshot_20221230-101008_Facebook-300x171.jpg 300w, https:\/\/cvinoticias.com\/wp-content\/uploads\/2022\/12\/Screenshot_20221230-101008_Facebook-768x437.jpg 768w, https:\/\/cvinoticias.com\/wp-content\/uploads\/2022\/12\/Screenshot_20221230-101008_Facebook.jpg 1080w\" data-sizes=\"(max-width: 1024px) 100vw, 1024px\" src=\"data:image\/svg+xml;base64,PHN2ZyB3aWR0aD0iMSIgaGVpZ2h0PSIxIiB4bWxucz0iaHR0cDovL3d3dy53My5vcmcvMjAwMC9zdmciPjwvc3ZnPg==\" style=\"--smush-placeholder-width: 1024px; --smush-placeholder-aspect-ratio: 1024\/582;\" \/><\/a><\/figure>\n\n\n\n<p>Vale destacar que la suba anual del l\u00edmite de facturaci\u00f3n fue m\u00e1s alta que la inflaci\u00f3n solo en las categor\u00edas m\u00e1s bajas (A, B y C), las que habr\u00e1n mantenido los limites en t\u00e9rminos reales, o habr\u00edan tenido alguna mejora, al comparara esas variaciones de 114,39% contra la inflaci\u00f3n con que cerrar\u00e1 el 2022.Para el resto de las categor\u00edas, es marcada la inequidad en el sentido que tienen un ajuste de la facturaci\u00f3n de 72,44% o 93,42% anual (solo en el caso de la D) contra una inflaci\u00f3n que finalizar\u00e1 en el mejor de los casos en torno al 95%.<\/p>\n\n\n\n<p>Esto se traduce en m\u00e1s de 25 puntos porcentuales de diferencia que har\u00e1 que contribuyentes suban de categor\u00eda por el mero efecto inflacionario, cuando en t\u00e9rminos reales no tuvieron una mejora. Una mayor presi\u00f3n fiscal por efectos de la inflaci\u00f3n y no actualizar al mismo ritmo los l\u00edmites. Mayor recaudaci\u00f3n para la Afip.<\/p>\n\n\n\n<h2 class=\"wp-block-heading\">Actualizacion de cuotas del monotributo<\/h2>\n\n\n\n<p><strong>En cuanto a los montos a pagar por los contribuyentes,&nbsp;la categor\u00eda A comenzar\u00e1 a abonar $ 5.750,75 -por mes lo que significa un incremento del 72,48% anual.<\/strong><\/p>\n\n\n\n<p><strong>En el otro extremo,&nbsp;la categor\u00eda H (m\u00e1xima para servicios) abonar\u00e1n $ 31.347,16 mensualmente&nbsp;(resultando un aumento del 94,53%) y para la categor\u00eda K (la m\u00e1s alta de venta de bienes) se estipul\u00f3 un monto de $ 50.717,92 por mes (equivalente a un 102,14%).<\/strong><\/p>\n\n\n\n<p>Estos aumentos tambi\u00e9n son producto del cambio que incluy\u00f3 el Presupuesto 2023\u00a0con la progresividad de los aportes de la Obra Social. Dado que se cambi\u00f3 lo que era un aporte de una suma fija igual para todas las categor\u00edas por un pago progresivo acorde a cada nivel de facturaci\u00f3n.<\/p>\n\n\n\n<p>Este incremento vino a saldar un reclamo hist\u00f3rico de las prestadoras dado lo poco que aportaban los monotributistas y que las obras sociales atend\u00edan a perdida, desfinanciando el sistema. De esta forma se busca evitar que se d\u00e9 la situaci\u00f3n que muchos monotributistas han denunciado: las obras sociales del listado del Programa Medico Obligatorio (PMO), rechazan o dificultan la inscripci\u00f3n a los monotributistas que quieran atenderse en sus dependencias, por m\u00e1s que est\u00e9 prohibido.<\/p>\n","protected":false},"excerpt":{"rendered":"<p>La Afip\u00a0puso a disposici\u00f3n de los usuarios los nuevos par\u00e1metros para cada categor\u00eda y los valores de pagos mensuales a abonar a partir del 1\u00b0 de enero La Administraci\u00f3n Federal de Ingresos P\u00fablicos (Afip) public\u00f3 las tablas con los par\u00e1metros actualizados de las categor\u00edas de monotributo vigentes desde el 1\u00b0 de enero del 2023. Se [&hellip;]<\/p>\n","protected":false},"author":2,"featured_media":21490,"comment_status":"open","ping_status":"open","sticky":false,"template":"","format":"standard","meta":{"footnotes":""},"categories":[32],"tags":[],"class_list":["post-21488","post","type-post","status-publish","format-standard","has-post-thumbnail","hentry","category-economia"],"yoast_head":"<!-- This site is optimized with the Yoast SEO plugin v27.5 - https:\/\/yoast.com\/product\/yoast-seo-wordpress\/ -->\n<title>Monotributo a partir de enero: los montos para la recategorizaci\u00f3n y los aumentos | CVI NOTICIAS<\/title>\n<meta name=\"robots\" content=\"index, follow, max-snippet:-1, max-image-preview:large, max-video-preview:-1\" \/>\n<link rel=\"canonical\" href=\"https:\/\/cvinoticias.com\/v3\/monotributo-a-partir-de-enero-los-montos-para-la-recategorizacion-y-los-aumentos\/\" \/>\n<meta property=\"og:locale\" content=\"es_ES\" \/>\n<meta property=\"og:type\" content=\"article\" \/>\n<meta property=\"og:title\" content=\"Monotributo a partir de enero: los montos para la recategorizaci\u00f3n y los aumentos | CVI NOTICIAS\" \/>\n<meta property=\"og:description\" content=\"La Afip\u00a0puso a disposici\u00f3n de los usuarios los nuevos par\u00e1metros para cada categor\u00eda y los valores de pagos mensuales a abonar a partir del 1\u00b0 de enero La Administraci\u00f3n Federal de Ingresos P\u00fablicos (Afip) public\u00f3 las tablas con los par\u00e1metros actualizados de las categor\u00edas de monotributo vigentes desde el 1\u00b0 de enero del 2023. Se [&hellip;]\" \/>\n<meta property=\"og:url\" content=\"https:\/\/cvinoticias.com\/v3\/monotributo-a-partir-de-enero-los-montos-para-la-recategorizacion-y-los-aumentos\/\" \/>\n<meta property=\"og:site_name\" content=\"CVI NOTICIAS\" \/>\n<meta property=\"article:publisher\" content=\"https:\/\/www.facebook.com\/cvinoticias\" \/>\n<meta property=\"article:published_time\" content=\"2022-12-30T13:13:47+00:00\" \/>\n<meta property=\"og:image\" content=\"https:\/\/cvinoticias.com\/wp-content\/uploads\/2022\/12\/Screenshot_20221230-101115_Facebook.jpg\" \/>\n\t<meta property=\"og:image:width\" content=\"1080\" \/>\n\t<meta property=\"og:image:height\" content=\"606\" \/>\n\t<meta property=\"og:image:type\" content=\"image\/jpeg\" \/>\n<meta name=\"author\" content=\"f1000024\" \/>\n<meta name=\"twitter:card\" content=\"summary_large_image\" \/>\n<meta name=\"twitter:label1\" content=\"Escrito por\" \/>\n\t<meta name=\"twitter:data1\" content=\"f1000024\" \/>\n\t<meta name=\"twitter:label2\" content=\"Tiempo de lectura\" \/>\n\t<meta name=\"twitter:data2\" content=\"3 minutos\" \/>\n<script type=\"application\/ld+json\" class=\"yoast-schema-graph\">{\"@context\":\"https:\\\/\\\/schema.org\",\"@graph\":[{\"@type\":\"Article\",\"@id\":\"https:\\\/\\\/cvinoticias.com\\\/v3\\\/monotributo-a-partir-de-enero-los-montos-para-la-recategorizacion-y-los-aumentos\\\/#article\",\"isPartOf\":{\"@id\":\"https:\\\/\\\/cvinoticias.com\\\/v3\\\/monotributo-a-partir-de-enero-los-montos-para-la-recategorizacion-y-los-aumentos\\\/\"},\"author\":{\"name\":\"f1000024\",\"@id\":\"https:\\\/\\\/cvinoticias.com\\\/v3\\\/#\\\/schema\\\/person\\\/2db77e3c6bc03c538495d7b2b8be9b66\"},\"headline\":\"Monotributo a partir de enero: los montos para la recategorizaci\u00f3n y los aumentos\",\"datePublished\":\"2022-12-30T13:13:47+00:00\",\"mainEntityOfPage\":{\"@id\":\"https:\\\/\\\/cvinoticias.com\\\/v3\\\/monotributo-a-partir-de-enero-los-montos-para-la-recategorizacion-y-los-aumentos\\\/\"},\"wordCount\":586,\"commentCount\":0,\"publisher\":{\"@id\":\"https:\\\/\\\/cvinoticias.com\\\/v3\\\/#organization\"},\"image\":{\"@id\":\"https:\\\/\\\/cvinoticias.com\\\/v3\\\/monotributo-a-partir-de-enero-los-montos-para-la-recategorizacion-y-los-aumentos\\\/#primaryimage\"},\"thumbnailUrl\":\"https:\\\/\\\/cvinoticias.com\\\/wp-content\\\/uploads\\\/2022\\\/12\\\/Screenshot_20221230-101115_Facebook.jpg\",\"articleSection\":[\"Econom\u00eda\"],\"inLanguage\":\"es\",\"potentialAction\":[{\"@type\":\"CommentAction\",\"name\":\"Comment\",\"target\":[\"https:\\\/\\\/cvinoticias.com\\\/v3\\\/monotributo-a-partir-de-enero-los-montos-para-la-recategorizacion-y-los-aumentos\\\/#respond\"]}]},{\"@type\":\"WebPage\",\"@id\":\"https:\\\/\\\/cvinoticias.com\\\/v3\\\/monotributo-a-partir-de-enero-los-montos-para-la-recategorizacion-y-los-aumentos\\\/\",\"url\":\"https:\\\/\\\/cvinoticias.com\\\/v3\\\/monotributo-a-partir-de-enero-los-montos-para-la-recategorizacion-y-los-aumentos\\\/\",\"name\":\"Monotributo a partir de enero: los montos para la recategorizaci\u00f3n y los aumentos | CVI NOTICIAS\",\"isPartOf\":{\"@id\":\"https:\\\/\\\/cvinoticias.com\\\/v3\\\/#website\"},\"primaryImageOfPage\":{\"@id\":\"https:\\\/\\\/cvinoticias.com\\\/v3\\\/monotributo-a-partir-de-enero-los-montos-para-la-recategorizacion-y-los-aumentos\\\/#primaryimage\"},\"image\":{\"@id\":\"https:\\\/\\\/cvinoticias.com\\\/v3\\\/monotributo-a-partir-de-enero-los-montos-para-la-recategorizacion-y-los-aumentos\\\/#primaryimage\"},\"thumbnailUrl\":\"https:\\\/\\\/cvinoticias.com\\\/wp-content\\\/uploads\\\/2022\\\/12\\\/Screenshot_20221230-101115_Facebook.jpg\",\"datePublished\":\"2022-12-30T13:13:47+00:00\",\"breadcrumb\":{\"@id\":\"https:\\\/\\\/cvinoticias.com\\\/v3\\\/monotributo-a-partir-de-enero-los-montos-para-la-recategorizacion-y-los-aumentos\\\/#breadcrumb\"},\"inLanguage\":\"es\",\"potentialAction\":[{\"@type\":\"ReadAction\",\"target\":[\"https:\\\/\\\/cvinoticias.com\\\/v3\\\/monotributo-a-partir-de-enero-los-montos-para-la-recategorizacion-y-los-aumentos\\\/\"]}]},{\"@type\":\"ImageObject\",\"inLanguage\":\"es\",\"@id\":\"https:\\\/\\\/cvinoticias.com\\\/v3\\\/monotributo-a-partir-de-enero-los-montos-para-la-recategorizacion-y-los-aumentos\\\/#primaryimage\",\"url\":\"https:\\\/\\\/cvinoticias.com\\\/wp-content\\\/uploads\\\/2022\\\/12\\\/Screenshot_20221230-101115_Facebook.jpg\",\"contentUrl\":\"https:\\\/\\\/cvinoticias.com\\\/wp-content\\\/uploads\\\/2022\\\/12\\\/Screenshot_20221230-101115_Facebook.jpg\",\"width\":1080,\"height\":606},{\"@type\":\"BreadcrumbList\",\"@id\":\"https:\\\/\\\/cvinoticias.com\\\/v3\\\/monotributo-a-partir-de-enero-los-montos-para-la-recategorizacion-y-los-aumentos\\\/#breadcrumb\",\"itemListElement\":[{\"@type\":\"ListItem\",\"position\":1,\"name\":\"Portada\",\"item\":\"https:\\\/\\\/cvinoticias.com\\\/v3\\\/\"},{\"@type\":\"ListItem\",\"position\":2,\"name\":\"Monotributo a partir de enero: los montos para la recategorizaci\u00f3n y los aumentos\"}]},{\"@type\":\"WebSite\",\"@id\":\"https:\\\/\\\/cvinoticias.com\\\/v3\\\/#website\",\"url\":\"https:\\\/\\\/cvinoticias.com\\\/v3\\\/\",\"name\":\"CVI NOTICIAS\",\"description\":\"\",\"publisher\":{\"@id\":\"https:\\\/\\\/cvinoticias.com\\\/v3\\\/#organization\"},\"alternateName\":\"CVI\",\"potentialAction\":[{\"@type\":\"SearchAction\",\"target\":{\"@type\":\"EntryPoint\",\"urlTemplate\":\"https:\\\/\\\/cvinoticias.com\\\/v3\\\/?s={search_term_string}\"},\"query-input\":{\"@type\":\"PropertyValueSpecification\",\"valueRequired\":true,\"valueName\":\"search_term_string\"}}],\"inLanguage\":\"es\"},{\"@type\":\"Organization\",\"@id\":\"https:\\\/\\\/cvinoticias.com\\\/v3\\\/#organization\",\"name\":\"CVI NOTICIAS\",\"url\":\"https:\\\/\\\/cvinoticias.com\\\/v3\\\/\",\"logo\":{\"@type\":\"ImageObject\",\"inLanguage\":\"es\",\"@id\":\"https:\\\/\\\/cvinoticias.com\\\/v3\\\/#\\\/schema\\\/logo\\\/image\\\/\",\"url\":\"https:\\\/\\\/cvinoticias.com\\\/wp-content\\\/uploads\\\/2023\\\/04\\\/cropped-cropped-cropped-cropped-cropped-3-1.png\",\"contentUrl\":\"https:\\\/\\\/cvinoticias.com\\\/wp-content\\\/uploads\\\/2023\\\/04\\\/cropped-cropped-cropped-cropped-cropped-3-1.png\",\"width\":95,\"height\":122,\"caption\":\"CVI NOTICIAS\"},\"image\":{\"@id\":\"https:\\\/\\\/cvinoticias.com\\\/v3\\\/#\\\/schema\\\/logo\\\/image\\\/\"},\"sameAs\":[\"https:\\\/\\\/www.facebook.com\\\/cvinoticias\",\"https:\\\/\\\/www.instagram.com\\\/cvinoticias\\\/\",\"https:\\\/\\\/www.youtube.com\\\/@CVINOTICIAS\"]},{\"@type\":\"Person\",\"@id\":\"https:\\\/\\\/cvinoticias.com\\\/v3\\\/#\\\/schema\\\/person\\\/2db77e3c6bc03c538495d7b2b8be9b66\",\"name\":\"f1000024\",\"image\":{\"@type\":\"ImageObject\",\"inLanguage\":\"es\",\"@id\":\"https:\\\/\\\/secure.gravatar.com\\\/avatar\\\/d4fe7459cfc51ff5129ce1a732bbef5928568b8092d412ef95611616376bbeed?s=96&d=mm&r=g\",\"url\":\"https:\\\/\\\/secure.gravatar.com\\\/avatar\\\/d4fe7459cfc51ff5129ce1a732bbef5928568b8092d412ef95611616376bbeed?s=96&d=mm&r=g\",\"contentUrl\":\"https:\\\/\\\/secure.gravatar.com\\\/avatar\\\/d4fe7459cfc51ff5129ce1a732bbef5928568b8092d412ef95611616376bbeed?s=96&d=mm&r=g\",\"caption\":\"f1000024\"},\"url\":\"https:\\\/\\\/cvinoticias.com\\\/v3\\\/author\\\/f1000024\\\/\"}]}<\/script>\n<!-- \/ Yoast SEO plugin. -->","yoast_head_json":{"title":"Monotributo a partir de enero: los montos para la recategorizaci\u00f3n y los aumentos | CVI NOTICIAS","robots":{"index":"index","follow":"follow","max-snippet":"max-snippet:-1","max-image-preview":"max-image-preview:large","max-video-preview":"max-video-preview:-1"},"canonical":"https:\/\/cvinoticias.com\/v3\/monotributo-a-partir-de-enero-los-montos-para-la-recategorizacion-y-los-aumentos\/","og_locale":"es_ES","og_type":"article","og_title":"Monotributo a partir de enero: los montos para la recategorizaci\u00f3n y los aumentos | CVI NOTICIAS","og_description":"La Afip\u00a0puso a disposici\u00f3n de los usuarios los nuevos par\u00e1metros para cada categor\u00eda y los valores de pagos mensuales a abonar a partir del 1\u00b0 de enero La Administraci\u00f3n Federal de Ingresos P\u00fablicos (Afip) public\u00f3 las tablas con los par\u00e1metros actualizados de las categor\u00edas de monotributo vigentes desde el 1\u00b0 de enero del 2023. Se [&hellip;]","og_url":"https:\/\/cvinoticias.com\/v3\/monotributo-a-partir-de-enero-los-montos-para-la-recategorizacion-y-los-aumentos\/","og_site_name":"CVI NOTICIAS","article_publisher":"https:\/\/www.facebook.com\/cvinoticias","article_published_time":"2022-12-30T13:13:47+00:00","og_image":[{"width":1080,"height":606,"url":"https:\/\/cvinoticias.com\/wp-content\/uploads\/2022\/12\/Screenshot_20221230-101115_Facebook.jpg","type":"image\/jpeg"}],"author":"f1000024","twitter_card":"summary_large_image","twitter_misc":{"Escrito por":"f1000024","Tiempo de lectura":"3 minutos"},"schema":{"@context":"https:\/\/schema.org","@graph":[{"@type":"Article","@id":"https:\/\/cvinoticias.com\/v3\/monotributo-a-partir-de-enero-los-montos-para-la-recategorizacion-y-los-aumentos\/#article","isPartOf":{"@id":"https:\/\/cvinoticias.com\/v3\/monotributo-a-partir-de-enero-los-montos-para-la-recategorizacion-y-los-aumentos\/"},"author":{"name":"f1000024","@id":"https:\/\/cvinoticias.com\/v3\/#\/schema\/person\/2db77e3c6bc03c538495d7b2b8be9b66"},"headline":"Monotributo a partir de enero: los montos para la recategorizaci\u00f3n y los aumentos","datePublished":"2022-12-30T13:13:47+00:00","mainEntityOfPage":{"@id":"https:\/\/cvinoticias.com\/v3\/monotributo-a-partir-de-enero-los-montos-para-la-recategorizacion-y-los-aumentos\/"},"wordCount":586,"commentCount":0,"publisher":{"@id":"https:\/\/cvinoticias.com\/v3\/#organization"},"image":{"@id":"https:\/\/cvinoticias.com\/v3\/monotributo-a-partir-de-enero-los-montos-para-la-recategorizacion-y-los-aumentos\/#primaryimage"},"thumbnailUrl":"https:\/\/cvinoticias.com\/wp-content\/uploads\/2022\/12\/Screenshot_20221230-101115_Facebook.jpg","articleSection":["Econom\u00eda"],"inLanguage":"es","potentialAction":[{"@type":"CommentAction","name":"Comment","target":["https:\/\/cvinoticias.com\/v3\/monotributo-a-partir-de-enero-los-montos-para-la-recategorizacion-y-los-aumentos\/#respond"]}]},{"@type":"WebPage","@id":"https:\/\/cvinoticias.com\/v3\/monotributo-a-partir-de-enero-los-montos-para-la-recategorizacion-y-los-aumentos\/","url":"https:\/\/cvinoticias.com\/v3\/monotributo-a-partir-de-enero-los-montos-para-la-recategorizacion-y-los-aumentos\/","name":"Monotributo a partir de enero: los montos para la recategorizaci\u00f3n y los aumentos | CVI NOTICIAS","isPartOf":{"@id":"https:\/\/cvinoticias.com\/v3\/#website"},"primaryImageOfPage":{"@id":"https:\/\/cvinoticias.com\/v3\/monotributo-a-partir-de-enero-los-montos-para-la-recategorizacion-y-los-aumentos\/#primaryimage"},"image":{"@id":"https:\/\/cvinoticias.com\/v3\/monotributo-a-partir-de-enero-los-montos-para-la-recategorizacion-y-los-aumentos\/#primaryimage"},"thumbnailUrl":"https:\/\/cvinoticias.com\/wp-content\/uploads\/2022\/12\/Screenshot_20221230-101115_Facebook.jpg","datePublished":"2022-12-30T13:13:47+00:00","breadcrumb":{"@id":"https:\/\/cvinoticias.com\/v3\/monotributo-a-partir-de-enero-los-montos-para-la-recategorizacion-y-los-aumentos\/#breadcrumb"},"inLanguage":"es","potentialAction":[{"@type":"ReadAction","target":["https:\/\/cvinoticias.com\/v3\/monotributo-a-partir-de-enero-los-montos-para-la-recategorizacion-y-los-aumentos\/"]}]},{"@type":"ImageObject","inLanguage":"es","@id":"https:\/\/cvinoticias.com\/v3\/monotributo-a-partir-de-enero-los-montos-para-la-recategorizacion-y-los-aumentos\/#primaryimage","url":"https:\/\/cvinoticias.com\/wp-content\/uploads\/2022\/12\/Screenshot_20221230-101115_Facebook.jpg","contentUrl":"https:\/\/cvinoticias.com\/wp-content\/uploads\/2022\/12\/Screenshot_20221230-101115_Facebook.jpg","width":1080,"height":606},{"@type":"BreadcrumbList","@id":"https:\/\/cvinoticias.com\/v3\/monotributo-a-partir-de-enero-los-montos-para-la-recategorizacion-y-los-aumentos\/#breadcrumb","itemListElement":[{"@type":"ListItem","position":1,"name":"Portada","item":"https:\/\/cvinoticias.com\/v3\/"},{"@type":"ListItem","position":2,"name":"Monotributo a partir de enero: los montos para la recategorizaci\u00f3n y los aumentos"}]},{"@type":"WebSite","@id":"https:\/\/cvinoticias.com\/v3\/#website","url":"https:\/\/cvinoticias.com\/v3\/","name":"CVI NOTICIAS","description":"","publisher":{"@id":"https:\/\/cvinoticias.com\/v3\/#organization"},"alternateName":"CVI","potentialAction":[{"@type":"SearchAction","target":{"@type":"EntryPoint","urlTemplate":"https:\/\/cvinoticias.com\/v3\/?s={search_term_string}"},"query-input":{"@type":"PropertyValueSpecification","valueRequired":true,"valueName":"search_term_string"}}],"inLanguage":"es"},{"@type":"Organization","@id":"https:\/\/cvinoticias.com\/v3\/#organization","name":"CVI NOTICIAS","url":"https:\/\/cvinoticias.com\/v3\/","logo":{"@type":"ImageObject","inLanguage":"es","@id":"https:\/\/cvinoticias.com\/v3\/#\/schema\/logo\/image\/","url":"https:\/\/cvinoticias.com\/wp-content\/uploads\/2023\/04\/cropped-cropped-cropped-cropped-cropped-3-1.png","contentUrl":"https:\/\/cvinoticias.com\/wp-content\/uploads\/2023\/04\/cropped-cropped-cropped-cropped-cropped-3-1.png","width":95,"height":122,"caption":"CVI NOTICIAS"},"image":{"@id":"https:\/\/cvinoticias.com\/v3\/#\/schema\/logo\/image\/"},"sameAs":["https:\/\/www.facebook.com\/cvinoticias","https:\/\/www.instagram.com\/cvinoticias\/","https:\/\/www.youtube.com\/@CVINOTICIAS"]},{"@type":"Person","@id":"https:\/\/cvinoticias.com\/v3\/#\/schema\/person\/2db77e3c6bc03c538495d7b2b8be9b66","name":"f1000024","image":{"@type":"ImageObject","inLanguage":"es","@id":"https:\/\/secure.gravatar.com\/avatar\/d4fe7459cfc51ff5129ce1a732bbef5928568b8092d412ef95611616376bbeed?s=96&d=mm&r=g","url":"https:\/\/secure.gravatar.com\/avatar\/d4fe7459cfc51ff5129ce1a732bbef5928568b8092d412ef95611616376bbeed?s=96&d=mm&r=g","contentUrl":"https:\/\/secure.gravatar.com\/avatar\/d4fe7459cfc51ff5129ce1a732bbef5928568b8092d412ef95611616376bbeed?s=96&d=mm&r=g","caption":"f1000024"},"url":"https:\/\/cvinoticias.com\/v3\/author\/f1000024\/"}]}},"_links":{"self":[{"href":"https:\/\/cvinoticias.com\/v3\/wp-json\/wp\/v2\/posts\/21488","targetHints":{"allow":["GET"]}}],"collection":[{"href":"https:\/\/cvinoticias.com\/v3\/wp-json\/wp\/v2\/posts"}],"about":[{"href":"https:\/\/cvinoticias.com\/v3\/wp-json\/wp\/v2\/types\/post"}],"author":[{"embeddable":true,"href":"https:\/\/cvinoticias.com\/v3\/wp-json\/wp\/v2\/users\/2"}],"replies":[{"embeddable":true,"href":"https:\/\/cvinoticias.com\/v3\/wp-json\/wp\/v2\/comments?post=21488"}],"version-history":[{"count":1,"href":"https:\/\/cvinoticias.com\/v3\/wp-json\/wp\/v2\/posts\/21488\/revisions"}],"predecessor-version":[{"id":21491,"href":"https:\/\/cvinoticias.com\/v3\/wp-json\/wp\/v2\/posts\/21488\/revisions\/21491"}],"wp:featuredmedia":[{"embeddable":true,"href":"https:\/\/cvinoticias.com\/v3\/wp-json\/wp\/v2\/media\/21490"}],"wp:attachment":[{"href":"https:\/\/cvinoticias.com\/v3\/wp-json\/wp\/v2\/media?parent=21488"}],"wp:term":[{"taxonomy":"category","embeddable":true,"href":"https:\/\/cvinoticias.com\/v3\/wp-json\/wp\/v2\/categories?post=21488"},{"taxonomy":"post_tag","embeddable":true,"href":"https:\/\/cvinoticias.com\/v3\/wp-json\/wp\/v2\/tags?post=21488"}],"curies":[{"name":"wp","href":"https:\/\/api.w.org\/{rel}","templated":true}]}}