{"id":21479,"date":"2022-12-30T12:23:12","date_gmt":"2022-12-30T12:23:12","guid":{"rendered":"https:\/\/cvinoticias.com\/v3\/?p=21479"},"modified":"2022-12-30T12:23:12","modified_gmt":"2022-12-30T12:23:12","slug":"victoria-donda-perez-dejo-su-cargo-en-el-instituto-nacional-contra-la-discriminacion-la-xenofobia-y-el-racismo-inadi","status":"publish","type":"post","link":"https:\/\/cvinoticias.com\/v3\/victoria-donda-perez-dejo-su-cargo-en-el-instituto-nacional-contra-la-discriminacion-la-xenofobia-y-el-racismo-inadi\/","title":{"rendered":"Victoria Donda P\u00e9rez dej\u00f3 su cargo en el Instituto Nacional contra la Discriminaci\u00f3n, la Xenofobia y el Racismo (INADI)."},"content":{"rendered":"\n<p><strong><em>La ahora ex funcionaria realiz\u00f3 comunicado explicando su salida, en el cual realiz\u00f3 una dura cr\u00edtica a la gesti\u00f3n nacional.<\/em><\/strong><\/p>\n\n\n\n<p>\u201cHoy redacto estas l\u00edneas alej\u00e1ndome de mi rol institucional como titular del INADI, justamente convencida de que se dej\u00f3 de escuchar all\u00ed donde m\u00e1s se debe hacerlo\u201d, comenz\u00f3 el escrito de Donda.<\/p>\n\n\n\n<p>\u201cAgravando fuertemente lo anterior, por el hecho de ser mujer y no encontrar en el gobierno nacional espacio leg\u00edtimo para que nuestras voces sean debidamente escuchadas, hace pocos minutos me enter\u00e9 a trav\u00e9s de Juan Manuel Olmos, jefe de Asesores de la Presidencia, sobre la posibilidad de mi corrimiento del INADI, centralmente como consecuencia \u2013seg\u00fan me informaron\u2013 de mi posicionamiento pol\u00edtico respecto a la etapa actual, elemento que hice visible en reiteradas ocasiones en mi discurso p\u00fablico\u201d, agreg\u00f3.<\/p>\n\n\n\n<p>En su comunicado, la ex titular del Inadi indic\u00f3 que el Gobierno \u201cdej\u00f3 de escuchar a las voces que desde hace tiempo largo venimos insistiendo en la necesidad de establecer instancias para llegar a una s\u00edntesis necesaria en medio de una gesti\u00f3n nacional que cada vez nos fue dejando con m\u00e1s sabor amargo y sin capacidad de respuesta a demandas crecientes y complejas para una sociedad que espera m\u00e1s de nosotros\u201d.<\/p>\n","protected":false},"excerpt":{"rendered":"<p>La ahora ex funcionaria realiz\u00f3 comunicado explicando su salida, en el cual realiz\u00f3 una dura cr\u00edtica a la gesti\u00f3n nacional. \u201cHoy redacto estas l\u00edneas alej\u00e1ndome de mi rol institucional como titular del INADI, justamente convencida de que se dej\u00f3 de escuchar all\u00ed donde m\u00e1s se debe hacerlo\u201d, comenz\u00f3 el escrito de Donda. \u201cAgravando fuertemente lo [&hellip;]<\/p>\n","protected":false},"author":2,"featured_media":21480,"comment_status":"open","ping_status":"open","sticky":false,"template":"","format":"standard","meta":{"footnotes":""},"categories":[35],"tags":[],"class_list":["post-21479","post","type-post","status-publish","format-standard","has-post-thumbnail","hentry","category-informacion-general"],"yoast_head":"<!-- This site is optimized with the Yoast SEO plugin v27.5 - https:\/\/yoast.com\/product\/yoast-seo-wordpress\/ -->\n<title>Victoria Donda P\u00e9rez dej\u00f3 su cargo en el Instituto Nacional contra la Discriminaci\u00f3n, la Xenofobia y el Racismo (INADI). | CVI NOTICIAS<\/title>\n<meta name=\"robots\" content=\"index, follow, max-snippet:-1, max-image-preview:large, max-video-preview:-1\" \/>\n<link rel=\"canonical\" href=\"https:\/\/cvinoticias.com\/v3\/victoria-donda-perez-dejo-su-cargo-en-el-instituto-nacional-contra-la-discriminacion-la-xenofobia-y-el-racismo-inadi\/\" \/>\n<meta property=\"og:locale\" content=\"es_ES\" \/>\n<meta property=\"og:type\" content=\"article\" \/>\n<meta property=\"og:title\" content=\"Victoria Donda P\u00e9rez dej\u00f3 su cargo en el Instituto Nacional contra la Discriminaci\u00f3n, la Xenofobia y el Racismo (INADI). | CVI NOTICIAS\" \/>\n<meta property=\"og:description\" content=\"La ahora ex funcionaria realiz\u00f3 comunicado explicando su salida, en el cual realiz\u00f3 una dura cr\u00edtica a la gesti\u00f3n nacional. \u201cHoy redacto estas l\u00edneas alej\u00e1ndome de mi rol institucional como titular del INADI, justamente convencida de que se dej\u00f3 de escuchar all\u00ed donde m\u00e1s se debe hacerlo\u201d, comenz\u00f3 el escrito de Donda. \u201cAgravando fuertemente lo [&hellip;]\" \/>\n<meta property=\"og:url\" content=\"https:\/\/cvinoticias.com\/v3\/victoria-donda-perez-dejo-su-cargo-en-el-instituto-nacional-contra-la-discriminacion-la-xenofobia-y-el-racismo-inadi\/\" \/>\n<meta property=\"og:site_name\" content=\"CVI NOTICIAS\" \/>\n<meta property=\"article:publisher\" content=\"https:\/\/www.facebook.com\/cvinoticias\" \/>\n<meta property=\"article:published_time\" content=\"2022-12-30T12:23:12+00:00\" \/>\n<meta property=\"og:image\" content=\"https:\/\/cvinoticias.com\/wp-content\/uploads\/2022\/12\/FB_IMG_1672402790496.jpg\" \/>\n\t<meta property=\"og:image:width\" content=\"953\" \/>\n\t<meta property=\"og:image:height\" content=\"953\" \/>\n\t<meta property=\"og:image:type\" content=\"image\/jpeg\" \/>\n<meta name=\"author\" content=\"f1000024\" \/>\n<meta name=\"twitter:card\" content=\"summary_large_image\" \/>\n<meta name=\"twitter:label1\" content=\"Escrito por\" \/>\n\t<meta name=\"twitter:data1\" content=\"f1000024\" \/>\n\t<meta name=\"twitter:label2\" content=\"Tiempo de lectura\" \/>\n\t<meta name=\"twitter:data2\" content=\"1 minuto\" \/>\n<script type=\"application\/ld+json\" class=\"yoast-schema-graph\">{\"@context\":\"https:\\\/\\\/schema.org\",\"@graph\":[{\"@type\":\"Article\",\"@id\":\"https:\\\/\\\/cvinoticias.com\\\/v3\\\/victoria-donda-perez-dejo-su-cargo-en-el-instituto-nacional-contra-la-discriminacion-la-xenofobia-y-el-racismo-inadi\\\/#article\",\"isPartOf\":{\"@id\":\"https:\\\/\\\/cvinoticias.com\\\/v3\\\/victoria-donda-perez-dejo-su-cargo-en-el-instituto-nacional-contra-la-discriminacion-la-xenofobia-y-el-racismo-inadi\\\/\"},\"author\":{\"name\":\"f1000024\",\"@id\":\"https:\\\/\\\/cvinoticias.com\\\/v3\\\/#\\\/schema\\\/person\\\/2db77e3c6bc03c538495d7b2b8be9b66\"},\"headline\":\"Victoria Donda P\u00e9rez dej\u00f3 su cargo en el Instituto Nacional contra la Discriminaci\u00f3n, la Xenofobia y el Racismo (INADI).\",\"datePublished\":\"2022-12-30T12:23:12+00:00\",\"mainEntityOfPage\":{\"@id\":\"https:\\\/\\\/cvinoticias.com\\\/v3\\\/victoria-donda-perez-dejo-su-cargo-en-el-instituto-nacional-contra-la-discriminacion-la-xenofobia-y-el-racismo-inadi\\\/\"},\"wordCount\":236,\"commentCount\":0,\"publisher\":{\"@id\":\"https:\\\/\\\/cvinoticias.com\\\/v3\\\/#organization\"},\"image\":{\"@id\":\"https:\\\/\\\/cvinoticias.com\\\/v3\\\/victoria-donda-perez-dejo-su-cargo-en-el-instituto-nacional-contra-la-discriminacion-la-xenofobia-y-el-racismo-inadi\\\/#primaryimage\"},\"thumbnailUrl\":\"https:\\\/\\\/cvinoticias.com\\\/wp-content\\\/uploads\\\/2022\\\/12\\\/FB_IMG_1672402790496.jpg\",\"articleSection\":[\"Informaci\u00f3n General\"],\"inLanguage\":\"es\",\"potentialAction\":[{\"@type\":\"CommentAction\",\"name\":\"Comment\",\"target\":[\"https:\\\/\\\/cvinoticias.com\\\/v3\\\/victoria-donda-perez-dejo-su-cargo-en-el-instituto-nacional-contra-la-discriminacion-la-xenofobia-y-el-racismo-inadi\\\/#respond\"]}]},{\"@type\":\"WebPage\",\"@id\":\"https:\\\/\\\/cvinoticias.com\\\/v3\\\/victoria-donda-perez-dejo-su-cargo-en-el-instituto-nacional-contra-la-discriminacion-la-xenofobia-y-el-racismo-inadi\\\/\",\"url\":\"https:\\\/\\\/cvinoticias.com\\\/v3\\\/victoria-donda-perez-dejo-su-cargo-en-el-instituto-nacional-contra-la-discriminacion-la-xenofobia-y-el-racismo-inadi\\\/\",\"name\":\"Victoria Donda P\u00e9rez dej\u00f3 su cargo en el Instituto Nacional contra la Discriminaci\u00f3n, la Xenofobia y el Racismo (INADI). | CVI NOTICIAS\",\"isPartOf\":{\"@id\":\"https:\\\/\\\/cvinoticias.com\\\/v3\\\/#website\"},\"primaryImageOfPage\":{\"@id\":\"https:\\\/\\\/cvinoticias.com\\\/v3\\\/victoria-donda-perez-dejo-su-cargo-en-el-instituto-nacional-contra-la-discriminacion-la-xenofobia-y-el-racismo-inadi\\\/#primaryimage\"},\"image\":{\"@id\":\"https:\\\/\\\/cvinoticias.com\\\/v3\\\/victoria-donda-perez-dejo-su-cargo-en-el-instituto-nacional-contra-la-discriminacion-la-xenofobia-y-el-racismo-inadi\\\/#primaryimage\"},\"thumbnailUrl\":\"https:\\\/\\\/cvinoticias.com\\\/wp-content\\\/uploads\\\/2022\\\/12\\\/FB_IMG_1672402790496.jpg\",\"datePublished\":\"2022-12-30T12:23:12+00:00\",\"breadcrumb\":{\"@id\":\"https:\\\/\\\/cvinoticias.com\\\/v3\\\/victoria-donda-perez-dejo-su-cargo-en-el-instituto-nacional-contra-la-discriminacion-la-xenofobia-y-el-racismo-inadi\\\/#breadcrumb\"},\"inLanguage\":\"es\",\"potentialAction\":[{\"@type\":\"ReadAction\",\"target\":[\"https:\\\/\\\/cvinoticias.com\\\/v3\\\/victoria-donda-perez-dejo-su-cargo-en-el-instituto-nacional-contra-la-discriminacion-la-xenofobia-y-el-racismo-inadi\\\/\"]}]},{\"@type\":\"ImageObject\",\"inLanguage\":\"es\",\"@id\":\"https:\\\/\\\/cvinoticias.com\\\/v3\\\/victoria-donda-perez-dejo-su-cargo-en-el-instituto-nacional-contra-la-discriminacion-la-xenofobia-y-el-racismo-inadi\\\/#primaryimage\",\"url\":\"https:\\\/\\\/cvinoticias.com\\\/wp-content\\\/uploads\\\/2022\\\/12\\\/FB_IMG_1672402790496.jpg\",\"contentUrl\":\"https:\\\/\\\/cvinoticias.com\\\/wp-content\\\/uploads\\\/2022\\\/12\\\/FB_IMG_1672402790496.jpg\",\"width\":953,\"height\":953},{\"@type\":\"BreadcrumbList\",\"@id\":\"https:\\\/\\\/cvinoticias.com\\\/v3\\\/victoria-donda-perez-dejo-su-cargo-en-el-instituto-nacional-contra-la-discriminacion-la-xenofobia-y-el-racismo-inadi\\\/#breadcrumb\",\"itemListElement\":[{\"@type\":\"ListItem\",\"position\":1,\"name\":\"Portada\",\"item\":\"https:\\\/\\\/cvinoticias.com\\\/v3\\\/\"},{\"@type\":\"ListItem\",\"position\":2,\"name\":\"Victoria Donda P\u00e9rez dej\u00f3 su cargo en el Instituto Nacional contra la Discriminaci\u00f3n, la Xenofobia y el Racismo (INADI).\"}]},{\"@type\":\"WebSite\",\"@id\":\"https:\\\/\\\/cvinoticias.com\\\/v3\\\/#website\",\"url\":\"https:\\\/\\\/cvinoticias.com\\\/v3\\\/\",\"name\":\"CVI NOTICIAS\",\"description\":\"\",\"publisher\":{\"@id\":\"https:\\\/\\\/cvinoticias.com\\\/v3\\\/#organization\"},\"alternateName\":\"CVI\",\"potentialAction\":[{\"@type\":\"SearchAction\",\"target\":{\"@type\":\"EntryPoint\",\"urlTemplate\":\"https:\\\/\\\/cvinoticias.com\\\/v3\\\/?s={search_term_string}\"},\"query-input\":{\"@type\":\"PropertyValueSpecification\",\"valueRequired\":true,\"valueName\":\"search_term_string\"}}],\"inLanguage\":\"es\"},{\"@type\":\"Organization\",\"@id\":\"https:\\\/\\\/cvinoticias.com\\\/v3\\\/#organization\",\"name\":\"CVI NOTICIAS\",\"url\":\"https:\\\/\\\/cvinoticias.com\\\/v3\\\/\",\"logo\":{\"@type\":\"ImageObject\",\"inLanguage\":\"es\",\"@id\":\"https:\\\/\\\/cvinoticias.com\\\/v3\\\/#\\\/schema\\\/logo\\\/image\\\/\",\"url\":\"https:\\\/\\\/cvinoticias.com\\\/wp-content\\\/uploads\\\/2023\\\/04\\\/cropped-cropped-cropped-cropped-cropped-3-1.png\",\"contentUrl\":\"https:\\\/\\\/cvinoticias.com\\\/wp-content\\\/uploads\\\/2023\\\/04\\\/cropped-cropped-cropped-cropped-cropped-3-1.png\",\"width\":95,\"height\":122,\"caption\":\"CVI NOTICIAS\"},\"image\":{\"@id\":\"https:\\\/\\\/cvinoticias.com\\\/v3\\\/#\\\/schema\\\/logo\\\/image\\\/\"},\"sameAs\":[\"https:\\\/\\\/www.facebook.com\\\/cvinoticias\",\"https:\\\/\\\/www.instagram.com\\\/cvinoticias\\\/\",\"https:\\\/\\\/www.youtube.com\\\/@CVINOTICIAS\"]},{\"@type\":\"Person\",\"@id\":\"https:\\\/\\\/cvinoticias.com\\\/v3\\\/#\\\/schema\\\/person\\\/2db77e3c6bc03c538495d7b2b8be9b66\",\"name\":\"f1000024\",\"image\":{\"@type\":\"ImageObject\",\"inLanguage\":\"es\",\"@id\":\"https:\\\/\\\/secure.gravatar.com\\\/avatar\\\/d4fe7459cfc51ff5129ce1a732bbef5928568b8092d412ef95611616376bbeed?s=96&d=mm&r=g\",\"url\":\"https:\\\/\\\/secure.gravatar.com\\\/avatar\\\/d4fe7459cfc51ff5129ce1a732bbef5928568b8092d412ef95611616376bbeed?s=96&d=mm&r=g\",\"contentUrl\":\"https:\\\/\\\/secure.gravatar.com\\\/avatar\\\/d4fe7459cfc51ff5129ce1a732bbef5928568b8092d412ef95611616376bbeed?s=96&d=mm&r=g\",\"caption\":\"f1000024\"},\"url\":\"https:\\\/\\\/cvinoticias.com\\\/v3\\\/author\\\/f1000024\\\/\"}]}<\/script>\n<!-- \/ Yoast SEO plugin. -->","yoast_head_json":{"title":"Victoria Donda P\u00e9rez dej\u00f3 su cargo en el Instituto Nacional contra la Discriminaci\u00f3n, la Xenofobia y el Racismo (INADI). | CVI NOTICIAS","robots":{"index":"index","follow":"follow","max-snippet":"max-snippet:-1","max-image-preview":"max-image-preview:large","max-video-preview":"max-video-preview:-1"},"canonical":"https:\/\/cvinoticias.com\/v3\/victoria-donda-perez-dejo-su-cargo-en-el-instituto-nacional-contra-la-discriminacion-la-xenofobia-y-el-racismo-inadi\/","og_locale":"es_ES","og_type":"article","og_title":"Victoria Donda P\u00e9rez dej\u00f3 su cargo en el Instituto Nacional contra la Discriminaci\u00f3n, la Xenofobia y el Racismo (INADI). | CVI NOTICIAS","og_description":"La ahora ex funcionaria realiz\u00f3 comunicado explicando su salida, en el cual realiz\u00f3 una dura cr\u00edtica a la gesti\u00f3n nacional. \u201cHoy redacto estas l\u00edneas alej\u00e1ndome de mi rol institucional como titular del INADI, justamente convencida de que se dej\u00f3 de escuchar all\u00ed donde m\u00e1s se debe hacerlo\u201d, comenz\u00f3 el escrito de Donda. \u201cAgravando fuertemente lo [&hellip;]","og_url":"https:\/\/cvinoticias.com\/v3\/victoria-donda-perez-dejo-su-cargo-en-el-instituto-nacional-contra-la-discriminacion-la-xenofobia-y-el-racismo-inadi\/","og_site_name":"CVI NOTICIAS","article_publisher":"https:\/\/www.facebook.com\/cvinoticias","article_published_time":"2022-12-30T12:23:12+00:00","og_image":[{"width":953,"height":953,"url":"https:\/\/cvinoticias.com\/wp-content\/uploads\/2022\/12\/FB_IMG_1672402790496.jpg","type":"image\/jpeg"}],"author":"f1000024","twitter_card":"summary_large_image","twitter_misc":{"Escrito por":"f1000024","Tiempo de lectura":"1 minuto"},"schema":{"@context":"https:\/\/schema.org","@graph":[{"@type":"Article","@id":"https:\/\/cvinoticias.com\/v3\/victoria-donda-perez-dejo-su-cargo-en-el-instituto-nacional-contra-la-discriminacion-la-xenofobia-y-el-racismo-inadi\/#article","isPartOf":{"@id":"https:\/\/cvinoticias.com\/v3\/victoria-donda-perez-dejo-su-cargo-en-el-instituto-nacional-contra-la-discriminacion-la-xenofobia-y-el-racismo-inadi\/"},"author":{"name":"f1000024","@id":"https:\/\/cvinoticias.com\/v3\/#\/schema\/person\/2db77e3c6bc03c538495d7b2b8be9b66"},"headline":"Victoria Donda P\u00e9rez dej\u00f3 su cargo en el Instituto Nacional contra la Discriminaci\u00f3n, la Xenofobia y el Racismo (INADI).","datePublished":"2022-12-30T12:23:12+00:00","mainEntityOfPage":{"@id":"https:\/\/cvinoticias.com\/v3\/victoria-donda-perez-dejo-su-cargo-en-el-instituto-nacional-contra-la-discriminacion-la-xenofobia-y-el-racismo-inadi\/"},"wordCount":236,"commentCount":0,"publisher":{"@id":"https:\/\/cvinoticias.com\/v3\/#organization"},"image":{"@id":"https:\/\/cvinoticias.com\/v3\/victoria-donda-perez-dejo-su-cargo-en-el-instituto-nacional-contra-la-discriminacion-la-xenofobia-y-el-racismo-inadi\/#primaryimage"},"thumbnailUrl":"https:\/\/cvinoticias.com\/wp-content\/uploads\/2022\/12\/FB_IMG_1672402790496.jpg","articleSection":["Informaci\u00f3n General"],"inLanguage":"es","potentialAction":[{"@type":"CommentAction","name":"Comment","target":["https:\/\/cvinoticias.com\/v3\/victoria-donda-perez-dejo-su-cargo-en-el-instituto-nacional-contra-la-discriminacion-la-xenofobia-y-el-racismo-inadi\/#respond"]}]},{"@type":"WebPage","@id":"https:\/\/cvinoticias.com\/v3\/victoria-donda-perez-dejo-su-cargo-en-el-instituto-nacional-contra-la-discriminacion-la-xenofobia-y-el-racismo-inadi\/","url":"https:\/\/cvinoticias.com\/v3\/victoria-donda-perez-dejo-su-cargo-en-el-instituto-nacional-contra-la-discriminacion-la-xenofobia-y-el-racismo-inadi\/","name":"Victoria Donda P\u00e9rez dej\u00f3 su cargo en el Instituto Nacional contra la Discriminaci\u00f3n, la Xenofobia y el Racismo (INADI). | CVI NOTICIAS","isPartOf":{"@id":"https:\/\/cvinoticias.com\/v3\/#website"},"primaryImageOfPage":{"@id":"https:\/\/cvinoticias.com\/v3\/victoria-donda-perez-dejo-su-cargo-en-el-instituto-nacional-contra-la-discriminacion-la-xenofobia-y-el-racismo-inadi\/#primaryimage"},"image":{"@id":"https:\/\/cvinoticias.com\/v3\/victoria-donda-perez-dejo-su-cargo-en-el-instituto-nacional-contra-la-discriminacion-la-xenofobia-y-el-racismo-inadi\/#primaryimage"},"thumbnailUrl":"https:\/\/cvinoticias.com\/wp-content\/uploads\/2022\/12\/FB_IMG_1672402790496.jpg","datePublished":"2022-12-30T12:23:12+00:00","breadcrumb":{"@id":"https:\/\/cvinoticias.com\/v3\/victoria-donda-perez-dejo-su-cargo-en-el-instituto-nacional-contra-la-discriminacion-la-xenofobia-y-el-racismo-inadi\/#breadcrumb"},"inLanguage":"es","potentialAction":[{"@type":"ReadAction","target":["https:\/\/cvinoticias.com\/v3\/victoria-donda-perez-dejo-su-cargo-en-el-instituto-nacional-contra-la-discriminacion-la-xenofobia-y-el-racismo-inadi\/"]}]},{"@type":"ImageObject","inLanguage":"es","@id":"https:\/\/cvinoticias.com\/v3\/victoria-donda-perez-dejo-su-cargo-en-el-instituto-nacional-contra-la-discriminacion-la-xenofobia-y-el-racismo-inadi\/#primaryimage","url":"https:\/\/cvinoticias.com\/wp-content\/uploads\/2022\/12\/FB_IMG_1672402790496.jpg","contentUrl":"https:\/\/cvinoticias.com\/wp-content\/uploads\/2022\/12\/FB_IMG_1672402790496.jpg","width":953,"height":953},{"@type":"BreadcrumbList","@id":"https:\/\/cvinoticias.com\/v3\/victoria-donda-perez-dejo-su-cargo-en-el-instituto-nacional-contra-la-discriminacion-la-xenofobia-y-el-racismo-inadi\/#breadcrumb","itemListElement":[{"@type":"ListItem","position":1,"name":"Portada","item":"https:\/\/cvinoticias.com\/v3\/"},{"@type":"ListItem","position":2,"name":"Victoria Donda P\u00e9rez dej\u00f3 su cargo en el Instituto Nacional contra la Discriminaci\u00f3n, la Xenofobia y el Racismo (INADI)."}]},{"@type":"WebSite","@id":"https:\/\/cvinoticias.com\/v3\/#website","url":"https:\/\/cvinoticias.com\/v3\/","name":"CVI NOTICIAS","description":"","publisher":{"@id":"https:\/\/cvinoticias.com\/v3\/#organization"},"alternateName":"CVI","potentialAction":[{"@type":"SearchAction","target":{"@type":"EntryPoint","urlTemplate":"https:\/\/cvinoticias.com\/v3\/?s={search_term_string}"},"query-input":{"@type":"PropertyValueSpecification","valueRequired":true,"valueName":"search_term_string"}}],"inLanguage":"es"},{"@type":"Organization","@id":"https:\/\/cvinoticias.com\/v3\/#organization","name":"CVI NOTICIAS","url":"https:\/\/cvinoticias.com\/v3\/","logo":{"@type":"ImageObject","inLanguage":"es","@id":"https:\/\/cvinoticias.com\/v3\/#\/schema\/logo\/image\/","url":"https:\/\/cvinoticias.com\/wp-content\/uploads\/2023\/04\/cropped-cropped-cropped-cropped-cropped-3-1.png","contentUrl":"https:\/\/cvinoticias.com\/wp-content\/uploads\/2023\/04\/cropped-cropped-cropped-cropped-cropped-3-1.png","width":95,"height":122,"caption":"CVI NOTICIAS"},"image":{"@id":"https:\/\/cvinoticias.com\/v3\/#\/schema\/logo\/image\/"},"sameAs":["https:\/\/www.facebook.com\/cvinoticias","https:\/\/www.instagram.com\/cvinoticias\/","https:\/\/www.youtube.com\/@CVINOTICIAS"]},{"@type":"Person","@id":"https:\/\/cvinoticias.com\/v3\/#\/schema\/person\/2db77e3c6bc03c538495d7b2b8be9b66","name":"f1000024","image":{"@type":"ImageObject","inLanguage":"es","@id":"https:\/\/secure.gravatar.com\/avatar\/d4fe7459cfc51ff5129ce1a732bbef5928568b8092d412ef95611616376bbeed?s=96&d=mm&r=g","url":"https:\/\/secure.gravatar.com\/avatar\/d4fe7459cfc51ff5129ce1a732bbef5928568b8092d412ef95611616376bbeed?s=96&d=mm&r=g","contentUrl":"https:\/\/secure.gravatar.com\/avatar\/d4fe7459cfc51ff5129ce1a732bbef5928568b8092d412ef95611616376bbeed?s=96&d=mm&r=g","caption":"f1000024"},"url":"https:\/\/cvinoticias.com\/v3\/author\/f1000024\/"}]}},"_links":{"self":[{"href":"https:\/\/cvinoticias.com\/v3\/wp-json\/wp\/v2\/posts\/21479","targetHints":{"allow":["GET"]}}],"collection":[{"href":"https:\/\/cvinoticias.com\/v3\/wp-json\/wp\/v2\/posts"}],"about":[{"href":"https:\/\/cvinoticias.com\/v3\/wp-json\/wp\/v2\/types\/post"}],"author":[{"embeddable":true,"href":"https:\/\/cvinoticias.com\/v3\/wp-json\/wp\/v2\/users\/2"}],"replies":[{"embeddable":true,"href":"https:\/\/cvinoticias.com\/v3\/wp-json\/wp\/v2\/comments?post=21479"}],"version-history":[{"count":1,"href":"https:\/\/cvinoticias.com\/v3\/wp-json\/wp\/v2\/posts\/21479\/revisions"}],"predecessor-version":[{"id":21481,"href":"https:\/\/cvinoticias.com\/v3\/wp-json\/wp\/v2\/posts\/21479\/revisions\/21481"}],"wp:featuredmedia":[{"embeddable":true,"href":"https:\/\/cvinoticias.com\/v3\/wp-json\/wp\/v2\/media\/21480"}],"wp:attachment":[{"href":"https:\/\/cvinoticias.com\/v3\/wp-json\/wp\/v2\/media?parent=21479"}],"wp:term":[{"taxonomy":"category","embeddable":true,"href":"https:\/\/cvinoticias.com\/v3\/wp-json\/wp\/v2\/categories?post=21479"},{"taxonomy":"post_tag","embeddable":true,"href":"https:\/\/cvinoticias.com\/v3\/wp-json\/wp\/v2\/tags?post=21479"}],"curies":[{"name":"wp","href":"https:\/\/api.w.org\/{rel}","templated":true}]}}