{"id":21473,"date":"2022-12-29T21:40:01","date_gmt":"2022-12-29T21:40:01","guid":{"rendered":"https:\/\/cvinoticias.com\/v3\/?p=21473"},"modified":"2022-12-29T21:40:01","modified_gmt":"2022-12-29T21:40:01","slug":"iguazu-le-robo-la-motocicleta-e-intento-vendersele-a-su-dueno-en-redes-sociales-fue-detenido","status":"publish","type":"post","link":"https:\/\/cvinoticias.com\/v3\/iguazu-le-robo-la-motocicleta-e-intento-vendersele-a-su-dueno-en-redes-sociales-fue-detenido\/","title":{"rendered":"Iguaz\u00fa: Le robo la motocicleta e intent\u00f3 vendersele a su due\u00f1o en redes sociales, fue detenido"},"content":{"rendered":"\n<p><strong><em>El joven de 22 a\u00f1os adem\u00e1s intent\u00f3 vender el motovehiculo en una p\u00e1gina de compra- venta. Intervinieron efectivos de la comisar\u00eda seccional segunda URV.<\/em><\/strong><\/p>\n\n\n\n<p>Seg\u00fan denunci\u00f3 en la v\u00edspera el damnificado mencion\u00f3 que circulaba a bordo de su motocicleta de 110 c.c. color negro por la calle Tambor de Tacuari al llegar a la interseccion con la calle Bernab\u00e9 M\u00e9ndez, fue interceptado por dos sujetos a bordo de otra motocicleta uno de ellos le apunta con un arma de fuego y le sustraen el rodado para luego darse a la fuga.<\/p>\n\n\n\n<p>Conocido el hecho, la polic\u00eda inici\u00f3 una exhaustiva investigaci\u00f3n que con los datos del denunciante le permiti\u00f3 ubicar al sospechoso que ofrec\u00eda el rodado robado en una p\u00e1gina de Facebook. Por tal motivo, se simul\u00f3 una transacci\u00f3n con el joven identificado como Catriel R. de 22 a\u00f1os pactandose el encuentro en el barrio San Juan de esta ciudad donde fue detenido. Adem\u00e1s, se incaut\u00f3 el motovehiculo sustra\u00eddo que estaba en su poder.<\/p>\n\n\n\n<p>Por disposici\u00f3n del Juzgado de Instrucci\u00f3n N\u00b03 de Iguaz\u00fa, el detenido fue alojado en la Secci\u00f3n resguardo de detenidos mientras que el motovehiculo una vez finalizados los tr\u00e1mites de rigor, le sera restituido al damnificado. La investigaci\u00f3n contin\u00faa a fin de total el esclarecimiento del mismo.<\/p>\n","protected":false},"excerpt":{"rendered":"<p>El joven de 22 a\u00f1os adem\u00e1s intent\u00f3 vender el motovehiculo en una p\u00e1gina de compra- venta. Intervinieron efectivos de la comisar\u00eda seccional segunda URV. Seg\u00fan denunci\u00f3 en la v\u00edspera el damnificado mencion\u00f3 que circulaba a bordo de su motocicleta de 110 c.c. color negro por la calle Tambor de Tacuari al llegar a la interseccion [&hellip;]<\/p>\n","protected":false},"author":2,"featured_media":21474,"comment_status":"open","ping_status":"open","sticky":false,"template":"","format":"standard","meta":{"footnotes":""},"categories":[41],"tags":[],"class_list":["post-21473","post","type-post","status-publish","format-standard","has-post-thumbnail","hentry","category-policiales"],"yoast_head":"<!-- This site is optimized with the Yoast SEO plugin v27.5 - https:\/\/yoast.com\/product\/yoast-seo-wordpress\/ -->\n<title>Iguaz\u00fa: Le robo la motocicleta e intent\u00f3 vendersele a su due\u00f1o en redes sociales, fue detenido | CVI NOTICIAS<\/title>\n<meta name=\"robots\" content=\"index, follow, max-snippet:-1, max-image-preview:large, max-video-preview:-1\" \/>\n<link rel=\"canonical\" href=\"https:\/\/cvinoticias.com\/v3\/iguazu-le-robo-la-motocicleta-e-intento-vendersele-a-su-dueno-en-redes-sociales-fue-detenido\/\" \/>\n<meta property=\"og:locale\" content=\"es_ES\" \/>\n<meta property=\"og:type\" content=\"article\" \/>\n<meta property=\"og:title\" content=\"Iguaz\u00fa: Le robo la motocicleta e intent\u00f3 vendersele a su due\u00f1o en redes sociales, fue detenido | CVI NOTICIAS\" \/>\n<meta property=\"og:description\" content=\"El joven de 22 a\u00f1os adem\u00e1s intent\u00f3 vender el motovehiculo en una p\u00e1gina de compra- venta. Intervinieron efectivos de la comisar\u00eda seccional segunda URV. Seg\u00fan denunci\u00f3 en la v\u00edspera el damnificado mencion\u00f3 que circulaba a bordo de su motocicleta de 110 c.c. color negro por la calle Tambor de Tacuari al llegar a la interseccion [&hellip;]\" \/>\n<meta property=\"og:url\" content=\"https:\/\/cvinoticias.com\/v3\/iguazu-le-robo-la-motocicleta-e-intento-vendersele-a-su-dueno-en-redes-sociales-fue-detenido\/\" \/>\n<meta property=\"og:site_name\" content=\"CVI NOTICIAS\" \/>\n<meta property=\"article:publisher\" content=\"https:\/\/www.facebook.com\/cvinoticias\" \/>\n<meta property=\"article:published_time\" content=\"2022-12-29T21:40:01+00:00\" \/>\n<meta property=\"og:image\" content=\"https:\/\/cvinoticias.com\/wp-content\/uploads\/2022\/12\/FB_IMG_1672349869855.jpg\" \/>\n\t<meta property=\"og:image:width\" content=\"1080\" \/>\n\t<meta property=\"og:image:height\" content=\"1440\" \/>\n\t<meta property=\"og:image:type\" content=\"image\/jpeg\" \/>\n<meta name=\"author\" content=\"f1000024\" \/>\n<meta name=\"twitter:card\" content=\"summary_large_image\" \/>\n<meta name=\"twitter:label1\" content=\"Escrito por\" \/>\n\t<meta name=\"twitter:data1\" content=\"f1000024\" \/>\n\t<meta name=\"twitter:label2\" content=\"Tiempo de lectura\" \/>\n\t<meta name=\"twitter:data2\" content=\"1 minuto\" \/>\n<script type=\"application\/ld+json\" class=\"yoast-schema-graph\">{\"@context\":\"https:\\\/\\\/schema.org\",\"@graph\":[{\"@type\":\"Article\",\"@id\":\"https:\\\/\\\/cvinoticias.com\\\/v3\\\/iguazu-le-robo-la-motocicleta-e-intento-vendersele-a-su-dueno-en-redes-sociales-fue-detenido\\\/#article\",\"isPartOf\":{\"@id\":\"https:\\\/\\\/cvinoticias.com\\\/v3\\\/iguazu-le-robo-la-motocicleta-e-intento-vendersele-a-su-dueno-en-redes-sociales-fue-detenido\\\/\"},\"author\":{\"name\":\"f1000024\",\"@id\":\"https:\\\/\\\/cvinoticias.com\\\/v3\\\/#\\\/schema\\\/person\\\/2db77e3c6bc03c538495d7b2b8be9b66\"},\"headline\":\"Iguaz\u00fa: Le robo la motocicleta e intent\u00f3 vendersele a su due\u00f1o en redes sociales, fue detenido\",\"datePublished\":\"2022-12-29T21:40:01+00:00\",\"mainEntityOfPage\":{\"@id\":\"https:\\\/\\\/cvinoticias.com\\\/v3\\\/iguazu-le-robo-la-motocicleta-e-intento-vendersele-a-su-dueno-en-redes-sociales-fue-detenido\\\/\"},\"wordCount\":245,\"commentCount\":0,\"publisher\":{\"@id\":\"https:\\\/\\\/cvinoticias.com\\\/v3\\\/#organization\"},\"image\":{\"@id\":\"https:\\\/\\\/cvinoticias.com\\\/v3\\\/iguazu-le-robo-la-motocicleta-e-intento-vendersele-a-su-dueno-en-redes-sociales-fue-detenido\\\/#primaryimage\"},\"thumbnailUrl\":\"https:\\\/\\\/cvinoticias.com\\\/wp-content\\\/uploads\\\/2022\\\/12\\\/FB_IMG_1672349869855.jpg\",\"articleSection\":[\"Policiales\"],\"inLanguage\":\"es\",\"potentialAction\":[{\"@type\":\"CommentAction\",\"name\":\"Comment\",\"target\":[\"https:\\\/\\\/cvinoticias.com\\\/v3\\\/iguazu-le-robo-la-motocicleta-e-intento-vendersele-a-su-dueno-en-redes-sociales-fue-detenido\\\/#respond\"]}]},{\"@type\":\"WebPage\",\"@id\":\"https:\\\/\\\/cvinoticias.com\\\/v3\\\/iguazu-le-robo-la-motocicleta-e-intento-vendersele-a-su-dueno-en-redes-sociales-fue-detenido\\\/\",\"url\":\"https:\\\/\\\/cvinoticias.com\\\/v3\\\/iguazu-le-robo-la-motocicleta-e-intento-vendersele-a-su-dueno-en-redes-sociales-fue-detenido\\\/\",\"name\":\"Iguaz\u00fa: Le robo la motocicleta e intent\u00f3 vendersele a su due\u00f1o en redes sociales, fue detenido | CVI NOTICIAS\",\"isPartOf\":{\"@id\":\"https:\\\/\\\/cvinoticias.com\\\/v3\\\/#website\"},\"primaryImageOfPage\":{\"@id\":\"https:\\\/\\\/cvinoticias.com\\\/v3\\\/iguazu-le-robo-la-motocicleta-e-intento-vendersele-a-su-dueno-en-redes-sociales-fue-detenido\\\/#primaryimage\"},\"image\":{\"@id\":\"https:\\\/\\\/cvinoticias.com\\\/v3\\\/iguazu-le-robo-la-motocicleta-e-intento-vendersele-a-su-dueno-en-redes-sociales-fue-detenido\\\/#primaryimage\"},\"thumbnailUrl\":\"https:\\\/\\\/cvinoticias.com\\\/wp-content\\\/uploads\\\/2022\\\/12\\\/FB_IMG_1672349869855.jpg\",\"datePublished\":\"2022-12-29T21:40:01+00:00\",\"breadcrumb\":{\"@id\":\"https:\\\/\\\/cvinoticias.com\\\/v3\\\/iguazu-le-robo-la-motocicleta-e-intento-vendersele-a-su-dueno-en-redes-sociales-fue-detenido\\\/#breadcrumb\"},\"inLanguage\":\"es\",\"potentialAction\":[{\"@type\":\"ReadAction\",\"target\":[\"https:\\\/\\\/cvinoticias.com\\\/v3\\\/iguazu-le-robo-la-motocicleta-e-intento-vendersele-a-su-dueno-en-redes-sociales-fue-detenido\\\/\"]}]},{\"@type\":\"ImageObject\",\"inLanguage\":\"es\",\"@id\":\"https:\\\/\\\/cvinoticias.com\\\/v3\\\/iguazu-le-robo-la-motocicleta-e-intento-vendersele-a-su-dueno-en-redes-sociales-fue-detenido\\\/#primaryimage\",\"url\":\"https:\\\/\\\/cvinoticias.com\\\/wp-content\\\/uploads\\\/2022\\\/12\\\/FB_IMG_1672349869855.jpg\",\"contentUrl\":\"https:\\\/\\\/cvinoticias.com\\\/wp-content\\\/uploads\\\/2022\\\/12\\\/FB_IMG_1672349869855.jpg\",\"width\":1080,\"height\":1440},{\"@type\":\"BreadcrumbList\",\"@id\":\"https:\\\/\\\/cvinoticias.com\\\/v3\\\/iguazu-le-robo-la-motocicleta-e-intento-vendersele-a-su-dueno-en-redes-sociales-fue-detenido\\\/#breadcrumb\",\"itemListElement\":[{\"@type\":\"ListItem\",\"position\":1,\"name\":\"Portada\",\"item\":\"https:\\\/\\\/cvinoticias.com\\\/v3\\\/\"},{\"@type\":\"ListItem\",\"position\":2,\"name\":\"Iguaz\u00fa: Le robo la motocicleta e intent\u00f3 vendersele a su due\u00f1o en redes sociales, fue detenido\"}]},{\"@type\":\"WebSite\",\"@id\":\"https:\\\/\\\/cvinoticias.com\\\/v3\\\/#website\",\"url\":\"https:\\\/\\\/cvinoticias.com\\\/v3\\\/\",\"name\":\"CVI NOTICIAS\",\"description\":\"\",\"publisher\":{\"@id\":\"https:\\\/\\\/cvinoticias.com\\\/v3\\\/#organization\"},\"alternateName\":\"CVI\",\"potentialAction\":[{\"@type\":\"SearchAction\",\"target\":{\"@type\":\"EntryPoint\",\"urlTemplate\":\"https:\\\/\\\/cvinoticias.com\\\/v3\\\/?s={search_term_string}\"},\"query-input\":{\"@type\":\"PropertyValueSpecification\",\"valueRequired\":true,\"valueName\":\"search_term_string\"}}],\"inLanguage\":\"es\"},{\"@type\":\"Organization\",\"@id\":\"https:\\\/\\\/cvinoticias.com\\\/v3\\\/#organization\",\"name\":\"CVI NOTICIAS\",\"url\":\"https:\\\/\\\/cvinoticias.com\\\/v3\\\/\",\"logo\":{\"@type\":\"ImageObject\",\"inLanguage\":\"es\",\"@id\":\"https:\\\/\\\/cvinoticias.com\\\/v3\\\/#\\\/schema\\\/logo\\\/image\\\/\",\"url\":\"https:\\\/\\\/cvinoticias.com\\\/wp-content\\\/uploads\\\/2023\\\/04\\\/cropped-cropped-cropped-cropped-cropped-3-1.png\",\"contentUrl\":\"https:\\\/\\\/cvinoticias.com\\\/wp-content\\\/uploads\\\/2023\\\/04\\\/cropped-cropped-cropped-cropped-cropped-3-1.png\",\"width\":95,\"height\":122,\"caption\":\"CVI NOTICIAS\"},\"image\":{\"@id\":\"https:\\\/\\\/cvinoticias.com\\\/v3\\\/#\\\/schema\\\/logo\\\/image\\\/\"},\"sameAs\":[\"https:\\\/\\\/www.facebook.com\\\/cvinoticias\",\"https:\\\/\\\/www.instagram.com\\\/cvinoticias\\\/\",\"https:\\\/\\\/www.youtube.com\\\/@CVINOTICIAS\"]},{\"@type\":\"Person\",\"@id\":\"https:\\\/\\\/cvinoticias.com\\\/v3\\\/#\\\/schema\\\/person\\\/2db77e3c6bc03c538495d7b2b8be9b66\",\"name\":\"f1000024\",\"image\":{\"@type\":\"ImageObject\",\"inLanguage\":\"es\",\"@id\":\"https:\\\/\\\/secure.gravatar.com\\\/avatar\\\/d4fe7459cfc51ff5129ce1a732bbef5928568b8092d412ef95611616376bbeed?s=96&d=mm&r=g\",\"url\":\"https:\\\/\\\/secure.gravatar.com\\\/avatar\\\/d4fe7459cfc51ff5129ce1a732bbef5928568b8092d412ef95611616376bbeed?s=96&d=mm&r=g\",\"contentUrl\":\"https:\\\/\\\/secure.gravatar.com\\\/avatar\\\/d4fe7459cfc51ff5129ce1a732bbef5928568b8092d412ef95611616376bbeed?s=96&d=mm&r=g\",\"caption\":\"f1000024\"},\"url\":\"https:\\\/\\\/cvinoticias.com\\\/v3\\\/author\\\/f1000024\\\/\"}]}<\/script>\n<!-- \/ Yoast SEO plugin. -->","yoast_head_json":{"title":"Iguaz\u00fa: Le robo la motocicleta e intent\u00f3 vendersele a su due\u00f1o en redes sociales, fue detenido | CVI NOTICIAS","robots":{"index":"index","follow":"follow","max-snippet":"max-snippet:-1","max-image-preview":"max-image-preview:large","max-video-preview":"max-video-preview:-1"},"canonical":"https:\/\/cvinoticias.com\/v3\/iguazu-le-robo-la-motocicleta-e-intento-vendersele-a-su-dueno-en-redes-sociales-fue-detenido\/","og_locale":"es_ES","og_type":"article","og_title":"Iguaz\u00fa: Le robo la motocicleta e intent\u00f3 vendersele a su due\u00f1o en redes sociales, fue detenido | CVI NOTICIAS","og_description":"El joven de 22 a\u00f1os adem\u00e1s intent\u00f3 vender el motovehiculo en una p\u00e1gina de compra- venta. Intervinieron efectivos de la comisar\u00eda seccional segunda URV. Seg\u00fan denunci\u00f3 en la v\u00edspera el damnificado mencion\u00f3 que circulaba a bordo de su motocicleta de 110 c.c. color negro por la calle Tambor de Tacuari al llegar a la interseccion [&hellip;]","og_url":"https:\/\/cvinoticias.com\/v3\/iguazu-le-robo-la-motocicleta-e-intento-vendersele-a-su-dueno-en-redes-sociales-fue-detenido\/","og_site_name":"CVI NOTICIAS","article_publisher":"https:\/\/www.facebook.com\/cvinoticias","article_published_time":"2022-12-29T21:40:01+00:00","og_image":[{"width":1080,"height":1440,"url":"https:\/\/cvinoticias.com\/wp-content\/uploads\/2022\/12\/FB_IMG_1672349869855.jpg","type":"image\/jpeg"}],"author":"f1000024","twitter_card":"summary_large_image","twitter_misc":{"Escrito por":"f1000024","Tiempo de lectura":"1 minuto"},"schema":{"@context":"https:\/\/schema.org","@graph":[{"@type":"Article","@id":"https:\/\/cvinoticias.com\/v3\/iguazu-le-robo-la-motocicleta-e-intento-vendersele-a-su-dueno-en-redes-sociales-fue-detenido\/#article","isPartOf":{"@id":"https:\/\/cvinoticias.com\/v3\/iguazu-le-robo-la-motocicleta-e-intento-vendersele-a-su-dueno-en-redes-sociales-fue-detenido\/"},"author":{"name":"f1000024","@id":"https:\/\/cvinoticias.com\/v3\/#\/schema\/person\/2db77e3c6bc03c538495d7b2b8be9b66"},"headline":"Iguaz\u00fa: Le robo la motocicleta e intent\u00f3 vendersele a su due\u00f1o en redes sociales, fue detenido","datePublished":"2022-12-29T21:40:01+00:00","mainEntityOfPage":{"@id":"https:\/\/cvinoticias.com\/v3\/iguazu-le-robo-la-motocicleta-e-intento-vendersele-a-su-dueno-en-redes-sociales-fue-detenido\/"},"wordCount":245,"commentCount":0,"publisher":{"@id":"https:\/\/cvinoticias.com\/v3\/#organization"},"image":{"@id":"https:\/\/cvinoticias.com\/v3\/iguazu-le-robo-la-motocicleta-e-intento-vendersele-a-su-dueno-en-redes-sociales-fue-detenido\/#primaryimage"},"thumbnailUrl":"https:\/\/cvinoticias.com\/wp-content\/uploads\/2022\/12\/FB_IMG_1672349869855.jpg","articleSection":["Policiales"],"inLanguage":"es","potentialAction":[{"@type":"CommentAction","name":"Comment","target":["https:\/\/cvinoticias.com\/v3\/iguazu-le-robo-la-motocicleta-e-intento-vendersele-a-su-dueno-en-redes-sociales-fue-detenido\/#respond"]}]},{"@type":"WebPage","@id":"https:\/\/cvinoticias.com\/v3\/iguazu-le-robo-la-motocicleta-e-intento-vendersele-a-su-dueno-en-redes-sociales-fue-detenido\/","url":"https:\/\/cvinoticias.com\/v3\/iguazu-le-robo-la-motocicleta-e-intento-vendersele-a-su-dueno-en-redes-sociales-fue-detenido\/","name":"Iguaz\u00fa: Le robo la motocicleta e intent\u00f3 vendersele a su due\u00f1o en redes sociales, fue detenido | CVI NOTICIAS","isPartOf":{"@id":"https:\/\/cvinoticias.com\/v3\/#website"},"primaryImageOfPage":{"@id":"https:\/\/cvinoticias.com\/v3\/iguazu-le-robo-la-motocicleta-e-intento-vendersele-a-su-dueno-en-redes-sociales-fue-detenido\/#primaryimage"},"image":{"@id":"https:\/\/cvinoticias.com\/v3\/iguazu-le-robo-la-motocicleta-e-intento-vendersele-a-su-dueno-en-redes-sociales-fue-detenido\/#primaryimage"},"thumbnailUrl":"https:\/\/cvinoticias.com\/wp-content\/uploads\/2022\/12\/FB_IMG_1672349869855.jpg","datePublished":"2022-12-29T21:40:01+00:00","breadcrumb":{"@id":"https:\/\/cvinoticias.com\/v3\/iguazu-le-robo-la-motocicleta-e-intento-vendersele-a-su-dueno-en-redes-sociales-fue-detenido\/#breadcrumb"},"inLanguage":"es","potentialAction":[{"@type":"ReadAction","target":["https:\/\/cvinoticias.com\/v3\/iguazu-le-robo-la-motocicleta-e-intento-vendersele-a-su-dueno-en-redes-sociales-fue-detenido\/"]}]},{"@type":"ImageObject","inLanguage":"es","@id":"https:\/\/cvinoticias.com\/v3\/iguazu-le-robo-la-motocicleta-e-intento-vendersele-a-su-dueno-en-redes-sociales-fue-detenido\/#primaryimage","url":"https:\/\/cvinoticias.com\/wp-content\/uploads\/2022\/12\/FB_IMG_1672349869855.jpg","contentUrl":"https:\/\/cvinoticias.com\/wp-content\/uploads\/2022\/12\/FB_IMG_1672349869855.jpg","width":1080,"height":1440},{"@type":"BreadcrumbList","@id":"https:\/\/cvinoticias.com\/v3\/iguazu-le-robo-la-motocicleta-e-intento-vendersele-a-su-dueno-en-redes-sociales-fue-detenido\/#breadcrumb","itemListElement":[{"@type":"ListItem","position":1,"name":"Portada","item":"https:\/\/cvinoticias.com\/v3\/"},{"@type":"ListItem","position":2,"name":"Iguaz\u00fa: Le robo la motocicleta e intent\u00f3 vendersele a su due\u00f1o en redes sociales, fue detenido"}]},{"@type":"WebSite","@id":"https:\/\/cvinoticias.com\/v3\/#website","url":"https:\/\/cvinoticias.com\/v3\/","name":"CVI NOTICIAS","description":"","publisher":{"@id":"https:\/\/cvinoticias.com\/v3\/#organization"},"alternateName":"CVI","potentialAction":[{"@type":"SearchAction","target":{"@type":"EntryPoint","urlTemplate":"https:\/\/cvinoticias.com\/v3\/?s={search_term_string}"},"query-input":{"@type":"PropertyValueSpecification","valueRequired":true,"valueName":"search_term_string"}}],"inLanguage":"es"},{"@type":"Organization","@id":"https:\/\/cvinoticias.com\/v3\/#organization","name":"CVI NOTICIAS","url":"https:\/\/cvinoticias.com\/v3\/","logo":{"@type":"ImageObject","inLanguage":"es","@id":"https:\/\/cvinoticias.com\/v3\/#\/schema\/logo\/image\/","url":"https:\/\/cvinoticias.com\/wp-content\/uploads\/2023\/04\/cropped-cropped-cropped-cropped-cropped-3-1.png","contentUrl":"https:\/\/cvinoticias.com\/wp-content\/uploads\/2023\/04\/cropped-cropped-cropped-cropped-cropped-3-1.png","width":95,"height":122,"caption":"CVI NOTICIAS"},"image":{"@id":"https:\/\/cvinoticias.com\/v3\/#\/schema\/logo\/image\/"},"sameAs":["https:\/\/www.facebook.com\/cvinoticias","https:\/\/www.instagram.com\/cvinoticias\/","https:\/\/www.youtube.com\/@CVINOTICIAS"]},{"@type":"Person","@id":"https:\/\/cvinoticias.com\/v3\/#\/schema\/person\/2db77e3c6bc03c538495d7b2b8be9b66","name":"f1000024","image":{"@type":"ImageObject","inLanguage":"es","@id":"https:\/\/secure.gravatar.com\/avatar\/d4fe7459cfc51ff5129ce1a732bbef5928568b8092d412ef95611616376bbeed?s=96&d=mm&r=g","url":"https:\/\/secure.gravatar.com\/avatar\/d4fe7459cfc51ff5129ce1a732bbef5928568b8092d412ef95611616376bbeed?s=96&d=mm&r=g","contentUrl":"https:\/\/secure.gravatar.com\/avatar\/d4fe7459cfc51ff5129ce1a732bbef5928568b8092d412ef95611616376bbeed?s=96&d=mm&r=g","caption":"f1000024"},"url":"https:\/\/cvinoticias.com\/v3\/author\/f1000024\/"}]}},"_links":{"self":[{"href":"https:\/\/cvinoticias.com\/v3\/wp-json\/wp\/v2\/posts\/21473","targetHints":{"allow":["GET"]}}],"collection":[{"href":"https:\/\/cvinoticias.com\/v3\/wp-json\/wp\/v2\/posts"}],"about":[{"href":"https:\/\/cvinoticias.com\/v3\/wp-json\/wp\/v2\/types\/post"}],"author":[{"embeddable":true,"href":"https:\/\/cvinoticias.com\/v3\/wp-json\/wp\/v2\/users\/2"}],"replies":[{"embeddable":true,"href":"https:\/\/cvinoticias.com\/v3\/wp-json\/wp\/v2\/comments?post=21473"}],"version-history":[{"count":1,"href":"https:\/\/cvinoticias.com\/v3\/wp-json\/wp\/v2\/posts\/21473\/revisions"}],"predecessor-version":[{"id":21475,"href":"https:\/\/cvinoticias.com\/v3\/wp-json\/wp\/v2\/posts\/21473\/revisions\/21475"}],"wp:featuredmedia":[{"embeddable":true,"href":"https:\/\/cvinoticias.com\/v3\/wp-json\/wp\/v2\/media\/21474"}],"wp:attachment":[{"href":"https:\/\/cvinoticias.com\/v3\/wp-json\/wp\/v2\/media?parent=21473"}],"wp:term":[{"taxonomy":"category","embeddable":true,"href":"https:\/\/cvinoticias.com\/v3\/wp-json\/wp\/v2\/categories?post=21473"},{"taxonomy":"post_tag","embeddable":true,"href":"https:\/\/cvinoticias.com\/v3\/wp-json\/wp\/v2\/tags?post=21473"}],"curies":[{"name":"wp","href":"https:\/\/api.w.org\/{rel}","templated":true}]}}