{"id":21469,"date":"2022-12-29T19:15:12","date_gmt":"2022-12-29T19:15:12","guid":{"rendered":"https:\/\/cvinoticias.com\/v3\/?p=21469"},"modified":"2022-12-29T19:20:05","modified_gmt":"2022-12-29T19:20:05","slug":"murio-pele-a-los-82-anos-el-gran-crack-de-brasileno","status":"publish","type":"post","link":"https:\/\/cvinoticias.com\/v3\/murio-pele-a-los-82-anos-el-gran-crack-de-brasileno\/","title":{"rendered":"Muri\u00f3 Pele, a los 82 a\u00f1os, el gran crack  Brasile\u00f1o"},"content":{"rendered":"\n<p><strong><em>Edson Arantes do Nascimento, m\u00e1s conocido como &#8216;Pel\u00e9&#8217;, falleci\u00f3 este 29 de diciembre de 2022 despu\u00e9s de no superar su \u00faltimo problema de salud.<\/em><\/strong><\/p>\n\n\n\n<p>El mundo de se viste de luto este 29 de diciembre de 2022 por el fallecimiento de Edson Arantes do Nascimento, Pel\u00e9. El brasile\u00f1o, nacido en el a\u00f1o 1940, fue mucho m\u00e1s que una estrella del f\u00fatbol. El verdadero rey de este deporte que deja tras de s\u00ed una leyenda dif\u00edcil de igualar.<\/p>\n\n\n\n<p>Recientemente, &#8216;O Rei&#8217; dej\u00f3 de responder al tratamiento de quimioterapia al que se somet\u00eda desde septiembre del a\u00f1o pasado, por lo que pas\u00f3 a cuidados paliativos. Ingresado en el Hospital Israelita Albert Einstein de Sao Paulo, recibi\u00f3 en las \u00faltimas semanas terapias no invasivas para aliviar el dolor y la falta de aire.<\/p>\n\n\n\n<p>Pel\u00e9 llevaba varios a\u00f1os padeciendo graves problemas de salud. Entrando y saliendo de diferentes hospitales. Pero ha sido ahora, con 82 a\u00f1os, cuando su cuerpo ha dicho basta. El mito del f\u00fatbol fue operado de un tumor en el col\u00f3n el pasado mes de septiembre de 2021. Su estado comenz\u00f3 as\u00ed a crear mucha preocupaci\u00f3n en el seno de su familia y tambi\u00e9n en el de los millones de fans que ten\u00eda y tiene por todos los rincones del planeta.<\/p>\n","protected":false},"excerpt":{"rendered":"<p>Edson Arantes do Nascimento, m\u00e1s conocido como &#8216;Pel\u00e9&#8217;, falleci\u00f3 este 29 de diciembre de 2022 despu\u00e9s de no superar su \u00faltimo problema de salud. El mundo de se viste de luto este 29 de diciembre de 2022 por el fallecimiento de Edson Arantes do Nascimento, Pel\u00e9. El brasile\u00f1o, nacido en el a\u00f1o 1940, fue mucho [&hellip;]<\/p>\n","protected":false},"author":2,"featured_media":21470,"comment_status":"open","ping_status":"open","sticky":false,"template":"","format":"standard","meta":{"footnotes":""},"categories":[36],"tags":[],"class_list":["post-21469","post","type-post","status-publish","format-standard","has-post-thumbnail","hentry","category-internacionales"],"yoast_head":"<!-- This site is optimized with the Yoast SEO plugin v27.5 - https:\/\/yoast.com\/product\/yoast-seo-wordpress\/ -->\n<title>Muri\u00f3 Pele, a los 82 a\u00f1os, el gran crack Brasile\u00f1o | CVI NOTICIAS<\/title>\n<meta name=\"robots\" content=\"index, follow, max-snippet:-1, max-image-preview:large, max-video-preview:-1\" \/>\n<link rel=\"canonical\" href=\"https:\/\/cvinoticias.com\/v3\/murio-pele-a-los-82-anos-el-gran-crack-de-brasileno\/\" \/>\n<meta property=\"og:locale\" content=\"es_ES\" \/>\n<meta property=\"og:type\" content=\"article\" \/>\n<meta property=\"og:title\" content=\"Muri\u00f3 Pele, a los 82 a\u00f1os, el gran crack Brasile\u00f1o | CVI NOTICIAS\" \/>\n<meta property=\"og:description\" content=\"Edson Arantes do Nascimento, m\u00e1s conocido como &#8216;Pel\u00e9&#8217;, falleci\u00f3 este 29 de diciembre de 2022 despu\u00e9s de no superar su \u00faltimo problema de salud. El mundo de se viste de luto este 29 de diciembre de 2022 por el fallecimiento de Edson Arantes do Nascimento, Pel\u00e9. El brasile\u00f1o, nacido en el a\u00f1o 1940, fue mucho [&hellip;]\" \/>\n<meta property=\"og:url\" content=\"https:\/\/cvinoticias.com\/v3\/murio-pele-a-los-82-anos-el-gran-crack-de-brasileno\/\" \/>\n<meta property=\"og:site_name\" content=\"CVI NOTICIAS\" \/>\n<meta property=\"article:publisher\" content=\"https:\/\/www.facebook.com\/cvinoticias\" \/>\n<meta property=\"article:published_time\" content=\"2022-12-29T19:15:12+00:00\" \/>\n<meta property=\"article:modified_time\" content=\"2022-12-29T19:20:05+00:00\" \/>\n<meta property=\"og:image\" content=\"https:\/\/cvinoticias.com\/wp-content\/uploads\/2022\/12\/dbc7594c-096d-4737-b577-8ed8259bb2ed_source-aspect-ratio_default_0.jpg\" \/>\n\t<meta property=\"og:image:width\" content=\"720\" \/>\n\t<meta property=\"og:image:height\" content=\"597\" \/>\n\t<meta property=\"og:image:type\" content=\"image\/jpeg\" \/>\n<meta name=\"author\" content=\"f1000024\" \/>\n<meta name=\"twitter:card\" content=\"summary_large_image\" \/>\n<meta name=\"twitter:label1\" content=\"Escrito por\" \/>\n\t<meta name=\"twitter:data1\" content=\"f1000024\" \/>\n\t<meta name=\"twitter:label2\" content=\"Tiempo de lectura\" \/>\n\t<meta name=\"twitter:data2\" content=\"1 minuto\" \/>\n<script type=\"application\/ld+json\" class=\"yoast-schema-graph\">{\"@context\":\"https:\\\/\\\/schema.org\",\"@graph\":[{\"@type\":\"Article\",\"@id\":\"https:\\\/\\\/cvinoticias.com\\\/v3\\\/murio-pele-a-los-82-anos-el-gran-crack-de-brasileno\\\/#article\",\"isPartOf\":{\"@id\":\"https:\\\/\\\/cvinoticias.com\\\/v3\\\/murio-pele-a-los-82-anos-el-gran-crack-de-brasileno\\\/\"},\"author\":{\"name\":\"f1000024\",\"@id\":\"https:\\\/\\\/cvinoticias.com\\\/v3\\\/#\\\/schema\\\/person\\\/2db77e3c6bc03c538495d7b2b8be9b66\"},\"headline\":\"Muri\u00f3 Pele, a los 82 a\u00f1os, el gran crack Brasile\u00f1o\",\"datePublished\":\"2022-12-29T19:15:12+00:00\",\"dateModified\":\"2022-12-29T19:20:05+00:00\",\"mainEntityOfPage\":{\"@id\":\"https:\\\/\\\/cvinoticias.com\\\/v3\\\/murio-pele-a-los-82-anos-el-gran-crack-de-brasileno\\\/\"},\"wordCount\":231,\"commentCount\":0,\"publisher\":{\"@id\":\"https:\\\/\\\/cvinoticias.com\\\/v3\\\/#organization\"},\"image\":{\"@id\":\"https:\\\/\\\/cvinoticias.com\\\/v3\\\/murio-pele-a-los-82-anos-el-gran-crack-de-brasileno\\\/#primaryimage\"},\"thumbnailUrl\":\"https:\\\/\\\/cvinoticias.com\\\/wp-content\\\/uploads\\\/2022\\\/12\\\/dbc7594c-096d-4737-b577-8ed8259bb2ed_source-aspect-ratio_default_0.jpg\",\"articleSection\":[\"Internacionales\"],\"inLanguage\":\"es\",\"potentialAction\":[{\"@type\":\"CommentAction\",\"name\":\"Comment\",\"target\":[\"https:\\\/\\\/cvinoticias.com\\\/v3\\\/murio-pele-a-los-82-anos-el-gran-crack-de-brasileno\\\/#respond\"]}]},{\"@type\":\"WebPage\",\"@id\":\"https:\\\/\\\/cvinoticias.com\\\/v3\\\/murio-pele-a-los-82-anos-el-gran-crack-de-brasileno\\\/\",\"url\":\"https:\\\/\\\/cvinoticias.com\\\/v3\\\/murio-pele-a-los-82-anos-el-gran-crack-de-brasileno\\\/\",\"name\":\"Muri\u00f3 Pele, a los 82 a\u00f1os, el gran crack Brasile\u00f1o | CVI NOTICIAS\",\"isPartOf\":{\"@id\":\"https:\\\/\\\/cvinoticias.com\\\/v3\\\/#website\"},\"primaryImageOfPage\":{\"@id\":\"https:\\\/\\\/cvinoticias.com\\\/v3\\\/murio-pele-a-los-82-anos-el-gran-crack-de-brasileno\\\/#primaryimage\"},\"image\":{\"@id\":\"https:\\\/\\\/cvinoticias.com\\\/v3\\\/murio-pele-a-los-82-anos-el-gran-crack-de-brasileno\\\/#primaryimage\"},\"thumbnailUrl\":\"https:\\\/\\\/cvinoticias.com\\\/wp-content\\\/uploads\\\/2022\\\/12\\\/dbc7594c-096d-4737-b577-8ed8259bb2ed_source-aspect-ratio_default_0.jpg\",\"datePublished\":\"2022-12-29T19:15:12+00:00\",\"dateModified\":\"2022-12-29T19:20:05+00:00\",\"breadcrumb\":{\"@id\":\"https:\\\/\\\/cvinoticias.com\\\/v3\\\/murio-pele-a-los-82-anos-el-gran-crack-de-brasileno\\\/#breadcrumb\"},\"inLanguage\":\"es\",\"potentialAction\":[{\"@type\":\"ReadAction\",\"target\":[\"https:\\\/\\\/cvinoticias.com\\\/v3\\\/murio-pele-a-los-82-anos-el-gran-crack-de-brasileno\\\/\"]}]},{\"@type\":\"ImageObject\",\"inLanguage\":\"es\",\"@id\":\"https:\\\/\\\/cvinoticias.com\\\/v3\\\/murio-pele-a-los-82-anos-el-gran-crack-de-brasileno\\\/#primaryimage\",\"url\":\"https:\\\/\\\/cvinoticias.com\\\/wp-content\\\/uploads\\\/2022\\\/12\\\/dbc7594c-096d-4737-b577-8ed8259bb2ed_source-aspect-ratio_default_0.jpg\",\"contentUrl\":\"https:\\\/\\\/cvinoticias.com\\\/wp-content\\\/uploads\\\/2022\\\/12\\\/dbc7594c-096d-4737-b577-8ed8259bb2ed_source-aspect-ratio_default_0.jpg\",\"width\":720,\"height\":597},{\"@type\":\"BreadcrumbList\",\"@id\":\"https:\\\/\\\/cvinoticias.com\\\/v3\\\/murio-pele-a-los-82-anos-el-gran-crack-de-brasileno\\\/#breadcrumb\",\"itemListElement\":[{\"@type\":\"ListItem\",\"position\":1,\"name\":\"Portada\",\"item\":\"https:\\\/\\\/cvinoticias.com\\\/v3\\\/\"},{\"@type\":\"ListItem\",\"position\":2,\"name\":\"Muri\u00f3 Pele, a los 82 a\u00f1os, el gran crack Brasile\u00f1o\"}]},{\"@type\":\"WebSite\",\"@id\":\"https:\\\/\\\/cvinoticias.com\\\/v3\\\/#website\",\"url\":\"https:\\\/\\\/cvinoticias.com\\\/v3\\\/\",\"name\":\"CVI NOTICIAS\",\"description\":\"\",\"publisher\":{\"@id\":\"https:\\\/\\\/cvinoticias.com\\\/v3\\\/#organization\"},\"alternateName\":\"CVI\",\"potentialAction\":[{\"@type\":\"SearchAction\",\"target\":{\"@type\":\"EntryPoint\",\"urlTemplate\":\"https:\\\/\\\/cvinoticias.com\\\/v3\\\/?s={search_term_string}\"},\"query-input\":{\"@type\":\"PropertyValueSpecification\",\"valueRequired\":true,\"valueName\":\"search_term_string\"}}],\"inLanguage\":\"es\"},{\"@type\":\"Organization\",\"@id\":\"https:\\\/\\\/cvinoticias.com\\\/v3\\\/#organization\",\"name\":\"CVI NOTICIAS\",\"url\":\"https:\\\/\\\/cvinoticias.com\\\/v3\\\/\",\"logo\":{\"@type\":\"ImageObject\",\"inLanguage\":\"es\",\"@id\":\"https:\\\/\\\/cvinoticias.com\\\/v3\\\/#\\\/schema\\\/logo\\\/image\\\/\",\"url\":\"https:\\\/\\\/cvinoticias.com\\\/wp-content\\\/uploads\\\/2023\\\/04\\\/cropped-cropped-cropped-cropped-cropped-3-1.png\",\"contentUrl\":\"https:\\\/\\\/cvinoticias.com\\\/wp-content\\\/uploads\\\/2023\\\/04\\\/cropped-cropped-cropped-cropped-cropped-3-1.png\",\"width\":95,\"height\":122,\"caption\":\"CVI NOTICIAS\"},\"image\":{\"@id\":\"https:\\\/\\\/cvinoticias.com\\\/v3\\\/#\\\/schema\\\/logo\\\/image\\\/\"},\"sameAs\":[\"https:\\\/\\\/www.facebook.com\\\/cvinoticias\",\"https:\\\/\\\/www.instagram.com\\\/cvinoticias\\\/\",\"https:\\\/\\\/www.youtube.com\\\/@CVINOTICIAS\"]},{\"@type\":\"Person\",\"@id\":\"https:\\\/\\\/cvinoticias.com\\\/v3\\\/#\\\/schema\\\/person\\\/2db77e3c6bc03c538495d7b2b8be9b66\",\"name\":\"f1000024\",\"image\":{\"@type\":\"ImageObject\",\"inLanguage\":\"es\",\"@id\":\"https:\\\/\\\/secure.gravatar.com\\\/avatar\\\/d4fe7459cfc51ff5129ce1a732bbef5928568b8092d412ef95611616376bbeed?s=96&d=mm&r=g\",\"url\":\"https:\\\/\\\/secure.gravatar.com\\\/avatar\\\/d4fe7459cfc51ff5129ce1a732bbef5928568b8092d412ef95611616376bbeed?s=96&d=mm&r=g\",\"contentUrl\":\"https:\\\/\\\/secure.gravatar.com\\\/avatar\\\/d4fe7459cfc51ff5129ce1a732bbef5928568b8092d412ef95611616376bbeed?s=96&d=mm&r=g\",\"caption\":\"f1000024\"},\"url\":\"https:\\\/\\\/cvinoticias.com\\\/v3\\\/author\\\/f1000024\\\/\"}]}<\/script>\n<!-- \/ Yoast SEO plugin. -->","yoast_head_json":{"title":"Muri\u00f3 Pele, a los 82 a\u00f1os, el gran crack Brasile\u00f1o | CVI NOTICIAS","robots":{"index":"index","follow":"follow","max-snippet":"max-snippet:-1","max-image-preview":"max-image-preview:large","max-video-preview":"max-video-preview:-1"},"canonical":"https:\/\/cvinoticias.com\/v3\/murio-pele-a-los-82-anos-el-gran-crack-de-brasileno\/","og_locale":"es_ES","og_type":"article","og_title":"Muri\u00f3 Pele, a los 82 a\u00f1os, el gran crack Brasile\u00f1o | CVI NOTICIAS","og_description":"Edson Arantes do Nascimento, m\u00e1s conocido como &#8216;Pel\u00e9&#8217;, falleci\u00f3 este 29 de diciembre de 2022 despu\u00e9s de no superar su \u00faltimo problema de salud. El mundo de se viste de luto este 29 de diciembre de 2022 por el fallecimiento de Edson Arantes do Nascimento, Pel\u00e9. El brasile\u00f1o, nacido en el a\u00f1o 1940, fue mucho [&hellip;]","og_url":"https:\/\/cvinoticias.com\/v3\/murio-pele-a-los-82-anos-el-gran-crack-de-brasileno\/","og_site_name":"CVI NOTICIAS","article_publisher":"https:\/\/www.facebook.com\/cvinoticias","article_published_time":"2022-12-29T19:15:12+00:00","article_modified_time":"2022-12-29T19:20:05+00:00","og_image":[{"width":720,"height":597,"url":"https:\/\/cvinoticias.com\/wp-content\/uploads\/2022\/12\/dbc7594c-096d-4737-b577-8ed8259bb2ed_source-aspect-ratio_default_0.jpg","type":"image\/jpeg"}],"author":"f1000024","twitter_card":"summary_large_image","twitter_misc":{"Escrito por":"f1000024","Tiempo de lectura":"1 minuto"},"schema":{"@context":"https:\/\/schema.org","@graph":[{"@type":"Article","@id":"https:\/\/cvinoticias.com\/v3\/murio-pele-a-los-82-anos-el-gran-crack-de-brasileno\/#article","isPartOf":{"@id":"https:\/\/cvinoticias.com\/v3\/murio-pele-a-los-82-anos-el-gran-crack-de-brasileno\/"},"author":{"name":"f1000024","@id":"https:\/\/cvinoticias.com\/v3\/#\/schema\/person\/2db77e3c6bc03c538495d7b2b8be9b66"},"headline":"Muri\u00f3 Pele, a los 82 a\u00f1os, el gran crack Brasile\u00f1o","datePublished":"2022-12-29T19:15:12+00:00","dateModified":"2022-12-29T19:20:05+00:00","mainEntityOfPage":{"@id":"https:\/\/cvinoticias.com\/v3\/murio-pele-a-los-82-anos-el-gran-crack-de-brasileno\/"},"wordCount":231,"commentCount":0,"publisher":{"@id":"https:\/\/cvinoticias.com\/v3\/#organization"},"image":{"@id":"https:\/\/cvinoticias.com\/v3\/murio-pele-a-los-82-anos-el-gran-crack-de-brasileno\/#primaryimage"},"thumbnailUrl":"https:\/\/cvinoticias.com\/wp-content\/uploads\/2022\/12\/dbc7594c-096d-4737-b577-8ed8259bb2ed_source-aspect-ratio_default_0.jpg","articleSection":["Internacionales"],"inLanguage":"es","potentialAction":[{"@type":"CommentAction","name":"Comment","target":["https:\/\/cvinoticias.com\/v3\/murio-pele-a-los-82-anos-el-gran-crack-de-brasileno\/#respond"]}]},{"@type":"WebPage","@id":"https:\/\/cvinoticias.com\/v3\/murio-pele-a-los-82-anos-el-gran-crack-de-brasileno\/","url":"https:\/\/cvinoticias.com\/v3\/murio-pele-a-los-82-anos-el-gran-crack-de-brasileno\/","name":"Muri\u00f3 Pele, a los 82 a\u00f1os, el gran crack Brasile\u00f1o | CVI NOTICIAS","isPartOf":{"@id":"https:\/\/cvinoticias.com\/v3\/#website"},"primaryImageOfPage":{"@id":"https:\/\/cvinoticias.com\/v3\/murio-pele-a-los-82-anos-el-gran-crack-de-brasileno\/#primaryimage"},"image":{"@id":"https:\/\/cvinoticias.com\/v3\/murio-pele-a-los-82-anos-el-gran-crack-de-brasileno\/#primaryimage"},"thumbnailUrl":"https:\/\/cvinoticias.com\/wp-content\/uploads\/2022\/12\/dbc7594c-096d-4737-b577-8ed8259bb2ed_source-aspect-ratio_default_0.jpg","datePublished":"2022-12-29T19:15:12+00:00","dateModified":"2022-12-29T19:20:05+00:00","breadcrumb":{"@id":"https:\/\/cvinoticias.com\/v3\/murio-pele-a-los-82-anos-el-gran-crack-de-brasileno\/#breadcrumb"},"inLanguage":"es","potentialAction":[{"@type":"ReadAction","target":["https:\/\/cvinoticias.com\/v3\/murio-pele-a-los-82-anos-el-gran-crack-de-brasileno\/"]}]},{"@type":"ImageObject","inLanguage":"es","@id":"https:\/\/cvinoticias.com\/v3\/murio-pele-a-los-82-anos-el-gran-crack-de-brasileno\/#primaryimage","url":"https:\/\/cvinoticias.com\/wp-content\/uploads\/2022\/12\/dbc7594c-096d-4737-b577-8ed8259bb2ed_source-aspect-ratio_default_0.jpg","contentUrl":"https:\/\/cvinoticias.com\/wp-content\/uploads\/2022\/12\/dbc7594c-096d-4737-b577-8ed8259bb2ed_source-aspect-ratio_default_0.jpg","width":720,"height":597},{"@type":"BreadcrumbList","@id":"https:\/\/cvinoticias.com\/v3\/murio-pele-a-los-82-anos-el-gran-crack-de-brasileno\/#breadcrumb","itemListElement":[{"@type":"ListItem","position":1,"name":"Portada","item":"https:\/\/cvinoticias.com\/v3\/"},{"@type":"ListItem","position":2,"name":"Muri\u00f3 Pele, a los 82 a\u00f1os, el gran crack Brasile\u00f1o"}]},{"@type":"WebSite","@id":"https:\/\/cvinoticias.com\/v3\/#website","url":"https:\/\/cvinoticias.com\/v3\/","name":"CVI NOTICIAS","description":"","publisher":{"@id":"https:\/\/cvinoticias.com\/v3\/#organization"},"alternateName":"CVI","potentialAction":[{"@type":"SearchAction","target":{"@type":"EntryPoint","urlTemplate":"https:\/\/cvinoticias.com\/v3\/?s={search_term_string}"},"query-input":{"@type":"PropertyValueSpecification","valueRequired":true,"valueName":"search_term_string"}}],"inLanguage":"es"},{"@type":"Organization","@id":"https:\/\/cvinoticias.com\/v3\/#organization","name":"CVI NOTICIAS","url":"https:\/\/cvinoticias.com\/v3\/","logo":{"@type":"ImageObject","inLanguage":"es","@id":"https:\/\/cvinoticias.com\/v3\/#\/schema\/logo\/image\/","url":"https:\/\/cvinoticias.com\/wp-content\/uploads\/2023\/04\/cropped-cropped-cropped-cropped-cropped-3-1.png","contentUrl":"https:\/\/cvinoticias.com\/wp-content\/uploads\/2023\/04\/cropped-cropped-cropped-cropped-cropped-3-1.png","width":95,"height":122,"caption":"CVI NOTICIAS"},"image":{"@id":"https:\/\/cvinoticias.com\/v3\/#\/schema\/logo\/image\/"},"sameAs":["https:\/\/www.facebook.com\/cvinoticias","https:\/\/www.instagram.com\/cvinoticias\/","https:\/\/www.youtube.com\/@CVINOTICIAS"]},{"@type":"Person","@id":"https:\/\/cvinoticias.com\/v3\/#\/schema\/person\/2db77e3c6bc03c538495d7b2b8be9b66","name":"f1000024","image":{"@type":"ImageObject","inLanguage":"es","@id":"https:\/\/secure.gravatar.com\/avatar\/d4fe7459cfc51ff5129ce1a732bbef5928568b8092d412ef95611616376bbeed?s=96&d=mm&r=g","url":"https:\/\/secure.gravatar.com\/avatar\/d4fe7459cfc51ff5129ce1a732bbef5928568b8092d412ef95611616376bbeed?s=96&d=mm&r=g","contentUrl":"https:\/\/secure.gravatar.com\/avatar\/d4fe7459cfc51ff5129ce1a732bbef5928568b8092d412ef95611616376bbeed?s=96&d=mm&r=g","caption":"f1000024"},"url":"https:\/\/cvinoticias.com\/v3\/author\/f1000024\/"}]}},"_links":{"self":[{"href":"https:\/\/cvinoticias.com\/v3\/wp-json\/wp\/v2\/posts\/21469","targetHints":{"allow":["GET"]}}],"collection":[{"href":"https:\/\/cvinoticias.com\/v3\/wp-json\/wp\/v2\/posts"}],"about":[{"href":"https:\/\/cvinoticias.com\/v3\/wp-json\/wp\/v2\/types\/post"}],"author":[{"embeddable":true,"href":"https:\/\/cvinoticias.com\/v3\/wp-json\/wp\/v2\/users\/2"}],"replies":[{"embeddable":true,"href":"https:\/\/cvinoticias.com\/v3\/wp-json\/wp\/v2\/comments?post=21469"}],"version-history":[{"count":2,"href":"https:\/\/cvinoticias.com\/v3\/wp-json\/wp\/v2\/posts\/21469\/revisions"}],"predecessor-version":[{"id":21472,"href":"https:\/\/cvinoticias.com\/v3\/wp-json\/wp\/v2\/posts\/21469\/revisions\/21472"}],"wp:featuredmedia":[{"embeddable":true,"href":"https:\/\/cvinoticias.com\/v3\/wp-json\/wp\/v2\/media\/21470"}],"wp:attachment":[{"href":"https:\/\/cvinoticias.com\/v3\/wp-json\/wp\/v2\/media?parent=21469"}],"wp:term":[{"taxonomy":"category","embeddable":true,"href":"https:\/\/cvinoticias.com\/v3\/wp-json\/wp\/v2\/categories?post=21469"},{"taxonomy":"post_tag","embeddable":true,"href":"https:\/\/cvinoticias.com\/v3\/wp-json\/wp\/v2\/tags?post=21469"}],"curies":[{"name":"wp","href":"https:\/\/api.w.org\/{rel}","templated":true}]}}