{"id":21460,"date":"2022-12-29T07:19:17","date_gmt":"2022-12-29T07:19:17","guid":{"rendered":"https:\/\/cvinoticias.com\/v3\/?p=21460"},"modified":"2022-12-29T07:19:17","modified_gmt":"2022-12-29T07:19:17","slug":"estela-de-carlotto-sobre-la-restitucion-del-nieto-132-cerramos-el-ano-con-mas-verdad","status":"publish","type":"post","link":"https:\/\/cvinoticias.com\/v3\/estela-de-carlotto-sobre-la-restitucion-del-nieto-132-cerramos-el-ano-con-mas-verdad\/","title":{"rendered":"Estela de Carlotto sobre la restituci\u00f3n del nieto 132: \u00abCerramos el a\u00f1o con m\u00e1s verdad\u00bb"},"content":{"rendered":"\n<p><strong><em>\u00abEs una noticia tan buena y tan seguida de la anterior. Pero as\u00ed es la vida, nos da sorpresas. \u00c9l est\u00e1 muy feliz y contento\u00bb, manifest\u00f3 la presidenta de Abuelas.<\/em><\/strong><\/p>\n\n\n\n<p>La presidenta de Abuelas de Plaza de Mayo, Estela de Carlotto, anunci\u00f3 la restituci\u00f3n de la identidad del nieto recuperado 132, llamado Juan, hijo de Mercedes del Valle Morales Romero, detenida-desaparecida en 1976 en Tucum\u00e1n.<\/p>\n\n\n\n<p>Seg\u00fan se explic\u00f3, el hombre a\u00fan busca su identidad gen\u00e9tica paterna. El nuevo nieto recuperado particip\u00f3 de la conferencia de prensa desde Tucum\u00e1n v\u00eda Zoom. Carlotto expres\u00f3 la \u00abenorme alegr\u00eda\u00bb por la nueva restituci\u00f3n -a s\u00f3lo una semana de haber anunciado la del nieto 131- en una conferencia de prensa brindada en la Casa por la Identidad en el Espacio Memoria y Derechos Humanos, en la exEsma, en el barrio porte\u00f1o de N\u00fa\u00f1ez.<\/p>\n\n\n\n<p>\u00abEsta ma\u00f1ana el Juzgado Federal N\u00ba1 de Tucum\u00e1n confirm\u00f3 al nieto 132 que no es hijo de la familia que lo crio como propio en dicha provincia. Esa familia era due\u00f1a de la finca donde trabajaba su madre legitima, Mercedes del Valle Morales, detenida y desaparecida en 1976\u00bb, cont\u00f3 la titular de Abuelas. Ahora el nieto busca saber la identidad de su verdadero padre.<\/p>\n\n\n\n<p class=\"has-small-font-size\"><strong>Restituci\u00f3n de un nuevo nieto<\/strong><br>El hombre que recuper\u00f3 su identidad pertenece a una familia diezmada por la dictadura c\u00edvico-militar. Su madre fue secuestrada cuando ten\u00eda 21 a\u00f1os (hab\u00eda nacido el 20 de agosto de 1954), el 20 de mayo de 1976 en la ciudad tucumana de Monteros y sus restos fueron identificados por el Equipo Argentino de Antropolog\u00eda Forense (EAAF) en 2010 y exhumados en el Cementerio del Norte, de San Miguel de Tucum\u00e1n.<\/p>\n\n\n\n<p>Tambi\u00e9n fueron secuestrados y permanecen desaparecidos los abuelos de Juan, Jos\u00e9 Ram\u00f3n Morales y Toribia Del Tr\u00e1nsito Romero, y un t\u00edo llamado Julio C\u00e9sar Morales.<\/p>\n\n\n\n<p>Las Abuelas manifestaron que \u00abel 2022 finaliza as\u00ed con la resoluci\u00f3n de un nuevo caso que renueva las esperanzas de este camino de verdad, memoria, justicia e identidad\u00bb y se\u00f1alaron que \u00abesperamos que el 2023 nos reciba con muchos m\u00e1s encuentros\u00bb.<\/p>\n\n\n\n<p>Abuelas de Plaza de Mayo hab\u00eda anunciado el jueves pasado la restituci\u00f3n de la identidad del nieto 131 y en esa oportunidad Carlotto sostuvo que el hecho \u00abnos da esperanza de encontrar a los que faltan\u00bb.<\/p>\n\n\n\n<p>Entonces revelaron que ese nieto es hijo de los militantes mendocinos del PTR-ERP Luc\u00eda Nadin y Aldo Quevedo, quienes fueron secuestrados en 1977 y llevados al Centro Clandestino de Detenci\u00f3n \u00abClub Atl\u00e9tico\u00bb en la ciudad de Buenos Aires.<\/p>\n\n\n\n<p>Carlotto precis\u00f3 en esa ocasi\u00f3n que la mujer estaba embarazada de dos o tres meses cuando fue secuestrada en 1977 y que hay sospechas de que el parto podr\u00eda haberse producido en la Escuela Mec\u00e1nica de la Armada (ESMA).<\/p>\n","protected":false},"excerpt":{"rendered":"<p>\u00abEs una noticia tan buena y tan seguida de la anterior. Pero as\u00ed es la vida, nos da sorpresas. \u00c9l est\u00e1 muy feliz y contento\u00bb, manifest\u00f3 la presidenta de Abuelas. La presidenta de Abuelas de Plaza de Mayo, Estela de Carlotto, anunci\u00f3 la restituci\u00f3n de la identidad del nieto recuperado 132, llamado Juan, hijo de [&hellip;]<\/p>\n","protected":false},"author":2,"featured_media":21461,"comment_status":"open","ping_status":"open","sticky":false,"template":"","format":"standard","meta":{"footnotes":""},"categories":[39],"tags":[],"class_list":["post-21460","post","type-post","status-publish","format-standard","has-post-thumbnail","hentry","category-nacionales"],"yoast_head":"<!-- This site is optimized with the Yoast SEO plugin v27.5 - https:\/\/yoast.com\/product\/yoast-seo-wordpress\/ -->\n<title>Estela de Carlotto sobre la restituci\u00f3n del nieto 132: &quot;Cerramos el a\u00f1o con m\u00e1s verdad&quot; | CVI NOTICIAS<\/title>\n<meta name=\"robots\" content=\"index, follow, max-snippet:-1, max-image-preview:large, max-video-preview:-1\" \/>\n<link rel=\"canonical\" href=\"https:\/\/cvinoticias.com\/v3\/estela-de-carlotto-sobre-la-restitucion-del-nieto-132-cerramos-el-ano-con-mas-verdad\/\" \/>\n<meta property=\"og:locale\" content=\"es_ES\" \/>\n<meta property=\"og:type\" content=\"article\" \/>\n<meta property=\"og:title\" content=\"Estela de Carlotto sobre la restituci\u00f3n del nieto 132: &quot;Cerramos el a\u00f1o con m\u00e1s verdad&quot; | CVI NOTICIAS\" \/>\n<meta property=\"og:description\" content=\"\u00abEs una noticia tan buena y tan seguida de la anterior. Pero as\u00ed es la vida, nos da sorpresas. \u00c9l est\u00e1 muy feliz y contento\u00bb, manifest\u00f3 la presidenta de Abuelas. La presidenta de Abuelas de Plaza de Mayo, Estela de Carlotto, anunci\u00f3 la restituci\u00f3n de la identidad del nieto recuperado 132, llamado Juan, hijo de [&hellip;]\" \/>\n<meta property=\"og:url\" content=\"https:\/\/cvinoticias.com\/v3\/estela-de-carlotto-sobre-la-restitucion-del-nieto-132-cerramos-el-ano-con-mas-verdad\/\" \/>\n<meta property=\"og:site_name\" content=\"CVI NOTICIAS\" \/>\n<meta property=\"article:publisher\" content=\"https:\/\/www.facebook.com\/cvinoticias\" \/>\n<meta property=\"article:published_time\" content=\"2022-12-29T07:19:17+00:00\" \/>\n<meta property=\"og:image\" content=\"https:\/\/cvinoticias.com\/wp-content\/uploads\/2022\/12\/Screenshot_20221229-041759_Facebook.jpg\" \/>\n\t<meta property=\"og:image:width\" content=\"1079\" \/>\n\t<meta property=\"og:image:height\" content=\"600\" \/>\n\t<meta property=\"og:image:type\" content=\"image\/jpeg\" \/>\n<meta name=\"author\" content=\"f1000024\" \/>\n<meta name=\"twitter:card\" content=\"summary_large_image\" \/>\n<meta name=\"twitter:label1\" content=\"Escrito por\" \/>\n\t<meta name=\"twitter:data1\" content=\"f1000024\" \/>\n\t<meta name=\"twitter:label2\" content=\"Tiempo de lectura\" \/>\n\t<meta name=\"twitter:data2\" content=\"2 minutos\" \/>\n<script type=\"application\/ld+json\" class=\"yoast-schema-graph\">{\"@context\":\"https:\\\/\\\/schema.org\",\"@graph\":[{\"@type\":\"Article\",\"@id\":\"https:\\\/\\\/cvinoticias.com\\\/v3\\\/estela-de-carlotto-sobre-la-restitucion-del-nieto-132-cerramos-el-ano-con-mas-verdad\\\/#article\",\"isPartOf\":{\"@id\":\"https:\\\/\\\/cvinoticias.com\\\/v3\\\/estela-de-carlotto-sobre-la-restitucion-del-nieto-132-cerramos-el-ano-con-mas-verdad\\\/\"},\"author\":{\"name\":\"f1000024\",\"@id\":\"https:\\\/\\\/cvinoticias.com\\\/v3\\\/#\\\/schema\\\/person\\\/2db77e3c6bc03c538495d7b2b8be9b66\"},\"headline\":\"Estela de Carlotto sobre la restituci\u00f3n del nieto 132: \u00abCerramos el a\u00f1o con m\u00e1s verdad\u00bb\",\"datePublished\":\"2022-12-29T07:19:17+00:00\",\"mainEntityOfPage\":{\"@id\":\"https:\\\/\\\/cvinoticias.com\\\/v3\\\/estela-de-carlotto-sobre-la-restitucion-del-nieto-132-cerramos-el-ano-con-mas-verdad\\\/\"},\"wordCount\":496,\"commentCount\":0,\"publisher\":{\"@id\":\"https:\\\/\\\/cvinoticias.com\\\/v3\\\/#organization\"},\"image\":{\"@id\":\"https:\\\/\\\/cvinoticias.com\\\/v3\\\/estela-de-carlotto-sobre-la-restitucion-del-nieto-132-cerramos-el-ano-con-mas-verdad\\\/#primaryimage\"},\"thumbnailUrl\":\"https:\\\/\\\/cvinoticias.com\\\/wp-content\\\/uploads\\\/2022\\\/12\\\/Screenshot_20221229-041759_Facebook.jpg\",\"articleSection\":[\"Nacionales\"],\"inLanguage\":\"es\",\"potentialAction\":[{\"@type\":\"CommentAction\",\"name\":\"Comment\",\"target\":[\"https:\\\/\\\/cvinoticias.com\\\/v3\\\/estela-de-carlotto-sobre-la-restitucion-del-nieto-132-cerramos-el-ano-con-mas-verdad\\\/#respond\"]}]},{\"@type\":\"WebPage\",\"@id\":\"https:\\\/\\\/cvinoticias.com\\\/v3\\\/estela-de-carlotto-sobre-la-restitucion-del-nieto-132-cerramos-el-ano-con-mas-verdad\\\/\",\"url\":\"https:\\\/\\\/cvinoticias.com\\\/v3\\\/estela-de-carlotto-sobre-la-restitucion-del-nieto-132-cerramos-el-ano-con-mas-verdad\\\/\",\"name\":\"Estela de Carlotto sobre la restituci\u00f3n del nieto 132: \\\"Cerramos el a\u00f1o con m\u00e1s verdad\\\" | CVI NOTICIAS\",\"isPartOf\":{\"@id\":\"https:\\\/\\\/cvinoticias.com\\\/v3\\\/#website\"},\"primaryImageOfPage\":{\"@id\":\"https:\\\/\\\/cvinoticias.com\\\/v3\\\/estela-de-carlotto-sobre-la-restitucion-del-nieto-132-cerramos-el-ano-con-mas-verdad\\\/#primaryimage\"},\"image\":{\"@id\":\"https:\\\/\\\/cvinoticias.com\\\/v3\\\/estela-de-carlotto-sobre-la-restitucion-del-nieto-132-cerramos-el-ano-con-mas-verdad\\\/#primaryimage\"},\"thumbnailUrl\":\"https:\\\/\\\/cvinoticias.com\\\/wp-content\\\/uploads\\\/2022\\\/12\\\/Screenshot_20221229-041759_Facebook.jpg\",\"datePublished\":\"2022-12-29T07:19:17+00:00\",\"breadcrumb\":{\"@id\":\"https:\\\/\\\/cvinoticias.com\\\/v3\\\/estela-de-carlotto-sobre-la-restitucion-del-nieto-132-cerramos-el-ano-con-mas-verdad\\\/#breadcrumb\"},\"inLanguage\":\"es\",\"potentialAction\":[{\"@type\":\"ReadAction\",\"target\":[\"https:\\\/\\\/cvinoticias.com\\\/v3\\\/estela-de-carlotto-sobre-la-restitucion-del-nieto-132-cerramos-el-ano-con-mas-verdad\\\/\"]}]},{\"@type\":\"ImageObject\",\"inLanguage\":\"es\",\"@id\":\"https:\\\/\\\/cvinoticias.com\\\/v3\\\/estela-de-carlotto-sobre-la-restitucion-del-nieto-132-cerramos-el-ano-con-mas-verdad\\\/#primaryimage\",\"url\":\"https:\\\/\\\/cvinoticias.com\\\/wp-content\\\/uploads\\\/2022\\\/12\\\/Screenshot_20221229-041759_Facebook.jpg\",\"contentUrl\":\"https:\\\/\\\/cvinoticias.com\\\/wp-content\\\/uploads\\\/2022\\\/12\\\/Screenshot_20221229-041759_Facebook.jpg\",\"width\":1079,\"height\":600},{\"@type\":\"BreadcrumbList\",\"@id\":\"https:\\\/\\\/cvinoticias.com\\\/v3\\\/estela-de-carlotto-sobre-la-restitucion-del-nieto-132-cerramos-el-ano-con-mas-verdad\\\/#breadcrumb\",\"itemListElement\":[{\"@type\":\"ListItem\",\"position\":1,\"name\":\"Portada\",\"item\":\"https:\\\/\\\/cvinoticias.com\\\/v3\\\/\"},{\"@type\":\"ListItem\",\"position\":2,\"name\":\"Estela de Carlotto sobre la restituci\u00f3n del nieto 132: \u00abCerramos el a\u00f1o con m\u00e1s verdad\u00bb\"}]},{\"@type\":\"WebSite\",\"@id\":\"https:\\\/\\\/cvinoticias.com\\\/v3\\\/#website\",\"url\":\"https:\\\/\\\/cvinoticias.com\\\/v3\\\/\",\"name\":\"CVI NOTICIAS\",\"description\":\"\",\"publisher\":{\"@id\":\"https:\\\/\\\/cvinoticias.com\\\/v3\\\/#organization\"},\"alternateName\":\"CVI\",\"potentialAction\":[{\"@type\":\"SearchAction\",\"target\":{\"@type\":\"EntryPoint\",\"urlTemplate\":\"https:\\\/\\\/cvinoticias.com\\\/v3\\\/?s={search_term_string}\"},\"query-input\":{\"@type\":\"PropertyValueSpecification\",\"valueRequired\":true,\"valueName\":\"search_term_string\"}}],\"inLanguage\":\"es\"},{\"@type\":\"Organization\",\"@id\":\"https:\\\/\\\/cvinoticias.com\\\/v3\\\/#organization\",\"name\":\"CVI NOTICIAS\",\"url\":\"https:\\\/\\\/cvinoticias.com\\\/v3\\\/\",\"logo\":{\"@type\":\"ImageObject\",\"inLanguage\":\"es\",\"@id\":\"https:\\\/\\\/cvinoticias.com\\\/v3\\\/#\\\/schema\\\/logo\\\/image\\\/\",\"url\":\"https:\\\/\\\/cvinoticias.com\\\/wp-content\\\/uploads\\\/2023\\\/04\\\/cropped-cropped-cropped-cropped-cropped-3-1.png\",\"contentUrl\":\"https:\\\/\\\/cvinoticias.com\\\/wp-content\\\/uploads\\\/2023\\\/04\\\/cropped-cropped-cropped-cropped-cropped-3-1.png\",\"width\":95,\"height\":122,\"caption\":\"CVI NOTICIAS\"},\"image\":{\"@id\":\"https:\\\/\\\/cvinoticias.com\\\/v3\\\/#\\\/schema\\\/logo\\\/image\\\/\"},\"sameAs\":[\"https:\\\/\\\/www.facebook.com\\\/cvinoticias\",\"https:\\\/\\\/www.instagram.com\\\/cvinoticias\\\/\",\"https:\\\/\\\/www.youtube.com\\\/@CVINOTICIAS\"]},{\"@type\":\"Person\",\"@id\":\"https:\\\/\\\/cvinoticias.com\\\/v3\\\/#\\\/schema\\\/person\\\/2db77e3c6bc03c538495d7b2b8be9b66\",\"name\":\"f1000024\",\"image\":{\"@type\":\"ImageObject\",\"inLanguage\":\"es\",\"@id\":\"https:\\\/\\\/secure.gravatar.com\\\/avatar\\\/d4fe7459cfc51ff5129ce1a732bbef5928568b8092d412ef95611616376bbeed?s=96&d=mm&r=g\",\"url\":\"https:\\\/\\\/secure.gravatar.com\\\/avatar\\\/d4fe7459cfc51ff5129ce1a732bbef5928568b8092d412ef95611616376bbeed?s=96&d=mm&r=g\",\"contentUrl\":\"https:\\\/\\\/secure.gravatar.com\\\/avatar\\\/d4fe7459cfc51ff5129ce1a732bbef5928568b8092d412ef95611616376bbeed?s=96&d=mm&r=g\",\"caption\":\"f1000024\"},\"url\":\"https:\\\/\\\/cvinoticias.com\\\/v3\\\/author\\\/f1000024\\\/\"}]}<\/script>\n<!-- \/ Yoast SEO plugin. -->","yoast_head_json":{"title":"Estela de Carlotto sobre la restituci\u00f3n del nieto 132: \"Cerramos el a\u00f1o con m\u00e1s verdad\" | CVI NOTICIAS","robots":{"index":"index","follow":"follow","max-snippet":"max-snippet:-1","max-image-preview":"max-image-preview:large","max-video-preview":"max-video-preview:-1"},"canonical":"https:\/\/cvinoticias.com\/v3\/estela-de-carlotto-sobre-la-restitucion-del-nieto-132-cerramos-el-ano-con-mas-verdad\/","og_locale":"es_ES","og_type":"article","og_title":"Estela de Carlotto sobre la restituci\u00f3n del nieto 132: \"Cerramos el a\u00f1o con m\u00e1s verdad\" | CVI NOTICIAS","og_description":"\u00abEs una noticia tan buena y tan seguida de la anterior. Pero as\u00ed es la vida, nos da sorpresas. \u00c9l est\u00e1 muy feliz y contento\u00bb, manifest\u00f3 la presidenta de Abuelas. La presidenta de Abuelas de Plaza de Mayo, Estela de Carlotto, anunci\u00f3 la restituci\u00f3n de la identidad del nieto recuperado 132, llamado Juan, hijo de [&hellip;]","og_url":"https:\/\/cvinoticias.com\/v3\/estela-de-carlotto-sobre-la-restitucion-del-nieto-132-cerramos-el-ano-con-mas-verdad\/","og_site_name":"CVI NOTICIAS","article_publisher":"https:\/\/www.facebook.com\/cvinoticias","article_published_time":"2022-12-29T07:19:17+00:00","og_image":[{"width":1079,"height":600,"url":"https:\/\/cvinoticias.com\/wp-content\/uploads\/2022\/12\/Screenshot_20221229-041759_Facebook.jpg","type":"image\/jpeg"}],"author":"f1000024","twitter_card":"summary_large_image","twitter_misc":{"Escrito por":"f1000024","Tiempo de lectura":"2 minutos"},"schema":{"@context":"https:\/\/schema.org","@graph":[{"@type":"Article","@id":"https:\/\/cvinoticias.com\/v3\/estela-de-carlotto-sobre-la-restitucion-del-nieto-132-cerramos-el-ano-con-mas-verdad\/#article","isPartOf":{"@id":"https:\/\/cvinoticias.com\/v3\/estela-de-carlotto-sobre-la-restitucion-del-nieto-132-cerramos-el-ano-con-mas-verdad\/"},"author":{"name":"f1000024","@id":"https:\/\/cvinoticias.com\/v3\/#\/schema\/person\/2db77e3c6bc03c538495d7b2b8be9b66"},"headline":"Estela de Carlotto sobre la restituci\u00f3n del nieto 132: \u00abCerramos el a\u00f1o con m\u00e1s verdad\u00bb","datePublished":"2022-12-29T07:19:17+00:00","mainEntityOfPage":{"@id":"https:\/\/cvinoticias.com\/v3\/estela-de-carlotto-sobre-la-restitucion-del-nieto-132-cerramos-el-ano-con-mas-verdad\/"},"wordCount":496,"commentCount":0,"publisher":{"@id":"https:\/\/cvinoticias.com\/v3\/#organization"},"image":{"@id":"https:\/\/cvinoticias.com\/v3\/estela-de-carlotto-sobre-la-restitucion-del-nieto-132-cerramos-el-ano-con-mas-verdad\/#primaryimage"},"thumbnailUrl":"https:\/\/cvinoticias.com\/wp-content\/uploads\/2022\/12\/Screenshot_20221229-041759_Facebook.jpg","articleSection":["Nacionales"],"inLanguage":"es","potentialAction":[{"@type":"CommentAction","name":"Comment","target":["https:\/\/cvinoticias.com\/v3\/estela-de-carlotto-sobre-la-restitucion-del-nieto-132-cerramos-el-ano-con-mas-verdad\/#respond"]}]},{"@type":"WebPage","@id":"https:\/\/cvinoticias.com\/v3\/estela-de-carlotto-sobre-la-restitucion-del-nieto-132-cerramos-el-ano-con-mas-verdad\/","url":"https:\/\/cvinoticias.com\/v3\/estela-de-carlotto-sobre-la-restitucion-del-nieto-132-cerramos-el-ano-con-mas-verdad\/","name":"Estela de Carlotto sobre la restituci\u00f3n del nieto 132: \"Cerramos el a\u00f1o con m\u00e1s verdad\" | CVI NOTICIAS","isPartOf":{"@id":"https:\/\/cvinoticias.com\/v3\/#website"},"primaryImageOfPage":{"@id":"https:\/\/cvinoticias.com\/v3\/estela-de-carlotto-sobre-la-restitucion-del-nieto-132-cerramos-el-ano-con-mas-verdad\/#primaryimage"},"image":{"@id":"https:\/\/cvinoticias.com\/v3\/estela-de-carlotto-sobre-la-restitucion-del-nieto-132-cerramos-el-ano-con-mas-verdad\/#primaryimage"},"thumbnailUrl":"https:\/\/cvinoticias.com\/wp-content\/uploads\/2022\/12\/Screenshot_20221229-041759_Facebook.jpg","datePublished":"2022-12-29T07:19:17+00:00","breadcrumb":{"@id":"https:\/\/cvinoticias.com\/v3\/estela-de-carlotto-sobre-la-restitucion-del-nieto-132-cerramos-el-ano-con-mas-verdad\/#breadcrumb"},"inLanguage":"es","potentialAction":[{"@type":"ReadAction","target":["https:\/\/cvinoticias.com\/v3\/estela-de-carlotto-sobre-la-restitucion-del-nieto-132-cerramos-el-ano-con-mas-verdad\/"]}]},{"@type":"ImageObject","inLanguage":"es","@id":"https:\/\/cvinoticias.com\/v3\/estela-de-carlotto-sobre-la-restitucion-del-nieto-132-cerramos-el-ano-con-mas-verdad\/#primaryimage","url":"https:\/\/cvinoticias.com\/wp-content\/uploads\/2022\/12\/Screenshot_20221229-041759_Facebook.jpg","contentUrl":"https:\/\/cvinoticias.com\/wp-content\/uploads\/2022\/12\/Screenshot_20221229-041759_Facebook.jpg","width":1079,"height":600},{"@type":"BreadcrumbList","@id":"https:\/\/cvinoticias.com\/v3\/estela-de-carlotto-sobre-la-restitucion-del-nieto-132-cerramos-el-ano-con-mas-verdad\/#breadcrumb","itemListElement":[{"@type":"ListItem","position":1,"name":"Portada","item":"https:\/\/cvinoticias.com\/v3\/"},{"@type":"ListItem","position":2,"name":"Estela de Carlotto sobre la restituci\u00f3n del nieto 132: \u00abCerramos el a\u00f1o con m\u00e1s verdad\u00bb"}]},{"@type":"WebSite","@id":"https:\/\/cvinoticias.com\/v3\/#website","url":"https:\/\/cvinoticias.com\/v3\/","name":"CVI NOTICIAS","description":"","publisher":{"@id":"https:\/\/cvinoticias.com\/v3\/#organization"},"alternateName":"CVI","potentialAction":[{"@type":"SearchAction","target":{"@type":"EntryPoint","urlTemplate":"https:\/\/cvinoticias.com\/v3\/?s={search_term_string}"},"query-input":{"@type":"PropertyValueSpecification","valueRequired":true,"valueName":"search_term_string"}}],"inLanguage":"es"},{"@type":"Organization","@id":"https:\/\/cvinoticias.com\/v3\/#organization","name":"CVI NOTICIAS","url":"https:\/\/cvinoticias.com\/v3\/","logo":{"@type":"ImageObject","inLanguage":"es","@id":"https:\/\/cvinoticias.com\/v3\/#\/schema\/logo\/image\/","url":"https:\/\/cvinoticias.com\/wp-content\/uploads\/2023\/04\/cropped-cropped-cropped-cropped-cropped-3-1.png","contentUrl":"https:\/\/cvinoticias.com\/wp-content\/uploads\/2023\/04\/cropped-cropped-cropped-cropped-cropped-3-1.png","width":95,"height":122,"caption":"CVI NOTICIAS"},"image":{"@id":"https:\/\/cvinoticias.com\/v3\/#\/schema\/logo\/image\/"},"sameAs":["https:\/\/www.facebook.com\/cvinoticias","https:\/\/www.instagram.com\/cvinoticias\/","https:\/\/www.youtube.com\/@CVINOTICIAS"]},{"@type":"Person","@id":"https:\/\/cvinoticias.com\/v3\/#\/schema\/person\/2db77e3c6bc03c538495d7b2b8be9b66","name":"f1000024","image":{"@type":"ImageObject","inLanguage":"es","@id":"https:\/\/secure.gravatar.com\/avatar\/d4fe7459cfc51ff5129ce1a732bbef5928568b8092d412ef95611616376bbeed?s=96&d=mm&r=g","url":"https:\/\/secure.gravatar.com\/avatar\/d4fe7459cfc51ff5129ce1a732bbef5928568b8092d412ef95611616376bbeed?s=96&d=mm&r=g","contentUrl":"https:\/\/secure.gravatar.com\/avatar\/d4fe7459cfc51ff5129ce1a732bbef5928568b8092d412ef95611616376bbeed?s=96&d=mm&r=g","caption":"f1000024"},"url":"https:\/\/cvinoticias.com\/v3\/author\/f1000024\/"}]}},"_links":{"self":[{"href":"https:\/\/cvinoticias.com\/v3\/wp-json\/wp\/v2\/posts\/21460","targetHints":{"allow":["GET"]}}],"collection":[{"href":"https:\/\/cvinoticias.com\/v3\/wp-json\/wp\/v2\/posts"}],"about":[{"href":"https:\/\/cvinoticias.com\/v3\/wp-json\/wp\/v2\/types\/post"}],"author":[{"embeddable":true,"href":"https:\/\/cvinoticias.com\/v3\/wp-json\/wp\/v2\/users\/2"}],"replies":[{"embeddable":true,"href":"https:\/\/cvinoticias.com\/v3\/wp-json\/wp\/v2\/comments?post=21460"}],"version-history":[{"count":1,"href":"https:\/\/cvinoticias.com\/v3\/wp-json\/wp\/v2\/posts\/21460\/revisions"}],"predecessor-version":[{"id":21462,"href":"https:\/\/cvinoticias.com\/v3\/wp-json\/wp\/v2\/posts\/21460\/revisions\/21462"}],"wp:featuredmedia":[{"embeddable":true,"href":"https:\/\/cvinoticias.com\/v3\/wp-json\/wp\/v2\/media\/21461"}],"wp:attachment":[{"href":"https:\/\/cvinoticias.com\/v3\/wp-json\/wp\/v2\/media?parent=21460"}],"wp:term":[{"taxonomy":"category","embeddable":true,"href":"https:\/\/cvinoticias.com\/v3\/wp-json\/wp\/v2\/categories?post=21460"},{"taxonomy":"post_tag","embeddable":true,"href":"https:\/\/cvinoticias.com\/v3\/wp-json\/wp\/v2\/tags?post=21460"}],"curies":[{"name":"wp","href":"https:\/\/api.w.org\/{rel}","templated":true}]}}