{"id":21444,"date":"2022-12-29T06:05:04","date_gmt":"2022-12-29T06:05:04","guid":{"rendered":"https:\/\/cvinoticias.com\/v3\/?p=21444"},"modified":"2022-12-29T06:05:04","modified_gmt":"2022-12-29T06:05:04","slug":"herrera-ahuad-superviso-el-avance-de-obras-para-el-comercio-y-el-deporte-en-la-ciudad-de-las-cataratas","status":"publish","type":"post","link":"https:\/\/cvinoticias.com\/v3\/herrera-ahuad-superviso-el-avance-de-obras-para-el-comercio-y-el-deporte-en-la-ciudad-de-las-cataratas\/","title":{"rendered":"Herrera Ahuad supervis\u00f3 el avance de obras para el comercio y el deporte en la ciudad de las Cataratas"},"content":{"rendered":"\n<p><strong><em>En Puerto Iguaz\u00fa, el Gobernador recorri\u00f3 el primer tramo de las obras de refacci\u00f3n de la Avenida Brasil. Este tramo esta ubicado frente a la Feirinha, un tradicional sector gastron\u00f3mico, comercial y tur\u00edstico de la ciudad. Tambi\u00e9n visit\u00f3 el predio de la Liga Regional de F\u00fatbol Iguaz\u00fa y anunci\u00f3 mejoras en sus instalaciones.<\/em><\/strong><\/p>\n\n\n\n<p>Esta tarde, el gobernador Oscar Herrera Ahuad recorri\u00f3 el primer tramo habilitado de la renovada avenida Brasil en formato calle paseo. Una obra que dio amplitud a esa zona comercial y gastron\u00f3mica de la ciudad, donde se construyeron nuevas veredas, iluminaci\u00f3n, p\u00e9rgolas y calzada con adoquines. Junto a los vecinos, particip\u00f3 en el encendido de la nueva luminaria del tramo conocido como La Feirinha y dialog\u00f3 con los frentistas sobre el impacto del plan de modernizaci\u00f3n de la ciudad de las cataratas. M\u00e1s tarde, visit\u00f3 la cancha de la Liga Regional de F\u00fatbol Iguaz\u00fa, donde anunci\u00f3 la instalaci\u00f3n del piso de parquet que estar\u00e1 habilitado dentro de un mes.<\/p>\n\n\n\n<p>El mandatario resalt\u00f3 que la habilitaci\u00f3n es \u00abun primer paso en una zona que es sin dudas una de las \u00e1reas m\u00e1s dif\u00edciles donde hay que trabajar, porque justamente tiene mucha actividad y movimiento. Es un \u00e1rea que estuvo muy castigada por la pandemia, entonces este es un momento de recuperaci\u00f3n de la actividad econ\u00f3mica. Por eso es fundamental que se la siga sosteniendo\u00bb.<\/p>\n\n\n\n<figure class=\"wp-block-image size-full\"><a href=\"https:\/\/cvinoticias.com\/wp-content\/uploads\/2022\/12\/IMG_20221229_023439_515.webp\"><img decoding=\"async\" width=\"1066\" height=\"1066\" data-src=\"https:\/\/cvinoticias.com\/wp-content\/uploads\/2022\/12\/IMG_20221229_023439_515.webp\" alt=\"\" class=\"wp-image-21445 lazyload\" src=\"data:image\/svg+xml;base64,PHN2ZyB3aWR0aD0iMSIgaGVpZ2h0PSIxIiB4bWxucz0iaHR0cDovL3d3dy53My5vcmcvMjAwMC9zdmciPjwvc3ZnPg==\" style=\"--smush-placeholder-width: 1066px; --smush-placeholder-aspect-ratio: 1066\/1066;\" \/><\/a><\/figure>\n\n\n\n<p>Se\u00f1al\u00f3 que la mejora es parte del desarrollo estrat\u00e9gico de Plan de Urbanizaci\u00f3n de la comuna, porque dignifica a quienes tienen sus comercios en este lugar y hace de La Feirinha un lugar de encuentro para todos. Coment\u00f3 que se complementa con obras de iluminaci\u00f3n, urbanizaci\u00f3n y saneamiento. Aclar\u00f3 que es una inversi\u00f3n pensada en \u00abpara los pr\u00f3ximos 40 o 50 a\u00f1os de crecimiento de Puerto Iguaz\u00fa\u00bb, y se extender\u00e1 a toda la planificaci\u00f3n urbana del centro de la ciudad.<\/p>\n\n\n\n<p>Asimismo, el Gobernador declar\u00f3 que \u00abla obra hasta la avenida Victoria Aguirre tendr\u00edamos que estar termin\u00e1ndola a fines de marzo o primeras semanas de abril\u00bb.<\/p>\n\n\n\n<p>Igualmente, adelant\u00f3 que se avanza con las gestiones de titularizaci\u00f3n de dominios de los feriantes, algo que sin dudas generar\u00e1 a futuro \u00abmayor actividad econ\u00f3mica para la ciudad y una mayor recaudaci\u00f3n para el Estado provincial y para el municipal\u00bb. Destac\u00f3 la implementaci\u00f3n de cr\u00e9ditos a tasa cero con seis meses de gracia para los comerciantes de la zona y habl\u00f3 de la posibilidad de invertir en el n\u00facleo sanitario del \u00e1rea comercial.<\/p>\n\n\n\n<figure class=\"wp-block-image size-full\"><a href=\"https:\/\/cvinoticias.com\/wp-content\/uploads\/2022\/12\/IMG_20221229_023439_961.webp\"><img decoding=\"async\" width=\"1440\" height=\"959\" data-src=\"https:\/\/cvinoticias.com\/wp-content\/uploads\/2022\/12\/IMG_20221229_023439_961.webp\" alt=\"\" class=\"wp-image-21446 lazyload\" src=\"data:image\/svg+xml;base64,PHN2ZyB3aWR0aD0iMSIgaGVpZ2h0PSIxIiB4bWxucz0iaHR0cDovL3d3dy53My5vcmcvMjAwMC9zdmciPjwvc3ZnPg==\" style=\"--smush-placeholder-width: 1440px; --smush-placeholder-aspect-ratio: 1440\/959;\" \/><\/a><\/figure>\n\n\n\n<p>En un plano m\u00e1s general, coment\u00f3 que \u201cMisiones termin\u00f3 un a\u00f1o equilibrado en materia econ\u00f3mica. Hoy anunciamos el pago de los sueldos y la continuidad de todos los programas Ahora. El 2023 ser\u00e1 un a\u00f1o de mucho trabajo en el que estas pol\u00edticas p\u00fablicas deben consolidarse y expandirse m\u00e1s para que lleguen a todos los misioneros. La idea es que todos puedan ser tocados en uno u otro aspecto por los beneficios de la actividad p\u00fablica de la provincia; a la vez que va generando el crecimiento y el desarrollo de todos los misioneros\u201d.<\/p>\n\n\n\n<p>Entre los asistentes a la recorrida estuvieron el vicepresidente primero de la C\u00e1mara de Representantes, Hugo Passalacqua; el ministro de Turismo, Jos\u00e9 Mar\u00eda Arr\u00faa; el presidente la Direcci\u00f3n Provincial de Vialidad, Sebasti\u00e1n Mac\u00edas y el intendente de Puerto Iguaz\u00fa, Claudio Filippa junto a otras autoridades.<\/p>\n\n\n\n<p><strong>MEJORAS ESTRUCTURALES PARA EL COMERCIO<\/strong><\/p>\n\n\n\n<p>Hoy se habilit\u00f3 el primer tramo de la renovada avenida Brasil en formato de calle paseo en el sector conocido como La Feirinha. Estos primeros 170 metros, que se extienden por calle Bertoni y por avenida Brasil, ya tienen las veredas totalmente renovadas y m\u00e1s amplias, nueva iluminaci\u00f3n, p\u00e9rgolas y calzada con adoquines. La obra permite contar con un lugar ideal para el paseo, la visita a puestos de artesan\u00edas y locales gastron\u00f3micos, y se realiz\u00f3 a trav\u00e9s de la Direcci\u00f3n Provincial de Vialidad.<\/p>\n\n\n\n<p>Esta mejora se enmarca en un ambicioso plan que se est\u00e1n ejecutando para modernizar la ciudad en una planificaci\u00f3n conjunta entre el Gobierno provincial y el municipio y tienen como objetivo la puesta en valor integral de la zona c\u00e9ntrica de la ciudad. El proyecto contempla una intervenci\u00f3n a lo largo de 1.500 metros, hasta la avenida Victoria Aguirre. Vale destacar que todos los trabajos se ejecutan en coordinaci\u00f3n con los comerciantes frentistas para evitar interrupciones en el uso de los espacios y permitir la continuidad de la actividad comercial en el sector.<\/p>\n\n\n\n<figure class=\"wp-block-image size-full\"><a href=\"https:\/\/cvinoticias.com\/wp-content\/uploads\/2022\/12\/IMG_20221229_023440_068.webp\"><img decoding=\"async\" width=\"1040\" height=\"780\" data-src=\"https:\/\/cvinoticias.com\/wp-content\/uploads\/2022\/12\/IMG_20221229_023440_068.webp\" alt=\"\" class=\"wp-image-21447 lazyload\" src=\"data:image\/svg+xml;base64,PHN2ZyB3aWR0aD0iMSIgaGVpZ2h0PSIxIiB4bWxucz0iaHR0cDovL3d3dy53My5vcmcvMjAwMC9zdmciPjwvc3ZnPg==\" style=\"--smush-placeholder-width: 1040px; --smush-placeholder-aspect-ratio: 1040\/780;\" \/><\/a><\/figure>\n\n\n\n<p>Adem\u00e1s, en la avenida Brasil ya se completaron etapas de mejoras del sistema cloacal y de saneamiento, donde se reemplazaron tuber\u00edas y se incorpor\u00f3 infraestructura. Para ello fue necesario realizar movimiento de suelo, rotura de pavimento y excavaciones en piedra. Esta obra fue de vital importancia para garantizar mejoras integrales, mejor servicio y el cuidado de la nueva infraestructura. Sobre todo, de La Feirinha, que es uno de los puntos gastron\u00f3micos m\u00e1s importantes y concurridos de Puerto Iguaz\u00fa y funciona hace m\u00e1s de 18 a\u00f1os compuesta por m\u00e1s de 70 locales.<\/p>\n\n\n\n<figure class=\"wp-block-video\"><video height=\"352\" style=\"aspect-ratio: 640 \/ 352;\" width=\"640\" controls src=\"https:\/\/cvinoticias.com\/wp-content\/uploads\/2022\/12\/gob.mp4\"><\/video><\/figure>\n\n\n\n<p><\/p>\n","protected":false},"excerpt":{"rendered":"<p>En Puerto Iguaz\u00fa, el Gobernador recorri\u00f3 el primer tramo de las obras de refacci\u00f3n de la Avenida Brasil. Este tramo esta ubicado frente a la Feirinha, un tradicional sector gastron\u00f3mico, comercial y tur\u00edstico de la ciudad. Tambi\u00e9n visit\u00f3 el predio de la Liga Regional de F\u00fatbol Iguaz\u00fa y anunci\u00f3 mejoras en sus instalaciones. Esta tarde, [&hellip;]<\/p>\n","protected":false},"author":2,"featured_media":21449,"comment_status":"open","ping_status":"open","sticky":false,"template":"","format":"standard","meta":{"footnotes":""},"categories":[29],"tags":[],"class_list":["post-21444","post","type-post","status-publish","format-standard","has-post-thumbnail","hentry","category-locales"],"yoast_head":"<!-- This site is optimized with the Yoast SEO plugin v27.5 - https:\/\/yoast.com\/product\/yoast-seo-wordpress\/ -->\n<title>Herrera Ahuad supervis\u00f3 el avance de obras para el comercio y el deporte en la ciudad de las Cataratas | CVI NOTICIAS<\/title>\n<meta name=\"robots\" content=\"index, follow, max-snippet:-1, max-image-preview:large, max-video-preview:-1\" \/>\n<link rel=\"canonical\" href=\"https:\/\/cvinoticias.com\/v3\/herrera-ahuad-superviso-el-avance-de-obras-para-el-comercio-y-el-deporte-en-la-ciudad-de-las-cataratas\/\" \/>\n<meta property=\"og:locale\" content=\"es_ES\" \/>\n<meta property=\"og:type\" content=\"article\" \/>\n<meta property=\"og:title\" content=\"Herrera Ahuad supervis\u00f3 el avance de obras para el comercio y el deporte en la ciudad de las Cataratas | CVI NOTICIAS\" \/>\n<meta property=\"og:description\" content=\"En Puerto Iguaz\u00fa, el Gobernador recorri\u00f3 el primer tramo de las obras de refacci\u00f3n de la Avenida Brasil. Este tramo esta ubicado frente a la Feirinha, un tradicional sector gastron\u00f3mico, comercial y tur\u00edstico de la ciudad. Tambi\u00e9n visit\u00f3 el predio de la Liga Regional de F\u00fatbol Iguaz\u00fa y anunci\u00f3 mejoras en sus instalaciones. Esta tarde, [&hellip;]\" \/>\n<meta property=\"og:url\" content=\"https:\/\/cvinoticias.com\/v3\/herrera-ahuad-superviso-el-avance-de-obras-para-el-comercio-y-el-deporte-en-la-ciudad-de-las-cataratas\/\" \/>\n<meta property=\"og:site_name\" content=\"CVI NOTICIAS\" \/>\n<meta property=\"article:publisher\" content=\"https:\/\/www.facebook.com\/cvinoticias\" \/>\n<meta property=\"article:published_time\" content=\"2022-12-29T06:05:04+00:00\" \/>\n<meta property=\"og:image\" content=\"https:\/\/cvinoticias.com\/wp-content\/uploads\/2022\/12\/IMG-20221228-WA0168.jpg\" \/>\n\t<meta property=\"og:image:width\" content=\"1040\" \/>\n\t<meta property=\"og:image:height\" content=\"780\" \/>\n\t<meta property=\"og:image:type\" content=\"image\/jpeg\" \/>\n<meta name=\"author\" content=\"f1000024\" \/>\n<meta name=\"twitter:card\" content=\"summary_large_image\" \/>\n<meta name=\"twitter:label1\" content=\"Escrito por\" \/>\n\t<meta name=\"twitter:data1\" content=\"f1000024\" \/>\n\t<meta name=\"twitter:label2\" content=\"Tiempo de lectura\" \/>\n\t<meta name=\"twitter:data2\" content=\"4 minutos\" \/>\n<script type=\"application\/ld+json\" class=\"yoast-schema-graph\">{\"@context\":\"https:\\\/\\\/schema.org\",\"@graph\":[{\"@type\":\"Article\",\"@id\":\"https:\\\/\\\/cvinoticias.com\\\/v3\\\/herrera-ahuad-superviso-el-avance-de-obras-para-el-comercio-y-el-deporte-en-la-ciudad-de-las-cataratas\\\/#article\",\"isPartOf\":{\"@id\":\"https:\\\/\\\/cvinoticias.com\\\/v3\\\/herrera-ahuad-superviso-el-avance-de-obras-para-el-comercio-y-el-deporte-en-la-ciudad-de-las-cataratas\\\/\"},\"author\":{\"name\":\"f1000024\",\"@id\":\"https:\\\/\\\/cvinoticias.com\\\/v3\\\/#\\\/schema\\\/person\\\/2db77e3c6bc03c538495d7b2b8be9b66\"},\"headline\":\"Herrera Ahuad supervis\u00f3 el avance de obras para el comercio y el deporte en la ciudad de las Cataratas\",\"datePublished\":\"2022-12-29T06:05:04+00:00\",\"mainEntityOfPage\":{\"@id\":\"https:\\\/\\\/cvinoticias.com\\\/v3\\\/herrera-ahuad-superviso-el-avance-de-obras-para-el-comercio-y-el-deporte-en-la-ciudad-de-las-cataratas\\\/\"},\"wordCount\":895,\"commentCount\":0,\"publisher\":{\"@id\":\"https:\\\/\\\/cvinoticias.com\\\/v3\\\/#organization\"},\"image\":{\"@id\":\"https:\\\/\\\/cvinoticias.com\\\/v3\\\/herrera-ahuad-superviso-el-avance-de-obras-para-el-comercio-y-el-deporte-en-la-ciudad-de-las-cataratas\\\/#primaryimage\"},\"thumbnailUrl\":\"https:\\\/\\\/cvinoticias.com\\\/wp-content\\\/uploads\\\/2022\\\/12\\\/IMG-20221228-WA0168.jpg\",\"articleSection\":[\"Locales\"],\"inLanguage\":\"es\",\"potentialAction\":[{\"@type\":\"CommentAction\",\"name\":\"Comment\",\"target\":[\"https:\\\/\\\/cvinoticias.com\\\/v3\\\/herrera-ahuad-superviso-el-avance-de-obras-para-el-comercio-y-el-deporte-en-la-ciudad-de-las-cataratas\\\/#respond\"]}]},{\"@type\":\"WebPage\",\"@id\":\"https:\\\/\\\/cvinoticias.com\\\/v3\\\/herrera-ahuad-superviso-el-avance-de-obras-para-el-comercio-y-el-deporte-en-la-ciudad-de-las-cataratas\\\/\",\"url\":\"https:\\\/\\\/cvinoticias.com\\\/v3\\\/herrera-ahuad-superviso-el-avance-de-obras-para-el-comercio-y-el-deporte-en-la-ciudad-de-las-cataratas\\\/\",\"name\":\"Herrera Ahuad supervis\u00f3 el avance de obras para el comercio y el deporte en la ciudad de las Cataratas | CVI NOTICIAS\",\"isPartOf\":{\"@id\":\"https:\\\/\\\/cvinoticias.com\\\/v3\\\/#website\"},\"primaryImageOfPage\":{\"@id\":\"https:\\\/\\\/cvinoticias.com\\\/v3\\\/herrera-ahuad-superviso-el-avance-de-obras-para-el-comercio-y-el-deporte-en-la-ciudad-de-las-cataratas\\\/#primaryimage\"},\"image\":{\"@id\":\"https:\\\/\\\/cvinoticias.com\\\/v3\\\/herrera-ahuad-superviso-el-avance-de-obras-para-el-comercio-y-el-deporte-en-la-ciudad-de-las-cataratas\\\/#primaryimage\"},\"thumbnailUrl\":\"https:\\\/\\\/cvinoticias.com\\\/wp-content\\\/uploads\\\/2022\\\/12\\\/IMG-20221228-WA0168.jpg\",\"datePublished\":\"2022-12-29T06:05:04+00:00\",\"breadcrumb\":{\"@id\":\"https:\\\/\\\/cvinoticias.com\\\/v3\\\/herrera-ahuad-superviso-el-avance-de-obras-para-el-comercio-y-el-deporte-en-la-ciudad-de-las-cataratas\\\/#breadcrumb\"},\"inLanguage\":\"es\",\"potentialAction\":[{\"@type\":\"ReadAction\",\"target\":[\"https:\\\/\\\/cvinoticias.com\\\/v3\\\/herrera-ahuad-superviso-el-avance-de-obras-para-el-comercio-y-el-deporte-en-la-ciudad-de-las-cataratas\\\/\"]}]},{\"@type\":\"ImageObject\",\"inLanguage\":\"es\",\"@id\":\"https:\\\/\\\/cvinoticias.com\\\/v3\\\/herrera-ahuad-superviso-el-avance-de-obras-para-el-comercio-y-el-deporte-en-la-ciudad-de-las-cataratas\\\/#primaryimage\",\"url\":\"https:\\\/\\\/cvinoticias.com\\\/wp-content\\\/uploads\\\/2022\\\/12\\\/IMG-20221228-WA0168.jpg\",\"contentUrl\":\"https:\\\/\\\/cvinoticias.com\\\/wp-content\\\/uploads\\\/2022\\\/12\\\/IMG-20221228-WA0168.jpg\",\"width\":1040,\"height\":780},{\"@type\":\"BreadcrumbList\",\"@id\":\"https:\\\/\\\/cvinoticias.com\\\/v3\\\/herrera-ahuad-superviso-el-avance-de-obras-para-el-comercio-y-el-deporte-en-la-ciudad-de-las-cataratas\\\/#breadcrumb\",\"itemListElement\":[{\"@type\":\"ListItem\",\"position\":1,\"name\":\"Portada\",\"item\":\"https:\\\/\\\/cvinoticias.com\\\/v3\\\/\"},{\"@type\":\"ListItem\",\"position\":2,\"name\":\"Herrera Ahuad supervis\u00f3 el avance de obras para el comercio y el deporte en la ciudad de las Cataratas\"}]},{\"@type\":\"WebSite\",\"@id\":\"https:\\\/\\\/cvinoticias.com\\\/v3\\\/#website\",\"url\":\"https:\\\/\\\/cvinoticias.com\\\/v3\\\/\",\"name\":\"CVI NOTICIAS\",\"description\":\"\",\"publisher\":{\"@id\":\"https:\\\/\\\/cvinoticias.com\\\/v3\\\/#organization\"},\"alternateName\":\"CVI\",\"potentialAction\":[{\"@type\":\"SearchAction\",\"target\":{\"@type\":\"EntryPoint\",\"urlTemplate\":\"https:\\\/\\\/cvinoticias.com\\\/v3\\\/?s={search_term_string}\"},\"query-input\":{\"@type\":\"PropertyValueSpecification\",\"valueRequired\":true,\"valueName\":\"search_term_string\"}}],\"inLanguage\":\"es\"},{\"@type\":\"Organization\",\"@id\":\"https:\\\/\\\/cvinoticias.com\\\/v3\\\/#organization\",\"name\":\"CVI NOTICIAS\",\"url\":\"https:\\\/\\\/cvinoticias.com\\\/v3\\\/\",\"logo\":{\"@type\":\"ImageObject\",\"inLanguage\":\"es\",\"@id\":\"https:\\\/\\\/cvinoticias.com\\\/v3\\\/#\\\/schema\\\/logo\\\/image\\\/\",\"url\":\"https:\\\/\\\/cvinoticias.com\\\/wp-content\\\/uploads\\\/2023\\\/04\\\/cropped-cropped-cropped-cropped-cropped-3-1.png\",\"contentUrl\":\"https:\\\/\\\/cvinoticias.com\\\/wp-content\\\/uploads\\\/2023\\\/04\\\/cropped-cropped-cropped-cropped-cropped-3-1.png\",\"width\":95,\"height\":122,\"caption\":\"CVI NOTICIAS\"},\"image\":{\"@id\":\"https:\\\/\\\/cvinoticias.com\\\/v3\\\/#\\\/schema\\\/logo\\\/image\\\/\"},\"sameAs\":[\"https:\\\/\\\/www.facebook.com\\\/cvinoticias\",\"https:\\\/\\\/www.instagram.com\\\/cvinoticias\\\/\",\"https:\\\/\\\/www.youtube.com\\\/@CVINOTICIAS\"]},{\"@type\":\"Person\",\"@id\":\"https:\\\/\\\/cvinoticias.com\\\/v3\\\/#\\\/schema\\\/person\\\/2db77e3c6bc03c538495d7b2b8be9b66\",\"name\":\"f1000024\",\"image\":{\"@type\":\"ImageObject\",\"inLanguage\":\"es\",\"@id\":\"https:\\\/\\\/secure.gravatar.com\\\/avatar\\\/d4fe7459cfc51ff5129ce1a732bbef5928568b8092d412ef95611616376bbeed?s=96&d=mm&r=g\",\"url\":\"https:\\\/\\\/secure.gravatar.com\\\/avatar\\\/d4fe7459cfc51ff5129ce1a732bbef5928568b8092d412ef95611616376bbeed?s=96&d=mm&r=g\",\"contentUrl\":\"https:\\\/\\\/secure.gravatar.com\\\/avatar\\\/d4fe7459cfc51ff5129ce1a732bbef5928568b8092d412ef95611616376bbeed?s=96&d=mm&r=g\",\"caption\":\"f1000024\"},\"url\":\"https:\\\/\\\/cvinoticias.com\\\/v3\\\/author\\\/f1000024\\\/\"}]}<\/script>\n<!-- \/ Yoast SEO plugin. -->","yoast_head_json":{"title":"Herrera Ahuad supervis\u00f3 el avance de obras para el comercio y el deporte en la ciudad de las Cataratas | CVI NOTICIAS","robots":{"index":"index","follow":"follow","max-snippet":"max-snippet:-1","max-image-preview":"max-image-preview:large","max-video-preview":"max-video-preview:-1"},"canonical":"https:\/\/cvinoticias.com\/v3\/herrera-ahuad-superviso-el-avance-de-obras-para-el-comercio-y-el-deporte-en-la-ciudad-de-las-cataratas\/","og_locale":"es_ES","og_type":"article","og_title":"Herrera Ahuad supervis\u00f3 el avance de obras para el comercio y el deporte en la ciudad de las Cataratas | CVI NOTICIAS","og_description":"En Puerto Iguaz\u00fa, el Gobernador recorri\u00f3 el primer tramo de las obras de refacci\u00f3n de la Avenida Brasil. Este tramo esta ubicado frente a la Feirinha, un tradicional sector gastron\u00f3mico, comercial y tur\u00edstico de la ciudad. Tambi\u00e9n visit\u00f3 el predio de la Liga Regional de F\u00fatbol Iguaz\u00fa y anunci\u00f3 mejoras en sus instalaciones. Esta tarde, [&hellip;]","og_url":"https:\/\/cvinoticias.com\/v3\/herrera-ahuad-superviso-el-avance-de-obras-para-el-comercio-y-el-deporte-en-la-ciudad-de-las-cataratas\/","og_site_name":"CVI NOTICIAS","article_publisher":"https:\/\/www.facebook.com\/cvinoticias","article_published_time":"2022-12-29T06:05:04+00:00","og_image":[{"width":1040,"height":780,"url":"https:\/\/cvinoticias.com\/wp-content\/uploads\/2022\/12\/IMG-20221228-WA0168.jpg","type":"image\/jpeg"}],"author":"f1000024","twitter_card":"summary_large_image","twitter_misc":{"Escrito por":"f1000024","Tiempo de lectura":"4 minutos"},"schema":{"@context":"https:\/\/schema.org","@graph":[{"@type":"Article","@id":"https:\/\/cvinoticias.com\/v3\/herrera-ahuad-superviso-el-avance-de-obras-para-el-comercio-y-el-deporte-en-la-ciudad-de-las-cataratas\/#article","isPartOf":{"@id":"https:\/\/cvinoticias.com\/v3\/herrera-ahuad-superviso-el-avance-de-obras-para-el-comercio-y-el-deporte-en-la-ciudad-de-las-cataratas\/"},"author":{"name":"f1000024","@id":"https:\/\/cvinoticias.com\/v3\/#\/schema\/person\/2db77e3c6bc03c538495d7b2b8be9b66"},"headline":"Herrera Ahuad supervis\u00f3 el avance de obras para el comercio y el deporte en la ciudad de las Cataratas","datePublished":"2022-12-29T06:05:04+00:00","mainEntityOfPage":{"@id":"https:\/\/cvinoticias.com\/v3\/herrera-ahuad-superviso-el-avance-de-obras-para-el-comercio-y-el-deporte-en-la-ciudad-de-las-cataratas\/"},"wordCount":895,"commentCount":0,"publisher":{"@id":"https:\/\/cvinoticias.com\/v3\/#organization"},"image":{"@id":"https:\/\/cvinoticias.com\/v3\/herrera-ahuad-superviso-el-avance-de-obras-para-el-comercio-y-el-deporte-en-la-ciudad-de-las-cataratas\/#primaryimage"},"thumbnailUrl":"https:\/\/cvinoticias.com\/wp-content\/uploads\/2022\/12\/IMG-20221228-WA0168.jpg","articleSection":["Locales"],"inLanguage":"es","potentialAction":[{"@type":"CommentAction","name":"Comment","target":["https:\/\/cvinoticias.com\/v3\/herrera-ahuad-superviso-el-avance-de-obras-para-el-comercio-y-el-deporte-en-la-ciudad-de-las-cataratas\/#respond"]}]},{"@type":"WebPage","@id":"https:\/\/cvinoticias.com\/v3\/herrera-ahuad-superviso-el-avance-de-obras-para-el-comercio-y-el-deporte-en-la-ciudad-de-las-cataratas\/","url":"https:\/\/cvinoticias.com\/v3\/herrera-ahuad-superviso-el-avance-de-obras-para-el-comercio-y-el-deporte-en-la-ciudad-de-las-cataratas\/","name":"Herrera Ahuad supervis\u00f3 el avance de obras para el comercio y el deporte en la ciudad de las Cataratas | CVI NOTICIAS","isPartOf":{"@id":"https:\/\/cvinoticias.com\/v3\/#website"},"primaryImageOfPage":{"@id":"https:\/\/cvinoticias.com\/v3\/herrera-ahuad-superviso-el-avance-de-obras-para-el-comercio-y-el-deporte-en-la-ciudad-de-las-cataratas\/#primaryimage"},"image":{"@id":"https:\/\/cvinoticias.com\/v3\/herrera-ahuad-superviso-el-avance-de-obras-para-el-comercio-y-el-deporte-en-la-ciudad-de-las-cataratas\/#primaryimage"},"thumbnailUrl":"https:\/\/cvinoticias.com\/wp-content\/uploads\/2022\/12\/IMG-20221228-WA0168.jpg","datePublished":"2022-12-29T06:05:04+00:00","breadcrumb":{"@id":"https:\/\/cvinoticias.com\/v3\/herrera-ahuad-superviso-el-avance-de-obras-para-el-comercio-y-el-deporte-en-la-ciudad-de-las-cataratas\/#breadcrumb"},"inLanguage":"es","potentialAction":[{"@type":"ReadAction","target":["https:\/\/cvinoticias.com\/v3\/herrera-ahuad-superviso-el-avance-de-obras-para-el-comercio-y-el-deporte-en-la-ciudad-de-las-cataratas\/"]}]},{"@type":"ImageObject","inLanguage":"es","@id":"https:\/\/cvinoticias.com\/v3\/herrera-ahuad-superviso-el-avance-de-obras-para-el-comercio-y-el-deporte-en-la-ciudad-de-las-cataratas\/#primaryimage","url":"https:\/\/cvinoticias.com\/wp-content\/uploads\/2022\/12\/IMG-20221228-WA0168.jpg","contentUrl":"https:\/\/cvinoticias.com\/wp-content\/uploads\/2022\/12\/IMG-20221228-WA0168.jpg","width":1040,"height":780},{"@type":"BreadcrumbList","@id":"https:\/\/cvinoticias.com\/v3\/herrera-ahuad-superviso-el-avance-de-obras-para-el-comercio-y-el-deporte-en-la-ciudad-de-las-cataratas\/#breadcrumb","itemListElement":[{"@type":"ListItem","position":1,"name":"Portada","item":"https:\/\/cvinoticias.com\/v3\/"},{"@type":"ListItem","position":2,"name":"Herrera Ahuad supervis\u00f3 el avance de obras para el comercio y el deporte en la ciudad de las Cataratas"}]},{"@type":"WebSite","@id":"https:\/\/cvinoticias.com\/v3\/#website","url":"https:\/\/cvinoticias.com\/v3\/","name":"CVI NOTICIAS","description":"","publisher":{"@id":"https:\/\/cvinoticias.com\/v3\/#organization"},"alternateName":"CVI","potentialAction":[{"@type":"SearchAction","target":{"@type":"EntryPoint","urlTemplate":"https:\/\/cvinoticias.com\/v3\/?s={search_term_string}"},"query-input":{"@type":"PropertyValueSpecification","valueRequired":true,"valueName":"search_term_string"}}],"inLanguage":"es"},{"@type":"Organization","@id":"https:\/\/cvinoticias.com\/v3\/#organization","name":"CVI NOTICIAS","url":"https:\/\/cvinoticias.com\/v3\/","logo":{"@type":"ImageObject","inLanguage":"es","@id":"https:\/\/cvinoticias.com\/v3\/#\/schema\/logo\/image\/","url":"https:\/\/cvinoticias.com\/wp-content\/uploads\/2023\/04\/cropped-cropped-cropped-cropped-cropped-3-1.png","contentUrl":"https:\/\/cvinoticias.com\/wp-content\/uploads\/2023\/04\/cropped-cropped-cropped-cropped-cropped-3-1.png","width":95,"height":122,"caption":"CVI NOTICIAS"},"image":{"@id":"https:\/\/cvinoticias.com\/v3\/#\/schema\/logo\/image\/"},"sameAs":["https:\/\/www.facebook.com\/cvinoticias","https:\/\/www.instagram.com\/cvinoticias\/","https:\/\/www.youtube.com\/@CVINOTICIAS"]},{"@type":"Person","@id":"https:\/\/cvinoticias.com\/v3\/#\/schema\/person\/2db77e3c6bc03c538495d7b2b8be9b66","name":"f1000024","image":{"@type":"ImageObject","inLanguage":"es","@id":"https:\/\/secure.gravatar.com\/avatar\/d4fe7459cfc51ff5129ce1a732bbef5928568b8092d412ef95611616376bbeed?s=96&d=mm&r=g","url":"https:\/\/secure.gravatar.com\/avatar\/d4fe7459cfc51ff5129ce1a732bbef5928568b8092d412ef95611616376bbeed?s=96&d=mm&r=g","contentUrl":"https:\/\/secure.gravatar.com\/avatar\/d4fe7459cfc51ff5129ce1a732bbef5928568b8092d412ef95611616376bbeed?s=96&d=mm&r=g","caption":"f1000024"},"url":"https:\/\/cvinoticias.com\/v3\/author\/f1000024\/"}]}},"_links":{"self":[{"href":"https:\/\/cvinoticias.com\/v3\/wp-json\/wp\/v2\/posts\/21444","targetHints":{"allow":["GET"]}}],"collection":[{"href":"https:\/\/cvinoticias.com\/v3\/wp-json\/wp\/v2\/posts"}],"about":[{"href":"https:\/\/cvinoticias.com\/v3\/wp-json\/wp\/v2\/types\/post"}],"author":[{"embeddable":true,"href":"https:\/\/cvinoticias.com\/v3\/wp-json\/wp\/v2\/users\/2"}],"replies":[{"embeddable":true,"href":"https:\/\/cvinoticias.com\/v3\/wp-json\/wp\/v2\/comments?post=21444"}],"version-history":[{"count":1,"href":"https:\/\/cvinoticias.com\/v3\/wp-json\/wp\/v2\/posts\/21444\/revisions"}],"predecessor-version":[{"id":21450,"href":"https:\/\/cvinoticias.com\/v3\/wp-json\/wp\/v2\/posts\/21444\/revisions\/21450"}],"wp:featuredmedia":[{"embeddable":true,"href":"https:\/\/cvinoticias.com\/v3\/wp-json\/wp\/v2\/media\/21449"}],"wp:attachment":[{"href":"https:\/\/cvinoticias.com\/v3\/wp-json\/wp\/v2\/media?parent=21444"}],"wp:term":[{"taxonomy":"category","embeddable":true,"href":"https:\/\/cvinoticias.com\/v3\/wp-json\/wp\/v2\/categories?post=21444"},{"taxonomy":"post_tag","embeddable":true,"href":"https:\/\/cvinoticias.com\/v3\/wp-json\/wp\/v2\/tags?post=21444"}],"curies":[{"name":"wp","href":"https:\/\/api.w.org\/{rel}","templated":true}]}}