{"id":21431,"date":"2022-12-28T10:28:02","date_gmt":"2022-12-28T10:28:02","guid":{"rendered":"https:\/\/cvinoticias.com\/v3\/?p=21431"},"modified":"2022-12-28T10:28:02","modified_gmt":"2022-12-28T10:28:02","slug":"potenciar-trabajo-acuerdan-cuota-extra-del-bono-de-13-500-para-2023-con-algunas-organizaciones","status":"publish","type":"post","link":"https:\/\/cvinoticias.com\/v3\/potenciar-trabajo-acuerdan-cuota-extra-del-bono-de-13-500-para-2023-con-algunas-organizaciones\/","title":{"rendered":"Potenciar Trabajo: acuerdan cuota extra del bono de $ 13.500 para 2023 con algunas organizaciones"},"content":{"rendered":"\n<p><strong><em>El Gobierno nacional cerr\u00f3 con los movimientos oficialistas el pago de un tercer tramo del bono de fin de a\u00f1o de $13.500 para los beneficiarios y beneficiarias del programa. Unidad Piquetera marcha hoy al Obelisco y se re\u00fane con Victoria Tolosa Paz.<\/em><\/strong><\/p>\n\n\n\n<p>En v\u00edsperas de fin de a\u00f1o el Gobierno nacional cerr\u00f3 el pago de una tercera cuota del bono a los beneficiarios y beneficiarias del programa Potenciar Trabajo, adem\u00e1s de comprometerse con otras prioridades para sus emprendimientos, luego de un acuerdo con las organizaciones sociales alineadas con el oficialismo. Mientras tanto, los bloques de movimientos sociales opositores se movilizar\u00e1n hoy a las puertas del Ministerio de Desarrollo Social para pedir una reuni\u00f3n con sus autoridades.<\/p>\n\n\n\n<p>El entendimiento lo alcanzaron la ministra de Desarrollo Social de la Naci\u00f3n, Victoria Tolosa Paz, y diversos referentes de organizaciones pertenecientes a la Uni\u00f3n de Trabajadores de la Econom\u00eda Popular (UTEP). Luego de varias reuniones, se firm\u00f3 un acta de compromiso para la conformaci\u00f3n de una mesa de trabajo com\u00fan con el objetivo de fortalecer las ramas productivas de la Econom\u00eda Popular, seg\u00fan consign\u00f3 la propia ministra en sus redes.<\/p>\n\n\n\n<figure class=\"wp-block-image size-large\"><a href=\"https:\/\/cvinoticias.com\/wp-content\/uploads\/2022\/12\/Screenshot_20221228-072356_Chrome.jpg\"><img decoding=\"async\" width=\"663\" height=\"1024\" data-src=\"https:\/\/cvinoticias.com\/wp-content\/uploads\/2022\/12\/Screenshot_20221228-072356_Chrome-663x1024.jpg\" alt=\"\" class=\"wp-image-21432 lazyload\" data-srcset=\"https:\/\/cvinoticias.com\/wp-content\/uploads\/2022\/12\/Screenshot_20221228-072356_Chrome-663x1024.jpg 663w, https:\/\/cvinoticias.com\/wp-content\/uploads\/2022\/12\/Screenshot_20221228-072356_Chrome-194x300.jpg 194w, https:\/\/cvinoticias.com\/wp-content\/uploads\/2022\/12\/Screenshot_20221228-072356_Chrome-768x1187.jpg 768w, https:\/\/cvinoticias.com\/wp-content\/uploads\/2022\/12\/Screenshot_20221228-072356_Chrome.jpg 975w\" data-sizes=\"(max-width: 663px) 100vw, 663px\" src=\"data:image\/svg+xml;base64,PHN2ZyB3aWR0aD0iMSIgaGVpZ2h0PSIxIiB4bWxucz0iaHR0cDovL3d3dy53My5vcmcvMjAwMC9zdmciPjwvc3ZnPg==\" style=\"--smush-placeholder-width: 663px; --smush-placeholder-aspect-ratio: 663\/1024;\" \/><\/a><\/figure>\n\n\n\n<p>De los diversos puntos conseguido por los referentes de la econom\u00eda popular, hay una que destaca por las cr\u00edticas vertidas a las pocas horas del anuncio oficial: los beneficiarios y beneficiarias del programa Potenciar Trabajo recibir\u00e1n una tercera cuota del bono de fin de a\u00f1o durante el primer trimestre de 2023. El monto ser\u00eda similar a las dos cuotas previas de $ 6.750.<\/p>\n\n\n\n<p>El 14 de diciembre, las ministras de Trabajo y Desarrollo Social, Kelly Olmos y Tolosa Paz, anunciaron el pago de dos bonos de fin de a\u00f1o. En el caso de las organizaciones sociales, el Gobierno destin\u00f3 una suma de $ 13.000 en dos cuotas de $ 6.750 para las personas que forman parte del programa Potenciar Trabajo a pagar antes de Navidad y en la primera semana de enero de 2023, antes del viernes 6. El nuevo refuerzo se efectivizar\u00eda en marzo de 2023 seg\u00fan lo conversado.<\/p>\n\n\n\n<p>Acorde a informaci\u00f3n que circul\u00f3 desde las organizaciones sociales, parte del acuerdo alcanzado con el Gobierno incluye tambi\u00e9n la participaci\u00f3n de las organizaciones sociales a trav\u00e9s de sus cooperativas para la confecci\u00f3n de guardapolvos de compre estatal adem\u00e1s de la compra de bolsones de frutas y verduras producidas exclusivamente por cooperativas agrarias de manera mensual.<\/p>\n\n\n\n<p>En simult\u00e1neo, el Gobierno se habr\u00eda comprometido al pago de la totalidad de los expedientes por la entrega de herramientas y maquinaria reclamadas por los emprendimientos en 2022, el desarrollo y construcci\u00f3n de ba\u00f1os en barrios populares y la discusi\u00f3n, resoluci\u00f3n y reglamentaci\u00f3n del programa Potenciar Trabajo, a partir de las denuncias de la oposici\u00f3n y las irregularidades denunciadas por la Justicia.<\/p>\n","protected":false},"excerpt":{"rendered":"<p>El Gobierno nacional cerr\u00f3 con los movimientos oficialistas el pago de un tercer tramo del bono de fin de a\u00f1o de $13.500 para los beneficiarios y beneficiarias del programa. Unidad Piquetera marcha hoy al Obelisco y se re\u00fane con Victoria Tolosa Paz. En v\u00edsperas de fin de a\u00f1o el Gobierno nacional cerr\u00f3 el pago de [&hellip;]<\/p>\n","protected":false},"author":2,"featured_media":21433,"comment_status":"open","ping_status":"open","sticky":false,"template":"","format":"standard","meta":{"footnotes":""},"categories":[39],"tags":[],"class_list":["post-21431","post","type-post","status-publish","format-standard","has-post-thumbnail","hentry","category-nacionales"],"yoast_head":"<!-- This site is optimized with the Yoast SEO plugin v27.5 - https:\/\/yoast.com\/product\/yoast-seo-wordpress\/ -->\n<title>Potenciar Trabajo: acuerdan cuota extra del bono de $ 13.500 para 2023 con algunas organizaciones | CVI NOTICIAS<\/title>\n<meta name=\"robots\" content=\"index, follow, max-snippet:-1, max-image-preview:large, max-video-preview:-1\" \/>\n<link rel=\"canonical\" href=\"https:\/\/cvinoticias.com\/v3\/potenciar-trabajo-acuerdan-cuota-extra-del-bono-de-13-500-para-2023-con-algunas-organizaciones\/\" \/>\n<meta property=\"og:locale\" content=\"es_ES\" \/>\n<meta property=\"og:type\" content=\"article\" \/>\n<meta property=\"og:title\" content=\"Potenciar Trabajo: acuerdan cuota extra del bono de $ 13.500 para 2023 con algunas organizaciones | CVI NOTICIAS\" \/>\n<meta property=\"og:description\" content=\"El Gobierno nacional cerr\u00f3 con los movimientos oficialistas el pago de un tercer tramo del bono de fin de a\u00f1o de $13.500 para los beneficiarios y beneficiarias del programa. Unidad Piquetera marcha hoy al Obelisco y se re\u00fane con Victoria Tolosa Paz. En v\u00edsperas de fin de a\u00f1o el Gobierno nacional cerr\u00f3 el pago de [&hellip;]\" \/>\n<meta property=\"og:url\" content=\"https:\/\/cvinoticias.com\/v3\/potenciar-trabajo-acuerdan-cuota-extra-del-bono-de-13-500-para-2023-con-algunas-organizaciones\/\" \/>\n<meta property=\"og:site_name\" content=\"CVI NOTICIAS\" \/>\n<meta property=\"article:publisher\" content=\"https:\/\/www.facebook.com\/cvinoticias\" \/>\n<meta property=\"article:published_time\" content=\"2022-12-28T10:28:02+00:00\" \/>\n<meta property=\"og:image\" content=\"https:\/\/cvinoticias.com\/wp-content\/uploads\/2022\/12\/potenciar-trabajojpg.jpg\" \/>\n\t<meta property=\"og:image:width\" content=\"1200\" \/>\n\t<meta property=\"og:image:height\" content=\"675\" \/>\n\t<meta property=\"og:image:type\" content=\"image\/jpeg\" \/>\n<meta name=\"author\" content=\"f1000024\" \/>\n<meta name=\"twitter:card\" content=\"summary_large_image\" \/>\n<meta name=\"twitter:label1\" content=\"Escrito por\" \/>\n\t<meta name=\"twitter:data1\" content=\"f1000024\" \/>\n\t<meta name=\"twitter:label2\" content=\"Tiempo de lectura\" \/>\n\t<meta name=\"twitter:data2\" content=\"2 minutos\" \/>\n<script type=\"application\/ld+json\" class=\"yoast-schema-graph\">{\"@context\":\"https:\\\/\\\/schema.org\",\"@graph\":[{\"@type\":\"Article\",\"@id\":\"https:\\\/\\\/cvinoticias.com\\\/v3\\\/potenciar-trabajo-acuerdan-cuota-extra-del-bono-de-13-500-para-2023-con-algunas-organizaciones\\\/#article\",\"isPartOf\":{\"@id\":\"https:\\\/\\\/cvinoticias.com\\\/v3\\\/potenciar-trabajo-acuerdan-cuota-extra-del-bono-de-13-500-para-2023-con-algunas-organizaciones\\\/\"},\"author\":{\"name\":\"f1000024\",\"@id\":\"https:\\\/\\\/cvinoticias.com\\\/v3\\\/#\\\/schema\\\/person\\\/2db77e3c6bc03c538495d7b2b8be9b66\"},\"headline\":\"Potenciar Trabajo: acuerdan cuota extra del bono de $ 13.500 para 2023 con algunas organizaciones\",\"datePublished\":\"2022-12-28T10:28:02+00:00\",\"mainEntityOfPage\":{\"@id\":\"https:\\\/\\\/cvinoticias.com\\\/v3\\\/potenciar-trabajo-acuerdan-cuota-extra-del-bono-de-13-500-para-2023-con-algunas-organizaciones\\\/\"},\"wordCount\":488,\"commentCount\":0,\"publisher\":{\"@id\":\"https:\\\/\\\/cvinoticias.com\\\/v3\\\/#organization\"},\"image\":{\"@id\":\"https:\\\/\\\/cvinoticias.com\\\/v3\\\/potenciar-trabajo-acuerdan-cuota-extra-del-bono-de-13-500-para-2023-con-algunas-organizaciones\\\/#primaryimage\"},\"thumbnailUrl\":\"https:\\\/\\\/cvinoticias.com\\\/wp-content\\\/uploads\\\/2022\\\/12\\\/potenciar-trabajojpg.jpg\",\"articleSection\":[\"Nacionales\"],\"inLanguage\":\"es\",\"potentialAction\":[{\"@type\":\"CommentAction\",\"name\":\"Comment\",\"target\":[\"https:\\\/\\\/cvinoticias.com\\\/v3\\\/potenciar-trabajo-acuerdan-cuota-extra-del-bono-de-13-500-para-2023-con-algunas-organizaciones\\\/#respond\"]}]},{\"@type\":\"WebPage\",\"@id\":\"https:\\\/\\\/cvinoticias.com\\\/v3\\\/potenciar-trabajo-acuerdan-cuota-extra-del-bono-de-13-500-para-2023-con-algunas-organizaciones\\\/\",\"url\":\"https:\\\/\\\/cvinoticias.com\\\/v3\\\/potenciar-trabajo-acuerdan-cuota-extra-del-bono-de-13-500-para-2023-con-algunas-organizaciones\\\/\",\"name\":\"Potenciar Trabajo: acuerdan cuota extra del bono de $ 13.500 para 2023 con algunas organizaciones | CVI NOTICIAS\",\"isPartOf\":{\"@id\":\"https:\\\/\\\/cvinoticias.com\\\/v3\\\/#website\"},\"primaryImageOfPage\":{\"@id\":\"https:\\\/\\\/cvinoticias.com\\\/v3\\\/potenciar-trabajo-acuerdan-cuota-extra-del-bono-de-13-500-para-2023-con-algunas-organizaciones\\\/#primaryimage\"},\"image\":{\"@id\":\"https:\\\/\\\/cvinoticias.com\\\/v3\\\/potenciar-trabajo-acuerdan-cuota-extra-del-bono-de-13-500-para-2023-con-algunas-organizaciones\\\/#primaryimage\"},\"thumbnailUrl\":\"https:\\\/\\\/cvinoticias.com\\\/wp-content\\\/uploads\\\/2022\\\/12\\\/potenciar-trabajojpg.jpg\",\"datePublished\":\"2022-12-28T10:28:02+00:00\",\"breadcrumb\":{\"@id\":\"https:\\\/\\\/cvinoticias.com\\\/v3\\\/potenciar-trabajo-acuerdan-cuota-extra-del-bono-de-13-500-para-2023-con-algunas-organizaciones\\\/#breadcrumb\"},\"inLanguage\":\"es\",\"potentialAction\":[{\"@type\":\"ReadAction\",\"target\":[\"https:\\\/\\\/cvinoticias.com\\\/v3\\\/potenciar-trabajo-acuerdan-cuota-extra-del-bono-de-13-500-para-2023-con-algunas-organizaciones\\\/\"]}]},{\"@type\":\"ImageObject\",\"inLanguage\":\"es\",\"@id\":\"https:\\\/\\\/cvinoticias.com\\\/v3\\\/potenciar-trabajo-acuerdan-cuota-extra-del-bono-de-13-500-para-2023-con-algunas-organizaciones\\\/#primaryimage\",\"url\":\"https:\\\/\\\/cvinoticias.com\\\/wp-content\\\/uploads\\\/2022\\\/12\\\/potenciar-trabajojpg.jpg\",\"contentUrl\":\"https:\\\/\\\/cvinoticias.com\\\/wp-content\\\/uploads\\\/2022\\\/12\\\/potenciar-trabajojpg.jpg\",\"width\":1200,\"height\":675},{\"@type\":\"BreadcrumbList\",\"@id\":\"https:\\\/\\\/cvinoticias.com\\\/v3\\\/potenciar-trabajo-acuerdan-cuota-extra-del-bono-de-13-500-para-2023-con-algunas-organizaciones\\\/#breadcrumb\",\"itemListElement\":[{\"@type\":\"ListItem\",\"position\":1,\"name\":\"Portada\",\"item\":\"https:\\\/\\\/cvinoticias.com\\\/v3\\\/\"},{\"@type\":\"ListItem\",\"position\":2,\"name\":\"Potenciar Trabajo: acuerdan cuota extra del bono de $ 13.500 para 2023 con algunas organizaciones\"}]},{\"@type\":\"WebSite\",\"@id\":\"https:\\\/\\\/cvinoticias.com\\\/v3\\\/#website\",\"url\":\"https:\\\/\\\/cvinoticias.com\\\/v3\\\/\",\"name\":\"CVI NOTICIAS\",\"description\":\"\",\"publisher\":{\"@id\":\"https:\\\/\\\/cvinoticias.com\\\/v3\\\/#organization\"},\"alternateName\":\"CVI\",\"potentialAction\":[{\"@type\":\"SearchAction\",\"target\":{\"@type\":\"EntryPoint\",\"urlTemplate\":\"https:\\\/\\\/cvinoticias.com\\\/v3\\\/?s={search_term_string}\"},\"query-input\":{\"@type\":\"PropertyValueSpecification\",\"valueRequired\":true,\"valueName\":\"search_term_string\"}}],\"inLanguage\":\"es\"},{\"@type\":\"Organization\",\"@id\":\"https:\\\/\\\/cvinoticias.com\\\/v3\\\/#organization\",\"name\":\"CVI NOTICIAS\",\"url\":\"https:\\\/\\\/cvinoticias.com\\\/v3\\\/\",\"logo\":{\"@type\":\"ImageObject\",\"inLanguage\":\"es\",\"@id\":\"https:\\\/\\\/cvinoticias.com\\\/v3\\\/#\\\/schema\\\/logo\\\/image\\\/\",\"url\":\"https:\\\/\\\/cvinoticias.com\\\/wp-content\\\/uploads\\\/2023\\\/04\\\/cropped-cropped-cropped-cropped-cropped-3-1.png\",\"contentUrl\":\"https:\\\/\\\/cvinoticias.com\\\/wp-content\\\/uploads\\\/2023\\\/04\\\/cropped-cropped-cropped-cropped-cropped-3-1.png\",\"width\":95,\"height\":122,\"caption\":\"CVI NOTICIAS\"},\"image\":{\"@id\":\"https:\\\/\\\/cvinoticias.com\\\/v3\\\/#\\\/schema\\\/logo\\\/image\\\/\"},\"sameAs\":[\"https:\\\/\\\/www.facebook.com\\\/cvinoticias\",\"https:\\\/\\\/www.instagram.com\\\/cvinoticias\\\/\",\"https:\\\/\\\/www.youtube.com\\\/@CVINOTICIAS\"]},{\"@type\":\"Person\",\"@id\":\"https:\\\/\\\/cvinoticias.com\\\/v3\\\/#\\\/schema\\\/person\\\/2db77e3c6bc03c538495d7b2b8be9b66\",\"name\":\"f1000024\",\"image\":{\"@type\":\"ImageObject\",\"inLanguage\":\"es\",\"@id\":\"https:\\\/\\\/secure.gravatar.com\\\/avatar\\\/d4fe7459cfc51ff5129ce1a732bbef5928568b8092d412ef95611616376bbeed?s=96&d=mm&r=g\",\"url\":\"https:\\\/\\\/secure.gravatar.com\\\/avatar\\\/d4fe7459cfc51ff5129ce1a732bbef5928568b8092d412ef95611616376bbeed?s=96&d=mm&r=g\",\"contentUrl\":\"https:\\\/\\\/secure.gravatar.com\\\/avatar\\\/d4fe7459cfc51ff5129ce1a732bbef5928568b8092d412ef95611616376bbeed?s=96&d=mm&r=g\",\"caption\":\"f1000024\"},\"url\":\"https:\\\/\\\/cvinoticias.com\\\/v3\\\/author\\\/f1000024\\\/\"}]}<\/script>\n<!-- \/ Yoast SEO plugin. -->","yoast_head_json":{"title":"Potenciar Trabajo: acuerdan cuota extra del bono de $ 13.500 para 2023 con algunas organizaciones | CVI NOTICIAS","robots":{"index":"index","follow":"follow","max-snippet":"max-snippet:-1","max-image-preview":"max-image-preview:large","max-video-preview":"max-video-preview:-1"},"canonical":"https:\/\/cvinoticias.com\/v3\/potenciar-trabajo-acuerdan-cuota-extra-del-bono-de-13-500-para-2023-con-algunas-organizaciones\/","og_locale":"es_ES","og_type":"article","og_title":"Potenciar Trabajo: acuerdan cuota extra del bono de $ 13.500 para 2023 con algunas organizaciones | CVI NOTICIAS","og_description":"El Gobierno nacional cerr\u00f3 con los movimientos oficialistas el pago de un tercer tramo del bono de fin de a\u00f1o de $13.500 para los beneficiarios y beneficiarias del programa. Unidad Piquetera marcha hoy al Obelisco y se re\u00fane con Victoria Tolosa Paz. En v\u00edsperas de fin de a\u00f1o el Gobierno nacional cerr\u00f3 el pago de [&hellip;]","og_url":"https:\/\/cvinoticias.com\/v3\/potenciar-trabajo-acuerdan-cuota-extra-del-bono-de-13-500-para-2023-con-algunas-organizaciones\/","og_site_name":"CVI NOTICIAS","article_publisher":"https:\/\/www.facebook.com\/cvinoticias","article_published_time":"2022-12-28T10:28:02+00:00","og_image":[{"width":1200,"height":675,"url":"https:\/\/cvinoticias.com\/wp-content\/uploads\/2022\/12\/potenciar-trabajojpg.jpg","type":"image\/jpeg"}],"author":"f1000024","twitter_card":"summary_large_image","twitter_misc":{"Escrito por":"f1000024","Tiempo de lectura":"2 minutos"},"schema":{"@context":"https:\/\/schema.org","@graph":[{"@type":"Article","@id":"https:\/\/cvinoticias.com\/v3\/potenciar-trabajo-acuerdan-cuota-extra-del-bono-de-13-500-para-2023-con-algunas-organizaciones\/#article","isPartOf":{"@id":"https:\/\/cvinoticias.com\/v3\/potenciar-trabajo-acuerdan-cuota-extra-del-bono-de-13-500-para-2023-con-algunas-organizaciones\/"},"author":{"name":"f1000024","@id":"https:\/\/cvinoticias.com\/v3\/#\/schema\/person\/2db77e3c6bc03c538495d7b2b8be9b66"},"headline":"Potenciar Trabajo: acuerdan cuota extra del bono de $ 13.500 para 2023 con algunas organizaciones","datePublished":"2022-12-28T10:28:02+00:00","mainEntityOfPage":{"@id":"https:\/\/cvinoticias.com\/v3\/potenciar-trabajo-acuerdan-cuota-extra-del-bono-de-13-500-para-2023-con-algunas-organizaciones\/"},"wordCount":488,"commentCount":0,"publisher":{"@id":"https:\/\/cvinoticias.com\/v3\/#organization"},"image":{"@id":"https:\/\/cvinoticias.com\/v3\/potenciar-trabajo-acuerdan-cuota-extra-del-bono-de-13-500-para-2023-con-algunas-organizaciones\/#primaryimage"},"thumbnailUrl":"https:\/\/cvinoticias.com\/wp-content\/uploads\/2022\/12\/potenciar-trabajojpg.jpg","articleSection":["Nacionales"],"inLanguage":"es","potentialAction":[{"@type":"CommentAction","name":"Comment","target":["https:\/\/cvinoticias.com\/v3\/potenciar-trabajo-acuerdan-cuota-extra-del-bono-de-13-500-para-2023-con-algunas-organizaciones\/#respond"]}]},{"@type":"WebPage","@id":"https:\/\/cvinoticias.com\/v3\/potenciar-trabajo-acuerdan-cuota-extra-del-bono-de-13-500-para-2023-con-algunas-organizaciones\/","url":"https:\/\/cvinoticias.com\/v3\/potenciar-trabajo-acuerdan-cuota-extra-del-bono-de-13-500-para-2023-con-algunas-organizaciones\/","name":"Potenciar Trabajo: acuerdan cuota extra del bono de $ 13.500 para 2023 con algunas organizaciones | CVI NOTICIAS","isPartOf":{"@id":"https:\/\/cvinoticias.com\/v3\/#website"},"primaryImageOfPage":{"@id":"https:\/\/cvinoticias.com\/v3\/potenciar-trabajo-acuerdan-cuota-extra-del-bono-de-13-500-para-2023-con-algunas-organizaciones\/#primaryimage"},"image":{"@id":"https:\/\/cvinoticias.com\/v3\/potenciar-trabajo-acuerdan-cuota-extra-del-bono-de-13-500-para-2023-con-algunas-organizaciones\/#primaryimage"},"thumbnailUrl":"https:\/\/cvinoticias.com\/wp-content\/uploads\/2022\/12\/potenciar-trabajojpg.jpg","datePublished":"2022-12-28T10:28:02+00:00","breadcrumb":{"@id":"https:\/\/cvinoticias.com\/v3\/potenciar-trabajo-acuerdan-cuota-extra-del-bono-de-13-500-para-2023-con-algunas-organizaciones\/#breadcrumb"},"inLanguage":"es","potentialAction":[{"@type":"ReadAction","target":["https:\/\/cvinoticias.com\/v3\/potenciar-trabajo-acuerdan-cuota-extra-del-bono-de-13-500-para-2023-con-algunas-organizaciones\/"]}]},{"@type":"ImageObject","inLanguage":"es","@id":"https:\/\/cvinoticias.com\/v3\/potenciar-trabajo-acuerdan-cuota-extra-del-bono-de-13-500-para-2023-con-algunas-organizaciones\/#primaryimage","url":"https:\/\/cvinoticias.com\/wp-content\/uploads\/2022\/12\/potenciar-trabajojpg.jpg","contentUrl":"https:\/\/cvinoticias.com\/wp-content\/uploads\/2022\/12\/potenciar-trabajojpg.jpg","width":1200,"height":675},{"@type":"BreadcrumbList","@id":"https:\/\/cvinoticias.com\/v3\/potenciar-trabajo-acuerdan-cuota-extra-del-bono-de-13-500-para-2023-con-algunas-organizaciones\/#breadcrumb","itemListElement":[{"@type":"ListItem","position":1,"name":"Portada","item":"https:\/\/cvinoticias.com\/v3\/"},{"@type":"ListItem","position":2,"name":"Potenciar Trabajo: acuerdan cuota extra del bono de $ 13.500 para 2023 con algunas organizaciones"}]},{"@type":"WebSite","@id":"https:\/\/cvinoticias.com\/v3\/#website","url":"https:\/\/cvinoticias.com\/v3\/","name":"CVI NOTICIAS","description":"","publisher":{"@id":"https:\/\/cvinoticias.com\/v3\/#organization"},"alternateName":"CVI","potentialAction":[{"@type":"SearchAction","target":{"@type":"EntryPoint","urlTemplate":"https:\/\/cvinoticias.com\/v3\/?s={search_term_string}"},"query-input":{"@type":"PropertyValueSpecification","valueRequired":true,"valueName":"search_term_string"}}],"inLanguage":"es"},{"@type":"Organization","@id":"https:\/\/cvinoticias.com\/v3\/#organization","name":"CVI NOTICIAS","url":"https:\/\/cvinoticias.com\/v3\/","logo":{"@type":"ImageObject","inLanguage":"es","@id":"https:\/\/cvinoticias.com\/v3\/#\/schema\/logo\/image\/","url":"https:\/\/cvinoticias.com\/wp-content\/uploads\/2023\/04\/cropped-cropped-cropped-cropped-cropped-3-1.png","contentUrl":"https:\/\/cvinoticias.com\/wp-content\/uploads\/2023\/04\/cropped-cropped-cropped-cropped-cropped-3-1.png","width":95,"height":122,"caption":"CVI NOTICIAS"},"image":{"@id":"https:\/\/cvinoticias.com\/v3\/#\/schema\/logo\/image\/"},"sameAs":["https:\/\/www.facebook.com\/cvinoticias","https:\/\/www.instagram.com\/cvinoticias\/","https:\/\/www.youtube.com\/@CVINOTICIAS"]},{"@type":"Person","@id":"https:\/\/cvinoticias.com\/v3\/#\/schema\/person\/2db77e3c6bc03c538495d7b2b8be9b66","name":"f1000024","image":{"@type":"ImageObject","inLanguage":"es","@id":"https:\/\/secure.gravatar.com\/avatar\/d4fe7459cfc51ff5129ce1a732bbef5928568b8092d412ef95611616376bbeed?s=96&d=mm&r=g","url":"https:\/\/secure.gravatar.com\/avatar\/d4fe7459cfc51ff5129ce1a732bbef5928568b8092d412ef95611616376bbeed?s=96&d=mm&r=g","contentUrl":"https:\/\/secure.gravatar.com\/avatar\/d4fe7459cfc51ff5129ce1a732bbef5928568b8092d412ef95611616376bbeed?s=96&d=mm&r=g","caption":"f1000024"},"url":"https:\/\/cvinoticias.com\/v3\/author\/f1000024\/"}]}},"_links":{"self":[{"href":"https:\/\/cvinoticias.com\/v3\/wp-json\/wp\/v2\/posts\/21431","targetHints":{"allow":["GET"]}}],"collection":[{"href":"https:\/\/cvinoticias.com\/v3\/wp-json\/wp\/v2\/posts"}],"about":[{"href":"https:\/\/cvinoticias.com\/v3\/wp-json\/wp\/v2\/types\/post"}],"author":[{"embeddable":true,"href":"https:\/\/cvinoticias.com\/v3\/wp-json\/wp\/v2\/users\/2"}],"replies":[{"embeddable":true,"href":"https:\/\/cvinoticias.com\/v3\/wp-json\/wp\/v2\/comments?post=21431"}],"version-history":[{"count":1,"href":"https:\/\/cvinoticias.com\/v3\/wp-json\/wp\/v2\/posts\/21431\/revisions"}],"predecessor-version":[{"id":21434,"href":"https:\/\/cvinoticias.com\/v3\/wp-json\/wp\/v2\/posts\/21431\/revisions\/21434"}],"wp:featuredmedia":[{"embeddable":true,"href":"https:\/\/cvinoticias.com\/v3\/wp-json\/wp\/v2\/media\/21433"}],"wp:attachment":[{"href":"https:\/\/cvinoticias.com\/v3\/wp-json\/wp\/v2\/media?parent=21431"}],"wp:term":[{"taxonomy":"category","embeddable":true,"href":"https:\/\/cvinoticias.com\/v3\/wp-json\/wp\/v2\/categories?post=21431"},{"taxonomy":"post_tag","embeddable":true,"href":"https:\/\/cvinoticias.com\/v3\/wp-json\/wp\/v2\/tags?post=21431"}],"curies":[{"name":"wp","href":"https:\/\/api.w.org\/{rel}","templated":true}]}}