{"id":21428,"date":"2022-12-28T02:13:54","date_gmt":"2022-12-28T02:13:54","guid":{"rendered":"https:\/\/cvinoticias.com\/v3\/?p=21428"},"modified":"2022-12-28T02:13:54","modified_gmt":"2022-12-28T02:13:54","slug":"cristina-kirchner-cuestiono-el-fallo-por-la-coparticipacion-la-corte-hizo-caso-omiso-a-una-ley-una-cosa-insolita","status":"publish","type":"post","link":"https:\/\/cvinoticias.com\/v3\/cristina-kirchner-cuestiono-el-fallo-por-la-coparticipacion-la-corte-hizo-caso-omiso-a-una-ley-una-cosa-insolita\/","title":{"rendered":"Cristina Kirchner cuestion\u00f3 el fallo por la Coparticipaci\u00f3n: \u00abLa Corte hizo caso omiso a una ley, una cosa ins\u00f3lita\u00bb"},"content":{"rendered":"\n<p><strong><em>En su reaparici\u00f3n p\u00fablica tras la condena por la causa Vialidad, la Vicepresidenta tambi\u00e9n habl\u00f3 sobre una posible candidatura en 2023. \u201cNo hay renunciamiento, hay proscripci\u00f3n\u201d, dijo.<\/em><\/strong><\/p>\n\n\n\n<p>La Vicepresidenta Cristina Kirchner cuestion\u00f3 el fallo de la Corte Suprema de Justicia de la Naci\u00f3n en favor de la Ciudad de Buenos Aires en el conflicto con el Gobierno Nacional por los fondos de Coparticipaci\u00f3n Nacional.<\/p>\n\n\n\n<p>\u201cLa Corte hizo caso omiso a una ley, una cosa ins\u00f3lita\u201d, dijo la expresidenta, quien tambi\u00e9n habl\u00f3 sobre su posible candidatura en 2023 y denunci\u00f3 que se trata de una \u201cproscripci\u00f3n\u201d.<\/p>\n\n\n\n<p>\u201cEmpezaron a hablar del renunciamiento de Cristina y de la autoexclusi\u00f3n. El \u00fanico renunciamiento que tuvo el peronismo fue el de Eva Per\u00f3n. Y ac\u00e1 tampoco ac\u00e1 hay autoexclusi\u00f3n, ac\u00e1 hay proscripci\u00f3n\u201d, dijo Cristina Kirchner.<\/p>\n\n\n\n<p>La exmandataria dio su discurso junto al Gobernador de la provincia de Buenos Aires, Axel Kicillof, y el intendente de Avellaneda, Jorge Ferraresi, en el marco de la inauguraci\u00f3n de un Polideportivo Municipal en el barrio Villa Corina de Villa Dominico.<\/p>\n\n\n\n<p><strong>Las frases m\u00e1s destacadas de Cristina Kirchner en el acto en Avellaneda<\/strong><\/p>\n\n\n\n<ul class=\"wp-block-list\">\n<li>\u201cEmpezaron a hablar del renunciamiento de Cristina y de la autoexclusi\u00f3n. El \u00fanico renunciamiento que tuvo el peronismo fue el de Eva Per\u00f3n. Y ac\u00e1 tampoco ac\u00e1 hay autoexclusi\u00f3n, ac\u00e1 hay proscripci\u00f3n\u201d.<\/li>\n\n\n\n<li>\u201cEl d\u00eda que yo habl\u00e9 no estaba enojada, no fue en el fervor del discurso, fue algo meditado\u201d.<\/li>\n\n\n\n<li>\u201cLa estrategia de proscripci\u00f3n no es nueva. La empezaron a perge\u00f1ar el 9 de diciembre que cantaban volveremos. Lo primero que hicieron fue armar un juicio con denuncias, con una cronolog\u00eda electoral impresionante\u201d.<\/li>\n\n\n\n<li>\u201cLa proscripci\u00f3n es para que nadie se vuelva a animar a que vuelva recuperar las AFJP, o YPF o las ley de medios. Esto tiene un efecto disciplinador. Y vaya que lo logra\u201d.<\/li>\n\n\n\n<li>\u201cEn diciembre de 2020, despu\u00e9s de la pandemia, Sergio dec\u00eda que \u00edbamos a crecer. Yo dije que era importante que el crecimiento no se lo quedaran tres o cuatro vivos. Que hab\u00eda que redistribuir en tarifas, precios, salarios y jubilaciones\u201d.<\/li>\n\n\n\n<li>\u201cEsto genera resistencias, molestias y represalias. El miedo es un gran disciplinador de la dirigencia pol\u00edtica y un gran frustrador de las sociedades. El miedo pulveriza el poder popular y fundamentalmente tiende a desnaturalizar la pol\u00edtica y a que aparezca la insatisfacci\u00f3n democr\u00e1tica que es a la que termina tributando la pol\u00edtica. Y ah\u00ed la pol\u00edtica deja de gustarle a la gente porque no le soluciona la vida ni los problemas. Fijense que coartada maravillosa\u201d.<\/li>\n\n\n\n<li>\u201cMacri modific\u00f3 con un decreto simple lo que le tocaba al Gobierno Nacional de Coparticipaci\u00f3n y le dio much\u00edsimo al Gobierno de la Ciudad de Buenos Aires, la ciudad m\u00e1s rica de la Rep\u00fablica Argentina. Lo que le quit\u00f3 de esa porci\u00f3n que iba a las otras provincias se lo dio a la ciudad de Buenos Aires\u201d.<\/li>\n\n\n\n<li>\u201cEsto que hab\u00eda sido discutido y criticado por todos los gobernadores, fue resuelto por otro decreto del Gobierno de Alberto Fern\u00e1ndez. Pero no qued\u00f3 solamente en un decreto simple, hubo una ley del Congreso de la Naci\u00f3n, una ley que consagr\u00f3 el decreto con la nueva distribuci\u00f3n del ingreso. Sin embargo, la Corte hizo caso omiso a una ley. Estamos hoy en un momento en el que se suspende una ley, es una cosa ins\u00f3lita. Las leyes no pueden suspenderse. Lo \u00fanico que puede hacerlo es el Congreso. El Poder Judicial solamente puede declararla inconstitucional y no aplicarla, pero suspenderla es imposible\u201d.<\/li>\n\n\n\n<li>\u201cHicieron una incursi\u00f3n en el poder legislativo porque el resultado de las elecciones de los estamentos que conforman el Consejo de la Magistratura no hab\u00eda sido el resultado que esperaban\u201d<\/li>\n\n\n\n<li>\u201cEstamos ante un hecho ajur\u00eddico, es como si hubiese desaparecido el estado de derecho, como si hubiera desaparecido el derecho. Este partido judicial est\u00e1 influyendo sobre la calidad de vida de todos los ciudadanos y ciudadanas, hay que despabilarse\u201d.<\/li>\n\n\n\n<li>\u201cSon los mismos jueces que permitieron que los d\u00f3lares que necesitamos en las f\u00e1bricas se lo den a los que quieren comprar un Porsche o quieren importar 30 millones de d\u00f3lares en toallas. Uno de los jueces que hizo este fue el de Lago Escondido\u201d.<\/li>\n\n\n\n<li>\u201cYo anunci\u00e9 que no iba a someter a la fuerza pol\u00edtica nuestra a llevar de candidata a alguien al que iban a decir que estaba condenada y de esta manera ser absolutamente funcional a lo de ellos. No es contra mi o contra Cristina, es contra el peronismo. Y lo vemos en esta decisi\u00f3n de la coparticipaci\u00f3n donde le van a dar para la campa\u00f1a electoral al jefe de gobierno de la Ciudad que seguramente va a ser el candidato de la oposici\u00f3n, le van a incrementar el equivalente a seis a\u00f1os del presupuesto de Avellaneda\u201d.<\/li>\n\n\n\n<li>\u201cLo que gasta la Ciudad e Buenos Aires en ornamentaci\u00f3n, plantas y esas cosas hermosas es el presupuesto de todo el a\u00f1o de Quilmes. Cuando un habitante del conurbano va a la Ciudad y ve todo eso dice &#8216;mamita, mir\u00e1 que gesti\u00f3n, llev\u00e9moslo a este\u00b4\u201d.<\/li>\n\n\n\n<li>\u201cBonaerenses, esta Provincia tiene 300.000 kil\u00f3metros cuadrados, recibe much\u00edsimos menos recursos de los que produce. Y f\u00edjense que la Ciudad de Buenos Aires en apenas 200 kil\u00f3metros cuadrados tienen todo. Ah\u00ed nadie necesita pavimento, ni agua corriente, tienen todo. Es un pa\u00eds funci\u00f3n conc\u00e9ntrica. Quiero que advirtamos lo que est\u00e1 pasando. Cada compa\u00f1ero, cada militante tiene su bast\u00f3n de mariscal en la mochila, s\u00e1quenlo, y no le pidan permiso a nadie para sacarlo, en todo caso si se equivocan con el bast\u00f3n, pidan perd\u00f3n. Pero permiso, a nadie\u201d.<\/li>\n\n\n\n<li>\u201cTodos deber\u00edamos preguntarnos si es sostenible un pa\u00eds con estos par\u00e1metros en la administraci\u00f3n de justicia. Seguramente que no. Va a exigir un gran esfuerzo de todos y todas\u201d.<\/li>\n\n\n\n<li>\u201cLas redes sociales est\u00e1n buenas, pero hay que tener contacto con el barrio, con la realidad. La gente est\u00e1 \u00e1vida de que le hablen y le expliquen. No hay que estar mirando al cielo para que alguien baje m\u00e1gicamente para que alguien nos diga lo que hay que hacer. Es necesario replantearse estas cosas y saber que es necesario que pongamos lo mejor de cada uno de nosotros\u201d<\/li>\n\n\n\n<li>\u201cSe ha sufrido mucho en Argentina, hay muchas carencias todav\u00eda. Necesitamos que vuelva a haber un \u00e1rbitro serio del poder judicial. Que tenga la garant\u00eda de que todos los ciudadanos y ciudadanas somos iguales ante la ley\u201d<\/li>\n\n\n\n<li>\u201cEl a\u00f1o que viene vamos a cumplir 40 a\u00f1os de democracia. Fue muy grave lo que pas\u00f3, a 40 a\u00f1os de la recuperaci\u00f3n de la democracia tenemos un estado paralelo capturado por las mafias. Eso no es justo ni para los que sufrieron las consecuencias de la dictadura ni para todo el resto. Esto va a ser muy importante para que movilicemos a toda la Argentina a partir de una consigna: Argentina y democracia, sin mafias, los argentinos nos lo merecemos\u201d.<\/li>\n<\/ul>\n","protected":false},"excerpt":{"rendered":"<p>En su reaparici\u00f3n p\u00fablica tras la condena por la causa Vialidad, la Vicepresidenta tambi\u00e9n habl\u00f3 sobre una posible candidatura en 2023. \u201cNo hay renunciamiento, hay proscripci\u00f3n\u201d, dijo. La Vicepresidenta Cristina Kirchner cuestion\u00f3 el fallo de la Corte Suprema de Justicia de la Naci\u00f3n en favor de la Ciudad de Buenos Aires en el conflicto con [&hellip;]<\/p>\n","protected":false},"author":2,"featured_media":21429,"comment_status":"open","ping_status":"open","sticky":false,"template":"","format":"standard","meta":{"footnotes":""},"categories":[42],"tags":[],"class_list":["post-21428","post","type-post","status-publish","format-standard","has-post-thumbnail","hentry","category-politica"],"yoast_head":"<!-- This site is optimized with the Yoast SEO plugin v27.5 - https:\/\/yoast.com\/product\/yoast-seo-wordpress\/ -->\n<title>Cristina Kirchner cuestion\u00f3 el fallo por la Coparticipaci\u00f3n: &quot;La Corte hizo caso omiso a una ley, una cosa ins\u00f3lita&quot; | CVI NOTICIAS<\/title>\n<meta name=\"robots\" content=\"index, follow, max-snippet:-1, max-image-preview:large, max-video-preview:-1\" \/>\n<link rel=\"canonical\" href=\"https:\/\/cvinoticias.com\/v3\/cristina-kirchner-cuestiono-el-fallo-por-la-coparticipacion-la-corte-hizo-caso-omiso-a-una-ley-una-cosa-insolita\/\" \/>\n<meta property=\"og:locale\" content=\"es_ES\" \/>\n<meta property=\"og:type\" content=\"article\" \/>\n<meta property=\"og:title\" content=\"Cristina Kirchner cuestion\u00f3 el fallo por la Coparticipaci\u00f3n: &quot;La Corte hizo caso omiso a una ley, una cosa ins\u00f3lita&quot; | CVI NOTICIAS\" \/>\n<meta property=\"og:description\" content=\"En su reaparici\u00f3n p\u00fablica tras la condena por la causa Vialidad, la Vicepresidenta tambi\u00e9n habl\u00f3 sobre una posible candidatura en 2023. \u201cNo hay renunciamiento, hay proscripci\u00f3n\u201d, dijo. La Vicepresidenta Cristina Kirchner cuestion\u00f3 el fallo de la Corte Suprema de Justicia de la Naci\u00f3n en favor de la Ciudad de Buenos Aires en el conflicto con [&hellip;]\" \/>\n<meta property=\"og:url\" content=\"https:\/\/cvinoticias.com\/v3\/cristina-kirchner-cuestiono-el-fallo-por-la-coparticipacion-la-corte-hizo-caso-omiso-a-una-ley-una-cosa-insolita\/\" \/>\n<meta property=\"og:site_name\" content=\"CVI NOTICIAS\" \/>\n<meta property=\"article:publisher\" content=\"https:\/\/www.facebook.com\/cvinoticias\" \/>\n<meta property=\"article:published_time\" content=\"2022-12-28T02:13:54+00:00\" \/>\n<meta property=\"og:image\" content=\"https:\/\/cvinoticias.com\/wp-content\/uploads\/2022\/12\/63ab8405836db__993x610.jpeg\" \/>\n\t<meta property=\"og:image:width\" content=\"993\" \/>\n\t<meta property=\"og:image:height\" content=\"610\" \/>\n\t<meta property=\"og:image:type\" content=\"image\/jpeg\" \/>\n<meta name=\"author\" content=\"f1000024\" \/>\n<meta name=\"twitter:card\" content=\"summary_large_image\" \/>\n<meta name=\"twitter:label1\" content=\"Escrito por\" \/>\n\t<meta name=\"twitter:data1\" content=\"f1000024\" \/>\n\t<meta name=\"twitter:label2\" content=\"Tiempo de lectura\" \/>\n\t<meta name=\"twitter:data2\" content=\"6 minutos\" \/>\n<script type=\"application\/ld+json\" class=\"yoast-schema-graph\">{\"@context\":\"https:\\\/\\\/schema.org\",\"@graph\":[{\"@type\":\"Article\",\"@id\":\"https:\\\/\\\/cvinoticias.com\\\/v3\\\/cristina-kirchner-cuestiono-el-fallo-por-la-coparticipacion-la-corte-hizo-caso-omiso-a-una-ley-una-cosa-insolita\\\/#article\",\"isPartOf\":{\"@id\":\"https:\\\/\\\/cvinoticias.com\\\/v3\\\/cristina-kirchner-cuestiono-el-fallo-por-la-coparticipacion-la-corte-hizo-caso-omiso-a-una-ley-una-cosa-insolita\\\/\"},\"author\":{\"name\":\"f1000024\",\"@id\":\"https:\\\/\\\/cvinoticias.com\\\/v3\\\/#\\\/schema\\\/person\\\/2db77e3c6bc03c538495d7b2b8be9b66\"},\"headline\":\"Cristina Kirchner cuestion\u00f3 el fallo por la Coparticipaci\u00f3n: \u00abLa Corte hizo caso omiso a una ley, una cosa ins\u00f3lita\u00bb\",\"datePublished\":\"2022-12-28T02:13:54+00:00\",\"mainEntityOfPage\":{\"@id\":\"https:\\\/\\\/cvinoticias.com\\\/v3\\\/cristina-kirchner-cuestiono-el-fallo-por-la-coparticipacion-la-corte-hizo-caso-omiso-a-una-ley-una-cosa-insolita\\\/\"},\"wordCount\":1226,\"commentCount\":0,\"publisher\":{\"@id\":\"https:\\\/\\\/cvinoticias.com\\\/v3\\\/#organization\"},\"image\":{\"@id\":\"https:\\\/\\\/cvinoticias.com\\\/v3\\\/cristina-kirchner-cuestiono-el-fallo-por-la-coparticipacion-la-corte-hizo-caso-omiso-a-una-ley-una-cosa-insolita\\\/#primaryimage\"},\"thumbnailUrl\":\"https:\\\/\\\/cvinoticias.com\\\/wp-content\\\/uploads\\\/2022\\\/12\\\/63ab8405836db__993x610.jpeg\",\"articleSection\":[\"Politica\"],\"inLanguage\":\"es\",\"potentialAction\":[{\"@type\":\"CommentAction\",\"name\":\"Comment\",\"target\":[\"https:\\\/\\\/cvinoticias.com\\\/v3\\\/cristina-kirchner-cuestiono-el-fallo-por-la-coparticipacion-la-corte-hizo-caso-omiso-a-una-ley-una-cosa-insolita\\\/#respond\"]}]},{\"@type\":\"WebPage\",\"@id\":\"https:\\\/\\\/cvinoticias.com\\\/v3\\\/cristina-kirchner-cuestiono-el-fallo-por-la-coparticipacion-la-corte-hizo-caso-omiso-a-una-ley-una-cosa-insolita\\\/\",\"url\":\"https:\\\/\\\/cvinoticias.com\\\/v3\\\/cristina-kirchner-cuestiono-el-fallo-por-la-coparticipacion-la-corte-hizo-caso-omiso-a-una-ley-una-cosa-insolita\\\/\",\"name\":\"Cristina Kirchner cuestion\u00f3 el fallo por la Coparticipaci\u00f3n: \\\"La Corte hizo caso omiso a una ley, una cosa ins\u00f3lita\\\" | CVI NOTICIAS\",\"isPartOf\":{\"@id\":\"https:\\\/\\\/cvinoticias.com\\\/v3\\\/#website\"},\"primaryImageOfPage\":{\"@id\":\"https:\\\/\\\/cvinoticias.com\\\/v3\\\/cristina-kirchner-cuestiono-el-fallo-por-la-coparticipacion-la-corte-hizo-caso-omiso-a-una-ley-una-cosa-insolita\\\/#primaryimage\"},\"image\":{\"@id\":\"https:\\\/\\\/cvinoticias.com\\\/v3\\\/cristina-kirchner-cuestiono-el-fallo-por-la-coparticipacion-la-corte-hizo-caso-omiso-a-una-ley-una-cosa-insolita\\\/#primaryimage\"},\"thumbnailUrl\":\"https:\\\/\\\/cvinoticias.com\\\/wp-content\\\/uploads\\\/2022\\\/12\\\/63ab8405836db__993x610.jpeg\",\"datePublished\":\"2022-12-28T02:13:54+00:00\",\"breadcrumb\":{\"@id\":\"https:\\\/\\\/cvinoticias.com\\\/v3\\\/cristina-kirchner-cuestiono-el-fallo-por-la-coparticipacion-la-corte-hizo-caso-omiso-a-una-ley-una-cosa-insolita\\\/#breadcrumb\"},\"inLanguage\":\"es\",\"potentialAction\":[{\"@type\":\"ReadAction\",\"target\":[\"https:\\\/\\\/cvinoticias.com\\\/v3\\\/cristina-kirchner-cuestiono-el-fallo-por-la-coparticipacion-la-corte-hizo-caso-omiso-a-una-ley-una-cosa-insolita\\\/\"]}]},{\"@type\":\"ImageObject\",\"inLanguage\":\"es\",\"@id\":\"https:\\\/\\\/cvinoticias.com\\\/v3\\\/cristina-kirchner-cuestiono-el-fallo-por-la-coparticipacion-la-corte-hizo-caso-omiso-a-una-ley-una-cosa-insolita\\\/#primaryimage\",\"url\":\"https:\\\/\\\/cvinoticias.com\\\/wp-content\\\/uploads\\\/2022\\\/12\\\/63ab8405836db__993x610.jpeg\",\"contentUrl\":\"https:\\\/\\\/cvinoticias.com\\\/wp-content\\\/uploads\\\/2022\\\/12\\\/63ab8405836db__993x610.jpeg\",\"width\":993,\"height\":610},{\"@type\":\"BreadcrumbList\",\"@id\":\"https:\\\/\\\/cvinoticias.com\\\/v3\\\/cristina-kirchner-cuestiono-el-fallo-por-la-coparticipacion-la-corte-hizo-caso-omiso-a-una-ley-una-cosa-insolita\\\/#breadcrumb\",\"itemListElement\":[{\"@type\":\"ListItem\",\"position\":1,\"name\":\"Portada\",\"item\":\"https:\\\/\\\/cvinoticias.com\\\/v3\\\/\"},{\"@type\":\"ListItem\",\"position\":2,\"name\":\"Cristina Kirchner cuestion\u00f3 el fallo por la Coparticipaci\u00f3n: \u00abLa Corte hizo caso omiso a una ley, una cosa ins\u00f3lita\u00bb\"}]},{\"@type\":\"WebSite\",\"@id\":\"https:\\\/\\\/cvinoticias.com\\\/v3\\\/#website\",\"url\":\"https:\\\/\\\/cvinoticias.com\\\/v3\\\/\",\"name\":\"CVI NOTICIAS\",\"description\":\"\",\"publisher\":{\"@id\":\"https:\\\/\\\/cvinoticias.com\\\/v3\\\/#organization\"},\"alternateName\":\"CVI\",\"potentialAction\":[{\"@type\":\"SearchAction\",\"target\":{\"@type\":\"EntryPoint\",\"urlTemplate\":\"https:\\\/\\\/cvinoticias.com\\\/v3\\\/?s={search_term_string}\"},\"query-input\":{\"@type\":\"PropertyValueSpecification\",\"valueRequired\":true,\"valueName\":\"search_term_string\"}}],\"inLanguage\":\"es\"},{\"@type\":\"Organization\",\"@id\":\"https:\\\/\\\/cvinoticias.com\\\/v3\\\/#organization\",\"name\":\"CVI NOTICIAS\",\"url\":\"https:\\\/\\\/cvinoticias.com\\\/v3\\\/\",\"logo\":{\"@type\":\"ImageObject\",\"inLanguage\":\"es\",\"@id\":\"https:\\\/\\\/cvinoticias.com\\\/v3\\\/#\\\/schema\\\/logo\\\/image\\\/\",\"url\":\"https:\\\/\\\/cvinoticias.com\\\/wp-content\\\/uploads\\\/2023\\\/04\\\/cropped-cropped-cropped-cropped-cropped-3-1.png\",\"contentUrl\":\"https:\\\/\\\/cvinoticias.com\\\/wp-content\\\/uploads\\\/2023\\\/04\\\/cropped-cropped-cropped-cropped-cropped-3-1.png\",\"width\":95,\"height\":122,\"caption\":\"CVI NOTICIAS\"},\"image\":{\"@id\":\"https:\\\/\\\/cvinoticias.com\\\/v3\\\/#\\\/schema\\\/logo\\\/image\\\/\"},\"sameAs\":[\"https:\\\/\\\/www.facebook.com\\\/cvinoticias\",\"https:\\\/\\\/www.instagram.com\\\/cvinoticias\\\/\",\"https:\\\/\\\/www.youtube.com\\\/@CVINOTICIAS\"]},{\"@type\":\"Person\",\"@id\":\"https:\\\/\\\/cvinoticias.com\\\/v3\\\/#\\\/schema\\\/person\\\/2db77e3c6bc03c538495d7b2b8be9b66\",\"name\":\"f1000024\",\"image\":{\"@type\":\"ImageObject\",\"inLanguage\":\"es\",\"@id\":\"https:\\\/\\\/secure.gravatar.com\\\/avatar\\\/d4fe7459cfc51ff5129ce1a732bbef5928568b8092d412ef95611616376bbeed?s=96&d=mm&r=g\",\"url\":\"https:\\\/\\\/secure.gravatar.com\\\/avatar\\\/d4fe7459cfc51ff5129ce1a732bbef5928568b8092d412ef95611616376bbeed?s=96&d=mm&r=g\",\"contentUrl\":\"https:\\\/\\\/secure.gravatar.com\\\/avatar\\\/d4fe7459cfc51ff5129ce1a732bbef5928568b8092d412ef95611616376bbeed?s=96&d=mm&r=g\",\"caption\":\"f1000024\"},\"url\":\"https:\\\/\\\/cvinoticias.com\\\/v3\\\/author\\\/f1000024\\\/\"}]}<\/script>\n<!-- \/ Yoast SEO plugin. -->","yoast_head_json":{"title":"Cristina Kirchner cuestion\u00f3 el fallo por la Coparticipaci\u00f3n: \"La Corte hizo caso omiso a una ley, una cosa ins\u00f3lita\" | CVI NOTICIAS","robots":{"index":"index","follow":"follow","max-snippet":"max-snippet:-1","max-image-preview":"max-image-preview:large","max-video-preview":"max-video-preview:-1"},"canonical":"https:\/\/cvinoticias.com\/v3\/cristina-kirchner-cuestiono-el-fallo-por-la-coparticipacion-la-corte-hizo-caso-omiso-a-una-ley-una-cosa-insolita\/","og_locale":"es_ES","og_type":"article","og_title":"Cristina Kirchner cuestion\u00f3 el fallo por la Coparticipaci\u00f3n: \"La Corte hizo caso omiso a una ley, una cosa ins\u00f3lita\" | CVI NOTICIAS","og_description":"En su reaparici\u00f3n p\u00fablica tras la condena por la causa Vialidad, la Vicepresidenta tambi\u00e9n habl\u00f3 sobre una posible candidatura en 2023. \u201cNo hay renunciamiento, hay proscripci\u00f3n\u201d, dijo. La Vicepresidenta Cristina Kirchner cuestion\u00f3 el fallo de la Corte Suprema de Justicia de la Naci\u00f3n en favor de la Ciudad de Buenos Aires en el conflicto con [&hellip;]","og_url":"https:\/\/cvinoticias.com\/v3\/cristina-kirchner-cuestiono-el-fallo-por-la-coparticipacion-la-corte-hizo-caso-omiso-a-una-ley-una-cosa-insolita\/","og_site_name":"CVI NOTICIAS","article_publisher":"https:\/\/www.facebook.com\/cvinoticias","article_published_time":"2022-12-28T02:13:54+00:00","og_image":[{"width":993,"height":610,"url":"https:\/\/cvinoticias.com\/wp-content\/uploads\/2022\/12\/63ab8405836db__993x610.jpeg","type":"image\/jpeg"}],"author":"f1000024","twitter_card":"summary_large_image","twitter_misc":{"Escrito por":"f1000024","Tiempo de lectura":"6 minutos"},"schema":{"@context":"https:\/\/schema.org","@graph":[{"@type":"Article","@id":"https:\/\/cvinoticias.com\/v3\/cristina-kirchner-cuestiono-el-fallo-por-la-coparticipacion-la-corte-hizo-caso-omiso-a-una-ley-una-cosa-insolita\/#article","isPartOf":{"@id":"https:\/\/cvinoticias.com\/v3\/cristina-kirchner-cuestiono-el-fallo-por-la-coparticipacion-la-corte-hizo-caso-omiso-a-una-ley-una-cosa-insolita\/"},"author":{"name":"f1000024","@id":"https:\/\/cvinoticias.com\/v3\/#\/schema\/person\/2db77e3c6bc03c538495d7b2b8be9b66"},"headline":"Cristina Kirchner cuestion\u00f3 el fallo por la Coparticipaci\u00f3n: \u00abLa Corte hizo caso omiso a una ley, una cosa ins\u00f3lita\u00bb","datePublished":"2022-12-28T02:13:54+00:00","mainEntityOfPage":{"@id":"https:\/\/cvinoticias.com\/v3\/cristina-kirchner-cuestiono-el-fallo-por-la-coparticipacion-la-corte-hizo-caso-omiso-a-una-ley-una-cosa-insolita\/"},"wordCount":1226,"commentCount":0,"publisher":{"@id":"https:\/\/cvinoticias.com\/v3\/#organization"},"image":{"@id":"https:\/\/cvinoticias.com\/v3\/cristina-kirchner-cuestiono-el-fallo-por-la-coparticipacion-la-corte-hizo-caso-omiso-a-una-ley-una-cosa-insolita\/#primaryimage"},"thumbnailUrl":"https:\/\/cvinoticias.com\/wp-content\/uploads\/2022\/12\/63ab8405836db__993x610.jpeg","articleSection":["Politica"],"inLanguage":"es","potentialAction":[{"@type":"CommentAction","name":"Comment","target":["https:\/\/cvinoticias.com\/v3\/cristina-kirchner-cuestiono-el-fallo-por-la-coparticipacion-la-corte-hizo-caso-omiso-a-una-ley-una-cosa-insolita\/#respond"]}]},{"@type":"WebPage","@id":"https:\/\/cvinoticias.com\/v3\/cristina-kirchner-cuestiono-el-fallo-por-la-coparticipacion-la-corte-hizo-caso-omiso-a-una-ley-una-cosa-insolita\/","url":"https:\/\/cvinoticias.com\/v3\/cristina-kirchner-cuestiono-el-fallo-por-la-coparticipacion-la-corte-hizo-caso-omiso-a-una-ley-una-cosa-insolita\/","name":"Cristina Kirchner cuestion\u00f3 el fallo por la Coparticipaci\u00f3n: \"La Corte hizo caso omiso a una ley, una cosa ins\u00f3lita\" | CVI NOTICIAS","isPartOf":{"@id":"https:\/\/cvinoticias.com\/v3\/#website"},"primaryImageOfPage":{"@id":"https:\/\/cvinoticias.com\/v3\/cristina-kirchner-cuestiono-el-fallo-por-la-coparticipacion-la-corte-hizo-caso-omiso-a-una-ley-una-cosa-insolita\/#primaryimage"},"image":{"@id":"https:\/\/cvinoticias.com\/v3\/cristina-kirchner-cuestiono-el-fallo-por-la-coparticipacion-la-corte-hizo-caso-omiso-a-una-ley-una-cosa-insolita\/#primaryimage"},"thumbnailUrl":"https:\/\/cvinoticias.com\/wp-content\/uploads\/2022\/12\/63ab8405836db__993x610.jpeg","datePublished":"2022-12-28T02:13:54+00:00","breadcrumb":{"@id":"https:\/\/cvinoticias.com\/v3\/cristina-kirchner-cuestiono-el-fallo-por-la-coparticipacion-la-corte-hizo-caso-omiso-a-una-ley-una-cosa-insolita\/#breadcrumb"},"inLanguage":"es","potentialAction":[{"@type":"ReadAction","target":["https:\/\/cvinoticias.com\/v3\/cristina-kirchner-cuestiono-el-fallo-por-la-coparticipacion-la-corte-hizo-caso-omiso-a-una-ley-una-cosa-insolita\/"]}]},{"@type":"ImageObject","inLanguage":"es","@id":"https:\/\/cvinoticias.com\/v3\/cristina-kirchner-cuestiono-el-fallo-por-la-coparticipacion-la-corte-hizo-caso-omiso-a-una-ley-una-cosa-insolita\/#primaryimage","url":"https:\/\/cvinoticias.com\/wp-content\/uploads\/2022\/12\/63ab8405836db__993x610.jpeg","contentUrl":"https:\/\/cvinoticias.com\/wp-content\/uploads\/2022\/12\/63ab8405836db__993x610.jpeg","width":993,"height":610},{"@type":"BreadcrumbList","@id":"https:\/\/cvinoticias.com\/v3\/cristina-kirchner-cuestiono-el-fallo-por-la-coparticipacion-la-corte-hizo-caso-omiso-a-una-ley-una-cosa-insolita\/#breadcrumb","itemListElement":[{"@type":"ListItem","position":1,"name":"Portada","item":"https:\/\/cvinoticias.com\/v3\/"},{"@type":"ListItem","position":2,"name":"Cristina Kirchner cuestion\u00f3 el fallo por la Coparticipaci\u00f3n: \u00abLa Corte hizo caso omiso a una ley, una cosa ins\u00f3lita\u00bb"}]},{"@type":"WebSite","@id":"https:\/\/cvinoticias.com\/v3\/#website","url":"https:\/\/cvinoticias.com\/v3\/","name":"CVI NOTICIAS","description":"","publisher":{"@id":"https:\/\/cvinoticias.com\/v3\/#organization"},"alternateName":"CVI","potentialAction":[{"@type":"SearchAction","target":{"@type":"EntryPoint","urlTemplate":"https:\/\/cvinoticias.com\/v3\/?s={search_term_string}"},"query-input":{"@type":"PropertyValueSpecification","valueRequired":true,"valueName":"search_term_string"}}],"inLanguage":"es"},{"@type":"Organization","@id":"https:\/\/cvinoticias.com\/v3\/#organization","name":"CVI NOTICIAS","url":"https:\/\/cvinoticias.com\/v3\/","logo":{"@type":"ImageObject","inLanguage":"es","@id":"https:\/\/cvinoticias.com\/v3\/#\/schema\/logo\/image\/","url":"https:\/\/cvinoticias.com\/wp-content\/uploads\/2023\/04\/cropped-cropped-cropped-cropped-cropped-3-1.png","contentUrl":"https:\/\/cvinoticias.com\/wp-content\/uploads\/2023\/04\/cropped-cropped-cropped-cropped-cropped-3-1.png","width":95,"height":122,"caption":"CVI NOTICIAS"},"image":{"@id":"https:\/\/cvinoticias.com\/v3\/#\/schema\/logo\/image\/"},"sameAs":["https:\/\/www.facebook.com\/cvinoticias","https:\/\/www.instagram.com\/cvinoticias\/","https:\/\/www.youtube.com\/@CVINOTICIAS"]},{"@type":"Person","@id":"https:\/\/cvinoticias.com\/v3\/#\/schema\/person\/2db77e3c6bc03c538495d7b2b8be9b66","name":"f1000024","image":{"@type":"ImageObject","inLanguage":"es","@id":"https:\/\/secure.gravatar.com\/avatar\/d4fe7459cfc51ff5129ce1a732bbef5928568b8092d412ef95611616376bbeed?s=96&d=mm&r=g","url":"https:\/\/secure.gravatar.com\/avatar\/d4fe7459cfc51ff5129ce1a732bbef5928568b8092d412ef95611616376bbeed?s=96&d=mm&r=g","contentUrl":"https:\/\/secure.gravatar.com\/avatar\/d4fe7459cfc51ff5129ce1a732bbef5928568b8092d412ef95611616376bbeed?s=96&d=mm&r=g","caption":"f1000024"},"url":"https:\/\/cvinoticias.com\/v3\/author\/f1000024\/"}]}},"_links":{"self":[{"href":"https:\/\/cvinoticias.com\/v3\/wp-json\/wp\/v2\/posts\/21428","targetHints":{"allow":["GET"]}}],"collection":[{"href":"https:\/\/cvinoticias.com\/v3\/wp-json\/wp\/v2\/posts"}],"about":[{"href":"https:\/\/cvinoticias.com\/v3\/wp-json\/wp\/v2\/types\/post"}],"author":[{"embeddable":true,"href":"https:\/\/cvinoticias.com\/v3\/wp-json\/wp\/v2\/users\/2"}],"replies":[{"embeddable":true,"href":"https:\/\/cvinoticias.com\/v3\/wp-json\/wp\/v2\/comments?post=21428"}],"version-history":[{"count":1,"href":"https:\/\/cvinoticias.com\/v3\/wp-json\/wp\/v2\/posts\/21428\/revisions"}],"predecessor-version":[{"id":21430,"href":"https:\/\/cvinoticias.com\/v3\/wp-json\/wp\/v2\/posts\/21428\/revisions\/21430"}],"wp:featuredmedia":[{"embeddable":true,"href":"https:\/\/cvinoticias.com\/v3\/wp-json\/wp\/v2\/media\/21429"}],"wp:attachment":[{"href":"https:\/\/cvinoticias.com\/v3\/wp-json\/wp\/v2\/media?parent=21428"}],"wp:term":[{"taxonomy":"category","embeddable":true,"href":"https:\/\/cvinoticias.com\/v3\/wp-json\/wp\/v2\/categories?post=21428"},{"taxonomy":"post_tag","embeddable":true,"href":"https:\/\/cvinoticias.com\/v3\/wp-json\/wp\/v2\/tags?post=21428"}],"curies":[{"name":"wp","href":"https:\/\/api.w.org\/{rel}","templated":true}]}}