{"id":21414,"date":"2022-12-27T12:04:17","date_gmt":"2022-12-27T12:04:17","guid":{"rendered":"https:\/\/cvinoticias.com\/v3\/?p=21414"},"modified":"2022-12-27T12:04:17","modified_gmt":"2022-12-27T12:04:17","slug":"prorrogan-el-plazo-para-regularizar-impuestos-a-las-ganancias-y-bienes-personales","status":"publish","type":"post","link":"https:\/\/cvinoticias.com\/v3\/prorrogan-el-plazo-para-regularizar-impuestos-a-las-ganancias-y-bienes-personales\/","title":{"rendered":"Prorrogan el plazo para regularizar impuestos a las ganancias y bienes personales"},"content":{"rendered":"\n<p><strong><em>En abril, el Gobierno hab\u00eda extendido la facilidad a contribuyentes de regularizar sus obligaciones en hasta tres cuotas y con un pago a cuenta del 25%.<\/em><\/strong><\/p>\n\n\n\n<p>Mediante la resoluci\u00f3n general 5305\/2022 publicada este jueves en el Bolet\u00edn Oficial, la Administraci\u00f3n Federal de Ingresos P\u00fablicos (AFIP) prorrog\u00f3 hasta el 31 de enero el plazo fijado por de la resoluci\u00f3n general 4.959 del 7 de abril para que los contribuyentes regularicen sus obligaciones de los impuestos a las ganancias y\/o sobre los bienes personales en hasta tres cuotas, con un pago a cuenta del 25%, sin considerar la categor\u00eda del \u201cSistema de Perfil de Riesgo (SIPER)\u201d en la que dichos sujetos se encuentren incluidos, siempre que se trate de las categor\u00edas A, B, C o D.<\/p>\n\n\n\n<p>La medida que apunta a coadyuvar al cumplimiento de las obligaciones de los contribuyentes y responsables forma parte de las herramientas puestas a disposici\u00f3n por la AFIP para amortiguar el impacto econ\u00f3mico de la pandemia de coronavirus.<\/p>\n\n\n\n<p>\u00abEs objetivo permanente de esta Administraci\u00f3n Federal promover y facilitar el cumplimiento de las obligaciones tributarias por parte de los contribuyentes y\/o responsables, en cuyo m\u00e9rito se estima conveniente extender nuevamente el plazo antes mencionado hasta el 31 de diciembre de 2022, inclusive\u00bb, argumenta la medida.<\/p>\n\n\n\n<p>En la pr\u00f3rroga del mes de noviembre se efectuaron adecuaciones respecto de la disponibilidad en el sistema inform\u00e1tico \u201cMis Facilidades\u201d de la funcionalidad para rehabilitar las cuotas impagas de planes de facilidades de pago y su posterior ingreso por transferencia electr\u00f3nica de fondos mediante la generaci\u00f3n de un Volante Electr\u00f3nico de Pago (VEP), conforme a lo establecido en la Resoluci\u00f3n General N\u00b0 3.926.<\/p>\n\n\n\n<p>Adem\u00e1s, \u00abpor razones de \u00edndole operativa\u00bb, se dictaron nuevas disposiciones en materia de cancelaci\u00f3n de las cuotas de los planes de facilidades de pago, cuando el monto de las mismas resulte igual o superior a $100.000.000, o bien cuando situaciones de excepci\u00f3n imposibiliten su cobro por el procedimiento de d\u00e9bito directo en cuenta bancaria.<\/p>\n\n\n\n<p>ART\u00cdCULO 4\u00b0.- Las cuotas de los planes de facilidades de pago vigentes -presentados en el \u00e1mbito del sistema inform\u00e1tico denominado \u201cMis Facilidades\u201d-, cuyos importes totales sean iguales o superiores a PESOS CIEN MILLONES ($100.000.000.-), deber\u00e1n cancelarse a trav\u00e9s de transferencia electr\u00f3nica de fondos de acuerdo con el procedimiento previsto en la Resoluci\u00f3n General N\u00b0 1.778, su modificatoria y sus complementarias.<\/p>\n\n\n\n<p>A fin de confeccionar el Volante Electr\u00f3nico de Pago (VEP) correspondiente, deber\u00e1 seleccionarse la opci\u00f3n \u201cGeneraci\u00f3n de cuota por VEP\u201d del aludido sistema, la que se encontrar\u00e1 disponible a partir del d\u00eda 10 y hasta el d\u00eda 16 del mes de vencimiento de la cuota respectiva.<\/p>\n\n\n\n<p>El citado Volante Electr\u00f3nico de Pago (VEP) tendr\u00e1 validez hasta la hora VEINTICUATRO (24) del d\u00eda de vencimiento de la cuota.<\/p>\n\n\n\n<p>Cuando dicho vencimiento opere en un d\u00eda inh\u00e1bil o feriado, su pago ser\u00e1 considerado en t\u00e9rmino siempre que se realice hasta el primer d\u00eda h\u00e1bil inmediato siguiente, extendi\u00e9ndose la vigencia del Volante Electr\u00f3nico de Pago (VEP) hasta esa fecha.<\/p>\n\n\n\n<p>De tratarse de un feriado local que afecte a la cuenta cuya Clave Bancaria Uniforme (CBU) fuera informada para abonar el plan, el contribuyente deber\u00e1 solicitar hasta el primer d\u00eda h\u00e1bil siguiente a dicho feriado, la generaci\u00f3n del Volante Electr\u00f3nico de Pago (VEP) por el importe de la cuota a la fecha de vencimiento. Dicha solicitud deber\u00e1 realizarse mediante el servicio con Clave Fiscal denominado \u201cPresentaciones Digitales\u201d, seleccionando el tr\u00e1mite \u201cPlanes de Pago. Anulaciones, cancelaciones anticipadas totales y otras\u201d, a cuyo efecto se deber\u00e1 informar el n\u00famero de plan, la cuota a cancelar y la red bancaria que se utilizar\u00e1 para efectuar el respectivo pago electr\u00f3nico y aportar la documentaci\u00f3n de respaldo correspondiente. Cuando se trate de un plan de facilidades de pago a trav\u00e9s del cual se hayan regularizado obligaciones aduaneras, la mencionada solicitud deber\u00e1 tramitarse ante la Aduana interviniente.<\/p>\n\n\n\n<p>Una vez acaecido el vencimiento de la cuota, el Volante Electr\u00f3nico de Pago (VEP) deber\u00e1 generarse a trav\u00e9s de la opci\u00f3n \u201cRehabilitaci\u00f3n de cuota\u201d del sistema \u201cMis Facilidades\u201d. Se podr\u00e1 confeccionar un solo Volante Electr\u00f3nico de Pago (VEP) por d\u00eda, el que tendr\u00e1 validez hasta la hora VEINTICUATRO (24) del d\u00eda de su generaci\u00f3n, en los t\u00e9rminos de la Resoluci\u00f3n General N\u00b0 3.926.<\/p>\n\n\n\n<p>La obligaci\u00f3n de utilizar la aludida forma de pago tambi\u00e9n resultar\u00e1 aplicable cuando se trate de rehabilitaci\u00f3n de cuotas impagas y\/o solicitudes de cancelaci\u00f3n anticipada, cuyo importe total a pagar cumpla la condici\u00f3n citada en el primer p\u00e1rrafo de este art\u00edculo.<\/p>\n\n\n\n<p>Si como consecuencia de esta modalidad de pago se cancelara una misma cuota en m\u00e1s de una oportunidad, se la considerar\u00e1 abonada con el primer pago registrado y el excedente quedar\u00e1 a disposici\u00f3n del contribuyente para su posterior reafectaci\u00f3n a otras obligaciones impositivas o para su devoluci\u00f3n.<\/p>\n\n\n\n<p>El contribuyente y\/o responsable deber\u00e1 arbitrar los medios necesarios para que durante la vigencia del Volante Electr\u00f3nico de Pago (VEP) los fondos y las autorizaciones para su pago se encuentren disponibles y que dicho lapso coincida con los d\u00edas y horarios de prestaci\u00f3n del servicio de la respectiva entidad de pago.<\/p>\n","protected":false},"excerpt":{"rendered":"<p>En abril, el Gobierno hab\u00eda extendido la facilidad a contribuyentes de regularizar sus obligaciones en hasta tres cuotas y con un pago a cuenta del 25%. Mediante la resoluci\u00f3n general 5305\/2022 publicada este jueves en el Bolet\u00edn Oficial, la Administraci\u00f3n Federal de Ingresos P\u00fablicos (AFIP) prorrog\u00f3 hasta el 31 de enero el plazo fijado por [&hellip;]<\/p>\n","protected":false},"author":2,"featured_media":21415,"comment_status":"open","ping_status":"open","sticky":false,"template":"","format":"standard","meta":{"footnotes":""},"categories":[35],"tags":[],"class_list":["post-21414","post","type-post","status-publish","format-standard","has-post-thumbnail","hentry","category-informacion-general"],"yoast_head":"<!-- This site is optimized with the Yoast SEO plugin v27.5 - https:\/\/yoast.com\/product\/yoast-seo-wordpress\/ -->\n<title>Prorrogan el plazo para regularizar impuestos a las ganancias y bienes personales | CVI NOTICIAS<\/title>\n<meta name=\"robots\" content=\"index, follow, max-snippet:-1, max-image-preview:large, max-video-preview:-1\" \/>\n<link rel=\"canonical\" href=\"https:\/\/cvinoticias.com\/v3\/prorrogan-el-plazo-para-regularizar-impuestos-a-las-ganancias-y-bienes-personales\/\" \/>\n<meta property=\"og:locale\" content=\"es_ES\" \/>\n<meta property=\"og:type\" content=\"article\" \/>\n<meta property=\"og:title\" content=\"Prorrogan el plazo para regularizar impuestos a las ganancias y bienes personales | CVI NOTICIAS\" \/>\n<meta property=\"og:description\" content=\"En abril, el Gobierno hab\u00eda extendido la facilidad a contribuyentes de regularizar sus obligaciones en hasta tres cuotas y con un pago a cuenta del 25%. Mediante la resoluci\u00f3n general 5305\/2022 publicada este jueves en el Bolet\u00edn Oficial, la Administraci\u00f3n Federal de Ingresos P\u00fablicos (AFIP) prorrog\u00f3 hasta el 31 de enero el plazo fijado por [&hellip;]\" \/>\n<meta property=\"og:url\" content=\"https:\/\/cvinoticias.com\/v3\/prorrogan-el-plazo-para-regularizar-impuestos-a-las-ganancias-y-bienes-personales\/\" \/>\n<meta property=\"og:site_name\" content=\"CVI NOTICIAS\" \/>\n<meta property=\"article:publisher\" content=\"https:\/\/www.facebook.com\/cvinoticias\" \/>\n<meta property=\"article:published_time\" content=\"2022-12-27T12:04:17+00:00\" \/>\n<meta property=\"og:image\" content=\"https:\/\/cvinoticias.com\/wp-content\/uploads\/2022\/12\/0000121598.jpg\" \/>\n\t<meta property=\"og:image:width\" content=\"1500\" \/>\n\t<meta property=\"og:image:height\" content=\"870\" \/>\n\t<meta property=\"og:image:type\" content=\"image\/jpeg\" \/>\n<meta name=\"author\" content=\"f1000024\" \/>\n<meta name=\"twitter:card\" content=\"summary_large_image\" \/>\n<meta name=\"twitter:label1\" content=\"Escrito por\" \/>\n\t<meta name=\"twitter:data1\" content=\"f1000024\" \/>\n\t<meta name=\"twitter:label2\" content=\"Tiempo de lectura\" \/>\n\t<meta name=\"twitter:data2\" content=\"4 minutos\" \/>\n<script type=\"application\/ld+json\" class=\"yoast-schema-graph\">{\"@context\":\"https:\\\/\\\/schema.org\",\"@graph\":[{\"@type\":\"Article\",\"@id\":\"https:\\\/\\\/cvinoticias.com\\\/v3\\\/prorrogan-el-plazo-para-regularizar-impuestos-a-las-ganancias-y-bienes-personales\\\/#article\",\"isPartOf\":{\"@id\":\"https:\\\/\\\/cvinoticias.com\\\/v3\\\/prorrogan-el-plazo-para-regularizar-impuestos-a-las-ganancias-y-bienes-personales\\\/\"},\"author\":{\"name\":\"f1000024\",\"@id\":\"https:\\\/\\\/cvinoticias.com\\\/v3\\\/#\\\/schema\\\/person\\\/2db77e3c6bc03c538495d7b2b8be9b66\"},\"headline\":\"Prorrogan el plazo para regularizar impuestos a las ganancias y bienes personales\",\"datePublished\":\"2022-12-27T12:04:17+00:00\",\"mainEntityOfPage\":{\"@id\":\"https:\\\/\\\/cvinoticias.com\\\/v3\\\/prorrogan-el-plazo-para-regularizar-impuestos-a-las-ganancias-y-bienes-personales\\\/\"},\"wordCount\":909,\"commentCount\":0,\"publisher\":{\"@id\":\"https:\\\/\\\/cvinoticias.com\\\/v3\\\/#organization\"},\"image\":{\"@id\":\"https:\\\/\\\/cvinoticias.com\\\/v3\\\/prorrogan-el-plazo-para-regularizar-impuestos-a-las-ganancias-y-bienes-personales\\\/#primaryimage\"},\"thumbnailUrl\":\"https:\\\/\\\/cvinoticias.com\\\/wp-content\\\/uploads\\\/2022\\\/12\\\/0000121598.jpg\",\"articleSection\":[\"Informaci\u00f3n General\"],\"inLanguage\":\"es\",\"potentialAction\":[{\"@type\":\"CommentAction\",\"name\":\"Comment\",\"target\":[\"https:\\\/\\\/cvinoticias.com\\\/v3\\\/prorrogan-el-plazo-para-regularizar-impuestos-a-las-ganancias-y-bienes-personales\\\/#respond\"]}]},{\"@type\":\"WebPage\",\"@id\":\"https:\\\/\\\/cvinoticias.com\\\/v3\\\/prorrogan-el-plazo-para-regularizar-impuestos-a-las-ganancias-y-bienes-personales\\\/\",\"url\":\"https:\\\/\\\/cvinoticias.com\\\/v3\\\/prorrogan-el-plazo-para-regularizar-impuestos-a-las-ganancias-y-bienes-personales\\\/\",\"name\":\"Prorrogan el plazo para regularizar impuestos a las ganancias y bienes personales | CVI NOTICIAS\",\"isPartOf\":{\"@id\":\"https:\\\/\\\/cvinoticias.com\\\/v3\\\/#website\"},\"primaryImageOfPage\":{\"@id\":\"https:\\\/\\\/cvinoticias.com\\\/v3\\\/prorrogan-el-plazo-para-regularizar-impuestos-a-las-ganancias-y-bienes-personales\\\/#primaryimage\"},\"image\":{\"@id\":\"https:\\\/\\\/cvinoticias.com\\\/v3\\\/prorrogan-el-plazo-para-regularizar-impuestos-a-las-ganancias-y-bienes-personales\\\/#primaryimage\"},\"thumbnailUrl\":\"https:\\\/\\\/cvinoticias.com\\\/wp-content\\\/uploads\\\/2022\\\/12\\\/0000121598.jpg\",\"datePublished\":\"2022-12-27T12:04:17+00:00\",\"breadcrumb\":{\"@id\":\"https:\\\/\\\/cvinoticias.com\\\/v3\\\/prorrogan-el-plazo-para-regularizar-impuestos-a-las-ganancias-y-bienes-personales\\\/#breadcrumb\"},\"inLanguage\":\"es\",\"potentialAction\":[{\"@type\":\"ReadAction\",\"target\":[\"https:\\\/\\\/cvinoticias.com\\\/v3\\\/prorrogan-el-plazo-para-regularizar-impuestos-a-las-ganancias-y-bienes-personales\\\/\"]}]},{\"@type\":\"ImageObject\",\"inLanguage\":\"es\",\"@id\":\"https:\\\/\\\/cvinoticias.com\\\/v3\\\/prorrogan-el-plazo-para-regularizar-impuestos-a-las-ganancias-y-bienes-personales\\\/#primaryimage\",\"url\":\"https:\\\/\\\/cvinoticias.com\\\/wp-content\\\/uploads\\\/2022\\\/12\\\/0000121598.jpg\",\"contentUrl\":\"https:\\\/\\\/cvinoticias.com\\\/wp-content\\\/uploads\\\/2022\\\/12\\\/0000121598.jpg\",\"width\":1500,\"height\":870},{\"@type\":\"BreadcrumbList\",\"@id\":\"https:\\\/\\\/cvinoticias.com\\\/v3\\\/prorrogan-el-plazo-para-regularizar-impuestos-a-las-ganancias-y-bienes-personales\\\/#breadcrumb\",\"itemListElement\":[{\"@type\":\"ListItem\",\"position\":1,\"name\":\"Portada\",\"item\":\"https:\\\/\\\/cvinoticias.com\\\/v3\\\/\"},{\"@type\":\"ListItem\",\"position\":2,\"name\":\"Prorrogan el plazo para regularizar impuestos a las ganancias y bienes personales\"}]},{\"@type\":\"WebSite\",\"@id\":\"https:\\\/\\\/cvinoticias.com\\\/v3\\\/#website\",\"url\":\"https:\\\/\\\/cvinoticias.com\\\/v3\\\/\",\"name\":\"CVI NOTICIAS\",\"description\":\"\",\"publisher\":{\"@id\":\"https:\\\/\\\/cvinoticias.com\\\/v3\\\/#organization\"},\"alternateName\":\"CVI\",\"potentialAction\":[{\"@type\":\"SearchAction\",\"target\":{\"@type\":\"EntryPoint\",\"urlTemplate\":\"https:\\\/\\\/cvinoticias.com\\\/v3\\\/?s={search_term_string}\"},\"query-input\":{\"@type\":\"PropertyValueSpecification\",\"valueRequired\":true,\"valueName\":\"search_term_string\"}}],\"inLanguage\":\"es\"},{\"@type\":\"Organization\",\"@id\":\"https:\\\/\\\/cvinoticias.com\\\/v3\\\/#organization\",\"name\":\"CVI NOTICIAS\",\"url\":\"https:\\\/\\\/cvinoticias.com\\\/v3\\\/\",\"logo\":{\"@type\":\"ImageObject\",\"inLanguage\":\"es\",\"@id\":\"https:\\\/\\\/cvinoticias.com\\\/v3\\\/#\\\/schema\\\/logo\\\/image\\\/\",\"url\":\"https:\\\/\\\/cvinoticias.com\\\/wp-content\\\/uploads\\\/2023\\\/04\\\/cropped-cropped-cropped-cropped-cropped-3-1.png\",\"contentUrl\":\"https:\\\/\\\/cvinoticias.com\\\/wp-content\\\/uploads\\\/2023\\\/04\\\/cropped-cropped-cropped-cropped-cropped-3-1.png\",\"width\":95,\"height\":122,\"caption\":\"CVI NOTICIAS\"},\"image\":{\"@id\":\"https:\\\/\\\/cvinoticias.com\\\/v3\\\/#\\\/schema\\\/logo\\\/image\\\/\"},\"sameAs\":[\"https:\\\/\\\/www.facebook.com\\\/cvinoticias\",\"https:\\\/\\\/www.instagram.com\\\/cvinoticias\\\/\",\"https:\\\/\\\/www.youtube.com\\\/@CVINOTICIAS\"]},{\"@type\":\"Person\",\"@id\":\"https:\\\/\\\/cvinoticias.com\\\/v3\\\/#\\\/schema\\\/person\\\/2db77e3c6bc03c538495d7b2b8be9b66\",\"name\":\"f1000024\",\"image\":{\"@type\":\"ImageObject\",\"inLanguage\":\"es\",\"@id\":\"https:\\\/\\\/secure.gravatar.com\\\/avatar\\\/d4fe7459cfc51ff5129ce1a732bbef5928568b8092d412ef95611616376bbeed?s=96&d=mm&r=g\",\"url\":\"https:\\\/\\\/secure.gravatar.com\\\/avatar\\\/d4fe7459cfc51ff5129ce1a732bbef5928568b8092d412ef95611616376bbeed?s=96&d=mm&r=g\",\"contentUrl\":\"https:\\\/\\\/secure.gravatar.com\\\/avatar\\\/d4fe7459cfc51ff5129ce1a732bbef5928568b8092d412ef95611616376bbeed?s=96&d=mm&r=g\",\"caption\":\"f1000024\"},\"url\":\"https:\\\/\\\/cvinoticias.com\\\/v3\\\/author\\\/f1000024\\\/\"}]}<\/script>\n<!-- \/ Yoast SEO plugin. -->","yoast_head_json":{"title":"Prorrogan el plazo para regularizar impuestos a las ganancias y bienes personales | CVI NOTICIAS","robots":{"index":"index","follow":"follow","max-snippet":"max-snippet:-1","max-image-preview":"max-image-preview:large","max-video-preview":"max-video-preview:-1"},"canonical":"https:\/\/cvinoticias.com\/v3\/prorrogan-el-plazo-para-regularizar-impuestos-a-las-ganancias-y-bienes-personales\/","og_locale":"es_ES","og_type":"article","og_title":"Prorrogan el plazo para regularizar impuestos a las ganancias y bienes personales | CVI NOTICIAS","og_description":"En abril, el Gobierno hab\u00eda extendido la facilidad a contribuyentes de regularizar sus obligaciones en hasta tres cuotas y con un pago a cuenta del 25%. Mediante la resoluci\u00f3n general 5305\/2022 publicada este jueves en el Bolet\u00edn Oficial, la Administraci\u00f3n Federal de Ingresos P\u00fablicos (AFIP) prorrog\u00f3 hasta el 31 de enero el plazo fijado por [&hellip;]","og_url":"https:\/\/cvinoticias.com\/v3\/prorrogan-el-plazo-para-regularizar-impuestos-a-las-ganancias-y-bienes-personales\/","og_site_name":"CVI NOTICIAS","article_publisher":"https:\/\/www.facebook.com\/cvinoticias","article_published_time":"2022-12-27T12:04:17+00:00","og_image":[{"width":1500,"height":870,"url":"https:\/\/cvinoticias.com\/wp-content\/uploads\/2022\/12\/0000121598.jpg","type":"image\/jpeg"}],"author":"f1000024","twitter_card":"summary_large_image","twitter_misc":{"Escrito por":"f1000024","Tiempo de lectura":"4 minutos"},"schema":{"@context":"https:\/\/schema.org","@graph":[{"@type":"Article","@id":"https:\/\/cvinoticias.com\/v3\/prorrogan-el-plazo-para-regularizar-impuestos-a-las-ganancias-y-bienes-personales\/#article","isPartOf":{"@id":"https:\/\/cvinoticias.com\/v3\/prorrogan-el-plazo-para-regularizar-impuestos-a-las-ganancias-y-bienes-personales\/"},"author":{"name":"f1000024","@id":"https:\/\/cvinoticias.com\/v3\/#\/schema\/person\/2db77e3c6bc03c538495d7b2b8be9b66"},"headline":"Prorrogan el plazo para regularizar impuestos a las ganancias y bienes personales","datePublished":"2022-12-27T12:04:17+00:00","mainEntityOfPage":{"@id":"https:\/\/cvinoticias.com\/v3\/prorrogan-el-plazo-para-regularizar-impuestos-a-las-ganancias-y-bienes-personales\/"},"wordCount":909,"commentCount":0,"publisher":{"@id":"https:\/\/cvinoticias.com\/v3\/#organization"},"image":{"@id":"https:\/\/cvinoticias.com\/v3\/prorrogan-el-plazo-para-regularizar-impuestos-a-las-ganancias-y-bienes-personales\/#primaryimage"},"thumbnailUrl":"https:\/\/cvinoticias.com\/wp-content\/uploads\/2022\/12\/0000121598.jpg","articleSection":["Informaci\u00f3n General"],"inLanguage":"es","potentialAction":[{"@type":"CommentAction","name":"Comment","target":["https:\/\/cvinoticias.com\/v3\/prorrogan-el-plazo-para-regularizar-impuestos-a-las-ganancias-y-bienes-personales\/#respond"]}]},{"@type":"WebPage","@id":"https:\/\/cvinoticias.com\/v3\/prorrogan-el-plazo-para-regularizar-impuestos-a-las-ganancias-y-bienes-personales\/","url":"https:\/\/cvinoticias.com\/v3\/prorrogan-el-plazo-para-regularizar-impuestos-a-las-ganancias-y-bienes-personales\/","name":"Prorrogan el plazo para regularizar impuestos a las ganancias y bienes personales | CVI NOTICIAS","isPartOf":{"@id":"https:\/\/cvinoticias.com\/v3\/#website"},"primaryImageOfPage":{"@id":"https:\/\/cvinoticias.com\/v3\/prorrogan-el-plazo-para-regularizar-impuestos-a-las-ganancias-y-bienes-personales\/#primaryimage"},"image":{"@id":"https:\/\/cvinoticias.com\/v3\/prorrogan-el-plazo-para-regularizar-impuestos-a-las-ganancias-y-bienes-personales\/#primaryimage"},"thumbnailUrl":"https:\/\/cvinoticias.com\/wp-content\/uploads\/2022\/12\/0000121598.jpg","datePublished":"2022-12-27T12:04:17+00:00","breadcrumb":{"@id":"https:\/\/cvinoticias.com\/v3\/prorrogan-el-plazo-para-regularizar-impuestos-a-las-ganancias-y-bienes-personales\/#breadcrumb"},"inLanguage":"es","potentialAction":[{"@type":"ReadAction","target":["https:\/\/cvinoticias.com\/v3\/prorrogan-el-plazo-para-regularizar-impuestos-a-las-ganancias-y-bienes-personales\/"]}]},{"@type":"ImageObject","inLanguage":"es","@id":"https:\/\/cvinoticias.com\/v3\/prorrogan-el-plazo-para-regularizar-impuestos-a-las-ganancias-y-bienes-personales\/#primaryimage","url":"https:\/\/cvinoticias.com\/wp-content\/uploads\/2022\/12\/0000121598.jpg","contentUrl":"https:\/\/cvinoticias.com\/wp-content\/uploads\/2022\/12\/0000121598.jpg","width":1500,"height":870},{"@type":"BreadcrumbList","@id":"https:\/\/cvinoticias.com\/v3\/prorrogan-el-plazo-para-regularizar-impuestos-a-las-ganancias-y-bienes-personales\/#breadcrumb","itemListElement":[{"@type":"ListItem","position":1,"name":"Portada","item":"https:\/\/cvinoticias.com\/v3\/"},{"@type":"ListItem","position":2,"name":"Prorrogan el plazo para regularizar impuestos a las ganancias y bienes personales"}]},{"@type":"WebSite","@id":"https:\/\/cvinoticias.com\/v3\/#website","url":"https:\/\/cvinoticias.com\/v3\/","name":"CVI NOTICIAS","description":"","publisher":{"@id":"https:\/\/cvinoticias.com\/v3\/#organization"},"alternateName":"CVI","potentialAction":[{"@type":"SearchAction","target":{"@type":"EntryPoint","urlTemplate":"https:\/\/cvinoticias.com\/v3\/?s={search_term_string}"},"query-input":{"@type":"PropertyValueSpecification","valueRequired":true,"valueName":"search_term_string"}}],"inLanguage":"es"},{"@type":"Organization","@id":"https:\/\/cvinoticias.com\/v3\/#organization","name":"CVI NOTICIAS","url":"https:\/\/cvinoticias.com\/v3\/","logo":{"@type":"ImageObject","inLanguage":"es","@id":"https:\/\/cvinoticias.com\/v3\/#\/schema\/logo\/image\/","url":"https:\/\/cvinoticias.com\/wp-content\/uploads\/2023\/04\/cropped-cropped-cropped-cropped-cropped-3-1.png","contentUrl":"https:\/\/cvinoticias.com\/wp-content\/uploads\/2023\/04\/cropped-cropped-cropped-cropped-cropped-3-1.png","width":95,"height":122,"caption":"CVI NOTICIAS"},"image":{"@id":"https:\/\/cvinoticias.com\/v3\/#\/schema\/logo\/image\/"},"sameAs":["https:\/\/www.facebook.com\/cvinoticias","https:\/\/www.instagram.com\/cvinoticias\/","https:\/\/www.youtube.com\/@CVINOTICIAS"]},{"@type":"Person","@id":"https:\/\/cvinoticias.com\/v3\/#\/schema\/person\/2db77e3c6bc03c538495d7b2b8be9b66","name":"f1000024","image":{"@type":"ImageObject","inLanguage":"es","@id":"https:\/\/secure.gravatar.com\/avatar\/d4fe7459cfc51ff5129ce1a732bbef5928568b8092d412ef95611616376bbeed?s=96&d=mm&r=g","url":"https:\/\/secure.gravatar.com\/avatar\/d4fe7459cfc51ff5129ce1a732bbef5928568b8092d412ef95611616376bbeed?s=96&d=mm&r=g","contentUrl":"https:\/\/secure.gravatar.com\/avatar\/d4fe7459cfc51ff5129ce1a732bbef5928568b8092d412ef95611616376bbeed?s=96&d=mm&r=g","caption":"f1000024"},"url":"https:\/\/cvinoticias.com\/v3\/author\/f1000024\/"}]}},"_links":{"self":[{"href":"https:\/\/cvinoticias.com\/v3\/wp-json\/wp\/v2\/posts\/21414","targetHints":{"allow":["GET"]}}],"collection":[{"href":"https:\/\/cvinoticias.com\/v3\/wp-json\/wp\/v2\/posts"}],"about":[{"href":"https:\/\/cvinoticias.com\/v3\/wp-json\/wp\/v2\/types\/post"}],"author":[{"embeddable":true,"href":"https:\/\/cvinoticias.com\/v3\/wp-json\/wp\/v2\/users\/2"}],"replies":[{"embeddable":true,"href":"https:\/\/cvinoticias.com\/v3\/wp-json\/wp\/v2\/comments?post=21414"}],"version-history":[{"count":1,"href":"https:\/\/cvinoticias.com\/v3\/wp-json\/wp\/v2\/posts\/21414\/revisions"}],"predecessor-version":[{"id":21416,"href":"https:\/\/cvinoticias.com\/v3\/wp-json\/wp\/v2\/posts\/21414\/revisions\/21416"}],"wp:featuredmedia":[{"embeddable":true,"href":"https:\/\/cvinoticias.com\/v3\/wp-json\/wp\/v2\/media\/21415"}],"wp:attachment":[{"href":"https:\/\/cvinoticias.com\/v3\/wp-json\/wp\/v2\/media?parent=21414"}],"wp:term":[{"taxonomy":"category","embeddable":true,"href":"https:\/\/cvinoticias.com\/v3\/wp-json\/wp\/v2\/categories?post=21414"},{"taxonomy":"post_tag","embeddable":true,"href":"https:\/\/cvinoticias.com\/v3\/wp-json\/wp\/v2\/tags?post=21414"}],"curies":[{"name":"wp","href":"https:\/\/api.w.org\/{rel}","templated":true}]}}