{"id":21408,"date":"2022-12-26T20:55:38","date_gmt":"2022-12-26T20:55:38","guid":{"rendered":"https:\/\/cvinoticias.com\/v3\/?p=21408"},"modified":"2022-12-26T20:55:38","modified_gmt":"2022-12-26T20:55:38","slug":"la-fifa-nomino-a-emiliano-martinez-para-los-premios-the-best","status":"publish","type":"post","link":"https:\/\/cvinoticias.com\/v3\/la-fifa-nomino-a-emiliano-martinez-para-los-premios-the-best\/","title":{"rendered":"La FIFA nomin\u00f3 a Emiliano Mart\u00ednez para los premios \u201cThe Best\u201d."},"content":{"rendered":"\n<p><strong><em>Tras cumplir un papel determinante en la selecci\u00f3n argentina y ser una de las figuras indiscutidas del Mundial de Qatar 2022, la FIFA nomin\u00f3 a Emiliano Mart\u00ednez para los premios \u201cThe Best\u201d.<\/em><\/strong><\/p>\n\n\n\n<p>El excelente desempe\u00f1o que el Dibu demostr\u00f3 en los \u00faltimos a\u00f1os llev\u00f3 a que el arquero sea considerado uno de los mejores del mundo.<\/p>\n\n\n\n<p>\u00abLas excepcionales actuaciones de Emiliano Mart\u00ednez en la triunfal campa\u00f1a de Argentina en la Copa Mundial le permitieron recibir el codiciado premio Guante de Oro, y sin duda lo situar\u00e1n en la carrera por un mayor reconocimiento en los Premios The Best del F\u00fatbol de la FIFA\u00bb, escribieron desde la entidad este lunes en su sitio web.<\/p>\n\n\n\n<p>Los otros arqueros que compiten junto al argentino son: Alisson, arquero de la Selecci\u00f3n de Brasil y del Liverpool; Yassine Bounou, mejor conocido \u2018Bono\u2019, arquero de Marruecos y Sevilla; Thibaut Courtois, arquero de B\u00e9lgica y Real Madrid; Dominik Livakovic, arquero de Croacia; Mike Maignan, arquero de Milan; Manuel Neuer, arquero de la Selecci\u00f3n de Alemania y de Bayern Munich<\/p>\n","protected":false},"excerpt":{"rendered":"<p>Tras cumplir un papel determinante en la selecci\u00f3n argentina y ser una de las figuras indiscutidas del Mundial de Qatar 2022, la FIFA nomin\u00f3 a Emiliano Mart\u00ednez para los premios \u201cThe Best\u201d. El excelente desempe\u00f1o que el Dibu demostr\u00f3 en los \u00faltimos a\u00f1os llev\u00f3 a que el arquero sea considerado uno de los mejores del [&hellip;]<\/p>\n","protected":false},"author":2,"featured_media":21409,"comment_status":"open","ping_status":"open","sticky":false,"template":"","format":"standard","meta":{"footnotes":""},"categories":[24],"tags":[],"class_list":["post-21408","post","type-post","status-publish","format-standard","has-post-thumbnail","hentry","category-deportes"],"yoast_head":"<!-- This site is optimized with the Yoast SEO plugin v27.5 - https:\/\/yoast.com\/product\/yoast-seo-wordpress\/ -->\n<title>La FIFA nomin\u00f3 a Emiliano Mart\u00ednez para los premios \u201cThe Best\u201d. | CVI NOTICIAS<\/title>\n<meta name=\"robots\" content=\"index, follow, max-snippet:-1, max-image-preview:large, max-video-preview:-1\" \/>\n<link rel=\"canonical\" href=\"https:\/\/cvinoticias.com\/v3\/la-fifa-nomino-a-emiliano-martinez-para-los-premios-the-best\/\" \/>\n<meta property=\"og:locale\" content=\"es_ES\" \/>\n<meta property=\"og:type\" content=\"article\" \/>\n<meta property=\"og:title\" content=\"La FIFA nomin\u00f3 a Emiliano Mart\u00ednez para los premios \u201cThe Best\u201d. | CVI NOTICIAS\" \/>\n<meta property=\"og:description\" content=\"Tras cumplir un papel determinante en la selecci\u00f3n argentina y ser una de las figuras indiscutidas del Mundial de Qatar 2022, la FIFA nomin\u00f3 a Emiliano Mart\u00ednez para los premios \u201cThe Best\u201d. El excelente desempe\u00f1o que el Dibu demostr\u00f3 en los \u00faltimos a\u00f1os llev\u00f3 a que el arquero sea considerado uno de los mejores del [&hellip;]\" \/>\n<meta property=\"og:url\" content=\"https:\/\/cvinoticias.com\/v3\/la-fifa-nomino-a-emiliano-martinez-para-los-premios-the-best\/\" \/>\n<meta property=\"og:site_name\" content=\"CVI NOTICIAS\" \/>\n<meta property=\"article:publisher\" content=\"https:\/\/www.facebook.com\/cvinoticias\" \/>\n<meta property=\"article:published_time\" content=\"2022-12-26T20:55:38+00:00\" \/>\n<meta property=\"og:image\" content=\"https:\/\/cvinoticias.com\/wp-content\/uploads\/2022\/12\/FB_IMG_1672087941587.jpg\" \/>\n\t<meta property=\"og:image:width\" content=\"958\" \/>\n\t<meta property=\"og:image:height\" content=\"976\" \/>\n\t<meta property=\"og:image:type\" content=\"image\/jpeg\" \/>\n<meta name=\"author\" content=\"f1000024\" \/>\n<meta name=\"twitter:card\" content=\"summary_large_image\" \/>\n<meta name=\"twitter:label1\" content=\"Escrito por\" \/>\n\t<meta name=\"twitter:data1\" content=\"f1000024\" \/>\n\t<meta name=\"twitter:label2\" content=\"Tiempo de lectura\" \/>\n\t<meta name=\"twitter:data2\" content=\"1 minuto\" \/>\n<script type=\"application\/ld+json\" class=\"yoast-schema-graph\">{\"@context\":\"https:\\\/\\\/schema.org\",\"@graph\":[{\"@type\":\"Article\",\"@id\":\"https:\\\/\\\/cvinoticias.com\\\/v3\\\/la-fifa-nomino-a-emiliano-martinez-para-los-premios-the-best\\\/#article\",\"isPartOf\":{\"@id\":\"https:\\\/\\\/cvinoticias.com\\\/v3\\\/la-fifa-nomino-a-emiliano-martinez-para-los-premios-the-best\\\/\"},\"author\":{\"name\":\"f1000024\",\"@id\":\"https:\\\/\\\/cvinoticias.com\\\/v3\\\/#\\\/schema\\\/person\\\/2db77e3c6bc03c538495d7b2b8be9b66\"},\"headline\":\"La FIFA nomin\u00f3 a Emiliano Mart\u00ednez para los premios \u201cThe Best\u201d.\",\"datePublished\":\"2022-12-26T20:55:38+00:00\",\"mainEntityOfPage\":{\"@id\":\"https:\\\/\\\/cvinoticias.com\\\/v3\\\/la-fifa-nomino-a-emiliano-martinez-para-los-premios-the-best\\\/\"},\"wordCount\":194,\"commentCount\":0,\"publisher\":{\"@id\":\"https:\\\/\\\/cvinoticias.com\\\/v3\\\/#organization\"},\"image\":{\"@id\":\"https:\\\/\\\/cvinoticias.com\\\/v3\\\/la-fifa-nomino-a-emiliano-martinez-para-los-premios-the-best\\\/#primaryimage\"},\"thumbnailUrl\":\"https:\\\/\\\/cvinoticias.com\\\/wp-content\\\/uploads\\\/2022\\\/12\\\/FB_IMG_1672087941587.jpg\",\"articleSection\":[\"Deportes\"],\"inLanguage\":\"es\",\"potentialAction\":[{\"@type\":\"CommentAction\",\"name\":\"Comment\",\"target\":[\"https:\\\/\\\/cvinoticias.com\\\/v3\\\/la-fifa-nomino-a-emiliano-martinez-para-los-premios-the-best\\\/#respond\"]}]},{\"@type\":\"WebPage\",\"@id\":\"https:\\\/\\\/cvinoticias.com\\\/v3\\\/la-fifa-nomino-a-emiliano-martinez-para-los-premios-the-best\\\/\",\"url\":\"https:\\\/\\\/cvinoticias.com\\\/v3\\\/la-fifa-nomino-a-emiliano-martinez-para-los-premios-the-best\\\/\",\"name\":\"La FIFA nomin\u00f3 a Emiliano Mart\u00ednez para los premios \u201cThe Best\u201d. | CVI NOTICIAS\",\"isPartOf\":{\"@id\":\"https:\\\/\\\/cvinoticias.com\\\/v3\\\/#website\"},\"primaryImageOfPage\":{\"@id\":\"https:\\\/\\\/cvinoticias.com\\\/v3\\\/la-fifa-nomino-a-emiliano-martinez-para-los-premios-the-best\\\/#primaryimage\"},\"image\":{\"@id\":\"https:\\\/\\\/cvinoticias.com\\\/v3\\\/la-fifa-nomino-a-emiliano-martinez-para-los-premios-the-best\\\/#primaryimage\"},\"thumbnailUrl\":\"https:\\\/\\\/cvinoticias.com\\\/wp-content\\\/uploads\\\/2022\\\/12\\\/FB_IMG_1672087941587.jpg\",\"datePublished\":\"2022-12-26T20:55:38+00:00\",\"breadcrumb\":{\"@id\":\"https:\\\/\\\/cvinoticias.com\\\/v3\\\/la-fifa-nomino-a-emiliano-martinez-para-los-premios-the-best\\\/#breadcrumb\"},\"inLanguage\":\"es\",\"potentialAction\":[{\"@type\":\"ReadAction\",\"target\":[\"https:\\\/\\\/cvinoticias.com\\\/v3\\\/la-fifa-nomino-a-emiliano-martinez-para-los-premios-the-best\\\/\"]}]},{\"@type\":\"ImageObject\",\"inLanguage\":\"es\",\"@id\":\"https:\\\/\\\/cvinoticias.com\\\/v3\\\/la-fifa-nomino-a-emiliano-martinez-para-los-premios-the-best\\\/#primaryimage\",\"url\":\"https:\\\/\\\/cvinoticias.com\\\/wp-content\\\/uploads\\\/2022\\\/12\\\/FB_IMG_1672087941587.jpg\",\"contentUrl\":\"https:\\\/\\\/cvinoticias.com\\\/wp-content\\\/uploads\\\/2022\\\/12\\\/FB_IMG_1672087941587.jpg\",\"width\":958,\"height\":976},{\"@type\":\"BreadcrumbList\",\"@id\":\"https:\\\/\\\/cvinoticias.com\\\/v3\\\/la-fifa-nomino-a-emiliano-martinez-para-los-premios-the-best\\\/#breadcrumb\",\"itemListElement\":[{\"@type\":\"ListItem\",\"position\":1,\"name\":\"Portada\",\"item\":\"https:\\\/\\\/cvinoticias.com\\\/v3\\\/\"},{\"@type\":\"ListItem\",\"position\":2,\"name\":\"La FIFA nomin\u00f3 a Emiliano Mart\u00ednez para los premios \u201cThe Best\u201d.\"}]},{\"@type\":\"WebSite\",\"@id\":\"https:\\\/\\\/cvinoticias.com\\\/v3\\\/#website\",\"url\":\"https:\\\/\\\/cvinoticias.com\\\/v3\\\/\",\"name\":\"CVI NOTICIAS\",\"description\":\"\",\"publisher\":{\"@id\":\"https:\\\/\\\/cvinoticias.com\\\/v3\\\/#organization\"},\"alternateName\":\"CVI\",\"potentialAction\":[{\"@type\":\"SearchAction\",\"target\":{\"@type\":\"EntryPoint\",\"urlTemplate\":\"https:\\\/\\\/cvinoticias.com\\\/v3\\\/?s={search_term_string}\"},\"query-input\":{\"@type\":\"PropertyValueSpecification\",\"valueRequired\":true,\"valueName\":\"search_term_string\"}}],\"inLanguage\":\"es\"},{\"@type\":\"Organization\",\"@id\":\"https:\\\/\\\/cvinoticias.com\\\/v3\\\/#organization\",\"name\":\"CVI NOTICIAS\",\"url\":\"https:\\\/\\\/cvinoticias.com\\\/v3\\\/\",\"logo\":{\"@type\":\"ImageObject\",\"inLanguage\":\"es\",\"@id\":\"https:\\\/\\\/cvinoticias.com\\\/v3\\\/#\\\/schema\\\/logo\\\/image\\\/\",\"url\":\"https:\\\/\\\/cvinoticias.com\\\/wp-content\\\/uploads\\\/2023\\\/04\\\/cropped-cropped-cropped-cropped-cropped-3-1.png\",\"contentUrl\":\"https:\\\/\\\/cvinoticias.com\\\/wp-content\\\/uploads\\\/2023\\\/04\\\/cropped-cropped-cropped-cropped-cropped-3-1.png\",\"width\":95,\"height\":122,\"caption\":\"CVI NOTICIAS\"},\"image\":{\"@id\":\"https:\\\/\\\/cvinoticias.com\\\/v3\\\/#\\\/schema\\\/logo\\\/image\\\/\"},\"sameAs\":[\"https:\\\/\\\/www.facebook.com\\\/cvinoticias\",\"https:\\\/\\\/www.instagram.com\\\/cvinoticias\\\/\",\"https:\\\/\\\/www.youtube.com\\\/@CVINOTICIAS\"]},{\"@type\":\"Person\",\"@id\":\"https:\\\/\\\/cvinoticias.com\\\/v3\\\/#\\\/schema\\\/person\\\/2db77e3c6bc03c538495d7b2b8be9b66\",\"name\":\"f1000024\",\"image\":{\"@type\":\"ImageObject\",\"inLanguage\":\"es\",\"@id\":\"https:\\\/\\\/secure.gravatar.com\\\/avatar\\\/d4fe7459cfc51ff5129ce1a732bbef5928568b8092d412ef95611616376bbeed?s=96&d=mm&r=g\",\"url\":\"https:\\\/\\\/secure.gravatar.com\\\/avatar\\\/d4fe7459cfc51ff5129ce1a732bbef5928568b8092d412ef95611616376bbeed?s=96&d=mm&r=g\",\"contentUrl\":\"https:\\\/\\\/secure.gravatar.com\\\/avatar\\\/d4fe7459cfc51ff5129ce1a732bbef5928568b8092d412ef95611616376bbeed?s=96&d=mm&r=g\",\"caption\":\"f1000024\"},\"url\":\"https:\\\/\\\/cvinoticias.com\\\/v3\\\/author\\\/f1000024\\\/\"}]}<\/script>\n<!-- \/ Yoast SEO plugin. -->","yoast_head_json":{"title":"La FIFA nomin\u00f3 a Emiliano Mart\u00ednez para los premios \u201cThe Best\u201d. | CVI NOTICIAS","robots":{"index":"index","follow":"follow","max-snippet":"max-snippet:-1","max-image-preview":"max-image-preview:large","max-video-preview":"max-video-preview:-1"},"canonical":"https:\/\/cvinoticias.com\/v3\/la-fifa-nomino-a-emiliano-martinez-para-los-premios-the-best\/","og_locale":"es_ES","og_type":"article","og_title":"La FIFA nomin\u00f3 a Emiliano Mart\u00ednez para los premios \u201cThe Best\u201d. | CVI NOTICIAS","og_description":"Tras cumplir un papel determinante en la selecci\u00f3n argentina y ser una de las figuras indiscutidas del Mundial de Qatar 2022, la FIFA nomin\u00f3 a Emiliano Mart\u00ednez para los premios \u201cThe Best\u201d. El excelente desempe\u00f1o que el Dibu demostr\u00f3 en los \u00faltimos a\u00f1os llev\u00f3 a que el arquero sea considerado uno de los mejores del [&hellip;]","og_url":"https:\/\/cvinoticias.com\/v3\/la-fifa-nomino-a-emiliano-martinez-para-los-premios-the-best\/","og_site_name":"CVI NOTICIAS","article_publisher":"https:\/\/www.facebook.com\/cvinoticias","article_published_time":"2022-12-26T20:55:38+00:00","og_image":[{"width":958,"height":976,"url":"https:\/\/cvinoticias.com\/wp-content\/uploads\/2022\/12\/FB_IMG_1672087941587.jpg","type":"image\/jpeg"}],"author":"f1000024","twitter_card":"summary_large_image","twitter_misc":{"Escrito por":"f1000024","Tiempo de lectura":"1 minuto"},"schema":{"@context":"https:\/\/schema.org","@graph":[{"@type":"Article","@id":"https:\/\/cvinoticias.com\/v3\/la-fifa-nomino-a-emiliano-martinez-para-los-premios-the-best\/#article","isPartOf":{"@id":"https:\/\/cvinoticias.com\/v3\/la-fifa-nomino-a-emiliano-martinez-para-los-premios-the-best\/"},"author":{"name":"f1000024","@id":"https:\/\/cvinoticias.com\/v3\/#\/schema\/person\/2db77e3c6bc03c538495d7b2b8be9b66"},"headline":"La FIFA nomin\u00f3 a Emiliano Mart\u00ednez para los premios \u201cThe Best\u201d.","datePublished":"2022-12-26T20:55:38+00:00","mainEntityOfPage":{"@id":"https:\/\/cvinoticias.com\/v3\/la-fifa-nomino-a-emiliano-martinez-para-los-premios-the-best\/"},"wordCount":194,"commentCount":0,"publisher":{"@id":"https:\/\/cvinoticias.com\/v3\/#organization"},"image":{"@id":"https:\/\/cvinoticias.com\/v3\/la-fifa-nomino-a-emiliano-martinez-para-los-premios-the-best\/#primaryimage"},"thumbnailUrl":"https:\/\/cvinoticias.com\/wp-content\/uploads\/2022\/12\/FB_IMG_1672087941587.jpg","articleSection":["Deportes"],"inLanguage":"es","potentialAction":[{"@type":"CommentAction","name":"Comment","target":["https:\/\/cvinoticias.com\/v3\/la-fifa-nomino-a-emiliano-martinez-para-los-premios-the-best\/#respond"]}]},{"@type":"WebPage","@id":"https:\/\/cvinoticias.com\/v3\/la-fifa-nomino-a-emiliano-martinez-para-los-premios-the-best\/","url":"https:\/\/cvinoticias.com\/v3\/la-fifa-nomino-a-emiliano-martinez-para-los-premios-the-best\/","name":"La FIFA nomin\u00f3 a Emiliano Mart\u00ednez para los premios \u201cThe Best\u201d. | CVI NOTICIAS","isPartOf":{"@id":"https:\/\/cvinoticias.com\/v3\/#website"},"primaryImageOfPage":{"@id":"https:\/\/cvinoticias.com\/v3\/la-fifa-nomino-a-emiliano-martinez-para-los-premios-the-best\/#primaryimage"},"image":{"@id":"https:\/\/cvinoticias.com\/v3\/la-fifa-nomino-a-emiliano-martinez-para-los-premios-the-best\/#primaryimage"},"thumbnailUrl":"https:\/\/cvinoticias.com\/wp-content\/uploads\/2022\/12\/FB_IMG_1672087941587.jpg","datePublished":"2022-12-26T20:55:38+00:00","breadcrumb":{"@id":"https:\/\/cvinoticias.com\/v3\/la-fifa-nomino-a-emiliano-martinez-para-los-premios-the-best\/#breadcrumb"},"inLanguage":"es","potentialAction":[{"@type":"ReadAction","target":["https:\/\/cvinoticias.com\/v3\/la-fifa-nomino-a-emiliano-martinez-para-los-premios-the-best\/"]}]},{"@type":"ImageObject","inLanguage":"es","@id":"https:\/\/cvinoticias.com\/v3\/la-fifa-nomino-a-emiliano-martinez-para-los-premios-the-best\/#primaryimage","url":"https:\/\/cvinoticias.com\/wp-content\/uploads\/2022\/12\/FB_IMG_1672087941587.jpg","contentUrl":"https:\/\/cvinoticias.com\/wp-content\/uploads\/2022\/12\/FB_IMG_1672087941587.jpg","width":958,"height":976},{"@type":"BreadcrumbList","@id":"https:\/\/cvinoticias.com\/v3\/la-fifa-nomino-a-emiliano-martinez-para-los-premios-the-best\/#breadcrumb","itemListElement":[{"@type":"ListItem","position":1,"name":"Portada","item":"https:\/\/cvinoticias.com\/v3\/"},{"@type":"ListItem","position":2,"name":"La FIFA nomin\u00f3 a Emiliano Mart\u00ednez para los premios \u201cThe Best\u201d."}]},{"@type":"WebSite","@id":"https:\/\/cvinoticias.com\/v3\/#website","url":"https:\/\/cvinoticias.com\/v3\/","name":"CVI NOTICIAS","description":"","publisher":{"@id":"https:\/\/cvinoticias.com\/v3\/#organization"},"alternateName":"CVI","potentialAction":[{"@type":"SearchAction","target":{"@type":"EntryPoint","urlTemplate":"https:\/\/cvinoticias.com\/v3\/?s={search_term_string}"},"query-input":{"@type":"PropertyValueSpecification","valueRequired":true,"valueName":"search_term_string"}}],"inLanguage":"es"},{"@type":"Organization","@id":"https:\/\/cvinoticias.com\/v3\/#organization","name":"CVI NOTICIAS","url":"https:\/\/cvinoticias.com\/v3\/","logo":{"@type":"ImageObject","inLanguage":"es","@id":"https:\/\/cvinoticias.com\/v3\/#\/schema\/logo\/image\/","url":"https:\/\/cvinoticias.com\/wp-content\/uploads\/2023\/04\/cropped-cropped-cropped-cropped-cropped-3-1.png","contentUrl":"https:\/\/cvinoticias.com\/wp-content\/uploads\/2023\/04\/cropped-cropped-cropped-cropped-cropped-3-1.png","width":95,"height":122,"caption":"CVI NOTICIAS"},"image":{"@id":"https:\/\/cvinoticias.com\/v3\/#\/schema\/logo\/image\/"},"sameAs":["https:\/\/www.facebook.com\/cvinoticias","https:\/\/www.instagram.com\/cvinoticias\/","https:\/\/www.youtube.com\/@CVINOTICIAS"]},{"@type":"Person","@id":"https:\/\/cvinoticias.com\/v3\/#\/schema\/person\/2db77e3c6bc03c538495d7b2b8be9b66","name":"f1000024","image":{"@type":"ImageObject","inLanguage":"es","@id":"https:\/\/secure.gravatar.com\/avatar\/d4fe7459cfc51ff5129ce1a732bbef5928568b8092d412ef95611616376bbeed?s=96&d=mm&r=g","url":"https:\/\/secure.gravatar.com\/avatar\/d4fe7459cfc51ff5129ce1a732bbef5928568b8092d412ef95611616376bbeed?s=96&d=mm&r=g","contentUrl":"https:\/\/secure.gravatar.com\/avatar\/d4fe7459cfc51ff5129ce1a732bbef5928568b8092d412ef95611616376bbeed?s=96&d=mm&r=g","caption":"f1000024"},"url":"https:\/\/cvinoticias.com\/v3\/author\/f1000024\/"}]}},"_links":{"self":[{"href":"https:\/\/cvinoticias.com\/v3\/wp-json\/wp\/v2\/posts\/21408","targetHints":{"allow":["GET"]}}],"collection":[{"href":"https:\/\/cvinoticias.com\/v3\/wp-json\/wp\/v2\/posts"}],"about":[{"href":"https:\/\/cvinoticias.com\/v3\/wp-json\/wp\/v2\/types\/post"}],"author":[{"embeddable":true,"href":"https:\/\/cvinoticias.com\/v3\/wp-json\/wp\/v2\/users\/2"}],"replies":[{"embeddable":true,"href":"https:\/\/cvinoticias.com\/v3\/wp-json\/wp\/v2\/comments?post=21408"}],"version-history":[{"count":1,"href":"https:\/\/cvinoticias.com\/v3\/wp-json\/wp\/v2\/posts\/21408\/revisions"}],"predecessor-version":[{"id":21410,"href":"https:\/\/cvinoticias.com\/v3\/wp-json\/wp\/v2\/posts\/21408\/revisions\/21410"}],"wp:featuredmedia":[{"embeddable":true,"href":"https:\/\/cvinoticias.com\/v3\/wp-json\/wp\/v2\/media\/21409"}],"wp:attachment":[{"href":"https:\/\/cvinoticias.com\/v3\/wp-json\/wp\/v2\/media?parent=21408"}],"wp:term":[{"taxonomy":"category","embeddable":true,"href":"https:\/\/cvinoticias.com\/v3\/wp-json\/wp\/v2\/categories?post=21408"},{"taxonomy":"post_tag","embeddable":true,"href":"https:\/\/cvinoticias.com\/v3\/wp-json\/wp\/v2\/tags?post=21408"}],"curies":[{"name":"wp","href":"https:\/\/api.w.org\/{rel}","templated":true}]}}